{"id":12965,"date":"2021-09-22T10:00:34","date_gmt":"2021-09-22T08:00:34","guid":{"rendered":"https:\/\/www.welovecycling.com\/sk\/?p=12965"},"modified":"2021-10-20T09:08:31","modified_gmt":"2021-10-20T07:08:31","slug":"reportaz-skoda-mtb-maraton-rajecke-teplice-poriadne-bahenne-kupele","status":"publish","type":"post","link":"https:\/\/www.welovecycling.com\/sk\/2021\/09\/22\/reportaz-skoda-mtb-maraton-rajecke-teplice-poriadne-bahenne-kupele\/","title":{"rendered":"Report\u00e1\u017e: \u0160koda MTB marat\u00f3n Rajeck\u00e9 Teplice &#8211; poriadne bahenn\u00e9 k\u00fapele"},"content":{"rendered":"<p><strong>Ve\u013ek\u00e9 fin\u00e1le \u0160koda MTB marat\u00f3nu sa konalo tak ako minul\u00fd rok v Rajeck\u00fdch Tepliciach. A tak ako vlani aj tentokr\u00e1t pr\u0161alo. Kr\u00e1sne prostredie k\u00fape\u013en\u00e9ho mesta a jeho okolie u\u010darovalo usporiadate\u013eom, a preto sa rozhodli umiestni\u0165 fin\u00e1le op\u00e4tovne pr\u00e1ve sem. Po troch \u00faspe\u0161n\u00fdch kol\u00e1ch v Topo\u013e\u010diankach, Slovenskom raji a vo Svite sa konalo posledn\u00e9 tohtoro\u010dn\u00e9 kolo, ktor\u00e9 bolo rovnako zauj\u00edmav\u00e9 a vzru\u0161uj\u00face ako kol\u00e1 predch\u00e1dzaj\u00face.<\/strong><!--more--><\/p>\n<p>Ako som u\u017e spom\u00ednal, po\u010dasie bolo upr\u0161an\u00e9 a trate boli poriadne rozmo\u010den\u00e9. Po\u010das samotn\u00fdch pretekov na\u0161\u0165astie len ob\u010das jemne mrholilo ale v\u00fddatn\u00e9 preh\u00e1nky pred t\u00fdm sa postarali o &#8222;z\u00e1bavu&#8220; a to najm\u00e4 na l\u00fa\u010dnych pas\u00e1\u017each trate. Jazdci po skon\u010den\u00ed pretekov svoje bicykle ani nespoznali a to v\u00f4bec netreba spom\u00edna\u0165, \u017ee samotn\u00ed pretek\u00e1ri mali blato doslova a\u017e za u\u0161ami. Niektor\u00ed vtipne poznamenali, \u017ee v k\u00fape\u013enom meste to boli poriadne bahenn\u00e9 k\u00fapele.<\/p>\n<p>Av\u0161ak n\u00e1lada bola napriek n\u00e1ro\u010dn\u00fdm podmienkam v\u00fdborn\u00e1. Kr\u00e1sne prostredie Rajeckej doliny tomu len dopomohlo. V z\u00e1zem\u00ed na k\u00fapalisku u\u017e bol ka\u017ed\u00fd vysmiaty \ud83d\ude0a. Pestr\u00fd program zabavil v\u0161etk\u00fdch \u010dlenov rodiny a \u010dere\u0161ni\u010dkou na torte bola pr\u00edjemn\u00e1 \u017eiv\u00e1 hudba v podan\u00ed spev\u00e1\u010dky Michaely Martykanovej.<\/p>\n<div id='gallery-1' class='gallery galleryid-12965 gallery-columns-2 gallery-size-full'><figure class='gallery-item'>\n\t\t\t<div class='gallery-icon landscape'>\n\t\t\t\t<a href='https:\/\/d2p6e6u75xmxt8.cloudfront.net\/4\/2021\/09\/SBOT_RT_01.webp'><img loading=\"lazy\" decoding=\"async\" width=\"1200\" height=\"800\" src=\"https:\/\/d2p6e6u75xmxt8.cloudfront.net\/4\/2021\/09\/SBOT_RT_01.webp\" class=\"attachment-full size-full\" alt=\"\u0160koda MTB marat\u00f3n Rajeck\u00e9 Teplice - fotka pretek\u00e1rov na \u0161tarte\" srcset=\"https:\/\/d2p6e6u75xmxt8.cloudfront.net\/4\/2021\/09\/SBOT_RT_01.webp 1200w, https:\/\/d2p6e6u75xmxt8.cloudfront.net\/4\/2021\/09\/SBOT_RT_01-300x200.webp 300w, https:\/\/d2p6e6u75xmxt8.cloudfront.net\/4\/2021\/09\/SBOT_RT_01-1024x683.webp 1024w, https:\/\/d2p6e6u75xmxt8.cloudfront.net\/4\/2021\/09\/SBOT_RT_01-768x512.webp 768w, https:\/\/d2p6e6u75xmxt8.cloudfront.net\/4\/2021\/09\/SBOT_RT_01-272x182.webp 272w\" sizes=\"auto, (max-width: 1200px) 100vw, 1200px\" \/><\/a>\n\t\t\t<\/div><\/figure><figure class='gallery-item'>\n\t\t\t<div class='gallery-icon landscape'>\n\t\t\t\t<a href='https:\/\/d2p6e6u75xmxt8.cloudfront.net\/4\/2021\/09\/SBOT_RT_02.webp'><img loading=\"lazy\" decoding=\"async\" width=\"1200\" height=\"800\" src=\"https:\/\/d2p6e6u75xmxt8.cloudfront.net\/4\/2021\/09\/SBOT_RT_02.webp\" class=\"attachment-full size-full\" alt=\"\u0160koda MTB marat\u00f3n Rajeck\u00e9 Teplice - fotka pretek\u00e1rov na \u0161tarte\" srcset=\"https:\/\/d2p6e6u75xmxt8.cloudfront.net\/4\/2021\/09\/SBOT_RT_02.webp 1200w, https:\/\/d2p6e6u75xmxt8.cloudfront.net\/4\/2021\/09\/SBOT_RT_02-300x200.webp 300w, https:\/\/d2p6e6u75xmxt8.cloudfront.net\/4\/2021\/09\/SBOT_RT_02-1024x683.webp 1024w, https:\/\/d2p6e6u75xmxt8.cloudfront.net\/4\/2021\/09\/SBOT_RT_02-768x512.webp 768w, https:\/\/d2p6e6u75xmxt8.cloudfront.net\/4\/2021\/09\/SBOT_RT_02-272x182.webp 272w\" sizes=\"auto, (max-width: 1200px) 100vw, 1200px\" \/><\/a>\n\t\t\t<\/div><\/figure>\n\t\t<\/div>\n\n<h2><strong>Hobby tra\u0165 &#8211; 18,5 km<\/strong><\/h2>\n<p>Prv\u00e9 miesto z\u00edskal <strong>Matej \u0160vo\u0148ava<\/strong>, druh\u00e9 Du\u0161an Oravec a tretie Roman Va\u013eo. Vo svojej kateg\u00f3rii Kadeti 15-16 sa umiestnili v rovnakom porad\u00ed. V kateg\u00f3rii \u017eien z\u00edskala prv\u00e9 miesto <strong>Ter\u00e9zia Ciriakov\u00e1<\/strong>, a taktie\u017e skon\u010dila s prv\u00fdm miestom aj v kateg\u00f3rii Kadetky 15-16.<\/p>\n<p><a href=\"https:\/\/d2p6e6u75xmxt8.cloudfront.net\/4\/2021\/09\/SBOT_RT_03.jpg\"><img loading=\"lazy\" decoding=\"async\" class=\"alignnone wp-image-12975 size-full\" src=\"https:\/\/d2p6e6u75xmxt8.cloudfront.net\/4\/2021\/09\/SBOT_RT_03.jpg\" alt=\"Pretek\u00e1r v akcii\" width=\"1200\" height=\"800\" \/><\/a><\/p>\n<h2><strong>Polmarat\u00f3nska tra\u0165 &#8211; 50 km<\/strong><\/h2>\n<p>Prv\u00e9 miesto v absol\u00fatnom porad\u00ed \u0160koda MTB Rajeck\u00e9 Teplice z\u00edskal <strong>Radovan B\u00edro\u0161<\/strong>. Druh\u00e9 miesto Michal Straka a tretie miesto Martin Belko. V\u0161etci traja sa v rovnakom porad\u00ed umiestnili aj vo svojej kateg\u00f3rii Mu\u017ei 19\u201339. V kateg\u00f3rii \u017eien z\u00edskala prv\u00e9 miesto <strong>Krist\u00edna Tich\u00e1<\/strong>, ktor\u00e1 prv\u00fa poz\u00edciu obh\u00e1jila aj vo svojej kateg\u00f3rii Juniorky 17\u201318.<\/p>\n<p><a href=\"https:\/\/d2p6e6u75xmxt8.cloudfront.net\/4\/2021\/09\/SBOT_RT_04.jpg\"><img loading=\"lazy\" decoding=\"async\" class=\"alignnone wp-image-12976 size-full\" src=\"https:\/\/d2p6e6u75xmxt8.cloudfront.net\/4\/2021\/09\/SBOT_RT_04.jpg\" alt=\"Pretek\u00e1ri v akcii\" width=\"1200\" height=\"800\" \/><\/a><\/p>\n<h2><strong>Marat\u00f3nska tra\u0165 na 80 km<\/strong><\/h2>\n<p>V absol\u00fatnom porad\u00ed \u0160koda MTB Rajeck\u00e9 Teplice vyhral <strong>Karel Hartl<\/strong>, ktor\u00fd z\u00edskal z\u00e1rove\u0148 aj prvenstvo vo svojej kateg\u00f3rii Mu\u017ei Masters 40\u201349. Druh\u00e9 miesto z\u00edskal Patrik Podol\u00e1k, ktor\u00fd takisto z\u00edskal prv\u00e9 miesto v kateg\u00f3rii Mu\u017ei 19\u201339. Tretie miesto z\u00edskal Andrej Kubi\u0161, ktor\u00fd sa vo svojej kateg\u00f3rii Mu\u017ei 19\u201339 umiestnil na druhom mieste. V kateg\u00f3rii \u017eien z\u00edskala prv\u00e9 miesto <strong>Janka Keseg-\u0160tevkov\u00e1<\/strong>, ktor\u00e1 z\u00edskala prvenstvo aj v kateg\u00f3rii \u017deny 19 rokov a viac.<\/p>\n<div id='gallery-2' class='gallery galleryid-12965 gallery-columns-2 gallery-size-full'><figure class='gallery-item'>\n\t\t\t<div class='gallery-icon landscape'>\n\t\t\t\t<a href='https:\/\/d2p6e6u75xmxt8.cloudfront.net\/4\/2021\/09\/SBOT_RT_06.webp'><img loading=\"lazy\" decoding=\"async\" width=\"1200\" height=\"800\" src=\"https:\/\/d2p6e6u75xmxt8.cloudfront.net\/4\/2021\/09\/SBOT_RT_06.webp\" class=\"attachment-full size-full\" alt=\"\u0160koda MTB marat\u00f3n Rajeck\u00e9 Teplice - P\u00f3dium\" srcset=\"https:\/\/d2p6e6u75xmxt8.cloudfront.net\/4\/2021\/09\/SBOT_RT_06.webp 1200w, https:\/\/d2p6e6u75xmxt8.cloudfront.net\/4\/2021\/09\/SBOT_RT_06-300x200.webp 300w, https:\/\/d2p6e6u75xmxt8.cloudfront.net\/4\/2021\/09\/SBOT_RT_06-1024x683.webp 1024w, https:\/\/d2p6e6u75xmxt8.cloudfront.net\/4\/2021\/09\/SBOT_RT_06-768x512.webp 768w, https:\/\/d2p6e6u75xmxt8.cloudfront.net\/4\/2021\/09\/SBOT_RT_06-272x182.webp 272w\" sizes=\"auto, (max-width: 1200px) 100vw, 1200px\" \/><\/a>\n\t\t\t<\/div><\/figure><figure class='gallery-item'>\n\t\t\t<div class='gallery-icon landscape'>\n\t\t\t\t<a href='https:\/\/d2p6e6u75xmxt8.cloudfront.net\/4\/2021\/09\/SBOT_RT_07.webp'><img loading=\"lazy\" decoding=\"async\" width=\"1200\" height=\"800\" src=\"https:\/\/d2p6e6u75xmxt8.cloudfront.net\/4\/2021\/09\/SBOT_RT_07.webp\" class=\"attachment-full size-full\" alt=\"\u0160koda MTB marat\u00f3n Rajeck\u00e9 Teplice - P\u00f3dium\" srcset=\"https:\/\/d2p6e6u75xmxt8.cloudfront.net\/4\/2021\/09\/SBOT_RT_07.webp 1200w, https:\/\/d2p6e6u75xmxt8.cloudfront.net\/4\/2021\/09\/SBOT_RT_07-300x200.webp 300w, https:\/\/d2p6e6u75xmxt8.cloudfront.net\/4\/2021\/09\/SBOT_RT_07-1024x683.webp 1024w, https:\/\/d2p6e6u75xmxt8.cloudfront.net\/4\/2021\/09\/SBOT_RT_07-768x512.webp 768w, https:\/\/d2p6e6u75xmxt8.cloudfront.net\/4\/2021\/09\/SBOT_RT_07-272x182.webp 272w\" sizes=\"auto, (max-width: 1200px) 100vw, 1200px\" \/><\/a>\n\t\t\t<\/div><\/figure>\n\t\t<\/div>\n\n<p>To, \u017ee si \u0160koda medzi svoje podujatia vybrala pr\u00e1ve cyklistiku m\u00e1 jednoduch\u00e9 vysvetlenie. <strong>Zakladatelia zna\u010dky V\u00e1clav Laurin a V\u00e1clav Klement predsa za\u010d\u00ednali ako v\u00fdrobcovia bicyklov.<\/strong> A tak zna\u010dka pokra\u010duje v tejto trad\u00edcii t\u00fdm, \u017ee podporuje cyklistick\u00e9 preteky a to rovnako tie najv\u00e4\u010d\u0161ie svetov\u00e9, ak\u00fdmi s\u00fa Tour de France \u010di Vuelta, ale aj tie celoslovensk\u00e9 ako Okolo Slovenska, L\u00b4Etape by Tour de France Slovakia, \u010di na\u0161e ob\u013e\u00faben\u00e9 \u0160koda BIKE OPEN TOUR. A my sa u\u017e teraz m\u00f4\u017eeme te\u0161i\u0165, \u010do prinesie bud\u00facoro\u010dn\u00e1 cyklistick\u00e1 sez\u00f3na.<\/p>\n<p>Fotogal\u00e9riu z tohto skvel\u00e9ho d\u0148a n\u00e1jdete na <a href=\"https:\/\/www.welovecycling.com\/sk\/?p=12970&amp;preview=true\" target=\"_blank\" rel=\"noopener\">tomto odkaze<\/a>.<\/p>\n","protected":false},"excerpt":{"rendered":"<p>Ve\u013ek\u00e9 fin\u00e1le \u0160koda MTB marat\u00f3nu sa konalo tak ako minul\u00fd rok v Rajeck\u00fdch Tepliciach. A tak ako vlani aj tentokr\u00e1t [&hellip;]<\/p>\n","protected":false},"author":81,"featured_media":12972,"comment_status":"open","ping_status":"open","sticky":false,"template":"","format":"standard","meta":{"footnotes":""},"categories":[38,33],"tags":[951,178,179,39,1311,1009,35,1259,860,523],"global-categories":[1074],"class_list":["post-12965","post","type-post","status-publish","format-standard","has-post-thumbnail","hentry","category-reportaz","category-sbot","tag-blato","tag-maraton","tag-preteky","tag-reportaz","tag-sezona-2021","tag-skoda-auto","tag-sbot","tag-skoda-enyaq-iv","tag-skoda-mtb-maraton-rajecke-teplice","tag-slovensko","global-categories-cycling"],"yoast_head":"<!-- This site is optimized with the Yoast SEO Premium plugin v25.3 (Yoast SEO v25.9) - https:\/\/yoast.com\/wordpress\/plugins\/seo\/ -->\n<title>Report\u00e1\u017e: \u0160koda MTB marat\u00f3n Rajeck\u00e9 Teplice - We Love Cycling<\/title>\n<meta name=\"description\" content=\"Ve\u013ek\u00e9 fin\u00e1le \u0160koda MTB marat\u00f3n sa konalo tak ako minul\u00fd rok v Rajeck\u00fdch Tepliciach. A tak ako minul\u00fd rok aj tentokr\u00e1t pr\u0161alo.\" \/>\n<meta name=\"robots\" content=\"index, follow, max-snippet:-1, max-image-preview:large, max-video-preview:-1\" \/>\n<link rel=\"canonical\" href=\"https:\/\/www.welovecycling.com\/sk\/2021\/09\/22\/reportaz-skoda-mtb-maraton-rajecke-teplice-poriadne-bahenne-kupele\/\" \/>\n<meta property=\"og:locale\" content=\"sk_SK\" \/>\n<meta property=\"og:type\" content=\"article\" \/>\n<meta property=\"og:title\" content=\"Report\u00e1\u017e: \u0160koda MTB marat\u00f3n Rajeck\u00e9 Teplice - poriadne bahenn\u00e9 k\u00fapele\" \/>\n<meta property=\"og:description\" content=\"Ve\u013ek\u00e9 fin\u00e1le \u0160koda MTB marat\u00f3n sa konalo tak ako minul\u00fd rok v Rajeck\u00fdch Tepliciach. A tak ako minul\u00fd rok aj tentokr\u00e1t pr\u0161alo.\" \/>\n<meta property=\"og:url\" content=\"https:\/\/www.welovecycling.com\/sk\/2021\/09\/22\/reportaz-skoda-mtb-maraton-rajecke-teplice-poriadne-bahenne-kupele\/\" \/>\n<meta property=\"og:site_name\" content=\"\u0160koda We Love Cycling Slovensko\" \/>\n<meta property=\"article:published_time\" content=\"2021-09-22T08:00:34+00:00\" \/>\n<meta property=\"article:modified_time\" content=\"2021-10-20T07:08:31+00:00\" \/>\n<meta property=\"og:image\" content=\"https:\/\/d2p6e6u75xmxt8.cloudfront.net\/4\/2021\/09\/SBOT_RT_00a.webp\" \/>\n\t<meta property=\"og:image:width\" content=\"1380\" \/>\n\t<meta property=\"og:image:height\" content=\"600\" \/>\n\t<meta property=\"og:image:type\" content=\"image\/webp\" \/>\n<meta name=\"twitter:card\" content=\"summary_large_image\" \/>\n<meta name=\"twitter:label1\" content=\"Written by\" \/>\n\t<meta name=\"twitter:data1\" content=\"WeLoveCycling\" \/>\n\t<meta name=\"twitter:label2\" content=\"Est. reading time\" \/>\n\t<meta name=\"twitter:data2\" content=\"3\" \/>\n<script type=\"application\/ld+json\" class=\"yoast-schema-graph\">{\"@context\":\"https:\/\/schema.org\",\"@graph\":[{\"@type\":\"WebPage\",\"@id\":\"https:\/\/www.welovecycling.com\/sk\/2021\/09\/22\/reportaz-skoda-mtb-maraton-rajecke-teplice-poriadne-bahenne-kupele\/\",\"url\":\"https:\/\/www.welovecycling.com\/sk\/2021\/09\/22\/reportaz-skoda-mtb-maraton-rajecke-teplice-poriadne-bahenne-kupele\/\",\"name\":\"Report\u00e1\u017e: \u0160koda MTB marat\u00f3n Rajeck\u00e9 Teplice - We Love Cycling\",\"isPartOf\":{\"@id\":\"https:\/\/www.welovecycling.com\/sk\/#website\"},\"primaryImageOfPage\":{\"@id\":\"https:\/\/www.welovecycling.com\/sk\/2021\/09\/22\/reportaz-skoda-mtb-maraton-rajecke-teplice-poriadne-bahenne-kupele\/#primaryimage\"},\"image\":{\"@id\":\"https:\/\/www.welovecycling.com\/sk\/2021\/09\/22\/reportaz-skoda-mtb-maraton-rajecke-teplice-poriadne-bahenne-kupele\/#primaryimage\"},\"thumbnailUrl\":\"https:\/\/d2p6e6u75xmxt8.cloudfront.net\/4\/2021\/09\/SBOT_RT_00a.webp\",\"datePublished\":\"2021-09-22T08:00:34+00:00\",\"dateModified\":\"2021-10-20T07:08:31+00:00\",\"author\":{\"@id\":\"\"},\"description\":\"Ve\u013ek\u00e9 fin\u00e1le \u0160koda MTB marat\u00f3n sa konalo tak ako minul\u00fd rok v Rajeck\u00fdch Tepliciach. A tak ako minul\u00fd rok aj tentokr\u00e1t pr\u0161alo.\",\"breadcrumb\":{\"@id\":\"https:\/\/www.welovecycling.com\/sk\/2021\/09\/22\/reportaz-skoda-mtb-maraton-rajecke-teplice-poriadne-bahenne-kupele\/#breadcrumb\"},\"inLanguage\":\"sk-SK\",\"potentialAction\":[{\"@type\":\"ReadAction\",\"target\":[\"https:\/\/www.welovecycling.com\/sk\/2021\/09\/22\/reportaz-skoda-mtb-maraton-rajecke-teplice-poriadne-bahenne-kupele\/\"]}]},{\"@type\":\"ImageObject\",\"inLanguage\":\"sk-SK\",\"@id\":\"https:\/\/www.welovecycling.com\/sk\/2021\/09\/22\/reportaz-skoda-mtb-maraton-rajecke-teplice-poriadne-bahenne-kupele\/#primaryimage\",\"url\":\"https:\/\/d2p6e6u75xmxt8.cloudfront.net\/4\/2021\/09\/SBOT_RT_00a.webp\",\"contentUrl\":\"https:\/\/d2p6e6u75xmxt8.cloudfront.net\/4\/2021\/09\/SBOT_RT_00a.webp\",\"width\":1380,\"height\":600},{\"@type\":\"BreadcrumbList\",\"@id\":\"https:\/\/www.welovecycling.com\/sk\/2021\/09\/22\/reportaz-skoda-mtb-maraton-rajecke-teplice-poriadne-bahenne-kupele\/#breadcrumb\",\"itemListElement\":[{\"@type\":\"ListItem\",\"position\":1,\"name\":\"Home\",\"item\":\"https:\/\/www.welovecycling.com\/sk\/\"},{\"@type\":\"ListItem\",\"position\":2,\"name\":\"Report\u00e1\u017e: \u0160koda MTB marat\u00f3n Rajeck\u00e9 Teplice &#8211; poriadne bahenn\u00e9 k\u00fapele\"}]},{\"@type\":\"WebSite\",\"@id\":\"https:\/\/www.welovecycling.com\/sk\/#website\",\"url\":\"https:\/\/www.welovecycling.com\/sk\/\",\"name\":\"\u0160koda We Love Cycling Slovensko\",\"description\":\"\u0160koda We Love Cycling Slovensko je v\u00e1\u0161 ka\u017edodenn\u00fd zdroj noviniek a in\u0161pir\u00e1cie z sveta cyklistiky\",\"potentialAction\":[{\"@type\":\"SearchAction\",\"target\":{\"@type\":\"EntryPoint\",\"urlTemplate\":\"https:\/\/www.welovecycling.com\/sk\/?s={search_term_string}\"},\"query-input\":{\"@type\":\"PropertyValueSpecification\",\"valueRequired\":true,\"valueName\":\"search_term_string\"}}],\"inLanguage\":\"sk-SK\"},{\"@type\":\"Person\",\"@id\":\"\",\"url\":\"https:\/\/www.welovecycling.com\/sk\/author\/\"}]}<\/script>\n<!-- \/ Yoast SEO Premium plugin. -->","yoast_head_json":{"title":"Report\u00e1\u017e: \u0160koda MTB marat\u00f3n Rajeck\u00e9 Teplice - We Love Cycling","description":"Ve\u013ek\u00e9 fin\u00e1le \u0160koda MTB marat\u00f3n sa konalo tak ako minul\u00fd rok v Rajeck\u00fdch Tepliciach. A tak ako minul\u00fd rok aj tentokr\u00e1t pr\u0161alo.","robots":{"index":"index","follow":"follow","max-snippet":"max-snippet:-1","max-image-preview":"max-image-preview:large","max-video-preview":"max-video-preview:-1"},"canonical":"https:\/\/www.welovecycling.com\/sk\/2021\/09\/22\/reportaz-skoda-mtb-maraton-rajecke-teplice-poriadne-bahenne-kupele\/","og_locale":"sk_SK","og_type":"article","og_title":"Report\u00e1\u017e: \u0160koda MTB marat\u00f3n Rajeck\u00e9 Teplice - poriadne bahenn\u00e9 k\u00fapele","og_description":"Ve\u013ek\u00e9 fin\u00e1le \u0160koda MTB marat\u00f3n sa konalo tak ako minul\u00fd rok v Rajeck\u00fdch Tepliciach. A tak ako minul\u00fd rok aj tentokr\u00e1t pr\u0161alo.","og_url":"https:\/\/www.welovecycling.com\/sk\/2021\/09\/22\/reportaz-skoda-mtb-maraton-rajecke-teplice-poriadne-bahenne-kupele\/","og_site_name":"\u0160koda We Love Cycling Slovensko","article_published_time":"2021-09-22T08:00:34+00:00","article_modified_time":"2021-10-20T07:08:31+00:00","og_image":[{"width":1380,"height":600,"url":"https:\/\/d2p6e6u75xmxt8.cloudfront.net\/4\/2021\/09\/SBOT_RT_00a.webp","type":"image\/webp"}],"twitter_card":"summary_large_image","twitter_misc":{"Written by":"WeLoveCycling","Est. reading time":"3"},"schema":{"@context":"https:\/\/schema.org","@graph":[{"@type":"WebPage","@id":"https:\/\/www.welovecycling.com\/sk\/2021\/09\/22\/reportaz-skoda-mtb-maraton-rajecke-teplice-poriadne-bahenne-kupele\/","url":"https:\/\/www.welovecycling.com\/sk\/2021\/09\/22\/reportaz-skoda-mtb-maraton-rajecke-teplice-poriadne-bahenne-kupele\/","name":"Report\u00e1\u017e: \u0160koda MTB marat\u00f3n Rajeck\u00e9 Teplice - We Love Cycling","isPartOf":{"@id":"https:\/\/www.welovecycling.com\/sk\/#website"},"primaryImageOfPage":{"@id":"https:\/\/www.welovecycling.com\/sk\/2021\/09\/22\/reportaz-skoda-mtb-maraton-rajecke-teplice-poriadne-bahenne-kupele\/#primaryimage"},"image":{"@id":"https:\/\/www.welovecycling.com\/sk\/2021\/09\/22\/reportaz-skoda-mtb-maraton-rajecke-teplice-poriadne-bahenne-kupele\/#primaryimage"},"thumbnailUrl":"https:\/\/d2p6e6u75xmxt8.cloudfront.net\/4\/2021\/09\/SBOT_RT_00a.webp","datePublished":"2021-09-22T08:00:34+00:00","dateModified":"2021-10-20T07:08:31+00:00","author":{"@id":""},"description":"Ve\u013ek\u00e9 fin\u00e1le \u0160koda MTB marat\u00f3n sa konalo tak ako minul\u00fd rok v Rajeck\u00fdch Tepliciach. A tak ako minul\u00fd rok aj tentokr\u00e1t pr\u0161alo.","breadcrumb":{"@id":"https:\/\/www.welovecycling.com\/sk\/2021\/09\/22\/reportaz-skoda-mtb-maraton-rajecke-teplice-poriadne-bahenne-kupele\/#breadcrumb"},"inLanguage":"sk-SK","potentialAction":[{"@type":"ReadAction","target":["https:\/\/www.welovecycling.com\/sk\/2021\/09\/22\/reportaz-skoda-mtb-maraton-rajecke-teplice-poriadne-bahenne-kupele\/"]}]},{"@type":"ImageObject","inLanguage":"sk-SK","@id":"https:\/\/www.welovecycling.com\/sk\/2021\/09\/22\/reportaz-skoda-mtb-maraton-rajecke-teplice-poriadne-bahenne-kupele\/#primaryimage","url":"https:\/\/d2p6e6u75xmxt8.cloudfront.net\/4\/2021\/09\/SBOT_RT_00a.webp","contentUrl":"https:\/\/d2p6e6u75xmxt8.cloudfront.net\/4\/2021\/09\/SBOT_RT_00a.webp","width":1380,"height":600},{"@type":"BreadcrumbList","@id":"https:\/\/www.welovecycling.com\/sk\/2021\/09\/22\/reportaz-skoda-mtb-maraton-rajecke-teplice-poriadne-bahenne-kupele\/#breadcrumb","itemListElement":[{"@type":"ListItem","position":1,"name":"Home","item":"https:\/\/www.welovecycling.com\/sk\/"},{"@type":"ListItem","position":2,"name":"Report\u00e1\u017e: \u0160koda MTB marat\u00f3n Rajeck\u00e9 Teplice &#8211; poriadne bahenn\u00e9 k\u00fapele"}]},{"@type":"WebSite","@id":"https:\/\/www.welovecycling.com\/sk\/#website","url":"https:\/\/www.welovecycling.com\/sk\/","name":"\u0160koda We Love Cycling Slovensko","description":"\u0160koda We Love Cycling Slovensko je v\u00e1\u0161 ka\u017edodenn\u00fd zdroj noviniek a in\u0161pir\u00e1cie z sveta cyklistiky","potentialAction":[{"@type":"SearchAction","target":{"@type":"EntryPoint","urlTemplate":"https:\/\/www.welovecycling.com\/sk\/?s={search_term_string}"},"query-input":{"@type":"PropertyValueSpecification","valueRequired":true,"valueName":"search_term_string"}}],"inLanguage":"sk-SK"},{"@type":"Person","@id":"","url":"https:\/\/www.welovecycling.com\/sk\/author\/"}]}},"_links":{"self":[{"href":"https:\/\/www.welovecycling.com\/sk\/wp-json\/wp\/v2\/posts\/12965","targetHints":{"allow":["GET"]}}],"collection":[{"href":"https:\/\/www.welovecycling.com\/sk\/wp-json\/wp\/v2\/posts"}],"about":[{"href":"https:\/\/www.welovecycling.com\/sk\/wp-json\/wp\/v2\/types\/post"}],"author":[{"embeddable":true,"href":"https:\/\/www.welovecycling.com\/sk\/wp-json\/wp\/v2\/users\/81"}],"replies":[{"embeddable":true,"href":"https:\/\/www.welovecycling.com\/sk\/wp-json\/wp\/v2\/comments?post=12965"}],"version-history":[{"count":2,"href":"https:\/\/www.welovecycling.com\/sk\/wp-json\/wp\/v2\/posts\/12965\/revisions"}],"predecessor-version":[{"id":13222,"href":"https:\/\/www.welovecycling.com\/sk\/wp-json\/wp\/v2\/posts\/12965\/revisions\/13222"}],"wp:featuredmedia":[{"embeddable":true,"href":"https:\/\/www.welovecycling.com\/sk\/wp-json\/wp\/v2\/media\/12972"}],"wp:attachment":[{"href":"https:\/\/www.welovecycling.com\/sk\/wp-json\/wp\/v2\/media?parent=12965"}],"wp:term":[{"taxonomy":"category","embeddable":true,"href":"https:\/\/www.welovecycling.com\/sk\/wp-json\/wp\/v2\/categories?post=12965"},{"taxonomy":"post_tag","embeddable":true,"href":"https:\/\/www.welovecycling.com\/sk\/wp-json\/wp\/v2\/tags?post=12965"},{"taxonomy":"global-categories","embeddable":true,"href":"https:\/\/www.welovecycling.com\/sk\/wp-json\/wp\/v2\/global-categories?post=12965"}],"curies":[{"name":"wp","href":"https:\/\/api.w.org\/{rel}","templated":true}]}}