{"id":1296,"date":"2017-06-30T20:15:23","date_gmt":"2017-06-30T18:15:23","guid":{"rendered":"https:\/\/www.welovecycling.com\/sk\/?p=1296"},"modified":"2017-12-18T13:11:28","modified_gmt":"2017-12-18T12:11:28","slug":"jiri-jezek-pribeh-nezlomneho-ducha","status":"publish","type":"post","link":"https:\/\/www.welovecycling.com\/sk\/2017\/06\/30\/jiri-jezek-pribeh-nezlomneho-ducha\/","title":{"rendered":"Ji\u0159\u00ed Je\u017eek &#8211; pr\u00edbeh nezlomn\u00e9ho ducha"},"content":{"rendered":"<p><strong>Existuje profesion\u00e1l, ktor\u00fd sa vypracoval s\u00e1m, opl\u00fdva v\u00e1\u0161\u0148ou k cyklistike a nikdy sa nevzd\u00e1va. Ka\u017edoro\u010dne najazd\u00ed na bicykli viac ako 30 000 km, je majstrom sveta UCI ParaCycling a z\u00edskal 6 paralympijsk\u00fdch zlat\u00fdch medail\u00ed. Vol\u00e1 sa Ji\u0159\u00ed Je\u017eek a jeho ch\u00fdbaj\u00faca noha nepredstavuje pre neho ve\u013ek\u00fd probl\u00e9m. Svoju kari\u00e9ru rozv\u00edja v \u0161porte s vysokou n\u00e1ro\u010dnos\u0165ou a st\u00e1le v\u00ed\u0165az\u00ed. Ako to rob\u00ed? Pre\u010d\u00edtajte si jeho \u017eivotn\u00fd pr\u00edbeh.<\/strong><br \/>\n<!--more--><\/p>\n<h2><strong>Svoju nehodu pova\u017euje za v\u00ed\u0165azstvo<\/strong><\/h2>\n<p>Spoliehanie sa na protetick\u00e9 nohy je obmedzuj\u00face tak z h\u013eadiska pohybu, ako aj \u017eivotnosti. M\u00f4\u017eu sa zlomi\u0165 a aj sa l\u00e1mu. Napr\u00edklad v dlhej etape v roku 2008 v Dominik\u00e1nskej republike sa jeho protetick\u00e1 noha zlomila uprostred etapy. Neexistoval \u017eiadny sp\u00f4sob, ako ju nahradi\u0165, nebol poruke \u017eiadny v\u00fdrobca. Tak\u017ee si ju iba zlepil lepiacou p\u00e1skou a napriek tomu \u00faspe\u0161ne dokon\u010dil zvy\u0161ok etapy.<\/p>\n<lite-youtube videoid=FYBLQak2Fao params=\"enablejsapi=1\" style=\"background-image: url('https:\/\/i.ytimg.com\/vi_webp\/FYBLQak2Fao\/maxresdefault.webp');\"><\/lite-youtube>\n<p>Je len m\u00e1lo vec\u00ed, ktor\u00e9 by Ji\u0159\u00edho don\u00fatili vzda\u0165 sa, o \u010dom sved\u010d\u00ed u\u017e od detstva jeho \u017eivotn\u00fd postoj. Ke\u010f mal 11 rokov, pre\u0161iel ho kami\u00f3n s cementom, ke\u010f prech\u00e1dzal cez cestu. Museli mu amputova\u0165 prav\u00fa nohu od kolena dole. Ke\u010f sa ho dnes niekto sp\u00fdta na t\u00fa nehodu, jeho odpovede s\u00fa sk\u00f4r prekvapiv\u00e9 a v\u00f4bec nie negat\u00edvne. \u201eDodalo mi to sebaovl\u00e1danie a odhodlanie,&#8220; hovor\u00ed a vysvet\u013euje, ako mu strata nohy v skuto\u010dnosti pomohla.<\/p>\n<h2><strong>Po zotaven\u00ed sa stal \u00faplne in\u00fdm \u010dlovekom<\/strong><\/h2>\n<p>Ke\u010f sa po nieko\u013ek\u00fdch mesiacoch vr\u00e1til z nemocnice, jeho rodi\u010dia ho nijako ne\u0161etrili. Musel sa podie\u013ea\u0165 na dom\u00e1cich pr\u00e1cach rovnako, ako predt\u00fdm. Ak aj mohol ma\u0165 ist\u00e9 \u00fastupky, ako napr\u00edklad mo\u017enos\u0165 necha\u0165 si v \u0161kole top\u00e1nky a neprez\u00fava\u0165 sa, lebo by to bolo s jeho protetickou nohou n\u00e1ro\u010dn\u00e9, odmietol to. Namiesto toho sa e\u0161te viac sna\u017eil a riadil rovnak\u00fdmi pravidlami ako ostatn\u00e9 deti a nemal so sebou z\u013eutovanie. T\u00e1to sk\u00fasenos\u0165 formovala jeho osobnos\u0165, \u010do vyu\u017eil nesk\u00f4r v svojom \u017eivote.<\/p>\n<p><a href=\"https:\/\/d2p6e6u75xmxt8.cloudfront.net\/4\/2017\/06\/IMG_2883.jpg\"><img loading=\"lazy\" decoding=\"async\" class=\"alignnone size-full wp-image-1304\" src=\"https:\/\/d2p6e6u75xmxt8.cloudfront.net\/4\/2017\/06\/IMG_2883.jpg\" alt=\"\" width=\"1920\" height=\"1440\" \/><\/a><\/p>\n<h2><strong>Ako sa dostal k cyklistike<\/strong><\/h2>\n<p>Bicyklovanie bolo pre neho najmenej bolestiv\u00fdm sp\u00f4sobom, ako sa h\u00fdba\u0165, tak\u017ee sa \u010doskoro stalo jeho kon\u00ed\u010dkom. Bola to jedna z m\u00e1la pr\u00edle\u017eitost\u00ed, kde sa vo fyzick\u00fdch aktivit\u00e1ch c\u00edtil rovnocenn\u00fd s priate\u013emi. S tr\u00e9ningom za\u010dal vo veku 20 rokov, tvrdo na sebe pracoval, zlep\u0161oval sa a \u010doskoro sa z\u00fa\u010dast\u0148oval r\u00f4znych pretekov. Jeho prv\u00fd ve\u013ek\u00fd \u00faspech ako amat\u00e9ra pri\u0161iel po 6 rokoch, ke\u010f sa kvalifikoval na paralympijsk\u00e9 hry v Sydney a z\u00edskal dve zlat\u00e9 medaily.<\/p>\n<div class=\"shortcode-ys-post-pinup\"><article class=\"loop-simple post-1298 post type-post status-publish format-video has-post-thumbnail hentry category-cestna-cyklisitika category-legendy tag-cestna-cyklistika tag-eddie-merckx tag-la-plagne tag-sean-kelly tag-stephen-roche tag-tour-de-france tag-tour-de-france-1987 tag-triple-crown-of-cycling post_format-post-format-video\" data-postid=\"1298\" role=\"article\" data-post-id=\"1298\" data-word-count=\"377\" data-headline-length=\"71\" data-category=\"Cestn\u00e1 cyklistika\" data-author=\"We Love Cycling\" data-published=\"2017-06-26T00:53:26+02:00\" data-published-day=\"Monday\">\n    <div class=\"entry-thumbnail article-thumbnail video-thumbnail\" content=\"https:\/\/d2p6e6u75xmxt8.cloudfront.net\/4\/2017\/06\/profimedia-0068376051-1-150x150.webp\"><svg class=\"play font-icon\"><use href=\"#play_round\" xlink:href=\"#play_round\"><\/use><\/svg><a href=\"https:\/\/www.welovecycling.com\/sk\/2017\/06\/26\/vzostupy-pady-stephena-rocheho-bez-hranic-bez-vyhovoriek\/\" class=\"image-holder\" target=\"_self\"><img decoding=\"async\" loading=\"lazy\" class=\"\" src=\"https:\/\/d2p6e6u75xmxt8.cloudfront.net\/4\/2017\/06\/profimedia-0068376051-1-1024x447.webp\" srcset=\"https:\/\/d2p6e6u75xmxt8.cloudfront.net\/4\/2017\/06\/profimedia-0068376051-1.webp 1800w, https:\/\/d2p6e6u75xmxt8.cloudfront.net\/4\/2017\/06\/profimedia-0068376051-1-300x131.webp 300w, https:\/\/d2p6e6u75xmxt8.cloudfront.net\/4\/2017\/06\/profimedia-0068376051-1-1024x447.webp 1024w, https:\/\/d2p6e6u75xmxt8.cloudfront.net\/4\/2017\/06\/profimedia-0068376051-1-768x335.webp 768w, https:\/\/d2p6e6u75xmxt8.cloudfront.net\/4\/2017\/06\/profimedia-0068376051-1-1536x670.webp 1536w\" width=\"1024\" height=\"447\" sizes=\"auto, (min-width: 1200px) 458px, (min-width: 768px) 38vw, 100vw\" alt=\"vzostupy-pady-stephena-rocheho-bez-hranic-bez-vyhovoriek\"\/><\/a><\/div>    <div class=\"entry-meta\">\n        <a class=\"label label-secondary post-category\" href=\"https:\/\/www.welovecycling.com\/sk\/category\/cestna-cyklisitika\/\" title=\"Cestn\u00e1 cyklistika\">Cestn\u00e1 cyklistika<\/a>\n    <\/div>\n    <div class=\"entry-details\">\n        <a href=\"https:\/\/www.welovecycling.com\/sk\/2017\/06\/26\/vzostupy-pady-stephena-rocheho-bez-hranic-bez-vyhovoriek\/\" class='entry-title-wrapper'>\n            <h3 class=\"entry-title\"><span>Vzostupy a p\u00e1dy Stephena Rocheho &#8211; bez hran\u00edc a bez v\u00fdhovoriek<\/span><\/h3>\n        <\/a>\n    <\/div>\n    <\/article>\n<\/div>\n<h2><strong>Tr\u00e9ning s jednou nohou<\/strong><\/h2>\n<p>V tej dobe pracoval Ji\u0159\u00ed v spolo\u010dnosti, ktor\u00e1 vyr\u00e1bala prot\u00e9zy, tak\u017ee ich mal nieko\u013eko na ch\u00f4dzu, beh aj jazdu na bicykli. Nesk\u00f4r, ako ostatn\u00ed profesion\u00e1li na vysokej \u00farovni, chcel za\u010da\u0165 s posil\u0148ovan\u00edm. Probl\u00e9m bol, \u017ee nemohol posil\u0148ova\u0165 so \u017eiadnou prot\u00e9zou, bolo to pr\u00edli\u0161 bolestiv\u00e9 a \u0161kodliv\u00e9 pre jeho telo. Ale to ho nezastavilo. Tr\u00e9noval ove\u013ea \u0165a\u017e\u0161ie a vybojoval v\u0161etky olympijsk\u00e9 zlat\u00e9 medaily, aj ke\u010f tr\u00e9noval svoje nohy iba na bicykli.<\/p>\n<p>https:\/\/www.instagram.com\/p\/BUXa5DXFtox\/?taken-by=jirijezek74<\/p>\n<h2><strong>Myslenie \u0161ampi\u00f3na<\/strong><\/h2>\n<p>Pod\u013ea meran\u00ed uskuto\u010dnen\u00fdch na univerzite v Heidelbergu (Nemecko) jeho amputovan\u00e1 noha dok\u00e1\u017ee vynalo\u017ei\u0165 iba pribli\u017ene 70 % v\u00fdkonu v porovnan\u00ed so zdrav\u00fdmi profesion\u00e1lmi. Napriek tomu s nimi Ji\u0159\u00ed pravidelne pretek\u00e1 a dr\u017e\u00ed krok. Namiesto toho, aby sa s\u0165a\u017eoval, tr\u00e9nuje viac, aby dok\u00e1zal vyprodukova\u0165 rovnak\u00fa silu.<\/p>\n<p>Jeho schopnosti sa uk\u00e1zali na pretekoch najvy\u0161\u0161ej cyklistickej \u00farovne v roku 2010, ke\u010f str\u00e1vil cel\u00fa sez\u00f3nu v profesion\u00e1lnom t\u00edme. \u00daspe\u0161ne pretekal s v\u00ed\u0165azmi Tour de France, majstrami sveta a ve\u013ek\u00fdmi hviezdami profesion\u00e1lneho pelot\u00f3nu. V roku 2013 bol predjazdcom v \u010dasovk\u00e1ch Tour de France na Mt. San Michel, a aj ke\u010f sa nez\u00fa\u010dastnil pretekov, mal lep\u0161\u00ed \u010das ako traja skuto\u010dn\u00ed profesion\u00e1li.<\/p>\n<p><a href=\"https:\/\/d2p6e6u75xmxt8.cloudfront.net\/4\/2017\/06\/IMG_7580.jpg\"><img loading=\"lazy\" decoding=\"async\" class=\"alignnone size-full wp-image-1322\" src=\"https:\/\/d2p6e6u75xmxt8.cloudfront.net\/4\/2017\/06\/IMG_7580.jpg\" alt=\"\" width=\"1920\" height=\"1440\" \/><\/a><\/p>\n<p>Dokonca aj vtedy, ke\u010f sa mu nedarilo na profesion\u00e1lnych pretekoch, ost\u00e1val na bicykli \u010do najdlh\u0161ie, aby sa vytr\u00e9noval. Jeho man\u017eelka a mana\u017e\u00e9rka Sonja hovor\u00ed: \u201eJirka sa vzd\u00e1 pretekov len vtedy, ke\u010f spadne, zran\u00ed sa, jeho bicykel sa zni\u010d\u00ed alebo ho rozhodcovia vyradia z pretekov.&#8220; Tieto inform\u00e1cie m\u00e1me z prvej ruky, ke\u010f\u017ee Ji\u0159\u00ed bol s\u00fa\u010das\u0165ou n\u00e1\u0161ho t\u00edmu na L&#8217;Etape du Tour v roku 2016 a sme radi, \u017ee s nami bude op\u00e4\u0165 aj tento rok.<\/p>\n<div class=\"shortcode-ys-post-pinup\"><article class=\"loop-simple post-223 post type-post status-publish format-standard has-post-thumbnail hentry category-cestna-cyklisitika category-grand-tour tag-honza-hejna tag-letape-du-tour\" data-postid=\"223\" role=\"article\" data-post-id=\"223\" data-word-count=\"565\" data-headline-length=\"66\" data-category=\"Cestn\u00e1 cyklistika\" data-author=\"Honza Hejna\" data-published=\"2016-07-25T12:08:43+02:00\" data-published-day=\"Monday\">\n    <div class=\"entry-thumbnail article-thumbnail\" content=\"https:\/\/d2p6e6u75xmxt8.cloudfront.net\/4\/2016\/07\/885586_175748-150x150.webp\"><a href=\"https:\/\/www.welovecycling.com\/sk\/2016\/07\/25\/pretekanie-letape-du-tour-ked-sa-sen-stane-skutocnostou\/\" class=\"image-holder\" target=\"_self\"><img decoding=\"async\" loading=\"lazy\" class=\"\" src=\"https:\/\/d2p6e6u75xmxt8.cloudfront.net\/4\/2016\/07\/885586_175748-1024x447.webp\" srcset=\"https:\/\/d2p6e6u75xmxt8.cloudfront.net\/4\/2016\/07\/885586_175748.webp 1375w, https:\/\/d2p6e6u75xmxt8.cloudfront.net\/4\/2016\/07\/885586_175748-300x131.webp 300w, https:\/\/d2p6e6u75xmxt8.cloudfront.net\/4\/2016\/07\/885586_175748-1024x447.webp 1024w, https:\/\/d2p6e6u75xmxt8.cloudfront.net\/4\/2016\/07\/885586_175748-768x335.webp 768w\" width=\"1024\" height=\"447\" sizes=\"auto, (min-width: 1200px) 458px, (min-width: 768px) 38vw, 100vw\" alt=\"pretekanie-letape-du-tour-ked-sa-sen-stane-skutocnostou\"\/><\/a><\/div>    <div class=\"entry-meta\">\n        <a class=\"label label-secondary post-category\" href=\"https:\/\/www.welovecycling.com\/sk\/category\/cestna-cyklisitika\/\" title=\"Cestn\u00e1 cyklistika\">Cestn\u00e1 cyklistika<\/a>\n    <\/div>\n    <div class=\"entry-details\">\n        <a href=\"https:\/\/www.welovecycling.com\/sk\/2016\/07\/25\/pretekanie-letape-du-tour-ked-sa-sen-stane-skutocnostou\/\" class='entry-title-wrapper'>\n            <h3 class=\"entry-title\"><span>Pretekanie na l\u2019\u00c9tape du Tour: Ke\u010f sa sen stane skuto\u010dnos\u0165ou<\/span><\/h3>\n        <\/a>\n    <\/div>\n    <\/article>\n<\/div>\n<h2><strong>Nikdy sa nevzd\u00e1vaj<\/strong><\/h2>\n<p>Ji\u0159\u00ed je odhodlan\u00fd a m\u00e1 siln\u00fa pracovn\u00fa discipl\u00ednu, \u010do mu pomohlo sta\u0165 sa prv\u00fdm handicapovan\u00fdm profesion\u00e1lnym cyklistom v \u010ceskej republike. Nikdy sa nevzdal a to z neho urobilo \u0161ampi\u00f3na. ,,Ak sa raz vzd\u00e1te, budete si to pam\u00e4ta\u0165 nav\u017edy a budete sa st\u00e1le vzd\u00e1va\u0165 aj po\u010das pretekov&#8220; hovor\u00ed a vysvet\u013euje, pre\u010do si t\u00fato mo\u017enos\u0165 nikdy nezvolil. To nie s\u00fa len slov\u00e1, je to jeho \u017eivot.<\/p>\n<p>https:\/\/www.instagram.com\/p\/BTRnc40lvFS\/?taken-by=jirijezek74<\/p>\n<p>Po ve\u013ekom p\u00e1de na majstrovstv\u00e1ch sveta v roku 2014 v USA, bol nieko\u013eko t\u00fd\u017ed\u0148ov hospitalizovan\u00fd, pri\u0161iel o 2 rebr\u00e1, niektor\u00e9 svaly z hornej \u010dasti tela a \u010das\u0165 p\u013e\u00fac. No nevzdal sa. Podarilo sa mu zotavi\u0165, op\u00e4\u0165 tr\u00e9nova\u0165 a kvalifikova\u0165 sa na paralympijsk\u00e9 hry v Riu v roku 2016.<\/p>\n<p><img loading=\"lazy\" decoding=\"async\" class=\"alignnone wp-image-1566 size-full\" src=\"https:\/\/d2p6e6u75xmxt8.cloudfront.net\/4\/2017\/07\/TDF_banner_02.jpg\" alt=\"\" width=\"780\" height=\"180\" \/><\/p>\n","protected":false},"excerpt":{"rendered":"<p>Existuje profesion\u00e1l, ktor\u00fd sa vypracoval s\u00e1m, opl\u00fdva v\u00e1\u0161\u0148ou k cyklistike a nikdy sa nevzd\u00e1va. Ka\u017edoro\u010dne najazd\u00ed na bicykli viac ako [&hellip;]<\/p>\n","protected":false},"author":38,"featured_media":1353,"comment_status":"open","ping_status":"open","sticky":false,"template":"","format":"video","meta":{"footnotes":""},"categories":[4,127,2],"tags":[115,134,71,20],"global-categories":[],"class_list":["post-1296","post","type-post","status-publish","format-video","has-post-thumbnail","hentry","category-cestna-cyklisitika","category-legendy","category-zdravie-trening","tag-cestna-cyklistika","tag-jiri-jezek","tag-letape-du-tour","tag-tour-de-france","post_format-video"],"yoast_head":"<!-- This site is optimized with the Yoast SEO Premium plugin v25.3 (Yoast SEO v25.9) - https:\/\/yoast.com\/wordpress\/plugins\/seo\/ -->\n<title>Ji\u0159\u00ed Je\u017eek - pr\u00edbeh nezlomn\u00e9ho ducha - \u0160koda We Love Cycling Slovensko<\/title>\n<meta name=\"robots\" content=\"index, follow, max-snippet:-1, max-image-preview:large, max-video-preview:-1\" \/>\n<link rel=\"canonical\" href=\"https:\/\/www.welovecycling.com\/sk\/2017\/06\/30\/jiri-jezek-pribeh-nezlomneho-ducha\/\" \/>\n<meta property=\"og:locale\" content=\"sk_SK\" \/>\n<meta property=\"og:type\" content=\"article\" \/>\n<meta property=\"og:title\" content=\"Ji\u0159\u00ed Je\u017eek - pr\u00edbeh nezlomn\u00e9ho ducha\" \/>\n<meta property=\"og:description\" content=\"Existuje profesion\u00e1l, ktor\u00fd sa vypracoval s\u00e1m, opl\u00fdva v\u00e1\u0161\u0148ou k cyklistike a nikdy sa nevzd\u00e1va. Ka\u017edoro\u010dne najazd\u00ed na bicykli viac ako [&hellip;]\" \/>\n<meta property=\"og:url\" content=\"https:\/\/www.welovecycling.com\/sk\/2017\/06\/30\/jiri-jezek-pribeh-nezlomneho-ducha\/\" \/>\n<meta property=\"og:site_name\" content=\"\u0160koda We Love Cycling Slovensko\" \/>\n<meta property=\"article:published_time\" content=\"2017-06-30T18:15:23+00:00\" \/>\n<meta property=\"article:modified_time\" content=\"2017-12-18T12:11:28+00:00\" \/>\n<meta property=\"og:image\" content=\"https:\/\/d2p6e6u75xmxt8.cloudfront.net\/4\/2017\/06\/Untitled-collage-5.webp\" \/>\n\t<meta property=\"og:image:width\" content=\"1800\" \/>\n\t<meta property=\"og:image:height\" content=\"785\" \/>\n\t<meta property=\"og:image:type\" content=\"image\/webp\" \/>\n<meta name=\"author\" content=\"Ondrej Ga\u0161par\" \/>\n<meta name=\"twitter:card\" content=\"summary_large_image\" \/>\n<meta name=\"twitter:label1\" content=\"Written by\" \/>\n\t<meta name=\"twitter:data1\" content=\"Honza Hejna\" \/>\n\t<meta name=\"twitter:label2\" content=\"Est. reading time\" \/>\n\t<meta name=\"twitter:data2\" content=\"5 minutes\" \/>\n<script type=\"application\/ld+json\" class=\"yoast-schema-graph\">{\"@context\":\"https:\/\/schema.org\",\"@graph\":[{\"@type\":\"WebPage\",\"@id\":\"https:\/\/www.welovecycling.com\/sk\/2017\/06\/30\/jiri-jezek-pribeh-nezlomneho-ducha\/\",\"url\":\"https:\/\/www.welovecycling.com\/sk\/2017\/06\/30\/jiri-jezek-pribeh-nezlomneho-ducha\/\",\"name\":\"Ji\u0159\u00ed Je\u017eek - pr\u00edbeh nezlomn\u00e9ho ducha - \u0160koda We Love Cycling Slovensko\",\"isPartOf\":{\"@id\":\"https:\/\/www.welovecycling.com\/sk\/#website\"},\"primaryImageOfPage\":{\"@id\":\"https:\/\/www.welovecycling.com\/sk\/2017\/06\/30\/jiri-jezek-pribeh-nezlomneho-ducha\/#primaryimage\"},\"image\":{\"@id\":\"https:\/\/www.welovecycling.com\/sk\/2017\/06\/30\/jiri-jezek-pribeh-nezlomneho-ducha\/#primaryimage\"},\"thumbnailUrl\":\"https:\/\/d2p6e6u75xmxt8.cloudfront.net\/4\/2017\/06\/Untitled-collage-5.webp\",\"datePublished\":\"2017-06-30T18:15:23+00:00\",\"dateModified\":\"2017-12-18T12:11:28+00:00\",\"author\":{\"@id\":\"https:\/\/www.welovecycling.com\/sk\/#\/schema\/person\/8ee09ba39b7e25b1870160aa5b3a89bc\"},\"breadcrumb\":{\"@id\":\"https:\/\/www.welovecycling.com\/sk\/2017\/06\/30\/jiri-jezek-pribeh-nezlomneho-ducha\/#breadcrumb\"},\"inLanguage\":\"sk-SK\",\"potentialAction\":[{\"@type\":\"ReadAction\",\"target\":[\"https:\/\/www.welovecycling.com\/sk\/2017\/06\/30\/jiri-jezek-pribeh-nezlomneho-ducha\/\"]}]},{\"@type\":\"ImageObject\",\"inLanguage\":\"sk-SK\",\"@id\":\"https:\/\/www.welovecycling.com\/sk\/2017\/06\/30\/jiri-jezek-pribeh-nezlomneho-ducha\/#primaryimage\",\"url\":\"https:\/\/d2p6e6u75xmxt8.cloudfront.net\/4\/2017\/06\/Untitled-collage-5.webp\",\"contentUrl\":\"https:\/\/d2p6e6u75xmxt8.cloudfront.net\/4\/2017\/06\/Untitled-collage-5.webp\",\"width\":1800,\"height\":785},{\"@type\":\"BreadcrumbList\",\"@id\":\"https:\/\/www.welovecycling.com\/sk\/2017\/06\/30\/jiri-jezek-pribeh-nezlomneho-ducha\/#breadcrumb\",\"itemListElement\":[{\"@type\":\"ListItem\",\"position\":1,\"name\":\"Home\",\"item\":\"https:\/\/www.welovecycling.com\/sk\/\"},{\"@type\":\"ListItem\",\"position\":2,\"name\":\"Ji\u0159\u00ed Je\u017eek &#8211; pr\u00edbeh nezlomn\u00e9ho ducha\"}]},{\"@type\":\"WebSite\",\"@id\":\"https:\/\/www.welovecycling.com\/sk\/#website\",\"url\":\"https:\/\/www.welovecycling.com\/sk\/\",\"name\":\"\u0160koda We Love Cycling Slovensko\",\"description\":\"\u0160koda We Love Cycling Slovensko je v\u00e1\u0161 ka\u017edodenn\u00fd zdroj noviniek a in\u0161pir\u00e1cie z sveta cyklistiky\",\"potentialAction\":[{\"@type\":\"SearchAction\",\"target\":{\"@type\":\"EntryPoint\",\"urlTemplate\":\"https:\/\/www.welovecycling.com\/sk\/?s={search_term_string}\"},\"query-input\":{\"@type\":\"PropertyValueSpecification\",\"valueRequired\":true,\"valueName\":\"search_term_string\"}}],\"inLanguage\":\"sk-SK\"},{\"@type\":\"Person\",\"@id\":\"https:\/\/www.welovecycling.com\/sk\/#\/schema\/person\/8ee09ba39b7e25b1870160aa5b3a89bc\",\"name\":\"Ondrej Ga\u0161par\",\"image\":{\"@type\":\"ImageObject\",\"inLanguage\":\"sk-SK\",\"@id\":\"https:\/\/www.welovecycling.com\/sk\/#\/schema\/person\/image\/\",\"url\":\"https:\/\/secure.gravatar.com\/avatar\/6126c9afb87b70da5abbb083ddbb21933da15f18f8ca7cb822aba0fb096a48f6?s=96&d=mm&r=g\",\"contentUrl\":\"https:\/\/secure.gravatar.com\/avatar\/6126c9afb87b70da5abbb083ddbb21933da15f18f8ca7cb822aba0fb096a48f6?s=96&d=mm&r=g\",\"caption\":\"Ondrej Ga\u0161par\"},\"url\":\"https:\/\/www.welovecycling.com\/sk\/author\/ondrejgaspar\/\"}]}<\/script>\n<!-- \/ Yoast SEO Premium plugin. -->","yoast_head_json":{"title":"Ji\u0159\u00ed Je\u017eek - pr\u00edbeh nezlomn\u00e9ho ducha - \u0160koda We Love Cycling Slovensko","robots":{"index":"index","follow":"follow","max-snippet":"max-snippet:-1","max-image-preview":"max-image-preview:large","max-video-preview":"max-video-preview:-1"},"canonical":"https:\/\/www.welovecycling.com\/sk\/2017\/06\/30\/jiri-jezek-pribeh-nezlomneho-ducha\/","og_locale":"sk_SK","og_type":"article","og_title":"Ji\u0159\u00ed Je\u017eek - pr\u00edbeh nezlomn\u00e9ho ducha","og_description":"Existuje profesion\u00e1l, ktor\u00fd sa vypracoval s\u00e1m, opl\u00fdva v\u00e1\u0161\u0148ou k cyklistike a nikdy sa nevzd\u00e1va. Ka\u017edoro\u010dne najazd\u00ed na bicykli viac ako [&hellip;]","og_url":"https:\/\/www.welovecycling.com\/sk\/2017\/06\/30\/jiri-jezek-pribeh-nezlomneho-ducha\/","og_site_name":"\u0160koda We Love Cycling Slovensko","article_published_time":"2017-06-30T18:15:23+00:00","article_modified_time":"2017-12-18T12:11:28+00:00","og_image":[{"width":1800,"height":785,"url":"https:\/\/d2p6e6u75xmxt8.cloudfront.net\/4\/2017\/06\/Untitled-collage-5.webp","type":"image\/webp"}],"author":"Ondrej Ga\u0161par","twitter_card":"summary_large_image","twitter_misc":{"Written by":"Honza Hejna","Est. reading time":"5 minutes"},"schema":{"@context":"https:\/\/schema.org","@graph":[{"@type":"WebPage","@id":"https:\/\/www.welovecycling.com\/sk\/2017\/06\/30\/jiri-jezek-pribeh-nezlomneho-ducha\/","url":"https:\/\/www.welovecycling.com\/sk\/2017\/06\/30\/jiri-jezek-pribeh-nezlomneho-ducha\/","name":"Ji\u0159\u00ed Je\u017eek - pr\u00edbeh nezlomn\u00e9ho ducha - \u0160koda We Love Cycling Slovensko","isPartOf":{"@id":"https:\/\/www.welovecycling.com\/sk\/#website"},"primaryImageOfPage":{"@id":"https:\/\/www.welovecycling.com\/sk\/2017\/06\/30\/jiri-jezek-pribeh-nezlomneho-ducha\/#primaryimage"},"image":{"@id":"https:\/\/www.welovecycling.com\/sk\/2017\/06\/30\/jiri-jezek-pribeh-nezlomneho-ducha\/#primaryimage"},"thumbnailUrl":"https:\/\/d2p6e6u75xmxt8.cloudfront.net\/4\/2017\/06\/Untitled-collage-5.webp","datePublished":"2017-06-30T18:15:23+00:00","dateModified":"2017-12-18T12:11:28+00:00","author":{"@id":"https:\/\/www.welovecycling.com\/sk\/#\/schema\/person\/8ee09ba39b7e25b1870160aa5b3a89bc"},"breadcrumb":{"@id":"https:\/\/www.welovecycling.com\/sk\/2017\/06\/30\/jiri-jezek-pribeh-nezlomneho-ducha\/#breadcrumb"},"inLanguage":"sk-SK","potentialAction":[{"@type":"ReadAction","target":["https:\/\/www.welovecycling.com\/sk\/2017\/06\/30\/jiri-jezek-pribeh-nezlomneho-ducha\/"]}]},{"@type":"ImageObject","inLanguage":"sk-SK","@id":"https:\/\/www.welovecycling.com\/sk\/2017\/06\/30\/jiri-jezek-pribeh-nezlomneho-ducha\/#primaryimage","url":"https:\/\/d2p6e6u75xmxt8.cloudfront.net\/4\/2017\/06\/Untitled-collage-5.webp","contentUrl":"https:\/\/d2p6e6u75xmxt8.cloudfront.net\/4\/2017\/06\/Untitled-collage-5.webp","width":1800,"height":785},{"@type":"BreadcrumbList","@id":"https:\/\/www.welovecycling.com\/sk\/2017\/06\/30\/jiri-jezek-pribeh-nezlomneho-ducha\/#breadcrumb","itemListElement":[{"@type":"ListItem","position":1,"name":"Home","item":"https:\/\/www.welovecycling.com\/sk\/"},{"@type":"ListItem","position":2,"name":"Ji\u0159\u00ed Je\u017eek &#8211; pr\u00edbeh nezlomn\u00e9ho ducha"}]},{"@type":"WebSite","@id":"https:\/\/www.welovecycling.com\/sk\/#website","url":"https:\/\/www.welovecycling.com\/sk\/","name":"\u0160koda We Love Cycling Slovensko","description":"\u0160koda We Love Cycling Slovensko je v\u00e1\u0161 ka\u017edodenn\u00fd zdroj noviniek a in\u0161pir\u00e1cie z sveta cyklistiky","potentialAction":[{"@type":"SearchAction","target":{"@type":"EntryPoint","urlTemplate":"https:\/\/www.welovecycling.com\/sk\/?s={search_term_string}"},"query-input":{"@type":"PropertyValueSpecification","valueRequired":true,"valueName":"search_term_string"}}],"inLanguage":"sk-SK"},{"@type":"Person","@id":"https:\/\/www.welovecycling.com\/sk\/#\/schema\/person\/8ee09ba39b7e25b1870160aa5b3a89bc","name":"Ondrej Ga\u0161par","image":{"@type":"ImageObject","inLanguage":"sk-SK","@id":"https:\/\/www.welovecycling.com\/sk\/#\/schema\/person\/image\/","url":"https:\/\/secure.gravatar.com\/avatar\/6126c9afb87b70da5abbb083ddbb21933da15f18f8ca7cb822aba0fb096a48f6?s=96&d=mm&r=g","contentUrl":"https:\/\/secure.gravatar.com\/avatar\/6126c9afb87b70da5abbb083ddbb21933da15f18f8ca7cb822aba0fb096a48f6?s=96&d=mm&r=g","caption":"Ondrej Ga\u0161par"},"url":"https:\/\/www.welovecycling.com\/sk\/author\/ondrejgaspar\/"}]}},"_links":{"self":[{"href":"https:\/\/www.welovecycling.com\/sk\/wp-json\/wp\/v2\/posts\/1296","targetHints":{"allow":["GET"]}}],"collection":[{"href":"https:\/\/www.welovecycling.com\/sk\/wp-json\/wp\/v2\/posts"}],"about":[{"href":"https:\/\/www.welovecycling.com\/sk\/wp-json\/wp\/v2\/types\/post"}],"author":[{"embeddable":true,"href":"https:\/\/www.welovecycling.com\/sk\/wp-json\/wp\/v2\/users\/38"}],"replies":[{"embeddable":true,"href":"https:\/\/www.welovecycling.com\/sk\/wp-json\/wp\/v2\/comments?post=1296"}],"version-history":[{"count":2,"href":"https:\/\/www.welovecycling.com\/sk\/wp-json\/wp\/v2\/posts\/1296\/revisions"}],"predecessor-version":[{"id":1572,"href":"https:\/\/www.welovecycling.com\/sk\/wp-json\/wp\/v2\/posts\/1296\/revisions\/1572"}],"wp:featuredmedia":[{"embeddable":true,"href":"https:\/\/www.welovecycling.com\/sk\/wp-json\/wp\/v2\/media\/1353"}],"wp:attachment":[{"href":"https:\/\/www.welovecycling.com\/sk\/wp-json\/wp\/v2\/media?parent=1296"}],"wp:term":[{"taxonomy":"category","embeddable":true,"href":"https:\/\/www.welovecycling.com\/sk\/wp-json\/wp\/v2\/categories?post=1296"},{"taxonomy":"post_tag","embeddable":true,"href":"https:\/\/www.welovecycling.com\/sk\/wp-json\/wp\/v2\/tags?post=1296"},{"taxonomy":"global-categories","embeddable":true,"href":"https:\/\/www.welovecycling.com\/sk\/wp-json\/wp\/v2\/global-categories?post=1296"}],"curies":[{"name":"wp","href":"https:\/\/api.w.org\/{rel}","templated":true}]}}