{"id":12951,"date":"2021-09-21T12:00:17","date_gmt":"2021-09-21T10:00:17","guid":{"rendered":"https:\/\/www.welovecycling.com\/sk\/?p=12951"},"modified":"2021-09-21T10:20:46","modified_gmt":"2021-09-21T08:20:46","slug":"reportaz-okolo-slovenska-2021","status":"publish","type":"post","link":"https:\/\/www.welovecycling.com\/sk\/2021\/09\/21\/reportaz-okolo-slovenska-2021\/","title":{"rendered":"Report\u00e1\u017e: Okolo Slovenska 2021"},"content":{"rendered":"<p><strong>Tohtoro\u010dn\u00e9 preteky Okolo Slovenska za\u010dali 15. septembra v\u00a0Ko\u0161iciach. Predstavili sa na nich ve\u013ek\u00e9 svetov\u00e9 t\u00edmy ako Deceuninck &#8211; Quick-Step, Bora-Hansgrohe, Israel Start-Up Nation, ale aj Team BikeExchange, Team Qhubeka Assos, Team DSM \u010di Astana. <\/strong><!--more--><\/p>\n<p>Okrem nich sa z\u00fa\u010dastnili aj t\u00edmy z\u00a0\u010ceska, Ruska, Rak\u00faska \u010di Po\u013eska a\u00a0\u010fal\u0161\u00edch kraj\u00edn. Samozrejme nech\u00fdbala ani Slovensk\u00e1 reprezent\u00e1cia \u010di dve slovensk\u00e9 kontinent\u00e1lne stajne Dukla Bansk\u00e1 Bystrica a Cycling Academy Tren\u010d\u00edn. Celkovo sa zapojilo do pretekov 21 t\u00edmov, \u010do je o\u00a0\u0161tyri viac ako minul\u00fd rok.<\/p>\n<figure id=\"attachment_12953\" aria-describedby=\"caption-attachment-12953\" style=\"width: 1200px\" class=\"wp-caption alignnone\"><a href=\"https:\/\/d2p6e6u75xmxt8.cloudfront.net\/4\/2021\/09\/Report_Okolo-Slovenska_01.jpg\"><img loading=\"lazy\" decoding=\"async\" src=\"https:\/\/d2p6e6u75xmxt8.cloudfront.net\/4\/2021\/09\/Report_Okolo-Slovenska_01.jpg\" alt=\"\u00a9J\u00e1n Melicher, Okolo Slovenska\" width=\"1200\" height=\"800\" class=\"size-full wp-image-12953\" \/><\/a><figcaption id=\"caption-attachment-12953\" class=\"wp-caption-text\">Foto: \u00a9J\u00e1n Melicher, Okolo Slovenska<\/figcaption><\/figure>\n<div class=\"shortcode-ys-post-pinup\"><article class=\"loop-simple post-12876 post type-post status-publish format-standard has-post-thumbnail hentry category-cestna-cyklisitika tag-bora-hansgrohe tag-cestna-cyklistika tag-chris-froome tag-deceuninck-quick-step tag-etapa tag-etapove-preteky tag-kosice tag-okolo-slovenska tag-peter-sagan tag-preteky tag-profesional tag-slovensko global-categories-cycling\" data-postid=\"12876\" role=\"article\" data-post-id=\"12876\" data-word-count=\"321\" data-headline-length=\"69\" data-category=\"Cestn\u00e1 cyklistika\" data-global-category=\"Cycling\" data-author=\"WeLoveCycling\" data-published=\"2021-09-14T10:00:18+02:00\" data-published-day=\"Tuesday\">\n    <div class=\"entry-thumbnail article-thumbnail\" content=\"https:\/\/d2p6e6u75xmxt8.cloudfront.net\/4\/2021\/09\/Okolo_Slovenska_00-150x150.webp\"><a href=\"https:\/\/www.welovecycling.com\/sk\/2021\/09\/14\/preteky-okolo-slovenska-svetove-hviezdy-na-slovenskych-cestach\/\" class=\"image-holder\" target=\"_self\"><img decoding=\"async\" loading=\"lazy\" class=\"\" src=\"https:\/\/d2p6e6u75xmxt8.cloudfront.net\/4\/2021\/09\/Okolo_Slovenska_00-1024x445.webp\" srcset=\"https:\/\/d2p6e6u75xmxt8.cloudfront.net\/4\/2021\/09\/Okolo_Slovenska_00.webp 1380w, https:\/\/d2p6e6u75xmxt8.cloudfront.net\/4\/2021\/09\/Okolo_Slovenska_00-300x130.webp 300w, https:\/\/d2p6e6u75xmxt8.cloudfront.net\/4\/2021\/09\/Okolo_Slovenska_00-1024x445.webp 1024w, https:\/\/d2p6e6u75xmxt8.cloudfront.net\/4\/2021\/09\/Okolo_Slovenska_00-768x334.webp 768w\" width=\"1024\" height=\"445\" sizes=\"auto, (min-width: 1200px) 460px, (min-width: 768px) 38vw, 100vw\" alt=\"preteky-okolo-slovenska-svetove-hviezdy-na-slovenskych-cestach\"\/><\/a><\/div>    <div class=\"entry-meta\">\n        <a class=\"label label-secondary post-category\" href=\"https:\/\/www.welovecycling.com\/sk\/category\/cestna-cyklisitika\/\" title=\"Cestn\u00e1 cyklistika\">Cestn\u00e1 cyklistika<\/a>\n    <\/div>\n    <div class=\"entry-details\">\n        <a href=\"https:\/\/www.welovecycling.com\/sk\/2021\/09\/14\/preteky-okolo-slovenska-svetove-hviezdy-na-slovenskych-cestach\/\" class='entry-title-wrapper'>\n            <h3 class=\"entry-title\"><span>Preteky Okolo Slovenska \u2013 svetov\u00e9 hviezdy na slovensk\u00fdch cest\u00e1ch<\/span><\/h3>\n        <\/a>\n    <\/div>\n    <\/article>\n<\/div>\n<p>Cel\u00e1 udalos\u0165 od\u0161tartovala ako sa patr\u00ed poriadnym prol\u00f3gom, kde sa na p\u00f3diu predstavili v\u0161etky t\u00edmy a\u00a0ich jazdci. <strong>Fan\u00fa\u0161ikovia sa po\u010das tejto udalosti mohli zbl\u00edzka stretn\u00fa\u0165 so svetov\u00fdmi t\u00edmami a\u00a0ve\u013ek\u00fdmi hviezdami cyklistiky.<\/strong> Samozrejme najv\u00e4\u010d\u0161\u00ed z\u00e1ujem bol o\u00a0n\u00e1\u0161ho Petra Sagana, ale aj ostatn\u00ed cyklisti sa te\u0161ili ve\u013ekej popularite. Podve\u010der v\u0161etci odjazdili symbolick\u00fd okruh na n\u00e1mest\u00ed, v\u00a0d\u013a\u017eke 1&nbsp;600 m, a\u00a0v\u00ed\u0165azom tohto kr\u00e1tkeho okruhu sa stal Austr\u00e1l\u010dan Kaden Groves z\u00a0t\u00edmu Bike Exchange.<\/p>\n<figure id=\"attachment_12954\" aria-describedby=\"caption-attachment-12954\" style=\"width: 1200px\" class=\"wp-caption alignnone\"><a href=\"https:\/\/d2p6e6u75xmxt8.cloudfront.net\/4\/2021\/09\/Report_Okolo-Slovenska_02.jpg\"><img loading=\"lazy\" decoding=\"async\" src=\"https:\/\/d2p6e6u75xmxt8.cloudfront.net\/4\/2021\/09\/Report_Okolo-Slovenska_02.jpg\" alt=\"\" width=\"1200\" height=\"800\" class=\"size-full wp-image-12954\" \/><\/a><figcaption id=\"caption-attachment-12954\" class=\"wp-caption-text\">Foto: \u00a9J\u00e1n Melicher, Okolo Slovenska<\/figcaption><\/figure>\n<h2><strong>1. etapa<\/strong><\/h2>\n<p>Prv\u00e1 etapa sa jazdila v\u00a0okol\u00ed Ko\u0161\u00edc a\u00a0jazdcov \u010dakali tri r\u00fdchlostn\u00e9 a\u00a0\u0161tyri horsk\u00e9 pr\u00e9mie. D\u013a\u017eka etapy bola 158,4 km. Etapa v\u0161ak neza\u010dala pr\u00e1ve najlep\u0161ie, ke\u010f\u017ee u\u017e na \u0161tvrtom kilometri spadlo nieko\u013eko cyklistov a\u00a0Jai Hindley z\u00a0t\u00edmu DSM si zlomil k\u013e\u00fa\u010dnu kos\u0165. <strong>Celkovo v\u0161ak etapu charakterizoval celodenn\u00fd \u00fanik \u00f4smich jazdcov, v\u00a0ktorom bol aj Slov\u00e1k Martin Haring z\u00a0Dukly Bansk\u00e1 Bystrica.<\/strong> Z\u00e1vere\u010dn\u00fd \u0161purt v\u0161ak patril \u0161print\u00e9rskym t\u00edmom a\u00a0etapov\u00e9 v\u00ed\u0165azstvo z\u00edskal \u00c1lvaro Hodeg z t\u00edmu Deceuninck \u2013 Quick-Step, druh\u00e9 miesto z\u00edskal Peter Sagan z t\u00edmu Bora\u2013Hansgrohe, no a tret\u00ed bol Reinardt Janse Van Rensburg z\u00a0t\u00edmu Qhubeka Assos.<\/p>\n<figure id=\"attachment_12955\" aria-describedby=\"caption-attachment-12955\" style=\"width: 1200px\" class=\"wp-caption alignnone\"><a href=\"https:\/\/d2p6e6u75xmxt8.cloudfront.net\/4\/2021\/09\/Report_Okolo-Slovenska_03.jpg\"><img loading=\"lazy\" decoding=\"async\" src=\"https:\/\/d2p6e6u75xmxt8.cloudfront.net\/4\/2021\/09\/Report_Okolo-Slovenska_03.jpg\" alt=\"\" width=\"1200\" height=\"800\" class=\"size-full wp-image-12955\" \/><\/a><figcaption id=\"caption-attachment-12955\" class=\"wp-caption-text\">Foto: \u00a9J\u00e1n Melicher, Okolo Slovenska<\/figcaption><\/figure>\n<h2><strong>2. etapa <\/strong><\/h2>\n<p>Tret\u00ed de\u0148 \u0161tartoval z upr\u0161an\u00e9ho Spi\u0161sk\u00e9ho podhradia a\u00a0kon\u010dil v Dolnom Kub\u00edne. Po\u010das tohto d\u0148a jazdci dosiahli najvy\u0161\u0161\u00ed bod cel\u00fdch pretekov, a\u00a0to pri \u0160trbskom plese. Organiz\u00e1tori pripravili dve r\u00fdchlostn\u00e9 a\u00a0tri horsk\u00e9 pr\u00e9mie. D\u013a\u017eka etapy bola 179,7 km. V tento de\u0148 po\u010dasie pripravilo pre pretek\u00e1rov s\u0165a\u017een\u00e9 podmienky, preto\u017ee polovicu etapy pr\u0161alo a\u00a0celkovo bola dos\u0165 ve\u013ek\u00e1 zima. Ani v\u00a0takomto po\u010das\u00ed v\u0161ak nebola n\u00fadza o\u00a0\u00fanik, o\u00a0ktor\u00fd sa postarali piati jazdci. Ich snahu v\u0161ak pelot\u00f3n zmaril 32 kilometrov pred cie\u013eom.<strong>V\u00a0z\u00e1vere\u010dnom \u0161printe skon\u010dil Peter Sagan op\u00e4\u0165 na druhom mieste a\u00a0v\u00ed\u0165azom etapy sa stal Jannik Steimle<\/strong> a\u00a0na tre\u0165om mieste skon\u010dil \u00c1lvaro Hodeg, obaja z\u00a0t\u00edmu Deceuninck \u2013 Quick-Step.<\/p>\n<figure id=\"attachment_12956\" aria-describedby=\"caption-attachment-12956\" style=\"width: 1200px\" class=\"wp-caption alignnone\"><a href=\"https:\/\/d2p6e6u75xmxt8.cloudfront.net\/4\/2021\/09\/Report_Okolo-Slovenska_04.jpg\"><img loading=\"lazy\" decoding=\"async\" src=\"https:\/\/d2p6e6u75xmxt8.cloudfront.net\/4\/2021\/09\/Report_Okolo-Slovenska_04.jpg\" alt=\"\" width=\"1200\" height=\"800\" class=\"size-full wp-image-12956\" \/><\/a><figcaption id=\"caption-attachment-12956\" class=\"wp-caption-text\">Foto: \u00a9J\u00e1n Melicher, Okolo Slovenska<\/figcaption><\/figure>\n<h2><strong>3. etapa<\/strong><\/h2>\n<p>Predposledn\u00fd de\u0148 pretekov Okolo Slovenska viedol z\u00a0Doln\u00e9ho Kub\u00edna do Pova\u017eskej Bystrice a\u00a0jazdcov \u010dakalo okrem troch r\u00fdchlostn\u00fdch aj p\u00e4\u0165 horsk\u00fdch pr\u00e9mi\u00ed. Bola to najdlh\u0161ia trasa tohto ro\u010dn\u00edka v\u00a0d\u013a\u017eke 193,2 km. Zamra\u010den\u00e1 obloha a\u00a0studen\u00e9 po\u010dasie potr\u00e1pilo jazdcov aj\u00a0v\u00a0tento de\u0148, av\u0161ak u\u017e to\u013eko nepr\u0161alo. Nech\u00fdbal p\u00e1d v\u00a0\u00favode, ale na\u0161\u0165astie v\u0161etci jazdci pokra\u010dovali \u010falej. \u0160print\u00e9ri v\u00a0cieli pripravili riadnu dr\u00e1mu, ke\u010f sa o\u00a0prvenstvo pobili hne\u010f \u0161tyria favoriti, a\u00a0to Peter Sagan, \u00c1lvaro Hodeg,\u00a0Kaden Groves a Kristoffer Halvorsen. <strong>O\u00a0v\u00ed\u0165azovi nakoniec musela rozhodn\u00fa\u0165 cie\u013eov\u00e1 fotografia a\u00a0stal sa n\u00edm Kristoffer Halvorsen<\/strong>, druh\u00fd bol Kaden Groves a\u00a0tretie miesto obsadil Peter Sagan, ktor\u00fd si udr\u017eal prvenstvo v\u00a0s\u00fa\u0165a\u017ei o\u00a0najlep\u0161ieho dom\u00e1ceho jazdca.<\/p>\n<figure id=\"attachment_12957\" aria-describedby=\"caption-attachment-12957\" style=\"width: 1200px\" class=\"wp-caption alignnone\"><a href=\"https:\/\/d2p6e6u75xmxt8.cloudfront.net\/4\/2021\/09\/Report_Okolo-Slovenska_05.jpg\"><img loading=\"lazy\" decoding=\"async\" src=\"https:\/\/d2p6e6u75xmxt8.cloudfront.net\/4\/2021\/09\/Report_Okolo-Slovenska_05.jpg\" alt=\"\" width=\"1200\" height=\"800\" class=\"size-full wp-image-12957\" \/><\/a><figcaption id=\"caption-attachment-12957\" class=\"wp-caption-text\">Foto: \u00a9J\u00e1n Melicher, Okolo Slovenska<\/figcaption><\/figure>\n<h2><strong>4. etapa<\/strong><\/h2>\n<p>Piaty de\u0148 tohto cyklistick\u00e9ho sviatku bol z\u00e1vere\u010dnou \u010das\u0165ou pretekov a\u00a0\u0161tartovala v k\u00fape\u013enom meste Tren\u010dianske Teplice a\u00a0kon\u010dila v\u00a0Trnave. K\u00a0dispoz\u00edcii boli tri r\u00fdchlostn\u00e9 aj tri horsk\u00e9 pr\u00e9mie. D\u013a\u017eka etapy 159,2 km. Chladn\u00e9 po\u010dasie sa postupne um\u00fadrilo a\u00a0pri pr\u00edchode do Trnavy sa u\u017e dokonca uk\u00e1zalo slnko. Dlh\u00fa dobu sa sna\u017eili vyprofilova\u0165 viacer\u00e9 ne\u00faspe\u0161n\u00e9 \u00faniky a\u017e sa nakoniec v\u00a0celodennom \u00faniku ocitlo 26 jazdcov a\u00a0nech\u00fdbal medzi nimi ani Peter Sagan \u010di Chris Froome. <strong>Tento \u00fanik sa nakoniec dostal a\u017e do cie\u013ea, kde prvenstvo obh\u00e1jil Itamar Einhorn<\/strong>, druh\u00e9 miesto patrilo Petrovi Saganovi a tret\u00ed skon\u010dil Cees Bol. Nakoniec sa na n\u00e1mest\u00ed v\u00a0Trnave rozdali ceny a\u00a0dresy, taktie\u017e sa vyhodnotil aj najlep\u0161\u00ed t\u00edm pretekov, ktor\u00fdm sa stal Team DSM.<\/p>\n<figure id=\"attachment_12958\" aria-describedby=\"caption-attachment-12958\" style=\"width: 1200px\" class=\"wp-caption alignnone\"><a href=\"https:\/\/d2p6e6u75xmxt8.cloudfront.net\/4\/2021\/09\/Report_Okolo-Slovenska_06.jpg\"><img loading=\"lazy\" decoding=\"async\" src=\"https:\/\/d2p6e6u75xmxt8.cloudfront.net\/4\/2021\/09\/Report_Okolo-Slovenska_06.jpg\" alt=\"\" width=\"1200\" height=\"800\" class=\"size-full wp-image-12958\" \/><\/a><figcaption id=\"caption-attachment-12958\" class=\"wp-caption-text\">Foto: \u00a9J\u00e1n Melicher, Okolo Slovenska<\/figcaption><\/figure>\n<p>Napriek tomu, \u017ee sa Petrovi neu\u0161lo \u017eiadne etapov\u00e9 v\u00ed\u0165azstvo, <strong>vyhral celkov\u00e9 poradie, zobral n\u00e1\u0161 sl\u00e1vny zelen\u00fd dres \u0160koda a taktie\u017e bol vyhodnoten\u00fd ako najlep\u0161\u00ed Slov\u00e1k<\/strong>. Po 16 rokoch je tak \u010fal\u0161\u00edm Slov\u00e1kom, ktor\u00fd vyhral celkov\u00fa klasifik\u00e1ciu na pretekoch Okolo Slovenska. <\/p>\n<figure id=\"attachment_12959\" aria-describedby=\"caption-attachment-12959\" style=\"width: 1200px\" class=\"wp-caption alignnone\"><a href=\"https:\/\/d2p6e6u75xmxt8.cloudfront.net\/4\/2021\/09\/Report_Okolo-Slovenska_07.jpg\"><img loading=\"lazy\" decoding=\"async\" src=\"https:\/\/d2p6e6u75xmxt8.cloudfront.net\/4\/2021\/09\/Report_Okolo-Slovenska_07.jpg\" alt=\"\" width=\"1200\" height=\"800\" class=\"size-full wp-image-12959\" \/><\/a><figcaption id=\"caption-attachment-12959\" class=\"wp-caption-text\">Foto: \u00a9J\u00e1n Melicher, Okolo Slovenska<\/figcaption><\/figure>\n<p>Videli sme kr\u00e1sne preteky a\u00a0\u00fa\u017easn\u00fd \u0161portov\u00fd z\u00e1\u017eitok. <strong>Pretek\u00e1ri pre\u0161li celkovo 692,1 km, videli neuverite\u013en\u00fdch 152 miest a\u00a0obc\u00ed, s\u00fa\u0165a\u017eili o\u00a0cenn\u00e9 body na 15 vrch\u00e1rskych a\u00a012 r\u00fdchlostn\u00fdch pr\u00e9mi\u00e1ch<\/strong> \u2013 to je bilancia tohtoro\u010dn\u00fdch pretekov Okolo Slovenska. Udalos\u0165, ktorou \u017eilo cel\u00e9 Slovensko a\u00a0tento rok bola dokonca po prv\u00fdkr\u00e1t v\u00a0hist\u00f3rii sledovan\u00e1 takmer na celom svete, v 46.&nbsp;krajin\u00e1ch, v\u010faka \u0161portov\u00fdm kan\u00e1lom Eurosport \u010di na Slovensku RTVS.<\/p>\n","protected":false},"excerpt":{"rendered":"<p>Tohtoro\u010dn\u00e9 preteky Okolo Slovenska za\u010dali 15. septembra v\u00a0Ko\u0161iciach. Predstavili sa na nich ve\u013ek\u00e9 svetov\u00e9 t\u00edmy ako Deceuninck &#8211; Quick-Step, Bora-Hansgrohe, [&hellip;]<\/p>\n","protected":false},"author":81,"featured_media":12952,"comment_status":"open","ping_status":"open","sticky":false,"template":"","format":"standard","meta":{"footnotes":""},"categories":[4],"tags":[1262,160,115,119,898,574,331,97,46,179,885,39,1311,542,1009,92,1346,523],"global-categories":[1074],"class_list":["post-12951","post","type-post","status-publish","format-standard","has-post-thumbnail","hentry","category-cestna-cyklisitika","tag-astana","tag-bora-hansgrohe","tag-cestna-cyklistika","tag-chris-froome","tag-deceuninck-quick-step","tag-dukla-banska-bystrica","tag-etapove-preteky","tag-okolo-slovenska","tag-peter-sagan","tag-preteky","tag-profesional","tag-reportaz","tag-sezona-2021","tag-skoda","tag-skoda-auto","tag-skoda-tim","tag-skoda-zeleny-dres","tag-slovensko","global-categories-cycling"],"yoast_head":"<!-- This site is optimized with the Yoast SEO Premium plugin v25.3 (Yoast SEO v25.9) - https:\/\/yoast.com\/wordpress\/plugins\/seo\/ -->\n<title>Report\u00e1\u017e: Okolo Slovenska 2021 - \u0160koda We Love Cycling Slovensko<\/title>\n<meta name=\"description\" content=\"Tohtoro\u010dn\u00e9 preteky Okolo Slovenska za\u010dali 15. septembra v\u00a0Ko\u0161iciach. Predstavili sa na nich ve\u013ek\u00e9 svetov\u00e9 t\u00edmy.\" \/>\n<meta name=\"robots\" content=\"index, follow, max-snippet:-1, max-image-preview:large, max-video-preview:-1\" \/>\n<link rel=\"canonical\" href=\"https:\/\/www.welovecycling.com\/sk\/2021\/09\/21\/reportaz-okolo-slovenska-2021\/\" \/>\n<meta property=\"og:locale\" content=\"sk_SK\" \/>\n<meta property=\"og:type\" content=\"article\" \/>\n<meta property=\"og:title\" content=\"Report\u00e1\u017e: Okolo Slovenska 2021\" \/>\n<meta property=\"og:description\" content=\"Tohtoro\u010dn\u00e9 preteky Okolo Slovenska za\u010dali 15. septembra v\u00a0Ko\u0161iciach. Predstavili sa na nich ve\u013ek\u00e9 svetov\u00e9 t\u00edmy.\" \/>\n<meta property=\"og:url\" content=\"https:\/\/www.welovecycling.com\/sk\/2021\/09\/21\/reportaz-okolo-slovenska-2021\/\" \/>\n<meta property=\"og:site_name\" content=\"\u0160koda We Love Cycling Slovensko\" \/>\n<meta property=\"article:published_time\" content=\"2021-09-21T10:00:17+00:00\" \/>\n<meta property=\"og:image\" content=\"https:\/\/d2p6e6u75xmxt8.cloudfront.net\/4\/2021\/09\/Report_Okolo-Slovenska_00.webp\" \/>\n\t<meta property=\"og:image:width\" content=\"1380\" \/>\n\t<meta property=\"og:image:height\" content=\"600\" \/>\n\t<meta property=\"og:image:type\" content=\"image\/webp\" \/>\n<meta name=\"twitter:card\" content=\"summary_large_image\" \/>\n<meta name=\"twitter:label1\" content=\"Written by\" \/>\n\t<meta name=\"twitter:data1\" content=\"WeLoveCycling\" \/>\n\t<meta name=\"twitter:label2\" content=\"Est. reading time\" \/>\n\t<meta name=\"twitter:data2\" content=\"2\" \/>\n<script type=\"application\/ld+json\" class=\"yoast-schema-graph\">{\"@context\":\"https:\/\/schema.org\",\"@graph\":[{\"@type\":\"WebPage\",\"@id\":\"https:\/\/www.welovecycling.com\/sk\/2021\/09\/21\/reportaz-okolo-slovenska-2021\/\",\"url\":\"https:\/\/www.welovecycling.com\/sk\/2021\/09\/21\/reportaz-okolo-slovenska-2021\/\",\"name\":\"Report\u00e1\u017e: Okolo Slovenska 2021 - \u0160koda We Love Cycling Slovensko\",\"isPartOf\":{\"@id\":\"https:\/\/www.welovecycling.com\/sk\/#website\"},\"primaryImageOfPage\":{\"@id\":\"https:\/\/www.welovecycling.com\/sk\/2021\/09\/21\/reportaz-okolo-slovenska-2021\/#primaryimage\"},\"image\":{\"@id\":\"https:\/\/www.welovecycling.com\/sk\/2021\/09\/21\/reportaz-okolo-slovenska-2021\/#primaryimage\"},\"thumbnailUrl\":\"https:\/\/d2p6e6u75xmxt8.cloudfront.net\/4\/2021\/09\/Report_Okolo-Slovenska_00.webp\",\"datePublished\":\"2021-09-21T10:00:17+00:00\",\"author\":{\"@id\":\"\"},\"description\":\"Tohtoro\u010dn\u00e9 preteky Okolo Slovenska za\u010dali 15. septembra v\u00a0Ko\u0161iciach. Predstavili sa na nich ve\u013ek\u00e9 svetov\u00e9 t\u00edmy.\",\"breadcrumb\":{\"@id\":\"https:\/\/www.welovecycling.com\/sk\/2021\/09\/21\/reportaz-okolo-slovenska-2021\/#breadcrumb\"},\"inLanguage\":\"sk-SK\",\"potentialAction\":[{\"@type\":\"ReadAction\",\"target\":[\"https:\/\/www.welovecycling.com\/sk\/2021\/09\/21\/reportaz-okolo-slovenska-2021\/\"]}]},{\"@type\":\"ImageObject\",\"inLanguage\":\"sk-SK\",\"@id\":\"https:\/\/www.welovecycling.com\/sk\/2021\/09\/21\/reportaz-okolo-slovenska-2021\/#primaryimage\",\"url\":\"https:\/\/d2p6e6u75xmxt8.cloudfront.net\/4\/2021\/09\/Report_Okolo-Slovenska_00.webp\",\"contentUrl\":\"https:\/\/d2p6e6u75xmxt8.cloudfront.net\/4\/2021\/09\/Report_Okolo-Slovenska_00.webp\",\"width\":1380,\"height\":600},{\"@type\":\"BreadcrumbList\",\"@id\":\"https:\/\/www.welovecycling.com\/sk\/2021\/09\/21\/reportaz-okolo-slovenska-2021\/#breadcrumb\",\"itemListElement\":[{\"@type\":\"ListItem\",\"position\":1,\"name\":\"Home\",\"item\":\"https:\/\/www.welovecycling.com\/sk\/\"},{\"@type\":\"ListItem\",\"position\":2,\"name\":\"Report\u00e1\u017e: Okolo Slovenska 2021\"}]},{\"@type\":\"WebSite\",\"@id\":\"https:\/\/www.welovecycling.com\/sk\/#website\",\"url\":\"https:\/\/www.welovecycling.com\/sk\/\",\"name\":\"\u0160koda We Love Cycling Slovensko\",\"description\":\"\u0160koda We Love Cycling Slovensko je v\u00e1\u0161 ka\u017edodenn\u00fd zdroj noviniek a in\u0161pir\u00e1cie z sveta cyklistiky\",\"potentialAction\":[{\"@type\":\"SearchAction\",\"target\":{\"@type\":\"EntryPoint\",\"urlTemplate\":\"https:\/\/www.welovecycling.com\/sk\/?s={search_term_string}\"},\"query-input\":{\"@type\":\"PropertyValueSpecification\",\"valueRequired\":true,\"valueName\":\"search_term_string\"}}],\"inLanguage\":\"sk-SK\"},{\"@type\":\"Person\",\"@id\":\"\",\"url\":\"https:\/\/www.welovecycling.com\/sk\/author\/\"}]}<\/script>\n<!-- \/ Yoast SEO Premium plugin. -->","yoast_head_json":{"title":"Report\u00e1\u017e: Okolo Slovenska 2021 - \u0160koda We Love Cycling Slovensko","description":"Tohtoro\u010dn\u00e9 preteky Okolo Slovenska za\u010dali 15. septembra v\u00a0Ko\u0161iciach. Predstavili sa na nich ve\u013ek\u00e9 svetov\u00e9 t\u00edmy.","robots":{"index":"index","follow":"follow","max-snippet":"max-snippet:-1","max-image-preview":"max-image-preview:large","max-video-preview":"max-video-preview:-1"},"canonical":"https:\/\/www.welovecycling.com\/sk\/2021\/09\/21\/reportaz-okolo-slovenska-2021\/","og_locale":"sk_SK","og_type":"article","og_title":"Report\u00e1\u017e: Okolo Slovenska 2021","og_description":"Tohtoro\u010dn\u00e9 preteky Okolo Slovenska za\u010dali 15. septembra v\u00a0Ko\u0161iciach. Predstavili sa na nich ve\u013ek\u00e9 svetov\u00e9 t\u00edmy.","og_url":"https:\/\/www.welovecycling.com\/sk\/2021\/09\/21\/reportaz-okolo-slovenska-2021\/","og_site_name":"\u0160koda We Love Cycling Slovensko","article_published_time":"2021-09-21T10:00:17+00:00","og_image":[{"width":1380,"height":600,"url":"https:\/\/d2p6e6u75xmxt8.cloudfront.net\/4\/2021\/09\/Report_Okolo-Slovenska_00.webp","type":"image\/webp"}],"twitter_card":"summary_large_image","twitter_misc":{"Written by":"WeLoveCycling","Est. reading time":"2"},"schema":{"@context":"https:\/\/schema.org","@graph":[{"@type":"WebPage","@id":"https:\/\/www.welovecycling.com\/sk\/2021\/09\/21\/reportaz-okolo-slovenska-2021\/","url":"https:\/\/www.welovecycling.com\/sk\/2021\/09\/21\/reportaz-okolo-slovenska-2021\/","name":"Report\u00e1\u017e: Okolo Slovenska 2021 - \u0160koda We Love Cycling Slovensko","isPartOf":{"@id":"https:\/\/www.welovecycling.com\/sk\/#website"},"primaryImageOfPage":{"@id":"https:\/\/www.welovecycling.com\/sk\/2021\/09\/21\/reportaz-okolo-slovenska-2021\/#primaryimage"},"image":{"@id":"https:\/\/www.welovecycling.com\/sk\/2021\/09\/21\/reportaz-okolo-slovenska-2021\/#primaryimage"},"thumbnailUrl":"https:\/\/d2p6e6u75xmxt8.cloudfront.net\/4\/2021\/09\/Report_Okolo-Slovenska_00.webp","datePublished":"2021-09-21T10:00:17+00:00","author":{"@id":""},"description":"Tohtoro\u010dn\u00e9 preteky Okolo Slovenska za\u010dali 15. septembra v\u00a0Ko\u0161iciach. Predstavili sa na nich ve\u013ek\u00e9 svetov\u00e9 t\u00edmy.","breadcrumb":{"@id":"https:\/\/www.welovecycling.com\/sk\/2021\/09\/21\/reportaz-okolo-slovenska-2021\/#breadcrumb"},"inLanguage":"sk-SK","potentialAction":[{"@type":"ReadAction","target":["https:\/\/www.welovecycling.com\/sk\/2021\/09\/21\/reportaz-okolo-slovenska-2021\/"]}]},{"@type":"ImageObject","inLanguage":"sk-SK","@id":"https:\/\/www.welovecycling.com\/sk\/2021\/09\/21\/reportaz-okolo-slovenska-2021\/#primaryimage","url":"https:\/\/d2p6e6u75xmxt8.cloudfront.net\/4\/2021\/09\/Report_Okolo-Slovenska_00.webp","contentUrl":"https:\/\/d2p6e6u75xmxt8.cloudfront.net\/4\/2021\/09\/Report_Okolo-Slovenska_00.webp","width":1380,"height":600},{"@type":"BreadcrumbList","@id":"https:\/\/www.welovecycling.com\/sk\/2021\/09\/21\/reportaz-okolo-slovenska-2021\/#breadcrumb","itemListElement":[{"@type":"ListItem","position":1,"name":"Home","item":"https:\/\/www.welovecycling.com\/sk\/"},{"@type":"ListItem","position":2,"name":"Report\u00e1\u017e: Okolo Slovenska 2021"}]},{"@type":"WebSite","@id":"https:\/\/www.welovecycling.com\/sk\/#website","url":"https:\/\/www.welovecycling.com\/sk\/","name":"\u0160koda We Love Cycling Slovensko","description":"\u0160koda We Love Cycling Slovensko je v\u00e1\u0161 ka\u017edodenn\u00fd zdroj noviniek a in\u0161pir\u00e1cie z sveta cyklistiky","potentialAction":[{"@type":"SearchAction","target":{"@type":"EntryPoint","urlTemplate":"https:\/\/www.welovecycling.com\/sk\/?s={search_term_string}"},"query-input":{"@type":"PropertyValueSpecification","valueRequired":true,"valueName":"search_term_string"}}],"inLanguage":"sk-SK"},{"@type":"Person","@id":"","url":"https:\/\/www.welovecycling.com\/sk\/author\/"}]}},"_links":{"self":[{"href":"https:\/\/www.welovecycling.com\/sk\/wp-json\/wp\/v2\/posts\/12951","targetHints":{"allow":["GET"]}}],"collection":[{"href":"https:\/\/www.welovecycling.com\/sk\/wp-json\/wp\/v2\/posts"}],"about":[{"href":"https:\/\/www.welovecycling.com\/sk\/wp-json\/wp\/v2\/types\/post"}],"author":[{"embeddable":true,"href":"https:\/\/www.welovecycling.com\/sk\/wp-json\/wp\/v2\/users\/81"}],"replies":[{"embeddable":true,"href":"https:\/\/www.welovecycling.com\/sk\/wp-json\/wp\/v2\/comments?post=12951"}],"version-history":[{"count":2,"href":"https:\/\/www.welovecycling.com\/sk\/wp-json\/wp\/v2\/posts\/12951\/revisions"}],"predecessor-version":[{"id":12988,"href":"https:\/\/www.welovecycling.com\/sk\/wp-json\/wp\/v2\/posts\/12951\/revisions\/12988"}],"wp:featuredmedia":[{"embeddable":true,"href":"https:\/\/www.welovecycling.com\/sk\/wp-json\/wp\/v2\/media\/12952"}],"wp:attachment":[{"href":"https:\/\/www.welovecycling.com\/sk\/wp-json\/wp\/v2\/media?parent=12951"}],"wp:term":[{"taxonomy":"category","embeddable":true,"href":"https:\/\/www.welovecycling.com\/sk\/wp-json\/wp\/v2\/categories?post=12951"},{"taxonomy":"post_tag","embeddable":true,"href":"https:\/\/www.welovecycling.com\/sk\/wp-json\/wp\/v2\/tags?post=12951"},{"taxonomy":"global-categories","embeddable":true,"href":"https:\/\/www.welovecycling.com\/sk\/wp-json\/wp\/v2\/global-categories?post=12951"}],"curies":[{"name":"wp","href":"https:\/\/api.w.org\/{rel}","templated":true}]}}