{"id":1295,"date":"2017-06-29T02:18:57","date_gmt":"2017-06-29T00:18:57","guid":{"rendered":"https:\/\/www.welovecycling.com\/sk\/?p=1295"},"modified":"2017-12-18T13:11:35","modified_gmt":"2017-12-18T12:11:35","slug":"zapojte-sa-do-nasej-sutaze-s-tour-de-france","status":"publish","type":"post","link":"https:\/\/www.welovecycling.com\/sk\/2017\/06\/29\/zapojte-sa-do-nasej-sutaze-s-tour-de-france\/","title":{"rendered":"Zapojte sa do na\u0161ej s\u00fa\u0165a\u017ee s&nbsp;Tour de France!"},"content":{"rendered":"<p><strong>Najv\u00e4\u010d\u0161\u00ed cyklistick\u00fd sviatok na svete si zasl\u00fa\u017ei skuto\u010dn\u00fa oslavu. Sl\u00e1vi\u0165 by ho mali nielen profesion\u00e1lni \u0161portovci, ale v\u0161etci skuto\u010dn\u00ed milovn\u00edci jazdy na bicykli. Rovnako ako minul\u00fd rok chceme v r\u00e1mci We Love Cycling prinies\u0165 ve\u013ekolep\u00fa a neop\u00edsate\u013en\u00fa atmosf\u00e9ru Le Tour bli\u017e\u0161ie k\u00a0v\u00e1m, a preto do popredia prich\u00e1dza na\u0161a s\u00fa\u0165a\u017e Tour de France!<\/strong><!--more--><\/p>\n<p>Cel\u00e1 s\u00fa\u0165a\u017e sa za\u010d\u00edna 1. j\u00fala a ur\u010dite by ste nemali vynecha\u0165 \u017eiadne z jej troch k\u00f4l, ktor\u00e9 sa uskuto\u010dnia po\u010das troch po sebe nasleduj\u00facich t\u00fd\u017ed\u0148ov. Pred ka\u017ed\u00fdm kolom mus\u00edte vyplni\u0165 kv\u00edz obsahuj\u00faci d\u00f4myseln\u00e9 ot\u00e1zky s\u00a0viacer\u00fdmi mo\u017enos\u0165ami odpoved\u00ed t\u00fdkaj\u00face sa r\u00f4znych t\u00e9m a faktov s\u00favisiacich s Tour de France. M\u00f4\u017eete sa z\u00fa\u010dastni\u0165 iba jedn\u00e9ho, \u200b\u200bdvoch alebo v\u0161etk\u00fdch troch k\u00f4l.<\/p>\n\n<h4><strong>1. kolo sa uskuto\u010dn\u00ed od 1. do 8. j\u00fala a umo\u017en\u00ed v\u00e1m z\u00edska\u0165 jednu z nasleduj\u00facich cien:<\/strong><\/h4>\n<p>&#8211; 3x exkluz\u00edvny trojd\u0148ov\u00fd z\u00e1jazd na etapu Tour de France, vr\u00e1tane preletu helikopt\u00e9rou nad pelot\u00f3nom<\/p>\n<p>&#8211; 3x zelen\u00fd dres \u0160koda<\/p>\n<p>&#8211; 3x bal\u00ed\u010dek reklamn\u00fdch predmetov We Love Cycling<\/p>\n<p>&nbsp;<\/p>\n<h4><strong>2. kolo sa uskuto\u010dn\u00ed od 9. do 15. j\u00fala a poskytne v\u00e1m \u0161ancu vyhra\u0165 jednu z t\u00fdchto cien:<\/strong><\/h4>\n<p>&#8211; 2x exkluz\u00edvny trojd\u0148ov\u00fd z\u00e1jazd na etapu Tour de France, vr\u00e1tane preletu helikopt\u00e9rou nad pelot\u00f3nom<\/p>\n<p>&#8211; 3x zelen\u00fd dres \u0160koda<\/p>\n<p>&#8211; 3x bal\u00ed\u010dek reklamn\u00fdch predmetov We Love Cycling<\/p>\n<p>&nbsp;<\/p>\n<h4><strong>3. kolo sa uskuto\u010dn\u00ed od 16. do 23 . j\u00fala a bude obrovsk\u00fdm poku\u0161en\u00edm pre v\u0161etk\u00fdch akt\u00edvnych fan\u00fa\u0161ikov cyklistiky, preto\u017ee obsahuje:<\/strong><\/h4>\n<p>&#8211; 3x cyklistick\u00fd kemp Stephena Rocheho na Mallorce \u2013 trojd\u0148ov\u00fd tr\u00e9ningov\u00fd cyklistick\u00fd t\u00e1bor v spolo\u010dnosti Stephena a sk\u00fasen\u00fdch tr\u00e9nerov<\/p>\n<p>&#8211; 1x autentick\u00fd zelen\u00fd dres &#8211; (podp\u00edsan\u00fd ka\u017ed\u00fdm jazdcom, ktor\u00fd ho na tohtoro\u010dnej Tour nosil)<\/p>\n<p>&#8211; 3x bal\u00ed\u010dek reklamn\u00fdch predmetov We Love Cycling<\/p>\n<p>Chcete vedie\u0165, \u010do na v\u00e1\u0161 \u010dak\u00e1 v pr\u00edpade, \u017ee budete ma\u0165 na svojej strane poriadny kus \u0161\u0165astia a zamierite na slne\u010dn\u00fa Mallorcu, aby ste za\u017eili najv\u00e4\u010d\u0161\u00ed z\u00e1\u017eitok svojho \u017eivota so Stephenom Rochem? Zist\u00edte to v <strong><a href=\"\/wide\/2017\/06\/22\/video-stephen-roche-cycling-camp-experience\/\" target=\"_blank\" rel=\"noopener noreferrer\">na\u0161om \u010dl\u00e1nku<\/a><\/strong>.<\/p>\n<p>&nbsp;<\/p>\n<div class=\"shortcode-ys-post-pinup\"><article class=\"loop-simple post-1298 post type-post status-publish format-video has-post-thumbnail hentry category-cestna-cyklisitika category-legendy tag-cestna-cyklistika tag-eddie-merckx tag-la-plagne tag-sean-kelly tag-stephen-roche tag-tour-de-france tag-tour-de-france-1987 tag-triple-crown-of-cycling post_format-post-format-video\" data-postid=\"1298\" role=\"article\" data-post-id=\"1298\" data-word-count=\"377\" data-headline-length=\"71\" data-category=\"Cestn\u00e1 cyklistika\" data-author=\"We Love Cycling\" data-published=\"2017-06-26T00:53:26+02:00\" data-published-day=\"Monday\">\n    <div class=\"entry-thumbnail article-thumbnail video-thumbnail\" content=\"https:\/\/d2p6e6u75xmxt8.cloudfront.net\/4\/2017\/06\/profimedia-0068376051-1-150x150.webp\"><svg class=\"play font-icon\"><use href=\"#play_round\" xlink:href=\"#play_round\"><\/use><\/svg><a href=\"https:\/\/www.welovecycling.com\/sk\/2017\/06\/26\/vzostupy-pady-stephena-rocheho-bez-hranic-bez-vyhovoriek\/\" class=\"image-holder\" target=\"_self\"><img decoding=\"async\" loading=\"lazy\" class=\"\" src=\"https:\/\/d2p6e6u75xmxt8.cloudfront.net\/4\/2017\/06\/profimedia-0068376051-1-1024x447.webp\" srcset=\"https:\/\/d2p6e6u75xmxt8.cloudfront.net\/4\/2017\/06\/profimedia-0068376051-1.webp 1800w, https:\/\/d2p6e6u75xmxt8.cloudfront.net\/4\/2017\/06\/profimedia-0068376051-1-300x131.webp 300w, https:\/\/d2p6e6u75xmxt8.cloudfront.net\/4\/2017\/06\/profimedia-0068376051-1-1024x447.webp 1024w, https:\/\/d2p6e6u75xmxt8.cloudfront.net\/4\/2017\/06\/profimedia-0068376051-1-768x335.webp 768w, https:\/\/d2p6e6u75xmxt8.cloudfront.net\/4\/2017\/06\/profimedia-0068376051-1-1536x670.webp 1536w\" width=\"1024\" height=\"447\" sizes=\"auto, (min-width: 1200px) 458px, (min-width: 768px) 38vw, 100vw\" alt=\"vzostupy-pady-stephena-rocheho-bez-hranic-bez-vyhovoriek\"\/><\/a><\/div>    <div class=\"entry-meta\">\n        <a class=\"label label-secondary post-category\" href=\"https:\/\/www.welovecycling.com\/sk\/category\/cestna-cyklisitika\/\" title=\"Cestn\u00e1 cyklistika\">Cestn\u00e1 cyklistika<\/a>\n    <\/div>\n    <div class=\"entry-details\">\n        <a href=\"https:\/\/www.welovecycling.com\/sk\/2017\/06\/26\/vzostupy-pady-stephena-rocheho-bez-hranic-bez-vyhovoriek\/\" class='entry-title-wrapper'>\n            <h3 class=\"entry-title\"><span>Vzostupy a p\u00e1dy Stephena Rocheho &#8211; bez hran\u00edc a bez v\u00fdhovoriek<\/span><\/h3>\n        <\/a>\n    <\/div>\n    <\/article>\n<\/div>\n<p>V\u00fdsledky ka\u017ed\u00e9ho kola bud\u00fa ozn\u00e1men\u00e9 de\u0148 po skon\u010den\u00ed pr\u00edslu\u0161n\u00e9ho kola. Z toho d\u00f4vodu bud\u00fa v\u00ed\u0165azi 1. kola vyhl\u00e1sen\u00ed d\u0148a 9. j\u00fala , 2. kola 16. j\u00fala a 3. kola 24. j\u00fala . V\u00ed\u0165azi bud\u00fa kontaktovan\u00ed prostredn\u00edctvom uvedenej e-mailovej adresy, ktor\u00fa zadali po\u010das vypl\u0148ovania kv\u00edzov. Podrobn\u00e9 inform\u00e1cie a kompletn\u00e9 pravidl\u00e1 s\u00fa\u0165a\u017ee n\u00e1jdete na <a href=\"\/sk\/tour-de-france-2017\/\"><strong>\u00favodnej str\u00e1nke<\/strong><\/a> s\u00fa\u0165a\u017ee.<\/p>\n<p><img loading=\"lazy\" decoding=\"async\" class=\"alignnone wp-image-1566 size-full\" src=\"https:\/\/d2p6e6u75xmxt8.cloudfront.net\/4\/2017\/07\/TDF_banner_02.jpg\" alt=\"\" width=\"780\" height=\"180\" \/><\/p>\n","protected":false},"excerpt":{"rendered":"<p>Najv\u00e4\u010d\u0161\u00ed cyklistick\u00fd sviatok na svete si zasl\u00fa\u017ei skuto\u010dn\u00fa oslavu. Sl\u00e1vi\u0165 by ho mali nielen profesion\u00e1lni \u0161portovci, ale v\u0161etci skuto\u010dn\u00ed milovn\u00edci [&hellip;]<\/p>\n","protected":false},"author":38,"featured_media":1308,"comment_status":"open","ping_status":"open","sticky":false,"template":"","format":"standard","meta":{"footnotes":""},"categories":[4,117,118],"tags":[115,146,145,144,72,20,108],"global-categories":[],"class_list":["post-1295","post","type-post","status-publish","format-standard","has-post-thumbnail","hentry","category-cestna-cyklisitika","category-tour-de-france","category-zabava","tag-cestna-cyklistika","tag-kemp-stephena-rocheho","tag-podpisany-zeleny-dres","tag-prelet-helikopterou","tag-sutaz","tag-tour-de-france","tag-tour-de-france-2017"],"yoast_head":"<!-- This site is optimized with the Yoast SEO Premium plugin v25.3 (Yoast SEO v25.9) - https:\/\/yoast.com\/wordpress\/plugins\/seo\/ -->\n<title>Zapojte sa do na\u0161ej s\u00fa\u0165a\u017ee s&nbsp;Tour de France! - \u0160koda We Love Cycling Slovensko<\/title>\n<meta name=\"robots\" content=\"index, follow, max-snippet:-1, max-image-preview:large, max-video-preview:-1\" \/>\n<link rel=\"canonical\" href=\"https:\/\/www.welovecycling.com\/sk\/2017\/06\/29\/zapojte-sa-do-nasej-sutaze-s-tour-de-france\/\" \/>\n<meta property=\"og:locale\" content=\"sk_SK\" \/>\n<meta property=\"og:type\" content=\"article\" \/>\n<meta property=\"og:title\" content=\"Zapojte sa do na\u0161ej s\u00fa\u0165a\u017ee s&nbsp;Tour de France!\" \/>\n<meta property=\"og:description\" content=\"Najv\u00e4\u010d\u0161\u00ed cyklistick\u00fd sviatok na svete si zasl\u00fa\u017ei skuto\u010dn\u00fa oslavu. Sl\u00e1vi\u0165 by ho mali nielen profesion\u00e1lni \u0161portovci, ale v\u0161etci skuto\u010dn\u00ed milovn\u00edci [&hellip;]\" \/>\n<meta property=\"og:url\" content=\"https:\/\/www.welovecycling.com\/sk\/2017\/06\/29\/zapojte-sa-do-nasej-sutaze-s-tour-de-france\/\" \/>\n<meta property=\"og:site_name\" content=\"\u0160koda We Love Cycling Slovensko\" \/>\n<meta property=\"article:published_time\" content=\"2017-06-29T00:18:57+00:00\" \/>\n<meta property=\"article:modified_time\" content=\"2017-12-18T12:11:35+00:00\" \/>\n<meta property=\"og:image\" content=\"https:\/\/d2p6e6u75xmxt8.cloudfront.net\/4\/2017\/06\/Cover.webp\" \/>\n\t<meta property=\"og:image:width\" content=\"1375\" \/>\n\t<meta property=\"og:image:height\" content=\"600\" \/>\n\t<meta property=\"og:image:type\" content=\"image\/webp\" \/>\n<meta name=\"author\" content=\"Ondrej Ga\u0161par\" \/>\n<meta name=\"twitter:card\" content=\"summary_large_image\" \/>\n<meta name=\"twitter:label1\" content=\"Written by\" \/>\n\t<meta name=\"twitter:data1\" content=\"We Love Cycling\" \/>\n\t<meta name=\"twitter:label2\" content=\"Est. watching time\" \/>\n\t<meta name=\"twitter:data2\" content=\"1:33\" \/>\n<script type=\"application\/ld+json\" class=\"yoast-schema-graph\">{\"@context\":\"https:\/\/schema.org\",\"@graph\":[{\"@type\":\"WebPage\",\"@id\":\"https:\/\/www.welovecycling.com\/sk\/2017\/06\/29\/zapojte-sa-do-nasej-sutaze-s-tour-de-france\/\",\"url\":\"https:\/\/www.welovecycling.com\/sk\/2017\/06\/29\/zapojte-sa-do-nasej-sutaze-s-tour-de-france\/\",\"name\":\"Zapojte sa do na\u0161ej s\u00fa\u0165a\u017ee s&nbsp;Tour de France! - \u0160koda We Love Cycling Slovensko\",\"isPartOf\":{\"@id\":\"https:\/\/www.welovecycling.com\/sk\/#website\"},\"primaryImageOfPage\":{\"@id\":\"https:\/\/www.welovecycling.com\/sk\/2017\/06\/29\/zapojte-sa-do-nasej-sutaze-s-tour-de-france\/#primaryimage\"},\"image\":{\"@id\":\"https:\/\/www.welovecycling.com\/sk\/2017\/06\/29\/zapojte-sa-do-nasej-sutaze-s-tour-de-france\/#primaryimage\"},\"thumbnailUrl\":\"https:\/\/d2p6e6u75xmxt8.cloudfront.net\/4\/2017\/06\/Cover.webp\",\"datePublished\":\"2017-06-29T00:18:57+00:00\",\"dateModified\":\"2017-12-18T12:11:35+00:00\",\"author\":{\"@id\":\"https:\/\/www.welovecycling.com\/sk\/#\/schema\/person\/8ee09ba39b7e25b1870160aa5b3a89bc\"},\"breadcrumb\":{\"@id\":\"https:\/\/www.welovecycling.com\/sk\/2017\/06\/29\/zapojte-sa-do-nasej-sutaze-s-tour-de-france\/#breadcrumb\"},\"inLanguage\":\"sk-SK\",\"potentialAction\":[{\"@type\":\"ReadAction\",\"target\":[\"https:\/\/www.welovecycling.com\/sk\/2017\/06\/29\/zapojte-sa-do-nasej-sutaze-s-tour-de-france\/\"]}]},{\"@type\":\"ImageObject\",\"inLanguage\":\"sk-SK\",\"@id\":\"https:\/\/www.welovecycling.com\/sk\/2017\/06\/29\/zapojte-sa-do-nasej-sutaze-s-tour-de-france\/#primaryimage\",\"url\":\"https:\/\/d2p6e6u75xmxt8.cloudfront.net\/4\/2017\/06\/Cover.webp\",\"contentUrl\":\"https:\/\/d2p6e6u75xmxt8.cloudfront.net\/4\/2017\/06\/Cover.webp\",\"width\":1375,\"height\":600},{\"@type\":\"BreadcrumbList\",\"@id\":\"https:\/\/www.welovecycling.com\/sk\/2017\/06\/29\/zapojte-sa-do-nasej-sutaze-s-tour-de-france\/#breadcrumb\",\"itemListElement\":[{\"@type\":\"ListItem\",\"position\":1,\"name\":\"Home\",\"item\":\"https:\/\/www.welovecycling.com\/sk\/\"},{\"@type\":\"ListItem\",\"position\":2,\"name\":\"Zapojte sa do na\u0161ej s\u00fa\u0165a\u017ee s&nbsp;Tour de France!\"}]},{\"@type\":\"WebSite\",\"@id\":\"https:\/\/www.welovecycling.com\/sk\/#website\",\"url\":\"https:\/\/www.welovecycling.com\/sk\/\",\"name\":\"\u0160koda We Love Cycling Slovensko\",\"description\":\"\u0160koda We Love Cycling Slovensko je v\u00e1\u0161 ka\u017edodenn\u00fd zdroj noviniek a in\u0161pir\u00e1cie z sveta cyklistiky\",\"potentialAction\":[{\"@type\":\"SearchAction\",\"target\":{\"@type\":\"EntryPoint\",\"urlTemplate\":\"https:\/\/www.welovecycling.com\/sk\/?s={search_term_string}\"},\"query-input\":{\"@type\":\"PropertyValueSpecification\",\"valueRequired\":true,\"valueName\":\"search_term_string\"}}],\"inLanguage\":\"sk-SK\"},{\"@type\":\"Person\",\"@id\":\"https:\/\/www.welovecycling.com\/sk\/#\/schema\/person\/8ee09ba39b7e25b1870160aa5b3a89bc\",\"name\":\"Ondrej Ga\u0161par\",\"image\":{\"@type\":\"ImageObject\",\"inLanguage\":\"sk-SK\",\"@id\":\"https:\/\/www.welovecycling.com\/sk\/#\/schema\/person\/image\/\",\"url\":\"https:\/\/secure.gravatar.com\/avatar\/6126c9afb87b70da5abbb083ddbb21933da15f18f8ca7cb822aba0fb096a48f6?s=96&d=mm&r=g\",\"contentUrl\":\"https:\/\/secure.gravatar.com\/avatar\/6126c9afb87b70da5abbb083ddbb21933da15f18f8ca7cb822aba0fb096a48f6?s=96&d=mm&r=g\",\"caption\":\"Ondrej Ga\u0161par\"},\"url\":\"https:\/\/www.welovecycling.com\/sk\/author\/ondrejgaspar\/\"}]}<\/script>\n<!-- \/ Yoast SEO Premium plugin. -->","yoast_head_json":{"title":"Zapojte sa do na\u0161ej s\u00fa\u0165a\u017ee s&nbsp;Tour de France! - \u0160koda We Love Cycling Slovensko","robots":{"index":"index","follow":"follow","max-snippet":"max-snippet:-1","max-image-preview":"max-image-preview:large","max-video-preview":"max-video-preview:-1"},"canonical":"https:\/\/www.welovecycling.com\/sk\/2017\/06\/29\/zapojte-sa-do-nasej-sutaze-s-tour-de-france\/","og_locale":"sk_SK","og_type":"article","og_title":"Zapojte sa do na\u0161ej s\u00fa\u0165a\u017ee s&nbsp;Tour de France!","og_description":"Najv\u00e4\u010d\u0161\u00ed cyklistick\u00fd sviatok na svete si zasl\u00fa\u017ei skuto\u010dn\u00fa oslavu. Sl\u00e1vi\u0165 by ho mali nielen profesion\u00e1lni \u0161portovci, ale v\u0161etci skuto\u010dn\u00ed milovn\u00edci [&hellip;]","og_url":"https:\/\/www.welovecycling.com\/sk\/2017\/06\/29\/zapojte-sa-do-nasej-sutaze-s-tour-de-france\/","og_site_name":"\u0160koda We Love Cycling Slovensko","article_published_time":"2017-06-29T00:18:57+00:00","article_modified_time":"2017-12-18T12:11:35+00:00","og_image":[{"width":1375,"height":600,"url":"https:\/\/d2p6e6u75xmxt8.cloudfront.net\/4\/2017\/06\/Cover.webp","type":"image\/webp"}],"author":"Ondrej Ga\u0161par","twitter_card":"summary_large_image","twitter_misc":{"Written by":"We Love Cycling","Est. watching time":"1:33"},"schema":{"@context":"https:\/\/schema.org","@graph":[{"@type":"WebPage","@id":"https:\/\/www.welovecycling.com\/sk\/2017\/06\/29\/zapojte-sa-do-nasej-sutaze-s-tour-de-france\/","url":"https:\/\/www.welovecycling.com\/sk\/2017\/06\/29\/zapojte-sa-do-nasej-sutaze-s-tour-de-france\/","name":"Zapojte sa do na\u0161ej s\u00fa\u0165a\u017ee s&nbsp;Tour de France! - \u0160koda We Love Cycling Slovensko","isPartOf":{"@id":"https:\/\/www.welovecycling.com\/sk\/#website"},"primaryImageOfPage":{"@id":"https:\/\/www.welovecycling.com\/sk\/2017\/06\/29\/zapojte-sa-do-nasej-sutaze-s-tour-de-france\/#primaryimage"},"image":{"@id":"https:\/\/www.welovecycling.com\/sk\/2017\/06\/29\/zapojte-sa-do-nasej-sutaze-s-tour-de-france\/#primaryimage"},"thumbnailUrl":"https:\/\/d2p6e6u75xmxt8.cloudfront.net\/4\/2017\/06\/Cover.webp","datePublished":"2017-06-29T00:18:57+00:00","dateModified":"2017-12-18T12:11:35+00:00","author":{"@id":"https:\/\/www.welovecycling.com\/sk\/#\/schema\/person\/8ee09ba39b7e25b1870160aa5b3a89bc"},"breadcrumb":{"@id":"https:\/\/www.welovecycling.com\/sk\/2017\/06\/29\/zapojte-sa-do-nasej-sutaze-s-tour-de-france\/#breadcrumb"},"inLanguage":"sk-SK","potentialAction":[{"@type":"ReadAction","target":["https:\/\/www.welovecycling.com\/sk\/2017\/06\/29\/zapojte-sa-do-nasej-sutaze-s-tour-de-france\/"]}]},{"@type":"ImageObject","inLanguage":"sk-SK","@id":"https:\/\/www.welovecycling.com\/sk\/2017\/06\/29\/zapojte-sa-do-nasej-sutaze-s-tour-de-france\/#primaryimage","url":"https:\/\/d2p6e6u75xmxt8.cloudfront.net\/4\/2017\/06\/Cover.webp","contentUrl":"https:\/\/d2p6e6u75xmxt8.cloudfront.net\/4\/2017\/06\/Cover.webp","width":1375,"height":600},{"@type":"BreadcrumbList","@id":"https:\/\/www.welovecycling.com\/sk\/2017\/06\/29\/zapojte-sa-do-nasej-sutaze-s-tour-de-france\/#breadcrumb","itemListElement":[{"@type":"ListItem","position":1,"name":"Home","item":"https:\/\/www.welovecycling.com\/sk\/"},{"@type":"ListItem","position":2,"name":"Zapojte sa do na\u0161ej s\u00fa\u0165a\u017ee s&nbsp;Tour de France!"}]},{"@type":"WebSite","@id":"https:\/\/www.welovecycling.com\/sk\/#website","url":"https:\/\/www.welovecycling.com\/sk\/","name":"\u0160koda We Love Cycling Slovensko","description":"\u0160koda We Love Cycling Slovensko je v\u00e1\u0161 ka\u017edodenn\u00fd zdroj noviniek a in\u0161pir\u00e1cie z sveta cyklistiky","potentialAction":[{"@type":"SearchAction","target":{"@type":"EntryPoint","urlTemplate":"https:\/\/www.welovecycling.com\/sk\/?s={search_term_string}"},"query-input":{"@type":"PropertyValueSpecification","valueRequired":true,"valueName":"search_term_string"}}],"inLanguage":"sk-SK"},{"@type":"Person","@id":"https:\/\/www.welovecycling.com\/sk\/#\/schema\/person\/8ee09ba39b7e25b1870160aa5b3a89bc","name":"Ondrej Ga\u0161par","image":{"@type":"ImageObject","inLanguage":"sk-SK","@id":"https:\/\/www.welovecycling.com\/sk\/#\/schema\/person\/image\/","url":"https:\/\/secure.gravatar.com\/avatar\/6126c9afb87b70da5abbb083ddbb21933da15f18f8ca7cb822aba0fb096a48f6?s=96&d=mm&r=g","contentUrl":"https:\/\/secure.gravatar.com\/avatar\/6126c9afb87b70da5abbb083ddbb21933da15f18f8ca7cb822aba0fb096a48f6?s=96&d=mm&r=g","caption":"Ondrej Ga\u0161par"},"url":"https:\/\/www.welovecycling.com\/sk\/author\/ondrejgaspar\/"}]}},"_links":{"self":[{"href":"https:\/\/www.welovecycling.com\/sk\/wp-json\/wp\/v2\/posts\/1295","targetHints":{"allow":["GET"]}}],"collection":[{"href":"https:\/\/www.welovecycling.com\/sk\/wp-json\/wp\/v2\/posts"}],"about":[{"href":"https:\/\/www.welovecycling.com\/sk\/wp-json\/wp\/v2\/types\/post"}],"author":[{"embeddable":true,"href":"https:\/\/www.welovecycling.com\/sk\/wp-json\/wp\/v2\/users\/38"}],"replies":[{"embeddable":true,"href":"https:\/\/www.welovecycling.com\/sk\/wp-json\/wp\/v2\/comments?post=1295"}],"version-history":[{"count":2,"href":"https:\/\/www.welovecycling.com\/sk\/wp-json\/wp\/v2\/posts\/1295\/revisions"}],"predecessor-version":[{"id":1575,"href":"https:\/\/www.welovecycling.com\/sk\/wp-json\/wp\/v2\/posts\/1295\/revisions\/1575"}],"wp:featuredmedia":[{"embeddable":true,"href":"https:\/\/www.welovecycling.com\/sk\/wp-json\/wp\/v2\/media\/1308"}],"wp:attachment":[{"href":"https:\/\/www.welovecycling.com\/sk\/wp-json\/wp\/v2\/media?parent=1295"}],"wp:term":[{"taxonomy":"category","embeddable":true,"href":"https:\/\/www.welovecycling.com\/sk\/wp-json\/wp\/v2\/categories?post=1295"},{"taxonomy":"post_tag","embeddable":true,"href":"https:\/\/www.welovecycling.com\/sk\/wp-json\/wp\/v2\/tags?post=1295"},{"taxonomy":"global-categories","embeddable":true,"href":"https:\/\/www.welovecycling.com\/sk\/wp-json\/wp\/v2\/global-categories?post=1295"}],"curies":[{"name":"wp","href":"https:\/\/api.w.org\/{rel}","templated":true}]}}