{"id":12913,"date":"2021-09-20T10:00:07","date_gmt":"2021-09-20T08:00:07","guid":{"rendered":"https:\/\/www.welovecycling.com\/sk\/?p=12913"},"modified":"2021-09-20T11:49:37","modified_gmt":"2021-09-20T09:49:37","slug":"skutocne-existuje-kliatba-duhoveho-dresu","status":"publish","type":"post","link":"https:\/\/www.welovecycling.com\/sk\/2021\/09\/20\/skutocne-existuje-kliatba-duhoveho-dresu\/","title":{"rendered":"Skuto\u010dne existuje kliatba d\u00fahov\u00e9ho dresu?"},"content":{"rendered":"<p><strong>Od podivn\u00fdch zranen\u00ed a\u017e po prehnan\u00e9 snahy ho z\u00edska\u0165, ktor\u00e9 s t\u00fdm s\u00favisia, m\u00f4\u017ee by\u0165 zisk d\u00fahov\u00e9ho dresu na majstrovstv\u00e1ch sveta viac kliatbou ne\u017e po\u017eehnan\u00edm. Kliatba d\u00fahov\u00e9ho dresu je dobre zn\u00e1mym m\u00fdtom v cyklistickom svete, ale je skuto\u010dne re\u00e1lna? Pozreli sme sa na to z h\u013eadiska vedy.<\/strong><\/p>\n<p><!--more--><\/p>\n<p>V roku 2015, ke\u010f Peter Sagan od\u0161tartoval svoju neuverite\u013en\u00fa s\u00e9riu troch po sebe nasleduj\u00facich v\u00ed\u0165azstiev na majstrovst\u00e1ch sveta v cestnej cyklistike, sa British Medical Journal pozrel bli\u017e\u0161ie na fakty s\u00favisiace s takzvanou kliatbou. Hlavnou vecou, \u200b\u200bna ktor\u00fa sa pozreli, je \u201eefekt reflektorov\u201c. Je to sp\u00f4sob, ak\u00fdm sa ka\u017ed\u00fd majster sveta a v men\u0161ej miere n\u00e1rodn\u00fd \u0161ampi\u00f3n \u013eahko rozozn\u00e1 pod\u013ea v\u00fdrazn\u00e9ho d\u00fahov\u00e9ho dresu, ktor\u00fd nos\u00ed rok po v\u00ed\u0165azstve. Koment\u00e1tori to v\u017edy spom\u00ednaj\u00fa a v\u017edy je zar\u00e1\u017eaj\u00face, ako \u013eahk\u00e9 je ich vidie\u0165 aj na z\u00e1beroch z helikopt\u00e9ry po\u010das pretekov.<\/p>\n<figure id=\"attachment_12914\" aria-describedby=\"caption-attachment-12914\" style=\"width: 1250px\" class=\"wp-caption alignnone\"><a href=\"https:\/\/d2p6e6u75xmxt8.cloudfront.net\/4\/2021\/09\/Peter-Sagan-profimedia-0340403713.jpg\"><img loading=\"lazy\" decoding=\"async\" class=\"size-full wp-image-12914\" src=\"https:\/\/d2p6e6u75xmxt8.cloudfront.net\/4\/2021\/09\/Peter-Sagan-profimedia-0340403713.jpg\" alt=\"Peter Sagan\" width=\"1250\" height=\"833\" \/><\/a><figcaption id=\"caption-attachment-12914\" class=\"wp-caption-text\">Peter Sagan oslavuje etapov\u00e9 v\u00ed\u0165azstvo na 3. etape Tour 2017. \u00a9 Profimedia<\/figcaption><\/figure>\n<p>Spr\u00e1va z v\u00fdskumu tie\u017e nazna\u010duje, \u017ee majster sveta m\u00f4\u017ee pod\u00e1va\u0165 rovnak\u00e9 v\u00fdkony ako predt\u00fdm, ale vzh\u013eadom na svoju nov\u00fa poz\u00edciu majstra sveta je potom vystaven\u00fd zna\u010dn\u00e9mu tlaku.<\/p>\n<h2><strong>V\u00fdsledky v\u00fdskumu<\/strong><\/h2>\n<p>\u00dadaje z v\u00fdskumu, poskytnut\u00e9 serverom <a href=\"https:\/\/www.procyclingstats.com\/\" rel=\"noopener\" target=\"_blank\">procyclingstats.com<\/a>, ukazuj\u00fa nepriazniv\u00fd vplyv na jazdca, po tom, ako vyhral majstrovstv\u00e1 sveta. S\u00fabor \u00fadajov poch\u00e1dza z rokov 1965-2013, \u010do je skuto\u010dne ve\u013ek\u00e9 sk\u00faman\u00e9 obdobie. V\u00fdsledky ukazuj\u00fa, \u017ee v roku z\u00edskania titulu majstra sveta aj v roku nasleduj\u00facom, po\u010det v\u00ed\u0165azstiev na r\u00f4znych pretekoch kles\u00e1.<\/p>\n<p>Je zauj\u00edmav\u00e9, \u017ee rovnak\u00e9 \u00fadaje boli z\u00edskan\u00e9 aj v porovnan\u00ed s v\u00ed\u0165azmi pretekov Okolo Lombardie, ktor\u00e9 sa be\u017ene konaj\u00fa na podobnom ter\u00e9ne ako majstrovstv\u00e1 sveta a tie\u017e v rovnakom obdob\u00ed roka. V\u00fdsledky boli prekvapivo podobn\u00e9. Uk\u00e1zalo sa, \u017ee akon\u00e1hle s\u00fa preteky ukon\u010den\u00e9, jedin\u00e1 vec, ktor\u00e1 odde\u013euje monument od majstrovstiev sveta, je vidite\u013enej\u0161ia povaha v\u00ed\u0165aza.<\/p>\n<p>Ale \u010do od roku 2013? Videli sme viac pretekov, ktor\u00e9 majster sveta vyhral alebo prehral, \u200b\u200ba vr\u00e1tila sa ob\u00e1van\u00e1 kliatba, ktor\u00e1 by kazila jazdcovi dvan\u00e1s\u0165 d\u00fahov\u00fdch mesiacov?<\/p>\n<figure id=\"attachment_12915\" aria-describedby=\"caption-attachment-12915\" style=\"width: 1000px\" class=\"wp-caption alignnone\"><a href=\"https:\/\/d2p6e6u75xmxt8.cloudfront.net\/4\/2021\/09\/Peter-Sagan-profimedia-0166888301.jpg\"><img loading=\"lazy\" decoding=\"async\" class=\"wp-image-12915 size-full\" src=\"https:\/\/d2p6e6u75xmxt8.cloudfront.net\/4\/2021\/09\/Peter-Sagan-profimedia-0166888301.jpg\" alt=\"Peter Sagan\" width=\"1000\" height=\"666\" \/><\/a><figcaption id=\"caption-attachment-12915\" class=\"wp-caption-text\">Je Sagan obe\u0165ou kliatby d\u00fahov\u00e9ho dresu? \u00a9 Profimedia<\/figcaption><\/figure>\n<h2><strong>2015 a \u010falej<\/strong><\/h2>\n<p>D\u00f4vod, pre\u010do bolo posledn\u00fdch \u0161es\u0165 rokov tak zauj\u00edmav\u00fdch, je v z\u00e1sade Sagan. Nielen\u017ee bol \u00faspe\u0161n\u00fd v d\u00fahov\u00fdch dresoch, ale pokra\u010doval vo v\u00ed\u0165azstv\u00e1ch na majstrovstv\u00e1ch sveta. Z\u00edskal titul v rokoch 2015, 2016 a potom, pravdepodobne svoje najlep\u0161ie v\u00ed\u0165azstvo, v roku 2017 po neuverite\u013enom \u0161print\u00e9rskom fini\u0161i v Bergene.<\/p>\n<p>V\u010faka v\u00fdhram na Tour De France, Ronde Van Vlaanderen a Paris-Roubaix by sme mohli tvrdi\u0165, \u017ee Sagan zru\u0161il ak\u00e9ko\u013evek prekliatie, preto\u017ee zv\u00ed\u0165azil v mnoh\u00fdch najv\u00e4\u010d\u0161\u00edch pretekoch, zatia\u013e \u010do pretekal v d\u00fahovom drese. Ale v momente, ke\u010f si to cel\u00fd svet uvedomil, jeho forma od roku 2018 klesla. Je to s\u00edce st\u00e1le p\u00f4sobiv\u00e9, ale nie tak\u00e9 dobr\u00e9 ako pred tromi rokmi. V\u00fdhry na Giru a jedno na Tour od roku 2019 maj\u00fa svoju ve\u013ek\u00fa hodnotu, ale jeho podiel na v\u00ed\u0165azstv\u00e1ch a p\u00f3di\u00e1ch vysych\u00e1.<\/p>\n<p>Zauj\u00edmav\u00e9, \u017ee pre niekoho ako je Sagan, v s\u00favislosti s kliatbou d\u00fahov\u00e9ho dresu je to, \u017ee bol v\u017edy v centre pozornosti. Preto fakt, \u017ee bol na ve\u013ek\u00fdch pretekoch \u201eozna\u010den\u00fdm mu\u017eom\u201c, ho nikdy nezastavil. To, \u010di bude tento rok jeho \u00fa\u010das\u0165 v Belgicku \u00faspe\u0161n\u00e1, je in\u00e1 ot\u00e1zka, ale m\u00f4\u017eete tvrdi\u0165, \u017ee renesancia jeho kari\u00e9ry by mohla pr\u00eds\u0165, ak by z\u00edskal svoj \u0161tvrt\u00fd titul majstra sveta.<\/p>\n<figure id=\"attachment_12916\" aria-describedby=\"caption-attachment-12916\" style=\"width: 1800px\" class=\"wp-caption alignnone\"><a href=\"https:\/\/d2p6e6u75xmxt8.cloudfront.net\/4\/2021\/09\/profimedia-0302981665.jpg\"><img loading=\"lazy\" decoding=\"async\" class=\"size-full wp-image-12916\" src=\"https:\/\/d2p6e6u75xmxt8.cloudfront.net\/4\/2021\/09\/profimedia-0302981665.jpg\" alt=\"Peter Sagan\" width=\"1800\" height=\"1198\" \/><\/a><figcaption id=\"caption-attachment-12916\" class=\"wp-caption-text\">Mark Cavendish a Peter Sagan na stup\u0148och v\u00ed\u0165azov po elitn\u00fdch cestn\u00fdch pretekoch mu\u017eov na Majstrovstv\u00e1ch sveta UCI 2016 v katarskej Dohe. \u00a9 Profimedia, Zuma Press \u2013 Arch\u00edv<\/figcaption><\/figure>\n<h2><strong>Ostatn\u00ed<\/strong><\/h2>\n<p>Pozrime sa teda na ostatn\u00fdch jazdcov, ktor\u00ed z\u00edskali titul od konca Saganovej vl\u00e1dy.<\/p>\n<p>V roku 2018 v Rak\u00fasku si prevzal dres Alejandro Valverde. Tento vrch\u00e1r mal nasleduj\u00faci rok 2019 \u00faspe\u0161n\u00fd hlavne na dom\u00e1cej p\u00f4de. Jeho najv\u00e4\u010d\u0161ie v\u00ed\u0165azstvo pri\u0161lo na Vuelta a Espa\u0148a, na siedmej etape Mas de la Costa. Tento rok pre neho skon\u010dil len s touto jednou v\u00fdznamnej\u0161ou v\u00fdhrou.<\/p>\n<p>V roku 2019 v Yorkshire prekvapivo zv\u00ed\u0165azil Mads Pedersen, ktor\u00fd z\u00edskal dres v \u0161printe proti Matteovi Trentinovi. Pedersenove v\u00ed\u0165azstvo bolo ve\u013ek\u00fdm prekvapen\u00edm, podobne ako v\u00ed\u0165azstvo cyklistu Rui Costu v roku 2013, preto\u017ee v\u00fdsledky, ktor\u00e9 tomu predch\u00e1dzali, boli dos\u0165 slab\u00e9. V d\u00f4sledku pand\u00e9mie Covid-19 mal v\u0161ak smolu, preto\u017ee nemal ve\u013ea mo\u017enost\u00ed predv\u00e1dza\u0165 svoje schopnosti na pretekoch. Hoci mu preteky v Harrogate perfektne vy\u0161li, mohli by sme tvrdi\u0165, \u017ee to bola viac-menej n\u00e1hoda. Od tohto v\u00ed\u0165azstva zaznamenal v\u00e4\u010d\u0161\u00ed \u00faspech iba v hromadn\u00fdch \u0161printoch. \u0164a\u017eko poveda\u0165, \u010di trpel kliatbou alebo nie.<\/p>\n<figure id=\"attachment_12917\" aria-describedby=\"caption-attachment-12917\" style=\"width: 1250px\" class=\"wp-caption alignnone\"><a href=\"https:\/\/d2p6e6u75xmxt8.cloudfront.net\/4\/2021\/09\/Mads-Pedersen-profimedia-0474288834.jpg\"><img loading=\"lazy\" decoding=\"async\" class=\"size-full wp-image-12917\" src=\"https:\/\/d2p6e6u75xmxt8.cloudfront.net\/4\/2021\/09\/Mads-Pedersen-profimedia-0474288834.jpg\" alt=\"Mads Pedersen\" width=\"1250\" height=\"900\" \/><\/a><figcaption id=\"caption-attachment-12917\" class=\"wp-caption-text\">Pedersen v roku 2019. \u00a9 Profimedia<\/figcaption><\/figure>\n<p>Posledn\u00fd, a mo\u017eno najzauj\u00edmavej\u0161\u00ed pr\u00edpad v porovnan\u00ed so Saganom je Julian Alaphillipe. Odv\u00e1\u017eny jazdec, ktor\u00fd sa nikdy neb\u00e1l \u00eds\u0165 do pretekov a riskova\u0165 v\u0161etko. Z\u00edskal titul 2020 v Imole v\u010faka \u00fachvatn\u00e9mu s\u00f3lo \u00faniku.<\/p>\n<p>V\u00e4\u010d\u0161inu v\u00ed\u0165azstiev od tej doby z\u00edskal podobn\u00fdm sp\u00f4sobom. Hne\u010f v \u00favodn\u00fd de\u0148 tohtoro\u010dnej Tour de France si odniesol etapov\u00e9 v\u00ed\u0165azstvo. Takisto v\u00ed\u0165azstvo na La Fleche Wallone ukazuje, \u017ee je na vrchole svojej kari\u00e9ry. Bude to dobr\u00e1 st\u00e1vka na tohtoro\u010dn\u00e9 cestn\u00e9 preteky vo Fl\u00e1msku, na ktor\u00fdch mal v poslednom \u010dase smolu.<\/p>\n<p>Stru\u010dne povedan\u00e9, o kliatbe d\u00fahov\u00e9ho dresu v mu\u017esk\u00fdch cestn\u00fdch pretekoch sa bude hovori\u0165 aj v nasleduj\u00facich rokoch a desa\u0165ro\u010diach. Je to dr\u00e1ma, ke\u010f vid\u00edme, ako niekto z\u00edska titul majstra sveta a potom v nasleduj\u00facom roku skuto\u010dne z\u00e1pas\u00ed s jeho mocou, \u010do nap\u013a\u0148a na\u0161u predstavivos\u0165. Bez oh\u013eadu na to, \u010di s\u00fa preteky v drese \u00faspe\u0161n\u00e9 alebo nie, pr\u00edbeh v\u017edy zostane. \u010c\u00edsla m\u00f4\u017eu dokazova\u0165 opak, ale pre n\u00e1s romantikov, ktor\u00ed miluj\u00fa tento \u0161port, kliatba v\u017edy vydr\u017e\u00ed.<\/p>\n","protected":false},"excerpt":{"rendered":"<p>Od podivn\u00fdch zranen\u00ed a\u017e po prehnan\u00e9 snahy ho z\u00edska\u0165, ktor\u00e9 s t\u00fdm s\u00favisia, m\u00f4\u017ee by\u0165 zisk d\u00fahov\u00e9ho dresu na majstrovstv\u00e1ch [&hellip;]<\/p>\n","protected":false},"author":81,"featured_media":12919,"comment_status":"open","ping_status":"open","sticky":false,"template":"","format":"standard","meta":{"footnotes":""},"categories":[4],"tags":[491,115,473,331,498,1345,272,281,46,179,20],"global-categories":[],"class_list":["post-12913","post","type-post","status-publish","format-standard","has-post-thumbnail","hentry","category-cestna-cyklisitika","tag-alejandro-valverde","tag-cestna-cyklistika","tag-duhovy-dres","tag-etapove-preteky","tag-julian-alaphilippe","tag-mads-pedersen","tag-majster-sveta","tag-majstrovstva-sveta","tag-peter-sagan","tag-preteky","tag-tour-de-france"],"yoast_head":"<!-- This site is optimized with the Yoast SEO Premium plugin v25.3 (Yoast SEO v25.9) - https:\/\/yoast.com\/wordpress\/plugins\/seo\/ -->\n<title>Skuto\u010dne existuje kliatba d\u00fahov\u00e9ho dresu? - \u0160koda We Love Cycling Slovensko<\/title>\n<meta name=\"description\" content=\"Kliatba d\u00fahov\u00e9ho dresu je dobre zn\u00e1mym m\u00fdtom v cyklistickom svete, ale je skuto\u010dne re\u00e1lna? Pozreli sme sa na to z h\u013eadiska vedy.\" \/>\n<meta name=\"robots\" content=\"index, follow, max-snippet:-1, max-image-preview:large, max-video-preview:-1\" \/>\n<link rel=\"canonical\" href=\"https:\/\/www.welovecycling.com\/sk\/2021\/09\/20\/skutocne-existuje-kliatba-duhoveho-dresu\/\" \/>\n<meta property=\"og:locale\" content=\"sk_SK\" \/>\n<meta property=\"og:type\" content=\"article\" \/>\n<meta property=\"og:title\" content=\"Skuto\u010dne existuje kliatba d\u00fahov\u00e9ho dresu?\" \/>\n<meta property=\"og:description\" content=\"Kliatba d\u00fahov\u00e9ho dresu je dobre zn\u00e1mym m\u00fdtom v cyklistickom svete, ale je skuto\u010dne re\u00e1lna? Pozreli sme sa na to z h\u013eadiska vedy.\" \/>\n<meta property=\"og:url\" content=\"https:\/\/www.welovecycling.com\/sk\/2021\/09\/20\/skutocne-existuje-kliatba-duhoveho-dresu\/\" \/>\n<meta property=\"og:site_name\" content=\"\u0160koda We Love Cycling Slovensko\" \/>\n<meta property=\"article:published_time\" content=\"2021-09-20T08:00:07+00:00\" \/>\n<meta property=\"article:modified_time\" content=\"2021-09-20T09:49:37+00:00\" \/>\n<meta property=\"og:image\" content=\"https:\/\/d2p6e6u75xmxt8.cloudfront.net\/4\/2021\/09\/Peter-Sagan-profimedia-0340403775-CVR.webp\" \/>\n\t<meta property=\"og:image:width\" content=\"1366\" \/>\n\t<meta property=\"og:image:height\" content=\"600\" \/>\n\t<meta property=\"og:image:type\" content=\"image\/webp\" \/>\n<meta name=\"twitter:card\" content=\"summary_large_image\" \/>\n<meta name=\"twitter:label1\" content=\"Written by\" \/>\n\t<meta name=\"twitter:data1\" content=\"Joshua Donaldson\" \/>\n\t<meta name=\"twitter:label2\" content=\"Est. reading time\" \/>\n\t<meta name=\"twitter:data2\" content=\"6\" \/>\n<script type=\"application\/ld+json\" class=\"yoast-schema-graph\">{\"@context\":\"https:\/\/schema.org\",\"@graph\":[{\"@type\":\"WebPage\",\"@id\":\"https:\/\/www.welovecycling.com\/sk\/2021\/09\/20\/skutocne-existuje-kliatba-duhoveho-dresu\/\",\"url\":\"https:\/\/www.welovecycling.com\/sk\/2021\/09\/20\/skutocne-existuje-kliatba-duhoveho-dresu\/\",\"name\":\"Skuto\u010dne existuje kliatba d\u00fahov\u00e9ho dresu? - \u0160koda We Love Cycling Slovensko\",\"isPartOf\":{\"@id\":\"https:\/\/www.welovecycling.com\/sk\/#website\"},\"primaryImageOfPage\":{\"@id\":\"https:\/\/www.welovecycling.com\/sk\/2021\/09\/20\/skutocne-existuje-kliatba-duhoveho-dresu\/#primaryimage\"},\"image\":{\"@id\":\"https:\/\/www.welovecycling.com\/sk\/2021\/09\/20\/skutocne-existuje-kliatba-duhoveho-dresu\/#primaryimage\"},\"thumbnailUrl\":\"https:\/\/d2p6e6u75xmxt8.cloudfront.net\/4\/2021\/09\/Peter-Sagan-profimedia-0340403775-CVR.webp\",\"datePublished\":\"2021-09-20T08:00:07+00:00\",\"dateModified\":\"2021-09-20T09:49:37+00:00\",\"author\":{\"@id\":\"\"},\"description\":\"Kliatba d\u00fahov\u00e9ho dresu je dobre zn\u00e1mym m\u00fdtom v cyklistickom svete, ale je skuto\u010dne re\u00e1lna? Pozreli sme sa na to z h\u013eadiska vedy.\",\"breadcrumb\":{\"@id\":\"https:\/\/www.welovecycling.com\/sk\/2021\/09\/20\/skutocne-existuje-kliatba-duhoveho-dresu\/#breadcrumb\"},\"inLanguage\":\"sk-SK\",\"potentialAction\":[{\"@type\":\"ReadAction\",\"target\":[\"https:\/\/www.welovecycling.com\/sk\/2021\/09\/20\/skutocne-existuje-kliatba-duhoveho-dresu\/\"]}]},{\"@type\":\"ImageObject\",\"inLanguage\":\"sk-SK\",\"@id\":\"https:\/\/www.welovecycling.com\/sk\/2021\/09\/20\/skutocne-existuje-kliatba-duhoveho-dresu\/#primaryimage\",\"url\":\"https:\/\/d2p6e6u75xmxt8.cloudfront.net\/4\/2021\/09\/Peter-Sagan-profimedia-0340403775-CVR.webp\",\"contentUrl\":\"https:\/\/d2p6e6u75xmxt8.cloudfront.net\/4\/2021\/09\/Peter-Sagan-profimedia-0340403775-CVR.webp\",\"width\":1366,\"height\":600},{\"@type\":\"BreadcrumbList\",\"@id\":\"https:\/\/www.welovecycling.com\/sk\/2021\/09\/20\/skutocne-existuje-kliatba-duhoveho-dresu\/#breadcrumb\",\"itemListElement\":[{\"@type\":\"ListItem\",\"position\":1,\"name\":\"Home\",\"item\":\"https:\/\/www.welovecycling.com\/sk\/\"},{\"@type\":\"ListItem\",\"position\":2,\"name\":\"Skuto\u010dne existuje kliatba d\u00fahov\u00e9ho dresu?\"}]},{\"@type\":\"WebSite\",\"@id\":\"https:\/\/www.welovecycling.com\/sk\/#website\",\"url\":\"https:\/\/www.welovecycling.com\/sk\/\",\"name\":\"\u0160koda We Love Cycling Slovensko\",\"description\":\"\u0160koda We Love Cycling Slovensko je v\u00e1\u0161 ka\u017edodenn\u00fd zdroj noviniek a in\u0161pir\u00e1cie z sveta cyklistiky\",\"potentialAction\":[{\"@type\":\"SearchAction\",\"target\":{\"@type\":\"EntryPoint\",\"urlTemplate\":\"https:\/\/www.welovecycling.com\/sk\/?s={search_term_string}\"},\"query-input\":{\"@type\":\"PropertyValueSpecification\",\"valueRequired\":true,\"valueName\":\"search_term_string\"}}],\"inLanguage\":\"sk-SK\"},{\"@type\":\"Person\",\"@id\":\"\",\"url\":\"https:\/\/www.welovecycling.com\/sk\/author\/\"}]}<\/script>\n<!-- \/ Yoast SEO Premium plugin. -->","yoast_head_json":{"title":"Skuto\u010dne existuje kliatba d\u00fahov\u00e9ho dresu? - \u0160koda We Love Cycling Slovensko","description":"Kliatba d\u00fahov\u00e9ho dresu je dobre zn\u00e1mym m\u00fdtom v cyklistickom svete, ale je skuto\u010dne re\u00e1lna? Pozreli sme sa na to z h\u013eadiska vedy.","robots":{"index":"index","follow":"follow","max-snippet":"max-snippet:-1","max-image-preview":"max-image-preview:large","max-video-preview":"max-video-preview:-1"},"canonical":"https:\/\/www.welovecycling.com\/sk\/2021\/09\/20\/skutocne-existuje-kliatba-duhoveho-dresu\/","og_locale":"sk_SK","og_type":"article","og_title":"Skuto\u010dne existuje kliatba d\u00fahov\u00e9ho dresu?","og_description":"Kliatba d\u00fahov\u00e9ho dresu je dobre zn\u00e1mym m\u00fdtom v cyklistickom svete, ale je skuto\u010dne re\u00e1lna? Pozreli sme sa na to z h\u013eadiska vedy.","og_url":"https:\/\/www.welovecycling.com\/sk\/2021\/09\/20\/skutocne-existuje-kliatba-duhoveho-dresu\/","og_site_name":"\u0160koda We Love Cycling Slovensko","article_published_time":"2021-09-20T08:00:07+00:00","article_modified_time":"2021-09-20T09:49:37+00:00","og_image":[{"width":1366,"height":600,"url":"https:\/\/d2p6e6u75xmxt8.cloudfront.net\/4\/2021\/09\/Peter-Sagan-profimedia-0340403775-CVR.webp","type":"image\/webp"}],"twitter_card":"summary_large_image","twitter_misc":{"Written by":"Joshua Donaldson","Est. reading time":"6"},"schema":{"@context":"https:\/\/schema.org","@graph":[{"@type":"WebPage","@id":"https:\/\/www.welovecycling.com\/sk\/2021\/09\/20\/skutocne-existuje-kliatba-duhoveho-dresu\/","url":"https:\/\/www.welovecycling.com\/sk\/2021\/09\/20\/skutocne-existuje-kliatba-duhoveho-dresu\/","name":"Skuto\u010dne existuje kliatba d\u00fahov\u00e9ho dresu? - \u0160koda We Love Cycling Slovensko","isPartOf":{"@id":"https:\/\/www.welovecycling.com\/sk\/#website"},"primaryImageOfPage":{"@id":"https:\/\/www.welovecycling.com\/sk\/2021\/09\/20\/skutocne-existuje-kliatba-duhoveho-dresu\/#primaryimage"},"image":{"@id":"https:\/\/www.welovecycling.com\/sk\/2021\/09\/20\/skutocne-existuje-kliatba-duhoveho-dresu\/#primaryimage"},"thumbnailUrl":"https:\/\/d2p6e6u75xmxt8.cloudfront.net\/4\/2021\/09\/Peter-Sagan-profimedia-0340403775-CVR.webp","datePublished":"2021-09-20T08:00:07+00:00","dateModified":"2021-09-20T09:49:37+00:00","author":{"@id":""},"description":"Kliatba d\u00fahov\u00e9ho dresu je dobre zn\u00e1mym m\u00fdtom v cyklistickom svete, ale je skuto\u010dne re\u00e1lna? Pozreli sme sa na to z h\u013eadiska vedy.","breadcrumb":{"@id":"https:\/\/www.welovecycling.com\/sk\/2021\/09\/20\/skutocne-existuje-kliatba-duhoveho-dresu\/#breadcrumb"},"inLanguage":"sk-SK","potentialAction":[{"@type":"ReadAction","target":["https:\/\/www.welovecycling.com\/sk\/2021\/09\/20\/skutocne-existuje-kliatba-duhoveho-dresu\/"]}]},{"@type":"ImageObject","inLanguage":"sk-SK","@id":"https:\/\/www.welovecycling.com\/sk\/2021\/09\/20\/skutocne-existuje-kliatba-duhoveho-dresu\/#primaryimage","url":"https:\/\/d2p6e6u75xmxt8.cloudfront.net\/4\/2021\/09\/Peter-Sagan-profimedia-0340403775-CVR.webp","contentUrl":"https:\/\/d2p6e6u75xmxt8.cloudfront.net\/4\/2021\/09\/Peter-Sagan-profimedia-0340403775-CVR.webp","width":1366,"height":600},{"@type":"BreadcrumbList","@id":"https:\/\/www.welovecycling.com\/sk\/2021\/09\/20\/skutocne-existuje-kliatba-duhoveho-dresu\/#breadcrumb","itemListElement":[{"@type":"ListItem","position":1,"name":"Home","item":"https:\/\/www.welovecycling.com\/sk\/"},{"@type":"ListItem","position":2,"name":"Skuto\u010dne existuje kliatba d\u00fahov\u00e9ho dresu?"}]},{"@type":"WebSite","@id":"https:\/\/www.welovecycling.com\/sk\/#website","url":"https:\/\/www.welovecycling.com\/sk\/","name":"\u0160koda We Love Cycling Slovensko","description":"\u0160koda We Love Cycling Slovensko je v\u00e1\u0161 ka\u017edodenn\u00fd zdroj noviniek a in\u0161pir\u00e1cie z sveta cyklistiky","potentialAction":[{"@type":"SearchAction","target":{"@type":"EntryPoint","urlTemplate":"https:\/\/www.welovecycling.com\/sk\/?s={search_term_string}"},"query-input":{"@type":"PropertyValueSpecification","valueRequired":true,"valueName":"search_term_string"}}],"inLanguage":"sk-SK"},{"@type":"Person","@id":"","url":"https:\/\/www.welovecycling.com\/sk\/author\/"}]}},"_links":{"self":[{"href":"https:\/\/www.welovecycling.com\/sk\/wp-json\/wp\/v2\/posts\/12913","targetHints":{"allow":["GET"]}}],"collection":[{"href":"https:\/\/www.welovecycling.com\/sk\/wp-json\/wp\/v2\/posts"}],"about":[{"href":"https:\/\/www.welovecycling.com\/sk\/wp-json\/wp\/v2\/types\/post"}],"author":[{"embeddable":true,"href":"https:\/\/www.welovecycling.com\/sk\/wp-json\/wp\/v2\/users\/81"}],"replies":[{"embeddable":true,"href":"https:\/\/www.welovecycling.com\/sk\/wp-json\/wp\/v2\/comments?post=12913"}],"version-history":[{"count":2,"href":"https:\/\/www.welovecycling.com\/sk\/wp-json\/wp\/v2\/posts\/12913\/revisions"}],"predecessor-version":[{"id":12931,"href":"https:\/\/www.welovecycling.com\/sk\/wp-json\/wp\/v2\/posts\/12913\/revisions\/12931"}],"wp:featuredmedia":[{"embeddable":true,"href":"https:\/\/www.welovecycling.com\/sk\/wp-json\/wp\/v2\/media\/12919"}],"wp:attachment":[{"href":"https:\/\/www.welovecycling.com\/sk\/wp-json\/wp\/v2\/media?parent=12913"}],"wp:term":[{"taxonomy":"category","embeddable":true,"href":"https:\/\/www.welovecycling.com\/sk\/wp-json\/wp\/v2\/categories?post=12913"},{"taxonomy":"post_tag","embeddable":true,"href":"https:\/\/www.welovecycling.com\/sk\/wp-json\/wp\/v2\/tags?post=12913"},{"taxonomy":"global-categories","embeddable":true,"href":"https:\/\/www.welovecycling.com\/sk\/wp-json\/wp\/v2\/global-categories?post=12913"}],"curies":[{"name":"wp","href":"https:\/\/api.w.org\/{rel}","templated":true}]}}