{"id":12896,"date":"2021-09-17T10:00:56","date_gmt":"2021-09-17T08:00:56","guid":{"rendered":"https:\/\/www.welovecycling.com\/sk\/?p=12896"},"modified":"2021-09-28T15:28:24","modified_gmt":"2021-09-28T13:28:24","slug":"je-vek-v-profi-pelotone-dolezity","status":"publish","type":"post","link":"https:\/\/www.welovecycling.com\/sk\/2021\/09\/17\/je-vek-v-profi-pelotone-dolezity\/","title":{"rendered":"Je vek v profi pelot\u00f3ne d\u00f4le\u017eit\u00fd?"},"content":{"rendered":"<p><strong>Kedy je \u0161portovec pr\u00edli\u0161 star\u00fd na to, aby mohol profesion\u00e1lne preteka\u0165 na bicykli? Je vek ur\u010duj\u00facim faktorom alebo s\u00fa jeho skvel\u00e9 v\u00fdsledky jedin\u00fdm faktorom, ktor\u00fd ur\u010duje schopnosti jazdca? Odpove\u010f nie je v modernom profi pelot\u00f3ne jasn\u00e1.<\/strong><\/p>\n<p><!--more--><\/p>\n<p>V skuto\u010dnosti s\u00fa dne\u0161n\u00ed v\u00ed\u0165azi Grand Tour st\u00e1le mlad\u0161\u00ed a mlad\u0161\u00ed. Fenom\u00e9ny ako Tadej Poga\u010dar (21) a Egan Bernal (22) s\u00fa dokonal\u00fdmi pr\u00edkladmi, z ktor\u00fdch ka\u017ed\u00fd pridal do svojich \u201epalmares\u201c v\u00ed\u0165azstvo na Tour de France vo veku, v\u00a0akom v\u00e4\u010d\u0161ina jazdcov o\u00a0tom m\u00f4\u017ee len sn\u00edva\u0165.<\/p>\n<p>Predt\u00fdm, ako t\u00e1to mlad\u00e1 gener\u00e1cia pri\u0161la na sc\u00e9nu, bol priemern\u00fd vek v\u00ed\u0165aza Tour de France 28 rokov, \u010do je vek, ke\u010f cyklisti dosahuj\u00fa svoj vrchol. Dosiahli teda jazdci ako Poga\u010dar a Bernal svoj vrcholn\u00fd fyzick\u00fd v\u00fdkon pred 23. rokom? Je pre nich e\u0161te priestor na rast?<\/p>\n<figure id=\"attachment_12897\" aria-describedby=\"caption-attachment-12897\" style=\"width: 1024px\" class=\"wp-caption alignnone\"><a href=\"https:\/\/d2p6e6u75xmxt8.cloudfront.net\/2\/2021\/07\/profimedia-0619640037.jpg\"><img loading=\"lazy\" decoding=\"async\" class=\"wp-image-12897 size-large\" src=\"https:\/\/d2p6e6u75xmxt8.cloudfront.net\/4\/2021\/09\/profimedia-0619640037-1024x683.jpg\" alt=\"Tadej Poga\u010dar v\u00ed\u0165az vo veku 36 rokov\" width=\"1024\" height=\"683\" \/><\/a><figcaption id=\"caption-attachment-12897\" class=\"wp-caption-text\">Je tu priestor na rast? \u00a9Profimedia<\/figcaption><\/figure>\n<p>K dne\u0161n\u00e9mu d\u0148u je najstar\u0161\u00edm v\u00ed\u0165azom Tour Belgi\u010dan Firmin Lambot, ktor\u00fd st\u00e1l na najvy\u0161\u0161om stupni v\u00ed\u0165azov v roku 1922 vo veku 36 rokov. A napriek, \u017ee m\u00e1 Poga\u010dar nizky vek, nie je najmlad\u0161\u00edm v\u00ed\u0165azom Tour. Tento titul pripad\u00e1 Franc\u00fazovi Henrimu Cornetovi a\u00a0z\u00edskal ho v predve\u010der svojich 20. naroden\u00edn v roku 1904. Titul v\u00ed\u0165aza z\u00edskal po tom, \u010do \u0161tyroch jazdcov, ktor\u00ed pred n\u00edm skon\u010dili, diskvalifikoval Franc\u00fazsky zv\u00e4z cyklistiky po neust\u00e1lych s\u0165a\u017enostiach na podv\u00e1dzanie.<\/p>\n<p>Trendom v tomto \u0161porte je nach\u00e1dza\u0165 ihlu v kope sena &#8211; mlad\u00e9ho a za\u010d\u00ednaj\u00faceho jazdca so zru\u010dnos\u0165ou, zrelos\u0165ou a vytrvalos\u0165ou sk\u00fasenej\u0161ieho veter\u00e1na. Existuje v\u0161ak nieko\u013eko star\u0161\u00edch cyklistov, ktor\u00ed sa napriek svojmu veku st\u00e1le dok\u00e1\u017eu presadi\u0165. Pozrime sa na nieko\u013eko pr\u00edkladov.<\/p>\n<h2><strong>Alejandro Valverde<\/strong><\/h2>\n<figure id=\"attachment_12898\" aria-describedby=\"caption-attachment-12898\" style=\"width: 1024px\" class=\"wp-caption alignnone\"><a href=\"https:\/\/d2p6e6u75xmxt8.cloudfront.net\/2\/2019\/12\/profimedia-0421577390.jpg\"><img loading=\"lazy\" decoding=\"async\" class=\"wp-image-12898 size-large\" src=\"https:\/\/d2p6e6u75xmxt8.cloudfront.net\/4\/2021\/09\/profimedia-0421577390-1024x682.jpg\" alt=\"Alejandro Valverde vo veku 41 rokov\" width=\"1024\" height=\"682\" \/><\/a><figcaption id=\"caption-attachment-12898\" class=\"wp-caption-text\">Valverde (Movistar) sa pripravuje na \u0161tart 2019 Mil\u00e1no &#8211; San Remo. \u00a9Profimedia<\/figcaption><\/figure>\n<p>Alejandro Valverde, naroden\u00fd v roku 1980, je profesion\u00e1lom od roku 2002 a st\u00e1le je pri sile aj vo svojich 41. rokoch. Je to najstar\u0161\u00ed jazdec na profesion\u00e1lnej \u00farovni svetov\u00e9ho t\u00edmu za posledn\u00e9 dva roky.<\/p>\n<p>Dodnes je dr\u017eite\u013eom 129 v\u00ed\u0165azstiev, vr\u00e1tane nieko\u013ek\u00fdch prest\u00ed\u017enych jednod\u0148ov\u00fdch jarn\u00fdch klas\u00edk, viacer\u00fdch v\u00ed\u0165azstiev v etap\u00e1ch Grand Tour a dokonca aj titulu majstra sveta 2018. Ke\u010f El Bala (ako znie jedna z\u00a0jeho prez\u00fdviek) dosiahne v\u00a0roku 2022 vek 42 rokov, bude najstar\u0161\u00edm jazdcom World Team, ktor\u00fd bude s\u00fa\u0165a\u017ei\u0165 na Tour de France, podobne ako b\u00fdval\u00fd nemeck\u00fd profesion\u00e1l Jens Voigt.<\/p>\n<p>Vuelta 2021 je Valverdeho tridsiata Grand Tour. V rebr\u00ed\u010dku jazdcov UCI 2021 je na 9. mieste a celkovo na 7. mieste. P\u00f4sobiv\u00e9 \u017ee?<\/p>\n<h2><strong>Mark Cavendish<\/strong><\/h2>\n<figure id=\"attachment_12899\" aria-describedby=\"caption-attachment-12899\" style=\"width: 1000px\" class=\"wp-caption alignnone\"><a href=\"https:\/\/d2p6e6u75xmxt8.cloudfront.net\/4\/2021\/09\/Mark-Cavendish-profimedia-0620584127.jpg\"><img loading=\"lazy\" decoding=\"async\" class=\"wp-image-12899 size-full\" src=\"https:\/\/d2p6e6u75xmxt8.cloudfront.net\/4\/2021\/09\/Mark-Cavendish-profimedia-0620584127.jpg\" alt=\"Mark Cavendishvo veku 36 rokov\" width=\"1000\" height=\"666\" \/><\/a><figcaption id=\"caption-attachment-12899\" class=\"wp-caption-text\">36 rokov a st\u00e1le na to m\u00e1! \u00a9Profimedia<\/figcaption><\/figure>\n<p>Ak ste sledovali tohtoro\u010dn\u00fa Tour de France, videli ste, ako sa Manx Missile zap\u00edsal do hist\u00f3rie Tour aj do hist\u00f3rie cyklistiky porovn\u00e1van\u00edm s\u00a0v\u00ed\u0165azstvami Eddyho Merckxa. Cav m\u00e1 36 rokov a\u00a0u\u017e bol na s\u00famraku svojej kari\u00e9ry, ale potom ho na posledn\u00fa chv\u00ed\u013eu povolali na TdF, aby nahradil Sama Bennetta ako \u0161print\u00e9r Quick Stepu.<\/p>\n<p>Medializ\u00e1cia spojen\u00e1 s jeho \u0161tyrmi etapov\u00fdmi v\u00ed\u0165azstvami a zelen\u00fdm dresom sa objavovala na \u0161portov\u00fdch str\u00e1nkach v\u0161ade. Dok\u00e1zal sebe aj svojim konkurentom, \u017ee ako \u0161print\u00e9r st\u00e1le predstavuje hrozbu. Uvid\u00ed sa, \u010di Cav bude pokra\u010dova\u0165 aj v roku 2022, ale m\u00e1m podozrenie, \u017ee bude chcie\u0165 dosiahnu\u0165 35. v\u00ed\u0165azstvo a rekord. \u010co si mysl\u00edte?<\/p>\n<h2><strong>Philippe Gilbert<\/strong><\/h2>\n<figure id=\"attachment_12900\" aria-describedby=\"caption-attachment-12900\" style=\"width: 1250px\" class=\"wp-caption alignnone\"><a href=\"https:\/\/d2p6e6u75xmxt8.cloudfront.net\/4\/2021\/09\/Philippe-Gilbert-CVR-profimedia-0506318164.jpg\"><img loading=\"lazy\" decoding=\"async\" class=\"wp-image-12900 size-full\" src=\"https:\/\/d2p6e6u75xmxt8.cloudfront.net\/4\/2021\/09\/Philippe-Gilbert-CVR-profimedia-0506318164.jpg\" alt=\"Philippe Gilbert vo veku 39 rokov\" width=\"1250\" height=\"833\" \/><\/a><figcaption id=\"caption-attachment-12900\" class=\"wp-caption-text\">Takmer 20 rokov v pelot\u00f3ne. \u00a9Profimedia<\/figcaption><\/figure>\n<p>Philippe Gilbert je belgick\u00fd cyklista s takmer 20 rokmi v\u00a0profi pelot\u00f3ne. Tridsa\u0165dev\u00e4\u0165ro\u010dn\u00fd cyklista, naroden\u00fd v roku 1982, nazbieral po\u010das svojej kari\u00e9ry p\u00f4sobiv\u00fd zoznam v\u00ed\u0165azstiev, medzi ktor\u00e9 patr\u00ed titul majstra sveta v roku 2012, celkov\u00e9 bodov\u00e9 hodnotenie UCI v roku 2011, nieko\u013eko v\u00ed\u0165azstiev na etapov\u00fdch pretekoch Grand Tour a prominentn\u00e9 jednod\u0148ov\u00e9 klasiky.<\/p>\n<p>Jazdec t\u00edmu Lotto-Soudal ozn\u00e1mil na konci sez\u00f3ny 2022 odchod do d\u00f4chodku. <em>&#8222;V ur\u010ditom okamihu mus\u00edm presta\u0165,&#8220;<\/em> povedal. Napriek tomu, \u017ee konkr\u00e9tne v\u00fdsledky v posledn\u00fdch sez\u00f3nach nepri\u0161li, zost\u00e1va d\u00f4le\u017eit\u00fdm \u010dlenom belgick\u00e9ho k\u00e1dra, ktor\u00fd m\u00e1 vplyv na preteky a celkov\u00fd \u00faspech t\u00edmu.<\/p>\n<h2><strong>Richie Porte<\/strong><\/h2>\n<figure id=\"attachment_12901\" aria-describedby=\"caption-attachment-12901\" style=\"width: 1000px\" class=\"wp-caption alignnone\"><a href=\"https:\/\/d2p6e6u75xmxt8.cloudfront.net\/4\/2021\/09\/Richie-Porte-profimedia-0624445907.jpg\"><img loading=\"lazy\" decoding=\"async\" class=\"wp-image-12901 size-full\" src=\"https:\/\/d2p6e6u75xmxt8.cloudfront.net\/4\/2021\/09\/Richie-Porte-profimedia-0624445907.jpg\" alt=\"Richie Porte - 36 rokov\" width=\"1000\" height=\"666\" \/><\/a><figcaption id=\"caption-attachment-12901\" class=\"wp-caption-text\">Porte na Olympijsk\u00fdch hr\u00e1ch v Tokiu. \u00a9Profimedia<\/figcaption><\/figure>\n<p>36-ro\u010dn\u00fd Austr\u00e1l\u010dan jazdil za niektor\u00e9 z najbohat\u0161\u00edch t\u00edmov v pelot\u00f3ne. V rokoch 2012 a\u017e 2015 p\u00f4sobil ako superdomestik t\u00edmu Sky a jeho snaha pomohla zaisti\u0165 v\u00ed\u0165azstv\u00e1 TdF \u0161ampi\u00f3nov Bradleyho Wigginsa (2012) a Chrisa Frooma (2013, 2015).<\/p>\n<p>Porte odi\u0161iel z t\u00edmu Sky, aby v rokoch 2016 a\u017e 2018 prevzal \u00falohu ved\u00faceho t\u00edmu pre BMC a Trek-Segafredo v rokoch 2019 a\u017e 2020. Po\u010das tohto obdobia vyhral Tour po \u0160vaj\u010diarsku, umiestnil sa na druhom mieste na Tour Romandie a skon\u010dil tret\u00ed na Tour de France 2020 za Tadejom Poga\u010darom a Primo\u017eom Rogli\u010dom. Odviedol tak\u00fd dobr\u00fd v\u00fdkon, \u017ee dostal dvojro\u010dn\u00fa zmluvu v Ineos Grenadiers (predt\u00fdm Team Sky).<\/p>\n<p>Hovorilo sa, \u017ee tento krok bol vedom\u00fdm rozhodnut\u00edm vr\u00e1ti\u0165 sa k svojim kore\u0148om ako superdomestik s mo\u017enos\u0165ou za\u017eiari\u0165 na viacer\u00fdch pretekoch. V roku 2021 vyhral Tour of Catalunya, Criterium du Dauphin\u00e9, a bol siln\u00fdm \u017eeliezkom v ohni TdF, ale stratil zna\u010dn\u00fd \u010das po tom, \u010do bol zachyten\u00fd v mnoh\u00fdch hromadn\u00fdch zr\u00e1\u017ekach, ktor\u00e9 sa udiali v prvom t\u00fd\u017edni pretekov.<\/p>\n<h2><strong>Davide Rebellin<\/strong><\/h2>\n<figure id=\"attachment_12902\" aria-describedby=\"caption-attachment-12902\" style=\"width: 1000px\" class=\"wp-caption alignnone\"><a href=\"https:\/\/d2p6e6u75xmxt8.cloudfront.net\/4\/2021\/09\/Davide-Rebellin-profimedia-0330934902.jpg\"><img loading=\"lazy\" decoding=\"async\" class=\"wp-image-12902 size-full\" src=\"https:\/\/d2p6e6u75xmxt8.cloudfront.net\/4\/2021\/09\/Davide-Rebellin-profimedia-0330934902.jpg\" alt=\"Davide Rebellin - najstar\u0161\u00ed jazdec s profesion\u00e1lnou zmluvou\" width=\"1000\" height=\"666\" \/><\/a><figcaption id=\"caption-attachment-12902\" class=\"wp-caption-text\">Davide Rebellin na Vuelte 2017. \u00a9Profimedia<\/figcaption><\/figure>\n<p>Aj ke\u010f u\u017e nejazd\u00ed za \u017eiadny World Tour t\u00edm, je Talian Davide Rebellin z\u010faleka najstar\u0161\u00edm jazdcom s profesion\u00e1lnou zmluvou. Ako 49-ro\u010dn\u00e9mu mu zmluvu na rok 2021 pon\u00fakla talianska Continental Team Work Service Marchiol Vega. Rebellin tento rok jazd\u00ed u\u017e 29 rokov ako profesion\u00e1l.<\/p>\n<p>Narodil sa v roku 1971 a stal sa profesion\u00e1lom v roku 1992, ke\u010f s\u00fa\u0165a\u017eil s pretek\u00e1rmi ako Sean Kelly a Stephen Roche. Zoznam jeho \u00faspechov je rozsiahly a je korunovan\u00fd etapov\u00fdmi v\u00ed\u0165azstvami. \u00a0Tour of Italy (1996), Tirreno-Adriatico (2001), Paris-Nice (2008) a r\u00f4znych jednod\u0148ov\u00fdch pretekoch a klasik\u00e1ch, ak\u00fdmi s\u00fa napr\u00edklad Li\u00e8ge-Bastogne-Li\u00e8ge, Amstel-Gold a La Fl\u00e8che Wallonne v roku 2004. V rokoch 2007 a 2009 vyhral La Fl\u00e8che Wallonne e\u0161te dvakr\u00e1t.<\/p>\n<h2><strong>Chris Horner<\/strong><\/h2>\n<figure id=\"attachment_12903\" aria-describedby=\"caption-attachment-12903\" style=\"width: 1000px\" class=\"wp-caption alignnone\"><a href=\"https:\/\/d2p6e6u75xmxt8.cloudfront.net\/4\/2021\/09\/Chris-Horner-profimedia-0237650335.jpg\"><img loading=\"lazy\" decoding=\"async\" class=\"wp-image-12903 size-full\" src=\"https:\/\/d2p6e6u75xmxt8.cloudfront.net\/4\/2021\/09\/Chris-Horner-profimedia-0237650335.jpg\" alt=\"Chris Horner - 41 rokov\" width=\"1000\" height=\"666\" \/><\/a><figcaption id=\"caption-attachment-12903\" class=\"wp-caption-text\">Horner v roku 2013. \u00a9Profimedia<\/figcaption><\/figure>\n<p>Pochvala patr\u00ed Ameri\u010danovi Chrisovi Hornerovi, ktor\u00fd je na d\u00f4chodku, ale vo veku 41 rokov sa stal najstar\u0161\u00edm v\u00ed\u0165azom Grand Tour v roku 2013, ke\u010f jazdil pre Radio Shack-Leopard Trek. Vedenie proti Vincenzovi Nibalimu si upevnil po\u010das epickej etapy na b\u00e1jnom Angliru, pri\u010dom bitka trvala a\u017e do posledn\u00e9ho kilometra.<\/p>\n<h2><strong>\u017deny v pelot\u00f3ne napriek\u00a0vekov\u00fdm stereotypom<\/strong><\/h2>\n<figure id=\"attachment_10713\" aria-describedby=\"caption-attachment-10713\" style=\"width: 1024px\" class=\"wp-caption alignnone\"><a href=\"https:\/\/d2p6e6u75xmxt8.cloudfront.net\/2\/2020\/08\/profimedia-0378093507-1.jpg\"><img loading=\"lazy\" decoding=\"async\" class=\"wp-image-10713 size-large\" src=\"https:\/\/d2p6e6u75xmxt8.cloudfront.net\/4\/2020\/09\/profimedia-0378093507-1-1024x682.jpg\" alt=\"Annemiek Van Vleuten vo veku 39 rokov\" width=\"1024\" height=\"682\" \/><\/a><figcaption id=\"caption-attachment-10713\" class=\"wp-caption-text\">Annemiek Van Vleuten vyhrala na turnaji La Course by Le Tour de France v roku 2018. \u00a9Profimedia<\/figcaption><\/figure>\n<p>Aj medzi \u017eenami s\u00fa pretek\u00e1rky, ktor\u00e9 vzdoruj\u00fa vekov\u00fdm stereotypom. Pr\u00edkladom je Holan\u010fanka <strong>Annemiek Van Vleuten<\/strong>, ktor\u00e1 jazd\u00ed za \u017eensk\u00fd svetov\u00fd t\u00edm Movistar. Ako 38-ro\u010dn\u00e1 vyhrala Rosa Giro, bola korunovan\u00e1 za majsterku sveta v roku 2019. Naposledy si odniesla olympijsk\u00e9 striebro v cestn\u00fdch pretekoch \u017eien, zlato v \u010dasovke jednotlivcov v Tokiu a hne\u010f potom vyhrala Cl\u00e1sica de San Sebasti\u00e1n.<\/p>\n<p><strong>Mav\u00ed Garcia<\/strong> (\u0160panielsko, Al\u00e9 Ljubljana) a <strong>Trixi Worrack<\/strong> (Nemecko, Trek-Segafredo) m\u00f4\u017eme k Van Vleutenovej priradi\u0165 ako \u010fal\u0161ie vyspelej\u0161ie jazdkyne v \u017eenskom pelot\u00f3ne. Mav\u00ed m\u00e1 37 rokov a\u00a0m\u00e1 viacer\u00e9 umiestnenia v\u00a0Spanish Road a\u00a0Time Trial Champion. Vo veku 39 rokov je Trixi b\u00fdvalou nemeckou n\u00e1rodnou \u0161ampi\u00f3nkou v cestn\u00fdch pretekoch z roku 2003 a\u00a0v\u00ed\u0165azkou z roku 2005 v Primavera Rosa (\u017eensk\u00fd Milano San Remo).<\/p>\n<p>&nbsp;<\/p>\n<h2><strong>Je teda vek rozhoduj\u00faci na pretekoch?<\/strong><\/h2>\n<p>Ak\u00e9 je teda ich tajomstvo? Nejde len o vyh\u00fdbanie sa prirodzen\u00fdm \u00fa\u010dinkom starnutia, ale o zvl\u00e1dnutie psychick\u00fdch a fyzick\u00fdch n\u00e1rokov dlhodob\u00fdch profesion\u00e1lnych pretekov. Niektor\u00ed sa narodili s fyziologick\u00fdmi darmi, ktor\u00e9 ich robia v\u00fdnimo\u010dn\u00fdmi. Ver\u00edm v\u0161ak, \u017ee odpove\u010f spo\u010d\u00edva v komplexnej\u0161om pr\u00edstupe, ktor\u00fd je kombin\u00e1ciou du\u0161evnej h\u00fa\u017eevnatosti, hlbokej l\u00e1sky k \u0161portu, kamar\u00e1tstva a vzru\u0161enia zo s\u00fa\u0165a\u017ee.<\/p>\n<p>\u010co si mysl\u00edte? Dajte n\u00e1m vedie\u0165, kto je v\u00e1\u0161 ob\u013e\u00faben\u00fd jazdec, ktor\u00fd aj po rokoch v profesion\u00e1lnom pelot\u00f3ne st\u00e1le silnie.<\/p>\n","protected":false},"excerpt":{"rendered":"<p>Kedy je \u0161portovec pr\u00edli\u0161 star\u00fd na to, aby mohol profesion\u00e1lne preteka\u0165 na bicykli? Je vek ur\u010duj\u00facim faktorom alebo s\u00fa jeho [&hellip;]<\/p>\n","protected":false},"author":81,"featured_media":12905,"comment_status":"open","ping_status":"open","sticky":false,"template":"","format":"standard","meta":{"footnotes":""},"categories":[4],"tags":[491,1391,115,1390,331,136,1389,600,908,179,170,885,120,1258,20,355,269,475],"global-categories":[],"class_list":["post-12896","post","type-post","status-publish","format-standard","has-post-thumbnail","hentry","category-cestna-cyklisitika","tag-alejandro-valverde","tag-annemiek-van-vleuten","tag-cestna-cyklistika","tag-davide-rebellin","tag-etapove-preteky","tag-mark-cavendish","tag-mavi-garcia","tag-muzi","tag-philippe-gilbert","tag-preteky","tag-primoz-roglic","tag-profesional","tag-richie-porte","tag-tadej-pogacar","tag-tour-de-france","tag-uci","tag-vitaz","tag-zeny"],"yoast_head":"<!-- This site is optimized with the Yoast SEO Premium plugin v25.3 (Yoast SEO v25.9) - https:\/\/yoast.com\/wordpress\/plugins\/seo\/ -->\n<title>Je vek v profi pelot\u00f3ne d\u00f4le\u017eit\u00fd? - \u0160koda We Love Cycling Slovensko<\/title>\n<meta name=\"description\" content=\"Je vek naozaj ur\u010duj\u00facim faktorom, alebo s\u00fa skvel\u00e9 v\u00fdsledky jedin\u00fdm faktorom, ktor\u00fd ur\u010duje schopnosti jazdca v profi pelot\u00f3ne?\" \/>\n<meta name=\"robots\" content=\"index, follow, max-snippet:-1, max-image-preview:large, max-video-preview:-1\" \/>\n<link rel=\"canonical\" href=\"https:\/\/www.welovecycling.com\/sk\/2021\/09\/17\/je-vek-v-profi-pelotone-dolezity\/\" \/>\n<meta property=\"og:locale\" content=\"sk_SK\" \/>\n<meta property=\"og:type\" content=\"article\" \/>\n<meta property=\"og:title\" content=\"Je vek v profi pelot\u00f3ne d\u00f4le\u017eit\u00fd?\" \/>\n<meta property=\"og:description\" content=\"Je vek naozaj ur\u010duj\u00facim faktorom, alebo s\u00fa skvel\u00e9 v\u00fdsledky jedin\u00fdm faktorom, ktor\u00fd ur\u010duje schopnosti jazdca v profi pelot\u00f3ne?\" \/>\n<meta property=\"og:url\" content=\"https:\/\/www.welovecycling.com\/sk\/2021\/09\/17\/je-vek-v-profi-pelotone-dolezity\/\" \/>\n<meta property=\"og:site_name\" content=\"\u0160koda We Love Cycling Slovensko\" \/>\n<meta property=\"article:published_time\" content=\"2021-09-17T08:00:56+00:00\" \/>\n<meta property=\"article:modified_time\" content=\"2021-09-28T13:28:24+00:00\" \/>\n<meta property=\"og:image\" content=\"https:\/\/d2p6e6u75xmxt8.cloudfront.net\/4\/2021\/09\/Tokyo-peloton-profimedia-0623070356-CvR.webp\" \/>\n\t<meta property=\"og:image:width\" content=\"1366\" \/>\n\t<meta property=\"og:image:height\" content=\"600\" \/>\n\t<meta property=\"og:image:type\" content=\"image\/webp\" \/>\n<meta name=\"twitter:card\" content=\"summary_large_image\" \/>\n<meta name=\"twitter:label1\" content=\"Written by\" \/>\n\t<meta name=\"twitter:data1\" content=\"Andrea Champredonde\" \/>\n\t<meta name=\"twitter:label2\" content=\"Est. reading time\" \/>\n\t<meta name=\"twitter:data2\" content=\"6\" \/>\n<script type=\"application\/ld+json\" class=\"yoast-schema-graph\">{\"@context\":\"https:\/\/schema.org\",\"@graph\":[{\"@type\":\"WebPage\",\"@id\":\"https:\/\/www.welovecycling.com\/sk\/2021\/09\/17\/je-vek-v-profi-pelotone-dolezity\/\",\"url\":\"https:\/\/www.welovecycling.com\/sk\/2021\/09\/17\/je-vek-v-profi-pelotone-dolezity\/\",\"name\":\"Je vek v profi pelot\u00f3ne d\u00f4le\u017eit\u00fd? - \u0160koda We Love Cycling Slovensko\",\"isPartOf\":{\"@id\":\"https:\/\/www.welovecycling.com\/sk\/#website\"},\"primaryImageOfPage\":{\"@id\":\"https:\/\/www.welovecycling.com\/sk\/2021\/09\/17\/je-vek-v-profi-pelotone-dolezity\/#primaryimage\"},\"image\":{\"@id\":\"https:\/\/www.welovecycling.com\/sk\/2021\/09\/17\/je-vek-v-profi-pelotone-dolezity\/#primaryimage\"},\"thumbnailUrl\":\"https:\/\/d2p6e6u75xmxt8.cloudfront.net\/4\/2021\/09\/Tokyo-peloton-profimedia-0623070356-CvR.webp\",\"datePublished\":\"2021-09-17T08:00:56+00:00\",\"dateModified\":\"2021-09-28T13:28:24+00:00\",\"author\":{\"@id\":\"\"},\"description\":\"Je vek naozaj ur\u010duj\u00facim faktorom, alebo s\u00fa skvel\u00e9 v\u00fdsledky jedin\u00fdm faktorom, ktor\u00fd ur\u010duje schopnosti jazdca v profi pelot\u00f3ne?\",\"breadcrumb\":{\"@id\":\"https:\/\/www.welovecycling.com\/sk\/2021\/09\/17\/je-vek-v-profi-pelotone-dolezity\/#breadcrumb\"},\"inLanguage\":\"sk-SK\",\"potentialAction\":[{\"@type\":\"ReadAction\",\"target\":[\"https:\/\/www.welovecycling.com\/sk\/2021\/09\/17\/je-vek-v-profi-pelotone-dolezity\/\"]}]},{\"@type\":\"ImageObject\",\"inLanguage\":\"sk-SK\",\"@id\":\"https:\/\/www.welovecycling.com\/sk\/2021\/09\/17\/je-vek-v-profi-pelotone-dolezity\/#primaryimage\",\"url\":\"https:\/\/d2p6e6u75xmxt8.cloudfront.net\/4\/2021\/09\/Tokyo-peloton-profimedia-0623070356-CvR.webp\",\"contentUrl\":\"https:\/\/d2p6e6u75xmxt8.cloudfront.net\/4\/2021\/09\/Tokyo-peloton-profimedia-0623070356-CvR.webp\",\"width\":1366,\"height\":600},{\"@type\":\"BreadcrumbList\",\"@id\":\"https:\/\/www.welovecycling.com\/sk\/2021\/09\/17\/je-vek-v-profi-pelotone-dolezity\/#breadcrumb\",\"itemListElement\":[{\"@type\":\"ListItem\",\"position\":1,\"name\":\"Home\",\"item\":\"https:\/\/www.welovecycling.com\/sk\/\"},{\"@type\":\"ListItem\",\"position\":2,\"name\":\"Je vek v profi pelot\u00f3ne d\u00f4le\u017eit\u00fd?\"}]},{\"@type\":\"WebSite\",\"@id\":\"https:\/\/www.welovecycling.com\/sk\/#website\",\"url\":\"https:\/\/www.welovecycling.com\/sk\/\",\"name\":\"\u0160koda We Love Cycling Slovensko\",\"description\":\"\u0160koda We Love Cycling Slovensko je v\u00e1\u0161 ka\u017edodenn\u00fd zdroj noviniek a in\u0161pir\u00e1cie z sveta cyklistiky\",\"potentialAction\":[{\"@type\":\"SearchAction\",\"target\":{\"@type\":\"EntryPoint\",\"urlTemplate\":\"https:\/\/www.welovecycling.com\/sk\/?s={search_term_string}\"},\"query-input\":{\"@type\":\"PropertyValueSpecification\",\"valueRequired\":true,\"valueName\":\"search_term_string\"}}],\"inLanguage\":\"sk-SK\"},{\"@type\":\"Person\",\"@id\":\"\",\"url\":\"https:\/\/www.welovecycling.com\/sk\/author\/\"}]}<\/script>\n<!-- \/ Yoast SEO Premium plugin. -->","yoast_head_json":{"title":"Je vek v profi pelot\u00f3ne d\u00f4le\u017eit\u00fd? - \u0160koda We Love Cycling Slovensko","description":"Je vek naozaj ur\u010duj\u00facim faktorom, alebo s\u00fa skvel\u00e9 v\u00fdsledky jedin\u00fdm faktorom, ktor\u00fd ur\u010duje schopnosti jazdca v profi pelot\u00f3ne?","robots":{"index":"index","follow":"follow","max-snippet":"max-snippet:-1","max-image-preview":"max-image-preview:large","max-video-preview":"max-video-preview:-1"},"canonical":"https:\/\/www.welovecycling.com\/sk\/2021\/09\/17\/je-vek-v-profi-pelotone-dolezity\/","og_locale":"sk_SK","og_type":"article","og_title":"Je vek v profi pelot\u00f3ne d\u00f4le\u017eit\u00fd?","og_description":"Je vek naozaj ur\u010duj\u00facim faktorom, alebo s\u00fa skvel\u00e9 v\u00fdsledky jedin\u00fdm faktorom, ktor\u00fd ur\u010duje schopnosti jazdca v profi pelot\u00f3ne?","og_url":"https:\/\/www.welovecycling.com\/sk\/2021\/09\/17\/je-vek-v-profi-pelotone-dolezity\/","og_site_name":"\u0160koda We Love Cycling Slovensko","article_published_time":"2021-09-17T08:00:56+00:00","article_modified_time":"2021-09-28T13:28:24+00:00","og_image":[{"width":1366,"height":600,"url":"https:\/\/d2p6e6u75xmxt8.cloudfront.net\/4\/2021\/09\/Tokyo-peloton-profimedia-0623070356-CvR.webp","type":"image\/webp"}],"twitter_card":"summary_large_image","twitter_misc":{"Written by":"Andrea Champredonde","Est. reading time":"6"},"schema":{"@context":"https:\/\/schema.org","@graph":[{"@type":"WebPage","@id":"https:\/\/www.welovecycling.com\/sk\/2021\/09\/17\/je-vek-v-profi-pelotone-dolezity\/","url":"https:\/\/www.welovecycling.com\/sk\/2021\/09\/17\/je-vek-v-profi-pelotone-dolezity\/","name":"Je vek v profi pelot\u00f3ne d\u00f4le\u017eit\u00fd? - \u0160koda We Love Cycling Slovensko","isPartOf":{"@id":"https:\/\/www.welovecycling.com\/sk\/#website"},"primaryImageOfPage":{"@id":"https:\/\/www.welovecycling.com\/sk\/2021\/09\/17\/je-vek-v-profi-pelotone-dolezity\/#primaryimage"},"image":{"@id":"https:\/\/www.welovecycling.com\/sk\/2021\/09\/17\/je-vek-v-profi-pelotone-dolezity\/#primaryimage"},"thumbnailUrl":"https:\/\/d2p6e6u75xmxt8.cloudfront.net\/4\/2021\/09\/Tokyo-peloton-profimedia-0623070356-CvR.webp","datePublished":"2021-09-17T08:00:56+00:00","dateModified":"2021-09-28T13:28:24+00:00","author":{"@id":""},"description":"Je vek naozaj ur\u010duj\u00facim faktorom, alebo s\u00fa skvel\u00e9 v\u00fdsledky jedin\u00fdm faktorom, ktor\u00fd ur\u010duje schopnosti jazdca v profi pelot\u00f3ne?","breadcrumb":{"@id":"https:\/\/www.welovecycling.com\/sk\/2021\/09\/17\/je-vek-v-profi-pelotone-dolezity\/#breadcrumb"},"inLanguage":"sk-SK","potentialAction":[{"@type":"ReadAction","target":["https:\/\/www.welovecycling.com\/sk\/2021\/09\/17\/je-vek-v-profi-pelotone-dolezity\/"]}]},{"@type":"ImageObject","inLanguage":"sk-SK","@id":"https:\/\/www.welovecycling.com\/sk\/2021\/09\/17\/je-vek-v-profi-pelotone-dolezity\/#primaryimage","url":"https:\/\/d2p6e6u75xmxt8.cloudfront.net\/4\/2021\/09\/Tokyo-peloton-profimedia-0623070356-CvR.webp","contentUrl":"https:\/\/d2p6e6u75xmxt8.cloudfront.net\/4\/2021\/09\/Tokyo-peloton-profimedia-0623070356-CvR.webp","width":1366,"height":600},{"@type":"BreadcrumbList","@id":"https:\/\/www.welovecycling.com\/sk\/2021\/09\/17\/je-vek-v-profi-pelotone-dolezity\/#breadcrumb","itemListElement":[{"@type":"ListItem","position":1,"name":"Home","item":"https:\/\/www.welovecycling.com\/sk\/"},{"@type":"ListItem","position":2,"name":"Je vek v profi pelot\u00f3ne d\u00f4le\u017eit\u00fd?"}]},{"@type":"WebSite","@id":"https:\/\/www.welovecycling.com\/sk\/#website","url":"https:\/\/www.welovecycling.com\/sk\/","name":"\u0160koda We Love Cycling Slovensko","description":"\u0160koda We Love Cycling Slovensko je v\u00e1\u0161 ka\u017edodenn\u00fd zdroj noviniek a in\u0161pir\u00e1cie z sveta cyklistiky","potentialAction":[{"@type":"SearchAction","target":{"@type":"EntryPoint","urlTemplate":"https:\/\/www.welovecycling.com\/sk\/?s={search_term_string}"},"query-input":{"@type":"PropertyValueSpecification","valueRequired":true,"valueName":"search_term_string"}}],"inLanguage":"sk-SK"},{"@type":"Person","@id":"","url":"https:\/\/www.welovecycling.com\/sk\/author\/"}]}},"_links":{"self":[{"href":"https:\/\/www.welovecycling.com\/sk\/wp-json\/wp\/v2\/posts\/12896","targetHints":{"allow":["GET"]}}],"collection":[{"href":"https:\/\/www.welovecycling.com\/sk\/wp-json\/wp\/v2\/posts"}],"about":[{"href":"https:\/\/www.welovecycling.com\/sk\/wp-json\/wp\/v2\/types\/post"}],"author":[{"embeddable":true,"href":"https:\/\/www.welovecycling.com\/sk\/wp-json\/wp\/v2\/users\/81"}],"replies":[{"embeddable":true,"href":"https:\/\/www.welovecycling.com\/sk\/wp-json\/wp\/v2\/comments?post=12896"}],"version-history":[{"count":2,"href":"https:\/\/www.welovecycling.com\/sk\/wp-json\/wp\/v2\/posts\/12896\/revisions"}],"predecessor-version":[{"id":13048,"href":"https:\/\/www.welovecycling.com\/sk\/wp-json\/wp\/v2\/posts\/12896\/revisions\/13048"}],"wp:featuredmedia":[{"embeddable":true,"href":"https:\/\/www.welovecycling.com\/sk\/wp-json\/wp\/v2\/media\/12905"}],"wp:attachment":[{"href":"https:\/\/www.welovecycling.com\/sk\/wp-json\/wp\/v2\/media?parent=12896"}],"wp:term":[{"taxonomy":"category","embeddable":true,"href":"https:\/\/www.welovecycling.com\/sk\/wp-json\/wp\/v2\/categories?post=12896"},{"taxonomy":"post_tag","embeddable":true,"href":"https:\/\/www.welovecycling.com\/sk\/wp-json\/wp\/v2\/tags?post=12896"},{"taxonomy":"global-categories","embeddable":true,"href":"https:\/\/www.welovecycling.com\/sk\/wp-json\/wp\/v2\/global-categories?post=12896"}],"curies":[{"name":"wp","href":"https:\/\/api.w.org\/{rel}","templated":true}]}}