{"id":12876,"date":"2021-09-14T10:00:18","date_gmt":"2021-09-14T08:00:18","guid":{"rendered":"https:\/\/www.welovecycling.com\/sk\/?p=12876"},"modified":"2021-09-29T10:27:28","modified_gmt":"2021-09-29T08:27:28","slug":"preteky-okolo-slovenska-svetove-hviezdy-na-slovenskych-cestach","status":"publish","type":"post","link":"https:\/\/www.welovecycling.com\/sk\/2021\/09\/14\/preteky-okolo-slovenska-svetove-hviezdy-na-slovenskych-cestach\/","title":{"rendered":"Preteky Okolo Slovenska \u2013 svetov\u00e9 hviezdy na slovensk\u00fdch cest\u00e1ch"},"content":{"rendered":"<p><strong>Etapov\u00e9 cestn\u00e9 preteky Okolo Slovenska s \u00fa\u010das\u0165ou t\u00fdch najv\u00e4\u010d\u0161\u00edch mien svetovej cyklistiky, n\u00e1s \u010dakaj\u00fa u\u017e o\u00a0nieko\u013eko dn\u00ed. Pre na\u0161u krajinu ve\u013ek\u00e1 \u0161portov\u00e1 udalos\u0165, na ktor\u00fa sa priaznivci cyklistick\u00e9ho \u0161portu te\u0161ia cel\u00fd rok. V\u010faka snahe organiz\u00e1torov sa toto podujatie od roku 2017 zaradilo medzi podujatia s\u00a0rankingom 2.1 pod\u013ea kateg\u00f3ri\u00ed UCI a\u00a0tak si svetov\u00fa cyklistiku m\u00f4\u017eeme u\u017ei\u0165 aj na na\u0161ich cest\u00e1ch.<\/strong><!--more--><\/p>\n<p><a href=\"https:\/\/d2p6e6u75xmxt8.cloudfront.net\/4\/2021\/09\/Okolo_Slovenska_01.jpg\"><img loading=\"lazy\" decoding=\"async\" class=\"alignnone wp-image-12878 size-full\" src=\"https:\/\/d2p6e6u75xmxt8.cloudfront.net\/4\/2021\/09\/Okolo_Slovenska_01.jpg\" alt=\"Pretek\u00e1r\" width=\"1200\" height=\"800\" \/><\/a><\/p>\n<h2><strong>T\u00edmy a jazdci<\/strong><\/h2>\n<p>65. jubilejn\u00fd ro\u010dn\u00edk bude ma\u0165 nieko\u013eko noviniek, ktor\u00e9 organiz\u00e1tori pripravovali nieko\u013eko rokov. Tento rok uvid\u00edme atrakt\u00edvne zlo\u017eenie pelot\u00f3nu s\u00a0tak\u00fdmi t\u00edmami ako <strong>BORA-HANSGROHE na \u010dele s\u00a0Petrom Saganom a\u00a0neodmyslite\u013en\u00fdm Danielom Ossom<\/strong>. M\u00e1me mo\u017enos\u0165 si vychutna\u0165 t\u00fdchto dvoch pretek\u00e1rov v\u00a0dresoch Bora, e\u0161te pred odchodom do TOTAL ENERGIES. V\u00a0t\u00edme DECEUNINCK-QUICKSTEP bude hlavnou hviezdou Jannik Steimle, ale ch\u00fdba\u0165 bude Sam Bennett, ktor\u00fd by mal podst\u00fapi\u0165 oper\u00e1ciu kolena.<\/p>\n<p><a href=\"https:\/\/d2p6e6u75xmxt8.cloudfront.net\/4\/2021\/09\/Okolo_Slovenska_02.jpg\"><img loading=\"lazy\" decoding=\"async\" class=\"alignnone wp-image-12879 size-full\" src=\"https:\/\/d2p6e6u75xmxt8.cloudfront.net\/4\/2021\/09\/Okolo_Slovenska_02.jpg\" alt=\"Pretek\u00e1ry na etape Okolo Slovenska\" width=\"1200\" height=\"800\" \/><\/a><\/p>\n<p>Juhoafrick\u00fd t\u00edm QHUBEKA-ASSOS bude ma\u0165 v\u00a0\u010dele \u00faraduj\u00faceho majstra Eur\u00f3py Giacoma Nizzola, ale n\u00e1jdeme tam aj \u010desk\u00e9ho cyklistu Karla Vaceka. V\u010faka ISRAEL START-UP NATION si na slovensk\u00fdch cest\u00e1ch zajazd\u00ed <strong>legend\u00e1rny cyklista Chris Froome<\/strong>, ktor\u00fd bude ur\u010dite ve\u013ek\u00fdm l\u00e1kadlom pre div\u00e1kov. Samozrejme nebud\u00fa ch\u00fdba\u0165 ani in\u00e9 zauj\u00edmav\u00e9 t\u00edmy ako ASTANA-PREMIER TECH, TEAM DSM, ale aj <strong>slovensk\u00e1 DUKLA BANSK\u00c1 BYSTRICA a\u00a0samozrejme SLOVENSK\u00c1 REPREZENT\u00c1CIA na \u010dele s\u00a0Filipom Lohinsk\u00fdm<\/strong>.<\/p>\n<p><a href=\"https:\/\/d2p6e6u75xmxt8.cloudfront.net\/4\/2021\/09\/Okolo_Slovenska_03.jpg\"><img loading=\"lazy\" decoding=\"async\" class=\"alignnone wp-image-12880 size-full\" src=\"https:\/\/d2p6e6u75xmxt8.cloudfront.net\/4\/2021\/09\/Okolo_Slovenska_03.jpg\" alt=\"Pretek\u00e1ri v Banskej \u0160tiavnici\" width=\"1200\" height=\"800\" \/><\/a><\/p>\n<h2><strong>Trasa a\u00a0etapy<\/strong><\/h2>\n<p>Trasa sa ka\u017ed\u00fd rok men\u00ed podobne ako na in\u00fdch svetov\u00fdch etapov\u00fdch pretekoch vo svete. Cie\u013eom je, aby preteky boli ka\u017ed\u00fd rok atrakt\u00edvne pre jazdcov aj pre fan\u00fa\u0161ikov.<\/p>\n<p><a href=\"https:\/\/d2p6e6u75xmxt8.cloudfront.net\/4\/2021\/09\/Okolo_Slovenska_04.jpg\"><img loading=\"lazy\" decoding=\"async\" class=\"alignnone wp-image-12881 size-full\" src=\"https:\/\/d2p6e6u75xmxt8.cloudfront.net\/4\/2021\/09\/Okolo_Slovenska_04.jpg\" alt=\"Pelot\u00f3n pretek\u00e1rov Okolo Slovenska\" width=\"1200\" height=\"800\" \/><\/a><\/p>\n<p>\u00davodn\u00fd de\u0148 pretekov <strong>za\u010d\u00edna 15. 09. prezent\u00e1ciou t\u00edmov a sl\u00e1vnostn\u00fdm prol\u00f3gom jazdcov<\/strong> na n\u00e1mest\u00ed v\u00a0Ko\u0161iciach.<\/p>\n<p><strong>1. etapa<\/strong> sa bude jazdi\u0165 v\u00a0okol\u00ed Ko\u0161\u00edc a\u00a0jazdcov \u010dakaj\u00fa tri r\u00fdchlostn\u00e9 a\u00a0\u0161tyri horsk\u00e9 pr\u00e9mie. D\u013a\u017eka etapy je 158,4 km.<br \/>\n<strong>2. etapa<\/strong> je napl\u00e1novan\u00e1 od kr\u00e1snej oblasti Spi\u0161sk\u00e9ho Podhradia a\u017e do Doln\u00e9ho Kub\u00edna. Organiz\u00e1tori pripravili dve r\u00fdchlostn\u00e9 a\u00a0tri horsk\u00e9 pr\u00e9mie. D\u013a\u017eka etapy je 179,7 km.<br \/>\n<strong>3. etapa<\/strong> z\u00a0Doln\u00e9ho Kub\u00edna do Pova\u017eskej Bystrice dostato\u010dne prever\u00ed pr\u00edpravu pretek\u00e1rov, preto\u017ee ich \u010dak\u00e1 okrem troch r\u00fdchlostn\u00fdch aj p\u00e4\u0165 horsk\u00fdch pr\u00e9mi\u00ed. Bude to najdlh\u0161ia trasa 193,2 km.<br \/>\n<strong>4. etapa<\/strong> bude z\u00e1vere\u010dnou \u010das\u0165ou pretekov a\u00a0bude smerova\u0165 od k\u00fape\u013en\u00e9ho mesta Tren\u010dianske Teplice do Trnavy, kde bude sl\u00e1vnostn\u00e9 ukon\u010denie. K\u00a0dispoz\u00edcii bud\u00fa tri r\u00fdchlostn\u00e9 aj tri horsk\u00e9 pr\u00e9mie. D\u013a\u017eka etapy je 159,2 km.<\/p>\n<p>Grafick\u00e9 zobrazenie v\u0161etk\u00fdch et\u00e1p si m\u00f4\u017eete pozrie\u0165 aj v kr\u00e1tkom videu:<\/p>\n<lite-youtube videoid=18EZtrX-vH8 params=\"enablejsapi=1\" style=\"background-image: url('https:\/\/i.ytimg.com\/vi_webp\/18EZtrX-vH8\/maxresdefault.webp');\"><\/lite-youtube>\n<p>Ako vidie\u0165 m\u00e1me sa na \u010do te\u0161i\u0165. V\u00fdznam tak\u00fdchto pretekov je ve\u013ek\u00fd. Na jednu stranu maj\u00fa mo\u017enos\u0165 lok\u00e1lne t\u00edmy preteka\u0165 so svetovou \u0161pi\u010dkou a\u00a0na druh\u00fa stranu div\u00e1ci m\u00f4\u017eu za\u017ei\u0165 atmosf\u00e9ru ve\u013ek\u00fdch svetov\u00fdch podujat\u00ed typu Tour de France \u010di Vuelta. <strong>Okrem toho sa pribl\u00ed\u017ei cyklistika ve\u013ekej mase \u013eud\u00ed a\u00a0spropaguje sa vo svete na\u0161a kr\u00e1sna krajina a\u00a0podpor\u00ed cestovn\u00fd ruch.<\/strong><\/p>\n<p><a href=\"https:\/\/d2p6e6u75xmxt8.cloudfront.net\/4\/2021\/09\/Okolo_Slovenska_05.jpg\"><img loading=\"lazy\" decoding=\"async\" class=\"alignnone wp-image-12882 size-full\" src=\"https:\/\/d2p6e6u75xmxt8.cloudfront.net\/4\/2021\/09\/Okolo_Slovenska_05.jpg\" alt=\"Pelot\u00f3n\" width=\"1200\" height=\"800\" \/><\/a><\/p>\n<p>Fotky: J\u00e1n Melicher, okoloslovenska.com<\/p>\n","protected":false},"excerpt":{"rendered":"<p>Etapov\u00e9 cestn\u00e9 preteky Okolo Slovenska s \u00fa\u010das\u0165ou t\u00fdch najv\u00e4\u010d\u0161\u00edch mien svetovej cyklistiky, n\u00e1s \u010dakaj\u00fa u\u017e o\u00a0nieko\u013eko dn\u00ed. Pre na\u0161u krajinu [&hellip;]<\/p>\n","protected":false},"author":81,"featured_media":12884,"comment_status":"open","ping_status":"open","sticky":false,"template":"","format":"standard","meta":{"footnotes":""},"categories":[4],"tags":[160,115,119,898,961,331,875,97,46,179,885,523],"global-categories":[1074],"class_list":["post-12876","post","type-post","status-publish","format-standard","has-post-thumbnail","hentry","category-cestna-cyklisitika","tag-bora-hansgrohe","tag-cestna-cyklistika","tag-chris-froome","tag-deceuninck-quick-step","tag-etapa","tag-etapove-preteky","tag-kosice","tag-okolo-slovenska","tag-peter-sagan","tag-preteky","tag-profesional","tag-slovensko","global-categories-cycling"],"yoast_head":"<!-- This site is optimized with the Yoast SEO Premium plugin v25.3 (Yoast SEO v25.9) - https:\/\/yoast.com\/wordpress\/plugins\/seo\/ -->\n<title>Preteky Okolo Slovenska \u2013 svetov\u00e9 hviezdy na slovensk\u00fdch cest\u00e1ch - \u0160koda We Love Cycling Slovensko<\/title>\n<meta name=\"description\" content=\"Etapov\u00e9 cestn\u00e9 preteky Okolo Slovenska s \u00fa\u010das\u0165ou t\u00fdch najv\u00e4\u010d\u0161\u00edch mien svetovej a slovenskej cyklistiky, n\u00e1s \u010dakaj\u00fa u\u017e o\u00a0nieko\u013eko dn\u00ed.\" \/>\n<meta name=\"robots\" content=\"index, follow, max-snippet:-1, max-image-preview:large, max-video-preview:-1\" \/>\n<link rel=\"canonical\" href=\"https:\/\/www.welovecycling.com\/sk\/2021\/09\/14\/preteky-okolo-slovenska-svetove-hviezdy-na-slovenskych-cestach\/\" \/>\n<meta property=\"og:locale\" content=\"sk_SK\" \/>\n<meta property=\"og:type\" content=\"article\" \/>\n<meta property=\"og:title\" content=\"Preteky Okolo Slovenska \u2013 svetov\u00e9 hviezdy na slovensk\u00fdch cest\u00e1ch\" \/>\n<meta property=\"og:description\" content=\"Etapov\u00e9 cestn\u00e9 preteky Okolo Slovenska s \u00fa\u010das\u0165ou t\u00fdch najv\u00e4\u010d\u0161\u00edch mien svetovej a slovenskej cyklistiky, n\u00e1s \u010dakaj\u00fa u\u017e o\u00a0nieko\u013eko dn\u00ed.\" \/>\n<meta property=\"og:url\" content=\"https:\/\/www.welovecycling.com\/sk\/2021\/09\/14\/preteky-okolo-slovenska-svetove-hviezdy-na-slovenskych-cestach\/\" \/>\n<meta property=\"og:site_name\" content=\"\u0160koda We Love Cycling Slovensko\" \/>\n<meta property=\"article:published_time\" content=\"2021-09-14T08:00:18+00:00\" \/>\n<meta property=\"article:modified_time\" content=\"2021-09-29T08:27:28+00:00\" \/>\n<meta property=\"og:image\" content=\"https:\/\/d2p6e6u75xmxt8.cloudfront.net\/4\/2021\/09\/Okolo_Slovenska_00.webp\" \/>\n\t<meta property=\"og:image:width\" content=\"1380\" \/>\n\t<meta property=\"og:image:height\" content=\"600\" \/>\n\t<meta property=\"og:image:type\" content=\"image\/webp\" \/>\n<meta name=\"twitter:card\" content=\"summary_large_image\" \/>\n<meta name=\"twitter:label1\" content=\"Written by\" \/>\n\t<meta name=\"twitter:data1\" content=\"WeLoveCycling\" \/>\n\t<meta name=\"twitter:label2\" content=\"Est. reading time\" \/>\n\t<meta name=\"twitter:data2\" content=\"2\" \/>\n<script type=\"application\/ld+json\" class=\"yoast-schema-graph\">{\"@context\":\"https:\/\/schema.org\",\"@graph\":[{\"@type\":\"WebPage\",\"@id\":\"https:\/\/www.welovecycling.com\/sk\/2021\/09\/14\/preteky-okolo-slovenska-svetove-hviezdy-na-slovenskych-cestach\/\",\"url\":\"https:\/\/www.welovecycling.com\/sk\/2021\/09\/14\/preteky-okolo-slovenska-svetove-hviezdy-na-slovenskych-cestach\/\",\"name\":\"Preteky Okolo Slovenska \u2013 svetov\u00e9 hviezdy na slovensk\u00fdch cest\u00e1ch - \u0160koda We Love Cycling Slovensko\",\"isPartOf\":{\"@id\":\"https:\/\/www.welovecycling.com\/sk\/#website\"},\"primaryImageOfPage\":{\"@id\":\"https:\/\/www.welovecycling.com\/sk\/2021\/09\/14\/preteky-okolo-slovenska-svetove-hviezdy-na-slovenskych-cestach\/#primaryimage\"},\"image\":{\"@id\":\"https:\/\/www.welovecycling.com\/sk\/2021\/09\/14\/preteky-okolo-slovenska-svetove-hviezdy-na-slovenskych-cestach\/#primaryimage\"},\"thumbnailUrl\":\"https:\/\/d2p6e6u75xmxt8.cloudfront.net\/4\/2021\/09\/Okolo_Slovenska_00.webp\",\"datePublished\":\"2021-09-14T08:00:18+00:00\",\"dateModified\":\"2021-09-29T08:27:28+00:00\",\"author\":{\"@id\":\"\"},\"description\":\"Etapov\u00e9 cestn\u00e9 preteky Okolo Slovenska s \u00fa\u010das\u0165ou t\u00fdch najv\u00e4\u010d\u0161\u00edch mien svetovej a slovenskej cyklistiky, n\u00e1s \u010dakaj\u00fa u\u017e o\u00a0nieko\u013eko dn\u00ed.\",\"breadcrumb\":{\"@id\":\"https:\/\/www.welovecycling.com\/sk\/2021\/09\/14\/preteky-okolo-slovenska-svetove-hviezdy-na-slovenskych-cestach\/#breadcrumb\"},\"inLanguage\":\"sk-SK\",\"potentialAction\":[{\"@type\":\"ReadAction\",\"target\":[\"https:\/\/www.welovecycling.com\/sk\/2021\/09\/14\/preteky-okolo-slovenska-svetove-hviezdy-na-slovenskych-cestach\/\"]}]},{\"@type\":\"ImageObject\",\"inLanguage\":\"sk-SK\",\"@id\":\"https:\/\/www.welovecycling.com\/sk\/2021\/09\/14\/preteky-okolo-slovenska-svetove-hviezdy-na-slovenskych-cestach\/#primaryimage\",\"url\":\"https:\/\/d2p6e6u75xmxt8.cloudfront.net\/4\/2021\/09\/Okolo_Slovenska_00.webp\",\"contentUrl\":\"https:\/\/d2p6e6u75xmxt8.cloudfront.net\/4\/2021\/09\/Okolo_Slovenska_00.webp\",\"width\":1380,\"height\":600},{\"@type\":\"BreadcrumbList\",\"@id\":\"https:\/\/www.welovecycling.com\/sk\/2021\/09\/14\/preteky-okolo-slovenska-svetove-hviezdy-na-slovenskych-cestach\/#breadcrumb\",\"itemListElement\":[{\"@type\":\"ListItem\",\"position\":1,\"name\":\"Home\",\"item\":\"https:\/\/www.welovecycling.com\/sk\/\"},{\"@type\":\"ListItem\",\"position\":2,\"name\":\"Preteky Okolo Slovenska \u2013 svetov\u00e9 hviezdy na slovensk\u00fdch cest\u00e1ch\"}]},{\"@type\":\"WebSite\",\"@id\":\"https:\/\/www.welovecycling.com\/sk\/#website\",\"url\":\"https:\/\/www.welovecycling.com\/sk\/\",\"name\":\"\u0160koda We Love Cycling Slovensko\",\"description\":\"\u0160koda We Love Cycling Slovensko je v\u00e1\u0161 ka\u017edodenn\u00fd zdroj noviniek a in\u0161pir\u00e1cie z sveta cyklistiky\",\"potentialAction\":[{\"@type\":\"SearchAction\",\"target\":{\"@type\":\"EntryPoint\",\"urlTemplate\":\"https:\/\/www.welovecycling.com\/sk\/?s={search_term_string}\"},\"query-input\":{\"@type\":\"PropertyValueSpecification\",\"valueRequired\":true,\"valueName\":\"search_term_string\"}}],\"inLanguage\":\"sk-SK\"},{\"@type\":\"Person\",\"@id\":\"\",\"url\":\"https:\/\/www.welovecycling.com\/sk\/author\/\"}]}<\/script>\n<!-- \/ Yoast SEO Premium plugin. -->","yoast_head_json":{"title":"Preteky Okolo Slovenska \u2013 svetov\u00e9 hviezdy na slovensk\u00fdch cest\u00e1ch - \u0160koda We Love Cycling Slovensko","description":"Etapov\u00e9 cestn\u00e9 preteky Okolo Slovenska s \u00fa\u010das\u0165ou t\u00fdch najv\u00e4\u010d\u0161\u00edch mien svetovej a slovenskej cyklistiky, n\u00e1s \u010dakaj\u00fa u\u017e o\u00a0nieko\u013eko dn\u00ed.","robots":{"index":"index","follow":"follow","max-snippet":"max-snippet:-1","max-image-preview":"max-image-preview:large","max-video-preview":"max-video-preview:-1"},"canonical":"https:\/\/www.welovecycling.com\/sk\/2021\/09\/14\/preteky-okolo-slovenska-svetove-hviezdy-na-slovenskych-cestach\/","og_locale":"sk_SK","og_type":"article","og_title":"Preteky Okolo Slovenska \u2013 svetov\u00e9 hviezdy na slovensk\u00fdch cest\u00e1ch","og_description":"Etapov\u00e9 cestn\u00e9 preteky Okolo Slovenska s \u00fa\u010das\u0165ou t\u00fdch najv\u00e4\u010d\u0161\u00edch mien svetovej a slovenskej cyklistiky, n\u00e1s \u010dakaj\u00fa u\u017e o\u00a0nieko\u013eko dn\u00ed.","og_url":"https:\/\/www.welovecycling.com\/sk\/2021\/09\/14\/preteky-okolo-slovenska-svetove-hviezdy-na-slovenskych-cestach\/","og_site_name":"\u0160koda We Love Cycling Slovensko","article_published_time":"2021-09-14T08:00:18+00:00","article_modified_time":"2021-09-29T08:27:28+00:00","og_image":[{"width":1380,"height":600,"url":"https:\/\/d2p6e6u75xmxt8.cloudfront.net\/4\/2021\/09\/Okolo_Slovenska_00.webp","type":"image\/webp"}],"twitter_card":"summary_large_image","twitter_misc":{"Written by":"WeLoveCycling","Est. reading time":"2"},"schema":{"@context":"https:\/\/schema.org","@graph":[{"@type":"WebPage","@id":"https:\/\/www.welovecycling.com\/sk\/2021\/09\/14\/preteky-okolo-slovenska-svetove-hviezdy-na-slovenskych-cestach\/","url":"https:\/\/www.welovecycling.com\/sk\/2021\/09\/14\/preteky-okolo-slovenska-svetove-hviezdy-na-slovenskych-cestach\/","name":"Preteky Okolo Slovenska \u2013 svetov\u00e9 hviezdy na slovensk\u00fdch cest\u00e1ch - \u0160koda We Love Cycling Slovensko","isPartOf":{"@id":"https:\/\/www.welovecycling.com\/sk\/#website"},"primaryImageOfPage":{"@id":"https:\/\/www.welovecycling.com\/sk\/2021\/09\/14\/preteky-okolo-slovenska-svetove-hviezdy-na-slovenskych-cestach\/#primaryimage"},"image":{"@id":"https:\/\/www.welovecycling.com\/sk\/2021\/09\/14\/preteky-okolo-slovenska-svetove-hviezdy-na-slovenskych-cestach\/#primaryimage"},"thumbnailUrl":"https:\/\/d2p6e6u75xmxt8.cloudfront.net\/4\/2021\/09\/Okolo_Slovenska_00.webp","datePublished":"2021-09-14T08:00:18+00:00","dateModified":"2021-09-29T08:27:28+00:00","author":{"@id":""},"description":"Etapov\u00e9 cestn\u00e9 preteky Okolo Slovenska s \u00fa\u010das\u0165ou t\u00fdch najv\u00e4\u010d\u0161\u00edch mien svetovej a slovenskej cyklistiky, n\u00e1s \u010dakaj\u00fa u\u017e o\u00a0nieko\u013eko dn\u00ed.","breadcrumb":{"@id":"https:\/\/www.welovecycling.com\/sk\/2021\/09\/14\/preteky-okolo-slovenska-svetove-hviezdy-na-slovenskych-cestach\/#breadcrumb"},"inLanguage":"sk-SK","potentialAction":[{"@type":"ReadAction","target":["https:\/\/www.welovecycling.com\/sk\/2021\/09\/14\/preteky-okolo-slovenska-svetove-hviezdy-na-slovenskych-cestach\/"]}]},{"@type":"ImageObject","inLanguage":"sk-SK","@id":"https:\/\/www.welovecycling.com\/sk\/2021\/09\/14\/preteky-okolo-slovenska-svetove-hviezdy-na-slovenskych-cestach\/#primaryimage","url":"https:\/\/d2p6e6u75xmxt8.cloudfront.net\/4\/2021\/09\/Okolo_Slovenska_00.webp","contentUrl":"https:\/\/d2p6e6u75xmxt8.cloudfront.net\/4\/2021\/09\/Okolo_Slovenska_00.webp","width":1380,"height":600},{"@type":"BreadcrumbList","@id":"https:\/\/www.welovecycling.com\/sk\/2021\/09\/14\/preteky-okolo-slovenska-svetove-hviezdy-na-slovenskych-cestach\/#breadcrumb","itemListElement":[{"@type":"ListItem","position":1,"name":"Home","item":"https:\/\/www.welovecycling.com\/sk\/"},{"@type":"ListItem","position":2,"name":"Preteky Okolo Slovenska \u2013 svetov\u00e9 hviezdy na slovensk\u00fdch cest\u00e1ch"}]},{"@type":"WebSite","@id":"https:\/\/www.welovecycling.com\/sk\/#website","url":"https:\/\/www.welovecycling.com\/sk\/","name":"\u0160koda We Love Cycling Slovensko","description":"\u0160koda We Love Cycling Slovensko je v\u00e1\u0161 ka\u017edodenn\u00fd zdroj noviniek a in\u0161pir\u00e1cie z sveta cyklistiky","potentialAction":[{"@type":"SearchAction","target":{"@type":"EntryPoint","urlTemplate":"https:\/\/www.welovecycling.com\/sk\/?s={search_term_string}"},"query-input":{"@type":"PropertyValueSpecification","valueRequired":true,"valueName":"search_term_string"}}],"inLanguage":"sk-SK"},{"@type":"Person","@id":"","url":"https:\/\/www.welovecycling.com\/sk\/author\/"}]}},"_links":{"self":[{"href":"https:\/\/www.welovecycling.com\/sk\/wp-json\/wp\/v2\/posts\/12876","targetHints":{"allow":["GET"]}}],"collection":[{"href":"https:\/\/www.welovecycling.com\/sk\/wp-json\/wp\/v2\/posts"}],"about":[{"href":"https:\/\/www.welovecycling.com\/sk\/wp-json\/wp\/v2\/types\/post"}],"author":[{"embeddable":true,"href":"https:\/\/www.welovecycling.com\/sk\/wp-json\/wp\/v2\/users\/81"}],"replies":[{"embeddable":true,"href":"https:\/\/www.welovecycling.com\/sk\/wp-json\/wp\/v2\/comments?post=12876"}],"version-history":[{"count":2,"href":"https:\/\/www.welovecycling.com\/sk\/wp-json\/wp\/v2\/posts\/12876\/revisions"}],"predecessor-version":[{"id":13050,"href":"https:\/\/www.welovecycling.com\/sk\/wp-json\/wp\/v2\/posts\/12876\/revisions\/13050"}],"wp:featuredmedia":[{"embeddable":true,"href":"https:\/\/www.welovecycling.com\/sk\/wp-json\/wp\/v2\/media\/12884"}],"wp:attachment":[{"href":"https:\/\/www.welovecycling.com\/sk\/wp-json\/wp\/v2\/media?parent=12876"}],"wp:term":[{"taxonomy":"category","embeddable":true,"href":"https:\/\/www.welovecycling.com\/sk\/wp-json\/wp\/v2\/categories?post=12876"},{"taxonomy":"post_tag","embeddable":true,"href":"https:\/\/www.welovecycling.com\/sk\/wp-json\/wp\/v2\/tags?post=12876"},{"taxonomy":"global-categories","embeddable":true,"href":"https:\/\/www.welovecycling.com\/sk\/wp-json\/wp\/v2\/global-categories?post=12876"}],"curies":[{"name":"wp","href":"https:\/\/api.w.org\/{rel}","templated":true}]}}