{"id":12866,"date":"2021-09-13T10:00:15","date_gmt":"2021-09-13T08:00:15","guid":{"rendered":"https:\/\/www.welovecycling.com\/sk\/?p=12866"},"modified":"2021-09-29T10:47:16","modified_gmt":"2021-09-29T08:47:16","slug":"nakup-prveho-alebo-druheho-bicykla-pre-vase-dieta","status":"publish","type":"post","link":"https:\/\/www.welovecycling.com\/sk\/2021\/09\/13\/nakup-prveho-alebo-druheho-bicykla-pre-vase-dieta\/","title":{"rendered":"N\u00e1kup prv\u00e9ho (alebo druh\u00e9ho) bicykla pre va\u0161e die\u0165a"},"content":{"rendered":"<p><strong>Mo\u017eno ste si uvedomili, \u017ee va\u0161e die\u0165a je u\u017e na odr\u00e1\u017eadlo, na ktorom cel\u00e9 leto jazdilo, pr\u00edli\u0161 ve\u013ek\u00e9 a \u017ee je \u010das poobzera\u0165 sa po skuto\u010dnom dvojkolesovom t\u00e1to\u0161ovi. (\u00c1no, rast\u00fa ve\u013emi r\u00fdchlo.) Chcete, aby va\u0161e die\u0165a malo na svojom prvom bicykli \u00fa\u017easn\u00e9 z\u00e1\u017eitky, aby sa bicyklovanie stalo rovnako d\u00f4le\u017eitou s\u00fa\u010das\u0165ou jeho \u017eivota, akou aj pre v\u00e1s. Ale, ktor\u00fd bicykel je najlep\u0161\u00ed? Ak je to va\u0161e prv\u00e9 die\u0165a, mo\u017eno by ste mali ma\u0165 na pam\u00e4ti nieko\u013eko d\u00f4le\u017eit\u00fdch pravidiel.<\/strong><\/p>\n<p><!--more--><\/p>\n<p>Vzh\u013eadom na dne\u0161n\u00e9 n\u00e1klady na bicykle by v\u00e1s mohlo l\u00e1ka\u0165 k\u00fapi\u0165 v\u00e4\u010d\u0161\u00ed bicykel, do ktor\u00e9ho m\u00f4\u017ee va\u0161e die\u0165a dor\u00e1s\u0165. Nerobte to. Pr\u00edli\u0161 ve\u013ek\u00fd a \u0165a\u017ek\u00fd bicykel m\u00f4\u017ee die\u0165a\u0165u zni\u010di\u0165 cyklistick\u00fd z\u00e1\u017eitok na cel\u00fd \u017eivot. Tie\u017e to nie je bezpe\u010dn\u00e9. V ka\u017edom pr\u00edpade si dobr\u00fd detsk\u00fd bicykel zachov\u00e1 svoju predajn\u00fa hodnotu a po predaji m\u00f4\u017eete vr\u00e1ti\u0165 \u010das\u0165 pe\u0148az\u00ed, ktor\u00e9 ste do neho vlo\u017eili.<\/p>\n<figure id=\"attachment_12867\" aria-describedby=\"caption-attachment-12867\" style=\"width: 1000px\" class=\"wp-caption alignnone\"><a href=\"https:\/\/d2p6e6u75xmxt8.cloudfront.net\/4\/2021\/09\/Child-on-a-bike-profimedia-0098530123.jpg\"><img loading=\"lazy\" decoding=\"async\" class=\"wp-image-12867 size-full\" src=\"https:\/\/d2p6e6u75xmxt8.cloudfront.net\/4\/2021\/09\/Child-on-a-bike-profimedia-0098530123.jpg\" alt=\"Die\u0165a na bicykli\" width=\"1000\" height=\"666\" \/><\/a><figcaption id=\"caption-attachment-12867\" class=\"wp-caption-text\">Deti maj\u00fa ve\u013ea energie, tak niet divu, \u017ee si cyklistiku zamiluj\u00fa. \u00a9 Profimedia.<\/figcaption><\/figure>\n<p>Poobzerajte sa po bicykloch so z\u00e1kladn\u00fdmi prevodov\u00fdmi stup\u0148ami a brzdov\u00fdmi p\u00e1\u010dkami, ktor\u00e9 s\u00fa vyroben\u00e9 \u0161peci\u00e1lne pre deti. Vyhnite sa v\u0161ak viacn\u00e1sobn\u00fdm prevodom, preto\u017ee dvojit\u00e9 prevodn\u00edky zvy\u0161uj\u00fa hmotnos\u0165 a sp\u00f4sobuj\u00fa de\u0165om zbyto\u010dn\u00e9 komplik\u00e1cie. Vyhnite sa tie\u017e odpru\u017eeniu, k\u00fdm die\u0165a nedosiahne vy\u0161\u0161\u00ed vek, preto\u017ee zbyto\u010dne prid\u00e1va na hmotnosti bicykla.<\/p>\n<p>Majte na pam\u00e4ti, \u017ee ka\u017ed\u00e9 die\u0165a je in\u00e9, najm\u00e4 \u010do sa t\u00fdka v\u00fd\u0161ky a v\u00fdvoja.<\/p>\n<h2><strong>Detsk\u00e9 bicykle pre deti vo veku od 3 do 5 rokov<\/strong><\/h2>\n<p>Woom 2 Starter je bicykel, ktor\u00fd za\u010d\u00edna ve\u013ekos\u0165ou kolies 14 palcov a vy\u0161\u0161\u00ed model so 16 palcov\u00fdmi kolesami m\u00e1 u\u017e aj prehadzova\u010dku. V\u010faka tomu je vynikaj\u00facim detsk\u00fdm bicyklom na zvl\u00e1dnutie z\u00e1kladov jazdy. Z\u00edskate ho za cenu 319,00 \u20ac.<\/p>\n<h2><strong>Od 5 do 10 rokov<\/strong><\/h2>\n<p><a href=\"https:\/\/d2p6e6u75xmxt8.cloudfront.net\/4\/2021\/09\/Islabikes-Kids-Bike.jpg\"><img loading=\"lazy\" decoding=\"async\" class=\"alignnone wp-image-12868 size-full\" src=\"https:\/\/d2p6e6u75xmxt8.cloudfront.net\/4\/2021\/09\/Islabikes-Kids-Bike.jpg\" alt=\"Islabike destsk\u00fd bicykel\" width=\"1024\" height=\"750\" \/><\/a><\/p>\n<p>Islabike Beinn je viac\u00fa\u010delov\u00fd bicykel, ur\u010den\u00fd pre vekov\u00fa skupinu det\u00ed od p\u00e4\u0165 a\u017e do desa\u0165 rokov a pon\u00faka ve\u013ekosti kolies od 20 do 26 palcov. Deti si zamiluj\u00fa z\u00e1\u017eitky z bicyklov od Beinnu, ktor\u00e9 umo\u017enia v\u00e1\u0161mu die\u0165a\u0165u zvl\u00e1dnu\u0165 hladk\u00e9 asfaltov\u00e9 aj off-roadov\u00e9 cesty, v\u010faka dobrej ovl\u00e1date\u013enosti a dobr\u00fdm koles\u00e1m.<\/p>\n<p>Vpredu je jeden prevod a vzadu dostato\u010dn\u00e1 ponuka prevodov\u00fdch stup\u0148ov. Hlin\u00edkov\u00fd r\u00e1m a komponenty poskytuj\u00fa n\u00edzku celkov\u00fa hmotnos\u0165. V\u00fdsledkom je, \u017ee komplik\u00e1cie pri raden\u00ed s\u00fa minimalizovan\u00e9 a \u00fadr\u017eba je jednoduch\u00e1. Bicykle s\u00fa k dispoz\u00edcii od 583 \u20ac a\u017e po 700 \u20ac.<\/p>\n<h2><strong>Vek 10+<\/strong><\/h2>\n<p><a href=\"https:\/\/d2p6e6u75xmxt8.cloudfront.net\/2\/2021\/08\/Triban-100-Kids-Bike.jpg\"><img loading=\"lazy\" decoding=\"async\" class=\"alignnone wp-image-12869 size-large\" src=\"https:\/\/d2p6e6u75xmxt8.cloudfront.net\/4\/2021\/09\/Triban-100-Kids-Bike-1024x778.jpg\" alt=\"Triban 100 detsk\u00fd bicykel\" width=\"1024\" height=\"778\" \/><\/a><\/p>\n<p>Dospel\u00e9 bicykle Triban s\u00fa ob\u013e\u00faben\u00e9 kv\u00f4li svojej kvalite a n\u00edzkym cen\u00e1m a cestn\u00fd bicykel Triban 100 Junior sa nijako nel\u00ed\u0161i. Bicykel je ur\u010den\u00fd pre deti vo veku 9 a\u017e 12 rokov (135 cm a\u017e 150 cm vysok\u00e9), ktor\u00e9 chc\u00fa za\u010da\u0165 s cestnou cyklistikou. Dod\u00e1va sa so 7-r\u00fdchlostn\u00fdm pohonom Shimano a dvojit\u00fdmi brzdov\u00fdmi p\u00e1\u010dkami Tektro, na ktor\u00fdch ovl\u00e1date aj samotn\u00e9 radenie.<\/p>\n<p>Triban 100 m\u00e1 ve\u013ek\u00e9 27,5-palcov\u00e9 koles\u00e1 a je dod\u00e1van\u00fd s hlin\u00edkov\u00fdm r\u00e1mom a do\u017eivotnou z\u00e1rukou na r\u00e1m, riadidl\u00e1, predstavec a vidlicu. Dobrou spr\u00e1vou je, \u017ee stoj\u00ed len 310 \u20ac. Zlou spr\u00e1vou je, \u017ee hoci je k dispoz\u00edcii na franc\u00fazskom webe Decathlon, na britskom webe moment\u00e1lne nie je na sklade.<\/p>\n<p>Majte na pam\u00e4ti, \u017ee COVID-19 naru\u0161il dod\u00e1vate\u013esk\u00e9 re\u0165azce po celom svete, tak\u017ee sa v\u00e1m m\u00f4\u017eu zda\u0165 niektor\u00e9 modely nedostupn\u00e9, najm\u00e4 tie, ktor\u00e9 kombinuj\u00fa kvalitu a cenov\u00fa dostupnos\u0165, ako napr\u00edklad Triban.<\/p>\n","protected":false},"excerpt":{"rendered":"<p>Mo\u017eno ste si uvedomili, \u017ee va\u0161e die\u0165a je u\u017e na odr\u00e1\u017eadlo, na ktorom cel\u00e9 leto jazdilo, pr\u00edli\u0161 ve\u013ek\u00e9 a \u017ee [&hellip;]<\/p>\n","protected":false},"author":81,"featured_media":12871,"comment_status":"open","ping_status":"open","sticky":false,"template":"","format":"standard","meta":{"footnotes":""},"categories":[51],"tags":[53,1386,54,902,1385,1388,1387],"global-categories":[],"class_list":["post-12866","post","type-post","status-publish","format-standard","has-post-thumbnail","hentry","category-deti-na-bicykloch","tag-deti","tag-deti-na-bicykli","tag-detske-bicykle","tag-horsky-bicykel","tag-prvy-bicykel","tag-triban-100","tag-woom-2-starter"],"yoast_head":"<!-- This site is optimized with the Yoast SEO Premium plugin v25.3 (Yoast SEO v25.9) - https:\/\/yoast.com\/wordpress\/plugins\/seo\/ -->\n<title>N\u00e1kup prv\u00e9ho bicykla pre va\u0161e die\u0165a - We Love Cycling<\/title>\n<meta name=\"description\" content=\"Mo\u017eno ste si uvedomili, \u017ee va\u0161e die\u0165a je u\u017e na odr\u00e1\u017eadlo pr\u00edli\u0161 ve\u013ek\u00e9 a \u017ee je \u010das poobzera\u0165 sa po skuto\u010dnom prvom bicykli.\" \/>\n<meta name=\"robots\" content=\"index, follow, max-snippet:-1, max-image-preview:large, max-video-preview:-1\" \/>\n<link rel=\"canonical\" href=\"https:\/\/www.welovecycling.com\/sk\/2021\/09\/13\/nakup-prveho-alebo-druheho-bicykla-pre-vase-dieta\/\" \/>\n<meta property=\"og:locale\" content=\"sk_SK\" \/>\n<meta property=\"og:type\" content=\"article\" \/>\n<meta property=\"og:title\" content=\"N\u00e1kup prv\u00e9ho (alebo druh\u00e9ho) bicykla pre va\u0161e die\u0165a\" \/>\n<meta property=\"og:description\" content=\"Mo\u017eno ste si uvedomili, \u017ee va\u0161e die\u0165a je u\u017e na odr\u00e1\u017eadlo pr\u00edli\u0161 ve\u013ek\u00e9 a \u017ee je \u010das poobzera\u0165 sa po skuto\u010dnom prvom bicykli.\" \/>\n<meta property=\"og:url\" content=\"https:\/\/www.welovecycling.com\/sk\/2021\/09\/13\/nakup-prveho-alebo-druheho-bicykla-pre-vase-dieta\/\" \/>\n<meta property=\"og:site_name\" content=\"\u0160koda We Love Cycling Slovensko\" \/>\n<meta property=\"article:published_time\" content=\"2021-09-13T08:00:15+00:00\" \/>\n<meta property=\"article:modified_time\" content=\"2021-09-29T08:47:16+00:00\" \/>\n<meta property=\"og:image\" content=\"https:\/\/d2p6e6u75xmxt8.cloudfront.net\/4\/2021\/09\/Kid-on-a-bike-profimedia-0628057318-CVR.webp\" \/>\n\t<meta property=\"og:image:width\" content=\"1366\" \/>\n\t<meta property=\"og:image:height\" content=\"600\" \/>\n\t<meta property=\"og:image:type\" content=\"image\/webp\" \/>\n<meta name=\"twitter:card\" content=\"summary_large_image\" \/>\n<meta name=\"twitter:label1\" content=\"Written by\" \/>\n\t<meta name=\"twitter:data1\" content=\"Siegfried Mortkowitz\" \/>\n\t<meta name=\"twitter:label2\" content=\"Est. reading time\" \/>\n\t<meta name=\"twitter:data2\" content=\"5\" \/>\n<script type=\"application\/ld+json\" class=\"yoast-schema-graph\">{\"@context\":\"https:\/\/schema.org\",\"@graph\":[{\"@type\":\"WebPage\",\"@id\":\"https:\/\/www.welovecycling.com\/sk\/2021\/09\/13\/nakup-prveho-alebo-druheho-bicykla-pre-vase-dieta\/\",\"url\":\"https:\/\/www.welovecycling.com\/sk\/2021\/09\/13\/nakup-prveho-alebo-druheho-bicykla-pre-vase-dieta\/\",\"name\":\"N\u00e1kup prv\u00e9ho bicykla pre va\u0161e die\u0165a - We Love Cycling\",\"isPartOf\":{\"@id\":\"https:\/\/www.welovecycling.com\/sk\/#website\"},\"primaryImageOfPage\":{\"@id\":\"https:\/\/www.welovecycling.com\/sk\/2021\/09\/13\/nakup-prveho-alebo-druheho-bicykla-pre-vase-dieta\/#primaryimage\"},\"image\":{\"@id\":\"https:\/\/www.welovecycling.com\/sk\/2021\/09\/13\/nakup-prveho-alebo-druheho-bicykla-pre-vase-dieta\/#primaryimage\"},\"thumbnailUrl\":\"https:\/\/d2p6e6u75xmxt8.cloudfront.net\/4\/2021\/09\/Kid-on-a-bike-profimedia-0628057318-CVR.webp\",\"datePublished\":\"2021-09-13T08:00:15+00:00\",\"dateModified\":\"2021-09-29T08:47:16+00:00\",\"author\":{\"@id\":\"\"},\"description\":\"Mo\u017eno ste si uvedomili, \u017ee va\u0161e die\u0165a je u\u017e na odr\u00e1\u017eadlo pr\u00edli\u0161 ve\u013ek\u00e9 a \u017ee je \u010das poobzera\u0165 sa po skuto\u010dnom prvom bicykli.\",\"breadcrumb\":{\"@id\":\"https:\/\/www.welovecycling.com\/sk\/2021\/09\/13\/nakup-prveho-alebo-druheho-bicykla-pre-vase-dieta\/#breadcrumb\"},\"inLanguage\":\"sk-SK\",\"potentialAction\":[{\"@type\":\"ReadAction\",\"target\":[\"https:\/\/www.welovecycling.com\/sk\/2021\/09\/13\/nakup-prveho-alebo-druheho-bicykla-pre-vase-dieta\/\"]}]},{\"@type\":\"ImageObject\",\"inLanguage\":\"sk-SK\",\"@id\":\"https:\/\/www.welovecycling.com\/sk\/2021\/09\/13\/nakup-prveho-alebo-druheho-bicykla-pre-vase-dieta\/#primaryimage\",\"url\":\"https:\/\/d2p6e6u75xmxt8.cloudfront.net\/4\/2021\/09\/Kid-on-a-bike-profimedia-0628057318-CVR.webp\",\"contentUrl\":\"https:\/\/d2p6e6u75xmxt8.cloudfront.net\/4\/2021\/09\/Kid-on-a-bike-profimedia-0628057318-CVR.webp\",\"width\":1366,\"height\":600,\"caption\":\"Kid's bike\"},{\"@type\":\"BreadcrumbList\",\"@id\":\"https:\/\/www.welovecycling.com\/sk\/2021\/09\/13\/nakup-prveho-alebo-druheho-bicykla-pre-vase-dieta\/#breadcrumb\",\"itemListElement\":[{\"@type\":\"ListItem\",\"position\":1,\"name\":\"Home\",\"item\":\"https:\/\/www.welovecycling.com\/sk\/\"},{\"@type\":\"ListItem\",\"position\":2,\"name\":\"N\u00e1kup prv\u00e9ho (alebo druh\u00e9ho) bicykla pre va\u0161e die\u0165a\"}]},{\"@type\":\"WebSite\",\"@id\":\"https:\/\/www.welovecycling.com\/sk\/#website\",\"url\":\"https:\/\/www.welovecycling.com\/sk\/\",\"name\":\"\u0160koda We Love Cycling Slovensko\",\"description\":\"\u0160koda We Love Cycling Slovensko je v\u00e1\u0161 ka\u017edodenn\u00fd zdroj noviniek a in\u0161pir\u00e1cie z sveta cyklistiky\",\"potentialAction\":[{\"@type\":\"SearchAction\",\"target\":{\"@type\":\"EntryPoint\",\"urlTemplate\":\"https:\/\/www.welovecycling.com\/sk\/?s={search_term_string}\"},\"query-input\":{\"@type\":\"PropertyValueSpecification\",\"valueRequired\":true,\"valueName\":\"search_term_string\"}}],\"inLanguage\":\"sk-SK\"},{\"@type\":\"Person\",\"@id\":\"\",\"url\":\"https:\/\/www.welovecycling.com\/sk\/author\/\"}]}<\/script>\n<!-- \/ Yoast SEO Premium plugin. -->","yoast_head_json":{"title":"N\u00e1kup prv\u00e9ho bicykla pre va\u0161e die\u0165a - We Love Cycling","description":"Mo\u017eno ste si uvedomili, \u017ee va\u0161e die\u0165a je u\u017e na odr\u00e1\u017eadlo pr\u00edli\u0161 ve\u013ek\u00e9 a \u017ee je \u010das poobzera\u0165 sa po skuto\u010dnom prvom bicykli.","robots":{"index":"index","follow":"follow","max-snippet":"max-snippet:-1","max-image-preview":"max-image-preview:large","max-video-preview":"max-video-preview:-1"},"canonical":"https:\/\/www.welovecycling.com\/sk\/2021\/09\/13\/nakup-prveho-alebo-druheho-bicykla-pre-vase-dieta\/","og_locale":"sk_SK","og_type":"article","og_title":"N\u00e1kup prv\u00e9ho (alebo druh\u00e9ho) bicykla pre va\u0161e die\u0165a","og_description":"Mo\u017eno ste si uvedomili, \u017ee va\u0161e die\u0165a je u\u017e na odr\u00e1\u017eadlo pr\u00edli\u0161 ve\u013ek\u00e9 a \u017ee je \u010das poobzera\u0165 sa po skuto\u010dnom prvom bicykli.","og_url":"https:\/\/www.welovecycling.com\/sk\/2021\/09\/13\/nakup-prveho-alebo-druheho-bicykla-pre-vase-dieta\/","og_site_name":"\u0160koda We Love Cycling Slovensko","article_published_time":"2021-09-13T08:00:15+00:00","article_modified_time":"2021-09-29T08:47:16+00:00","og_image":[{"width":1366,"height":600,"url":"https:\/\/d2p6e6u75xmxt8.cloudfront.net\/4\/2021\/09\/Kid-on-a-bike-profimedia-0628057318-CVR.webp","type":"image\/webp"}],"twitter_card":"summary_large_image","twitter_misc":{"Written by":"Siegfried Mortkowitz","Est. reading time":"5"},"schema":{"@context":"https:\/\/schema.org","@graph":[{"@type":"WebPage","@id":"https:\/\/www.welovecycling.com\/sk\/2021\/09\/13\/nakup-prveho-alebo-druheho-bicykla-pre-vase-dieta\/","url":"https:\/\/www.welovecycling.com\/sk\/2021\/09\/13\/nakup-prveho-alebo-druheho-bicykla-pre-vase-dieta\/","name":"N\u00e1kup prv\u00e9ho bicykla pre va\u0161e die\u0165a - We Love Cycling","isPartOf":{"@id":"https:\/\/www.welovecycling.com\/sk\/#website"},"primaryImageOfPage":{"@id":"https:\/\/www.welovecycling.com\/sk\/2021\/09\/13\/nakup-prveho-alebo-druheho-bicykla-pre-vase-dieta\/#primaryimage"},"image":{"@id":"https:\/\/www.welovecycling.com\/sk\/2021\/09\/13\/nakup-prveho-alebo-druheho-bicykla-pre-vase-dieta\/#primaryimage"},"thumbnailUrl":"https:\/\/d2p6e6u75xmxt8.cloudfront.net\/4\/2021\/09\/Kid-on-a-bike-profimedia-0628057318-CVR.webp","datePublished":"2021-09-13T08:00:15+00:00","dateModified":"2021-09-29T08:47:16+00:00","author":{"@id":""},"description":"Mo\u017eno ste si uvedomili, \u017ee va\u0161e die\u0165a je u\u017e na odr\u00e1\u017eadlo pr\u00edli\u0161 ve\u013ek\u00e9 a \u017ee je \u010das poobzera\u0165 sa po skuto\u010dnom prvom bicykli.","breadcrumb":{"@id":"https:\/\/www.welovecycling.com\/sk\/2021\/09\/13\/nakup-prveho-alebo-druheho-bicykla-pre-vase-dieta\/#breadcrumb"},"inLanguage":"sk-SK","potentialAction":[{"@type":"ReadAction","target":["https:\/\/www.welovecycling.com\/sk\/2021\/09\/13\/nakup-prveho-alebo-druheho-bicykla-pre-vase-dieta\/"]}]},{"@type":"ImageObject","inLanguage":"sk-SK","@id":"https:\/\/www.welovecycling.com\/sk\/2021\/09\/13\/nakup-prveho-alebo-druheho-bicykla-pre-vase-dieta\/#primaryimage","url":"https:\/\/d2p6e6u75xmxt8.cloudfront.net\/4\/2021\/09\/Kid-on-a-bike-profimedia-0628057318-CVR.webp","contentUrl":"https:\/\/d2p6e6u75xmxt8.cloudfront.net\/4\/2021\/09\/Kid-on-a-bike-profimedia-0628057318-CVR.webp","width":1366,"height":600,"caption":"Kid's bike"},{"@type":"BreadcrumbList","@id":"https:\/\/www.welovecycling.com\/sk\/2021\/09\/13\/nakup-prveho-alebo-druheho-bicykla-pre-vase-dieta\/#breadcrumb","itemListElement":[{"@type":"ListItem","position":1,"name":"Home","item":"https:\/\/www.welovecycling.com\/sk\/"},{"@type":"ListItem","position":2,"name":"N\u00e1kup prv\u00e9ho (alebo druh\u00e9ho) bicykla pre va\u0161e die\u0165a"}]},{"@type":"WebSite","@id":"https:\/\/www.welovecycling.com\/sk\/#website","url":"https:\/\/www.welovecycling.com\/sk\/","name":"\u0160koda We Love Cycling Slovensko","description":"\u0160koda We Love Cycling Slovensko je v\u00e1\u0161 ka\u017edodenn\u00fd zdroj noviniek a in\u0161pir\u00e1cie z sveta cyklistiky","potentialAction":[{"@type":"SearchAction","target":{"@type":"EntryPoint","urlTemplate":"https:\/\/www.welovecycling.com\/sk\/?s={search_term_string}"},"query-input":{"@type":"PropertyValueSpecification","valueRequired":true,"valueName":"search_term_string"}}],"inLanguage":"sk-SK"},{"@type":"Person","@id":"","url":"https:\/\/www.welovecycling.com\/sk\/author\/"}]}},"_links":{"self":[{"href":"https:\/\/www.welovecycling.com\/sk\/wp-json\/wp\/v2\/posts\/12866","targetHints":{"allow":["GET"]}}],"collection":[{"href":"https:\/\/www.welovecycling.com\/sk\/wp-json\/wp\/v2\/posts"}],"about":[{"href":"https:\/\/www.welovecycling.com\/sk\/wp-json\/wp\/v2\/types\/post"}],"author":[{"embeddable":true,"href":"https:\/\/www.welovecycling.com\/sk\/wp-json\/wp\/v2\/users\/81"}],"replies":[{"embeddable":true,"href":"https:\/\/www.welovecycling.com\/sk\/wp-json\/wp\/v2\/comments?post=12866"}],"version-history":[{"count":2,"href":"https:\/\/www.welovecycling.com\/sk\/wp-json\/wp\/v2\/posts\/12866\/revisions"}],"predecessor-version":[{"id":13052,"href":"https:\/\/www.welovecycling.com\/sk\/wp-json\/wp\/v2\/posts\/12866\/revisions\/13052"}],"wp:featuredmedia":[{"embeddable":true,"href":"https:\/\/www.welovecycling.com\/sk\/wp-json\/wp\/v2\/media\/12871"}],"wp:attachment":[{"href":"https:\/\/www.welovecycling.com\/sk\/wp-json\/wp\/v2\/media?parent=12866"}],"wp:term":[{"taxonomy":"category","embeddable":true,"href":"https:\/\/www.welovecycling.com\/sk\/wp-json\/wp\/v2\/categories?post=12866"},{"taxonomy":"post_tag","embeddable":true,"href":"https:\/\/www.welovecycling.com\/sk\/wp-json\/wp\/v2\/tags?post=12866"},{"taxonomy":"global-categories","embeddable":true,"href":"https:\/\/www.welovecycling.com\/sk\/wp-json\/wp\/v2\/global-categories?post=12866"}],"curies":[{"name":"wp","href":"https:\/\/api.w.org\/{rel}","templated":true}]}}