{"id":12850,"date":"2021-09-08T10:00:39","date_gmt":"2021-09-08T08:00:39","guid":{"rendered":"https:\/\/www.welovecycling.com\/sk\/?p=12850"},"modified":"2021-09-29T11:18:04","modified_gmt":"2021-09-29T09:18:04","slug":"peter-sagan-po-piatich-rokoch-na-majstrovstvach-europy-zatial-s-bilanciou-jedna-ucast-jedno-vitazstvo","status":"publish","type":"post","link":"https:\/\/www.welovecycling.com\/sk\/2021\/09\/08\/peter-sagan-po-piatich-rokoch-na-majstrovstvach-europy-zatial-s-bilanciou-jedna-ucast-jedno-vitazstvo\/","title":{"rendered":"Peter Sagan po piatich rokoch na Majstrovstv\u00e1ch Eur\u00f3py \u2013 zatia\u013e s bilanciou jedna \u00fa\u010das\u0165, jedno v\u00ed\u0165azstvo"},"content":{"rendered":"<p><strong>Po\u010das piatich dn\u00ed bude o trin\u00e1s\u0165 eur\u00f3pskych titulov bojova\u0165 viac ako tis\u00edc pretek\u00e1rov reprezentuj\u00facich 39 \u0161t\u00e1tov. Cyklistick\u00ed fan\u00fa\u0161ikovia sa m\u00f4\u017eu 8. &#8211; 12. septembra te\u0161i\u0165 na Majstrovstv\u00e1 Eur\u00f3py v cestnej cyklistike Trentino 2021, ktor\u00e9 sa bud\u00fa kona\u0165 v talianskom meste Trident. Z poh\u013eadu prihl\u00e1sen\u00fdch pretek\u00e1rov sa jedn\u00e1 o rekordn\u00fd kontinent\u00e1lny \u0161ampion\u00e1t.<\/strong><!--more--><\/p>\n<p>Na \u0161tarte nebud\u00fa ch\u00fdba\u0165 tie najv\u00e4\u010d\u0161ie cyklistick\u00e9 hviezdy nevyn\u00edmaj\u00fac Petra Sagana, ktor\u00fd sa na \u0161ampion\u00e1te predstav\u00ed po piatich rokoch. Pri svojej zatia\u013e jedinej \u00fa\u010dasti na historicky prv\u00fdch Majstrovstv\u00e1ch Eur\u00f3py v cestnej cyklistike vo franc\u00fazskom meste Plumelec sl\u00e1vil n\u00e1\u0161 naj\u00faspe\u0161nej\u0161\u00ed cyklista eur\u00f3psky titul.<\/p>\n<figure id=\"attachment_12857\" aria-describedby=\"caption-attachment-12857\" style=\"width: 1200px\" class=\"wp-caption alignnone\"><a href=\"https:\/\/d2p6e6u75xmxt8.cloudfront.net\/4\/2021\/09\/Majstrovstva_SR_m__4811.jpg\"><img loading=\"lazy\" decoding=\"async\" class=\"size-full wp-image-12857\" src=\"https:\/\/d2p6e6u75xmxt8.cloudfront.net\/4\/2021\/09\/Majstrovstva_SR_m__4811.jpg\" alt=\"Peter Sagan na Majstrovstv\u00e1ch SR a \u010cR v cestnej cyklistike 2021\" width=\"1200\" height=\"800\" \/><\/a><figcaption id=\"caption-attachment-12857\" class=\"wp-caption-text\">Peter Sagan na Majstrovstv\u00e1ch SR a \u010cR v cestnej cyklistike 2021. Zdroj: MTBIKER<\/figcaption><\/figure>\n<p>Pre trojn\u00e1sobn\u00e9ho majstra sveta Petra Sagana to bude za\u0165a\u017ek\u00e1vacia sk\u00fa\u0161ka po zranen\u00ed kolena, pre ktor\u00e9 pred\u010dasne opustil Tour de France. Po oper\u00e1cii absolvoval slovensk\u00fd r\u00fdchlik jedin\u00e9 preteky, a to Okolo Beneluxu, na ktor\u00fdch bol zo siedmich et\u00e1p \u0161tyrikr\u00e1t v Top 10, v \u0161printoch skon\u010dil dva razy \u0161tvrt\u00fd. Pred pretekmi s hromadn\u00fdm \u0161tartom na Majstrovstv\u00e1ch Eur\u00f3py sa tak ukazuje v dobrej forme.<\/p>\n<figure id=\"attachment_12858\" aria-describedby=\"caption-attachment-12858\" style=\"width: 1200px\" class=\"wp-caption alignnone\"><a href=\"https:\/\/d2p6e6u75xmxt8.cloudfront.net\/4\/2021\/09\/MD_FRA_20210709_12etapa_TDF_hotel_0035_H.JPG.jpg\"><img loading=\"lazy\" decoding=\"async\" class=\"size-full wp-image-12858\" src=\"https:\/\/d2p6e6u75xmxt8.cloudfront.net\/4\/2021\/09\/MD_FRA_20210709_12etapa_TDF_hotel_0035_H.JPG.jpg\" alt=\"\" width=\"1200\" height=\"800\" \/><\/a><figcaption id=\"caption-attachment-12858\" class=\"wp-caption-text\">Na sn\u00edmke je slovensk\u00fd cyklista Peter Sagan ako odch\u00e1dza z hotela v meste Nimes po tom, ako odst\u00fapil z Tour de France.<\/figcaption><\/figure>\n<h3>Tra\u0165 na Majstrovstv\u00e1ch Eur\u00f3py<\/h3>\n<p>Na \u0161tart sa 31-ro\u010dn\u00fd Sagan postav\u00ed 12. septembra, tra\u0165 by mu mala sedie\u0165. Na pretek\u00e1rov \u010dak\u00e1 179,2\u00a0kilometrov \u2013 prv\u00fdch 73 kilometrov absolvuj\u00fa v doline Valle dei Laghi. N\u00e1sledne sa vr\u00e1tia do Tridentu, kde si osemkr\u00e1t zopakuj\u00fa mestsk\u00fd okruh dlh\u00fd 13,2 km so st\u00fapan\u00edm Povo (3,6 km s priemerom 4,7 %). Posledn\u00e9 4 kilometre s\u00fa rovinat\u00e9 s cie\u013eom v centre mesta na hlavnom n\u00e1mest\u00ed Piazza Duomo. Najv\u00e4\u010d\u0161\u00edmi vyz\u00fdvate\u013emi n\u00e1\u0161ho \u017eeliezka v ohni bud\u00fa dvojn\u00e1sobn\u00fd v\u00ed\u0165az celkov\u00e9ho poradia Tour de France Slovinec Tadej Poga\u010dar, \u0161tvorn\u00e1sobn\u00fd majster sveta v \u010dasovke Talian Filippo Ganna \u010di majster Eur\u00f3py v \u010dasovke z roku 2019 Belgi\u010dan Remco Evenepoel.<\/p>\n<p>https:\/\/www.instagram.com\/tv\/CEW8u_JKCaH\/?utm_source=ig_web_copy_link<\/p>\n<p>Okrem Petra Sagana sa na \u0161tart hromadn\u00fdch pretekov postav\u00ed jeho brat Juraj a \u010dlenovia Dukly Bansk\u00e1 Bystrica Martin Haring, Patrik Tybor, Marek \u010caneck\u00fd a Juraj Bellan. Celkovo bude ma\u0165 Slovensko na kontinent\u00e1lnom \u0161ampion\u00e1te zast\u00fapenie v podobe 25-tich cyklistov. V \u010dasovke mu\u017eov do 23 rokov sa predstav\u00ed \u00fa\u010dastn\u00edk olympijsk\u00fdch hier v Tokiu Luk\u00e1\u0161 Kubi\u0161.<\/p>\n<p>https:\/\/www.instagram.com\/p\/CEbNKMzFt2R\/?utm_source=ig_web_copy_link<\/p>\n<p>Medzi \u017eenami sa bude pozornos\u0165 upiera\u0165 najm\u00e4 na holandsk\u00fd t\u00edm. V oran\u017eovom drese bude najv\u00e4\u010d\u0161ou favoritkou dvojn\u00e1sobn\u00e1 olympijsk\u00e1 medailistka z Tokia a obhajky\u0148a titulu majsterky Eur\u00f3py Annemiek van Vleutenov\u00e1. V holandskom t\u00edme snov nebude ch\u00fdba\u0165 ani Marianne Vosov\u00e1, Anna van der Breggenov\u00e1 \u010di Amy Pietersov\u00e1. Slovensk\u00e9 farby bude h\u00e1ji\u0165 v \u010dasovke aj v pretekoch s hromadn\u00fdm \u0161tartom 25-ro\u010dn\u00e1 Tereza Medve\u010fov\u00e1.<\/p>\n","protected":false},"excerpt":{"rendered":"<p>Po\u010das piatich dn\u00ed bude o trin\u00e1s\u0165 eur\u00f3pskych titulov bojova\u0165 viac ako tis\u00edc pretek\u00e1rov reprezentuj\u00facich 39 \u0161t\u00e1tov. Cyklistick\u00ed fan\u00fa\u0161ikovia sa m\u00f4\u017eu [&hellip;]<\/p>\n","protected":false},"author":81,"featured_media":12863,"comment_status":"open","ping_status":"open","sticky":false,"template":"","format":"standard","meta":{"footnotes":""},"categories":[4],"tags":[115,158,481,212,600,46,179,885,1272,419,1384,475],"global-categories":[1074],"class_list":["post-12850","post","type-post","status-publish","format-standard","has-post-thumbnail","hentry","category-cestna-cyklisitika","tag-cestna-cyklistika","tag-juraj-sagan","tag-majstrovstva","tag-majstrovstva-europy","tag-muzi","tag-peter-sagan","tag-preteky","tag-profesional","tag-tadeji-pogocar","tag-taliansko","tag-tereza-medvedova","tag-zeny","global-categories-cycling"],"yoast_head":"<!-- This site is optimized with the Yoast SEO Premium plugin v25.3 (Yoast SEO v25.9) - https:\/\/yoast.com\/wordpress\/plugins\/seo\/ -->\n<title>Peter Sagan po piatich rokoch na ME v cyklistike - We Love Cycling<\/title>\n<meta name=\"description\" content=\"Cyklistick\u00ed fan\u00fa\u0161ikovia sa m\u00f4\u017eu 8. - 12. septembra te\u0161i\u0165 na Majstrovstv\u00e1 Eur\u00f3py v cestnej cyklistike Trentino 2021 (v meste Trident).\" \/>\n<meta name=\"robots\" content=\"index, follow, max-snippet:-1, max-image-preview:large, max-video-preview:-1\" \/>\n<link rel=\"canonical\" href=\"https:\/\/www.welovecycling.com\/sk\/2021\/09\/08\/peter-sagan-po-piatich-rokoch-na-majstrovstvach-europy-zatial-s-bilanciou-jedna-ucast-jedno-vitazstvo\/\" \/>\n<meta property=\"og:locale\" content=\"sk_SK\" \/>\n<meta property=\"og:type\" content=\"article\" \/>\n<meta property=\"og:title\" content=\"Peter Sagan po piatich rokoch na Majstrovstv\u00e1ch Eur\u00f3py \u2013 zatia\u013e s bilanciou jedna \u00fa\u010das\u0165, jedno v\u00ed\u0165azstvo\" \/>\n<meta property=\"og:description\" content=\"Cyklistick\u00ed fan\u00fa\u0161ikovia sa m\u00f4\u017eu 8. - 12. septembra te\u0161i\u0165 na Majstrovstv\u00e1 Eur\u00f3py v cestnej cyklistike Trentino 2021 (v meste Trident).\" \/>\n<meta property=\"og:url\" content=\"https:\/\/www.welovecycling.com\/sk\/2021\/09\/08\/peter-sagan-po-piatich-rokoch-na-majstrovstvach-europy-zatial-s-bilanciou-jedna-ucast-jedno-vitazstvo\/\" \/>\n<meta property=\"og:site_name\" content=\"\u0160koda We Love Cycling Slovensko\" \/>\n<meta property=\"article:published_time\" content=\"2021-09-08T08:00:39+00:00\" \/>\n<meta property=\"article:modified_time\" content=\"2021-09-29T09:18:04+00:00\" \/>\n<meta property=\"og:image\" content=\"https:\/\/d2p6e6u75xmxt8.cloudfront.net\/4\/2021\/09\/msr-17.webp\" \/>\n\t<meta property=\"og:image:width\" content=\"1380\" \/>\n\t<meta property=\"og:image:height\" content=\"600\" \/>\n\t<meta property=\"og:image:type\" content=\"image\/webp\" \/>\n<meta name=\"twitter:card\" content=\"summary_large_image\" \/>\n<meta name=\"twitter:label1\" content=\"Written by\" \/>\n\t<meta name=\"twitter:data1\" content=\"Barbora \u0160uchov\u00e1\" \/>\n\t<meta name=\"twitter:label2\" content=\"Est. reading time\" \/>\n\t<meta name=\"twitter:data2\" content=\"2\" \/>\n<script type=\"application\/ld+json\" class=\"yoast-schema-graph\">{\"@context\":\"https:\/\/schema.org\",\"@graph\":[{\"@type\":\"WebPage\",\"@id\":\"https:\/\/www.welovecycling.com\/sk\/2021\/09\/08\/peter-sagan-po-piatich-rokoch-na-majstrovstvach-europy-zatial-s-bilanciou-jedna-ucast-jedno-vitazstvo\/\",\"url\":\"https:\/\/www.welovecycling.com\/sk\/2021\/09\/08\/peter-sagan-po-piatich-rokoch-na-majstrovstvach-europy-zatial-s-bilanciou-jedna-ucast-jedno-vitazstvo\/\",\"name\":\"Peter Sagan po piatich rokoch na ME v cyklistike - We Love Cycling\",\"isPartOf\":{\"@id\":\"https:\/\/www.welovecycling.com\/sk\/#website\"},\"primaryImageOfPage\":{\"@id\":\"https:\/\/www.welovecycling.com\/sk\/2021\/09\/08\/peter-sagan-po-piatich-rokoch-na-majstrovstvach-europy-zatial-s-bilanciou-jedna-ucast-jedno-vitazstvo\/#primaryimage\"},\"image\":{\"@id\":\"https:\/\/www.welovecycling.com\/sk\/2021\/09\/08\/peter-sagan-po-piatich-rokoch-na-majstrovstvach-europy-zatial-s-bilanciou-jedna-ucast-jedno-vitazstvo\/#primaryimage\"},\"thumbnailUrl\":\"https:\/\/d2p6e6u75xmxt8.cloudfront.net\/4\/2021\/09\/msr-17.webp\",\"datePublished\":\"2021-09-08T08:00:39+00:00\",\"dateModified\":\"2021-09-29T09:18:04+00:00\",\"author\":{\"@id\":\"\"},\"description\":\"Cyklistick\u00ed fan\u00fa\u0161ikovia sa m\u00f4\u017eu 8. - 12. septembra te\u0161i\u0165 na Majstrovstv\u00e1 Eur\u00f3py v cestnej cyklistike Trentino 2021 (v meste Trident).\",\"breadcrumb\":{\"@id\":\"https:\/\/www.welovecycling.com\/sk\/2021\/09\/08\/peter-sagan-po-piatich-rokoch-na-majstrovstvach-europy-zatial-s-bilanciou-jedna-ucast-jedno-vitazstvo\/#breadcrumb\"},\"inLanguage\":\"sk-SK\",\"potentialAction\":[{\"@type\":\"ReadAction\",\"target\":[\"https:\/\/www.welovecycling.com\/sk\/2021\/09\/08\/peter-sagan-po-piatich-rokoch-na-majstrovstvach-europy-zatial-s-bilanciou-jedna-ucast-jedno-vitazstvo\/\"]}]},{\"@type\":\"ImageObject\",\"inLanguage\":\"sk-SK\",\"@id\":\"https:\/\/www.welovecycling.com\/sk\/2021\/09\/08\/peter-sagan-po-piatich-rokoch-na-majstrovstvach-europy-zatial-s-bilanciou-jedna-ucast-jedno-vitazstvo\/#primaryimage\",\"url\":\"https:\/\/d2p6e6u75xmxt8.cloudfront.net\/4\/2021\/09\/msr-17.webp\",\"contentUrl\":\"https:\/\/d2p6e6u75xmxt8.cloudfront.net\/4\/2021\/09\/msr-17.webp\",\"width\":1380,\"height\":600},{\"@type\":\"BreadcrumbList\",\"@id\":\"https:\/\/www.welovecycling.com\/sk\/2021\/09\/08\/peter-sagan-po-piatich-rokoch-na-majstrovstvach-europy-zatial-s-bilanciou-jedna-ucast-jedno-vitazstvo\/#breadcrumb\",\"itemListElement\":[{\"@type\":\"ListItem\",\"position\":1,\"name\":\"Home\",\"item\":\"https:\/\/www.welovecycling.com\/sk\/\"},{\"@type\":\"ListItem\",\"position\":2,\"name\":\"Peter Sagan po piatich rokoch na Majstrovstv\u00e1ch Eur\u00f3py \u2013 zatia\u013e s bilanciou jedna \u00fa\u010das\u0165, jedno v\u00ed\u0165azstvo\"}]},{\"@type\":\"WebSite\",\"@id\":\"https:\/\/www.welovecycling.com\/sk\/#website\",\"url\":\"https:\/\/www.welovecycling.com\/sk\/\",\"name\":\"\u0160koda We Love Cycling Slovensko\",\"description\":\"\u0160koda We Love Cycling Slovensko je v\u00e1\u0161 ka\u017edodenn\u00fd zdroj noviniek a in\u0161pir\u00e1cie z sveta cyklistiky\",\"potentialAction\":[{\"@type\":\"SearchAction\",\"target\":{\"@type\":\"EntryPoint\",\"urlTemplate\":\"https:\/\/www.welovecycling.com\/sk\/?s={search_term_string}\"},\"query-input\":{\"@type\":\"PropertyValueSpecification\",\"valueRequired\":true,\"valueName\":\"search_term_string\"}}],\"inLanguage\":\"sk-SK\"},{\"@type\":\"Person\",\"@id\":\"\",\"url\":\"https:\/\/www.welovecycling.com\/sk\/author\/\"}]}<\/script>\n<!-- \/ Yoast SEO Premium plugin. -->","yoast_head_json":{"title":"Peter Sagan po piatich rokoch na ME v cyklistike - We Love Cycling","description":"Cyklistick\u00ed fan\u00fa\u0161ikovia sa m\u00f4\u017eu 8. - 12. septembra te\u0161i\u0165 na Majstrovstv\u00e1 Eur\u00f3py v cestnej cyklistike Trentino 2021 (v meste Trident).","robots":{"index":"index","follow":"follow","max-snippet":"max-snippet:-1","max-image-preview":"max-image-preview:large","max-video-preview":"max-video-preview:-1"},"canonical":"https:\/\/www.welovecycling.com\/sk\/2021\/09\/08\/peter-sagan-po-piatich-rokoch-na-majstrovstvach-europy-zatial-s-bilanciou-jedna-ucast-jedno-vitazstvo\/","og_locale":"sk_SK","og_type":"article","og_title":"Peter Sagan po piatich rokoch na Majstrovstv\u00e1ch Eur\u00f3py \u2013 zatia\u013e s bilanciou jedna \u00fa\u010das\u0165, jedno v\u00ed\u0165azstvo","og_description":"Cyklistick\u00ed fan\u00fa\u0161ikovia sa m\u00f4\u017eu 8. - 12. septembra te\u0161i\u0165 na Majstrovstv\u00e1 Eur\u00f3py v cestnej cyklistike Trentino 2021 (v meste Trident).","og_url":"https:\/\/www.welovecycling.com\/sk\/2021\/09\/08\/peter-sagan-po-piatich-rokoch-na-majstrovstvach-europy-zatial-s-bilanciou-jedna-ucast-jedno-vitazstvo\/","og_site_name":"\u0160koda We Love Cycling Slovensko","article_published_time":"2021-09-08T08:00:39+00:00","article_modified_time":"2021-09-29T09:18:04+00:00","og_image":[{"width":1380,"height":600,"url":"https:\/\/d2p6e6u75xmxt8.cloudfront.net\/4\/2021\/09\/msr-17.webp","type":"image\/webp"}],"twitter_card":"summary_large_image","twitter_misc":{"Written by":"Barbora \u0160uchov\u00e1","Est. reading time":"2"},"schema":{"@context":"https:\/\/schema.org","@graph":[{"@type":"WebPage","@id":"https:\/\/www.welovecycling.com\/sk\/2021\/09\/08\/peter-sagan-po-piatich-rokoch-na-majstrovstvach-europy-zatial-s-bilanciou-jedna-ucast-jedno-vitazstvo\/","url":"https:\/\/www.welovecycling.com\/sk\/2021\/09\/08\/peter-sagan-po-piatich-rokoch-na-majstrovstvach-europy-zatial-s-bilanciou-jedna-ucast-jedno-vitazstvo\/","name":"Peter Sagan po piatich rokoch na ME v cyklistike - We Love Cycling","isPartOf":{"@id":"https:\/\/www.welovecycling.com\/sk\/#website"},"primaryImageOfPage":{"@id":"https:\/\/www.welovecycling.com\/sk\/2021\/09\/08\/peter-sagan-po-piatich-rokoch-na-majstrovstvach-europy-zatial-s-bilanciou-jedna-ucast-jedno-vitazstvo\/#primaryimage"},"image":{"@id":"https:\/\/www.welovecycling.com\/sk\/2021\/09\/08\/peter-sagan-po-piatich-rokoch-na-majstrovstvach-europy-zatial-s-bilanciou-jedna-ucast-jedno-vitazstvo\/#primaryimage"},"thumbnailUrl":"https:\/\/d2p6e6u75xmxt8.cloudfront.net\/4\/2021\/09\/msr-17.webp","datePublished":"2021-09-08T08:00:39+00:00","dateModified":"2021-09-29T09:18:04+00:00","author":{"@id":""},"description":"Cyklistick\u00ed fan\u00fa\u0161ikovia sa m\u00f4\u017eu 8. - 12. septembra te\u0161i\u0165 na Majstrovstv\u00e1 Eur\u00f3py v cestnej cyklistike Trentino 2021 (v meste Trident).","breadcrumb":{"@id":"https:\/\/www.welovecycling.com\/sk\/2021\/09\/08\/peter-sagan-po-piatich-rokoch-na-majstrovstvach-europy-zatial-s-bilanciou-jedna-ucast-jedno-vitazstvo\/#breadcrumb"},"inLanguage":"sk-SK","potentialAction":[{"@type":"ReadAction","target":["https:\/\/www.welovecycling.com\/sk\/2021\/09\/08\/peter-sagan-po-piatich-rokoch-na-majstrovstvach-europy-zatial-s-bilanciou-jedna-ucast-jedno-vitazstvo\/"]}]},{"@type":"ImageObject","inLanguage":"sk-SK","@id":"https:\/\/www.welovecycling.com\/sk\/2021\/09\/08\/peter-sagan-po-piatich-rokoch-na-majstrovstvach-europy-zatial-s-bilanciou-jedna-ucast-jedno-vitazstvo\/#primaryimage","url":"https:\/\/d2p6e6u75xmxt8.cloudfront.net\/4\/2021\/09\/msr-17.webp","contentUrl":"https:\/\/d2p6e6u75xmxt8.cloudfront.net\/4\/2021\/09\/msr-17.webp","width":1380,"height":600},{"@type":"BreadcrumbList","@id":"https:\/\/www.welovecycling.com\/sk\/2021\/09\/08\/peter-sagan-po-piatich-rokoch-na-majstrovstvach-europy-zatial-s-bilanciou-jedna-ucast-jedno-vitazstvo\/#breadcrumb","itemListElement":[{"@type":"ListItem","position":1,"name":"Home","item":"https:\/\/www.welovecycling.com\/sk\/"},{"@type":"ListItem","position":2,"name":"Peter Sagan po piatich rokoch na Majstrovstv\u00e1ch Eur\u00f3py \u2013 zatia\u013e s bilanciou jedna \u00fa\u010das\u0165, jedno v\u00ed\u0165azstvo"}]},{"@type":"WebSite","@id":"https:\/\/www.welovecycling.com\/sk\/#website","url":"https:\/\/www.welovecycling.com\/sk\/","name":"\u0160koda We Love Cycling Slovensko","description":"\u0160koda We Love Cycling Slovensko je v\u00e1\u0161 ka\u017edodenn\u00fd zdroj noviniek a in\u0161pir\u00e1cie z sveta cyklistiky","potentialAction":[{"@type":"SearchAction","target":{"@type":"EntryPoint","urlTemplate":"https:\/\/www.welovecycling.com\/sk\/?s={search_term_string}"},"query-input":{"@type":"PropertyValueSpecification","valueRequired":true,"valueName":"search_term_string"}}],"inLanguage":"sk-SK"},{"@type":"Person","@id":"","url":"https:\/\/www.welovecycling.com\/sk\/author\/"}]}},"_links":{"self":[{"href":"https:\/\/www.welovecycling.com\/sk\/wp-json\/wp\/v2\/posts\/12850","targetHints":{"allow":["GET"]}}],"collection":[{"href":"https:\/\/www.welovecycling.com\/sk\/wp-json\/wp\/v2\/posts"}],"about":[{"href":"https:\/\/www.welovecycling.com\/sk\/wp-json\/wp\/v2\/types\/post"}],"author":[{"embeddable":true,"href":"https:\/\/www.welovecycling.com\/sk\/wp-json\/wp\/v2\/users\/81"}],"replies":[{"embeddable":true,"href":"https:\/\/www.welovecycling.com\/sk\/wp-json\/wp\/v2\/comments?post=12850"}],"version-history":[{"count":2,"href":"https:\/\/www.welovecycling.com\/sk\/wp-json\/wp\/v2\/posts\/12850\/revisions"}],"predecessor-version":[{"id":13055,"href":"https:\/\/www.welovecycling.com\/sk\/wp-json\/wp\/v2\/posts\/12850\/revisions\/13055"}],"wp:featuredmedia":[{"embeddable":true,"href":"https:\/\/www.welovecycling.com\/sk\/wp-json\/wp\/v2\/media\/12863"}],"wp:attachment":[{"href":"https:\/\/www.welovecycling.com\/sk\/wp-json\/wp\/v2\/media?parent=12850"}],"wp:term":[{"taxonomy":"category","embeddable":true,"href":"https:\/\/www.welovecycling.com\/sk\/wp-json\/wp\/v2\/categories?post=12850"},{"taxonomy":"post_tag","embeddable":true,"href":"https:\/\/www.welovecycling.com\/sk\/wp-json\/wp\/v2\/tags?post=12850"},{"taxonomy":"global-categories","embeddable":true,"href":"https:\/\/www.welovecycling.com\/sk\/wp-json\/wp\/v2\/global-categories?post=12850"}],"curies":[{"name":"wp","href":"https:\/\/api.w.org\/{rel}","templated":true}]}}