{"id":12830,"date":"2021-09-03T10:00:36","date_gmt":"2021-09-03T08:00:36","guid":{"rendered":"https:\/\/www.welovecycling.com\/sk\/?p=12830"},"modified":"2021-09-29T13:41:12","modified_gmt":"2021-09-29T11:41:12","slug":"zacat-den-s-mliecnou-cokoladou-ma-svoje-benefity","status":"publish","type":"post","link":"https:\/\/www.welovecycling.com\/sk\/2021\/09\/03\/zacat-den-s-mliecnou-cokoladou-ma-svoje-benefity\/","title":{"rendered":"Za\u010da\u0165 de\u0148 s mlie\u010dnou \u010dokol\u00e1dou m\u00e1 svoje benefity"},"content":{"rendered":"<p><strong>Z \u010dokol\u00e1dy sa priber\u00e1, je tak? A vrav\u00ed sa, \u017ee pr\u00e1ve z tej sladkej mlie\u010dnej \u010dokol\u00e1dy! Ale \u010do ak to nie je a\u017e tak\u00e1 pravda. \u010co ak u\u017e vedci pomali\u010dky prich\u00e1dzaj\u00fa na to, \u017ee mo\u017eno ani nie. Dozvedie\u0165 sa o tom m\u00f4\u017eeme v novej \u0161t\u00fadii, ktor\u00e1 sa zaober\u00e1 pr\u00e1ve mlie\u010dnou \u010dokol\u00e1dou. V tejto \u0161t\u00fadii sa porovn\u00e1valo, \u010do sa stane, ke\u010f \u017eeny bu\u010f za\u010dn\u00fa de\u0148 s \u010dokol\u00e1dou, ak si na nej pochutnaj\u00fa a\u017e ve\u010der, alebo si nedaj\u00fa \u010dokol\u00e1du v\u00f4bec. V\u00fdsledky hovoria sami za seba a m\u00f4\u017eu v\u00e1s milo prekvapi\u0165.<\/strong><\/p>\n<p><!--more--><\/p>\n<p>Je ve\u013ea v\u00fdskumov, ktor\u00e9 sa zaoberaj\u00fa pr\u00e1ve benefitmi \u010dokol\u00e1dy. V t\u00fdchto v\u00fdskumoch sa zameriavaj\u00fa na zl\u00fa\u010deniny ako s\u00fa polyfenoly, theobromin alebo kofe\u00edn, zlo\u017eky obsiahnut\u00e9 pr\u00e1ve v \u010dokol\u00e1de. Av\u0161ak v\u00e4\u010d\u0161ina t\u00fdchto v\u00fdskumov sa zameriava na hork\u00fa \u010dokol\u00e1du. T\u00e1to nov\u00e1 \u0161t\u00fadia je prv\u00e1, ktor\u00e1 je zameran\u00e1 na mlie\u010dnu \u010dokol\u00e1du, a tie\u017e berie do \u00favahy, kedy sa \u010dokol\u00e1da konzumuje.<\/p>\n<h2><strong>Tabli\u010dka (k\u00fasok) mlie\u010dnej \u010dokol\u00e1dy r\u00e1no<\/strong><\/h2>\n<figure id=\"attachment_12831\" aria-describedby=\"caption-attachment-12831\" style=\"width: 1024px\" class=\"wp-caption alignnone\"><a href=\"https:\/\/d2p6e6u75xmxt8.cloudfront.net\/2\/2021\/08\/Chocolate-profimedia-0371832875.jpg\"><img loading=\"lazy\" decoding=\"async\" class=\"wp-image-12831 size-large\" src=\"https:\/\/d2p6e6u75xmxt8.cloudfront.net\/4\/2021\/09\/Chocolate-profimedia-0371832875-1024x682.jpg\" alt=\"orie\u0161kov\u00e1 \u010dokol\u00e1da\" width=\"1024\" height=\"682\" \/><\/a><figcaption id=\"caption-attachment-12831\" class=\"wp-caption-text\">Konzum\u00e1cia \u010dokol\u00e1dy r\u00e1no n\u00e1m prin\u00e1\u0161a pozit\u00edvne efekty. \u00a9Profimedia<\/figcaption><\/figure>\n<p>Aby sme sa dozvedeli viac o tom, ako konzum\u00e1cia mlie\u010dnej \u010dokol\u00e1dy v r\u00f4znych \u010dasoch po\u010das d\u0148a na n\u00e1s p\u00f4sob\u00ed, odborn\u00edci vykonali pokus na 19 \u017een\u00e1ch. Tieto \u017eeny boli vybrat\u00e9 n\u00e1hodne a v\u00fdskum sa uskuto\u010dnil po\u010das 14 dn\u00ed. V\u0161etky \u00fa\u010dastn\u00ed\u010dky si pre\u0161li 3 r\u00f4znymi scen\u00e1rmi kde mali:<\/p>\n<ul>\n<li>Skonzumova\u0165 100 g mlie\u010dnej \u010dokol\u00e1dy r\u00e1no (najnesk\u00f4r jednu hodinu po zobuden\u00ed).<\/li>\n<li>Skonzumova\u0165 100 g mlie\u010dnej \u010dokol\u00e1dy ve\u010der (najnesk\u00f4r jednu hodinu pred sp\u00e1nkom).<\/li>\n<li>\u017diadna konzum\u00e1cia \u010dokol\u00e1dy.<\/li>\n<\/ul>\n<p>Mlie\u010dna \u010dokol\u00e1da obsahovala 18 % kakaa, nie\u010do okolo 31 g tuku, 58 g cukru, 6 g bielkov\u00edn a 2 g vl\u00e1kniny na 100 g.<\/p>\n<h2><strong>Pomohlo to sp\u00e1li\u0165 tuk a zredukova\u0165 cukor v krvi<\/strong><\/h2>\n<p>T\u00e1to \u0161t\u00fadia n\u00e1m priniesla ve\u013emi zauj\u00edmav\u00e9 v\u00fdsledky:<\/p>\n<ul>\n<li>Konzum\u00e1cia \u010dokol\u00e1dy r\u00e1no n\u00e1m m\u00f4\u017ee pom\u00f4c\u0165 sp\u00e1li\u0165 tuk a zn\u00ed\u017ei\u0165 krvn\u00fd cukor.<\/li>\n<li>Ani rann\u00e1 ani ve\u010dern\u00e1 konzum\u00e1cia \u010dokol\u00e1dy nezapr\u00ed\u010dinila pr\u00edrastok hmotnosti.<\/li>\n<li>Aj rann\u00e1 aj ve\u010dern\u00e1 konzum\u00e1cia \u010dokol\u00e1dy m\u00f4\u017ee ovplyvni\u0165 n\u00e1\u0161 hlad aj chu\u0165 do jedla, sp\u00e1nok a makrobiotick\u00fa kompoz\u00edciu.<\/li>\n<li>\u010cokol\u00e1da ve\u010der dopomohla k lep\u0161iemu odpo\u010dinku a cvi\u010debnom metabolizme.<\/li>\n<\/ul>\n<figure id=\"attachment_12832\" aria-describedby=\"caption-attachment-12832\" style=\"width: 1024px\" class=\"wp-caption alignnone\"><a href=\"https:\/\/d2p6e6u75xmxt8.cloudfront.net\/2\/2021\/08\/Chocolate-pexels-alleksana-4113301.jpg\"><img loading=\"lazy\" decoding=\"async\" class=\"wp-image-12832 size-large\" src=\"https:\/\/d2p6e6u75xmxt8.cloudfront.net\/4\/2021\/09\/Chocolate-pexels-alleksana-4113301-1024x682.jpg\" alt=\"\u010dokol\u00e1da\" width=\"1024\" height=\"682\" \/><\/a><figcaption id=\"caption-attachment-12832\" class=\"wp-caption-text\">Na trhu je ve\u013ea \u010dokol\u00e1d, ktor\u00e9 vlastne to prav\u00e9 kakao ani neobsahuj\u00fa. Namiesto toho s\u00fa preplnen\u00e9 cukrom a in\u00fdmi plnkami, \u010do ich robia chutn\u00fdmi.<\/figcaption><\/figure>\n<p><em>\u201eNa\u0161e zistenia zd\u00f4raz\u0148uj\u00fa, \u017ee nie len \u010do, ale aj kedy jeme, m\u00f4\u017ee ovplyvni\u0165 fyziologick\u00fd metabolizmus, ktor\u00fd je d\u00f4le\u017eit\u00fd pri regul\u00e1cii na\u0161ej telesnej hmotnosti.\u201c<\/em> hovor\u00ed Frank A. J. L. Scheer, spoluautor v\u00fdskumu.<\/p>\n<h2><strong>Ako je mo\u017en\u00e9, \u017ee nikto zo z\u00fa\u010dastnen\u00fdch na v\u00fdskume nepribral?<\/strong><\/h2>\n<p>Autori v\u00fdskumu tvrdia, \u017ee pr\u00e1ve kal\u00f3rie, ktor\u00e9 sa v\u010faka \u010dokol\u00e1de skonzumovali sp\u00f4sobili, \u017ee z\u00fa\u010dastnen\u00ed neboli hladn\u00ed. In\u00fdmi slovami to, \u017ee si doprajete k\u00fasok \u010dokol\u00e1dy po\u010das d\u0148a, m\u00f4\u017ee dopom\u00f4c\u0165 k tomu, \u017ee aj re\u00e1lne menej zjete po\u010das d\u0148a.<\/p>\n<p><em>\u201eNa\u0161e dobrovo\u013en\u00ed\u010dky nepribrali ani napriek tomu, \u017ee konzumovali viac kal\u00f3rii. V\u00fdsledky ukazuj\u00fa, \u017ee konzum\u00e1cia \u010dokol\u00e1dy zn\u00ed\u017eila energetick\u00fd pr\u00edjem, taktie\u017e zredukovala pocit hladu, chu\u0165 do jedla a t\u00fa\u017ebu po nie\u010dom sladkom.\u201c<\/em> hovor\u00ed Marta Garaulet, spoluautorka v\u00fdskumu.<\/p>\n<p>Celkovo, t\u00e1to \u0161t\u00fadia prin\u00e1\u0161a dobre spr\u00e1vy pre milovn\u00edkov \u010dokol\u00e1dy. Ako sa zd\u00e1, \u010dokol\u00e1da napom\u00e1ha zredukova\u0165 chu\u0165 do jedla, chu\u0165 na in\u00e9 skladnosti, a ak si ju doprajete pr\u00e1ve r\u00e1no, m\u00f4\u017ee to by\u0165 pre v\u00e1s iba v\u00fdhodou.<\/p>\n","protected":false},"excerpt":{"rendered":"<p>Z \u010dokol\u00e1dy sa priber\u00e1, je tak? A vrav\u00ed sa, \u017ee pr\u00e1ve z tej sladkej mlie\u010dnej \u010dokol\u00e1dy! Ale \u010do ak to [&hellip;]<\/p>\n","protected":false},"author":81,"featured_media":12834,"comment_status":"open","ping_status":"open","sticky":false,"template":"","format":"standard","meta":{"footnotes":""},"categories":[2],"tags":[434,1383,1219,161,623],"global-categories":[],"class_list":["post-12830","post","type-post","status-publish","format-standard","has-post-thumbnail","hentry","category-zdravie-trening","tag-cokolada","tag-mliecna-cokolada","tag-studia","tag-zdravie","tag-zdravy-zivotny-styl"],"yoast_head":"<!-- This site is optimized with the Yoast SEO Premium plugin v25.3 (Yoast SEO v25.9) - https:\/\/yoast.com\/wordpress\/plugins\/seo\/ -->\n<title>Za\u010da\u0165 de\u0148 s mlie\u010dnou \u010dokol\u00e1dou m\u00e1 svoje benefity - We Love Cycling<\/title>\n<meta name=\"description\" content=\"Z \u010dokol\u00e1dy sa priber\u00e1, je tak? A vrav\u00ed sa, \u017ee pr\u00e1ve z tej sladkej mlie\u010dnej \u010dokol\u00e1dy! Ale \u010do ak to nie je a\u017e tak\u00e1 pravda.\" \/>\n<meta name=\"robots\" content=\"index, follow, max-snippet:-1, max-image-preview:large, max-video-preview:-1\" \/>\n<link rel=\"canonical\" href=\"https:\/\/www.welovecycling.com\/sk\/2021\/09\/03\/zacat-den-s-mliecnou-cokoladou-ma-svoje-benefity\/\" \/>\n<meta property=\"og:locale\" content=\"sk_SK\" \/>\n<meta property=\"og:type\" content=\"article\" \/>\n<meta property=\"og:title\" content=\"Za\u010da\u0165 de\u0148 s mlie\u010dnou \u010dokol\u00e1dou m\u00e1 svoje benefity\" \/>\n<meta property=\"og:description\" content=\"Z \u010dokol\u00e1dy sa priber\u00e1, je tak? A vrav\u00ed sa, \u017ee pr\u00e1ve z tej sladkej mlie\u010dnej \u010dokol\u00e1dy! Ale \u010do ak to nie je a\u017e tak\u00e1 pravda.\" \/>\n<meta property=\"og:url\" content=\"https:\/\/www.welovecycling.com\/sk\/2021\/09\/03\/zacat-den-s-mliecnou-cokoladou-ma-svoje-benefity\/\" \/>\n<meta property=\"og:site_name\" content=\"\u0160koda We Love Cycling Slovensko\" \/>\n<meta property=\"article:published_time\" content=\"2021-09-03T08:00:36+00:00\" \/>\n<meta property=\"article:modified_time\" content=\"2021-09-29T11:41:12+00:00\" \/>\n<meta property=\"og:image\" content=\"https:\/\/d2p6e6u75xmxt8.cloudfront.net\/4\/2021\/09\/Milk-Chocolate-pexels-vie-studio-6167329-CVR.webp\" \/>\n\t<meta property=\"og:image:width\" content=\"1366\" \/>\n\t<meta property=\"og:image:height\" content=\"600\" \/>\n\t<meta property=\"og:image:type\" content=\"image\/webp\" \/>\n<meta name=\"twitter:card\" content=\"summary_large_image\" \/>\n<meta name=\"twitter:label1\" content=\"Written by\" \/>\n\t<meta name=\"twitter:data1\" content=\"We Love Cycling\" \/>\n\t<meta name=\"twitter:label2\" content=\"Est. reading time\" \/>\n\t<meta name=\"twitter:data2\" content=\"5\" \/>\n<script type=\"application\/ld+json\" class=\"yoast-schema-graph\">{\"@context\":\"https:\/\/schema.org\",\"@graph\":[{\"@type\":\"WebPage\",\"@id\":\"https:\/\/www.welovecycling.com\/sk\/2021\/09\/03\/zacat-den-s-mliecnou-cokoladou-ma-svoje-benefity\/\",\"url\":\"https:\/\/www.welovecycling.com\/sk\/2021\/09\/03\/zacat-den-s-mliecnou-cokoladou-ma-svoje-benefity\/\",\"name\":\"Za\u010da\u0165 de\u0148 s mlie\u010dnou \u010dokol\u00e1dou m\u00e1 svoje benefity - We Love Cycling\",\"isPartOf\":{\"@id\":\"https:\/\/www.welovecycling.com\/sk\/#website\"},\"primaryImageOfPage\":{\"@id\":\"https:\/\/www.welovecycling.com\/sk\/2021\/09\/03\/zacat-den-s-mliecnou-cokoladou-ma-svoje-benefity\/#primaryimage\"},\"image\":{\"@id\":\"https:\/\/www.welovecycling.com\/sk\/2021\/09\/03\/zacat-den-s-mliecnou-cokoladou-ma-svoje-benefity\/#primaryimage\"},\"thumbnailUrl\":\"https:\/\/d2p6e6u75xmxt8.cloudfront.net\/4\/2021\/09\/Milk-Chocolate-pexels-vie-studio-6167329-CVR.webp\",\"datePublished\":\"2021-09-03T08:00:36+00:00\",\"dateModified\":\"2021-09-29T11:41:12+00:00\",\"author\":{\"@id\":\"\"},\"description\":\"Z \u010dokol\u00e1dy sa priber\u00e1, je tak? A vrav\u00ed sa, \u017ee pr\u00e1ve z tej sladkej mlie\u010dnej \u010dokol\u00e1dy! Ale \u010do ak to nie je a\u017e tak\u00e1 pravda.\",\"breadcrumb\":{\"@id\":\"https:\/\/www.welovecycling.com\/sk\/2021\/09\/03\/zacat-den-s-mliecnou-cokoladou-ma-svoje-benefity\/#breadcrumb\"},\"inLanguage\":\"sk-SK\",\"potentialAction\":[{\"@type\":\"ReadAction\",\"target\":[\"https:\/\/www.welovecycling.com\/sk\/2021\/09\/03\/zacat-den-s-mliecnou-cokoladou-ma-svoje-benefity\/\"]}]},{\"@type\":\"ImageObject\",\"inLanguage\":\"sk-SK\",\"@id\":\"https:\/\/www.welovecycling.com\/sk\/2021\/09\/03\/zacat-den-s-mliecnou-cokoladou-ma-svoje-benefity\/#primaryimage\",\"url\":\"https:\/\/d2p6e6u75xmxt8.cloudfront.net\/4\/2021\/09\/Milk-Chocolate-pexels-vie-studio-6167329-CVR.webp\",\"contentUrl\":\"https:\/\/d2p6e6u75xmxt8.cloudfront.net\/4\/2021\/09\/Milk-Chocolate-pexels-vie-studio-6167329-CVR.webp\",\"width\":1366,\"height\":600,\"caption\":\"Milk Chocolate\"},{\"@type\":\"BreadcrumbList\",\"@id\":\"https:\/\/www.welovecycling.com\/sk\/2021\/09\/03\/zacat-den-s-mliecnou-cokoladou-ma-svoje-benefity\/#breadcrumb\",\"itemListElement\":[{\"@type\":\"ListItem\",\"position\":1,\"name\":\"Home\",\"item\":\"https:\/\/www.welovecycling.com\/sk\/\"},{\"@type\":\"ListItem\",\"position\":2,\"name\":\"Za\u010da\u0165 de\u0148 s mlie\u010dnou \u010dokol\u00e1dou m\u00e1 svoje benefity\"}]},{\"@type\":\"WebSite\",\"@id\":\"https:\/\/www.welovecycling.com\/sk\/#website\",\"url\":\"https:\/\/www.welovecycling.com\/sk\/\",\"name\":\"\u0160koda We Love Cycling Slovensko\",\"description\":\"\u0160koda We Love Cycling Slovensko je v\u00e1\u0161 ka\u017edodenn\u00fd zdroj noviniek a in\u0161pir\u00e1cie z sveta cyklistiky\",\"potentialAction\":[{\"@type\":\"SearchAction\",\"target\":{\"@type\":\"EntryPoint\",\"urlTemplate\":\"https:\/\/www.welovecycling.com\/sk\/?s={search_term_string}\"},\"query-input\":{\"@type\":\"PropertyValueSpecification\",\"valueRequired\":true,\"valueName\":\"search_term_string\"}}],\"inLanguage\":\"sk-SK\"},{\"@type\":\"Person\",\"@id\":\"\",\"url\":\"https:\/\/www.welovecycling.com\/sk\/author\/\"}]}<\/script>\n<!-- \/ Yoast SEO Premium plugin. -->","yoast_head_json":{"title":"Za\u010da\u0165 de\u0148 s mlie\u010dnou \u010dokol\u00e1dou m\u00e1 svoje benefity - We Love Cycling","description":"Z \u010dokol\u00e1dy sa priber\u00e1, je tak? A vrav\u00ed sa, \u017ee pr\u00e1ve z tej sladkej mlie\u010dnej \u010dokol\u00e1dy! Ale \u010do ak to nie je a\u017e tak\u00e1 pravda.","robots":{"index":"index","follow":"follow","max-snippet":"max-snippet:-1","max-image-preview":"max-image-preview:large","max-video-preview":"max-video-preview:-1"},"canonical":"https:\/\/www.welovecycling.com\/sk\/2021\/09\/03\/zacat-den-s-mliecnou-cokoladou-ma-svoje-benefity\/","og_locale":"sk_SK","og_type":"article","og_title":"Za\u010da\u0165 de\u0148 s mlie\u010dnou \u010dokol\u00e1dou m\u00e1 svoje benefity","og_description":"Z \u010dokol\u00e1dy sa priber\u00e1, je tak? A vrav\u00ed sa, \u017ee pr\u00e1ve z tej sladkej mlie\u010dnej \u010dokol\u00e1dy! Ale \u010do ak to nie je a\u017e tak\u00e1 pravda.","og_url":"https:\/\/www.welovecycling.com\/sk\/2021\/09\/03\/zacat-den-s-mliecnou-cokoladou-ma-svoje-benefity\/","og_site_name":"\u0160koda We Love Cycling Slovensko","article_published_time":"2021-09-03T08:00:36+00:00","article_modified_time":"2021-09-29T11:41:12+00:00","og_image":[{"width":1366,"height":600,"url":"https:\/\/d2p6e6u75xmxt8.cloudfront.net\/4\/2021\/09\/Milk-Chocolate-pexels-vie-studio-6167329-CVR.webp","type":"image\/webp"}],"twitter_card":"summary_large_image","twitter_misc":{"Written by":"We Love Cycling","Est. reading time":"5"},"schema":{"@context":"https:\/\/schema.org","@graph":[{"@type":"WebPage","@id":"https:\/\/www.welovecycling.com\/sk\/2021\/09\/03\/zacat-den-s-mliecnou-cokoladou-ma-svoje-benefity\/","url":"https:\/\/www.welovecycling.com\/sk\/2021\/09\/03\/zacat-den-s-mliecnou-cokoladou-ma-svoje-benefity\/","name":"Za\u010da\u0165 de\u0148 s mlie\u010dnou \u010dokol\u00e1dou m\u00e1 svoje benefity - We Love Cycling","isPartOf":{"@id":"https:\/\/www.welovecycling.com\/sk\/#website"},"primaryImageOfPage":{"@id":"https:\/\/www.welovecycling.com\/sk\/2021\/09\/03\/zacat-den-s-mliecnou-cokoladou-ma-svoje-benefity\/#primaryimage"},"image":{"@id":"https:\/\/www.welovecycling.com\/sk\/2021\/09\/03\/zacat-den-s-mliecnou-cokoladou-ma-svoje-benefity\/#primaryimage"},"thumbnailUrl":"https:\/\/d2p6e6u75xmxt8.cloudfront.net\/4\/2021\/09\/Milk-Chocolate-pexels-vie-studio-6167329-CVR.webp","datePublished":"2021-09-03T08:00:36+00:00","dateModified":"2021-09-29T11:41:12+00:00","author":{"@id":""},"description":"Z \u010dokol\u00e1dy sa priber\u00e1, je tak? A vrav\u00ed sa, \u017ee pr\u00e1ve z tej sladkej mlie\u010dnej \u010dokol\u00e1dy! Ale \u010do ak to nie je a\u017e tak\u00e1 pravda.","breadcrumb":{"@id":"https:\/\/www.welovecycling.com\/sk\/2021\/09\/03\/zacat-den-s-mliecnou-cokoladou-ma-svoje-benefity\/#breadcrumb"},"inLanguage":"sk-SK","potentialAction":[{"@type":"ReadAction","target":["https:\/\/www.welovecycling.com\/sk\/2021\/09\/03\/zacat-den-s-mliecnou-cokoladou-ma-svoje-benefity\/"]}]},{"@type":"ImageObject","inLanguage":"sk-SK","@id":"https:\/\/www.welovecycling.com\/sk\/2021\/09\/03\/zacat-den-s-mliecnou-cokoladou-ma-svoje-benefity\/#primaryimage","url":"https:\/\/d2p6e6u75xmxt8.cloudfront.net\/4\/2021\/09\/Milk-Chocolate-pexels-vie-studio-6167329-CVR.webp","contentUrl":"https:\/\/d2p6e6u75xmxt8.cloudfront.net\/4\/2021\/09\/Milk-Chocolate-pexels-vie-studio-6167329-CVR.webp","width":1366,"height":600,"caption":"Milk Chocolate"},{"@type":"BreadcrumbList","@id":"https:\/\/www.welovecycling.com\/sk\/2021\/09\/03\/zacat-den-s-mliecnou-cokoladou-ma-svoje-benefity\/#breadcrumb","itemListElement":[{"@type":"ListItem","position":1,"name":"Home","item":"https:\/\/www.welovecycling.com\/sk\/"},{"@type":"ListItem","position":2,"name":"Za\u010da\u0165 de\u0148 s mlie\u010dnou \u010dokol\u00e1dou m\u00e1 svoje benefity"}]},{"@type":"WebSite","@id":"https:\/\/www.welovecycling.com\/sk\/#website","url":"https:\/\/www.welovecycling.com\/sk\/","name":"\u0160koda We Love Cycling Slovensko","description":"\u0160koda We Love Cycling Slovensko je v\u00e1\u0161 ka\u017edodenn\u00fd zdroj noviniek a in\u0161pir\u00e1cie z sveta cyklistiky","potentialAction":[{"@type":"SearchAction","target":{"@type":"EntryPoint","urlTemplate":"https:\/\/www.welovecycling.com\/sk\/?s={search_term_string}"},"query-input":{"@type":"PropertyValueSpecification","valueRequired":true,"valueName":"search_term_string"}}],"inLanguage":"sk-SK"},{"@type":"Person","@id":"","url":"https:\/\/www.welovecycling.com\/sk\/author\/"}]}},"_links":{"self":[{"href":"https:\/\/www.welovecycling.com\/sk\/wp-json\/wp\/v2\/posts\/12830","targetHints":{"allow":["GET"]}}],"collection":[{"href":"https:\/\/www.welovecycling.com\/sk\/wp-json\/wp\/v2\/posts"}],"about":[{"href":"https:\/\/www.welovecycling.com\/sk\/wp-json\/wp\/v2\/types\/post"}],"author":[{"embeddable":true,"href":"https:\/\/www.welovecycling.com\/sk\/wp-json\/wp\/v2\/users\/81"}],"replies":[{"embeddable":true,"href":"https:\/\/www.welovecycling.com\/sk\/wp-json\/wp\/v2\/comments?post=12830"}],"version-history":[{"count":2,"href":"https:\/\/www.welovecycling.com\/sk\/wp-json\/wp\/v2\/posts\/12830\/revisions"}],"predecessor-version":[{"id":13060,"href":"https:\/\/www.welovecycling.com\/sk\/wp-json\/wp\/v2\/posts\/12830\/revisions\/13060"}],"wp:featuredmedia":[{"embeddable":true,"href":"https:\/\/www.welovecycling.com\/sk\/wp-json\/wp\/v2\/media\/12834"}],"wp:attachment":[{"href":"https:\/\/www.welovecycling.com\/sk\/wp-json\/wp\/v2\/media?parent=12830"}],"wp:term":[{"taxonomy":"category","embeddable":true,"href":"https:\/\/www.welovecycling.com\/sk\/wp-json\/wp\/v2\/categories?post=12830"},{"taxonomy":"post_tag","embeddable":true,"href":"https:\/\/www.welovecycling.com\/sk\/wp-json\/wp\/v2\/tags?post=12830"},{"taxonomy":"global-categories","embeddable":true,"href":"https:\/\/www.welovecycling.com\/sk\/wp-json\/wp\/v2\/global-categories?post=12830"}],"curies":[{"name":"wp","href":"https:\/\/api.w.org\/{rel}","templated":true}]}}