{"id":1281,"date":"2017-06-30T23:06:30","date_gmt":"2017-06-30T21:06:30","guid":{"rendered":"https:\/\/www.welovecycling.com\/sk\/?p=1281"},"modified":"2017-12-18T13:11:28","modified_gmt":"2017-12-18T12:11:28","slug":"vyhra-tour-de-france","status":"publish","type":"post","link":"https:\/\/www.welovecycling.com\/sk\/2017\/06\/30\/vyhra-tour-de-france\/","title":{"rendered":"Kto vyhr\u00e1 Tour de France?"},"content":{"rendered":"<p><strong>V \u010dase p\u00edsania je Chris Froome favoritom st\u00e1vkov\u00fdch kancel\u00e1ri\u00ed \u2013 m\u00e1 sk\u00fasenosti, je na vrchole svojich s\u00edl a jeho t\u00edm patr\u00ed k najlep\u0161\u00edm. Kto by ho ale mohol porazi\u0165?<\/strong><\/p>\n<p><!--more--><\/p>\n<h2><strong>Nairo Quintana<\/strong><\/h2>\n<p>Nairo Quintana nie je v\u00f4bec bez \u0161anc\u00ed \u2013 minul\u00fd rok vyhral celkov\u00fa klasifik\u00e1ciu Vuelta a\u00a0Espa\u00f1a, pri\u010dom Froome sa Vueltu naozaj sna\u017eil vyhra\u0165 a na za\u010diatku bol v skvelej forme.<\/p>\n<p><img decoding=\"async\" src=\"https:\/\/d2p6e6u75xmxt8.cloudfront.net\/2\/2017\/06\/profimedia-0333547991.jpg\" alt=\"\" \/><\/p>\n<p>Kolumbij\u010dan vyzrel aj po taktickej str\u00e1nke a fan\u00fa\u0161ikovia si mohli v\u0161imn\u00fa\u0165, \u017ee sa v posledn\u00fdch dvoch Tour de France dr\u017eal v kritick\u00fdch momentoch bl\u00edzko Frooma. Ten nem\u00e1 ve\u013ea s\u00faperov, ktor\u00ed by ho vedeli dosta\u0165 pod tlak v\u00a0kopcoch tak, ako to dok\u00e1zal Quintana na Vuelte.<\/p>\n<h2><strong>Priority<\/strong><\/h2>\n<p>Quintana mal po absolvovan\u00ed Gira pomerne kr\u00e1tky \u010das na regener\u00e1ciu, \u010do sa mu nemus\u00ed vyplati\u0165 \u2013 kombin\u00e1cia Giro-Tour je v s\u00fa\u010dasnej dobe ve\u013emi \u0165a\u017ek\u00fdm s\u00fastom. Kolumbij\u010dan po skon\u010den\u00ed Gira z\u00e1rove\u0148 povedal, \u017ee m\u00e1 <em>\u201edva alebo tri r\u00f4zne pl\u00e1ny na pr\u00edpravu na Tour\u201c<\/em>.<\/p>\n<p>Rovnako aj Froome bude chcie\u0165 vyhra\u0165 dve ve\u013ek\u00e9 sez\u00f3ny Tour a ak to t\u00edm Sky pre\u017eenie v nespr\u00e1vnom bode sez\u00f3ny, Froome m\u00f4\u017ee by\u0165 op\u00e4\u0165 zranite\u013en\u00fd.<\/p>\n<h2><strong>Porte v b\u00farke<\/strong><\/h2>\n<p>Mnoh\u00ed sa domnievaj\u00fa, \u017ee Richie Porte nenaplnil potenci\u00e1l, ktor\u00fd uk\u00e1zal v t\u00edme Sky. Jeho skor\u00e1 sez\u00f3na vyzerala po \u0165a\u017ekom v\u00ed\u0165azstve na Tour de Romandie s\u013eubne, ke\u010f sa ocitol pred Yatesom a \u010do je d\u00f4le\u017eitej\u0161ie, aj pred Froomom.<\/p>\n<p><img decoding=\"async\" src=\"https:\/\/d2p6e6u75xmxt8.cloudfront.net\/2\/2017\/06\/profimedia-0335542491.jpg\" alt=\"\" \/><\/p>\n<p>Av\u0161ak skuto\u010dne ve\u013ek\u00e9 v\u00ed\u0165azstvo na Tour sa vyh\u00fdbalo aj Portemu, aj t\u00edmu BMC, ktor\u00fd nem\u00e1 ve\u013ek\u00fd probl\u00e9m s prostriedkami. S\u00a0jazdcami ak\u00fdmi s\u00fa Rohan Dennis, Danilo Wyss a Francisco Ventoso, BMC v\u00fdrazne investovalo do vybudovania t\u00edmu na podporu Porteho v najv\u00e4\u010d\u0161\u00edch etap\u00e1ch. Bookmakeri predpovedaj\u00fa dobr\u00fa \u0161ancu Portemu, talentovan\u00e9mu cyklistovi, ktor\u00fd m\u00f4\u017ee nie\u010do dok\u00e1za\u0165.<\/p>\n<h2><strong>Alberto Contador<\/strong><\/h2>\n<p>Aj ke\u010f \u0160paniel u\u017e nem\u00e1 tak\u00fa formu ako pred rokmi, jeho s\u00faperi vedia, \u017ee podceni\u0165 ho by bola ve\u013ek\u00e1 chyba. St\u00e1le dok\u00e1\u017ee dr\u017ea\u0165 krok s najlep\u0161\u00edmi vrch\u00e1rmi a cel\u00fd \u00favod sez\u00f3ny mal jasn\u00fd cie\u013e \u2013 by\u0165 v top forme pr\u00e1ve na Tour de France. Ak nie\u010do Contador ovl\u00e1da, tak je to schopnos\u0165 v\u00fdborne sa pripravi\u0165 na vrchol sez\u00f3ny, pri\u010dom rovnako siln\u00fd je aj po taktickej str\u00e1nke. A rozhodne m\u00e1 v\u017edy odvahu za\u00fato\u010di\u0165.<\/p>\n","protected":false},"excerpt":{"rendered":"<p>V \u010dase p\u00edsania je Chris Froome favoritom st\u00e1vkov\u00fdch kancel\u00e1ri\u00ed \u2013 m\u00e1 sk\u00fasenosti, je na vrchole svojich s\u00edl a jeho t\u00edm [&hellip;]<\/p>\n","protected":false},"author":38,"featured_media":1293,"comment_status":"open","ping_status":"open","sticky":false,"template":"","format":"standard","meta":{"footnotes":""},"categories":[4,117],"tags":[121,115,119,116,120,20,108],"global-categories":[],"class_list":["post-1281","post","type-post","status-publish","format-standard","has-post-thumbnail","hentry","category-cestna-cyklisitika","category-tour-de-france","tag-alberto-contador","tag-cestna-cyklistika","tag-chris-froome","tag-nairo-quintana","tag-richie-porte","tag-tour-de-france","tag-tour-de-france-2017"],"yoast_head":"<!-- This site is optimized with the Yoast SEO Premium plugin v25.3 (Yoast SEO v25.9) - https:\/\/yoast.com\/wordpress\/plugins\/seo\/ -->\n<title>Kto vyhr\u00e1 Tour de France? - \u0160koda We Love Cycling Slovensko<\/title>\n<meta name=\"robots\" content=\"index, follow, max-snippet:-1, max-image-preview:large, max-video-preview:-1\" \/>\n<link rel=\"canonical\" href=\"https:\/\/www.welovecycling.com\/sk\/2017\/06\/30\/vyhra-tour-de-france\/\" \/>\n<meta property=\"og:locale\" content=\"sk_SK\" \/>\n<meta property=\"og:type\" content=\"article\" \/>\n<meta property=\"og:title\" content=\"Kto vyhr\u00e1 Tour de France?\" \/>\n<meta property=\"og:description\" content=\"V \u010dase p\u00edsania je Chris Froome favoritom st\u00e1vkov\u00fdch kancel\u00e1ri\u00ed \u2013 m\u00e1 sk\u00fasenosti, je na vrchole svojich s\u00edl a jeho t\u00edm [&hellip;]\" \/>\n<meta property=\"og:url\" content=\"https:\/\/www.welovecycling.com\/sk\/2017\/06\/30\/vyhra-tour-de-france\/\" \/>\n<meta property=\"og:site_name\" content=\"\u0160koda We Love Cycling Slovensko\" \/>\n<meta property=\"article:published_time\" content=\"2017-06-30T21:06:30+00:00\" \/>\n<meta property=\"article:modified_time\" content=\"2017-12-18T12:11:28+00:00\" \/>\n<meta property=\"og:image\" content=\"https:\/\/d2p6e6u75xmxt8.cloudfront.net\/4\/2017\/06\/Unknown-6.webp\" \/>\n\t<meta property=\"og:image:width\" content=\"1375\" \/>\n\t<meta property=\"og:image:height\" content=\"600\" \/>\n\t<meta property=\"og:image:type\" content=\"image\/webp\" \/>\n<meta name=\"author\" content=\"Ondrej Ga\u0161par\" \/>\n<meta name=\"twitter:card\" content=\"summary_large_image\" \/>\n<meta name=\"twitter:label1\" content=\"Written by\" \/>\n\t<meta name=\"twitter:data1\" content=\"We Love Cycling\" \/>\n\t<meta name=\"twitter:label2\" content=\"Est. reading time\" \/>\n\t<meta name=\"twitter:data2\" content=\"2 minutes\" \/>\n<script type=\"application\/ld+json\" class=\"yoast-schema-graph\">{\"@context\":\"https:\/\/schema.org\",\"@graph\":[{\"@type\":\"WebPage\",\"@id\":\"https:\/\/www.welovecycling.com\/sk\/2017\/06\/30\/vyhra-tour-de-france\/\",\"url\":\"https:\/\/www.welovecycling.com\/sk\/2017\/06\/30\/vyhra-tour-de-france\/\",\"name\":\"Kto vyhr\u00e1 Tour de France? - \u0160koda We Love Cycling Slovensko\",\"isPartOf\":{\"@id\":\"https:\/\/www.welovecycling.com\/sk\/#website\"},\"primaryImageOfPage\":{\"@id\":\"https:\/\/www.welovecycling.com\/sk\/2017\/06\/30\/vyhra-tour-de-france\/#primaryimage\"},\"image\":{\"@id\":\"https:\/\/www.welovecycling.com\/sk\/2017\/06\/30\/vyhra-tour-de-france\/#primaryimage\"},\"thumbnailUrl\":\"https:\/\/d2p6e6u75xmxt8.cloudfront.net\/4\/2017\/06\/Unknown-6.webp\",\"datePublished\":\"2017-06-30T21:06:30+00:00\",\"dateModified\":\"2017-12-18T12:11:28+00:00\",\"author\":{\"@id\":\"https:\/\/www.welovecycling.com\/sk\/#\/schema\/person\/8ee09ba39b7e25b1870160aa5b3a89bc\"},\"breadcrumb\":{\"@id\":\"https:\/\/www.welovecycling.com\/sk\/2017\/06\/30\/vyhra-tour-de-france\/#breadcrumb\"},\"inLanguage\":\"sk-SK\",\"potentialAction\":[{\"@type\":\"ReadAction\",\"target\":[\"https:\/\/www.welovecycling.com\/sk\/2017\/06\/30\/vyhra-tour-de-france\/\"]}]},{\"@type\":\"ImageObject\",\"inLanguage\":\"sk-SK\",\"@id\":\"https:\/\/www.welovecycling.com\/sk\/2017\/06\/30\/vyhra-tour-de-france\/#primaryimage\",\"url\":\"https:\/\/d2p6e6u75xmxt8.cloudfront.net\/4\/2017\/06\/Unknown-6.webp\",\"contentUrl\":\"https:\/\/d2p6e6u75xmxt8.cloudfront.net\/4\/2017\/06\/Unknown-6.webp\",\"width\":1375,\"height\":600},{\"@type\":\"BreadcrumbList\",\"@id\":\"https:\/\/www.welovecycling.com\/sk\/2017\/06\/30\/vyhra-tour-de-france\/#breadcrumb\",\"itemListElement\":[{\"@type\":\"ListItem\",\"position\":1,\"name\":\"Home\",\"item\":\"https:\/\/www.welovecycling.com\/sk\/\"},{\"@type\":\"ListItem\",\"position\":2,\"name\":\"Kto vyhr\u00e1 Tour de France?\"}]},{\"@type\":\"WebSite\",\"@id\":\"https:\/\/www.welovecycling.com\/sk\/#website\",\"url\":\"https:\/\/www.welovecycling.com\/sk\/\",\"name\":\"\u0160koda We Love Cycling Slovensko\",\"description\":\"\u0160koda We Love Cycling Slovensko je v\u00e1\u0161 ka\u017edodenn\u00fd zdroj noviniek a in\u0161pir\u00e1cie z sveta cyklistiky\",\"potentialAction\":[{\"@type\":\"SearchAction\",\"target\":{\"@type\":\"EntryPoint\",\"urlTemplate\":\"https:\/\/www.welovecycling.com\/sk\/?s={search_term_string}\"},\"query-input\":{\"@type\":\"PropertyValueSpecification\",\"valueRequired\":true,\"valueName\":\"search_term_string\"}}],\"inLanguage\":\"sk-SK\"},{\"@type\":\"Person\",\"@id\":\"https:\/\/www.welovecycling.com\/sk\/#\/schema\/person\/8ee09ba39b7e25b1870160aa5b3a89bc\",\"name\":\"Ondrej Ga\u0161par\",\"image\":{\"@type\":\"ImageObject\",\"inLanguage\":\"sk-SK\",\"@id\":\"https:\/\/www.welovecycling.com\/sk\/#\/schema\/person\/image\/\",\"url\":\"https:\/\/secure.gravatar.com\/avatar\/6126c9afb87b70da5abbb083ddbb21933da15f18f8ca7cb822aba0fb096a48f6?s=96&d=mm&r=g\",\"contentUrl\":\"https:\/\/secure.gravatar.com\/avatar\/6126c9afb87b70da5abbb083ddbb21933da15f18f8ca7cb822aba0fb096a48f6?s=96&d=mm&r=g\",\"caption\":\"Ondrej Ga\u0161par\"},\"url\":\"https:\/\/www.welovecycling.com\/sk\/author\/ondrejgaspar\/\"}]}<\/script>\n<!-- \/ Yoast SEO Premium plugin. -->","yoast_head_json":{"title":"Kto vyhr\u00e1 Tour de France? - \u0160koda We Love Cycling Slovensko","robots":{"index":"index","follow":"follow","max-snippet":"max-snippet:-1","max-image-preview":"max-image-preview:large","max-video-preview":"max-video-preview:-1"},"canonical":"https:\/\/www.welovecycling.com\/sk\/2017\/06\/30\/vyhra-tour-de-france\/","og_locale":"sk_SK","og_type":"article","og_title":"Kto vyhr\u00e1 Tour de France?","og_description":"V \u010dase p\u00edsania je Chris Froome favoritom st\u00e1vkov\u00fdch kancel\u00e1ri\u00ed \u2013 m\u00e1 sk\u00fasenosti, je na vrchole svojich s\u00edl a jeho t\u00edm [&hellip;]","og_url":"https:\/\/www.welovecycling.com\/sk\/2017\/06\/30\/vyhra-tour-de-france\/","og_site_name":"\u0160koda We Love Cycling Slovensko","article_published_time":"2017-06-30T21:06:30+00:00","article_modified_time":"2017-12-18T12:11:28+00:00","og_image":[{"width":1375,"height":600,"url":"https:\/\/d2p6e6u75xmxt8.cloudfront.net\/4\/2017\/06\/Unknown-6.webp","type":"image\/webp"}],"author":"Ondrej Ga\u0161par","twitter_card":"summary_large_image","twitter_misc":{"Written by":"We Love Cycling","Est. reading time":"2 minutes"},"schema":{"@context":"https:\/\/schema.org","@graph":[{"@type":"WebPage","@id":"https:\/\/www.welovecycling.com\/sk\/2017\/06\/30\/vyhra-tour-de-france\/","url":"https:\/\/www.welovecycling.com\/sk\/2017\/06\/30\/vyhra-tour-de-france\/","name":"Kto vyhr\u00e1 Tour de France? - \u0160koda We Love Cycling Slovensko","isPartOf":{"@id":"https:\/\/www.welovecycling.com\/sk\/#website"},"primaryImageOfPage":{"@id":"https:\/\/www.welovecycling.com\/sk\/2017\/06\/30\/vyhra-tour-de-france\/#primaryimage"},"image":{"@id":"https:\/\/www.welovecycling.com\/sk\/2017\/06\/30\/vyhra-tour-de-france\/#primaryimage"},"thumbnailUrl":"https:\/\/d2p6e6u75xmxt8.cloudfront.net\/4\/2017\/06\/Unknown-6.webp","datePublished":"2017-06-30T21:06:30+00:00","dateModified":"2017-12-18T12:11:28+00:00","author":{"@id":"https:\/\/www.welovecycling.com\/sk\/#\/schema\/person\/8ee09ba39b7e25b1870160aa5b3a89bc"},"breadcrumb":{"@id":"https:\/\/www.welovecycling.com\/sk\/2017\/06\/30\/vyhra-tour-de-france\/#breadcrumb"},"inLanguage":"sk-SK","potentialAction":[{"@type":"ReadAction","target":["https:\/\/www.welovecycling.com\/sk\/2017\/06\/30\/vyhra-tour-de-france\/"]}]},{"@type":"ImageObject","inLanguage":"sk-SK","@id":"https:\/\/www.welovecycling.com\/sk\/2017\/06\/30\/vyhra-tour-de-france\/#primaryimage","url":"https:\/\/d2p6e6u75xmxt8.cloudfront.net\/4\/2017\/06\/Unknown-6.webp","contentUrl":"https:\/\/d2p6e6u75xmxt8.cloudfront.net\/4\/2017\/06\/Unknown-6.webp","width":1375,"height":600},{"@type":"BreadcrumbList","@id":"https:\/\/www.welovecycling.com\/sk\/2017\/06\/30\/vyhra-tour-de-france\/#breadcrumb","itemListElement":[{"@type":"ListItem","position":1,"name":"Home","item":"https:\/\/www.welovecycling.com\/sk\/"},{"@type":"ListItem","position":2,"name":"Kto vyhr\u00e1 Tour de France?"}]},{"@type":"WebSite","@id":"https:\/\/www.welovecycling.com\/sk\/#website","url":"https:\/\/www.welovecycling.com\/sk\/","name":"\u0160koda We Love Cycling Slovensko","description":"\u0160koda We Love Cycling Slovensko je v\u00e1\u0161 ka\u017edodenn\u00fd zdroj noviniek a in\u0161pir\u00e1cie z sveta cyklistiky","potentialAction":[{"@type":"SearchAction","target":{"@type":"EntryPoint","urlTemplate":"https:\/\/www.welovecycling.com\/sk\/?s={search_term_string}"},"query-input":{"@type":"PropertyValueSpecification","valueRequired":true,"valueName":"search_term_string"}}],"inLanguage":"sk-SK"},{"@type":"Person","@id":"https:\/\/www.welovecycling.com\/sk\/#\/schema\/person\/8ee09ba39b7e25b1870160aa5b3a89bc","name":"Ondrej Ga\u0161par","image":{"@type":"ImageObject","inLanguage":"sk-SK","@id":"https:\/\/www.welovecycling.com\/sk\/#\/schema\/person\/image\/","url":"https:\/\/secure.gravatar.com\/avatar\/6126c9afb87b70da5abbb083ddbb21933da15f18f8ca7cb822aba0fb096a48f6?s=96&d=mm&r=g","contentUrl":"https:\/\/secure.gravatar.com\/avatar\/6126c9afb87b70da5abbb083ddbb21933da15f18f8ca7cb822aba0fb096a48f6?s=96&d=mm&r=g","caption":"Ondrej Ga\u0161par"},"url":"https:\/\/www.welovecycling.com\/sk\/author\/ondrejgaspar\/"}]}},"_links":{"self":[{"href":"https:\/\/www.welovecycling.com\/sk\/wp-json\/wp\/v2\/posts\/1281","targetHints":{"allow":["GET"]}}],"collection":[{"href":"https:\/\/www.welovecycling.com\/sk\/wp-json\/wp\/v2\/posts"}],"about":[{"href":"https:\/\/www.welovecycling.com\/sk\/wp-json\/wp\/v2\/types\/post"}],"author":[{"embeddable":true,"href":"https:\/\/www.welovecycling.com\/sk\/wp-json\/wp\/v2\/users\/38"}],"replies":[{"embeddable":true,"href":"https:\/\/www.welovecycling.com\/sk\/wp-json\/wp\/v2\/comments?post=1281"}],"version-history":[{"count":2,"href":"https:\/\/www.welovecycling.com\/sk\/wp-json\/wp\/v2\/posts\/1281\/revisions"}],"predecessor-version":[{"id":1433,"href":"https:\/\/www.welovecycling.com\/sk\/wp-json\/wp\/v2\/posts\/1281\/revisions\/1433"}],"wp:featuredmedia":[{"embeddable":true,"href":"https:\/\/www.welovecycling.com\/sk\/wp-json\/wp\/v2\/media\/1293"}],"wp:attachment":[{"href":"https:\/\/www.welovecycling.com\/sk\/wp-json\/wp\/v2\/media?parent=1281"}],"wp:term":[{"taxonomy":"category","embeddable":true,"href":"https:\/\/www.welovecycling.com\/sk\/wp-json\/wp\/v2\/categories?post=1281"},{"taxonomy":"post_tag","embeddable":true,"href":"https:\/\/www.welovecycling.com\/sk\/wp-json\/wp\/v2\/tags?post=1281"},{"taxonomy":"global-categories","embeddable":true,"href":"https:\/\/www.welovecycling.com\/sk\/wp-json\/wp\/v2\/global-categories?post=1281"}],"curies":[{"name":"wp","href":"https:\/\/api.w.org\/{rel}","templated":true}]}}