{"id":12767,"date":"2021-09-01T10:00:05","date_gmt":"2021-09-01T08:00:05","guid":{"rendered":"https:\/\/www.welovecycling.com\/sk\/?p=12767"},"modified":"2023-06-30T10:45:30","modified_gmt":"2023-06-30T08:45:30","slug":"slovenska-tour-de-france-pohlad-do-zakulisia-pretekov","status":"publish","type":"post","link":"https:\/\/www.welovecycling.com\/sk\/2021\/09\/01\/slovenska-tour-de-france-pohlad-do-zakulisia-pretekov\/","title":{"rendered":"Slovensk\u00e1 Tour de France \u2013 poh\u013ead do z\u00e1kulisia pretekov"},"content":{"rendered":"<p><strong>Po\u010fme sa spolu pozrie\u0165 na preteky z poh\u013eadu organiz\u00e1tora, kedy sa po prv\u00fdkr\u00e1t v\u00a0hist\u00f3rii Slovenska v\u00a0na\u0161om hlavnom meste uskuto\u010dnila L\u2019Etape Slovakia by Tour de France. Po\u010das tohto roka sa v\u00a0\u0161trn\u00e1stich krajin\u00e1ch sveta uskuto\u010dn\u00ed toto masov\u00e9 cyklistick\u00e9 podujatie.<\/strong><!--more--><\/p>\n<p>Podujatie m\u00e1 po celom svete dlhodob\u00fa trad\u00edciu a\u00a0r\u00f4zne krajiny sveta\u00a0ho usporad\u00favaj\u00fa u\u017e od roku 1993. Cie\u013eom je prenies\u0165 atmosf\u00e9ru z\u00a0ozajstnej Tour de France do svojej krajiny, kde m\u00f4\u017eu aj amat\u00e9rski cyklisti za\u017ei\u0165 prav\u00fa atmosf\u00e9ru t\u00fdchto legend\u00e1rnych pretekov.<\/p>\n<h2><strong>Rok 2021 historick\u00fd pre Slovensko<\/strong><\/h2>\n<p>V\u00a0na\u0161ej krajine je cyklistika v\u010faka Petrovi Saganovi moment\u00e1lne na v\u00fdsln\u00ed, a\u00a0tak vznikla my\u0161lienka usporiada\u0165 toto unik\u00e1tne podujatie v\u00a0Bratislave. Ja poch\u00e1dzam z\u00a0Lutily a odtia\u013e je aj m\u00f4j kamar\u00e1t a \u0161portov\u00fd riadite\u013e slovenskej Tour, Peter Dole\u017eal. V\u00a0nasleduj\u00facom \u010dl\u00e1nku v\u00e1m sprostredkujem rozhovor, v\u00a0ktorom sa dozviete, ak\u00e9 bolo z\u00e1kulisie tejto jedine\u010dnej cyklistickej udalosti.<\/p>\n<p><a href=\"https:\/\/d2p6e6u75xmxt8.cloudfront.net\/4\/2021\/08\/received_2989443737964866.jpeg\"><img loading=\"lazy\" decoding=\"async\" class=\"alignnone size-full wp-image-12772\" src=\"https:\/\/d2p6e6u75xmxt8.cloudfront.net\/4\/2021\/08\/received_2989443737964866.jpeg\" alt=\"\" width=\"1200\" height=\"800\" \/><\/a><\/p>\n<h2><strong>Peter Dole\u017eal<\/strong><\/h2>\n<p>Kto Pe\u0165a n\u00e1hodou nepozn\u00e1, tak je to b\u00fdval\u00fd pretek\u00e1r. Majster Slovenska v\u00a0\u010dasovke jednotlivcov. V\u00a0minulosti p\u00f4sobil ako profi mechanik, pri\u010dom bicykle ladil najlep\u0161\u00edm cyklistom a cyklistk\u00e1m sveta.<\/p>\n<div id='gallery-1' class='gallery galleryid-12767 gallery-columns-2 gallery-size-full'><figure class='gallery-item'>\n\t\t\t<div class='gallery-icon landscape'>\n\t\t\t\t<a href='https:\/\/d2p6e6u75xmxt8.cloudfront.net\/4\/2021\/08\/02_Peter-Dolezal.jpg.webp'><img loading=\"lazy\" decoding=\"async\" width=\"1200\" height=\"800\" src=\"https:\/\/d2p6e6u75xmxt8.cloudfront.net\/4\/2021\/08\/02_Peter-Dolezal.jpg.webp\" class=\"attachment-full size-full\" alt=\"\" srcset=\"https:\/\/d2p6e6u75xmxt8.cloudfront.net\/4\/2021\/08\/02_Peter-Dolezal.jpg.webp 1200w, https:\/\/d2p6e6u75xmxt8.cloudfront.net\/4\/2021\/08\/02_Peter-Dolezal.jpg-300x200.webp 300w, https:\/\/d2p6e6u75xmxt8.cloudfront.net\/4\/2021\/08\/02_Peter-Dolezal.jpg-1024x683.webp 1024w, https:\/\/d2p6e6u75xmxt8.cloudfront.net\/4\/2021\/08\/02_Peter-Dolezal.jpg-768x512.webp 768w, https:\/\/d2p6e6u75xmxt8.cloudfront.net\/4\/2021\/08\/02_Peter-Dolezal.jpg-272x182.webp 272w\" sizes=\"auto, (max-width: 1200px) 100vw, 1200px\" \/><\/a>\n\t\t\t<\/div><\/figure><figure class='gallery-item'>\n\t\t\t<div class='gallery-icon landscape'>\n\t\t\t\t<a href='https:\/\/d2p6e6u75xmxt8.cloudfront.net\/4\/2021\/08\/03_Peter-Dolezal.jpg.JPG.webp'><img loading=\"lazy\" decoding=\"async\" width=\"1200\" height=\"800\" src=\"https:\/\/d2p6e6u75xmxt8.cloudfront.net\/4\/2021\/08\/03_Peter-Dolezal.jpg.JPG.webp\" class=\"attachment-full size-full\" alt=\"Peter Dole\u017eal s Davidom Millarom\" aria-describedby=\"gallery-1-12775\" srcset=\"https:\/\/d2p6e6u75xmxt8.cloudfront.net\/4\/2021\/08\/03_Peter-Dolezal.jpg.JPG.webp 1200w, https:\/\/d2p6e6u75xmxt8.cloudfront.net\/4\/2021\/08\/03_Peter-Dolezal.jpg.JPG-300x200.webp 300w, https:\/\/d2p6e6u75xmxt8.cloudfront.net\/4\/2021\/08\/03_Peter-Dolezal.jpg.JPG-1024x683.webp 1024w, https:\/\/d2p6e6u75xmxt8.cloudfront.net\/4\/2021\/08\/03_Peter-Dolezal.jpg.JPG-768x512.webp 768w, https:\/\/d2p6e6u75xmxt8.cloudfront.net\/4\/2021\/08\/03_Peter-Dolezal.jpg.JPG-272x182.webp 272w\" sizes=\"auto, (max-width: 1200px) 100vw, 1200px\" \/><\/a>\n\t\t\t<\/div>\n\t\t\t\t<figcaption class='wp-caption-text gallery-caption' id='gallery-1-12775'>\n\t\t\t\tPeter Dole\u017eal s Davidom Millarom\n\t\t\t\t<\/figcaption><\/figure>\n\t\t<\/div>\n\n<p>V\u00a0s\u00fa\u010dasnosti p\u00f4sob\u00ed v\u00a0BORA hangshore, ako mana\u017e\u00e9r a riadite\u013e pre t\u00fato renomovan\u00fa zna\u010dku na Slovensku, v\u00a0\u010cech\u00e1ch a\u00a0v Ma\u010farsku. V\u00a0roku 2017 sa podie\u013eal na organizovan\u00ed spolo\u010dn\u00fdch MSR a\u00a0M\u010cR v\u00a0\u017diari nad Hronom ako technick\u00fd riadite\u013e, a\u00a0tak \u010dlovek s\u00a0jeho know-how a sk\u00fasenos\u0165ami nesmel ch\u00fdba\u0165 v\u00a0organiza\u010dnom t\u00edme slovenskej ed\u00edcie Tour de France.<\/p>\n<p><a href=\"https:\/\/d2p6e6u75xmxt8.cloudfront.net\/4\/2021\/08\/05_Peter-Dolezal.jpg.jpg\"><img loading=\"lazy\" decoding=\"async\" class=\"alignnone size-full wp-image-12776\" src=\"https:\/\/d2p6e6u75xmxt8.cloudfront.net\/4\/2021\/08\/05_Peter-Dolezal.jpg.jpg\" alt=\"\" width=\"1200\" height=\"800\" \/><\/a><\/p>\n<p><strong>Kto a\u00a0kedy inicioval prinies\u0165 L\u2019Etape by Tour de France na Slovensko, a\u00a0ak\u00e9 s\u00fa tu podmienky?<\/strong><br \/>\n<em>Cel\u00e9 to za\u010dalo pred dvomi rokmi. Prv\u00fdkr\u00e1t sa mali preteky uskuto\u010dni\u0165 u\u017e minul\u00fd rok, no pre probl\u00e9my a\u00a0opatrenia okolo celosvetovej pand\u00e9mie sme museli podujatie presun\u00fa\u0165 na rok 2021. Vznik a\u00a0v\u00fdvoj pretekov na Slovensku je ve\u013emi zauj\u00edmav\u00fd a ne\u0161tandardn\u00fd. Usporiadate\u013e BE COOL bol osloven\u00fd z\u00e1stupcami z A.S.O. (Amaury Sport Organization je spolo\u010dnos\u0165, ktor\u00e1 vlastn\u00ed, navrhuje a organizuje \u0161pi\u010dkov\u00e9 medzin\u00e1rodn\u00e9 \u0161portov\u00e9 akcie.),\u00a0\u010di by chceli usporiada\u0165 tieto unik\u00e1tne preteky na Slovensku. A.S.O. sleduje v\u00a0krajin\u00e1ch r\u00f4zne \u0161portov\u00e9 udalosti.<\/em><\/p>\n<div id='gallery-2' class='gallery galleryid-12767 gallery-columns-2 gallery-size-full'><figure class='gallery-item'>\n\t\t\t<div class='gallery-icon landscape'>\n\t\t\t\t<a href='https:\/\/d2p6e6u75xmxt8.cloudfront.net\/4\/2021\/08\/received_369285531423275.webp'><img loading=\"lazy\" decoding=\"async\" width=\"1200\" height=\"800\" src=\"https:\/\/d2p6e6u75xmxt8.cloudfront.net\/4\/2021\/08\/received_369285531423275.webp\" class=\"attachment-full size-full\" alt=\"\" srcset=\"https:\/\/d2p6e6u75xmxt8.cloudfront.net\/4\/2021\/08\/received_369285531423275.webp 1200w, https:\/\/d2p6e6u75xmxt8.cloudfront.net\/4\/2021\/08\/received_369285531423275-300x200.webp 300w, https:\/\/d2p6e6u75xmxt8.cloudfront.net\/4\/2021\/08\/received_369285531423275-1024x683.webp 1024w, https:\/\/d2p6e6u75xmxt8.cloudfront.net\/4\/2021\/08\/received_369285531423275-768x512.webp 768w, https:\/\/d2p6e6u75xmxt8.cloudfront.net\/4\/2021\/08\/received_369285531423275-272x182.webp 272w\" sizes=\"auto, (max-width: 1200px) 100vw, 1200px\" \/><\/a>\n\t\t\t<\/div><\/figure><figure class='gallery-item'>\n\t\t\t<div class='gallery-icon landscape'>\n\t\t\t\t<a href='https:\/\/d2p6e6u75xmxt8.cloudfront.net\/4\/2021\/08\/received_370530044672553.webp'><img loading=\"lazy\" decoding=\"async\" width=\"1200\" height=\"800\" src=\"https:\/\/d2p6e6u75xmxt8.cloudfront.net\/4\/2021\/08\/received_370530044672553.webp\" class=\"attachment-full size-full\" alt=\"\" srcset=\"https:\/\/d2p6e6u75xmxt8.cloudfront.net\/4\/2021\/08\/received_370530044672553.webp 1200w, https:\/\/d2p6e6u75xmxt8.cloudfront.net\/4\/2021\/08\/received_370530044672553-300x200.webp 300w, https:\/\/d2p6e6u75xmxt8.cloudfront.net\/4\/2021\/08\/received_370530044672553-1024x683.webp 1024w, https:\/\/d2p6e6u75xmxt8.cloudfront.net\/4\/2021\/08\/received_370530044672553-768x512.webp 768w, https:\/\/d2p6e6u75xmxt8.cloudfront.net\/4\/2021\/08\/received_370530044672553-272x182.webp 272w\" sizes=\"auto, (max-width: 1200px) 100vw, 1200px\" \/><\/a>\n\t\t\t<\/div><\/figure>\n\t\t<\/div>\n\n<p><em>N\u00e1ro\u010dnos\u0165 a zvl\u00e1dnutie podujat\u00ed, ktor\u00e9 organizuje spolo\u010dnos\u0165 BE COOL, A.S.O. nato\u013eko fascinovali, \u017ee sa na \u0148u obr\u00e1tili s\u00a0ponukou usporiadania t\u00fdchto legend\u00e1rnych cyklistick\u00fdch pretekov. Mysl\u00edm si, \u017ee je to v\u00fdnimo\u010dn\u00e1 situ\u00e1cia a\u00a0ve\u013ek\u00e1 pocta, ak v\u00e1s oslovia z\u00e1stupcovia samotnej Tour de France a\u00a0pon\u00faknu v\u00e1m tak\u00fato mo\u017enos\u0165.<\/em><\/p>\n<p><a href=\"https:\/\/d2p6e6u75xmxt8.cloudfront.net\/4\/2021\/08\/06_kto-a-kedy-inicioval.jpg.jpg\"><img loading=\"lazy\" decoding=\"async\" class=\"alignnone size-full wp-image-12779\" src=\"https:\/\/d2p6e6u75xmxt8.cloudfront.net\/4\/2021\/08\/06_kto-a-kedy-inicioval.jpg.jpg\" alt=\"\" width=\"1200\" height=\"800\" \/><\/a><\/p>\n<p><em>V\u00a0in\u00fdch krajin\u00e1ch, napr\u00edklad v\u00a0\u010cech\u00e1ch, museli organiz\u00e1tori zabojova\u0165 a prihl\u00e1si\u0165 sa sami, aby\u00a0dostali licenciu pre toto podujatie, pri\u010dom im bola poskytnut\u00e1 len na jeden rok. Dokonca niektor\u00e9 krajiny, ktor\u00e9 sa hl\u00e1sia o\u00a0licenciu na\u00a0usporiadanie t\u00fdchto pretekov, ju jednoducho nedostan\u00fa. O\u00a0tieto preteky je ve\u013ek\u00fd z\u00e1ujem a\u00a0preto si samotn\u00e1 A.S.O. vyber\u00e1 spolupr\u00e1cu len s\u00a0najlep\u0161\u00edmi. Okrem toho, Slovensko dostalo ponuku usporiada\u0165 L\u2019Etape Slovakia by Tour de France na nasleduj\u00face tri roky po sebe.<\/em><\/p>\n<p><a href=\"https:\/\/d2p6e6u75xmxt8.cloudfront.net\/4\/2021\/08\/Skoda_01.jpeg\"><img loading=\"lazy\" decoding=\"async\" class=\"alignnone size-full wp-image-12780\" src=\"https:\/\/d2p6e6u75xmxt8.cloudfront.net\/4\/2021\/08\/Skoda_01.jpeg\" alt=\"\" width=\"1200\" height=\"800\" \/><\/a><\/p>\n<p><strong>Kto tvoril organiza\u010dn\u00fd t\u00edm?<\/strong><br \/>\n<em>Zo za\u010diatku to bola partia profesion\u00e1lov z firmy BE COOL, teda bratia Pukalovi\u010dovci, ja a\u00a0namo\u010dil som do toho aj Milana Dvor\u0161\u010d\u00edka. Samozrejme, to bol u\u017e\u0161\u00ed organiza\u010dn\u00fd t\u00edm, a\u00a0\u010do som bol ve\u013emi prekvapen\u00fd, postupne sa prid\u00e1vali aj osloven\u00e9 mest\u00e1 a\u00a0dediny, ktor\u00fdmi tra\u0165 prech\u00e1dzala.<\/em><\/p>\n<p><a href=\"https:\/\/d2p6e6u75xmxt8.cloudfront.net\/4\/2021\/08\/08_kto-tvoril-organizacny-tim.jpg.jpg\"><img loading=\"lazy\" decoding=\"async\" class=\"alignnone size-full wp-image-12781\" src=\"https:\/\/d2p6e6u75xmxt8.cloudfront.net\/4\/2021\/08\/08_kto-tvoril-organizacny-tim.jpg.jpg\" alt=\"\" width=\"1200\" height=\"800\" \/><\/a><\/p>\n<p><strong>Pre\u010do bola centrom etapy pr\u00e1ve Bratislava?<\/strong><br \/>\n<em>Mysl\u00edm si, \u017ee si to Bratislava zasl\u00fa\u017ei. Je to hlavn\u00e9 mesto, je tu z\u00e1zemie organiz\u00e1torov, no a v\u00fdber trasy tie\u017e sp\u013a\u0148al po\u017eiadavky z\u00a0A.S.O.<\/em><\/p>\n<p><a href=\"https:\/\/d2p6e6u75xmxt8.cloudfront.net\/4\/2021\/08\/09_preco-bola-centrom-etapy-prave-Bratislava.jpg.jpg\"><img loading=\"lazy\" decoding=\"async\" class=\"alignnone size-full wp-image-12782\" src=\"https:\/\/d2p6e6u75xmxt8.cloudfront.net\/4\/2021\/08\/09_preco-bola-centrom-etapy-prave-Bratislava.jpg.jpg\" alt=\"\" width=\"1200\" height=\"800\" \/><\/a><\/p>\n<p><strong>Kto sa postaral o\u00a0v\u00fdber n\u00e1ro\u010dnej trasy?<\/strong><br \/>\n<em>Samozrejme miestni cyklisti, ktor\u00ed boli s\u00fa\u010das\u0165ou organiz\u00e1cie.<\/em><\/p>\n<p><strong>\u010co byrokracia a\u00a0povolenia?<\/strong><br \/>\n<em>Toto je na Slovensku beh na dlh\u00e9 trate. Aby ste mohli usporiada\u0165 preteky, je potrebn\u00e9 vypracova\u0165 projekt, poda\u0165 \u017eiados\u0165 o\u00a0zvl\u00e1\u0161tne u\u017e\u00edvanie cestn\u00fdch komunik\u00e1ci\u00ed v\u00a0miestach, kde preteky prech\u00e1dzaj\u00fa.<\/em><\/p>\n<p><a href=\"https:\/\/d2p6e6u75xmxt8.cloudfront.net\/4\/2021\/08\/11_Co-byrokracia-a-povolenia.jpg.jpg\"><img loading=\"lazy\" decoding=\"async\" class=\"alignnone size-full wp-image-12785\" src=\"https:\/\/d2p6e6u75xmxt8.cloudfront.net\/4\/2021\/08\/11_Co-byrokracia-a-povolenia.jpg.jpg\" alt=\"\" width=\"1200\" height=\"800\" \/><\/a><\/p>\n<p><em>\u010ealej treba zabezpe\u010di\u0165 \u017eiadosti na vy\u010dlenenie potrebn\u00fdch s\u00edl a\u00a0prostriedkov pol\u00edcie. Tak\u00e9to schva\u013eovanie trv\u00e1 aj 3 mesiace, pri\u010dom projekt a\u00a0v\u0161etko okolo toho mus\u00ed by\u0165 dokonale prepracovan\u00e9. Som r\u00e1d, \u017ee n\u00e1m postupne pom\u00e1hali z\u00e1stupcovia miest a\u00a0ded\u00edn, dop\u013a\u0148ali n\u00e1m dobrovo\u013en\u00edkov. Pom\u00e1hali pri pr\u00e1cach s\u00favisiacich s\u00a0ich obcami.<\/em><\/p>\n<p><strong>Na \u010do ste kl\u00e1dli d\u00f4raz pri pretekoch?<\/strong><br \/>\n<em>Na za\u010diatku to bol v\u00fdber trate. Potom samozrejme bezpe\u010dnos\u0165, rie\u0161il sa Covid\u201319 a potrebn\u00e9 opatrenia, zabezpe\u010denie trate, vyl\u00fa\u010denie dopravy, v\u00a0neposlednom rade aj kvalita ciest a ich asfaltovanie z\u00a0rozpo\u010dtu sponzorsk\u00fdch pr\u00edspevkov.<\/em><\/p>\n<p><a href=\"https:\/\/d2p6e6u75xmxt8.cloudfront.net\/4\/2021\/08\/14_Na-co-ste-kladli-doraz-na-pretekoch.jpg.jpg\"><img loading=\"lazy\" decoding=\"async\" class=\"alignnone size-full wp-image-12787\" src=\"https:\/\/d2p6e6u75xmxt8.cloudfront.net\/4\/2021\/08\/14_Na-co-ste-kladli-doraz-na-pretekoch.jpg.jpg\" alt=\"\" width=\"1200\" height=\"800\" \/><\/a><\/p>\n<p><em>Mysleli sme napr\u00edklad aj na tak\u00e9 detaily, ako je ochrana \u017eivotn\u00e9ho prostredia v\u00a0podobe green zone a\u00a0aj na nad\u0161tandardn\u00fd komfort pretek\u00e1rov, pri\u010dom sme sa sna\u017eili na ka\u017ed\u00fa ob\u010derstvova\u010dku umiestni\u0165 aj verejn\u00e9 WC. Ned\u00e1 sa vybra\u0165 len jedna polo\u017eka, v\u0161etky dieliky tejto stavebnice s\u00fa rovnako d\u00f4le\u017eit\u00e9. Na\u0161im cie\u013eom bolo prinies\u0165 podujatie, o\u00a0ktorom sa bude e\u0161te dlho rozpr\u00e1va\u0165, ako o\u00a0TOP cyklistickej akcii v\u00a0na\u0161ej krajine.<\/em><\/p>\n<div id='gallery-3' class='gallery galleryid-12767 gallery-columns-2 gallery-size-full'><figure class='gallery-item'>\n\t\t\t<div class='gallery-icon landscape'>\n\t\t\t\t<a href='https:\/\/d2p6e6u75xmxt8.cloudfront.net\/4\/2021\/08\/received_543329116992145.webp'><img loading=\"lazy\" decoding=\"async\" width=\"1200\" height=\"800\" src=\"https:\/\/d2p6e6u75xmxt8.cloudfront.net\/4\/2021\/08\/received_543329116992145.webp\" class=\"attachment-full size-full\" alt=\"\" srcset=\"https:\/\/d2p6e6u75xmxt8.cloudfront.net\/4\/2021\/08\/received_543329116992145.webp 1200w, https:\/\/d2p6e6u75xmxt8.cloudfront.net\/4\/2021\/08\/received_543329116992145-300x200.webp 300w, https:\/\/d2p6e6u75xmxt8.cloudfront.net\/4\/2021\/08\/received_543329116992145-1024x683.webp 1024w, https:\/\/d2p6e6u75xmxt8.cloudfront.net\/4\/2021\/08\/received_543329116992145-768x512.webp 768w, https:\/\/d2p6e6u75xmxt8.cloudfront.net\/4\/2021\/08\/received_543329116992145-272x182.webp 272w\" sizes=\"auto, (max-width: 1200px) 100vw, 1200px\" \/><\/a>\n\t\t\t<\/div><\/figure><figure class='gallery-item'>\n\t\t\t<div class='gallery-icon landscape'>\n\t\t\t\t<a href='https:\/\/d2p6e6u75xmxt8.cloudfront.net\/4\/2021\/08\/received_3031784667111076.webp'><img loading=\"lazy\" decoding=\"async\" width=\"1200\" height=\"800\" src=\"https:\/\/d2p6e6u75xmxt8.cloudfront.net\/4\/2021\/08\/received_3031784667111076.webp\" class=\"attachment-full size-full\" alt=\"\" srcset=\"https:\/\/d2p6e6u75xmxt8.cloudfront.net\/4\/2021\/08\/received_3031784667111076.webp 1200w, https:\/\/d2p6e6u75xmxt8.cloudfront.net\/4\/2021\/08\/received_3031784667111076-300x200.webp 300w, https:\/\/d2p6e6u75xmxt8.cloudfront.net\/4\/2021\/08\/received_3031784667111076-1024x683.webp 1024w, https:\/\/d2p6e6u75xmxt8.cloudfront.net\/4\/2021\/08\/received_3031784667111076-768x512.webp 768w, https:\/\/d2p6e6u75xmxt8.cloudfront.net\/4\/2021\/08\/received_3031784667111076-272x182.webp 272w\" sizes=\"auto, (max-width: 1200px) 100vw, 1200px\" \/><\/a>\n\t\t\t<\/div><\/figure>\n\t\t<\/div>\n\n<p><strong>Po\u010das roka som vn\u00edmal v\u00fdborn\u00fd marketing okolo podujatia. Kto sa o\u00a0to postaral?<\/strong><br \/>\n<em>Mus\u00edm poveda\u0165, \u017ee \u010dinnos\u0165 na soci\u00e1lnych sie\u0165ach bola v\u00fdnimo\u010dn\u00e1 a\u00a0postaral sa o\u00a0\u0148u t\u00edm na\u0161ich diev\u010dat, ktor\u00fd tvor\u00ed Pe\u0165a Pukalovi\u010dov\u00e1 a\u00a0Romana Komar\u0148ansk\u00e1, pri\u010dom to robia profesion\u00e1lne.<\/em><\/p>\n<p><a href=\"https:\/\/d2p6e6u75xmxt8.cloudfront.net\/4\/2021\/08\/16_marketing-okolo-podujatia.jpg.jpg\"><img loading=\"lazy\" decoding=\"async\" class=\"alignnone size-full wp-image-12790\" src=\"https:\/\/d2p6e6u75xmxt8.cloudfront.net\/4\/2021\/08\/16_marketing-okolo-podujatia.jpg.jpg\" alt=\"\" width=\"1200\" height=\"800\" \/><\/a><\/p>\n<p><em>Marketing prostredn\u00edctvom soci\u00e1lnych siet\u00ed sa chytil neskuto\u010dne a\u00a0po\u010das obdobia pr\u00edprav ste denne mohli sledova\u0165 r\u00f4zne \u010dinnosti, ktor\u00e9 sa vyv\u00edjali pri organizovan\u00ed pretekov. Ve\u013emi sa ujali aj skupinov\u00e9 tr\u00e9ningy na trase etapy, kde sa u\u017e tesne pred ostr\u00fdmi pretekmi z\u00fa\u010dast\u0148ovalo aj 80 cyklistov, \u010do bolo \u00faplne super. Tie\u017e vznikla dedina L\u2019Etape Willage pri \u0160trkoveckom jazere. \u017dilo to tam etapami Tour, ktor\u00e9 ste mohli sledova\u0165 na ve\u013ekoplo\u0161nej TV, no a\u00a0potom nesk\u00f4r aj Olympijsk\u00e9 hry alebo futbalov\u00e9 majstrovstv\u00e1.<\/em><\/p>\n<p><a href=\"https:\/\/d2p6e6u75xmxt8.cloudfront.net\/4\/2021\/08\/received_383945326617938.jpeg\"><img loading=\"lazy\" decoding=\"async\" class=\"alignnone size-full wp-image-12791\" src=\"https:\/\/d2p6e6u75xmxt8.cloudfront.net\/4\/2021\/08\/received_383945326617938.jpeg\" alt=\"\" width=\"1200\" height=\"800\" \/><\/a><\/p>\n<p><strong>\u010cas \u0161tartu pretekov bol ve\u013emi ne\u0161tandardn\u00fd, pre\u010do sa \u0161tartovalo u\u017e o\u00a007:00 h?<\/strong><br \/>\n<em>\u00c1no, \u010das \u0161tartu bol v\u00fdnimo\u010dn\u00fd. No pre bezpe\u010dnos\u0165 cyklistov bolo potrebn\u00e9 hermeticky uzavrie\u0165 117 km dlh\u00fa tra\u0165, \u010do je v\u00a0okol\u00ed Bratislavy dos\u0165 problematick\u00e9. \u010eal\u0161\u00edm aspektom je aj to, \u017ee podujatie je masovka, kde sa z\u00fa\u010dast\u0148uj\u00fa predov\u0161etk\u00fdm hobby cyklisti a\u00a0chceli sme ma\u0165 do 15:00 h v\u0161etk\u00fdch v\u00a0cieli.<\/em><\/p>\n<p><a href=\"https:\/\/d2p6e6u75xmxt8.cloudfront.net\/4\/2021\/08\/19_cas-startu-pretekov.jpg.jpg\"><img loading=\"lazy\" decoding=\"async\" class=\"alignnone size-full wp-image-12792\" src=\"https:\/\/d2p6e6u75xmxt8.cloudfront.net\/4\/2021\/08\/19_cas-startu-pretekov.jpg.jpg\" alt=\"\" width=\"1200\" height=\"800\" \/><\/a><\/p>\n<p><strong>Kto na podujatie venoval ceny? <\/strong><br \/>\n<em>Okrem origin\u00e1lnych dresov boli ve\u013ek\u00fdm trh\u00e1kom poh\u00e1re, ktor\u00e9 venovala moja kamar\u00e1tka Gordana Glass, s\u00a0ktorou som spolupracoval u\u017e na pretekoch v\u00a0\u017diari. Ke\u010f tieto ceny videli z\u00e1stupcovia z\u00a0Franc\u00fazska, boli ve\u013emi prekvapen\u00ed a\u00a0vraveli, \u017ee tak\u00e9to poh\u00e1re nedost\u00e1vaj\u00fa ani prof\u00edci na pretekoch usporiadan\u00fdmi A.S.O.<\/em><\/p>\n<p><a href=\"https:\/\/d2p6e6u75xmxt8.cloudfront.net\/4\/2021\/08\/20_kto-na-podujatie-venoval-ceny.jpg.JPG.jpg\"><img loading=\"lazy\" decoding=\"async\" class=\"alignnone size-full wp-image-12793\" src=\"https:\/\/d2p6e6u75xmxt8.cloudfront.net\/4\/2021\/08\/20_kto-na-podujatie-venoval-ceny.jpg.JPG.jpg\" alt=\"\" width=\"1200\" height=\"800\" \/><\/a><\/p>\n<p><strong>Ako sa v\u00e1m podarilo na preteky stiahnu\u0165 maskota Didiho Senfta?<\/strong><br \/>\n<em>\u201eDidi the Devil\u201c je plne \u201cvybookovan\u00fd\u201d a\u00a0bola to \u010dere\u0161ni\u010dka na torte za odveden\u00fa pr\u00e1cu. Vzniklo to po\u010das pracovn\u00fdch stretnut\u00ed v\u00a0Par\u00ed\u017ei, kde sa preberali detaily akcie a\u00a0chalani z\u00a0teamu po\u017eiadali o\u00a0mo\u017enos\u0165 z\u00edska\u0165 aj Didiho, \u010do sa nakoniec podarilo a\u00a0mus\u00edte uzna\u0165, \u017ee t\u00e1to legend\u00e1rna postavi\u010dka Tour de France si z\u00edskala po\u010das svojho pobytu na Slovensku srdcia v\u0161etk\u00fdch.<\/em><\/p>\n<p><a href=\"https:\/\/d2p6e6u75xmxt8.cloudfront.net\/4\/2021\/08\/21_Ako-sa-vam-podarilo-na-preteky-stiahnut-maskota-Devila.jpg\"><img loading=\"lazy\" decoding=\"async\" class=\"alignnone size-full wp-image-12794\" src=\"https:\/\/d2p6e6u75xmxt8.cloudfront.net\/4\/2021\/08\/21_Ako-sa-vam-podarilo-na-preteky-stiahnut-maskota-Devila.jpg\" alt=\"\" width=\"1200\" height=\"800\" \/><\/a><\/p>\n<p><strong>Ako hodnot\u00ed\u0161 preteky ty a\u00a0ako ich zhodnotila medzin\u00e1rodn\u00e1 komisia pre L\u2019Etape? <\/strong><br \/>\n<em>Za m\u0148a si mysl\u00edm, \u017ee sme to zvl\u00e1dli na TOP \u00farovni, pri\u010dom preteky boli takto vyhodnoten\u00e9 aj komisiou priamo z\u00a0Franc\u00fazska, ako jedny z\u00a0najlep\u0161\u00edch glob\u00e1lne.<\/em><\/p>\n<p><a href=\"https:\/\/d2p6e6u75xmxt8.cloudfront.net\/4\/2021\/08\/23_ako-hodnotis-preteky.jpg.jpg\"><img loading=\"lazy\" decoding=\"async\" class=\"alignnone size-full wp-image-12795\" src=\"https:\/\/d2p6e6u75xmxt8.cloudfront.net\/4\/2021\/08\/23_ako-hodnotis-preteky.jpg.jpg\" alt=\"\" width=\"1200\" height=\"800\" \/><\/a><\/p>\n<p><em>Tie\u017e sme boli vyhodnoten\u00ed\u00a0ako najlep\u0161\u00ed nov\u00e1\u010dik v\u00a0celej hist\u00f3rii. Samozrejme z\u00e1stupcovia Franc\u00fazska tu boli osobne a\u00a0podujatie hodnotili pod\u013ea pr\u00edsnych krit\u00e9ri\u00ed.<\/em><\/p>\n<div class=\"shortcode-ys-post-pinup\"><article class=\"loop-simple post-12728 post type-post status-publish format-standard has-post-thumbnail hentry category-cestna-cyklisitika category-letape-slovakia category-podujatia tag-bratislava tag-cestna-cyklistika tag-etapove-preteky tag-jazda-v-pelotone tag-letape-slovakia tag-letape-slovakia-by-tour-de-france tag-podujatia tag-preteky tag-sezona-2021 tag-skoda tag-skoda-auto tag-skoda-tim tag-slovensko tag-vitaz global-categories-cycling\" data-postid=\"12728\" role=\"article\" data-post-id=\"12728\" data-word-count=\"498\" data-headline-length=\"71\" data-category=\"Cestn\u00e1 cyklistika\" data-global-category=\"Cycling\" data-author=\"Barbora \u0160uchov\u00e1\" data-published=\"2021-08-25T17:00:32+02:00\" data-published-day=\"Wednesday\">\n    <div class=\"entry-thumbnail article-thumbnail\" content=\"https:\/\/d2p6e6u75xmxt8.cloudfront.net\/4\/2021\/08\/letape_slovakia_00-150x150.webp\"><a href=\"https:\/\/www.welovecycling.com\/sk\/2021\/08\/25\/l%ca%b9-etape-slovakia-prvykrat-v-kozi-pretekara-tour-de-france\/\" class=\"image-holder\" target=\"_self\"><img decoding=\"async\" loading=\"lazy\" class=\"\" src=\"https:\/\/d2p6e6u75xmxt8.cloudfront.net\/4\/2021\/08\/letape_slovakia_00-1024x445.webp\" srcset=\"https:\/\/d2p6e6u75xmxt8.cloudfront.net\/4\/2021\/08\/letape_slovakia_00.webp 1380w, https:\/\/d2p6e6u75xmxt8.cloudfront.net\/4\/2021\/08\/letape_slovakia_00-300x130.webp 300w, https:\/\/d2p6e6u75xmxt8.cloudfront.net\/4\/2021\/08\/letape_slovakia_00-1024x445.webp 1024w, https:\/\/d2p6e6u75xmxt8.cloudfront.net\/4\/2021\/08\/letape_slovakia_00-768x334.webp 768w\" width=\"1024\" height=\"445\" sizes=\"auto, (min-width: 1200px) 460px, (min-width: 768px) 38vw, 100vw\" alt=\"l%ca%b9-etape-slovakia-prvykrat-v-kozi-pretekara-tour-de-france\"\/><\/a><\/div>    <div class=\"entry-meta\">\n        <a class=\"label label-secondary post-category\" href=\"https:\/\/www.welovecycling.com\/sk\/category\/cestna-cyklisitika\/\" title=\"Cestn\u00e1 cyklistika\">Cestn\u00e1 cyklistika<\/a>\n    <\/div>\n    <div class=\"entry-details\">\n        <a href=\"https:\/\/www.welovecycling.com\/sk\/2021\/08\/25\/l%ca%b9-etape-slovakia-prvykrat-v-kozi-pretekara-tour-de-france\/\" class='entry-title-wrapper'>\n            <h3 class=\"entry-title\"><span>L\u0374 Etape Slovakia &#8211; Prv\u00fdkr\u00e1t v ko\u017ei pretek\u00e1ra Tour de France<\/span><\/h3>\n        <\/a>\n    <\/div>\n    <\/article>\n<\/div>\n<p><strong>Ako vid\u00ed\u0161 preteky v\u00a0bud\u00facnosti?<br \/>\n<\/strong><em>Aj ke\u010f sme sa sna\u017eili vychyta\u0165 v\u0161etky detaily, st\u00e1le sa n\u00e1jdu nejak\u00e9 n\u00e1pady a\u00a0zlep\u0161enia, ktor\u00e9 chceme zakomponova\u0165 do bud\u00facich ro\u010dn\u00edkov. Trochu si odd\u00fdchneme, aj ke\u010f chalani v\u00a0s\u00fa\u010dasnosti oddychuj\u00fa dos\u0165 akt\u00edvne, preto\u017ee pripravuj\u00fa be\u017eeck\u00e9 preteky. Potom si v k\u013eude sadneme a\u00a0pust\u00edme sa do pr\u00edprav na \u010fal\u0161\u00ed ro\u010dn\u00edk.<\/em><\/p>\n<p><a href=\"https:\/\/d2p6e6u75xmxt8.cloudfront.net\/4\/2021\/08\/24_ako-vidis-preteky-v-buducnosti.jpg.jpg\"><img loading=\"lazy\" decoding=\"async\" class=\"alignnone size-full wp-image-12796\" src=\"https:\/\/d2p6e6u75xmxt8.cloudfront.net\/4\/2021\/08\/24_ako-vidis-preteky-v-buducnosti.jpg.jpg\" alt=\"\" width=\"1200\" height=\"800\" \/><\/a><\/p>\n<p><em>Nakoniec by som sa chcel po\u010fakova\u0165 v\u0161etk\u00fdm, ktor\u00ed \u010do i\u00a0len mal\u00fdm dielom pomohli s\u00a0touto n\u00e1ro\u010dnou sklada\u010dkou. Teda z\u00e1stupcom, mest\u00e1m, dedin\u00e1m, dobrovo\u013en\u00edkom, starostom, ministerstvu dopravy, pol\u00edcii, zdravotn\u00edkom, z\u00e1stupcom lesov, sponzorom bratom Velitsovcom, mechani\u010d\u00e1kom a\u00a0predov\u0161etk\u00fdm cyklistom, ktor\u00ed boli hlavn\u00fdmi postavami v\u00a0tomto pr\u00edbehu.<\/em><\/p>\n<p>Zdroj fotiek: Facebook L\u2019Etape, Peter Dole\u017eal, Jozef Tvrd\u00fd<\/p>\n","protected":false},"excerpt":{"rendered":"<p>Po\u010fme sa spolu pozrie\u0165 na preteky z poh\u013eadu organiz\u00e1tora, kedy sa po prv\u00fdkr\u00e1t v\u00a0hist\u00f3rii Slovenska v\u00a0na\u0161om hlavnom meste uskuto\u010dnila L\u2019Etape [&hellip;]<\/p>\n","protected":false},"author":166,"featured_media":12771,"comment_status":"open","ping_status":"open","sticky":false,"template":"","format":"standard","meta":{"footnotes":""},"categories":[4,1350],"tags":[160,115,331,1351,1372,37,179,501,542,1259,92,523,20,269],"global-categories":[1074],"class_list":["post-12767","post","type-post","status-publish","format-standard","has-post-thumbnail","hentry","category-cestna-cyklisitika","category-letape-slovakia","tag-bora-hansgrohe","tag-cestna-cyklistika","tag-etapove-preteky","tag-letape-slovakia","tag-letape-slovakia-by-tour-de-france","tag-podujatia","tag-preteky","tag-rozhovor","tag-skoda","tag-skoda-enyaq-iv","tag-skoda-tim","tag-slovensko","tag-tour-de-france","tag-vitaz","global-categories-cycling"],"yoast_head":"<!-- This site is optimized with the Yoast SEO Premium plugin v25.3 (Yoast SEO v25.9) - https:\/\/yoast.com\/wordpress\/plugins\/seo\/ -->\n<title>Slovensk\u00e1 Tour de France \u2013 z\u00e1kulisie pretekov - We Love Cycling<\/title>\n<meta name=\"description\" content=\"Podujatie m\u00e1 po celom svete dlhodob\u00fa trad\u00edciu, cie\u013eom je prenies\u0165 atmosf\u00e9ru z\u00a0ozajstnej Tour de France do svojej krajiny.\" \/>\n<meta name=\"robots\" content=\"index, follow, max-snippet:-1, max-image-preview:large, max-video-preview:-1\" \/>\n<link rel=\"canonical\" href=\"https:\/\/www.welovecycling.com\/sk\/2021\/09\/01\/slovenska-tour-de-france-pohlad-do-zakulisia-pretekov\/\" \/>\n<meta property=\"og:locale\" content=\"sk_SK\" \/>\n<meta property=\"og:type\" content=\"article\" \/>\n<meta property=\"og:title\" content=\"Slovensk\u00e1 Tour de France \u2013 poh\u013ead do z\u00e1kulisia pretekov\" \/>\n<meta property=\"og:description\" content=\"Podujatie m\u00e1 po celom svete dlhodob\u00fa trad\u00edciu, cie\u013eom je prenies\u0165 atmosf\u00e9ru z\u00a0ozajstnej Tour de France do svojej krajiny.\" \/>\n<meta property=\"og:url\" content=\"https:\/\/www.welovecycling.com\/sk\/2021\/09\/01\/slovenska-tour-de-france-pohlad-do-zakulisia-pretekov\/\" \/>\n<meta property=\"og:site_name\" content=\"\u0160koda We Love Cycling Slovensko\" \/>\n<meta property=\"article:published_time\" content=\"2021-09-01T08:00:05+00:00\" \/>\n<meta property=\"article:modified_time\" content=\"2023-06-30T08:45:30+00:00\" \/>\n<meta property=\"og:image\" content=\"https:\/\/d2p6e6u75xmxt8.cloudfront.net\/4\/2021\/08\/LEtape_00.webp\" \/>\n\t<meta property=\"og:image:width\" content=\"1380\" \/>\n\t<meta property=\"og:image:height\" content=\"600\" \/>\n\t<meta property=\"og:image:type\" content=\"image\/webp\" \/>\n<meta name=\"author\" content=\"davidlysnar\" \/>\n<meta name=\"twitter:card\" content=\"summary_large_image\" \/>\n<meta name=\"twitter:label1\" content=\"Written by\" \/>\n\t<meta name=\"twitter:data1\" content=\"Barbora \u0160uchov\u00e1\" \/>\n\t<meta name=\"twitter:label2\" content=\"Est. reading time\" \/>\n\t<meta name=\"twitter:data2\" content=\"4\" \/>\n<script type=\"application\/ld+json\" class=\"yoast-schema-graph\">{\"@context\":\"https:\/\/schema.org\",\"@graph\":[{\"@type\":\"WebPage\",\"@id\":\"https:\/\/www.welovecycling.com\/sk\/2021\/09\/01\/slovenska-tour-de-france-pohlad-do-zakulisia-pretekov\/\",\"url\":\"https:\/\/www.welovecycling.com\/sk\/2021\/09\/01\/slovenska-tour-de-france-pohlad-do-zakulisia-pretekov\/\",\"name\":\"Slovensk\u00e1 Tour de France \u2013 z\u00e1kulisie pretekov - We Love Cycling\",\"isPartOf\":{\"@id\":\"https:\/\/www.welovecycling.com\/sk\/#website\"},\"primaryImageOfPage\":{\"@id\":\"https:\/\/www.welovecycling.com\/sk\/2021\/09\/01\/slovenska-tour-de-france-pohlad-do-zakulisia-pretekov\/#primaryimage\"},\"image\":{\"@id\":\"https:\/\/www.welovecycling.com\/sk\/2021\/09\/01\/slovenska-tour-de-france-pohlad-do-zakulisia-pretekov\/#primaryimage\"},\"thumbnailUrl\":\"https:\/\/d2p6e6u75xmxt8.cloudfront.net\/4\/2021\/08\/LEtape_00.webp\",\"datePublished\":\"2021-09-01T08:00:05+00:00\",\"dateModified\":\"2023-06-30T08:45:30+00:00\",\"author\":{\"@id\":\"https:\/\/www.welovecycling.com\/sk\/#\/schema\/person\/5df994e9ebcd794daf3f66c90df416ae\"},\"description\":\"Podujatie m\u00e1 po celom svete dlhodob\u00fa trad\u00edciu, cie\u013eom je prenies\u0165 atmosf\u00e9ru z\u00a0ozajstnej Tour de France do svojej krajiny.\",\"breadcrumb\":{\"@id\":\"https:\/\/www.welovecycling.com\/sk\/2021\/09\/01\/slovenska-tour-de-france-pohlad-do-zakulisia-pretekov\/#breadcrumb\"},\"inLanguage\":\"sk-SK\",\"potentialAction\":[{\"@type\":\"ReadAction\",\"target\":[\"https:\/\/www.welovecycling.com\/sk\/2021\/09\/01\/slovenska-tour-de-france-pohlad-do-zakulisia-pretekov\/\"]}]},{\"@type\":\"ImageObject\",\"inLanguage\":\"sk-SK\",\"@id\":\"https:\/\/www.welovecycling.com\/sk\/2021\/09\/01\/slovenska-tour-de-france-pohlad-do-zakulisia-pretekov\/#primaryimage\",\"url\":\"https:\/\/d2p6e6u75xmxt8.cloudfront.net\/4\/2021\/08\/LEtape_00.webp\",\"contentUrl\":\"https:\/\/d2p6e6u75xmxt8.cloudfront.net\/4\/2021\/08\/LEtape_00.webp\",\"width\":1380,\"height\":600},{\"@type\":\"BreadcrumbList\",\"@id\":\"https:\/\/www.welovecycling.com\/sk\/2021\/09\/01\/slovenska-tour-de-france-pohlad-do-zakulisia-pretekov\/#breadcrumb\",\"itemListElement\":[{\"@type\":\"ListItem\",\"position\":1,\"name\":\"Home\",\"item\":\"https:\/\/www.welovecycling.com\/sk\/\"},{\"@type\":\"ListItem\",\"position\":2,\"name\":\"Slovensk\u00e1 Tour de France \u2013 poh\u013ead do z\u00e1kulisia pretekov\"}]},{\"@type\":\"WebSite\",\"@id\":\"https:\/\/www.welovecycling.com\/sk\/#website\",\"url\":\"https:\/\/www.welovecycling.com\/sk\/\",\"name\":\"\u0160koda We Love Cycling Slovensko\",\"description\":\"\u0160koda We Love Cycling Slovensko je v\u00e1\u0161 ka\u017edodenn\u00fd zdroj noviniek a in\u0161pir\u00e1cie z sveta cyklistiky\",\"potentialAction\":[{\"@type\":\"SearchAction\",\"target\":{\"@type\":\"EntryPoint\",\"urlTemplate\":\"https:\/\/www.welovecycling.com\/sk\/?s={search_term_string}\"},\"query-input\":{\"@type\":\"PropertyValueSpecification\",\"valueRequired\":true,\"valueName\":\"search_term_string\"}}],\"inLanguage\":\"sk-SK\"},{\"@type\":\"Person\",\"@id\":\"https:\/\/www.welovecycling.com\/sk\/#\/schema\/person\/5df994e9ebcd794daf3f66c90df416ae\",\"name\":\"davidlysnar\",\"image\":{\"@type\":\"ImageObject\",\"inLanguage\":\"sk-SK\",\"@id\":\"https:\/\/www.welovecycling.com\/sk\/#\/schema\/person\/image\/\",\"url\":\"https:\/\/secure.gravatar.com\/avatar\/a7bdd3523c15587fa90134724116797f20b7bb896bbe16df3c6f27853de0b36f?s=96&d=mm&r=g\",\"contentUrl\":\"https:\/\/secure.gravatar.com\/avatar\/a7bdd3523c15587fa90134724116797f20b7bb896bbe16df3c6f27853de0b36f?s=96&d=mm&r=g\",\"caption\":\"davidlysnar\"},\"url\":\"https:\/\/www.welovecycling.com\/sk\/author\/davidlysnar\/\"}]}<\/script>\n<!-- \/ Yoast SEO Premium plugin. -->","yoast_head_json":{"title":"Slovensk\u00e1 Tour de France \u2013 z\u00e1kulisie pretekov - We Love Cycling","description":"Podujatie m\u00e1 po celom svete dlhodob\u00fa trad\u00edciu, cie\u013eom je prenies\u0165 atmosf\u00e9ru z\u00a0ozajstnej Tour de France do svojej krajiny.","robots":{"index":"index","follow":"follow","max-snippet":"max-snippet:-1","max-image-preview":"max-image-preview:large","max-video-preview":"max-video-preview:-1"},"canonical":"https:\/\/www.welovecycling.com\/sk\/2021\/09\/01\/slovenska-tour-de-france-pohlad-do-zakulisia-pretekov\/","og_locale":"sk_SK","og_type":"article","og_title":"Slovensk\u00e1 Tour de France \u2013 poh\u013ead do z\u00e1kulisia pretekov","og_description":"Podujatie m\u00e1 po celom svete dlhodob\u00fa trad\u00edciu, cie\u013eom je prenies\u0165 atmosf\u00e9ru z\u00a0ozajstnej Tour de France do svojej krajiny.","og_url":"https:\/\/www.welovecycling.com\/sk\/2021\/09\/01\/slovenska-tour-de-france-pohlad-do-zakulisia-pretekov\/","og_site_name":"\u0160koda We Love Cycling Slovensko","article_published_time":"2021-09-01T08:00:05+00:00","article_modified_time":"2023-06-30T08:45:30+00:00","og_image":[{"width":1380,"height":600,"url":"https:\/\/d2p6e6u75xmxt8.cloudfront.net\/4\/2021\/08\/LEtape_00.webp","type":"image\/webp"}],"author":"davidlysnar","twitter_card":"summary_large_image","twitter_misc":{"Written by":"Barbora \u0160uchov\u00e1","Est. reading time":"4"},"schema":{"@context":"https:\/\/schema.org","@graph":[{"@type":"WebPage","@id":"https:\/\/www.welovecycling.com\/sk\/2021\/09\/01\/slovenska-tour-de-france-pohlad-do-zakulisia-pretekov\/","url":"https:\/\/www.welovecycling.com\/sk\/2021\/09\/01\/slovenska-tour-de-france-pohlad-do-zakulisia-pretekov\/","name":"Slovensk\u00e1 Tour de France \u2013 z\u00e1kulisie pretekov - We Love Cycling","isPartOf":{"@id":"https:\/\/www.welovecycling.com\/sk\/#website"},"primaryImageOfPage":{"@id":"https:\/\/www.welovecycling.com\/sk\/2021\/09\/01\/slovenska-tour-de-france-pohlad-do-zakulisia-pretekov\/#primaryimage"},"image":{"@id":"https:\/\/www.welovecycling.com\/sk\/2021\/09\/01\/slovenska-tour-de-france-pohlad-do-zakulisia-pretekov\/#primaryimage"},"thumbnailUrl":"https:\/\/d2p6e6u75xmxt8.cloudfront.net\/4\/2021\/08\/LEtape_00.webp","datePublished":"2021-09-01T08:00:05+00:00","dateModified":"2023-06-30T08:45:30+00:00","author":{"@id":"https:\/\/www.welovecycling.com\/sk\/#\/schema\/person\/5df994e9ebcd794daf3f66c90df416ae"},"description":"Podujatie m\u00e1 po celom svete dlhodob\u00fa trad\u00edciu, cie\u013eom je prenies\u0165 atmosf\u00e9ru z\u00a0ozajstnej Tour de France do svojej krajiny.","breadcrumb":{"@id":"https:\/\/www.welovecycling.com\/sk\/2021\/09\/01\/slovenska-tour-de-france-pohlad-do-zakulisia-pretekov\/#breadcrumb"},"inLanguage":"sk-SK","potentialAction":[{"@type":"ReadAction","target":["https:\/\/www.welovecycling.com\/sk\/2021\/09\/01\/slovenska-tour-de-france-pohlad-do-zakulisia-pretekov\/"]}]},{"@type":"ImageObject","inLanguage":"sk-SK","@id":"https:\/\/www.welovecycling.com\/sk\/2021\/09\/01\/slovenska-tour-de-france-pohlad-do-zakulisia-pretekov\/#primaryimage","url":"https:\/\/d2p6e6u75xmxt8.cloudfront.net\/4\/2021\/08\/LEtape_00.webp","contentUrl":"https:\/\/d2p6e6u75xmxt8.cloudfront.net\/4\/2021\/08\/LEtape_00.webp","width":1380,"height":600},{"@type":"BreadcrumbList","@id":"https:\/\/www.welovecycling.com\/sk\/2021\/09\/01\/slovenska-tour-de-france-pohlad-do-zakulisia-pretekov\/#breadcrumb","itemListElement":[{"@type":"ListItem","position":1,"name":"Home","item":"https:\/\/www.welovecycling.com\/sk\/"},{"@type":"ListItem","position":2,"name":"Slovensk\u00e1 Tour de France \u2013 poh\u013ead do z\u00e1kulisia pretekov"}]},{"@type":"WebSite","@id":"https:\/\/www.welovecycling.com\/sk\/#website","url":"https:\/\/www.welovecycling.com\/sk\/","name":"\u0160koda We Love Cycling Slovensko","description":"\u0160koda We Love Cycling Slovensko je v\u00e1\u0161 ka\u017edodenn\u00fd zdroj noviniek a in\u0161pir\u00e1cie z sveta cyklistiky","potentialAction":[{"@type":"SearchAction","target":{"@type":"EntryPoint","urlTemplate":"https:\/\/www.welovecycling.com\/sk\/?s={search_term_string}"},"query-input":{"@type":"PropertyValueSpecification","valueRequired":true,"valueName":"search_term_string"}}],"inLanguage":"sk-SK"},{"@type":"Person","@id":"https:\/\/www.welovecycling.com\/sk\/#\/schema\/person\/5df994e9ebcd794daf3f66c90df416ae","name":"davidlysnar","image":{"@type":"ImageObject","inLanguage":"sk-SK","@id":"https:\/\/www.welovecycling.com\/sk\/#\/schema\/person\/image\/","url":"https:\/\/secure.gravatar.com\/avatar\/a7bdd3523c15587fa90134724116797f20b7bb896bbe16df3c6f27853de0b36f?s=96&d=mm&r=g","contentUrl":"https:\/\/secure.gravatar.com\/avatar\/a7bdd3523c15587fa90134724116797f20b7bb896bbe16df3c6f27853de0b36f?s=96&d=mm&r=g","caption":"davidlysnar"},"url":"https:\/\/www.welovecycling.com\/sk\/author\/davidlysnar\/"}]}},"_links":{"self":[{"href":"https:\/\/www.welovecycling.com\/sk\/wp-json\/wp\/v2\/posts\/12767","targetHints":{"allow":["GET"]}}],"collection":[{"href":"https:\/\/www.welovecycling.com\/sk\/wp-json\/wp\/v2\/posts"}],"about":[{"href":"https:\/\/www.welovecycling.com\/sk\/wp-json\/wp\/v2\/types\/post"}],"author":[{"embeddable":true,"href":"https:\/\/www.welovecycling.com\/sk\/wp-json\/wp\/v2\/users\/166"}],"replies":[{"embeddable":true,"href":"https:\/\/www.welovecycling.com\/sk\/wp-json\/wp\/v2\/comments?post=12767"}],"version-history":[{"count":2,"href":"https:\/\/www.welovecycling.com\/sk\/wp-json\/wp\/v2\/posts\/12767\/revisions"}],"predecessor-version":[{"id":13147,"href":"https:\/\/www.welovecycling.com\/sk\/wp-json\/wp\/v2\/posts\/12767\/revisions\/13147"}],"wp:featuredmedia":[{"embeddable":true,"href":"https:\/\/www.welovecycling.com\/sk\/wp-json\/wp\/v2\/media\/12771"}],"wp:attachment":[{"href":"https:\/\/www.welovecycling.com\/sk\/wp-json\/wp\/v2\/media?parent=12767"}],"wp:term":[{"taxonomy":"category","embeddable":true,"href":"https:\/\/www.welovecycling.com\/sk\/wp-json\/wp\/v2\/categories?post=12767"},{"taxonomy":"post_tag","embeddable":true,"href":"https:\/\/www.welovecycling.com\/sk\/wp-json\/wp\/v2\/tags?post=12767"},{"taxonomy":"global-categories","embeddable":true,"href":"https:\/\/www.welovecycling.com\/sk\/wp-json\/wp\/v2\/global-categories?post=12767"}],"curies":[{"name":"wp","href":"https:\/\/api.w.org\/{rel}","templated":true}]}}