{"id":1275,"date":"2017-06-29T01:41:02","date_gmt":"2017-06-28T23:41:02","guid":{"rendered":"https:\/\/www.welovecycling.com\/sk\/?p=1275"},"modified":"2017-12-18T13:11:35","modified_gmt":"2017-12-18T12:11:35","slug":"zaujimave-etapy-tour-de-france-2017","status":"publish","type":"post","link":"https:\/\/www.welovecycling.com\/sk\/2017\/06\/29\/zaujimave-etapy-tour-de-france-2017\/","title":{"rendered":"Zauj\u00edmav\u00e9 etapy na Tour de France 2017"},"content":{"rendered":"<p><strong>Christian Prudhomme navrhol tohtoro\u010dn\u00fa Tour tak, aby bola pretekmi <em>,,otvorenej\u0161\u00edmi a menej regulovan\u00fdmi, s cie\u013eom znovuobjavi\u0165 cyklistiku v duchu p\u00e4\u0165n\u00e1sobn\u00e9ho v\u00ed\u0165aza Tour Bernarda Hinaulta\u201c<\/em>. Po\u010fme sa preto bli\u017e\u0161ie pozrie\u0165 na niektor\u00e9 z najzauj\u00edmavej\u0161\u00edch et\u00e1p.<\/strong><\/p>\n<p><!--more--><\/p>\n<h2><strong>Etapa 1: D\u00fcsseldorf &#8211; 13,8 km ITT<\/strong><\/h2>\n<p>Tento rok toho \u0161pecialistom na \u010dasovky ve\u013ea nepon\u00faka &#8211; celkovo iba 36 km, pri\u010dom v Marseille je len jedna \u010fal\u0161ia etapa. Je zauj\u00edmav\u00e9, \u017ee sa Tour otv\u00e1ra \u010dasovkou jednotlivcov po prv\u00fdkr\u00e1t od roku 2013.<\/p>\n<p><img decoding=\"async\" src=\"https:\/\/d2p6e6u75xmxt8.cloudfront.net\/2\/2017\/06\/CARTE.jpg\" alt=\"\" \/><\/p>\n<p>Froome uviedol, \u017ee Le Tour 2017 bude pretekmi, ktor\u00e9 sa <em>,,vyhraj\u00fa alebo prehraj\u00fa v\u00a0hor\u00e1ch\u201c<\/em>. Ked\u017ee Froome je ve\u013emi dobr\u00fd \u010dasovk\u00e1r, t\u00e1to etapa by ho mohla zv\u00e1dza\u0165 k tomu, aby potvrdil svoju dominanciu a s\u00fastredil sa od za\u010diatku na \u017elt\u00fd dres \u2013 no proti nemu bude st\u00e1\u0165 mno\u017estvo \u201e\u0161pecialistov\u201c.<\/p>\n<h2><strong>Etapa 2: D\u00fcsseldorf &#8211; Li\u00e8ge &#8211; 202 km<\/strong><\/h2>\n<p>Ka\u017ed\u00fd dr\u017e\u00ed palce Markovi Cavendishovi, aby dok\u00e1zal vyhra\u0165 \u010fal\u0161ie etapy na Tour &#8211; ch\u00fdbaj\u00fa mu len 4 etapov\u00e9 v\u00ed\u0165azstv\u00e1 na rekordn\u00fdch 34 v\u00fdhier Eddieho Merckxa. Cavendish m\u00e1 9 mo\u017enost\u00ed (et\u00e1p), ktor\u00e9 sa mu dokonale hodia na to, aby tento rekord sk\u00fasil prekona\u0165.<\/p>\n<p><img decoding=\"async\" src=\"https:\/\/d2p6e6u75xmxt8.cloudfront.net\/2\/2017\/06\/CARTE-1.jpg\" alt=\"\" \/><\/p>\n<p>Li\u00e8ge predstavuje prv\u00fa z t\u00fdchto pr\u00edle\u017eitost\u00ed a vzbudzuje dojem jarnej klasiky so z\u00e1vere\u010dn\u00fdm hromadn\u00fdm \u0161purtom, pri\u010dom podobn\u00fd scen\u00e1r m\u00f4\u017eete o\u010dak\u00e1va\u0165 aj pri 3. etape kon\u010diacej v Longwy.<\/p>\n<h2><strong>Etapa 12: Pau &#8211; Peyragudes &#8211; 214 km (cie\u013e na vrchole)<\/strong><\/h2>\n<p>Hoci z\u00e1vere\u010dn\u00fd v\u00fdstup do Peyragudes nie je tak\u00fd ikonick\u00fd ako Tourmalet alebo Aubisque, predstavuje viac ako 200 km poriadne n\u00e1ro\u010dnej cyklistiky. Po\u010das tejto epickej etapy bude pelot\u00f3n musie\u0165 zvl\u00e1dnu\u0165 5 kategorizovan\u00fdch st\u00fapan\u00ed.<\/p>\n<p><img decoding=\"async\" src=\"https:\/\/d2p6e6u75xmxt8.cloudfront.net\/2\/2017\/06\/PROFIL-1.png\" alt=\"\" \/><\/p>\n<p>Videli sme, ako sebaisto sa Froome c\u00edtil pri ne\u010dakanom \u00fatoku na\u0148ho po\u010das klesania z Peyresourde v roku 2016; ak s\u00a0n\u00edm s\u00faperi nebud\u00fa vedie\u0165 dr\u017ea\u0165 krok, op\u00e4\u0165 by mohol dosta\u0165 \u0161ancu a z\u00edska\u0165 sekundy v boji o \u017elt\u00fd dres.<\/p>\n<h2><strong>Etapa 17: La Mure &#8211; Serre Chevalier &#8211; 183 km<\/strong><\/h2>\n<p>Kv\u00f4li priesmyku Col du Galibier je to nez\u00e1videniahodn\u00fd za\u010diatok 2. \u010dasti v Alp\u00e1ch. V roku 2015 zosuvy p\u00f4dy sp\u00f4sobili, \u017ee pl\u00e1novan\u00fd cie\u013e bol presunut\u00fd z Galibier na Croix-de-Fer. Cez ten sa bude prech\u00e1dza\u0165 aj tento rok.<\/p>\n<p><img decoding=\"async\" src=\"https:\/\/d2p6e6u75xmxt8.cloudfront.net\/2\/2017\/06\/PROFIL-2.png\" alt=\"\" \/><\/p>\n<p>Prv\u00fd, kto dosiahne vrchol Galibieru, vyhr\u00e1 cenu Prix Henri Desgrange, \u010do je \u010destn\u00e1 cena za dosiahnutie najvy\u0161\u0161ieho bodu pretekov.<\/p>\n<h2><strong>Etapa 20: Marseille ITT &#8211; 23 km<\/strong><\/h2>\n<p>Predposledn\u00e1 etapa je dos\u0165 kr\u00e1tka na to, aby na posledn\u00fa chv\u00ed\u013eu sp\u00f4sobila prevrat. Nie je to ni\u010d nev\u00eddan\u00e9, aby \u010dasovka bezprostredne predch\u00e1dzala z\u00e1vere\u010dnej etape v Par\u00ed\u017ei. Len\u017ee k tomu treba prir\u00e1ta\u0165 aj 17-percentn\u00fd v\u00fdstup na La Garde; a\u00a0tak nezost\u00e1va ni\u010d in\u00e9, ako len d\u00fafa\u0165, \u017ee sprievodn\u00e9 vozidl\u00e1 v pretekoch bud\u00fa ma\u0165 dos\u0165 paliva v n\u00e1dr\u017ei.<\/p>\n<p><img decoding=\"async\" src=\"https:\/\/d2p6e6u75xmxt8.cloudfront.net\/2\/2017\/06\/CARTE-2.jpg\" alt=\"\" \/><\/p>\n<p>Tour je aj o\u00a0psychike a\u00a0prekonan\u00ed seba sam\u00e9ho, \u010do plat\u00ed najm\u00e4 pre Frooma ako obhajcu, ktor\u00e9ho u\u017e v minulosti minim\u00e1lne raz opustili sily. \u00dapln\u00e9 vy\u010derpanie v tomto pr\u00edpade znamen\u00e1 jedin\u00e9 \u2013 prehru&#8230;<\/p>\n<h2><strong>Na Tour n\u00e1s toho \u010dak\u00e1 naozaj ve\u013ea, presved\u010dte sa sami<\/strong><\/h2>\n<lite-youtube videoid=aTM2EpAY97Q params=\"enablejsapi=1\" style=\"background-image: url('https:\/\/i.ytimg.com\/vi_webp\/aTM2EpAY97Q\/maxresdefault.webp');\"><\/lite-youtube>\n","protected":false},"excerpt":{"rendered":"<p>Christian Prudhomme navrhol tohtoro\u010dn\u00fa Tour tak, aby bola pretekmi ,,otvorenej\u0161\u00edmi a menej regulovan\u00fdmi, s cie\u013eom znovuobjavi\u0165 cyklistiku v duchu p\u00e4\u0165n\u00e1sobn\u00e9ho [&hellip;]<\/p>\n","protected":false},"author":38,"featured_media":1294,"comment_status":"open","ping_status":"open","sticky":false,"template":"","format":"standard","meta":{"footnotes":""},"categories":[4,117],"tags":[115,119,135,137,141,138,136,143,139,46,140,142,20,108],"global-categories":[],"class_list":["post-1275","post","type-post","status-publish","format-standard","has-post-thumbnail","hentry","category-cestna-cyklisitika","category-tour-de-france","tag-cestna-cyklistika","tag-chris-froome","tag-christian-prudhomme","tag-dusseldorf","tag-la-mure","tag-liege","tag-mark-cavendish","tag-marseille","tag-pau","tag-peter-sagan","tag-peyragudes","tag-serre-chevalier","tag-tour-de-france","tag-tour-de-france-2017"],"yoast_head":"<!-- This site is optimized with the Yoast SEO Premium plugin v25.3 (Yoast SEO v25.9) - https:\/\/yoast.com\/wordpress\/plugins\/seo\/ -->\n<title>Zauj\u00edmav\u00e9 etapy na Tour de France 2017 - \u0160koda We Love Cycling Slovensko<\/title>\n<meta name=\"robots\" content=\"index, follow, max-snippet:-1, max-image-preview:large, max-video-preview:-1\" \/>\n<link rel=\"canonical\" href=\"https:\/\/www.welovecycling.com\/sk\/2017\/06\/29\/zaujimave-etapy-tour-de-france-2017\/\" \/>\n<meta property=\"og:locale\" content=\"sk_SK\" \/>\n<meta property=\"og:type\" content=\"article\" \/>\n<meta property=\"og:title\" content=\"Zauj\u00edmav\u00e9 etapy na Tour de France 2017\" \/>\n<meta property=\"og:description\" content=\"Christian Prudhomme navrhol tohtoro\u010dn\u00fa Tour tak, aby bola pretekmi ,,otvorenej\u0161\u00edmi a menej regulovan\u00fdmi, s cie\u013eom znovuobjavi\u0165 cyklistiku v duchu p\u00e4\u0165n\u00e1sobn\u00e9ho [&hellip;]\" \/>\n<meta property=\"og:url\" content=\"https:\/\/www.welovecycling.com\/sk\/2017\/06\/29\/zaujimave-etapy-tour-de-france-2017\/\" \/>\n<meta property=\"og:site_name\" content=\"\u0160koda We Love Cycling Slovensko\" \/>\n<meta property=\"article:published_time\" content=\"2017-06-28T23:41:02+00:00\" \/>\n<meta property=\"article:modified_time\" content=\"2017-12-18T12:11:35+00:00\" \/>\n<meta property=\"og:image\" content=\"https:\/\/d2p6e6u75xmxt8.cloudfront.net\/4\/2017\/06\/Unknown-3.webp\" \/>\n\t<meta property=\"og:image:width\" content=\"1375\" \/>\n\t<meta property=\"og:image:height\" content=\"600\" \/>\n\t<meta property=\"og:image:type\" content=\"image\/webp\" \/>\n<meta name=\"author\" content=\"Ondrej Ga\u0161par\" \/>\n<meta name=\"twitter:card\" content=\"summary_large_image\" \/>\n<meta name=\"twitter:label1\" content=\"Written by\" \/>\n\t<meta name=\"twitter:data1\" content=\"We Love Cycling\" \/>\n\t<meta name=\"twitter:label2\" content=\"Est. reading time\" \/>\n\t<meta name=\"twitter:data2\" content=\"3 minutes\" \/>\n<script type=\"application\/ld+json\" class=\"yoast-schema-graph\">{\"@context\":\"https:\/\/schema.org\",\"@graph\":[{\"@type\":\"WebPage\",\"@id\":\"https:\/\/www.welovecycling.com\/sk\/2017\/06\/29\/zaujimave-etapy-tour-de-france-2017\/\",\"url\":\"https:\/\/www.welovecycling.com\/sk\/2017\/06\/29\/zaujimave-etapy-tour-de-france-2017\/\",\"name\":\"Zauj\u00edmav\u00e9 etapy na Tour de France 2017 - \u0160koda We Love Cycling Slovensko\",\"isPartOf\":{\"@id\":\"https:\/\/www.welovecycling.com\/sk\/#website\"},\"primaryImageOfPage\":{\"@id\":\"https:\/\/www.welovecycling.com\/sk\/2017\/06\/29\/zaujimave-etapy-tour-de-france-2017\/#primaryimage\"},\"image\":{\"@id\":\"https:\/\/www.welovecycling.com\/sk\/2017\/06\/29\/zaujimave-etapy-tour-de-france-2017\/#primaryimage\"},\"thumbnailUrl\":\"https:\/\/d2p6e6u75xmxt8.cloudfront.net\/4\/2017\/06\/Unknown-3.webp\",\"datePublished\":\"2017-06-28T23:41:02+00:00\",\"dateModified\":\"2017-12-18T12:11:35+00:00\",\"author\":{\"@id\":\"https:\/\/www.welovecycling.com\/sk\/#\/schema\/person\/8ee09ba39b7e25b1870160aa5b3a89bc\"},\"breadcrumb\":{\"@id\":\"https:\/\/www.welovecycling.com\/sk\/2017\/06\/29\/zaujimave-etapy-tour-de-france-2017\/#breadcrumb\"},\"inLanguage\":\"sk-SK\",\"potentialAction\":[{\"@type\":\"ReadAction\",\"target\":[\"https:\/\/www.welovecycling.com\/sk\/2017\/06\/29\/zaujimave-etapy-tour-de-france-2017\/\"]}]},{\"@type\":\"ImageObject\",\"inLanguage\":\"sk-SK\",\"@id\":\"https:\/\/www.welovecycling.com\/sk\/2017\/06\/29\/zaujimave-etapy-tour-de-france-2017\/#primaryimage\",\"url\":\"https:\/\/d2p6e6u75xmxt8.cloudfront.net\/4\/2017\/06\/Unknown-3.webp\",\"contentUrl\":\"https:\/\/d2p6e6u75xmxt8.cloudfront.net\/4\/2017\/06\/Unknown-3.webp\",\"width\":1375,\"height\":600},{\"@type\":\"BreadcrumbList\",\"@id\":\"https:\/\/www.welovecycling.com\/sk\/2017\/06\/29\/zaujimave-etapy-tour-de-france-2017\/#breadcrumb\",\"itemListElement\":[{\"@type\":\"ListItem\",\"position\":1,\"name\":\"Home\",\"item\":\"https:\/\/www.welovecycling.com\/sk\/\"},{\"@type\":\"ListItem\",\"position\":2,\"name\":\"Zauj\u00edmav\u00e9 etapy na Tour de France 2017\"}]},{\"@type\":\"WebSite\",\"@id\":\"https:\/\/www.welovecycling.com\/sk\/#website\",\"url\":\"https:\/\/www.welovecycling.com\/sk\/\",\"name\":\"\u0160koda We Love Cycling Slovensko\",\"description\":\"\u0160koda We Love Cycling Slovensko je v\u00e1\u0161 ka\u017edodenn\u00fd zdroj noviniek a in\u0161pir\u00e1cie z sveta cyklistiky\",\"potentialAction\":[{\"@type\":\"SearchAction\",\"target\":{\"@type\":\"EntryPoint\",\"urlTemplate\":\"https:\/\/www.welovecycling.com\/sk\/?s={search_term_string}\"},\"query-input\":{\"@type\":\"PropertyValueSpecification\",\"valueRequired\":true,\"valueName\":\"search_term_string\"}}],\"inLanguage\":\"sk-SK\"},{\"@type\":\"Person\",\"@id\":\"https:\/\/www.welovecycling.com\/sk\/#\/schema\/person\/8ee09ba39b7e25b1870160aa5b3a89bc\",\"name\":\"Ondrej Ga\u0161par\",\"image\":{\"@type\":\"ImageObject\",\"inLanguage\":\"sk-SK\",\"@id\":\"https:\/\/www.welovecycling.com\/sk\/#\/schema\/person\/image\/\",\"url\":\"https:\/\/secure.gravatar.com\/avatar\/6126c9afb87b70da5abbb083ddbb21933da15f18f8ca7cb822aba0fb096a48f6?s=96&d=mm&r=g\",\"contentUrl\":\"https:\/\/secure.gravatar.com\/avatar\/6126c9afb87b70da5abbb083ddbb21933da15f18f8ca7cb822aba0fb096a48f6?s=96&d=mm&r=g\",\"caption\":\"Ondrej Ga\u0161par\"},\"url\":\"https:\/\/www.welovecycling.com\/sk\/author\/ondrejgaspar\/\"}]}<\/script>\n<!-- \/ Yoast SEO Premium plugin. -->","yoast_head_json":{"title":"Zauj\u00edmav\u00e9 etapy na Tour de France 2017 - \u0160koda We Love Cycling Slovensko","robots":{"index":"index","follow":"follow","max-snippet":"max-snippet:-1","max-image-preview":"max-image-preview:large","max-video-preview":"max-video-preview:-1"},"canonical":"https:\/\/www.welovecycling.com\/sk\/2017\/06\/29\/zaujimave-etapy-tour-de-france-2017\/","og_locale":"sk_SK","og_type":"article","og_title":"Zauj\u00edmav\u00e9 etapy na Tour de France 2017","og_description":"Christian Prudhomme navrhol tohtoro\u010dn\u00fa Tour tak, aby bola pretekmi ,,otvorenej\u0161\u00edmi a menej regulovan\u00fdmi, s cie\u013eom znovuobjavi\u0165 cyklistiku v duchu p\u00e4\u0165n\u00e1sobn\u00e9ho [&hellip;]","og_url":"https:\/\/www.welovecycling.com\/sk\/2017\/06\/29\/zaujimave-etapy-tour-de-france-2017\/","og_site_name":"\u0160koda We Love Cycling Slovensko","article_published_time":"2017-06-28T23:41:02+00:00","article_modified_time":"2017-12-18T12:11:35+00:00","og_image":[{"width":1375,"height":600,"url":"https:\/\/d2p6e6u75xmxt8.cloudfront.net\/4\/2017\/06\/Unknown-3.webp","type":"image\/webp"}],"author":"Ondrej Ga\u0161par","twitter_card":"summary_large_image","twitter_misc":{"Written by":"We Love Cycling","Est. reading time":"3 minutes"},"schema":{"@context":"https:\/\/schema.org","@graph":[{"@type":"WebPage","@id":"https:\/\/www.welovecycling.com\/sk\/2017\/06\/29\/zaujimave-etapy-tour-de-france-2017\/","url":"https:\/\/www.welovecycling.com\/sk\/2017\/06\/29\/zaujimave-etapy-tour-de-france-2017\/","name":"Zauj\u00edmav\u00e9 etapy na Tour de France 2017 - \u0160koda We Love Cycling Slovensko","isPartOf":{"@id":"https:\/\/www.welovecycling.com\/sk\/#website"},"primaryImageOfPage":{"@id":"https:\/\/www.welovecycling.com\/sk\/2017\/06\/29\/zaujimave-etapy-tour-de-france-2017\/#primaryimage"},"image":{"@id":"https:\/\/www.welovecycling.com\/sk\/2017\/06\/29\/zaujimave-etapy-tour-de-france-2017\/#primaryimage"},"thumbnailUrl":"https:\/\/d2p6e6u75xmxt8.cloudfront.net\/4\/2017\/06\/Unknown-3.webp","datePublished":"2017-06-28T23:41:02+00:00","dateModified":"2017-12-18T12:11:35+00:00","author":{"@id":"https:\/\/www.welovecycling.com\/sk\/#\/schema\/person\/8ee09ba39b7e25b1870160aa5b3a89bc"},"breadcrumb":{"@id":"https:\/\/www.welovecycling.com\/sk\/2017\/06\/29\/zaujimave-etapy-tour-de-france-2017\/#breadcrumb"},"inLanguage":"sk-SK","potentialAction":[{"@type":"ReadAction","target":["https:\/\/www.welovecycling.com\/sk\/2017\/06\/29\/zaujimave-etapy-tour-de-france-2017\/"]}]},{"@type":"ImageObject","inLanguage":"sk-SK","@id":"https:\/\/www.welovecycling.com\/sk\/2017\/06\/29\/zaujimave-etapy-tour-de-france-2017\/#primaryimage","url":"https:\/\/d2p6e6u75xmxt8.cloudfront.net\/4\/2017\/06\/Unknown-3.webp","contentUrl":"https:\/\/d2p6e6u75xmxt8.cloudfront.net\/4\/2017\/06\/Unknown-3.webp","width":1375,"height":600},{"@type":"BreadcrumbList","@id":"https:\/\/www.welovecycling.com\/sk\/2017\/06\/29\/zaujimave-etapy-tour-de-france-2017\/#breadcrumb","itemListElement":[{"@type":"ListItem","position":1,"name":"Home","item":"https:\/\/www.welovecycling.com\/sk\/"},{"@type":"ListItem","position":2,"name":"Zauj\u00edmav\u00e9 etapy na Tour de France 2017"}]},{"@type":"WebSite","@id":"https:\/\/www.welovecycling.com\/sk\/#website","url":"https:\/\/www.welovecycling.com\/sk\/","name":"\u0160koda We Love Cycling Slovensko","description":"\u0160koda We Love Cycling Slovensko je v\u00e1\u0161 ka\u017edodenn\u00fd zdroj noviniek a in\u0161pir\u00e1cie z sveta cyklistiky","potentialAction":[{"@type":"SearchAction","target":{"@type":"EntryPoint","urlTemplate":"https:\/\/www.welovecycling.com\/sk\/?s={search_term_string}"},"query-input":{"@type":"PropertyValueSpecification","valueRequired":true,"valueName":"search_term_string"}}],"inLanguage":"sk-SK"},{"@type":"Person","@id":"https:\/\/www.welovecycling.com\/sk\/#\/schema\/person\/8ee09ba39b7e25b1870160aa5b3a89bc","name":"Ondrej Ga\u0161par","image":{"@type":"ImageObject","inLanguage":"sk-SK","@id":"https:\/\/www.welovecycling.com\/sk\/#\/schema\/person\/image\/","url":"https:\/\/secure.gravatar.com\/avatar\/6126c9afb87b70da5abbb083ddbb21933da15f18f8ca7cb822aba0fb096a48f6?s=96&d=mm&r=g","contentUrl":"https:\/\/secure.gravatar.com\/avatar\/6126c9afb87b70da5abbb083ddbb21933da15f18f8ca7cb822aba0fb096a48f6?s=96&d=mm&r=g","caption":"Ondrej Ga\u0161par"},"url":"https:\/\/www.welovecycling.com\/sk\/author\/ondrejgaspar\/"}]}},"_links":{"self":[{"href":"https:\/\/www.welovecycling.com\/sk\/wp-json\/wp\/v2\/posts\/1275","targetHints":{"allow":["GET"]}}],"collection":[{"href":"https:\/\/www.welovecycling.com\/sk\/wp-json\/wp\/v2\/posts"}],"about":[{"href":"https:\/\/www.welovecycling.com\/sk\/wp-json\/wp\/v2\/types\/post"}],"author":[{"embeddable":true,"href":"https:\/\/www.welovecycling.com\/sk\/wp-json\/wp\/v2\/users\/38"}],"replies":[{"embeddable":true,"href":"https:\/\/www.welovecycling.com\/sk\/wp-json\/wp\/v2\/comments?post=1275"}],"version-history":[{"count":2,"href":"https:\/\/www.welovecycling.com\/sk\/wp-json\/wp\/v2\/posts\/1275\/revisions"}],"predecessor-version":[{"id":1496,"href":"https:\/\/www.welovecycling.com\/sk\/wp-json\/wp\/v2\/posts\/1275\/revisions\/1496"}],"wp:featuredmedia":[{"embeddable":true,"href":"https:\/\/www.welovecycling.com\/sk\/wp-json\/wp\/v2\/media\/1294"}],"wp:attachment":[{"href":"https:\/\/www.welovecycling.com\/sk\/wp-json\/wp\/v2\/media?parent=1275"}],"wp:term":[{"taxonomy":"category","embeddable":true,"href":"https:\/\/www.welovecycling.com\/sk\/wp-json\/wp\/v2\/categories?post=1275"},{"taxonomy":"post_tag","embeddable":true,"href":"https:\/\/www.welovecycling.com\/sk\/wp-json\/wp\/v2\/tags?post=1275"},{"taxonomy":"global-categories","embeddable":true,"href":"https:\/\/www.welovecycling.com\/sk\/wp-json\/wp\/v2\/global-categories?post=1275"}],"curies":[{"name":"wp","href":"https:\/\/api.w.org\/{rel}","templated":true}]}}