{"id":12728,"date":"2021-08-25T17:00:32","date_gmt":"2021-08-25T15:00:32","guid":{"rendered":"https:\/\/www.welovecycling.com\/sk\/?p=12728"},"modified":"2021-10-08T14:34:50","modified_gmt":"2021-10-08T12:34:50","slug":"l%ca%b9-etape-slovakia-prvykrat-v-kozi-pretekara-tour-de-france","status":"publish","type":"post","link":"https:\/\/www.welovecycling.com\/sk\/2021\/08\/25\/l%ca%b9-etape-slovakia-prvykrat-v-kozi-pretekara-tour-de-france\/","title":{"rendered":"L\u0374 Etape Slovakia &#8211; Prv\u00fdkr\u00e1t v ko\u017ei pretek\u00e1ra Tour de France"},"content":{"rendered":"<p><strong>Cyklistick\u00ed nad\u0161enci si mohli po prv\u00fd raz u\u017ei\u0165 atmosf\u00e9ru najsl\u00e1vnej\u0161\u00edch pretekov Tour de France na vlastnej ko\u017ei na Slovensku. Na \u0161tart premi\u00e9rov\u00e9ho ro\u010dn\u00edka L\u0374ETAPE BY TOUR DE FRANCE pri \u0160trkoveckom jazere v\u00a0Bratislave sa postavilo presne 569 pretek\u00e1rov, ktor\u00ed spolo\u010dne vy\u0161tartovali na 65 a\u00a0117 kilometrov dlh\u00fa tra\u0165. Cie\u013e mali obe na ikonickom Kamz\u00edku.<\/strong><!--more--><\/p>\n<p>Poloprofesion\u00e1lni, ale aj \u00faplne amat\u00e9rski cyklisti, sa mohli na trati navrhnutej odborn\u00edkmi kocha\u0165 peknou pr\u00edrodou\u00a0Mal\u00fdch Karp\u00e1t. Spo\u013eahn\u00fa\u0165 sa dalo na vysok\u00fa \u00farove\u0148 organiz\u00e1cie, bezpe\u010dnosti a\u00a0podpory pretek\u00e1rov na trati, ktor\u00e1 zatienila vy\u0161\u0161ie \u0161tartovn\u00e9. Mil\u00fdm bonusom bola spr\u00e1va od organiz\u00e1torov s\u00a0porad\u00edm v\u00a0kateg\u00f3rii, ktor\u00fa dostal ka\u017ed\u00fd pretek\u00e1r po pre\u0165at\u00ed cie\u013eovej p\u00e1sky.<\/p>\n<p><a href=\"https:\/\/d2p6e6u75xmxt8.cloudfront.net\/4\/2021\/08\/letape_slovakia_01.jpg\"><img loading=\"lazy\" decoding=\"async\" class=\"alignnone wp-image-12735 size-full\" src=\"https:\/\/d2p6e6u75xmxt8.cloudfront.net\/4\/2021\/08\/letape_slovakia_01.jpg\" alt=\"Pelot\u00f3n L\u02b9 Etape \" width=\"1200\" height=\"800\" \/><\/a><\/p>\n<h2><strong>Sprievodn\u00fd program<\/strong><\/h2>\n<p>Program, pripraven\u00fd spolu s\u00a0Franc\u00fazskym in\u0161tit\u00fatom na Slovensku, za\u010dal u\u017e 5 dn\u00ed pred \u0161tartom hlavn\u00fdch pretekov. \u0160irok\u00e1 verejnos\u0165 si k\u00a0\u0160trkoveck\u00e9mu jazeru v Bratislave mohla pr\u00eds\u0165 pochutna\u0165 na franc\u00fazskych \u0161pecialit\u00e1ch, odfoti\u0165 sa s\u00a0ambas\u00e1dormi podujatia &#8211; Petrom a\u00a0Martinom Velitsovcami, \u010di pozrie\u0165 sa na bicykel Petra Sagana z\u00a0pretekov Paris-Roubaix. Pripraven\u00e9 boli, samozrejme, taktie\u017e st\u00e1nky popredn\u00fdch cyklistick\u00fdch zna\u010diek, ktor\u00e9 verejnosti pribl\u00ed\u017eili aj technick\u00fa str\u00e1nku cyklistiky. Na svoje si pri\u0161li aj rodiny s\u00a0de\u0165mi. Mal\u00fdm \u0161portovcom patrila cel\u00e1 sobota &#8211; r\u00e1no si mohli zmera\u0165 sily na KIDS RACE (s\u00fa\u0165a\u017eili deti od 3 do 14 rokov), poobede bola na programe rodinn\u00e1 nes\u00fa\u0165a\u017en\u00e1 cyklojazda FAMILY RIDE a\u00a0de\u0148 vyvrcholil cirkusovou \u0161ou.<\/p>\n<div id='gallery-1' class='gallery galleryid-12728 gallery-columns-2 gallery-size-full'><figure class='gallery-item'>\n\t\t\t<div class='gallery-icon landscape'>\n\t\t\t\t<a href='https:\/\/d2p6e6u75xmxt8.cloudfront.net\/4\/2021\/08\/letape_slovakia_01a.JPG-1.webp'><img loading=\"lazy\" decoding=\"async\" width=\"1200\" height=\"800\" src=\"https:\/\/d2p6e6u75xmxt8.cloudfront.net\/4\/2021\/08\/letape_slovakia_01a.JPG-1.webp\" class=\"attachment-full size-full\" alt=\"St\u00fapanie\" srcset=\"https:\/\/d2p6e6u75xmxt8.cloudfront.net\/4\/2021\/08\/letape_slovakia_01a.JPG-1.webp 1200w, https:\/\/d2p6e6u75xmxt8.cloudfront.net\/4\/2021\/08\/letape_slovakia_01a.JPG-1-300x200.webp 300w, https:\/\/d2p6e6u75xmxt8.cloudfront.net\/4\/2021\/08\/letape_slovakia_01a.JPG-1-1024x683.webp 1024w, https:\/\/d2p6e6u75xmxt8.cloudfront.net\/4\/2021\/08\/letape_slovakia_01a.JPG-1-768x512.webp 768w, https:\/\/d2p6e6u75xmxt8.cloudfront.net\/4\/2021\/08\/letape_slovakia_01a.JPG-1-272x182.webp 272w\" sizes=\"auto, (max-width: 1200px) 100vw, 1200px\" \/><\/a>\n\t\t\t<\/div><\/figure><figure class='gallery-item'>\n\t\t\t<div class='gallery-icon landscape'>\n\t\t\t\t<a href='https:\/\/d2p6e6u75xmxt8.cloudfront.net\/4\/2021\/08\/letape_slovakia_01b.JPG.webp'><img loading=\"lazy\" decoding=\"async\" width=\"1200\" height=\"800\" src=\"https:\/\/d2p6e6u75xmxt8.cloudfront.net\/4\/2021\/08\/letape_slovakia_01b.JPG.webp\" class=\"attachment-full size-full\" alt=\"St\u00fapanie\" srcset=\"https:\/\/d2p6e6u75xmxt8.cloudfront.net\/4\/2021\/08\/letape_slovakia_01b.JPG.webp 1200w, https:\/\/d2p6e6u75xmxt8.cloudfront.net\/4\/2021\/08\/letape_slovakia_01b.JPG-300x200.webp 300w, https:\/\/d2p6e6u75xmxt8.cloudfront.net\/4\/2021\/08\/letape_slovakia_01b.JPG-1024x683.webp 1024w, https:\/\/d2p6e6u75xmxt8.cloudfront.net\/4\/2021\/08\/letape_slovakia_01b.JPG-768x512.webp 768w, https:\/\/d2p6e6u75xmxt8.cloudfront.net\/4\/2021\/08\/letape_slovakia_01b.JPG-272x182.webp 272w\" sizes=\"auto, (max-width: 1200px) 100vw, 1200px\" \/><\/a>\n\t\t\t<\/div><\/figure>\n\t\t<\/div>\n\n<h2><strong>Trate<\/strong><\/h2>\n<p>Hlavn\u00e9 preteky \u0161tartovali v\u00a0nede\u013eu o\u00a0siedmej hodine r\u00e1no. Cyklisti si mohli pod\u013ea v\u00fdkonnosti vybra\u0165 z\u00a0dvoch variant trate: <strong>RIDE- 65 kilometrov s\u00a0prev\u00fd\u0161en\u00edm 900 metrov alebo RACE-117 kilometrov s prev\u00fd\u0161en\u00edm 1 700 metrov<\/strong>. \u0160tartovalo sa spolo\u010dne od \u0160trkoveck\u00e9ho jazera, tra\u0165 pokra\u010dovala popri Dunaji k\u00a0hradu Dev\u00edn, odkia\u013e sa i\u0161lo smerom na Borinku. A\u017e tu, na st\u00fapan\u00ed Strmina, sa trate rozdelili. Cyklisti na kr\u00e1tkej trase smerovali cez Biely Kr\u00ed\u017e rovno na Kamz\u00edk, no a\u00a0t\u00fdch vytrvalej\u0161\u00edch \u010dakali e\u0161te dve st\u00fapania navy\u0161e &#8211; na Pezinsk\u00fa Babu a\u00a0z\u00a0Limbachu na Biely Kr\u00ed\u017e. V\u0161etci pretek\u00e1ri sa stretli v\u00a0cieli na Kamz\u00edku, kde na nich \u010dakala \u00fa\u010dastn\u00edcka medaila a\u00a0ob\u010derstvenie.<\/p>\n<div id='gallery-2' class='gallery galleryid-12728 gallery-columns-2 gallery-size-full'><figure class='gallery-item'>\n\t\t\t<div class='gallery-icon landscape'>\n\t\t\t\t<a href='https:\/\/d2p6e6u75xmxt8.cloudfront.net\/4\/2021\/08\/letape_slovakia_01c.JPG.webp'><img loading=\"lazy\" decoding=\"async\" width=\"1200\" height=\"800\" src=\"https:\/\/d2p6e6u75xmxt8.cloudfront.net\/4\/2021\/08\/letape_slovakia_01c.JPG.webp\" class=\"attachment-full size-full\" alt=\"\u0160koda t\u00edmov\u00e9 auto\" srcset=\"https:\/\/d2p6e6u75xmxt8.cloudfront.net\/4\/2021\/08\/letape_slovakia_01c.JPG.webp 1200w, https:\/\/d2p6e6u75xmxt8.cloudfront.net\/4\/2021\/08\/letape_slovakia_01c.JPG-300x200.webp 300w, https:\/\/d2p6e6u75xmxt8.cloudfront.net\/4\/2021\/08\/letape_slovakia_01c.JPG-1024x683.webp 1024w, https:\/\/d2p6e6u75xmxt8.cloudfront.net\/4\/2021\/08\/letape_slovakia_01c.JPG-768x512.webp 768w, https:\/\/d2p6e6u75xmxt8.cloudfront.net\/4\/2021\/08\/letape_slovakia_01c.JPG-272x182.webp 272w\" sizes=\"auto, (max-width: 1200px) 100vw, 1200px\" \/><\/a>\n\t\t\t<\/div><\/figure><figure class='gallery-item'>\n\t\t\t<div class='gallery-icon landscape'>\n\t\t\t\t<a href='https:\/\/d2p6e6u75xmxt8.cloudfront.net\/4\/2021\/08\/letape_slovakia_01d.JPG.webp'><img loading=\"lazy\" decoding=\"async\" width=\"1200\" height=\"800\" src=\"https:\/\/d2p6e6u75xmxt8.cloudfront.net\/4\/2021\/08\/letape_slovakia_01d.JPG.webp\" class=\"attachment-full size-full\" alt=\"Pretek\u00e1ry na L\u02b9 Etape\" srcset=\"https:\/\/d2p6e6u75xmxt8.cloudfront.net\/4\/2021\/08\/letape_slovakia_01d.JPG.webp 1200w, https:\/\/d2p6e6u75xmxt8.cloudfront.net\/4\/2021\/08\/letape_slovakia_01d.JPG-300x200.webp 300w, https:\/\/d2p6e6u75xmxt8.cloudfront.net\/4\/2021\/08\/letape_slovakia_01d.JPG-1024x683.webp 1024w, https:\/\/d2p6e6u75xmxt8.cloudfront.net\/4\/2021\/08\/letape_slovakia_01d.JPG-768x512.webp 768w, https:\/\/d2p6e6u75xmxt8.cloudfront.net\/4\/2021\/08\/letape_slovakia_01d.JPG-272x182.webp 272w\" sizes=\"auto, (max-width: 1200px) 100vw, 1200px\" \/><\/a>\n\t\t\t<\/div><\/figure>\n\t\t<\/div>\n\n<p>Celkov\u00fd dojem z\u00a0trate dopadol nad o\u010dak\u00e1vania. Organiz\u00e1tori si dali z\u00e1le\u017ea\u0165 hlavne na bezpe\u010dnosti \u2013 hlavn\u00e9 cesty boli pre aut\u00e1 \u00faplne uzavret\u00e9, na cyklocest\u00e1ch v\u00a0Mal\u00fdch Karpatoch sme stretli len minimum cyklistickej verejnosti. Na ka\u017edej z\u00e1krute st\u00e1l organiz\u00e1tor, ktor\u00fd jazdcov upozor\u0148oval na zmenu smeru a\u00a0brzdil pr\u00edli\u0161n\u00e9 nad\u0161enie v\u00a0zjazde. <strong>Niektor\u00ed sa s\u00edce nevyhli p\u00e1dom, no okam\u017eite pri nich bol bu\u010f niekto z\u00a0organiz\u00e1torov, alebo z\u00e1chran\u00e1rov.<\/strong> Na dlhej trati boli a\u017e 4 ob\u010derstvovacie stanice, tak\u017ee od hladu neumreli ani t\u00ed najv\u00e4\u010d\u0161\u00ed jed\u00e1ci. T\u00ed, ktor\u00ed sa rozhodli na trati nevypusti\u0165 du\u0161u, sa mohli navy\u0161e kocha\u0165 pr\u00edrodou oblasti Mal\u00fdch Karp\u00e1t \u010di vinohradmi. Do cie\u013ea najmasovej\u0161ieho cyklistick\u00e9ho podujatia v\u00a0hist\u00f3rii Slovenska nepri\u0161lo z\u00a0569 pretek\u00e1rov len 8, \u010do je v\u00fdborn\u00e1 vizitka.<\/p>\n<p><a href=\"https:\/\/d2p6e6u75xmxt8.cloudfront.net\/4\/2021\/08\/letape_slovakia_03.jpg\"><img loading=\"lazy\" decoding=\"async\" class=\"alignnone wp-image-12741 size-full\" src=\"https:\/\/d2p6e6u75xmxt8.cloudfront.net\/4\/2021\/08\/letape_slovakia_03.jpg\" alt=\"Pretek\u00e1ri L\u02b9 Etape \" width=\"1200\" height=\"800\" \/><\/a><\/p>\n<h2><strong>V\u00ed\u0165azi<\/strong><\/h2>\n<p>Ako je aj na Tour de France zvykom, nepretekalo sa len na celkov\u00e9 poradie. Okrem \u017elt\u00e9ho dresu boli pripraven\u00e9 bodkovan\u00fd za vrch\u00e1rsku s\u00fa\u0165a\u017e, zelen\u00fd pre \u0161print\u00e9rov a\u00a0biely dres pre pretek\u00e1rov do 23 rokov, \u010do bolo pr\u00edjemn\u00fdm spestren\u00edm cel\u00e9ho z\u00e1polenia. Z\u00a0celkov\u00e9ho triumfu na 65 kilometrovej trati sa te\u0161il <strong>Tom\u00e1\u0161 Greschner, ktor\u00fd pre\u0165al cie\u013e v\u00a0\u010dase 1:55:21<\/strong>, najr\u00fdchlej\u0161ou \u017eenou bola <strong>L\u00edvia \u0160tofilov\u00e1 s \u010dasom 2:12:49<\/strong>. Na dlhej trati zv\u00ed\u0165azil doslova na cie\u013eovej p\u00e1ske <strong>Ronald Kuba za 3:18:48<\/strong> tesne pred druh\u00fdm <strong>J\u00e1nom Andrejom Cullym<\/strong>.<\/p>\n<div id='gallery-3' class='gallery galleryid-12728 gallery-columns-2 gallery-size-full'><figure class='gallery-item'>\n\t\t\t<div class='gallery-icon landscape'>\n\t\t\t\t<a href='https:\/\/d2p6e6u75xmxt8.cloudfront.net\/4\/2021\/08\/letape_slovakia_03a.webp'><img loading=\"lazy\" decoding=\"async\" width=\"1200\" height=\"800\" src=\"https:\/\/d2p6e6u75xmxt8.cloudfront.net\/4\/2021\/08\/letape_slovakia_03a.webp\" class=\"attachment-full size-full\" alt=\"Pretek\u00e1r\" srcset=\"https:\/\/d2p6e6u75xmxt8.cloudfront.net\/4\/2021\/08\/letape_slovakia_03a.webp 1200w, https:\/\/d2p6e6u75xmxt8.cloudfront.net\/4\/2021\/08\/letape_slovakia_03a-300x200.webp 300w, https:\/\/d2p6e6u75xmxt8.cloudfront.net\/4\/2021\/08\/letape_slovakia_03a-1024x683.webp 1024w, https:\/\/d2p6e6u75xmxt8.cloudfront.net\/4\/2021\/08\/letape_slovakia_03a-768x512.webp 768w, https:\/\/d2p6e6u75xmxt8.cloudfront.net\/4\/2021\/08\/letape_slovakia_03a-272x182.webp 272w\" sizes=\"auto, (max-width: 1200px) 100vw, 1200px\" \/><\/a>\n\t\t\t<\/div><\/figure><figure class='gallery-item'>\n\t\t\t<div class='gallery-icon landscape'>\n\t\t\t\t<a href='https:\/\/d2p6e6u75xmxt8.cloudfront.net\/4\/2021\/08\/letape_slovakia_04.webp'><img loading=\"lazy\" decoding=\"async\" width=\"1200\" height=\"800\" src=\"https:\/\/d2p6e6u75xmxt8.cloudfront.net\/4\/2021\/08\/letape_slovakia_04.webp\" class=\"attachment-full size-full\" alt=\"Pretek\u00e1r v cieli\" srcset=\"https:\/\/d2p6e6u75xmxt8.cloudfront.net\/4\/2021\/08\/letape_slovakia_04.webp 1200w, https:\/\/d2p6e6u75xmxt8.cloudfront.net\/4\/2021\/08\/letape_slovakia_04-300x200.webp 300w, https:\/\/d2p6e6u75xmxt8.cloudfront.net\/4\/2021\/08\/letape_slovakia_04-1024x683.webp 1024w, https:\/\/d2p6e6u75xmxt8.cloudfront.net\/4\/2021\/08\/letape_slovakia_04-768x512.webp 768w, https:\/\/d2p6e6u75xmxt8.cloudfront.net\/4\/2021\/08\/letape_slovakia_04-272x182.webp 272w\" sizes=\"auto, (max-width: 1200px) 100vw, 1200px\" \/><\/a>\n\t\t\t<\/div><\/figure>\n\t\t<\/div>\n\n<p>Medzi \u017eenami nedala nikomu \u0161ancu s \u010dasom <strong>3:45:03 Mariana Findorov\u00e1<\/strong>. Pre v\u00ed\u0165azov boli pripraven\u00e9 naozaj kr\u00e1sne trofeje od umelkyne Gordana Glass, ktor\u00e9 im bud\u00fa nezabudnute\u013en\u00fd z\u00e1\u017eitok z L\u0374 Etape Slovakia pripom\u00edna\u0165. Nech\u00fdbalo ani obliekanie do \u017elt\u00e9ho, bodkovan\u00e9ho, zelen\u00e9ho a\u00a0bieleho dresu.<\/p>\n<p><a href=\"https:\/\/d2p6e6u75xmxt8.cloudfront.net\/4\/2021\/08\/letape_slovakia_02.jpg\"><img loading=\"lazy\" decoding=\"async\" class=\"alignnone wp-image-12744 size-full\" src=\"https:\/\/d2p6e6u75xmxt8.cloudfront.net\/4\/2021\/08\/letape_slovakia_02.jpg\" alt=\"medaila L\u02b9 Etape \" width=\"1200\" height=\"800\" \/><\/a><\/p>\n<h2><strong>Z\u00e1ver<\/strong><\/h2>\n<p>Pretekom L\u0374 Etape sa ned\u00e1 \u010do vytkn\u00fa\u0165. Pred\u0161tartov\u00fd skepticizmus\u00a0z masov\u00e9ho komer\u010dn\u00e9ho podujatia zatienil ve\u013emi kvalitn\u00fd pr\u00edstup organiz\u00e1torov a\u00a0kr\u00e1sna tra\u0165. Teraz u\u017e len treba d\u00fafa\u0165, \u017ee sa Slovensko v\u00a0bud\u00facich rokoch op\u00e4\u0165 zarad\u00ed medzi vyvolen\u00e9 krajiny, ktor\u00e9 bud\u00fa m\u00f4c\u0165 preteky pod hlavi\u010dkou Tour de France na svojom \u00fazem\u00ed organizova\u0165.<\/p>\n<p>Fotogal\u00e9riu z tohto d\u0148a n\u00e1jdete na <a href=\"https:\/\/www.welovecycling.com\/sk\/?p=12747&amp;preview=true\" target=\"_blank\" rel=\"noopener\">tomto odkaze<\/a>.<\/p>\n","protected":false},"excerpt":{"rendered":"<p>Cyklistick\u00ed nad\u0161enci si mohli po prv\u00fd raz u\u017ei\u0165 atmosf\u00e9ru najsl\u00e1vnej\u0161\u00edch pretekov Tour de France na vlastnej ko\u017ei na Slovensku. Na [&hellip;]<\/p>\n","protected":false},"author":81,"featured_media":12734,"comment_status":"open","ping_status":"open","sticky":false,"template":"","format":"standard","meta":{"footnotes":""},"categories":[4,1350,34],"tags":[521,115,331,941,1351,1372,37,179,1311,542,1009,92,523,269],"global-categories":[1074],"class_list":["post-12728","post","type-post","status-publish","format-standard","has-post-thumbnail","hentry","category-cestna-cyklisitika","category-letape-slovakia","category-podujatia","tag-bratislava","tag-cestna-cyklistika","tag-etapove-preteky","tag-jazda-v-pelotone","tag-letape-slovakia","tag-letape-slovakia-by-tour-de-france","tag-podujatia","tag-preteky","tag-sezona-2021","tag-skoda","tag-skoda-auto","tag-skoda-tim","tag-slovensko","tag-vitaz","global-categories-cycling"],"yoast_head":"<!-- This site is optimized with the Yoast SEO Premium plugin v25.3 (Yoast SEO v25.9) - https:\/\/yoast.com\/wordpress\/plugins\/seo\/ -->\n<title>L\u02b9 Etape Slovakia - V ko\u017ei pretek\u00e1ra Tour de France - We Love Cycling<\/title>\n<meta name=\"description\" content=\"Cyklistick\u00ed nad\u0161enci si mohli po prv\u00fd raz u\u017ei\u0165 atmosf\u00e9ru najsl\u00e1vnej\u0161\u00edch pretekov Tour de France na vlastnej ko\u017ei na Slovensku.\" \/>\n<meta name=\"robots\" content=\"index, follow, max-snippet:-1, max-image-preview:large, max-video-preview:-1\" \/>\n<link rel=\"canonical\" href=\"https:\/\/www.welovecycling.com\/sk\/2021\/08\/25\/l\u02b9-etape-slovakia-prvykrat-v-kozi-pretekara-tour-de-france\/\" \/>\n<meta property=\"og:locale\" content=\"sk_SK\" \/>\n<meta property=\"og:type\" content=\"article\" \/>\n<meta property=\"og:title\" content=\"L\u0374 Etape Slovakia - Prv\u00fdkr\u00e1t v ko\u017ei pretek\u00e1ra Tour de France\" \/>\n<meta property=\"og:description\" content=\"Cyklistick\u00ed nad\u0161enci si mohli po prv\u00fd raz u\u017ei\u0165 atmosf\u00e9ru najsl\u00e1vnej\u0161\u00edch pretekov Tour de France na vlastnej ko\u017ei na Slovensku.\" \/>\n<meta property=\"og:url\" content=\"https:\/\/www.welovecycling.com\/sk\/2021\/08\/25\/l\u02b9-etape-slovakia-prvykrat-v-kozi-pretekara-tour-de-france\/\" \/>\n<meta property=\"og:site_name\" content=\"\u0160koda We Love Cycling Slovensko\" \/>\n<meta property=\"article:published_time\" content=\"2021-08-25T15:00:32+00:00\" \/>\n<meta property=\"article:modified_time\" content=\"2021-10-08T12:34:50+00:00\" \/>\n<meta property=\"og:image\" content=\"https:\/\/d2p6e6u75xmxt8.cloudfront.net\/4\/2021\/08\/letape_slovakia_00.webp\" \/>\n\t<meta property=\"og:image:width\" content=\"1380\" \/>\n\t<meta property=\"og:image:height\" content=\"600\" \/>\n\t<meta property=\"og:image:type\" content=\"image\/webp\" \/>\n<meta name=\"twitter:card\" content=\"summary_large_image\" \/>\n<meta name=\"twitter:label1\" content=\"Written by\" \/>\n\t<meta name=\"twitter:data1\" content=\"Barbora \u0160uchov\u00e1\" \/>\n\t<meta name=\"twitter:label2\" content=\"Est. reading time\" \/>\n\t<meta name=\"twitter:data2\" content=\"4\" \/>\n<script type=\"application\/ld+json\" class=\"yoast-schema-graph\">{\"@context\":\"https:\/\/schema.org\",\"@graph\":[{\"@type\":\"WebPage\",\"@id\":\"https:\/\/www.welovecycling.com\/sk\/2021\/08\/25\/l%ca%b9-etape-slovakia-prvykrat-v-kozi-pretekara-tour-de-france\/\",\"url\":\"https:\/\/www.welovecycling.com\/sk\/2021\/08\/25\/l%ca%b9-etape-slovakia-prvykrat-v-kozi-pretekara-tour-de-france\/\",\"name\":\"L\u02b9 Etape Slovakia - V ko\u017ei pretek\u00e1ra Tour de France - We Love Cycling\",\"isPartOf\":{\"@id\":\"https:\/\/www.welovecycling.com\/sk\/#website\"},\"primaryImageOfPage\":{\"@id\":\"https:\/\/www.welovecycling.com\/sk\/2021\/08\/25\/l%ca%b9-etape-slovakia-prvykrat-v-kozi-pretekara-tour-de-france\/#primaryimage\"},\"image\":{\"@id\":\"https:\/\/www.welovecycling.com\/sk\/2021\/08\/25\/l%ca%b9-etape-slovakia-prvykrat-v-kozi-pretekara-tour-de-france\/#primaryimage\"},\"thumbnailUrl\":\"https:\/\/d2p6e6u75xmxt8.cloudfront.net\/4\/2021\/08\/letape_slovakia_00.webp\",\"datePublished\":\"2021-08-25T15:00:32+00:00\",\"dateModified\":\"2021-10-08T12:34:50+00:00\",\"author\":{\"@id\":\"\"},\"description\":\"Cyklistick\u00ed nad\u0161enci si mohli po prv\u00fd raz u\u017ei\u0165 atmosf\u00e9ru najsl\u00e1vnej\u0161\u00edch pretekov Tour de France na vlastnej ko\u017ei na Slovensku.\",\"breadcrumb\":{\"@id\":\"https:\/\/www.welovecycling.com\/sk\/2021\/08\/25\/l%ca%b9-etape-slovakia-prvykrat-v-kozi-pretekara-tour-de-france\/#breadcrumb\"},\"inLanguage\":\"sk-SK\",\"potentialAction\":[{\"@type\":\"ReadAction\",\"target\":[\"https:\/\/www.welovecycling.com\/sk\/2021\/08\/25\/l%ca%b9-etape-slovakia-prvykrat-v-kozi-pretekara-tour-de-france\/\"]}]},{\"@type\":\"ImageObject\",\"inLanguage\":\"sk-SK\",\"@id\":\"https:\/\/www.welovecycling.com\/sk\/2021\/08\/25\/l%ca%b9-etape-slovakia-prvykrat-v-kozi-pretekara-tour-de-france\/#primaryimage\",\"url\":\"https:\/\/d2p6e6u75xmxt8.cloudfront.net\/4\/2021\/08\/letape_slovakia_00.webp\",\"contentUrl\":\"https:\/\/d2p6e6u75xmxt8.cloudfront.net\/4\/2021\/08\/letape_slovakia_00.webp\",\"width\":1380,\"height\":600},{\"@type\":\"BreadcrumbList\",\"@id\":\"https:\/\/www.welovecycling.com\/sk\/2021\/08\/25\/l%ca%b9-etape-slovakia-prvykrat-v-kozi-pretekara-tour-de-france\/#breadcrumb\",\"itemListElement\":[{\"@type\":\"ListItem\",\"position\":1,\"name\":\"Home\",\"item\":\"https:\/\/www.welovecycling.com\/sk\/\"},{\"@type\":\"ListItem\",\"position\":2,\"name\":\"L\u0374 Etape Slovakia &#8211; Prv\u00fdkr\u00e1t v ko\u017ei pretek\u00e1ra Tour de France\"}]},{\"@type\":\"WebSite\",\"@id\":\"https:\/\/www.welovecycling.com\/sk\/#website\",\"url\":\"https:\/\/www.welovecycling.com\/sk\/\",\"name\":\"\u0160koda We Love Cycling Slovensko\",\"description\":\"\u0160koda We Love Cycling Slovensko je v\u00e1\u0161 ka\u017edodenn\u00fd zdroj noviniek a in\u0161pir\u00e1cie z sveta cyklistiky\",\"potentialAction\":[{\"@type\":\"SearchAction\",\"target\":{\"@type\":\"EntryPoint\",\"urlTemplate\":\"https:\/\/www.welovecycling.com\/sk\/?s={search_term_string}\"},\"query-input\":{\"@type\":\"PropertyValueSpecification\",\"valueRequired\":true,\"valueName\":\"search_term_string\"}}],\"inLanguage\":\"sk-SK\"},{\"@type\":\"Person\",\"@id\":\"\",\"url\":\"https:\/\/www.welovecycling.com\/sk\/author\/\"}]}<\/script>\n<!-- \/ Yoast SEO Premium plugin. -->","yoast_head_json":{"title":"L\u02b9 Etape Slovakia - V ko\u017ei pretek\u00e1ra Tour de France - We Love Cycling","description":"Cyklistick\u00ed nad\u0161enci si mohli po prv\u00fd raz u\u017ei\u0165 atmosf\u00e9ru najsl\u00e1vnej\u0161\u00edch pretekov Tour de France na vlastnej ko\u017ei na Slovensku.","robots":{"index":"index","follow":"follow","max-snippet":"max-snippet:-1","max-image-preview":"max-image-preview:large","max-video-preview":"max-video-preview:-1"},"canonical":"https:\/\/www.welovecycling.com\/sk\/2021\/08\/25\/l\u02b9-etape-slovakia-prvykrat-v-kozi-pretekara-tour-de-france\/","og_locale":"sk_SK","og_type":"article","og_title":"L\u0374 Etape Slovakia - Prv\u00fdkr\u00e1t v ko\u017ei pretek\u00e1ra Tour de France","og_description":"Cyklistick\u00ed nad\u0161enci si mohli po prv\u00fd raz u\u017ei\u0165 atmosf\u00e9ru najsl\u00e1vnej\u0161\u00edch pretekov Tour de France na vlastnej ko\u017ei na Slovensku.","og_url":"https:\/\/www.welovecycling.com\/sk\/2021\/08\/25\/l\u02b9-etape-slovakia-prvykrat-v-kozi-pretekara-tour-de-france\/","og_site_name":"\u0160koda We Love Cycling Slovensko","article_published_time":"2021-08-25T15:00:32+00:00","article_modified_time":"2021-10-08T12:34:50+00:00","og_image":[{"width":1380,"height":600,"url":"https:\/\/d2p6e6u75xmxt8.cloudfront.net\/4\/2021\/08\/letape_slovakia_00.webp","type":"image\/webp"}],"twitter_card":"summary_large_image","twitter_misc":{"Written by":"Barbora \u0160uchov\u00e1","Est. reading time":"4"},"schema":{"@context":"https:\/\/schema.org","@graph":[{"@type":"WebPage","@id":"https:\/\/www.welovecycling.com\/sk\/2021\/08\/25\/l%ca%b9-etape-slovakia-prvykrat-v-kozi-pretekara-tour-de-france\/","url":"https:\/\/www.welovecycling.com\/sk\/2021\/08\/25\/l%ca%b9-etape-slovakia-prvykrat-v-kozi-pretekara-tour-de-france\/","name":"L\u02b9 Etape Slovakia - V ko\u017ei pretek\u00e1ra Tour de France - We Love Cycling","isPartOf":{"@id":"https:\/\/www.welovecycling.com\/sk\/#website"},"primaryImageOfPage":{"@id":"https:\/\/www.welovecycling.com\/sk\/2021\/08\/25\/l%ca%b9-etape-slovakia-prvykrat-v-kozi-pretekara-tour-de-france\/#primaryimage"},"image":{"@id":"https:\/\/www.welovecycling.com\/sk\/2021\/08\/25\/l%ca%b9-etape-slovakia-prvykrat-v-kozi-pretekara-tour-de-france\/#primaryimage"},"thumbnailUrl":"https:\/\/d2p6e6u75xmxt8.cloudfront.net\/4\/2021\/08\/letape_slovakia_00.webp","datePublished":"2021-08-25T15:00:32+00:00","dateModified":"2021-10-08T12:34:50+00:00","author":{"@id":""},"description":"Cyklistick\u00ed nad\u0161enci si mohli po prv\u00fd raz u\u017ei\u0165 atmosf\u00e9ru najsl\u00e1vnej\u0161\u00edch pretekov Tour de France na vlastnej ko\u017ei na Slovensku.","breadcrumb":{"@id":"https:\/\/www.welovecycling.com\/sk\/2021\/08\/25\/l%ca%b9-etape-slovakia-prvykrat-v-kozi-pretekara-tour-de-france\/#breadcrumb"},"inLanguage":"sk-SK","potentialAction":[{"@type":"ReadAction","target":["https:\/\/www.welovecycling.com\/sk\/2021\/08\/25\/l%ca%b9-etape-slovakia-prvykrat-v-kozi-pretekara-tour-de-france\/"]}]},{"@type":"ImageObject","inLanguage":"sk-SK","@id":"https:\/\/www.welovecycling.com\/sk\/2021\/08\/25\/l%ca%b9-etape-slovakia-prvykrat-v-kozi-pretekara-tour-de-france\/#primaryimage","url":"https:\/\/d2p6e6u75xmxt8.cloudfront.net\/4\/2021\/08\/letape_slovakia_00.webp","contentUrl":"https:\/\/d2p6e6u75xmxt8.cloudfront.net\/4\/2021\/08\/letape_slovakia_00.webp","width":1380,"height":600},{"@type":"BreadcrumbList","@id":"https:\/\/www.welovecycling.com\/sk\/2021\/08\/25\/l%ca%b9-etape-slovakia-prvykrat-v-kozi-pretekara-tour-de-france\/#breadcrumb","itemListElement":[{"@type":"ListItem","position":1,"name":"Home","item":"https:\/\/www.welovecycling.com\/sk\/"},{"@type":"ListItem","position":2,"name":"L\u0374 Etape Slovakia &#8211; Prv\u00fdkr\u00e1t v ko\u017ei pretek\u00e1ra Tour de France"}]},{"@type":"WebSite","@id":"https:\/\/www.welovecycling.com\/sk\/#website","url":"https:\/\/www.welovecycling.com\/sk\/","name":"\u0160koda We Love Cycling Slovensko","description":"\u0160koda We Love Cycling Slovensko je v\u00e1\u0161 ka\u017edodenn\u00fd zdroj noviniek a in\u0161pir\u00e1cie z sveta cyklistiky","potentialAction":[{"@type":"SearchAction","target":{"@type":"EntryPoint","urlTemplate":"https:\/\/www.welovecycling.com\/sk\/?s={search_term_string}"},"query-input":{"@type":"PropertyValueSpecification","valueRequired":true,"valueName":"search_term_string"}}],"inLanguage":"sk-SK"},{"@type":"Person","@id":"","url":"https:\/\/www.welovecycling.com\/sk\/author\/"}]}},"_links":{"self":[{"href":"https:\/\/www.welovecycling.com\/sk\/wp-json\/wp\/v2\/posts\/12728","targetHints":{"allow":["GET"]}}],"collection":[{"href":"https:\/\/www.welovecycling.com\/sk\/wp-json\/wp\/v2\/posts"}],"about":[{"href":"https:\/\/www.welovecycling.com\/sk\/wp-json\/wp\/v2\/types\/post"}],"author":[{"embeddable":true,"href":"https:\/\/www.welovecycling.com\/sk\/wp-json\/wp\/v2\/users\/81"}],"replies":[{"embeddable":true,"href":"https:\/\/www.welovecycling.com\/sk\/wp-json\/wp\/v2\/comments?post=12728"}],"version-history":[{"count":2,"href":"https:\/\/www.welovecycling.com\/sk\/wp-json\/wp\/v2\/posts\/12728\/revisions"}],"predecessor-version":[{"id":13146,"href":"https:\/\/www.welovecycling.com\/sk\/wp-json\/wp\/v2\/posts\/12728\/revisions\/13146"}],"wp:featuredmedia":[{"embeddable":true,"href":"https:\/\/www.welovecycling.com\/sk\/wp-json\/wp\/v2\/media\/12734"}],"wp:attachment":[{"href":"https:\/\/www.welovecycling.com\/sk\/wp-json\/wp\/v2\/media?parent=12728"}],"wp:term":[{"taxonomy":"category","embeddable":true,"href":"https:\/\/www.welovecycling.com\/sk\/wp-json\/wp\/v2\/categories?post=12728"},{"taxonomy":"post_tag","embeddable":true,"href":"https:\/\/www.welovecycling.com\/sk\/wp-json\/wp\/v2\/tags?post=12728"},{"taxonomy":"global-categories","embeddable":true,"href":"https:\/\/www.welovecycling.com\/sk\/wp-json\/wp\/v2\/global-categories?post=12728"}],"curies":[{"name":"wp","href":"https:\/\/api.w.org\/{rel}","templated":true}]}}