{"id":12564,"date":"2021-08-30T10:00:58","date_gmt":"2021-08-30T08:00:58","guid":{"rendered":"https:\/\/www.welovecycling.com\/sk\/?p=12564"},"modified":"2021-10-04T15:55:41","modified_gmt":"2021-10-04T13:55:41","slug":"ako-si-vybrat-perfektnu-prilbu-pre-dochadzanie-do-prace-v-roku-2021","status":"publish","type":"post","link":"https:\/\/www.welovecycling.com\/sk\/2021\/08\/30\/ako-si-vybrat-perfektnu-prilbu-pre-dochadzanie-do-prace-v-roku-2021\/","title":{"rendered":"Ako si vybra\u0165 perfektn\u00fa prilbu pre doch\u00e1dzanie do pr\u00e1ce v roku 2021"},"content":{"rendered":"<p><strong>Ak h\u013ead\u00e1te prilbu na doch\u00e1dzanie do pr\u00e1ce na bicykli, u\u017e pravdepodobne nepotrebujete presvied\u010da\u0165 o ich \u00fa\u010dinnosti. Bez oh\u013eadu na to, \u010di to va\u0161e miestne z\u00e1kony vy\u017eaduj\u00fa alebo nie, je v\u017edy dobr\u00e9 myslie\u0165 na svoju bezpe\u010dnos\u0165. V\u0161etci sa zhodneme na tom, \u017ee mestsk\u00e9 oblasti s mno\u017estvom pe\u0161ej, cyklistickej a automobilovej dopravy s\u00fa epicentrami neh\u00f4d a dostato\u010dn\u00e1 prevencia neu\u0161kod\u00ed. Dnes sa pozrieme na nieko\u013eko pravidiel, ktor\u00e9 treba dodr\u017eiava\u0165 pri v\u00fdbere vhodnej prilby na doch\u00e1dzanie do pr\u00e1ce, a d\u00e1me v\u00e1m nieko\u013eko tipov na konkr\u00e9tne modely.<\/strong><\/p>\n<p><!--more--><\/p>\n<h2><strong>Pri v\u00fdbere prilby je k\u013e\u00fa\u010dov\u00e9 spr\u00e1vne vybra\u0165 ve\u013ekos\u0165<\/strong><\/h2>\n<p>Rovnako ako v pr\u00edpade v\u0161etk\u00e9ho, \u010do sa nos\u00ed v bl\u00edzkosti ktorejko\u013evek \u010dasti tela, je va\u0161ou prvou a najd\u00f4le\u017eitej\u0161ou \u00falohou spr\u00e1vne zmera\u0165 svoje proporcie. Zle padn\u00faca prilba m\u00e1 v podstate zn\u00ed\u017een\u00fa funkciu a st\u00e1va sa zbyto\u010dn\u00fdm a drah\u00fdm k\u00faskom, alebo v tom hor\u0161om pr\u00edpade doslova kusom plastu, ktor\u00fd v\u00e1s tla\u010d\u00ed. Preto by ste si tie\u017e nemali po\u017ei\u010diava\u0165 prilbu niekoho in\u00e9ho alebo druh\u00fdm po\u017ei\u010diava\u0165 svoju, u\u017e upraven\u00fa a nastaven\u00fa prilbu &#8211; pokia\u013e va\u0161e hlavy nespadaj\u00fa do rovnakej ve\u013ekostnej kateg\u00f3rie a obe strany nemaj\u00fa probl\u00e9m s pr\u00edpadn\u00fdmi drobn\u00fdmi zmenami v nastaven\u00ed prilby.<\/p>\n<figure id=\"attachment_12565\" aria-describedby=\"caption-attachment-12565\" style=\"width: 1000px\" class=\"wp-caption alignnone\"><a href=\"https:\/\/d2p6e6u75xmxt8.cloudfront.net\/4\/2021\/08\/Urban-cycling-profimedia-0403435200.jpg\"><img loading=\"lazy\" decoding=\"async\" class=\"wp-image-12565 size-full\" src=\"https:\/\/d2p6e6u75xmxt8.cloudfront.net\/4\/2021\/08\/Urban-cycling-profimedia-0403435200.jpg\" alt=\"Cyklista v meste\" width=\"1000\" height=\"667\" \/><\/a><figcaption id=\"caption-attachment-12565\" class=\"wp-caption-text\">R\u00f4zne organiz\u00e1cie, cyklistick\u00e9 asoci\u00e1cie a \u010fal\u0161ie subjekty zainteresovan\u00e9 na cyklistiku u\u017e roky trvaj\u00fa na tom, \u017ee rie\u0161en\u00edm \u00farazov a smrte\u013en\u00fdch neh\u00f4d na bicykli je nosenie prilby. \u00a9 Profimedia<\/figcaption><\/figure>\n<p>Najsk\u00f4r je potrebn\u00e9 zmera\u0165 obvod hlavy kraj\u010d\u00edrskym metrom. Za\u010dnite asi 2,5 cm nad obo\u010d\u00edm a omotajte meter okolo celej hlavy v naj\u0161ir\u0161om mieste. Meter majte vyrovnan\u00fd a nad u\u0161ami. Ak je to potrebn\u00e9, skontrolujte aj v zrkadle, \u010di je dostato\u010dne rovno. Et voila, v\u00fdsledn\u00e9 \u010d\u00edslo ur\u010d\u00ed ve\u013ekos\u0165 prilby. Tip: ak sa rozhodujete medzi dvoma ve\u013ekos\u0165ami, zvo\u013ete si men\u0161iu. Ak m\u00e1te pocit, \u017ee prilba je aj tak o \u010dosi v\u00e4\u010d\u0161ia, m\u00f4\u017eete pod \u0148ou nosi\u0165 \u010diapku alebo prida\u0165 navy\u0161e polstrovanie.<\/p>\n<p>Nasleduj\u00faca tabu\u013eka pon\u00faka obvykl\u00e9 ve\u013ekosti pou\u017e\u00edvan\u00e9 u v\u00e4\u010d\u0161iny zna\u010diek, v\u017edy v\u0161ak skontrolujte, \u010di rovnak\u00fa tabu\u013eku pou\u017e\u00edva aj v\u00fdrobca, ktor\u00e9ho ste si vybrali.<\/p>\n<table width=\"816\">\n<tbody>\n<tr>\n<td width=\"171\"><strong>Ve\u013ekos\u0165<\/strong><\/td>\n<td width=\"135\"><strong>XS<\/strong><\/td>\n<td width=\"135\"><strong>S<\/strong><\/td>\n<td width=\"135\"><strong>M<\/strong><\/td>\n<td width=\"135\"><strong>L<\/strong><\/td>\n<td width=\"107\"><strong>XL<\/strong><\/td>\n<\/tr>\n<tr>\n<td>Obvod hlavy<\/td>\n<td>47 &#8211; 51 cm<\/td>\n<td>51 &#8211; 55 cm<\/td>\n<td>55 &#8211; 59 cm<\/td>\n<td>59 &#8211; 63 cm<\/td>\n<td>61 &#8211; 65 cm<\/td>\n<\/tr>\n<\/tbody>\n<\/table>\n<h2><\/h2>\n<h2><strong>Prisp\u00f4sobenie a spr\u00e1vne nasadenie prilby<\/strong><\/h2>\n<p>Dobre padn\u00faca prilba na doch\u00e1dzanie do pr\u00e1ce by mala by\u0165 pohodln\u00e1, ale nie pr\u00edli\u0161 tesn\u00e1. Mala by pohodlne sedie\u0165 na hlave asi 2,5 cm nad obo\u010d\u00edm, aby chr\u00e1nila \u010delo, a nemala by sa pos\u00fava\u0165 dozadu. Mnoho prilieb m\u00e1 v zadnej \u010dasti nastavovacie koliesko, tak\u017ee sa s n\u00edm trochu pohrajte, a\u017e k\u00fdm prilba nebude dokonale sedie\u0165, ale z\u00e1rove\u0148 mus\u00ed by\u0165 dostato\u010dne pohodln\u00e1. Ak treba upravte vn\u00fatorn\u00e9 polstrovanie.<\/p>\n<p>Teraz sa pozrieme na remienok pod bradou. Bo\u010dn\u00e9 strany popruhu by mali by\u0165 okolo ka\u017ed\u00e9ho ucha v tvare \u201eV\u201c a nemali by nijak\u00fdm sp\u00f4sobom ucho tla\u010di\u0165 alebo odiera\u0165. Ak chcete zisti\u0165, \u010di je remienok dostato\u010dne napnut\u00fd, otvorte \u00fasta dokor\u00e1n &#8211; prilba by mala v tom momente zatla\u010di\u0165 na temeno hlavy. Ak nie, upravte popruh, k\u00fdm sa tak nestane, vyhnite sa v\u0161ak nepr\u00edjemn\u00e9mu a pr\u00edli\u0161n\u00e9mu utiahnutiu. Prilba na bicykel by v\u00e1m v \u017eiadnom pr\u00edpade nemala zhor\u0161ova\u0165 vidite\u013enos\u0165.<\/p>\n<figure id=\"attachment_12566\" aria-describedby=\"caption-attachment-12566\" style=\"width: 1000px\" class=\"wp-caption alignnone\"><a href=\"https:\/\/d2p6e6u75xmxt8.cloudfront.net\/4\/2021\/08\/Commuter-cyclist-profimedia-0214926175.jpg\"><img loading=\"lazy\" decoding=\"async\" class=\"wp-image-12566 size-full\" src=\"https:\/\/d2p6e6u75xmxt8.cloudfront.net\/4\/2021\/08\/Commuter-cyclist-profimedia-0214926175.jpg\" alt=\"Cyklista v meste po\u010das ve\u010dernej jazdy\" width=\"1000\" height=\"666\" \/><\/a><figcaption id=\"caption-attachment-12566\" class=\"wp-caption-text\">Za posledn\u00fdch nieko\u013eko desa\u0165ro\u010d\u00ed v\u00fdrobcovia vyrobili odolnej\u0161ie prilby, aby tak zv\u00fd\u0161ili bezpe\u010dnos\u0165 jazdcov, zn\u00ed\u017eili jej hmotnos\u0165, poskytli lep\u0161ie vetranie a zlep\u0161ili aerodynamiku. \u00a9 Profimedia<\/figcaption><\/figure>\n<p>Ke\u010f hovor\u00edme o bezpe\u010dnosti, stoj\u00ed za to sa pozrie\u0165 na prilby pon\u00fakaj\u00face technol\u00f3giu MIPS. MIPS je skratka pre Multi-Directional Impact Protection System, \u010do je technol\u00f3gia na koncepte sklzu, vyvinut\u00e1 popredn\u00fdmi mozgov\u00fdmi chirurgmi. Nach\u00e1dza sa vo vn\u00fatri prilby a je navrhnut\u00e1 tak, aby zni\u017eovala rota\u010dn\u00e9 sily, ktor\u00e9 m\u00f4\u017eu by\u0165 sp\u00f4soben\u00e9 pri n\u00e1razoch.<\/p>\n<h2><strong>Prilby s\u00fa v ponuke v r\u00f4znych prevedeniach<\/strong><\/h2>\n<p>T\u00fato t\u00e9mu by ste nemali podce\u0148ova\u0165. U\u017e sme si povedali, \u017ee tento \u010dl\u00e1nok sa zameriava na mestsk\u00e9 a pr\u00edmestsk\u00e9 prilby, ale pri prehliadan\u00ed internetu ur\u010dite naraz\u00edte na mno\u017estvo preveden\u00ed a prilieb rozdelen\u00fdch do viacero kateg\u00f3ri\u00ed. Mo\u017eno by bolo rozumn\u00e9 zv\u00e1\u017ei\u0165 svoje cyklistick\u00e9 aktivity. Chod\u00edte cez v\u00edkend na cestn\u00e9 cyklistick\u00e9 v\u00fdlety? Aby ste u\u0161etrili, k\u00fapte si cestn\u00fa prilbu, ktor\u00fa m\u00f4\u017eete nosi\u0165 aj v meste. Z\u00fa\u010dast\u0148ujete sa niekedy \u013eahk\u00fdch a pr\u00edle\u017eitostn\u00fdch v\u00fdletov na MTB? Vyberte si prilbu s pevnej\u0161ou stavbou a ochrann\u00fdmi prvkami, ako je \u0161t\u00edt alebo (odn\u00edmate\u013en\u00fd) \u0161t\u00edt. Ak v\u00e1s to l\u00e1ka vybra\u0165 si prilbu, ktor\u00e1 lad\u00ed s farbou v\u00e1\u0161ho bicykla, nenechajte sa odradi\u0165. Je dok\u00e1zan\u00e9, \u017ee ak je predmet estetickej\u0161\u00ed, \u013eudia maj\u00fa v\u00e4\u010d\u0161iu tendenciu ho nosi\u0165 &#8211; a to je predsa dobr\u00e9.<\/p>\n<h2><strong>Starostlivos\u0165 o prilbu a pravideln\u00e1 v\u00fdmena<\/strong><\/h2>\n<p>Prilbu by ste nemali skladova\u0165 na miestach, kde sa zvykne hromadi\u0165 teplo, napr\u00edklad v podkrov\u00ed, z\u00e1hradnej k\u00f4lni, kufri auta a na \u010fal\u0161\u00edch podobn\u00fdch miestach. Nadmern\u00e9 teplo by mohlo sp\u00f4sobi\u0165 po\u0161kodenie kon\u0161trukcie vytv\u00e1ran\u00edm bubliniek v plaste, \u010do by sp\u00f4sobilo, \u017ee by sa pou\u017eitie helmy mohlo sta\u0165 nebezpe\u010dn\u00e9. Taktie\u017e sa vyhnite pou\u017eitiu chemick\u00fdch rozp\u00fa\u0161\u0165adiel na \u010distenie prilby. Na vonkaj\u0161ie povrchy sta\u010d\u00ed m\u00e4kk\u00e1 \u0161pongia a be\u017en\u00fd \u010distiaci prostriedok, na vn\u00fatorn\u00e9 odn\u00edmate\u013en\u00e9 vlo\u017eky si vysta\u010d\u00edte len s mydlom a vodou.<\/p>\n<p>Jedna rada na z\u00e1ver: nezabudnite si z \u010dasu na \u010das prilbu vymeni\u0165 za nov\u00fa. Ako viete, \u017ee je u\u017e ten prav\u00fd \u010das na v\u00fdmenu? Prilby na bicykel s\u00fa ur\u010den\u00e9 len na jedin\u00fd n\u00e1raz \u010di p\u00e1d, tak\u017ee ak va\u0161a prilba u\u017e nejak\u00e1 n\u00e1raz za\u017eila, u\u017e nie je vhodn\u00e1 na nosenie. Aj ke\u010f st\u00e1le vyzer\u00e1 dobre a nevidie\u0165 na nej po\u0161kodenie. Tie\u017e sa odpor\u00fa\u010da ka\u017ed\u00fdch p\u00e4\u0165 rokov vymeni\u0165 prilbu, preto\u017ee pot, zne\u010distenie a ultrafialov\u00e9 \u017eiarenie ju m\u00f4\u017eu \u010dasom po\u0161kodi\u0165 a oslabi\u0165 jej \u010dasti.<\/p>\n<p>Teraz, ke\u010f pozn\u00e1te v\u0161etky z\u00e1klady pre spr\u00e1vny v\u00fdber, pozrime sa na nieko\u013eko \u0161ikovn\u00fdch a \u0161t\u00fdlov\u00fdch prilieb, ktor\u00e9 m\u00f4\u017eu vyhovova\u0165 va\u0161im potreb\u00e1m a v\u00e1\u0161mu rozpo\u010dtu.<\/p>\n<h2><strong>Giro Camden MIPS<\/strong><strong>\u00a0<\/strong><\/h2>\n<p><a href=\"https:\/\/d2p6e6u75xmxt8.cloudfront.net\/2\/2021\/06\/GIRO_Helmet.jpg\"><img loading=\"lazy\" decoding=\"async\" class=\"alignnone wp-image-12567 size-large\" src=\"https:\/\/d2p6e6u75xmxt8.cloudfront.net\/4\/2021\/08\/GIRO_Helmet-1024x754.jpg\" alt=\"Giro Camden cyklistick\u00e1 prilba\" width=\"1024\" height=\"754\" \/><\/a><\/p>\n<p>Camden MIPS je prilba ur\u010den\u00e1 na jazdu v meste. M\u00e1 antibakteri\u00e1lnu vn\u00fatorn\u00fa vlo\u017eku, integrovan\u00e9 zadn\u00e9 svetlo a vylep\u0161en\u00e9 vetranie. Ak h\u013ead\u00e1te prilbu, v\u010faka ktorej nebude va\u0161a hlava p\u00f4sobi\u0165 objemne a z\u00e1rove\u0148 bude v bezpe\u010d\u00ed, je to pr\u00e1ve t\u00e1to.<\/p>\n<h2><strong>POC Omne Air Spin <\/strong><\/h2>\n<p><a href=\"https:\/\/d2p6e6u75xmxt8.cloudfront.net\/2\/2021\/06\/POC-Omne-Air-Spin.jpg\"><img loading=\"lazy\" decoding=\"async\" class=\"alignnone wp-image-12568 size-large\" src=\"https:\/\/d2p6e6u75xmxt8.cloudfront.net\/4\/2021\/08\/POC-Omne-Air-Spin-1024x728.jpg\" alt=\"POC Omne Air Spin cyklistick\u00e1 prilba\" width=\"1024\" height=\"728\" \/><\/a><\/p>\n<p>POC sa presl\u00e1vili v cyklistickom priemysle v\u010faka svojmu najmodernej\u0161iemu vybaveniu a prilba Omne Air Spin nie je in\u00e1. M\u00e1 perfektne padn\u00facu vlo\u017eku a \u0161peci\u00e1lne ochrann\u00e9 z\u00f3ny poskytuj\u00fa ide\u00e1lnu a v\u0161estrann\u00fa ochranu. Dod\u00e1va sa tie\u017e v pestrej \u0161k\u00e1le odtie\u0148ov.<\/p>\n<h2><strong>Kask Moebius<\/strong><strong>\u00a0<\/strong><\/h2>\n<p><a href=\"https:\/\/d2p6e6u75xmxt8.cloudfront.net\/4\/2021\/08\/kask-moebius-wg11-helmet.jpeg\"><img loading=\"lazy\" decoding=\"async\" class=\"alignnone size-full wp-image-12569\" src=\"https:\/\/d2p6e6u75xmxt8.cloudfront.net\/4\/2021\/08\/kask-moebius-wg11-helmet.jpeg\" alt=\"Kask Moebius helmet\" width=\"1000\" height=\"1000\" \/><\/a><\/p>\n<p>T\u00e1to \u0161t\u00fdlov\u00e1 prilba ur\u010den\u00e1 na doch\u00e1dzanie do pr\u00e1ce je odoln\u00e1 proti po\u0161kriabaniu a bude pr\u00edjemn\u00fdm doplnkom v\u00e1\u0161ho outfitu. Je mimoriadne pohodln\u00e1, m\u00e1 vynikaj\u00face odvetr\u00e1vanie, odoln\u00fa kon\u0161trukciu a odn\u00edmate\u013en\u00fd \u0161t\u00edt. Kask Moebius spln\u00ed va\u0161e bezpe\u010dnostn\u00e9 aj m\u00f3dne po\u017eiadavky.<\/p>\n<h2><strong>Bontrager Solstice MIPS <\/strong><\/h2>\n<p><a href=\"https:\/\/d2p6e6u75xmxt8.cloudfront.net\/2\/2021\/06\/Bontrager-Solstice-Helmet.jpg\"><img loading=\"lazy\" decoding=\"async\" class=\"alignnone size-large wp-image-12570\" src=\"https:\/\/d2p6e6u75xmxt8.cloudfront.net\/4\/2021\/08\/Bontrager-Solstice-Helmet-1024x669.jpg\" alt=\"Bontrager Solstice MIPS helmet\" width=\"1024\" height=\"669\" \/><\/a><\/p>\n<p>T\u00e1to ve\u013emi \u013eahk\u00e1 a odoln\u00e1 prilba m\u00e1 z\u00e1rove\u0148 priate\u013esk\u00fa cenu. Je to jeden z najpopul\u00e1rnej\u0161\u00edch modelov, ktor\u00e9 sa pred\u00e1vaj\u00fa nielen kv\u00f4li cene, ale aj kv\u00f4li tomu, \u017ee za svoje peniaze pon\u00fakaj\u00fa to najlep\u0161ie. Prilba Solstice MIPS je skvelou vo\u013ebou pre be\u017en\u00e9 jazdy do pr\u00e1ce alebo pre n\u00e1kup potrav\u00edn.<\/p>\n<h2><strong>Bern Hudson Bike MIPS <\/strong><\/h2>\n<p><a href=\"https:\/\/d2p6e6u75xmxt8.cloudfront.net\/2\/2021\/06\/Hudson-MIPS-Matte-Black.png\"><img loading=\"lazy\" decoding=\"async\" class=\"alignnone size-large wp-image-12571\" src=\"https:\/\/d2p6e6u75xmxt8.cloudfront.net\/4\/2021\/08\/Hudson-MIPS-Matte-Black-1024x1024.png\" alt=\"Bern Hudson Bike Helmet\" width=\"1024\" height=\"1024\" \/><\/a><\/p>\n<p>T\u00e1to robustn\u00e1 a kompaktne vyzeraj\u00faca prilba sa stala v\u00ed\u0165azom ceny inov\u00e1cie v roku 2021 od spolo\u010dnosti Outdoor Retailer a t\u00e1to cena v\u00e1m ve\u013ea napovie o jej kvalit\u00e1ch. Prilba Hudson MIPS poskytuje o 25 % vy\u0161\u0161iu absorpciu n\u00e1razu v porovnan\u00ed s predch\u00e1dzaj\u00facimi modelmi a je tie\u017e schv\u00e1len\u00e1 pre e-bicykle a e-sk\u00fatre, \u010do z nej rob\u00ed ide\u00e1lnu helmu pre ka\u017edodenn\u00e9 jazdenie do pr\u00e1ce.<\/p>\n<h2><strong>Thousand Chapter MIPS <\/strong><strong>\u00a0<\/strong><\/h2>\n<p><a href=\"https:\/\/d2p6e6u75xmxt8.cloudfront.net\/4\/2021\/08\/Thousand-Chapter-Helmet.jpeg\"><img loading=\"lazy\" decoding=\"async\" class=\"alignnone wp-image-12572 size-full\" src=\"https:\/\/d2p6e6u75xmxt8.cloudfront.net\/4\/2021\/08\/Thousand-Chapter-Helmet.jpeg\" alt=\"Thousand Chapter MIPS cyklistick\u00e1 prilba\" width=\"600\" height=\"384\" \/><\/a><\/p>\n<p>Ob\u013e\u00faben\u00e1 na cesty do pr\u00e1ce \u010di u\u017e \u0161t\u00fdlovo ale aj cenovo. Jej hladk\u00fd, kompaktn\u00fd tvar pon\u00faka u\u017e vy\u0161\u0161ie spom\u00ednan\u00fa technol\u00f3giu MIPS, akt\u00edvnu ventil\u00e1ciu, viac\u00fa\u010delov\u00e9 magnetick\u00e9 svetlo a dokonca aj tajn\u00fd blokovac\u00ed z\u00e1mok, tak\u017ee m\u00f4\u017eete prilbu uzamkn\u00fa\u0165 pomocou U-z\u00e1mku a necha\u0165 ju tak na bicykli. Prilba Chapter MIPS je tie\u017e \u013eahk\u00e1 a samozrejmos\u0165ou je nastavovacie koliesko.<\/p>\n","protected":false},"excerpt":{"rendered":"<p>Ak h\u013ead\u00e1te prilbu na doch\u00e1dzanie do pr\u00e1ce na bicykli, u\u017e pravdepodobne nepotrebujete presvied\u010da\u0165 o ich \u00fa\u010dinnosti. Bez oh\u013eadu na to, [&hellip;]<\/p>\n","protected":false},"author":81,"featured_media":12574,"comment_status":"open","ping_status":"open","sticky":false,"template":"","format":"standard","meta":{"footnotes":""},"categories":[604],"tags":[62,115,385,180,1380,1005,857,264],"global-categories":[],"class_list":["post-12564","post","type-post","status-publish","format-standard","has-post-thumbnail","hentry","category-urban-cyklistika","tag-bezpecnost","tag-cestna-cyklistika","tag-do-prace-na-bicykli","tag-horska-cyklistika","tag-mips","tag-pad","tag-praca","tag-prilba"],"yoast_head":"<!-- This site is optimized with the Yoast SEO Premium plugin v25.3 (Yoast SEO v25.9) - https:\/\/yoast.com\/wordpress\/plugins\/seo\/ -->\n<title>Ako si vybra\u0165 perfektn\u00fa prilbu pre doch\u00e1dzanie do pr\u00e1ce - We Love Cycling<\/title>\n<meta name=\"description\" content=\"Ak h\u013ead\u00e1te prilbu na doch\u00e1dzanie do pr\u00e1ce na bicykli, u\u017e pravdepodobne nepotrebujete presvied\u010da\u0165 o ich \u00fa\u010dinnosti a d\u00f4le\u017eitosti.\" \/>\n<meta name=\"robots\" content=\"index, follow, max-snippet:-1, max-image-preview:large, max-video-preview:-1\" \/>\n<link rel=\"canonical\" href=\"https:\/\/www.welovecycling.com\/sk\/2021\/08\/30\/ako-si-vybrat-perfektnu-prilbu-pre-dochadzanie-do-prace-v-roku-2021\/\" \/>\n<meta property=\"og:locale\" content=\"sk_SK\" \/>\n<meta property=\"og:type\" content=\"article\" \/>\n<meta property=\"og:title\" content=\"Ako si vybra\u0165 perfektn\u00fa prilbu pre doch\u00e1dzanie do pr\u00e1ce v roku 2021\" \/>\n<meta property=\"og:description\" content=\"Ak h\u013ead\u00e1te prilbu na doch\u00e1dzanie do pr\u00e1ce na bicykli, u\u017e pravdepodobne nepotrebujete presvied\u010da\u0165 o ich \u00fa\u010dinnosti a d\u00f4le\u017eitosti.\" \/>\n<meta property=\"og:url\" content=\"https:\/\/www.welovecycling.com\/sk\/2021\/08\/30\/ako-si-vybrat-perfektnu-prilbu-pre-dochadzanie-do-prace-v-roku-2021\/\" \/>\n<meta property=\"og:site_name\" content=\"\u0160koda We Love Cycling Slovensko\" \/>\n<meta property=\"article:published_time\" content=\"2021-08-30T08:00:58+00:00\" \/>\n<meta property=\"article:modified_time\" content=\"2021-10-04T13:55:41+00:00\" \/>\n<meta property=\"og:image\" content=\"https:\/\/d2p6e6u75xmxt8.cloudfront.net\/4\/2021\/08\/Commuter-cyclist-profimedia-0416642154-CVR.webp\" \/>\n\t<meta property=\"og:image:width\" content=\"1366\" \/>\n\t<meta property=\"og:image:height\" content=\"596\" \/>\n\t<meta property=\"og:image:type\" content=\"image\/webp\" \/>\n<meta name=\"twitter:card\" content=\"summary_large_image\" \/>\n<meta name=\"twitter:label1\" content=\"Written by\" \/>\n\t<meta name=\"twitter:data1\" content=\"Franti\u0161ka Bla\u017ekov\u00e1\" \/>\n\t<meta name=\"twitter:label2\" content=\"Est. reading time\" \/>\n\t<meta name=\"twitter:data2\" content=\"7\" \/>\n<script type=\"application\/ld+json\" class=\"yoast-schema-graph\">{\"@context\":\"https:\/\/schema.org\",\"@graph\":[{\"@type\":\"WebPage\",\"@id\":\"https:\/\/www.welovecycling.com\/sk\/2021\/08\/30\/ako-si-vybrat-perfektnu-prilbu-pre-dochadzanie-do-prace-v-roku-2021\/\",\"url\":\"https:\/\/www.welovecycling.com\/sk\/2021\/08\/30\/ako-si-vybrat-perfektnu-prilbu-pre-dochadzanie-do-prace-v-roku-2021\/\",\"name\":\"Ako si vybra\u0165 perfektn\u00fa prilbu pre doch\u00e1dzanie do pr\u00e1ce - We Love Cycling\",\"isPartOf\":{\"@id\":\"https:\/\/www.welovecycling.com\/sk\/#website\"},\"primaryImageOfPage\":{\"@id\":\"https:\/\/www.welovecycling.com\/sk\/2021\/08\/30\/ako-si-vybrat-perfektnu-prilbu-pre-dochadzanie-do-prace-v-roku-2021\/#primaryimage\"},\"image\":{\"@id\":\"https:\/\/www.welovecycling.com\/sk\/2021\/08\/30\/ako-si-vybrat-perfektnu-prilbu-pre-dochadzanie-do-prace-v-roku-2021\/#primaryimage\"},\"thumbnailUrl\":\"https:\/\/d2p6e6u75xmxt8.cloudfront.net\/4\/2021\/08\/Commuter-cyclist-profimedia-0416642154-CVR.webp\",\"datePublished\":\"2021-08-30T08:00:58+00:00\",\"dateModified\":\"2021-10-04T13:55:41+00:00\",\"author\":{\"@id\":\"\"},\"description\":\"Ak h\u013ead\u00e1te prilbu na doch\u00e1dzanie do pr\u00e1ce na bicykli, u\u017e pravdepodobne nepotrebujete presvied\u010da\u0165 o ich \u00fa\u010dinnosti a d\u00f4le\u017eitosti.\",\"breadcrumb\":{\"@id\":\"https:\/\/www.welovecycling.com\/sk\/2021\/08\/30\/ako-si-vybrat-perfektnu-prilbu-pre-dochadzanie-do-prace-v-roku-2021\/#breadcrumb\"},\"inLanguage\":\"sk-SK\",\"potentialAction\":[{\"@type\":\"ReadAction\",\"target\":[\"https:\/\/www.welovecycling.com\/sk\/2021\/08\/30\/ako-si-vybrat-perfektnu-prilbu-pre-dochadzanie-do-prace-v-roku-2021\/\"]}]},{\"@type\":\"ImageObject\",\"inLanguage\":\"sk-SK\",\"@id\":\"https:\/\/www.welovecycling.com\/sk\/2021\/08\/30\/ako-si-vybrat-perfektnu-prilbu-pre-dochadzanie-do-prace-v-roku-2021\/#primaryimage\",\"url\":\"https:\/\/d2p6e6u75xmxt8.cloudfront.net\/4\/2021\/08\/Commuter-cyclist-profimedia-0416642154-CVR.webp\",\"contentUrl\":\"https:\/\/d2p6e6u75xmxt8.cloudfront.net\/4\/2021\/08\/Commuter-cyclist-profimedia-0416642154-CVR.webp\",\"width\":1366,\"height\":596,\"caption\":\"Commuter\"},{\"@type\":\"BreadcrumbList\",\"@id\":\"https:\/\/www.welovecycling.com\/sk\/2021\/08\/30\/ako-si-vybrat-perfektnu-prilbu-pre-dochadzanie-do-prace-v-roku-2021\/#breadcrumb\",\"itemListElement\":[{\"@type\":\"ListItem\",\"position\":1,\"name\":\"Home\",\"item\":\"https:\/\/www.welovecycling.com\/sk\/\"},{\"@type\":\"ListItem\",\"position\":2,\"name\":\"Ako si vybra\u0165 perfektn\u00fa prilbu pre doch\u00e1dzanie do pr\u00e1ce v roku 2021\"}]},{\"@type\":\"WebSite\",\"@id\":\"https:\/\/www.welovecycling.com\/sk\/#website\",\"url\":\"https:\/\/www.welovecycling.com\/sk\/\",\"name\":\"\u0160koda We Love Cycling Slovensko\",\"description\":\"\u0160koda We Love Cycling Slovensko je v\u00e1\u0161 ka\u017edodenn\u00fd zdroj noviniek a in\u0161pir\u00e1cie z sveta cyklistiky\",\"potentialAction\":[{\"@type\":\"SearchAction\",\"target\":{\"@type\":\"EntryPoint\",\"urlTemplate\":\"https:\/\/www.welovecycling.com\/sk\/?s={search_term_string}\"},\"query-input\":{\"@type\":\"PropertyValueSpecification\",\"valueRequired\":true,\"valueName\":\"search_term_string\"}}],\"inLanguage\":\"sk-SK\"},{\"@type\":\"Person\",\"@id\":\"\",\"url\":\"https:\/\/www.welovecycling.com\/sk\/author\/\"}]}<\/script>\n<!-- \/ Yoast SEO Premium plugin. -->","yoast_head_json":{"title":"Ako si vybra\u0165 perfektn\u00fa prilbu pre doch\u00e1dzanie do pr\u00e1ce - We Love Cycling","description":"Ak h\u013ead\u00e1te prilbu na doch\u00e1dzanie do pr\u00e1ce na bicykli, u\u017e pravdepodobne nepotrebujete presvied\u010da\u0165 o ich \u00fa\u010dinnosti a d\u00f4le\u017eitosti.","robots":{"index":"index","follow":"follow","max-snippet":"max-snippet:-1","max-image-preview":"max-image-preview:large","max-video-preview":"max-video-preview:-1"},"canonical":"https:\/\/www.welovecycling.com\/sk\/2021\/08\/30\/ako-si-vybrat-perfektnu-prilbu-pre-dochadzanie-do-prace-v-roku-2021\/","og_locale":"sk_SK","og_type":"article","og_title":"Ako si vybra\u0165 perfektn\u00fa prilbu pre doch\u00e1dzanie do pr\u00e1ce v roku 2021","og_description":"Ak h\u013ead\u00e1te prilbu na doch\u00e1dzanie do pr\u00e1ce na bicykli, u\u017e pravdepodobne nepotrebujete presvied\u010da\u0165 o ich \u00fa\u010dinnosti a d\u00f4le\u017eitosti.","og_url":"https:\/\/www.welovecycling.com\/sk\/2021\/08\/30\/ako-si-vybrat-perfektnu-prilbu-pre-dochadzanie-do-prace-v-roku-2021\/","og_site_name":"\u0160koda We Love Cycling Slovensko","article_published_time":"2021-08-30T08:00:58+00:00","article_modified_time":"2021-10-04T13:55:41+00:00","og_image":[{"width":1366,"height":596,"url":"https:\/\/d2p6e6u75xmxt8.cloudfront.net\/4\/2021\/08\/Commuter-cyclist-profimedia-0416642154-CVR.webp","type":"image\/webp"}],"twitter_card":"summary_large_image","twitter_misc":{"Written by":"Franti\u0161ka Bla\u017ekov\u00e1","Est. reading time":"7"},"schema":{"@context":"https:\/\/schema.org","@graph":[{"@type":"WebPage","@id":"https:\/\/www.welovecycling.com\/sk\/2021\/08\/30\/ako-si-vybrat-perfektnu-prilbu-pre-dochadzanie-do-prace-v-roku-2021\/","url":"https:\/\/www.welovecycling.com\/sk\/2021\/08\/30\/ako-si-vybrat-perfektnu-prilbu-pre-dochadzanie-do-prace-v-roku-2021\/","name":"Ako si vybra\u0165 perfektn\u00fa prilbu pre doch\u00e1dzanie do pr\u00e1ce - We Love Cycling","isPartOf":{"@id":"https:\/\/www.welovecycling.com\/sk\/#website"},"primaryImageOfPage":{"@id":"https:\/\/www.welovecycling.com\/sk\/2021\/08\/30\/ako-si-vybrat-perfektnu-prilbu-pre-dochadzanie-do-prace-v-roku-2021\/#primaryimage"},"image":{"@id":"https:\/\/www.welovecycling.com\/sk\/2021\/08\/30\/ako-si-vybrat-perfektnu-prilbu-pre-dochadzanie-do-prace-v-roku-2021\/#primaryimage"},"thumbnailUrl":"https:\/\/d2p6e6u75xmxt8.cloudfront.net\/4\/2021\/08\/Commuter-cyclist-profimedia-0416642154-CVR.webp","datePublished":"2021-08-30T08:00:58+00:00","dateModified":"2021-10-04T13:55:41+00:00","author":{"@id":""},"description":"Ak h\u013ead\u00e1te prilbu na doch\u00e1dzanie do pr\u00e1ce na bicykli, u\u017e pravdepodobne nepotrebujete presvied\u010da\u0165 o ich \u00fa\u010dinnosti a d\u00f4le\u017eitosti.","breadcrumb":{"@id":"https:\/\/www.welovecycling.com\/sk\/2021\/08\/30\/ako-si-vybrat-perfektnu-prilbu-pre-dochadzanie-do-prace-v-roku-2021\/#breadcrumb"},"inLanguage":"sk-SK","potentialAction":[{"@type":"ReadAction","target":["https:\/\/www.welovecycling.com\/sk\/2021\/08\/30\/ako-si-vybrat-perfektnu-prilbu-pre-dochadzanie-do-prace-v-roku-2021\/"]}]},{"@type":"ImageObject","inLanguage":"sk-SK","@id":"https:\/\/www.welovecycling.com\/sk\/2021\/08\/30\/ako-si-vybrat-perfektnu-prilbu-pre-dochadzanie-do-prace-v-roku-2021\/#primaryimage","url":"https:\/\/d2p6e6u75xmxt8.cloudfront.net\/4\/2021\/08\/Commuter-cyclist-profimedia-0416642154-CVR.webp","contentUrl":"https:\/\/d2p6e6u75xmxt8.cloudfront.net\/4\/2021\/08\/Commuter-cyclist-profimedia-0416642154-CVR.webp","width":1366,"height":596,"caption":"Commuter"},{"@type":"BreadcrumbList","@id":"https:\/\/www.welovecycling.com\/sk\/2021\/08\/30\/ako-si-vybrat-perfektnu-prilbu-pre-dochadzanie-do-prace-v-roku-2021\/#breadcrumb","itemListElement":[{"@type":"ListItem","position":1,"name":"Home","item":"https:\/\/www.welovecycling.com\/sk\/"},{"@type":"ListItem","position":2,"name":"Ako si vybra\u0165 perfektn\u00fa prilbu pre doch\u00e1dzanie do pr\u00e1ce v roku 2021"}]},{"@type":"WebSite","@id":"https:\/\/www.welovecycling.com\/sk\/#website","url":"https:\/\/www.welovecycling.com\/sk\/","name":"\u0160koda We Love Cycling Slovensko","description":"\u0160koda We Love Cycling Slovensko je v\u00e1\u0161 ka\u017edodenn\u00fd zdroj noviniek a in\u0161pir\u00e1cie z sveta cyklistiky","potentialAction":[{"@type":"SearchAction","target":{"@type":"EntryPoint","urlTemplate":"https:\/\/www.welovecycling.com\/sk\/?s={search_term_string}"},"query-input":{"@type":"PropertyValueSpecification","valueRequired":true,"valueName":"search_term_string"}}],"inLanguage":"sk-SK"},{"@type":"Person","@id":"","url":"https:\/\/www.welovecycling.com\/sk\/author\/"}]}},"_links":{"self":[{"href":"https:\/\/www.welovecycling.com\/sk\/wp-json\/wp\/v2\/posts\/12564","targetHints":{"allow":["GET"]}}],"collection":[{"href":"https:\/\/www.welovecycling.com\/sk\/wp-json\/wp\/v2\/posts"}],"about":[{"href":"https:\/\/www.welovecycling.com\/sk\/wp-json\/wp\/v2\/types\/post"}],"author":[{"embeddable":true,"href":"https:\/\/www.welovecycling.com\/sk\/wp-json\/wp\/v2\/users\/81"}],"replies":[{"embeddable":true,"href":"https:\/\/www.welovecycling.com\/sk\/wp-json\/wp\/v2\/comments?post=12564"}],"version-history":[{"count":2,"href":"https:\/\/www.welovecycling.com\/sk\/wp-json\/wp\/v2\/posts\/12564\/revisions"}],"predecessor-version":[{"id":13079,"href":"https:\/\/www.welovecycling.com\/sk\/wp-json\/wp\/v2\/posts\/12564\/revisions\/13079"}],"wp:featuredmedia":[{"embeddable":true,"href":"https:\/\/www.welovecycling.com\/sk\/wp-json\/wp\/v2\/media\/12574"}],"wp:attachment":[{"href":"https:\/\/www.welovecycling.com\/sk\/wp-json\/wp\/v2\/media?parent=12564"}],"wp:term":[{"taxonomy":"category","embeddable":true,"href":"https:\/\/www.welovecycling.com\/sk\/wp-json\/wp\/v2\/categories?post=12564"},{"taxonomy":"post_tag","embeddable":true,"href":"https:\/\/www.welovecycling.com\/sk\/wp-json\/wp\/v2\/tags?post=12564"},{"taxonomy":"global-categories","embeddable":true,"href":"https:\/\/www.welovecycling.com\/sk\/wp-json\/wp\/v2\/global-categories?post=12564"}],"curies":[{"name":"wp","href":"https:\/\/api.w.org\/{rel}","templated":true}]}}