{"id":12526,"date":"2021-08-18T10:00:32","date_gmt":"2021-08-18T08:00:32","guid":{"rendered":"https:\/\/www.welovecycling.com\/sk\/?p=12526"},"modified":"2021-10-08T15:25:11","modified_gmt":"2021-10-08T13:25:11","slug":"skoda-bike-open-tour-rajecke-teplice-18-09-2021","status":"publish","type":"post","link":"https:\/\/www.welovecycling.com\/sk\/2021\/08\/18\/skoda-bike-open-tour-rajecke-teplice-18-09-2021\/","title":{"rendered":"Pozv\u00e1nka: \u0160koda Rajeck\u00e9 Teplice &#8211; \u0160koda BIKE OPEN TOUR, rozl\u00fa\u010dka s letom v kr\u00e1snom prostred\u00ed Malej Fatry"},"content":{"rendered":"<p><strong>Rajeck\u00e1 dolina bude tento rok dejiskom ve\u013ekolep\u00e9ho fin\u00e1le tohtoro\u010dn\u00e9ho \u0160koda BIKE OPEN TOUR 2021. Po \u00faspe\u0161n\u00fdch troch kol\u00e1ch, ktor\u00e9 sa konali v\u00a0Topo\u013e\u010diankach, Slovenskom raji a\u00a0vo Svite sa spolo\u010dne uvid\u00edme 18. septembra v\u00a0kr\u00e1snom prostred\u00ed Rajeckej doliny a\u00a0zajazd\u00edme si v\u00a0pohor\u00ed Malej Fatry.<\/strong><!--more--><\/p>\n<p>Minul\u00fd rok n\u00e1m po\u010dasie v\u00a0Rajeck\u00fdch Tepliciach ve\u013emi neprialo a\u00a0nielen\u017ee bol nepr\u00edjemn\u00fd vietor a\u00a0d\u00e1\u017e\u010f, ale aj teploty sa pohybovali len okolo 15 stup\u0148ov, \u010do bola v\u00fdzva pre ka\u017ed\u00e9ho pretek\u00e1ra.<\/p>\n<p><a href=\"https:\/\/d2p6e6u75xmxt8.cloudfront.net\/4\/2021\/08\/SBOT_pozvanka_01.jpg\"><img loading=\"lazy\" decoding=\"async\" class=\"alignnone wp-image-12527 size-full\" src=\"https:\/\/d2p6e6u75xmxt8.cloudfront.net\/4\/2021\/08\/SBOT_pozvanka_01.jpg\" alt=\"Pretek\u00e1rka a die\u0165a\" width=\"1200\" height=\"800\" \/><\/a><\/p>\n<p>Ver\u00edme, \u017ee tento rok n\u00e1m po\u010dasie bude pria\u0165 a\u00a0cel\u00fa tohtoro\u010dn\u00fa s\u00e9riu ukon\u010d\u00edme vo ve\u013ekom \u0161t\u00fdle. \u0160tart a\u00a0cel\u00e9 z\u00e1zemie bude ako ka\u017ed\u00fd rok na k\u00fapalisku Laura. Prezent\u00e1cia bude k\u00a0dispoz\u00edcii na recepcii hotela Laura u\u017e od piatka. <strong>Tento rok je v\u0161ak obmedzenie v maxim\u00e1lnom po\u010dte \u00fa\u010dastn\u00edkov na 800\u00a0cyklistov.<\/strong><\/p>\n<div class=\"shortcode-ys-post-pinup\"><article class=\"loop-simple post-12062 post type-post status-publish format-standard has-post-thumbnail hentry category-reportaz category-sbot tag-fotogaleria tag-horska-cyklistika tag-jazdenie tag-maraton tag-mtb tag-preteky tag-reportaz tag-rodina tag-rodinny-maraton tag-sezona-2021 tag-skoda tag-skoda-auto tag-skoda-dedina tag-skoda-mtb-cyklomaraton-topolcianky tag-skoda-tim tag-topolcianky tag-vitaz global-categories-cycling\" data-postid=\"12062\" role=\"article\" data-post-id=\"12062\" data-word-count=\"206\" data-headline-length=\"79\" data-category=\"Report\u00e1\u017e\" data-global-category=\"Cycling\" data-author=\"WeLoveCycling\" data-published=\"2021-06-29T17:05:36+02:00\" data-published-day=\"Tuesday\">\n    <div class=\"entry-thumbnail article-thumbnail\" content=\"https:\/\/d2p6e6u75xmxt8.cloudfront.net\/4\/2021\/06\/Report_SBOT_00-150x150.webp\"><a href=\"https:\/\/www.welovecycling.com\/sk\/2021\/06\/29\/reportaz-skoda-mtb-cyklomaraton-topolcianky-prve-kolo-nasej-serie\/\" class=\"image-holder\" target=\"_self\"><img decoding=\"async\" loading=\"lazy\" class=\"\" src=\"https:\/\/d2p6e6u75xmxt8.cloudfront.net\/4\/2021\/06\/Report_SBOT_00-1024x445.webp\" srcset=\"https:\/\/d2p6e6u75xmxt8.cloudfront.net\/4\/2021\/06\/Report_SBOT_00.webp 1380w, https:\/\/d2p6e6u75xmxt8.cloudfront.net\/4\/2021\/06\/Report_SBOT_00-300x130.webp 300w, https:\/\/d2p6e6u75xmxt8.cloudfront.net\/4\/2021\/06\/Report_SBOT_00-1024x445.webp 1024w, https:\/\/d2p6e6u75xmxt8.cloudfront.net\/4\/2021\/06\/Report_SBOT_00-768x334.webp 768w\" width=\"1024\" height=\"445\" sizes=\"auto, (min-width: 1200px) 460px, (min-width: 768px) 38vw, 100vw\" alt=\"reportaz-skoda-mtb-cyklomaraton-topolcianky-prve-kolo-nasej-serie\"\/><\/a><\/div>    <div class=\"entry-meta\">\n        <a class=\"label label-secondary post-category\" href=\"https:\/\/www.welovecycling.com\/sk\/category\/sbot\/reportaz\/\" title=\"Report\u00e1\u017e\">Report\u00e1\u017e<\/a>\n    <\/div>\n    <div class=\"entry-details\">\n        <a href=\"https:\/\/www.welovecycling.com\/sk\/2021\/06\/29\/reportaz-skoda-mtb-cyklomaraton-topolcianky-prve-kolo-nasej-serie\/\" class='entry-title-wrapper'>\n            <h3 class=\"entry-title\"><span>Report\u00e1\u017e: \u0160koda MTB cyklomarat\u00f3n Topo\u013e\u010dianky \u2013 prv\u00e9 kolo na\u0161ej s\u00e9rie<\/span><\/h3>\n        <\/a>\n    <\/div>\n    <\/article>\n<\/div>\n<p><a href=\"https:\/\/d2p6e6u75xmxt8.cloudfront.net\/4\/2021\/08\/SBOT_pozvanka_02.jpg\"><img loading=\"lazy\" decoding=\"async\" class=\"alignnone wp-image-12528 size-full\" src=\"https:\/\/d2p6e6u75xmxt8.cloudfront.net\/4\/2021\/08\/SBOT_pozvanka_02.jpg\" alt=\"Pretek\u00e1ri \u0160koda BIKE OPEN TOUR\" width=\"1200\" height=\"800\" \/><\/a><\/p>\n<p>Jazdi\u0165 sa bud\u00fa takisto ob\u013e\u00faben\u00e9 trate ako marat\u00f3nska tra\u0165 v\u00a0d\u013a\u017eke 80 km, polmarat\u00f3nska tra\u0165 50 km a hobby tra\u0165 18,5 km. Zauj\u00edmav\u00e1 je tento rok aj tra\u0165 s\u00a0n\u00e1zvom \u0160koda Family, ktor\u00e1 je pripraven\u00e1 pre rodi\u010dov s\u00a0de\u0165mi. S\u00fa\u0165a\u017en\u00e1 kateg\u00f3ria je pre deti od 1 \u2013 14 rokov a\u00a0nes\u00fa\u0165a\u017en\u00e1 kateg\u00f3ria je od 0 do 7\u00a0rokov. Dvojica \u0161tartuje spolo\u010dne. <strong>Pri dojazde do cie\u013ea mus\u00ed by\u0165 maxim\u00e1lny odstup dvojice 15\u00a0sek\u00fand a\u00a0vyhodnocuje sa \u010das druh\u00e9ho z\u00a0dvojice.<\/strong> Samozrejme s\u00fa dostupn\u00e9 kateg\u00f3rie aj pre fan\u00fa\u0161ikov elektro bicyklov a\u00a0na svoje si pr\u00eddu aj jazdci na gravel bicykloch.<\/p>\n<p><a href=\"https:\/\/d2p6e6u75xmxt8.cloudfront.net\/4\/2021\/08\/SBOT_pozvanka_03.jpg\"><img loading=\"lazy\" decoding=\"async\" class=\"alignnone wp-image-12529 size-full\" src=\"https:\/\/d2p6e6u75xmxt8.cloudfront.net\/4\/2021\/08\/SBOT_pozvanka_03.jpg\" alt=\"jednokolka\" width=\"1200\" height=\"800\" \/><\/a><\/p>\n<p>Sumy \u0161tartovn\u00e9ho s\u00fa rozdelen\u00e9 pod\u013ea kateg\u00f3rie, v\u00a0ktorej chcete preteka\u0165. Do 20. 08. 2021 je zv\u00fdhodnen\u00e9 \u0161tartovn\u00e9. Cenov\u00fa v\u00fdhodu m\u00f4\u017eete z\u00edska\u0165 aj ak si vyberiete mo\u017enos\u0165 bez \u0161tartovacieho bal\u00ed\u010dka, ale bola by to \u0161koda, preto\u017ee t\u00ed vopred prihl\u00e1sen\u00ed dostan\u00fa aj pam\u00e4tn\u00e9 tri\u010dko. \u0160tartovn\u00e9 zah\u0155\u0148a samozrejme \u0161tartovacie \u010d\u00edslo s\u00a0\u010dipom, ale aj ob\u010derstvenie, cyklistick\u00fd \u010dasopis \u010di dokonca vzorku mas\u00e1\u017eneho kr\u00e9mu. Pr\u00edjemn\u00fdm spestren\u00edm m\u00f4\u017ee by\u0165 aj \u00fa\u010das\u0165 v\u00a0tombole, v\u00a0ktorej m\u00f4\u017eete vyhra\u0165 zauj\u00edmav\u00e9 ceny.<\/p>\n<p><a href=\"https:\/\/d2p6e6u75xmxt8.cloudfront.net\/4\/2021\/08\/SBOT_pozvanka_04.jpg\"><img loading=\"lazy\" decoding=\"async\" class=\"alignnone wp-image-12530 size-full\" src=\"https:\/\/d2p6e6u75xmxt8.cloudfront.net\/4\/2021\/08\/SBOT_pozvanka_04.jpg\" alt=\"st\u00e1nky \u0160koda BIKE OPEN TOUR\" width=\"1200\" height=\"800\" \/><\/a><\/p>\n<p>Samozrejmos\u0165ou je, \u017ee v\u00a0are\u00e1li bude k\u00a0dispoz\u00edcii \u00faschov\u0148a bicyklov a mo\u017enos\u0165 umytia nielen jazdcov ale aj bicyklov. Samozrejme bude aj sprievodn\u00fd program, atrakcie a\u00a0z\u00e1bava nielen pre deti ale aj pre dospel\u00fdch. <strong>Pr\u00ed\u010fte si u\u017ei\u0165 pr\u00edjemn\u00fd de\u0148 a\u00a0podpori\u0165 s\u00fa\u0165a\u017eiacich na \u0160koda BIKE OPEN TOUR 2021.<\/strong><\/p>\n","protected":false},"excerpt":{"rendered":"<p>Rajeck\u00e1 dolina bude tento rok dejiskom ve\u013ekolep\u00e9ho fin\u00e1le tohtoro\u010dn\u00e9ho \u0160koda BIKE OPEN TOUR 2021. Po \u00faspe\u0161n\u00fdch troch kol\u00e1ch, ktor\u00e9 sa [&hellip;]<\/p>\n","protected":false},"author":81,"featured_media":12534,"comment_status":"open","ping_status":"open","sticky":false,"template":"","format":"standard","meta":{"footnotes":""},"categories":[33],"tags":[507,53,180,178,91,179,474,1311,1009,77,860,92],"global-categories":[1074],"class_list":["post-12526","post","type-post","status-publish","format-standard","has-post-thumbnail","hentry","category-sbot","tag-cyklorodinka","tag-deti","tag-horska-cyklistika","tag-maraton","tag-pozvanka","tag-preteky","tag-rodinny-maraton","tag-sezona-2021","tag-skoda-auto","tag-skoda-dedina","tag-skoda-mtb-maraton-rajecke-teplice","tag-skoda-tim","global-categories-cycling"],"yoast_head":"<!-- This site is optimized with the Yoast SEO Premium plugin v25.3 (Yoast SEO v25.9) - https:\/\/yoast.com\/wordpress\/plugins\/seo\/ -->\n<title>Pozv\u00e1nka: \u0160koda BIKE OPEN TOUR - We Love Cycling<\/title>\n<meta name=\"description\" content=\"Kr\u00e1sne prostredie Rajeckej doliny bude tento rok dejiskom ve\u013ekolep\u00e9ho fin\u00e1le tohtoro\u010dn\u00e9ho \u0160koda BIKE OPEN TOUR 2021.\" \/>\n<meta name=\"robots\" content=\"index, follow, max-snippet:-1, max-image-preview:large, max-video-preview:-1\" \/>\n<link rel=\"canonical\" href=\"https:\/\/www.welovecycling.com\/sk\/2021\/08\/18\/skoda-bike-open-tour-rajecke-teplice-18-09-2021\/\" \/>\n<meta property=\"og:locale\" content=\"sk_SK\" \/>\n<meta property=\"og:type\" content=\"article\" \/>\n<meta property=\"og:title\" content=\"Pozv\u00e1nka: \u0160koda Rajeck\u00e9 Teplice - \u0160koda BIKE OPEN TOUR, rozl\u00fa\u010dka s letom v kr\u00e1snom prostred\u00ed Malej Fatry\" \/>\n<meta property=\"og:description\" content=\"Kr\u00e1sne prostredie Rajeckej doliny bude tento rok dejiskom ve\u013ekolep\u00e9ho fin\u00e1le tohtoro\u010dn\u00e9ho \u0160koda BIKE OPEN TOUR 2021.\" \/>\n<meta property=\"og:url\" content=\"https:\/\/www.welovecycling.com\/sk\/2021\/08\/18\/skoda-bike-open-tour-rajecke-teplice-18-09-2021\/\" \/>\n<meta property=\"og:site_name\" content=\"\u0160koda We Love Cycling Slovensko\" \/>\n<meta property=\"article:published_time\" content=\"2021-08-18T08:00:32+00:00\" \/>\n<meta property=\"article:modified_time\" content=\"2021-10-08T13:25:11+00:00\" \/>\n<meta property=\"og:image\" content=\"https:\/\/d2p6e6u75xmxt8.cloudfront.net\/4\/2021\/08\/SBOT_pozvanka_00.webp\" \/>\n\t<meta property=\"og:image:width\" content=\"1380\" \/>\n\t<meta property=\"og:image:height\" content=\"600\" \/>\n\t<meta property=\"og:image:type\" content=\"image\/webp\" \/>\n<meta name=\"twitter:card\" content=\"summary_large_image\" \/>\n<meta name=\"twitter:label1\" content=\"Written by\" \/>\n\t<meta name=\"twitter:data1\" content=\"WeLoveCycling\" \/>\n\t<meta name=\"twitter:label2\" content=\"Est. reading time\" \/>\n\t<meta name=\"twitter:data2\" content=\"2\" \/>\n<script type=\"application\/ld+json\" class=\"yoast-schema-graph\">{\"@context\":\"https:\/\/schema.org\",\"@graph\":[{\"@type\":\"WebPage\",\"@id\":\"https:\/\/www.welovecycling.com\/sk\/2021\/08\/18\/skoda-bike-open-tour-rajecke-teplice-18-09-2021\/\",\"url\":\"https:\/\/www.welovecycling.com\/sk\/2021\/08\/18\/skoda-bike-open-tour-rajecke-teplice-18-09-2021\/\",\"name\":\"Pozv\u00e1nka: \u0160koda BIKE OPEN TOUR - We Love Cycling\",\"isPartOf\":{\"@id\":\"https:\/\/www.welovecycling.com\/sk\/#website\"},\"primaryImageOfPage\":{\"@id\":\"https:\/\/www.welovecycling.com\/sk\/2021\/08\/18\/skoda-bike-open-tour-rajecke-teplice-18-09-2021\/#primaryimage\"},\"image\":{\"@id\":\"https:\/\/www.welovecycling.com\/sk\/2021\/08\/18\/skoda-bike-open-tour-rajecke-teplice-18-09-2021\/#primaryimage\"},\"thumbnailUrl\":\"https:\/\/d2p6e6u75xmxt8.cloudfront.net\/4\/2021\/08\/SBOT_pozvanka_00.webp\",\"datePublished\":\"2021-08-18T08:00:32+00:00\",\"dateModified\":\"2021-10-08T13:25:11+00:00\",\"author\":{\"@id\":\"\"},\"description\":\"Kr\u00e1sne prostredie Rajeckej doliny bude tento rok dejiskom ve\u013ekolep\u00e9ho fin\u00e1le tohtoro\u010dn\u00e9ho \u0160koda BIKE OPEN TOUR 2021.\",\"breadcrumb\":{\"@id\":\"https:\/\/www.welovecycling.com\/sk\/2021\/08\/18\/skoda-bike-open-tour-rajecke-teplice-18-09-2021\/#breadcrumb\"},\"inLanguage\":\"sk-SK\",\"potentialAction\":[{\"@type\":\"ReadAction\",\"target\":[\"https:\/\/www.welovecycling.com\/sk\/2021\/08\/18\/skoda-bike-open-tour-rajecke-teplice-18-09-2021\/\"]}]},{\"@type\":\"ImageObject\",\"inLanguage\":\"sk-SK\",\"@id\":\"https:\/\/www.welovecycling.com\/sk\/2021\/08\/18\/skoda-bike-open-tour-rajecke-teplice-18-09-2021\/#primaryimage\",\"url\":\"https:\/\/d2p6e6u75xmxt8.cloudfront.net\/4\/2021\/08\/SBOT_pozvanka_00.webp\",\"contentUrl\":\"https:\/\/d2p6e6u75xmxt8.cloudfront.net\/4\/2021\/08\/SBOT_pozvanka_00.webp\",\"width\":1380,\"height\":600},{\"@type\":\"BreadcrumbList\",\"@id\":\"https:\/\/www.welovecycling.com\/sk\/2021\/08\/18\/skoda-bike-open-tour-rajecke-teplice-18-09-2021\/#breadcrumb\",\"itemListElement\":[{\"@type\":\"ListItem\",\"position\":1,\"name\":\"Home\",\"item\":\"https:\/\/www.welovecycling.com\/sk\/\"},{\"@type\":\"ListItem\",\"position\":2,\"name\":\"Pozv\u00e1nka: \u0160koda Rajeck\u00e9 Teplice &#8211; \u0160koda BIKE OPEN TOUR, rozl\u00fa\u010dka s letom v kr\u00e1snom prostred\u00ed Malej Fatry\"}]},{\"@type\":\"WebSite\",\"@id\":\"https:\/\/www.welovecycling.com\/sk\/#website\",\"url\":\"https:\/\/www.welovecycling.com\/sk\/\",\"name\":\"\u0160koda We Love Cycling Slovensko\",\"description\":\"\u0160koda We Love Cycling Slovensko je v\u00e1\u0161 ka\u017edodenn\u00fd zdroj noviniek a in\u0161pir\u00e1cie z sveta cyklistiky\",\"potentialAction\":[{\"@type\":\"SearchAction\",\"target\":{\"@type\":\"EntryPoint\",\"urlTemplate\":\"https:\/\/www.welovecycling.com\/sk\/?s={search_term_string}\"},\"query-input\":{\"@type\":\"PropertyValueSpecification\",\"valueRequired\":true,\"valueName\":\"search_term_string\"}}],\"inLanguage\":\"sk-SK\"},{\"@type\":\"Person\",\"@id\":\"\",\"url\":\"https:\/\/www.welovecycling.com\/sk\/author\/\"}]}<\/script>\n<!-- \/ Yoast SEO Premium plugin. -->","yoast_head_json":{"title":"Pozv\u00e1nka: \u0160koda BIKE OPEN TOUR - We Love Cycling","description":"Kr\u00e1sne prostredie Rajeckej doliny bude tento rok dejiskom ve\u013ekolep\u00e9ho fin\u00e1le tohtoro\u010dn\u00e9ho \u0160koda BIKE OPEN TOUR 2021.","robots":{"index":"index","follow":"follow","max-snippet":"max-snippet:-1","max-image-preview":"max-image-preview:large","max-video-preview":"max-video-preview:-1"},"canonical":"https:\/\/www.welovecycling.com\/sk\/2021\/08\/18\/skoda-bike-open-tour-rajecke-teplice-18-09-2021\/","og_locale":"sk_SK","og_type":"article","og_title":"Pozv\u00e1nka: \u0160koda Rajeck\u00e9 Teplice - \u0160koda BIKE OPEN TOUR, rozl\u00fa\u010dka s letom v kr\u00e1snom prostred\u00ed Malej Fatry","og_description":"Kr\u00e1sne prostredie Rajeckej doliny bude tento rok dejiskom ve\u013ekolep\u00e9ho fin\u00e1le tohtoro\u010dn\u00e9ho \u0160koda BIKE OPEN TOUR 2021.","og_url":"https:\/\/www.welovecycling.com\/sk\/2021\/08\/18\/skoda-bike-open-tour-rajecke-teplice-18-09-2021\/","og_site_name":"\u0160koda We Love Cycling Slovensko","article_published_time":"2021-08-18T08:00:32+00:00","article_modified_time":"2021-10-08T13:25:11+00:00","og_image":[{"width":1380,"height":600,"url":"https:\/\/d2p6e6u75xmxt8.cloudfront.net\/4\/2021\/08\/SBOT_pozvanka_00.webp","type":"image\/webp"}],"twitter_card":"summary_large_image","twitter_misc":{"Written by":"WeLoveCycling","Est. reading time":"2"},"schema":{"@context":"https:\/\/schema.org","@graph":[{"@type":"WebPage","@id":"https:\/\/www.welovecycling.com\/sk\/2021\/08\/18\/skoda-bike-open-tour-rajecke-teplice-18-09-2021\/","url":"https:\/\/www.welovecycling.com\/sk\/2021\/08\/18\/skoda-bike-open-tour-rajecke-teplice-18-09-2021\/","name":"Pozv\u00e1nka: \u0160koda BIKE OPEN TOUR - We Love Cycling","isPartOf":{"@id":"https:\/\/www.welovecycling.com\/sk\/#website"},"primaryImageOfPage":{"@id":"https:\/\/www.welovecycling.com\/sk\/2021\/08\/18\/skoda-bike-open-tour-rajecke-teplice-18-09-2021\/#primaryimage"},"image":{"@id":"https:\/\/www.welovecycling.com\/sk\/2021\/08\/18\/skoda-bike-open-tour-rajecke-teplice-18-09-2021\/#primaryimage"},"thumbnailUrl":"https:\/\/d2p6e6u75xmxt8.cloudfront.net\/4\/2021\/08\/SBOT_pozvanka_00.webp","datePublished":"2021-08-18T08:00:32+00:00","dateModified":"2021-10-08T13:25:11+00:00","author":{"@id":""},"description":"Kr\u00e1sne prostredie Rajeckej doliny bude tento rok dejiskom ve\u013ekolep\u00e9ho fin\u00e1le tohtoro\u010dn\u00e9ho \u0160koda BIKE OPEN TOUR 2021.","breadcrumb":{"@id":"https:\/\/www.welovecycling.com\/sk\/2021\/08\/18\/skoda-bike-open-tour-rajecke-teplice-18-09-2021\/#breadcrumb"},"inLanguage":"sk-SK","potentialAction":[{"@type":"ReadAction","target":["https:\/\/www.welovecycling.com\/sk\/2021\/08\/18\/skoda-bike-open-tour-rajecke-teplice-18-09-2021\/"]}]},{"@type":"ImageObject","inLanguage":"sk-SK","@id":"https:\/\/www.welovecycling.com\/sk\/2021\/08\/18\/skoda-bike-open-tour-rajecke-teplice-18-09-2021\/#primaryimage","url":"https:\/\/d2p6e6u75xmxt8.cloudfront.net\/4\/2021\/08\/SBOT_pozvanka_00.webp","contentUrl":"https:\/\/d2p6e6u75xmxt8.cloudfront.net\/4\/2021\/08\/SBOT_pozvanka_00.webp","width":1380,"height":600},{"@type":"BreadcrumbList","@id":"https:\/\/www.welovecycling.com\/sk\/2021\/08\/18\/skoda-bike-open-tour-rajecke-teplice-18-09-2021\/#breadcrumb","itemListElement":[{"@type":"ListItem","position":1,"name":"Home","item":"https:\/\/www.welovecycling.com\/sk\/"},{"@type":"ListItem","position":2,"name":"Pozv\u00e1nka: \u0160koda Rajeck\u00e9 Teplice &#8211; \u0160koda BIKE OPEN TOUR, rozl\u00fa\u010dka s letom v kr\u00e1snom prostred\u00ed Malej Fatry"}]},{"@type":"WebSite","@id":"https:\/\/www.welovecycling.com\/sk\/#website","url":"https:\/\/www.welovecycling.com\/sk\/","name":"\u0160koda We Love Cycling Slovensko","description":"\u0160koda We Love Cycling Slovensko je v\u00e1\u0161 ka\u017edodenn\u00fd zdroj noviniek a in\u0161pir\u00e1cie z sveta cyklistiky","potentialAction":[{"@type":"SearchAction","target":{"@type":"EntryPoint","urlTemplate":"https:\/\/www.welovecycling.com\/sk\/?s={search_term_string}"},"query-input":{"@type":"PropertyValueSpecification","valueRequired":true,"valueName":"search_term_string"}}],"inLanguage":"sk-SK"},{"@type":"Person","@id":"","url":"https:\/\/www.welovecycling.com\/sk\/author\/"}]}},"_links":{"self":[{"href":"https:\/\/www.welovecycling.com\/sk\/wp-json\/wp\/v2\/posts\/12526","targetHints":{"allow":["GET"]}}],"collection":[{"href":"https:\/\/www.welovecycling.com\/sk\/wp-json\/wp\/v2\/posts"}],"about":[{"href":"https:\/\/www.welovecycling.com\/sk\/wp-json\/wp\/v2\/types\/post"}],"author":[{"embeddable":true,"href":"https:\/\/www.welovecycling.com\/sk\/wp-json\/wp\/v2\/users\/81"}],"replies":[{"embeddable":true,"href":"https:\/\/www.welovecycling.com\/sk\/wp-json\/wp\/v2\/comments?post=12526"}],"version-history":[{"count":2,"href":"https:\/\/www.welovecycling.com\/sk\/wp-json\/wp\/v2\/posts\/12526\/revisions"}],"predecessor-version":[{"id":13151,"href":"https:\/\/www.welovecycling.com\/sk\/wp-json\/wp\/v2\/posts\/12526\/revisions\/13151"}],"wp:featuredmedia":[{"embeddable":true,"href":"https:\/\/www.welovecycling.com\/sk\/wp-json\/wp\/v2\/media\/12534"}],"wp:attachment":[{"href":"https:\/\/www.welovecycling.com\/sk\/wp-json\/wp\/v2\/media?parent=12526"}],"wp:term":[{"taxonomy":"category","embeddable":true,"href":"https:\/\/www.welovecycling.com\/sk\/wp-json\/wp\/v2\/categories?post=12526"},{"taxonomy":"post_tag","embeddable":true,"href":"https:\/\/www.welovecycling.com\/sk\/wp-json\/wp\/v2\/tags?post=12526"},{"taxonomy":"global-categories","embeddable":true,"href":"https:\/\/www.welovecycling.com\/sk\/wp-json\/wp\/v2\/global-categories?post=12526"}],"curies":[{"name":"wp","href":"https:\/\/api.w.org\/{rel}","templated":true}]}}