{"id":12471,"date":"2021-08-27T10:00:52","date_gmt":"2021-08-27T08:00:52","guid":{"rendered":"https:\/\/www.welovecycling.com\/sk\/?p=12471"},"modified":"2021-10-04T16:01:57","modified_gmt":"2021-10-04T14:01:57","slug":"najlepsie-zadne-nosice-vhodne-pre-bikepacking","status":"publish","type":"post","link":"https:\/\/www.welovecycling.com\/sk\/2021\/08\/27\/najlepsie-zadne-nosice-vhodne-pre-bikepacking\/","title":{"rendered":"Najlep\u0161ie zadn\u00e9 nosi\u010de vhodn\u00e9 pre bikepacking"},"content":{"rendered":"<p><strong>V posledn\u00fdch rokoch som si ob\u013e\u00fabil \u013eahk\u00e9 beznosi\u010dov\u00e9 syst\u00e9my na bikepacking a teraz u\u017e takmer v\u00fdhradne cestujem len s nimi, namiesto tradi\u010dnej cestovnej bra\u0161ne. Svoje d\u00f4vody som vysvetlil v jednom zo svojich predch\u00e1dzaj\u00facich \u010dl\u00e1nkov. Ale bra\u0161ne s\u00fa st\u00e1le najbe\u017enej\u0161\u00edm sp\u00f4sobom, ako prev\u00e1\u017ea\u0165 v\u00fdstroj pri bicyklovan\u00ed. V\u00fdber toho spr\u00e1vneho modelu je teda samozrejme d\u00f4le\u017eit\u00fd, ale aj v\u00fdber spr\u00e1vneho nosi\u010da je rovnako d\u00f4le\u017eit\u00fd. No a tento \u010dl\u00e1nok je pr\u00e1ve o tom.<\/strong><\/p>\n<p><!--more--><\/p>\n<p>Predt\u00fdm, ne\u017e sa vrhnem na zoznam niektor\u00fdch z najlep\u0161\u00edch zadn\u00fdch nosi\u010dov na bicykle, r\u00e1d by som spomenul nieko\u013eko inform\u00e1ci\u00ed o materi\u00e1loch a \u0161pecifik\u00e1ci\u00e1ch. Nosi\u010de na bicykle sa vyr\u00e1baj\u00fa z r\u00f4znych materi\u00e1lov, ako je hlin\u00edk, tit\u00e1n, uhl\u00edk a oce\u013e. Sta\u010d\u00ed si vybra\u0165 ten, ktor\u00fd sa v\u00e1m najviac p\u00e1\u010di a ktor\u00fd zodpoved\u00e1 v\u00e1\u0161mu rozpo\u010dtu. M\u00f4j jedin\u00fd tip je: ak sa vyberiete na dlh\u00fd v\u00fdlet na bicykli do exotick\u00fdch kraj\u00edn alebo na n\u00e1ro\u010dn\u00e9 cesty, ur\u010dite pou\u017eite oce\u013e, preto\u017ee je mo\u017en\u00e9 ju kdeko\u013evek opravi\u0165 zv\u00e1ran\u00edm.<\/p>\n<figure id=\"attachment_12472\" aria-describedby=\"caption-attachment-12472\" style=\"width: 1000px\" class=\"wp-caption alignnone\"><a href=\"https:\/\/d2p6e6u75xmxt8.cloudfront.net\/4\/2021\/08\/Bikepacking-racks-profimedia-0462009322.jpg\"><img loading=\"lazy\" decoding=\"async\" class=\"wp-image-12472 size-full\" src=\"https:\/\/d2p6e6u75xmxt8.cloudfront.net\/4\/2021\/08\/Bikepacking-racks-profimedia-0462009322.jpg\" alt=\"Bicykle pripraven\u00e9 na bikepacking\" width=\"1000\" height=\"689\" \/><\/a><figcaption id=\"caption-attachment-12472\" class=\"wp-caption-text\">Ak\u00fd zadn\u00fd nosi\u010d by ste si mali zvoli\u0165? \u00a9 Profimedia<\/figcaption><\/figure>\n<p>\u0160pecifik\u00e1cie v\u00e1\u0161ho bicykla s\u00fa tie\u017e d\u00f4le\u017eit\u00fdm prvkom, ktor\u00fd je potrebn\u00e9 vzia\u0165 do \u00favahy pri k\u00fape nosi\u010da na bicykel. Niektor\u00e9 bicykle maj\u00fa \u00fachyty, niektor\u00e9 vy\u017eaduj\u00fa spony. Ma\u0165 bicykel s kot\u00fa\u010dov\u00fdmi brzdami, znamen\u00e1 ma\u0165 \u0161ir\u0161\u00ed nosi\u010d, ako v pr\u00edpade, ke\u010f m\u00e1te r\u00e1fikov\u00e9 brzdy. Ak jazd\u00edte na men\u0161om r\u00e1me, mus\u00edte zabezpe\u010di\u0165, aby ste mali dostato\u010dn\u00fd priestor na \u0161liapanie do ped\u00e1lov a aby sa va\u0161e nohy nedot\u00fdkali bra\u0161ne pri ka\u017edom \u0161liapnut\u00ed. Bicykle s 29 palcov\u00fdmi kolesami vy\u017eaduj\u00fa in\u00e9 nosi\u010de ako 27,5 palcov\u00e9. Stru\u010dne povedan\u00e9, uistite sa, \u017ee nosi\u010d, ktor\u00fd si k\u00fapite, sed\u00ed na v\u00e1\u0161 bicykel. Ak si nie ste na sto percent ist\u00ed, op\u00fdtajte sa v\u00fdrobcu alebo predajcu.<\/p>\n<p>Tak\u017ee teraz sa pozrime na niektor\u00e9 z najlep\u0161\u00edch nosi\u010dov na bicykle, ktor\u00e9 s\u00fa na trhu k dispoz\u00edcii.<\/p>\n<h2><strong>Tubus<\/strong><\/h2>\n<p><a href=\"https:\/\/d2p6e6u75xmxt8.cloudfront.net\/4\/2021\/08\/44200_Vega_Classic-Tubus.jpg\"><img loading=\"lazy\" decoding=\"async\" class=\"alignnone size-full wp-image-12473\" src=\"https:\/\/d2p6e6u75xmxt8.cloudfront.net\/4\/2021\/08\/44200_Vega_Classic-Tubus.jpg\" alt=\"Vega Classic Tubus\" width=\"1000\" height=\"1000\" \/><\/a><\/p>\n<p>M\u00f4j ob\u013e\u00faben\u00fd v\u00fdrobca nosi\u010dov na bicykle je pr\u00e1ve Tubus. Nielen, \u017ee kvalita je skvel\u00e1, ale p\u00e1\u010di sa mi aj \u010dist\u00fd dizajn. Dnes n\u00e1jdete nosi\u010d Tubus prakticky na ka\u017edom \u0161pi\u010dkovom cestovnom bicykli. Na svojej webovej str\u00e1nke tvrdia, \u017ee robia neskuto\u010dn\u00e9 mno\u017estvo testov. Bo\u010dn\u00e9 testy, vertik\u00e1lne testy, UV testy, testy so\u013en\u00fdm sprejom a mnoho \u010fal\u0161\u00edch, aby sa presved\u010dili, \u017ee nosi\u010d bato\u017einy Tubus vydr\u017e\u00ed extr\u00e9mne podmienky.<\/p>\n<p>Zatia\u013e \u010do m\u00f4j prv\u00fd zadn\u00fd nosi\u010d Tubus bol model Cargo Classic, teraz r\u00e1d pou\u017e\u00edvam Vega Classic. Je to preto, lebo je asi o 200 gramov \u013eah\u0161\u00ed ako Cargo, ale st\u00e1le m\u00e1 nosnos\u0165 a\u017e 25 kg.<\/p>\n<p><strong>Hmotnos\u0165:<\/strong> 540 g<\/p>\n<p><strong>Za\u0165a\u017eenie:<\/strong> 25 kg<\/p>\n<p><strong>Cena:<\/strong> 100 \u20ac<\/p>\n<h2><strong>Ortlieb<\/strong><\/h2>\n<p><a href=\"https:\/\/d2p6e6u75xmxt8.cloudfront.net\/2\/2021\/06\/Ortlieb_rack_three.jpg\"><img loading=\"lazy\" decoding=\"async\" class=\"alignnone wp-image-12474 size-large\" src=\"https:\/\/d2p6e6u75xmxt8.cloudfront.net\/4\/2021\/08\/Ortlieb_rack_three-1024x881.jpg\" alt=\"Ortlieb Rack Three nosi\u010d na bicykel\" width=\"1024\" height=\"881\" \/><\/a><\/p>\n<p>Ortlieb je jedn\u00fdm z najzn\u00e1mej\u0161\u00edch v\u00fdrobcov ta\u0161iek na bikepacking a tie\u017e vyr\u00e1ba ve\u013emi kvalitn\u00e9 nosi\u010de na bicykle. Mal som mo\u017enos\u0165 vysk\u00fa\u0161a\u0165 model Rack Three, \u010do je ve\u013emi kvalitn\u00fd zadn\u00fd nosi\u010d, ktor\u00fd je \u0161peci\u00e1lne navrhnut\u00fd pre ta\u0161ky Ortlieb QL3, ale d\u00e1 sa pou\u017ei\u0165 aj so \u0161tandardnou bra\u0161nou s h\u00e1\u010dikmi, jednoduch\u00fdm odstr\u00e1nen\u00edm troch \u00fachytov QL3 (r\u00fdchle a jednoduch\u00e9, potrebujete iba imbusov\u00fd k\u013e\u00fa\u010d). Nosi\u010d m\u00e1 tie\u017e dr\u017eiak na zadn\u00e9 svetlo.<\/p>\n<p><strong>Hmotnos\u0165:<\/strong> 700 g<\/p>\n<p><strong>Za\u0165a\u017eenie:<\/strong> 30 kg<\/p>\n<p><strong>Cena:<\/strong> 80 \u20ac<\/p>\n<h2><strong>Topeak Explorer<\/strong><\/h2>\n<p><a href=\"https:\/\/d2p6e6u75xmxt8.cloudfront.net\/2\/2021\/06\/Topeak-Explorer-1.jpg\"><img loading=\"lazy\" decoding=\"async\" class=\"alignnone size-large wp-image-12475\" src=\"https:\/\/d2p6e6u75xmxt8.cloudfront.net\/4\/2021\/08\/Topeak-Explorer-1-1024x768.jpg\" alt=\"Topeak Expolorer Bike Rack\" width=\"1024\" height=\"768\" \/><\/a><\/p>\n<p>Topeak, sl\u00e1vny taiwansk\u00fd v\u00fdrobca pr\u00edslu\u0161enstva a vyr\u00e1ba nieko\u013eko ve\u013emi pekn\u00fdch zadn\u00fdch nosi\u010dov. M\u00f4j ob\u013e\u00faben\u00fd je model s n\u00e1zvom Explorer. Je to ten, ktor\u00fd \u010dasto pou\u017e\u00edvaj\u00fa na bicykloch mnoh\u00ed z t\u00fdch, \u010do so mnou chodia na v\u00fdlety a to z dvoch ve\u013emi d\u00f4le\u017eit\u00fdch d\u00f4vodov. Po prv\u00e9, oce\u013eov\u00e9 ramen\u00e1 s\u00fa flexibiln\u00e9, tak\u017ee ich m\u00f4\u017eete pou\u017e\u00edva\u0165 na MTB, cestovn\u00fdch bicykloch a dokonca aj na gravel bicykloch. Druh\u00fdm d\u00f4vodom je to, \u017ee je to pod\u013ea m\u0148a najkvalitnej\u0161\u00ed nosi\u010d na bicykle za najlep\u0161iu cenu na trhu.<\/p>\n<p>V neposlednom rade je odoln\u00fd, preto\u017ee m\u00e1 na ka\u017edej strane tri ramen\u00e1 na pren\u00e1\u0161anie n\u00e1kladu, zatia\u013e \u010do v\u00e4\u010d\u0161ina nosi\u010dov m\u00e1 iba dve. V porovnan\u00ed s konkurenciou m\u00e1 tie\u017e mas\u00edvny \u00fachyt pre zadn\u00e9 svetlo.<\/p>\n<p><strong>Hmotnos\u0165:<\/strong> 820 g<\/p>\n<p><strong>Za\u0165a\u017eenie:<\/strong>\u00a026 kg<\/p>\n<p><strong>Cena:<\/strong> 50 \u20ac<\/p>\n<h2><strong>Thule Tour Rack<\/strong><\/h2>\n<p><a href=\"https:\/\/d2p6e6u75xmxt8.cloudfront.net\/2\/2021\/06\/Thule-tour-rack.jpg\"><img loading=\"lazy\" decoding=\"async\" class=\"alignnone wp-image-12476 size-large\" src=\"https:\/\/d2p6e6u75xmxt8.cloudfront.net\/4\/2021\/08\/Thule-tour-rack-1024x677.jpg\" alt=\"Thule Tour Rack nosi\u010d na bicykel\" width=\"1024\" height=\"677\" \/><\/a><\/p>\n<p>Mysl\u00edm si, \u017ee model \u201eTour Rack\u201c pon\u00fakan\u00fd \u0161v\u00e9dskou spolo\u010dnos\u0165ou Thule mus\u00ed by\u0165 zahrnut\u00fd v ka\u017edom zozname najlep\u0161\u00edch nosi\u010dov, preto\u017ee pon\u00faka in\u00e9 rie\u0161enie ako v\u0161etky ostatn\u00e9. V skuto\u010dnosti nevy\u017eaduje na mont\u00e1\u017e \u017eiadne r\u00e1mov\u00e9 o\u010dk\u00e1. To znamen\u00e1, \u017ee ho mo\u017eno pou\u017ei\u0165 aj na celoodpru\u017een\u00fd MTB, z\u00e1vodn\u00fd hardtail alebo cestn\u00fd bicykel (alebo na ak\u00fdko\u013evek in\u00fd bicykel na trhu, a ak m\u00e1te na svojom bicykli r\u00e1mov\u00e9 o\u010dk\u00e1, odpor\u00fa\u010dam \u0161tandardn\u00e9). Tour Rack je mo\u017en\u00e9 pou\u017ei\u0165 aj ako predn\u00fd aj zadn\u00fd nosi\u010d.<\/p>\n<p><strong>Hmotnos\u0165:<\/strong> 1,1 kg<\/p>\n<p><strong>Za\u0165a\u017eenie:<\/strong> 22 kg<\/p>\n<p><strong>Cena:<\/strong> 100 \u20ac<\/p>\n<h2><strong>Ibera<\/strong><\/h2>\n<p><a href=\"https:\/\/d2p6e6u75xmxt8.cloudfront.net\/4\/2021\/08\/Ibera.png\"><img loading=\"lazy\" decoding=\"async\" class=\"alignnone wp-image-12477 size-full\" src=\"https:\/\/d2p6e6u75xmxt8.cloudfront.net\/4\/2021\/08\/Ibera.png\" alt=\"Ibera nosi\u010d na bicykel\" width=\"800\" height=\"600\" \/><\/a><\/p>\n<p>Ak nem\u00e1te ve\u013ek\u00fd rozpo\u010det, mali by ste zv\u00e1\u017ei\u0165 nosi\u010de Ibera. Funguj\u00fa dobre a s\u00fa ve\u013emi cenovo dostupn\u00e9. PakRak Touring Carrier Plus+ je nastavite\u013en\u00fd na r\u00e1my 26\u2033\u201329 \u2033.<\/p>\n<p><strong>Hmotnos\u0165:<\/strong> 820 g<\/p>\n<p><strong>Za\u0165a\u017eenie:<\/strong>\u00a025 kg<\/p>\n<p><strong>Cena:<\/strong> 40 \u20ac<\/p>\n<h2><strong>Tailfin<\/strong><\/h2>\n<p><a href=\"https:\/\/d2p6e6u75xmxt8.cloudfront.net\/2\/2021\/06\/Tailfin.jpg\"><img loading=\"lazy\" decoding=\"async\" class=\"alignnone wp-image-12478 size-large\" src=\"https:\/\/d2p6e6u75xmxt8.cloudfront.net\/4\/2021\/08\/Tailfin-1024x913.jpg\" alt=\"Tailfin nosi\u010d na bicykli\" width=\"1024\" height=\"913\" \/><\/a><\/p>\n<p>Ned\u00e1vno sa mi splnil sen a dal som si vyrobi\u0165 svoj vlastn\u00fd bicykel. Gravel bike som si nechal vyrobi\u0165 na mieru od Festka, pr\u00e9miovej zna\u010dky so s\u00eddlom v \u010ceskej republike. Bicykel je ve\u013emi \u013eahk\u00fd a m\u00e1 \u0161pi\u010dkov\u00fd lak a ner\u00e1d by som si ho po\u0161kriabal ta\u0161kami na bikepacking. H\u013eadal som teda nosi\u010d na bicykle, ktor\u00fd by bol super \u013eahk\u00fd a z\u00e1rove\u0148 vyzeral naozaj dobre. Na\u0161iel som britsk\u00fa zna\u010dku s n\u00e1zvom Tailfin a najm\u00e4 ich zadn\u00fd nosi\u010d s n\u00e1zvom \u201eX Serie\u201c. Je v\u00ed\u0165azom prest\u00ed\u017enej ceny Red Dot Design Award. Dod\u00e1va sa v troch r\u00f4znych variantoch: karb\u00f3n, hlin\u00edk a kombin\u00e1cia t\u00fdchto dvoch. M\u00f4\u017ee by\u0165 namontovan\u00fd na ka\u017ed\u00fd bicykel a jeho mont\u00e1\u017e a demont\u00e1\u017e (10 sek\u00fand) je ve\u013emi jednoduch\u00e1 v\u010faka r\u00fdchloup\u00ednac\u00edm p\u00e4tk\u00e1m. Skuto\u010dn\u00e9 majstrovsk\u00e9 dielo, \u010do poviete?<\/p>\n<p><strong>Hmotnos\u0165:<\/strong> od 330 g (karb\u00f3nov\u00fd) do 480 g (zliatina)<\/p>\n<p><strong>Za\u0165a\u017eenie:<\/strong> 27 kg<\/p>\n<p><strong>Cena:<\/strong> od 150 \u20ac do 324 \u20ac<\/p>\n","protected":false},"excerpt":{"rendered":"<p>V posledn\u00fdch rokoch som si ob\u013e\u00fabil \u013eahk\u00e9 beznosi\u010dov\u00e9 syst\u00e9my na bikepacking a teraz u\u017e takmer v\u00fdhradne cestujem len s nimi, [&hellip;]<\/p>\n","protected":false},"author":81,"featured_media":12480,"comment_status":"open","ping_status":"open","sticky":false,"template":"","format":"standard","meta":{"footnotes":""},"categories":[191],"tags":[1376,115,180,222,1377,508],"global-categories":[],"class_list":["post-12471","post","type-post","status-publish","format-standard","has-post-thumbnail","hentry","category-odporucame","tag-bikepacking","tag-cestna-cyklistika","tag-horska-cyklistika","tag-komponenty","tag-nosic-batoziny","tag-vylet"],"yoast_head":"<!-- This site is optimized with the Yoast SEO Premium plugin v25.3 (Yoast SEO v25.9) - https:\/\/yoast.com\/wordpress\/plugins\/seo\/ -->\n<title>Najlep\u0161ie zadn\u00e9 nosi\u010de vhodn\u00e9 pre bikepacking - We Love Cycling<\/title>\n<meta name=\"description\" content=\"V posledn\u00fdch rokoch som si ob\u013e\u00fabil \u013eahk\u00e9 beznosi\u010dov\u00e9 syst\u00e9my na bikepacking a teraz u\u017e takmer v\u00fdhradne cestujem len s nimi.\" \/>\n<meta name=\"robots\" content=\"index, follow, max-snippet:-1, max-image-preview:large, max-video-preview:-1\" \/>\n<link rel=\"canonical\" href=\"https:\/\/www.welovecycling.com\/sk\/2021\/08\/27\/najlepsie-zadne-nosice-vhodne-pre-bikepacking\/\" \/>\n<meta property=\"og:locale\" content=\"sk_SK\" \/>\n<meta property=\"og:type\" content=\"article\" \/>\n<meta property=\"og:title\" content=\"Najlep\u0161ie zadn\u00e9 nosi\u010de vhodn\u00e9 pre bikepacking\" \/>\n<meta property=\"og:description\" content=\"V posledn\u00fdch rokoch som si ob\u013e\u00fabil \u013eahk\u00e9 beznosi\u010dov\u00e9 syst\u00e9my na bikepacking a teraz u\u017e takmer v\u00fdhradne cestujem len s nimi.\" \/>\n<meta property=\"og:url\" content=\"https:\/\/www.welovecycling.com\/sk\/2021\/08\/27\/najlepsie-zadne-nosice-vhodne-pre-bikepacking\/\" \/>\n<meta property=\"og:site_name\" content=\"\u0160koda We Love Cycling Slovensko\" \/>\n<meta property=\"article:published_time\" content=\"2021-08-27T08:00:52+00:00\" \/>\n<meta property=\"article:modified_time\" content=\"2021-10-04T14:01:57+00:00\" \/>\n<meta property=\"og:image\" content=\"https:\/\/d2p6e6u75xmxt8.cloudfront.net\/4\/2021\/08\/Bike-touring-profimedia-0388493254-CVR.webp\" \/>\n\t<meta property=\"og:image:width\" content=\"1366\" \/>\n\t<meta property=\"og:image:height\" content=\"596\" \/>\n\t<meta property=\"og:image:type\" content=\"image\/webp\" \/>\n<meta name=\"twitter:card\" content=\"summary_large_image\" \/>\n<meta name=\"twitter:label1\" content=\"Written by\" \/>\n\t<meta name=\"twitter:data1\" content=\"Filippo Mari\" \/>\n\t<meta name=\"twitter:label2\" content=\"Est. reading time\" \/>\n\t<meta name=\"twitter:data2\" content=\"6\" \/>\n<script type=\"application\/ld+json\" class=\"yoast-schema-graph\">{\"@context\":\"https:\/\/schema.org\",\"@graph\":[{\"@type\":\"WebPage\",\"@id\":\"https:\/\/www.welovecycling.com\/sk\/2021\/08\/27\/najlepsie-zadne-nosice-vhodne-pre-bikepacking\/\",\"url\":\"https:\/\/www.welovecycling.com\/sk\/2021\/08\/27\/najlepsie-zadne-nosice-vhodne-pre-bikepacking\/\",\"name\":\"Najlep\u0161ie zadn\u00e9 nosi\u010de vhodn\u00e9 pre bikepacking - We Love Cycling\",\"isPartOf\":{\"@id\":\"https:\/\/www.welovecycling.com\/sk\/#website\"},\"primaryImageOfPage\":{\"@id\":\"https:\/\/www.welovecycling.com\/sk\/2021\/08\/27\/najlepsie-zadne-nosice-vhodne-pre-bikepacking\/#primaryimage\"},\"image\":{\"@id\":\"https:\/\/www.welovecycling.com\/sk\/2021\/08\/27\/najlepsie-zadne-nosice-vhodne-pre-bikepacking\/#primaryimage\"},\"thumbnailUrl\":\"https:\/\/d2p6e6u75xmxt8.cloudfront.net\/4\/2021\/08\/Bike-touring-profimedia-0388493254-CVR.webp\",\"datePublished\":\"2021-08-27T08:00:52+00:00\",\"dateModified\":\"2021-10-04T14:01:57+00:00\",\"author\":{\"@id\":\"\"},\"description\":\"V posledn\u00fdch rokoch som si ob\u013e\u00fabil \u013eahk\u00e9 beznosi\u010dov\u00e9 syst\u00e9my na bikepacking a teraz u\u017e takmer v\u00fdhradne cestujem len s nimi.\",\"breadcrumb\":{\"@id\":\"https:\/\/www.welovecycling.com\/sk\/2021\/08\/27\/najlepsie-zadne-nosice-vhodne-pre-bikepacking\/#breadcrumb\"},\"inLanguage\":\"sk-SK\",\"potentialAction\":[{\"@type\":\"ReadAction\",\"target\":[\"https:\/\/www.welovecycling.com\/sk\/2021\/08\/27\/najlepsie-zadne-nosice-vhodne-pre-bikepacking\/\"]}]},{\"@type\":\"ImageObject\",\"inLanguage\":\"sk-SK\",\"@id\":\"https:\/\/www.welovecycling.com\/sk\/2021\/08\/27\/najlepsie-zadne-nosice-vhodne-pre-bikepacking\/#primaryimage\",\"url\":\"https:\/\/d2p6e6u75xmxt8.cloudfront.net\/4\/2021\/08\/Bike-touring-profimedia-0388493254-CVR.webp\",\"contentUrl\":\"https:\/\/d2p6e6u75xmxt8.cloudfront.net\/4\/2021\/08\/Bike-touring-profimedia-0388493254-CVR.webp\",\"width\":1366,\"height\":596,\"caption\":\"Bike touring\"},{\"@type\":\"BreadcrumbList\",\"@id\":\"https:\/\/www.welovecycling.com\/sk\/2021\/08\/27\/najlepsie-zadne-nosice-vhodne-pre-bikepacking\/#breadcrumb\",\"itemListElement\":[{\"@type\":\"ListItem\",\"position\":1,\"name\":\"Home\",\"item\":\"https:\/\/www.welovecycling.com\/sk\/\"},{\"@type\":\"ListItem\",\"position\":2,\"name\":\"Najlep\u0161ie zadn\u00e9 nosi\u010de vhodn\u00e9 pre bikepacking\"}]},{\"@type\":\"WebSite\",\"@id\":\"https:\/\/www.welovecycling.com\/sk\/#website\",\"url\":\"https:\/\/www.welovecycling.com\/sk\/\",\"name\":\"\u0160koda We Love Cycling Slovensko\",\"description\":\"\u0160koda We Love Cycling Slovensko je v\u00e1\u0161 ka\u017edodenn\u00fd zdroj noviniek a in\u0161pir\u00e1cie z sveta cyklistiky\",\"potentialAction\":[{\"@type\":\"SearchAction\",\"target\":{\"@type\":\"EntryPoint\",\"urlTemplate\":\"https:\/\/www.welovecycling.com\/sk\/?s={search_term_string}\"},\"query-input\":{\"@type\":\"PropertyValueSpecification\",\"valueRequired\":true,\"valueName\":\"search_term_string\"}}],\"inLanguage\":\"sk-SK\"},{\"@type\":\"Person\",\"@id\":\"\",\"url\":\"https:\/\/www.welovecycling.com\/sk\/author\/\"}]}<\/script>\n<!-- \/ Yoast SEO Premium plugin. -->","yoast_head_json":{"title":"Najlep\u0161ie zadn\u00e9 nosi\u010de vhodn\u00e9 pre bikepacking - We Love Cycling","description":"V posledn\u00fdch rokoch som si ob\u013e\u00fabil \u013eahk\u00e9 beznosi\u010dov\u00e9 syst\u00e9my na bikepacking a teraz u\u017e takmer v\u00fdhradne cestujem len s nimi.","robots":{"index":"index","follow":"follow","max-snippet":"max-snippet:-1","max-image-preview":"max-image-preview:large","max-video-preview":"max-video-preview:-1"},"canonical":"https:\/\/www.welovecycling.com\/sk\/2021\/08\/27\/najlepsie-zadne-nosice-vhodne-pre-bikepacking\/","og_locale":"sk_SK","og_type":"article","og_title":"Najlep\u0161ie zadn\u00e9 nosi\u010de vhodn\u00e9 pre bikepacking","og_description":"V posledn\u00fdch rokoch som si ob\u013e\u00fabil \u013eahk\u00e9 beznosi\u010dov\u00e9 syst\u00e9my na bikepacking a teraz u\u017e takmer v\u00fdhradne cestujem len s nimi.","og_url":"https:\/\/www.welovecycling.com\/sk\/2021\/08\/27\/najlepsie-zadne-nosice-vhodne-pre-bikepacking\/","og_site_name":"\u0160koda We Love Cycling Slovensko","article_published_time":"2021-08-27T08:00:52+00:00","article_modified_time":"2021-10-04T14:01:57+00:00","og_image":[{"width":1366,"height":596,"url":"https:\/\/d2p6e6u75xmxt8.cloudfront.net\/4\/2021\/08\/Bike-touring-profimedia-0388493254-CVR.webp","type":"image\/webp"}],"twitter_card":"summary_large_image","twitter_misc":{"Written by":"Filippo Mari","Est. reading time":"6"},"schema":{"@context":"https:\/\/schema.org","@graph":[{"@type":"WebPage","@id":"https:\/\/www.welovecycling.com\/sk\/2021\/08\/27\/najlepsie-zadne-nosice-vhodne-pre-bikepacking\/","url":"https:\/\/www.welovecycling.com\/sk\/2021\/08\/27\/najlepsie-zadne-nosice-vhodne-pre-bikepacking\/","name":"Najlep\u0161ie zadn\u00e9 nosi\u010de vhodn\u00e9 pre bikepacking - We Love Cycling","isPartOf":{"@id":"https:\/\/www.welovecycling.com\/sk\/#website"},"primaryImageOfPage":{"@id":"https:\/\/www.welovecycling.com\/sk\/2021\/08\/27\/najlepsie-zadne-nosice-vhodne-pre-bikepacking\/#primaryimage"},"image":{"@id":"https:\/\/www.welovecycling.com\/sk\/2021\/08\/27\/najlepsie-zadne-nosice-vhodne-pre-bikepacking\/#primaryimage"},"thumbnailUrl":"https:\/\/d2p6e6u75xmxt8.cloudfront.net\/4\/2021\/08\/Bike-touring-profimedia-0388493254-CVR.webp","datePublished":"2021-08-27T08:00:52+00:00","dateModified":"2021-10-04T14:01:57+00:00","author":{"@id":""},"description":"V posledn\u00fdch rokoch som si ob\u013e\u00fabil \u013eahk\u00e9 beznosi\u010dov\u00e9 syst\u00e9my na bikepacking a teraz u\u017e takmer v\u00fdhradne cestujem len s nimi.","breadcrumb":{"@id":"https:\/\/www.welovecycling.com\/sk\/2021\/08\/27\/najlepsie-zadne-nosice-vhodne-pre-bikepacking\/#breadcrumb"},"inLanguage":"sk-SK","potentialAction":[{"@type":"ReadAction","target":["https:\/\/www.welovecycling.com\/sk\/2021\/08\/27\/najlepsie-zadne-nosice-vhodne-pre-bikepacking\/"]}]},{"@type":"ImageObject","inLanguage":"sk-SK","@id":"https:\/\/www.welovecycling.com\/sk\/2021\/08\/27\/najlepsie-zadne-nosice-vhodne-pre-bikepacking\/#primaryimage","url":"https:\/\/d2p6e6u75xmxt8.cloudfront.net\/4\/2021\/08\/Bike-touring-profimedia-0388493254-CVR.webp","contentUrl":"https:\/\/d2p6e6u75xmxt8.cloudfront.net\/4\/2021\/08\/Bike-touring-profimedia-0388493254-CVR.webp","width":1366,"height":596,"caption":"Bike touring"},{"@type":"BreadcrumbList","@id":"https:\/\/www.welovecycling.com\/sk\/2021\/08\/27\/najlepsie-zadne-nosice-vhodne-pre-bikepacking\/#breadcrumb","itemListElement":[{"@type":"ListItem","position":1,"name":"Home","item":"https:\/\/www.welovecycling.com\/sk\/"},{"@type":"ListItem","position":2,"name":"Najlep\u0161ie zadn\u00e9 nosi\u010de vhodn\u00e9 pre bikepacking"}]},{"@type":"WebSite","@id":"https:\/\/www.welovecycling.com\/sk\/#website","url":"https:\/\/www.welovecycling.com\/sk\/","name":"\u0160koda We Love Cycling Slovensko","description":"\u0160koda We Love Cycling Slovensko je v\u00e1\u0161 ka\u017edodenn\u00fd zdroj noviniek a in\u0161pir\u00e1cie z sveta cyklistiky","potentialAction":[{"@type":"SearchAction","target":{"@type":"EntryPoint","urlTemplate":"https:\/\/www.welovecycling.com\/sk\/?s={search_term_string}"},"query-input":{"@type":"PropertyValueSpecification","valueRequired":true,"valueName":"search_term_string"}}],"inLanguage":"sk-SK"},{"@type":"Person","@id":"","url":"https:\/\/www.welovecycling.com\/sk\/author\/"}]}},"_links":{"self":[{"href":"https:\/\/www.welovecycling.com\/sk\/wp-json\/wp\/v2\/posts\/12471","targetHints":{"allow":["GET"]}}],"collection":[{"href":"https:\/\/www.welovecycling.com\/sk\/wp-json\/wp\/v2\/posts"}],"about":[{"href":"https:\/\/www.welovecycling.com\/sk\/wp-json\/wp\/v2\/types\/post"}],"author":[{"embeddable":true,"href":"https:\/\/www.welovecycling.com\/sk\/wp-json\/wp\/v2\/users\/81"}],"replies":[{"embeddable":true,"href":"https:\/\/www.welovecycling.com\/sk\/wp-json\/wp\/v2\/comments?post=12471"}],"version-history":[{"count":2,"href":"https:\/\/www.welovecycling.com\/sk\/wp-json\/wp\/v2\/posts\/12471\/revisions"}],"predecessor-version":[{"id":13080,"href":"https:\/\/www.welovecycling.com\/sk\/wp-json\/wp\/v2\/posts\/12471\/revisions\/13080"}],"wp:featuredmedia":[{"embeddable":true,"href":"https:\/\/www.welovecycling.com\/sk\/wp-json\/wp\/v2\/media\/12480"}],"wp:attachment":[{"href":"https:\/\/www.welovecycling.com\/sk\/wp-json\/wp\/v2\/media?parent=12471"}],"wp:term":[{"taxonomy":"category","embeddable":true,"href":"https:\/\/www.welovecycling.com\/sk\/wp-json\/wp\/v2\/categories?post=12471"},{"taxonomy":"post_tag","embeddable":true,"href":"https:\/\/www.welovecycling.com\/sk\/wp-json\/wp\/v2\/tags?post=12471"},{"taxonomy":"global-categories","embeddable":true,"href":"https:\/\/www.welovecycling.com\/sk\/wp-json\/wp\/v2\/global-categories?post=12471"}],"curies":[{"name":"wp","href":"https:\/\/api.w.org\/{rel}","templated":true}]}}