{"id":12447,"date":"2021-08-23T10:00:34","date_gmt":"2021-08-23T08:00:34","guid":{"rendered":"https:\/\/www.welovecycling.com\/sk\/?p=12447"},"modified":"2021-10-08T14:50:08","modified_gmt":"2021-10-08T12:50:08","slug":"najlepsie-kosiky-na-bicykle","status":"publish","type":"post","link":"https:\/\/www.welovecycling.com\/sk\/2021\/08\/23\/najlepsie-kosiky-na-bicykle\/","title":{"rendered":"Najlep\u0161ie ko\u0161\u00edky na bicykle pre va\u0161e letn\u00e9 v\u00fdlety"},"content":{"rendered":"<p><strong>Cyklistick\u00e9 ko\u0161\u00edky pre\u0161li za posledn\u00e9 desa\u0165ro\u010die dlh\u00fa cestu. Najob\u013e\u00fabenej\u0161ie s\u00fa st\u00e1le klasick\u00e9 pleten\u00e9 ko\u0161\u00edky, podobn\u00e9 t\u00fdm, s ktor\u00fdmi chod\u00edte na n\u00e1kup, ale trh teraz pon\u00faka \u0161irok\u00fa \u0161k\u00e1lu ko\u0161\u00edkov, ktor\u00e9 v\u00e1m navy\u0161e pon\u00fakaj\u00fa r\u00f4zne pridan\u00e9 funkcie. \u010ci u\u017e h\u013ead\u00e1te nie\u010do, kde m\u00f4\u017eete vozi\u0165 potraviny, v\u00e1\u0161ho psieho spolo\u010dn\u00edka, alebo \u010doko\u013evek in\u00e9 \u2013 ur\u010dite si vyberiete ko\u0161\u00edk presne, ak\u00fd potrebujete. Pozrime sa na nieko\u013eko vec\u00ed, ktor\u00e9 by ste mali zv\u00e1\u017ei\u0165 pred k\u00fapou. D\u00e1me v\u00e1m nieko\u013eko tipov, aby sme v\u00e1m u\u013eah\u010dili v\u00fdber z tejto rozmanitej ponuky.\u00a0<\/strong><\/p>\n<p><!--more--><\/p>\n<h2><strong>Faktory, ktor\u00e9 je potrebn\u00e9 vzia\u0165 do \u00favahy pred n\u00e1kupom ko\u0161\u00edka na bicykel<\/strong><\/h2>\n<p>Aj ke\u010f sa va\u0161e po\u017eiadavky na ko\u0161\u00edk m\u00f4\u017eu \u010dasom zmeni\u0165, m\u00e1 zmysel k\u00fapi\u0165 si nie\u010do, \u010do bude pr\u00e1ve teraz vyhovova\u0165 va\u0161im potreb\u00e1m. Ak jednoducho chcete odviez\u0165 len kabelku do pr\u00e1ce, alebo nieko\u013eko vec\u00ed z obchodu s potravinami, nemus\u00edte investova\u0165 do najdrah\u0161ieho ko\u0161\u00edka na trhu. Nosnos\u0165 je pravdepodobne najd\u00f4le\u017eitej\u0161\u00edm faktorom, ktor\u00fd si treba uvedomi\u0165. Ak chcete prev\u00e1\u017ea\u0165 viac ako 7 kg, mali by ste sa poobzera\u0165 po zadnom ko\u0161\u00edku, namontovanom na nosi\u010di, preto\u017ee zadn\u00e1 \u010das\u0165 v\u00e1\u0161ho bicykla zvl\u00e1dne v\u00e4\u010d\u0161iu hmotnos\u0165 bez toho, aby sa zhor\u0161ilo riadenie alebo manipul\u00e1cia s bicyklom. Mali by ste si v\u0161imn\u00fa\u0165 aj to, \u010di mont\u00e1\u017e ko\u0161\u00edka vy\u017eaduje aj pr\u00eddavn\u00fd nosi\u010d a \u010di je ho mo\u017en\u00e9 \u013eahko namontova\u0165 a demontova\u0165. Ak ste si toto v\u0161etko u\u017e premysleli, ost\u00e1va stanovi\u0165 si predstavu o cene a o tom, ako by mal ko\u0161\u00edk vyzera\u0165, no a ste pripraven\u00ed nakupova\u0165!<\/p>\n<p>Tu je nieko\u013eko skvel\u00fdch ko\u0161\u00edkov na bicykle, ktor\u00e9 v\u00e1m odpor\u00fa\u010dame.<\/p>\n<figure id=\"attachment_12448\" aria-describedby=\"caption-attachment-12448\" style=\"width: 1024px\" class=\"wp-caption alignnone\"><a href=\"https:\/\/d2p6e6u75xmxt8.cloudfront.net\/2\/2021\/07\/Bicycle-with-basket-profimedia-0615243750.jpg\"><img loading=\"lazy\" decoding=\"async\" class=\"wp-image-12448 size-large\" src=\"https:\/\/d2p6e6u75xmxt8.cloudfront.net\/4\/2021\/07\/Bicycle-with-basket-profimedia-0615243750-1024x682.jpg\" alt=\"Bicycle with a basket\" width=\"1024\" height=\"682\" \/><\/a><figcaption id=\"caption-attachment-12448\" class=\"wp-caption-text\">H\u013ead\u00e1te ko\u0161\u00edk na bicykel? \u00a9 Profimedia<\/figcaption><\/figure>\n<h2><strong>Ortlieb Up-Town City Basket<\/strong><\/h2>\n<p>Za\u010dneme s na\u0161im ob\u013e\u00faben\u00fdm, univerz\u00e1lnym, celoro\u010dn\u00fdm, mimoriadne spo\u013eahliv\u00fdm cyklistick\u00fdm ko\u0161\u00edkom. Tento osved\u010den\u00fd ko\u0161\u00edk je vhodn\u00fd pre ka\u017edodenn\u00e9 doch\u00e1dzanie do pr\u00e1ce a udr\u017e\u00ed va\u0161e veci v bezpe\u010d\u00ed a suchu bez oh\u013eadu na to, \u010do pre v\u00e1s po\u010dasie priprav\u00ed. Je dod\u00e1van\u00fd s vodeodolnou pokr\u00fdvkou, ktor\u00fa m\u00f4\u017eete v pr\u00edpade da\u017e\u010fa prevliec\u0165 cez ko\u0161\u00edk. Ko\u0161\u00edk na bicykel sa tie\u017e \u013eahko nasad\u00ed aj odn\u00edma, preto\u017ee sa dod\u00e1va s mont\u00e1\u017enou konzolou syst\u00e9mu KLICKfix &#8211; univerz\u00e1lnou pre v\u0161etky zariadenia Ortlieb. Samotn\u00fd vodeodoln\u00fd ko\u0161\u00edk je uchyten\u00fd na hlin\u00edkovom r\u00e1me, kde po uzavret\u00ed veka ost\u00e1va \u00faplne nepremokav\u00fd. M\u00e1 tie\u017e praktick\u00e9 vn\u00fatorn\u00e9 vrecko, ktor\u00e9 umo\u017e\u0148uje oddelenie mal\u00fdch predmetov od v\u00e4\u010d\u0161\u00edch. Maxim\u00e1lne za\u0165a\u017eenia je 5 kg a objem ktor\u00fd ko\u0161\u00edk dok\u00e1\u017ee poja\u0165 je 17,5 l.<\/p>\n<p><strong>Cena: <\/strong>50 \u20ac<\/p>\n<h2><strong>Tote &amp; Kari<\/strong><\/h2>\n<p><a href=\"https:\/\/d2p6e6u75xmxt8.cloudfront.net\/4\/2021\/07\/TOTEKARI_bicycle_basket-1.jpg\"><img loading=\"lazy\" decoding=\"async\" class=\"alignnone size-full wp-image-12449\" src=\"https:\/\/d2p6e6u75xmxt8.cloudfront.net\/4\/2021\/07\/TOTEKARI_bicycle_basket-1.jpg\" alt=\"TOTE&amp;KARI Bicycle Basket\" width=\"872\" height=\"561\" \/><\/a><\/p>\n<p>Nezvyknete jazdi\u0165 v da\u017edi? Ak preferujete viacej \u0161t\u00fdl ne\u017e funkcionalitu, tento ko\u0161\u00edk na bicykel m\u00f4\u017ee by\u0165 pre v\u00e1s to prav\u00e9. Cel\u00fd ko\u0161\u00edk (dno, boky a veko) je upleten\u00fd z ratanu, pr\u00edrodn\u00e9ho materi\u00e1lu podobn\u00e9ho r\u00e1kosu, ktor\u00fd vyzer\u00e1 le\u017e\u00e9rne a elegantne, ke\u010f je umiestnen\u00fd na riadidl\u00e1ch v\u00e1\u0161ho ob\u013e\u00faben\u00e9ho bicykla. Vyzna\u010duje sa tie\u017e atrakt\u00edvnymi ko\u017een\u00fdmi mont\u00e1\u017enymi remienkami, ktor\u00e9 dod\u00e1vaj\u00fa vintage vzh\u013ead v\u00e1\u0161mu bicyklu. Upozor\u0148ujeme v\u0161ak, \u017ee remienky sa zais\u0165uj\u00fa prackami, \u010do znamen\u00e1 o nie\u010do v\u00e4\u010d\u0161ie natriasanie ko\u0161\u00edka. Napriek tomu hravo unesie va\u0161e piknikov\u00e9 vybavenie a m\u00e1 dokonca aj robustn\u00fd dr\u017eiak na poh\u00e1r &#8211; tak\u017ee si m\u00f4\u017eete u svojho ob\u013e\u00faben\u00e9mu baristu spravi\u0165 cestou objedn\u00e1vku.<\/p>\n<p><strong>Cena: <\/strong>50 \u20ac<\/p>\n<h2><strong>Bobbin Steel oce\u013eov\u00fd ko\u0161\u00edk\u00a0<\/strong><\/h2>\n<p><a href=\"https:\/\/d2p6e6u75xmxt8.cloudfront.net\/2\/2021\/07\/Bobbin-bicycle-basket.jpg\"><img loading=\"lazy\" decoding=\"async\" class=\"alignnone size-large wp-image-12450\" src=\"https:\/\/d2p6e6u75xmxt8.cloudfront.net\/4\/2021\/07\/Bobbin-bicycle-basket-1024x684.jpg\" alt=\"Bobbin steel front basket\" width=\"1024\" height=\"684\" \/><\/a><\/p>\n<p>Forma a funkcia sa stret\u00e1vaj\u00fa v tomto priamo\u010diarom, ale elegantnom ko\u0161\u00edku. Ko\u0161\u00edk je vyroben\u00fd z ocele a v\u010faka pr\u00e1\u0161kov\u00e9mu n\u00e1streku vyzer\u00e1 elegantne, pon\u00faka vysok\u00fa odolnos\u0165 a prisp\u00f4sob\u00ed sa ka\u017ed\u00e9mu bicyklu s riadidlami s priemerom 22,2 mm a kolesami s rozmerom 26\u201c. Jednoduch\u00fd dizajn je v ponuke v matnom striebornom alebo lesklom \u010diernom preveden\u00ed a dod\u00e1va sa so v\u0161etk\u00fdm pr\u00edslu\u0161enstvom, ktor\u00e9 potrebujete. Je to perfektn\u00fd cyklistick\u00fd ko\u0161\u00edk pre t\u00fdch, ktor\u00ed maj\u00fa radi decentn\u00fd \u0161t\u00fdl a chc\u00fa produkt, ktor\u00fd vydr\u017e\u00ed.<\/p>\n<p><strong>Cena: <\/strong>39 \u20ac<\/p>\n<h2><strong>Wald 582 skladac\u00ed zadn\u00fd ko\u0161\u00edk<\/strong><\/h2>\n<p><a href=\"https:\/\/d2p6e6u75xmxt8.cloudfront.net\/2\/2021\/07\/Wald_folding_basket_for_bicycle.jpg\"><img loading=\"lazy\" decoding=\"async\" class=\"alignnone size-large wp-image-12451\" src=\"https:\/\/d2p6e6u75xmxt8.cloudfront.net\/4\/2021\/07\/Wald_folding_basket_for_bicycle-1024x973.jpg\" alt=\"Wald bicycle basket\" width=\"1024\" height=\"973\" \/><\/a><\/p>\n<p>Tento elegantn\u00fd ko\u0161\u00edk na bicykel sa montuje na boky zadn\u00e9ho nosi\u010da a pohodlne sa sklop\u00ed k bicyklu, ke\u010f ho nepou\u017e\u00edvate. Jedn\u00e1 sa v podstate o ko\u0161\u00edk pre t\u00fdch, ktor\u00ed chc\u00fa zv\u00fd\u0161i\u0165 svoju prepravn\u00fa kapacitu bez zmeny vzh\u013eadu svojho bicykla. Je mimoriadne \u013eahk\u00fd a jednoducho sa pripevn\u00ed na bo\u010dn\u00fa \u010das\u0165 v\u00e4\u010d\u0161iny zadn\u00fdch nosi\u010dov pomocou troch skrutkovac\u00edch svoriek. V rozlo\u017eenom stave je n\u00e1kladn\u00fd priestor \u0161irok\u00fd asi 33 cm a hlbok\u00fd 18 cm. A ak skuto\u010dne chcete zv\u00fd\u0161i\u0165 svoje prepravn\u00e9 mo\u017enosti, m\u00f4\u017eete si umiestni\u0165 jeden tak\u00fdto ko\u0161\u00edk na ka\u017ed\u00fa stranu bicykla.<\/p>\n<p><strong>Cena:<\/strong> 34 \u20ac<\/p>\n<h2><strong>ANZOME, skladac\u00ed ko\u0161\u00edk pre psov a ma\u010dky<\/strong><\/h2>\n<p><a href=\"https:\/\/d2p6e6u75xmxt8.cloudfront.net\/2\/2021\/07\/Anzome_dog_bicycle_basket.jpg\"><img loading=\"lazy\" decoding=\"async\" class=\"alignnone size-large wp-image-12452\" src=\"https:\/\/d2p6e6u75xmxt8.cloudfront.net\/4\/2021\/07\/Anzome_dog_bicycle_basket-1024x789.jpg\" alt=\"ANZOME Pet Carrier\" width=\"1024\" height=\"789\" \/><\/a><\/p>\n<p>Ak h\u013ead\u00e1te cyklistick\u00fd ko\u0161\u00edk a chcete odviez\u0165 aj svojho najlep\u0161ieho psieho priate\u013ea, vysk\u00fa\u0161ajte tento model od spolo\u010dnosti ANZOME. Je \u013eahko odn\u00edmate\u013en\u00fd a sklopn\u00fd, pri\u010dom pri preprave dom\u00e1ceho mil\u00e1\u010dika st\u00e1le pon\u00faka v\u0161etko, \u010do potrebujete. Je ide\u00e1lny pre mal\u00e9 psy a pojme dom\u00e1ce zvierat\u00e1 s hmotnos\u0165ou a\u017e 5 kg. A ak sa ho rozhodnete pou\u017ei\u0165 ako ko\u0161\u00edk na bicykel pre psa, ocen\u00edte r\u00fdchle uvo\u013enenie, preto\u017ee ko\u0161\u00edk na bicykel m\u00f4\u017eete pohodlne zlo\u017ei\u0165 a pou\u017ei\u0165 ho ako pelech alebo ako prepravku do automobilu. Je tie\u017e \u013eahko \u010distite\u013en\u00fd, tak\u017ee sa nemus\u00edte stresova\u0165, ak sa v\u00e1\u0161 ps\u00edk v parku trochu za\u0161pin\u00ed.<\/p>\n<p><strong>Cena: <\/strong>25 \u20ac<\/p>\n<h2><strong>Topeak Unisex TrolleyTote skladac\u00ed zadn\u00fd ko\u0161\u00edk<\/strong><\/h2>\n<p><a href=\"https:\/\/d2p6e6u75xmxt8.cloudfront.net\/4\/2021\/07\/TOPEAK-Bicycle-basket.jpg\"><img loading=\"lazy\" decoding=\"async\" class=\"alignnone size-full wp-image-12453\" src=\"https:\/\/d2p6e6u75xmxt8.cloudfront.net\/4\/2021\/07\/TOPEAK-Bicycle-basket.jpg\" alt=\"Topeak Bicycle Basket\" width=\"960\" height=\"720\" \/><\/a><\/p>\n<p>Ak by ste chceli, aby ste s ko\u0161\u00edkom mohli nakupova\u0165 v potravin\u00e1ch a z\u00e1rove\u0148 ho odviez\u0165 na bicykli, je tento ko\u0161\u00edk ve\u013emi dobrou vo\u013ebou. Pon\u00faka teleskopick\u00fa rukov\u00e4\u0165 a pojazdov\u00e9 kolieska pre \u013eahk\u00fa manipul\u00e1ciu a odoln\u00fd r\u00e1m s ve\u013ekou kapacitou. Je skladac\u00ed pre jednoduch\u00e9 skladovanie. TrolleyTote je kompatibiln\u00fd s \u00fachytom MTX QuickTrack\u00ae pre bezpe\u010dn\u00e9 nasadenie a vybratie na v\u0161etk\u00fdch stojanoch Topeak MTX. S objemom 25 l a maxim\u00e1lnym za\u0165a\u017een\u00edm 9 kg v \u0148om n\u00e1jdete spo\u013eahliv\u00e9ho spolo\u010dn\u00edka schopn\u00e9ho uspokoji\u0165 va\u0161e potreby.<\/p>\n<p><strong>Cena:<\/strong> 67 \u20ac<\/p>\n","protected":false},"excerpt":{"rendered":"<p>Cyklistick\u00e9 ko\u0161\u00edky pre\u0161li za posledn\u00e9 desa\u0165ro\u010die dlh\u00fa cestu. Najob\u013e\u00fabenej\u0161ie s\u00fa st\u00e1le klasick\u00e9 pleten\u00e9 ko\u0161\u00edky, podobn\u00e9 t\u00fdm, s ktor\u00fdmi chod\u00edte na [&hellip;]<\/p>\n","protected":false},"author":81,"featured_media":12455,"comment_status":"open","ping_status":"open","sticky":false,"template":"","format":"standard","meta":{"footnotes":""},"categories":[52],"tags":[1375,566,596,669,215,931],"global-categories":[],"class_list":["post-12447","post","type-post","status-publish","format-standard","has-post-thumbnail","hentry","category-nakupny-poradca","tag-kosik-na-bicykel","tag-leto","tag-mestsky-bicykel","tag-nakup","tag-nakupny-poradca","tag-odporucame"],"yoast_head":"<!-- This site is optimized with the Yoast SEO Premium plugin v25.3 (Yoast SEO v25.9) - https:\/\/yoast.com\/wordpress\/plugins\/seo\/ -->\n<title>Najlep\u0161ie ko\u0161\u00edky na bicykle - \u0160koda We Love Cycling Slovensko<\/title>\n<meta name=\"description\" content=\"Najob\u013e\u00fabenej\u0161ie s\u00fa st\u00e1le klasick\u00e9 pleten\u00e9 ko\u0161\u00edky, podobn\u00e9 t\u00fdm, s ktor\u00fdmi chod\u00edte na n\u00e1kup, ale trh teraz pon\u00faka \u0161irok\u00fa \u0161k\u00e1lu ko\u0161\u00edkov.\" \/>\n<meta name=\"robots\" content=\"index, follow, max-snippet:-1, max-image-preview:large, max-video-preview:-1\" \/>\n<link rel=\"canonical\" href=\"https:\/\/www.welovecycling.com\/sk\/2021\/08\/23\/najlepsie-kosiky-na-bicykle\/\" \/>\n<meta property=\"og:locale\" content=\"sk_SK\" \/>\n<meta property=\"og:type\" content=\"article\" \/>\n<meta property=\"og:title\" content=\"Najlep\u0161ie ko\u0161\u00edky na bicykle pre va\u0161e letn\u00e9 v\u00fdlety\" \/>\n<meta property=\"og:description\" content=\"Najob\u013e\u00fabenej\u0161ie s\u00fa st\u00e1le klasick\u00e9 pleten\u00e9 ko\u0161\u00edky, podobn\u00e9 t\u00fdm, s ktor\u00fdmi chod\u00edte na n\u00e1kup, ale trh teraz pon\u00faka \u0161irok\u00fa \u0161k\u00e1lu ko\u0161\u00edkov.\" \/>\n<meta property=\"og:url\" content=\"https:\/\/www.welovecycling.com\/sk\/2021\/08\/23\/najlepsie-kosiky-na-bicykle\/\" \/>\n<meta property=\"og:site_name\" content=\"\u0160koda We Love Cycling Slovensko\" \/>\n<meta property=\"article:published_time\" content=\"2021-08-23T08:00:34+00:00\" \/>\n<meta property=\"article:modified_time\" content=\"2021-10-08T12:50:08+00:00\" \/>\n<meta property=\"og:image\" content=\"https:\/\/d2p6e6u75xmxt8.cloudfront.net\/4\/2021\/07\/Bicycle-baskets-profimedia-0353548734-CVR.webp\" \/>\n\t<meta property=\"og:image:width\" content=\"1366\" \/>\n\t<meta property=\"og:image:height\" content=\"600\" \/>\n\t<meta property=\"og:image:type\" content=\"image\/webp\" \/>\n<meta name=\"twitter:card\" content=\"summary_large_image\" \/>\n<meta name=\"twitter:label1\" content=\"Written by\" \/>\n\t<meta name=\"twitter:data1\" content=\"Megan Flottorp\" \/>\n\t<meta name=\"twitter:label2\" content=\"Est. reading time\" \/>\n\t<meta name=\"twitter:data2\" content=\"6\" \/>\n<script type=\"application\/ld+json\" class=\"yoast-schema-graph\">{\"@context\":\"https:\/\/schema.org\",\"@graph\":[{\"@type\":\"WebPage\",\"@id\":\"https:\/\/www.welovecycling.com\/sk\/2021\/08\/23\/najlepsie-kosiky-na-bicykle\/\",\"url\":\"https:\/\/www.welovecycling.com\/sk\/2021\/08\/23\/najlepsie-kosiky-na-bicykle\/\",\"name\":\"Najlep\u0161ie ko\u0161\u00edky na bicykle - \u0160koda We Love Cycling Slovensko\",\"isPartOf\":{\"@id\":\"https:\/\/www.welovecycling.com\/sk\/#website\"},\"primaryImageOfPage\":{\"@id\":\"https:\/\/www.welovecycling.com\/sk\/2021\/08\/23\/najlepsie-kosiky-na-bicykle\/#primaryimage\"},\"image\":{\"@id\":\"https:\/\/www.welovecycling.com\/sk\/2021\/08\/23\/najlepsie-kosiky-na-bicykle\/#primaryimage\"},\"thumbnailUrl\":\"https:\/\/d2p6e6u75xmxt8.cloudfront.net\/4\/2021\/07\/Bicycle-baskets-profimedia-0353548734-CVR.webp\",\"datePublished\":\"2021-08-23T08:00:34+00:00\",\"dateModified\":\"2021-10-08T12:50:08+00:00\",\"author\":{\"@id\":\"\"},\"description\":\"Najob\u013e\u00fabenej\u0161ie s\u00fa st\u00e1le klasick\u00e9 pleten\u00e9 ko\u0161\u00edky, podobn\u00e9 t\u00fdm, s ktor\u00fdmi chod\u00edte na n\u00e1kup, ale trh teraz pon\u00faka \u0161irok\u00fa \u0161k\u00e1lu ko\u0161\u00edkov.\",\"breadcrumb\":{\"@id\":\"https:\/\/www.welovecycling.com\/sk\/2021\/08\/23\/najlepsie-kosiky-na-bicykle\/#breadcrumb\"},\"inLanguage\":\"sk-SK\",\"potentialAction\":[{\"@type\":\"ReadAction\",\"target\":[\"https:\/\/www.welovecycling.com\/sk\/2021\/08\/23\/najlepsie-kosiky-na-bicykle\/\"]}]},{\"@type\":\"ImageObject\",\"inLanguage\":\"sk-SK\",\"@id\":\"https:\/\/www.welovecycling.com\/sk\/2021\/08\/23\/najlepsie-kosiky-na-bicykle\/#primaryimage\",\"url\":\"https:\/\/d2p6e6u75xmxt8.cloudfront.net\/4\/2021\/07\/Bicycle-baskets-profimedia-0353548734-CVR.webp\",\"contentUrl\":\"https:\/\/d2p6e6u75xmxt8.cloudfront.net\/4\/2021\/07\/Bicycle-baskets-profimedia-0353548734-CVR.webp\",\"width\":1366,\"height\":600,\"caption\":\"Bicycle baskets\"},{\"@type\":\"BreadcrumbList\",\"@id\":\"https:\/\/www.welovecycling.com\/sk\/2021\/08\/23\/najlepsie-kosiky-na-bicykle\/#breadcrumb\",\"itemListElement\":[{\"@type\":\"ListItem\",\"position\":1,\"name\":\"Home\",\"item\":\"https:\/\/www.welovecycling.com\/sk\/\"},{\"@type\":\"ListItem\",\"position\":2,\"name\":\"Najlep\u0161ie ko\u0161\u00edky na bicykle pre va\u0161e letn\u00e9 v\u00fdlety\"}]},{\"@type\":\"WebSite\",\"@id\":\"https:\/\/www.welovecycling.com\/sk\/#website\",\"url\":\"https:\/\/www.welovecycling.com\/sk\/\",\"name\":\"\u0160koda We Love Cycling Slovensko\",\"description\":\"\u0160koda We Love Cycling Slovensko je v\u00e1\u0161 ka\u017edodenn\u00fd zdroj noviniek a in\u0161pir\u00e1cie z sveta cyklistiky\",\"potentialAction\":[{\"@type\":\"SearchAction\",\"target\":{\"@type\":\"EntryPoint\",\"urlTemplate\":\"https:\/\/www.welovecycling.com\/sk\/?s={search_term_string}\"},\"query-input\":{\"@type\":\"PropertyValueSpecification\",\"valueRequired\":true,\"valueName\":\"search_term_string\"}}],\"inLanguage\":\"sk-SK\"},{\"@type\":\"Person\",\"@id\":\"\",\"url\":\"https:\/\/www.welovecycling.com\/sk\/author\/\"}]}<\/script>\n<!-- \/ Yoast SEO Premium plugin. -->","yoast_head_json":{"title":"Najlep\u0161ie ko\u0161\u00edky na bicykle - \u0160koda We Love Cycling Slovensko","description":"Najob\u013e\u00fabenej\u0161ie s\u00fa st\u00e1le klasick\u00e9 pleten\u00e9 ko\u0161\u00edky, podobn\u00e9 t\u00fdm, s ktor\u00fdmi chod\u00edte na n\u00e1kup, ale trh teraz pon\u00faka \u0161irok\u00fa \u0161k\u00e1lu ko\u0161\u00edkov.","robots":{"index":"index","follow":"follow","max-snippet":"max-snippet:-1","max-image-preview":"max-image-preview:large","max-video-preview":"max-video-preview:-1"},"canonical":"https:\/\/www.welovecycling.com\/sk\/2021\/08\/23\/najlepsie-kosiky-na-bicykle\/","og_locale":"sk_SK","og_type":"article","og_title":"Najlep\u0161ie ko\u0161\u00edky na bicykle pre va\u0161e letn\u00e9 v\u00fdlety","og_description":"Najob\u013e\u00fabenej\u0161ie s\u00fa st\u00e1le klasick\u00e9 pleten\u00e9 ko\u0161\u00edky, podobn\u00e9 t\u00fdm, s ktor\u00fdmi chod\u00edte na n\u00e1kup, ale trh teraz pon\u00faka \u0161irok\u00fa \u0161k\u00e1lu ko\u0161\u00edkov.","og_url":"https:\/\/www.welovecycling.com\/sk\/2021\/08\/23\/najlepsie-kosiky-na-bicykle\/","og_site_name":"\u0160koda We Love Cycling Slovensko","article_published_time":"2021-08-23T08:00:34+00:00","article_modified_time":"2021-10-08T12:50:08+00:00","og_image":[{"width":1366,"height":600,"url":"https:\/\/d2p6e6u75xmxt8.cloudfront.net\/4\/2021\/07\/Bicycle-baskets-profimedia-0353548734-CVR.webp","type":"image\/webp"}],"twitter_card":"summary_large_image","twitter_misc":{"Written by":"Megan Flottorp","Est. reading time":"6"},"schema":{"@context":"https:\/\/schema.org","@graph":[{"@type":"WebPage","@id":"https:\/\/www.welovecycling.com\/sk\/2021\/08\/23\/najlepsie-kosiky-na-bicykle\/","url":"https:\/\/www.welovecycling.com\/sk\/2021\/08\/23\/najlepsie-kosiky-na-bicykle\/","name":"Najlep\u0161ie ko\u0161\u00edky na bicykle - \u0160koda We Love Cycling Slovensko","isPartOf":{"@id":"https:\/\/www.welovecycling.com\/sk\/#website"},"primaryImageOfPage":{"@id":"https:\/\/www.welovecycling.com\/sk\/2021\/08\/23\/najlepsie-kosiky-na-bicykle\/#primaryimage"},"image":{"@id":"https:\/\/www.welovecycling.com\/sk\/2021\/08\/23\/najlepsie-kosiky-na-bicykle\/#primaryimage"},"thumbnailUrl":"https:\/\/d2p6e6u75xmxt8.cloudfront.net\/4\/2021\/07\/Bicycle-baskets-profimedia-0353548734-CVR.webp","datePublished":"2021-08-23T08:00:34+00:00","dateModified":"2021-10-08T12:50:08+00:00","author":{"@id":""},"description":"Najob\u013e\u00fabenej\u0161ie s\u00fa st\u00e1le klasick\u00e9 pleten\u00e9 ko\u0161\u00edky, podobn\u00e9 t\u00fdm, s ktor\u00fdmi chod\u00edte na n\u00e1kup, ale trh teraz pon\u00faka \u0161irok\u00fa \u0161k\u00e1lu ko\u0161\u00edkov.","breadcrumb":{"@id":"https:\/\/www.welovecycling.com\/sk\/2021\/08\/23\/najlepsie-kosiky-na-bicykle\/#breadcrumb"},"inLanguage":"sk-SK","potentialAction":[{"@type":"ReadAction","target":["https:\/\/www.welovecycling.com\/sk\/2021\/08\/23\/najlepsie-kosiky-na-bicykle\/"]}]},{"@type":"ImageObject","inLanguage":"sk-SK","@id":"https:\/\/www.welovecycling.com\/sk\/2021\/08\/23\/najlepsie-kosiky-na-bicykle\/#primaryimage","url":"https:\/\/d2p6e6u75xmxt8.cloudfront.net\/4\/2021\/07\/Bicycle-baskets-profimedia-0353548734-CVR.webp","contentUrl":"https:\/\/d2p6e6u75xmxt8.cloudfront.net\/4\/2021\/07\/Bicycle-baskets-profimedia-0353548734-CVR.webp","width":1366,"height":600,"caption":"Bicycle baskets"},{"@type":"BreadcrumbList","@id":"https:\/\/www.welovecycling.com\/sk\/2021\/08\/23\/najlepsie-kosiky-na-bicykle\/#breadcrumb","itemListElement":[{"@type":"ListItem","position":1,"name":"Home","item":"https:\/\/www.welovecycling.com\/sk\/"},{"@type":"ListItem","position":2,"name":"Najlep\u0161ie ko\u0161\u00edky na bicykle pre va\u0161e letn\u00e9 v\u00fdlety"}]},{"@type":"WebSite","@id":"https:\/\/www.welovecycling.com\/sk\/#website","url":"https:\/\/www.welovecycling.com\/sk\/","name":"\u0160koda We Love Cycling Slovensko","description":"\u0160koda We Love Cycling Slovensko je v\u00e1\u0161 ka\u017edodenn\u00fd zdroj noviniek a in\u0161pir\u00e1cie z sveta cyklistiky","potentialAction":[{"@type":"SearchAction","target":{"@type":"EntryPoint","urlTemplate":"https:\/\/www.welovecycling.com\/sk\/?s={search_term_string}"},"query-input":{"@type":"PropertyValueSpecification","valueRequired":true,"valueName":"search_term_string"}}],"inLanguage":"sk-SK"},{"@type":"Person","@id":"","url":"https:\/\/www.welovecycling.com\/sk\/author\/"}]}},"_links":{"self":[{"href":"https:\/\/www.welovecycling.com\/sk\/wp-json\/wp\/v2\/posts\/12447","targetHints":{"allow":["GET"]}}],"collection":[{"href":"https:\/\/www.welovecycling.com\/sk\/wp-json\/wp\/v2\/posts"}],"about":[{"href":"https:\/\/www.welovecycling.com\/sk\/wp-json\/wp\/v2\/types\/post"}],"author":[{"embeddable":true,"href":"https:\/\/www.welovecycling.com\/sk\/wp-json\/wp\/v2\/users\/81"}],"replies":[{"embeddable":true,"href":"https:\/\/www.welovecycling.com\/sk\/wp-json\/wp\/v2\/comments?post=12447"}],"version-history":[{"count":2,"href":"https:\/\/www.welovecycling.com\/sk\/wp-json\/wp\/v2\/posts\/12447\/revisions"}],"predecessor-version":[{"id":12457,"href":"https:\/\/www.welovecycling.com\/sk\/wp-json\/wp\/v2\/posts\/12447\/revisions\/12457"}],"wp:featuredmedia":[{"embeddable":true,"href":"https:\/\/www.welovecycling.com\/sk\/wp-json\/wp\/v2\/media\/12455"}],"wp:attachment":[{"href":"https:\/\/www.welovecycling.com\/sk\/wp-json\/wp\/v2\/media?parent=12447"}],"wp:term":[{"taxonomy":"category","embeddable":true,"href":"https:\/\/www.welovecycling.com\/sk\/wp-json\/wp\/v2\/categories?post=12447"},{"taxonomy":"post_tag","embeddable":true,"href":"https:\/\/www.welovecycling.com\/sk\/wp-json\/wp\/v2\/tags?post=12447"},{"taxonomy":"global-categories","embeddable":true,"href":"https:\/\/www.welovecycling.com\/sk\/wp-json\/wp\/v2\/global-categories?post=12447"}],"curies":[{"name":"wp","href":"https:\/\/api.w.org\/{rel}","templated":true}]}}