{"id":12370,"date":"2021-08-11T10:00:42","date_gmt":"2021-08-11T08:00:42","guid":{"rendered":"https:\/\/www.welovecycling.com\/sk\/?p=12370"},"modified":"2021-10-29T17:00:14","modified_gmt":"2021-10-29T15:00:14","slug":"letape-je-uz-za-dverami-na-co-si-dat-pozor-v-pelotone","status":"publish","type":"post","link":"https:\/\/www.welovecycling.com\/sk\/2021\/08\/11\/letape-je-uz-za-dverami-na-co-si-dat-pozor-v-pelotone\/","title":{"rendered":"L\u2019etape je u\u017e za dverami &#8211; na \u010do si da\u0165 pozor v pelot\u00f3ne?"},"content":{"rendered":"<p><strong>Preteky, ktor\u00e9 sa bud\u00fa kona\u0165 v Bratislave pod z\u00e1\u0161titou franc\u00fazskeho L\u2019etape du Tour de France, bud\u00fa patri\u0165 medzi masovej\u0161ie cestn\u00e9 preteky na Slovensku. Na \u010do by ste si mali da\u0165 pozor pri jazde v pelot\u00f3ne?<\/strong><!--more--><\/p>\n<p>Pri cestn\u00fdch pretekoch sa zaru\u010dene ned\u00e1 vyhn\u00fa\u0165 jazde v pelot\u00f3ne alebo vo v\u00e4\u010d\u0161ej skupine cyklistov. L\u2019etape na Slovensku bude patri\u0165 ur\u010dite medzi cestn\u00e9 preteky s v\u00e4\u010d\u0161\u00edm bal\u00edkom, ako je \u0161tandard na in\u00fdch men\u0161\u00edch cestn\u00fdch pretekoch. <strong>Jazda v bal\u00edku prin\u00e1\u0161a okrem benefitu u\u0161etren\u00fdch s\u00edl pre v\u00e1s aj zodpovednos\u0165 za svoje spr\u00e1vanie v \u0148om.<\/strong> Ja osobne som u\u017e za tie roky jazdenia cestn\u00fdch pretekov nie\u010do za\u017eil a m\u00f4\u017eem v\u00e1m tak nap\u00edsa\u0165 p\u00e1r svojich sk\u00fasenost\u00ed, resp. varovan\u00ed, na \u010do si da\u0165 pozor.<\/p>\n<div data-rows=\"2\" id='gallery-1' class='gallery-rows-2 gallery galleryid-12370 gallery-columns-2 gallery-size-full'><figure class='gallery-item'>\n\t\t\t<div class='gallery-icon landscape'>\n\t\t\t\t<a href='https:\/\/d2p6e6u75xmxt8.cloudfront.net\/4\/2021\/07\/Letape_za-dverami_01.webp'><img loading=\"lazy\" decoding=\"async\" width=\"1200\" height=\"800\" src=\"https:\/\/d2p6e6u75xmxt8.cloudfront.net\/4\/2021\/07\/Letape_za-dverami_01.webp\" class=\"attachment-full size-full\" alt=\"\" aria-describedby=\"gallery-1-12374\" srcset=\"https:\/\/d2p6e6u75xmxt8.cloudfront.net\/4\/2021\/07\/Letape_za-dverami_01.webp 1200w, https:\/\/d2p6e6u75xmxt8.cloudfront.net\/4\/2021\/07\/Letape_za-dverami_01-300x200.webp 300w, https:\/\/d2p6e6u75xmxt8.cloudfront.net\/4\/2021\/07\/Letape_za-dverami_01-1024x683.webp 1024w, https:\/\/d2p6e6u75xmxt8.cloudfront.net\/4\/2021\/07\/Letape_za-dverami_01-768x512.webp 768w, https:\/\/d2p6e6u75xmxt8.cloudfront.net\/4\/2021\/07\/Letape_za-dverami_01-272x182.webp 272w\" sizes=\"auto, (max-width: 1200px) 100vw, 1200px\" \/><\/a>\n\t\t\t<\/div>\n\t\t\t\t<figcaption class='wp-caption-text gallery-caption' id='gallery-1-12374'>\n\t\t\t\t@letapeslovakia\n\t\t\t\t<\/figcaption><\/figure><figure class='gallery-item'>\n\t\t\t<div class='gallery-icon landscape'>\n\t\t\t\t<a href='https:\/\/d2p6e6u75xmxt8.cloudfront.net\/4\/2021\/07\/Letape_za-dverami_02.webp'><img loading=\"lazy\" decoding=\"async\" width=\"1200\" height=\"800\" src=\"https:\/\/d2p6e6u75xmxt8.cloudfront.net\/4\/2021\/07\/Letape_za-dverami_02.webp\" class=\"attachment-full size-full\" alt=\"@letapeslovakia\" aria-describedby=\"gallery-1-12375\" srcset=\"https:\/\/d2p6e6u75xmxt8.cloudfront.net\/4\/2021\/07\/Letape_za-dverami_02.webp 1200w, https:\/\/d2p6e6u75xmxt8.cloudfront.net\/4\/2021\/07\/Letape_za-dverami_02-300x200.webp 300w, https:\/\/d2p6e6u75xmxt8.cloudfront.net\/4\/2021\/07\/Letape_za-dverami_02-1024x683.webp 1024w, https:\/\/d2p6e6u75xmxt8.cloudfront.net\/4\/2021\/07\/Letape_za-dverami_02-768x512.webp 768w, https:\/\/d2p6e6u75xmxt8.cloudfront.net\/4\/2021\/07\/Letape_za-dverami_02-272x182.webp 272w\" sizes=\"auto, (max-width: 1200px) 100vw, 1200px\" \/><\/a>\n\t\t\t<\/div>\n\t\t\t\t<figcaption class='wp-caption-text gallery-caption' id='gallery-1-12375'>\n\t\t\t\t@letapeslovakia\n\t\t\t\t<\/figcaption><\/figure>\n\t\t<\/div>\n        \n<h2><strong>Preteky nie s\u00fa skupinov\u00e1 jazda<\/strong><\/h2>\n<p>Ke\u010f u\u017e m\u00e1te sk\u00fasenosti s jazdou v skupine, tak je to len v\u00fdhoda pre v\u00e1s. Napriek tomu netreba zab\u00fada\u0165, \u017ee skupinov\u00e1 jazda s piatimi kamar\u00e1tmi, ktor\u00ed jazdia za sebou, nie s\u00fa preteky. Predsa len s\u00fa preteky nerv\u00f3znej\u0161ie, ide sa na v\u00fdsledok a pravdepodobne stretnete v pelot\u00f3ne aj silnej\u0161\u00edch jazdcov, ktor\u00ed sa svoje nohy nebud\u00fa b\u00e1\u0165 pou\u017ei\u0165.<\/p>\n<figure id=\"attachment_12376\" aria-describedby=\"caption-attachment-12376\" style=\"width: 1200px\" class=\"wp-caption alignnone\"><a href=\"https:\/\/d2p6e6u75xmxt8.cloudfront.net\/4\/2021\/07\/Letape_za-dverami_03.jpg\"><img loading=\"lazy\" decoding=\"async\" class=\"size-full wp-image-12376\" src=\"https:\/\/d2p6e6u75xmxt8.cloudfront.net\/4\/2021\/07\/Letape_za-dverami_03.jpg\" alt=\"\" width=\"1200\" height=\"800\" \/><\/a><figcaption id=\"caption-attachment-12376\" class=\"wp-caption-text\">@letapeslovakia<\/figcaption><\/figure>\n<h2><strong>Na \u0161tarte na spr\u00e1vne miesto<\/strong><\/h2>\n<p>Pred \u0161tartom ur\u010dite porozm\u00fd\u0161\u013eajte, ak\u00fa m\u00e1te v\u00fdkonnos\u0165 oproti ostatn\u00fdm. Ste silnej\u0161\u00ed? Alebo naopak slab\u0161\u00ed a nem\u00e1te ve\u013ea sk\u00fasenost\u00ed? <strong>Pretek\u00e1ri, ktor\u00ed id\u00fa bojova\u0165 o prv\u00e9 miesta sa ur\u010dite postavia na \u010delo pelot\u00f3nu u\u017e na \u0161tarte, aby to mali jednoduch\u0161ie a neriskovali p\u00e1d.<\/strong> V\u0161eobecne toti\u017e plat\u00ed, \u017ee na \u00faplnom \u010dele, \u010di v druhom alebo tre\u0165om rade jazdia t\u00ed, ktor\u00ed chc\u00fa kontrolova\u0165 preteky a nechc\u00fa skoro spadn\u00fa\u0165.<\/p>\n<div class=\"shortcode-ys-post-pinup\"><article class=\"loop-simple post-12270 post type-post status-publish format-standard has-post-thumbnail hentry category-letape-slovakia tag-bratislava tag-cestna-cyklistika tag-cestny-bicykel tag-letape-slovakia tag-letape-slovakia-by-tour-de-france tag-leto tag-preteky tag-priprava tag-skoda tag-skoda-auto tag-slovensko tag-trening global-categories-cycling\" data-postid=\"12270\" role=\"article\" data-post-id=\"12270\" data-word-count=\"411\" data-headline-length=\"81\" data-category=\"L\u2019Etape Slovakia\" data-global-category=\"Cycling\" data-author=\"WeLoveCycling\" data-published=\"2021-07-22T10:00:38+02:00\" data-published-day=\"Thursday\">\n    <div class=\"entry-thumbnail article-thumbnail\" content=\"https:\/\/d2p6e6u75xmxt8.cloudfront.net\/4\/2021\/07\/Mesiac-do-pretekov-ako-trenovat-na-LEtape-Slovakia-by-Tour-de-France_00-150x150.webp\"><a href=\"https:\/\/www.welovecycling.com\/sk\/2021\/07\/22\/mesiac-do-pretekov-ako-trenovat-na-letape-slovakia-by-tour-de-france\/\" class=\"image-holder\" target=\"_self\"><img decoding=\"async\" loading=\"lazy\" class=\"\" src=\"https:\/\/d2p6e6u75xmxt8.cloudfront.net\/4\/2021\/07\/Mesiac-do-pretekov-ako-trenovat-na-LEtape-Slovakia-by-Tour-de-France_00-1024x445.webp\" srcset=\"https:\/\/d2p6e6u75xmxt8.cloudfront.net\/4\/2021\/07\/Mesiac-do-pretekov-ako-trenovat-na-LEtape-Slovakia-by-Tour-de-France_00.webp 1380w, https:\/\/d2p6e6u75xmxt8.cloudfront.net\/4\/2021\/07\/Mesiac-do-pretekov-ako-trenovat-na-LEtape-Slovakia-by-Tour-de-France_00-300x130.webp 300w, https:\/\/d2p6e6u75xmxt8.cloudfront.net\/4\/2021\/07\/Mesiac-do-pretekov-ako-trenovat-na-LEtape-Slovakia-by-Tour-de-France_00-1024x445.webp 1024w, https:\/\/d2p6e6u75xmxt8.cloudfront.net\/4\/2021\/07\/Mesiac-do-pretekov-ako-trenovat-na-LEtape-Slovakia-by-Tour-de-France_00-768x334.webp 768w\" width=\"1024\" height=\"445\" sizes=\"auto, (min-width: 1200px) 460px, (min-width: 768px) 38vw, 100vw\" alt=\"mesiac-do-pretekov-ako-trenovat-na-letape-slovakia-by-tour-de-france\"\/><\/a><\/div>    <div class=\"entry-meta\">\n        <a class=\"label label-secondary post-category\" href=\"https:\/\/www.welovecycling.com\/sk\/category\/cestna-cyklisitika\/letape-slovakia\/\" title=\"L\u2019Etape Slovakia\">L\u2019Etape Slovakia<\/a>\n    <\/div>\n    <div class=\"entry-details\">\n        <a href=\"https:\/\/www.welovecycling.com\/sk\/2021\/07\/22\/mesiac-do-pretekov-ako-trenovat-na-letape-slovakia-by-tour-de-france\/\" class='entry-title-wrapper'>\n            <h3 class=\"entry-title\"><span>Mesiac do pretekov &#8211; ako tr\u00e9nova\u0165 na L\u2019Etape Slovakia by Tour de France<\/span><\/h3>\n        <\/a>\n    <\/div>\n    <\/article>\n<\/div>\n<p>D\u00f4vod je celkom jednoduch\u00fd. Vpredu viete r\u00fdchlo a promptne reagova\u0165 na n\u00e1stupy a \u00fatoky od va\u0161ej konkurencie. Na strane druhej, \u010d\u00edm menej \u013eud\u00ed je pred vami, tak t\u00fdm ni\u017e\u0161ia je pravdepodobnos\u0165 p\u00e1du niekoho z pretek\u00e1rov a t\u00fdm p\u00e1dom aj v\u00e1\u0161ho p\u00e1du. Keby ste boli niekde v strede pelot\u00f3nu a pred vami niekto spadne, tak je vysoko pravdepodobn\u00e9, \u017ee budete letie\u0165 cez neho.<\/p>\n<figure id=\"attachment_12377\" aria-describedby=\"caption-attachment-12377\" style=\"width: 1200px\" class=\"wp-caption alignnone\"><a href=\"https:\/\/d2p6e6u75xmxt8.cloudfront.net\/4\/2021\/07\/Letape_za-dverami_04.jpg\"><img loading=\"lazy\" decoding=\"async\" class=\"size-full wp-image-12377\" src=\"https:\/\/d2p6e6u75xmxt8.cloudfront.net\/4\/2021\/07\/Letape_za-dverami_04.jpg\" alt=\"\" width=\"1200\" height=\"800\" \/><\/a><figcaption id=\"caption-attachment-12377\" class=\"wp-caption-text\">@letapeslovakia<\/figcaption><\/figure>\n<p>Z toho d\u00f4vodu, ke\u010f nem\u00e1te vysok\u00e9 amb\u00edcie a m\u00e1te ni\u017e\u0161iu v\u00fdkonnos\u0165, tak ne\u0161tartujte z \u010dela pelot\u00f3nu, akur\u00e1t sa zbyto\u010dne skoro unav\u00edte.<\/p>\n<h2><strong>Spr\u00e1va\u0165 sa zodpovedne<\/strong><\/h2>\n<p>Ke\u010f jazd\u00edte v skupine a pozn\u00e1te svojich kamar\u00e1tov, tak k\u013eudne m\u00f4\u017eete jazdi\u0165 aj dva centimetre za ich kolesom. V pelot\u00f3ne to neplat\u00ed a preto odpor\u00fa\u010dam si dr\u017ea\u0165 v\u00e4\u010d\u0161\u00ed odstup, a to z jednoduch\u00e9ho d\u00f4vodu. <strong>\u010cloveka pred vami pravdepodobne nepozn\u00e1te a neviete, ak\u00e9 m\u00e1 sk\u00fasenosti a \u010di v\u00e1m nem\u00f4\u017ee spravi\u0165 vlnu alebo v\u00e1s vybrzdi\u0165.<\/strong> A je asi jasn\u00e9, \u017ee jednoduch\u0161ie sa brzd\u00ed, ke\u010f m\u00e1te pred predn\u00fdm kolesom v\u00e4\u010d\u0161\u00ed priestor.<\/p>\n<p>Plat\u00ed nep\u00edsan\u00e9 pravidlo, \u017ee by ste sa mali spr\u00e1va\u0165 tak, ako chcete, aby sa ostatn\u00ed spr\u00e1vali k v\u00e1m. Preto rozm\u00fd\u0161\u013eajte nad ka\u017ed\u00fdm krokom, \u010do rob\u00edte v pelot\u00f3ne. Ke\u010f sa pelot\u00f3n napr\u00edklad po z\u00e1krute zdvihne a zr\u00fdchli, tak ne\u0161printujte o \u017eivot a aj ke\u010f budete, tak ur\u010dite si dr\u017ete svoju l\u00edniu, aby ste t\u00fdm nikoho neohrozili.<\/p>\n<figure id=\"attachment_12378\" aria-describedby=\"caption-attachment-12378\" style=\"width: 1200px\" class=\"wp-caption alignnone\"><a href=\"https:\/\/d2p6e6u75xmxt8.cloudfront.net\/4\/2021\/07\/Letape_za-dverami_05.jpg\"><img loading=\"lazy\" decoding=\"async\" class=\"size-full wp-image-12378\" src=\"https:\/\/d2p6e6u75xmxt8.cloudfront.net\/4\/2021\/07\/Letape_za-dverami_05.jpg\" alt=\"\" width=\"1200\" height=\"800\" \/><\/a><figcaption id=\"caption-attachment-12378\" class=\"wp-caption-text\">@letapeslovakia<\/figcaption><\/figure>\n<p>Rovnako, ke\u010f sa chcete dosta\u0165 do\u013eava \u010di doprava, tak v\u017edy pou\u017e\u00edvajte ruky a nazna\u010dte to, aby to jazdci okolo v\u00e1s vedeli.<\/p>\n<h2><strong>Neexistuje dokonal\u00e9 miesto<\/strong><\/h2>\n<p>Napriek tomu, \u017ee u\u017e zop\u00e1r desiatok pretekov som absolvoval, st\u00e1le m\u00e1m pred pelot\u00f3nom re\u0161pekt. V\u00e4\u010d\u0161inou sa dr\u017e\u00edm na \u013eavej strane pelot\u00f3nu, preto\u017ee ma to uk\u013eud\u0148uje a m\u00e1m tam viac priestoru a ako bonus, sa m\u00f4\u017eem aj posun\u00fa\u0165 dopredu, ke\u010f to budem potrebova\u0165. Nev\u00fdhodou je, \u017ee si to viac odmak\u00e1m, ke\u010f\u017ee som viac \u201cna vetre\u201d a keby f\u00fakal bo\u010dn\u00fd vietor, tak je to e\u0161te hor\u0161ie.<\/p>\n<p><strong>Ke\u010f si chcete menej zamaka\u0165, tak m\u00f4\u017eete \u00eds\u0165 do stredu pelot\u00f3nu alebo na jeho koniec.<\/strong> Na t\u00fdchto miestach vyu\u017eijete z\u00e1vetrie dokonale a pelot\u00f3n v\u00e1s doslova vcucne a prevezie cez v\u0161etko (okrem kopcov) za v\u00e1\u0161ho minim\u00e1lneho \u00fasilia. Av\u0161ak m\u00e1 to svoje ale, a t\u00fdm je riziko p\u00e1du. Ke\u010f niekto pred vami alebo na \u010dele pelot\u00f3nu spadne a zoberie so sebou viacer\u00fdch, tak sa ve\u013emi \u013eahko ocitnete v kol\u00edzii aj vy. V pr\u00edpade, \u017ee sa jej vyhnete, tak v\u00e1s takmer ur\u010dite spomal\u00ed a \u010delo pretekov v\u00e1m m\u00f4\u017ee ujs\u0165.<\/p>\n<figure id=\"attachment_12379\" aria-describedby=\"caption-attachment-12379\" style=\"width: 1200px\" class=\"wp-caption alignnone\"><a href=\"https:\/\/d2p6e6u75xmxt8.cloudfront.net\/4\/2021\/07\/Letape_za-dverami_06.jpg\"><img loading=\"lazy\" decoding=\"async\" class=\"size-full wp-image-12379\" src=\"https:\/\/d2p6e6u75xmxt8.cloudfront.net\/4\/2021\/07\/Letape_za-dverami_06.jpg\" alt=\"\" width=\"1200\" height=\"800\" \/><\/a><figcaption id=\"caption-attachment-12379\" class=\"wp-caption-text\">@letapeslovakia<\/figcaption><\/figure>\n<p>Jazda \u00faplne vzadu m\u00e1 rovnak\u00e9 rizik\u00e1 a v pr\u00edpade, \u017ee f\u00faka bo\u010dn\u00fd vietor, tak so sebou nesie e\u0161te \u010fal\u0161ie.<strong> Pelot\u00f3n je \u017eiv\u00fd organizmus, ktor\u00e9ho kroky sa nedaj\u00fa odhadova\u0165.<\/strong> Za\u017eil som preteky, ktor\u00e9 boli po cel\u00fd \u010das k\u013eudn\u00e9 a rozhodovalo sa na poslednom kopci pr\u00edpadne v \u0161printe. A potom s\u00fa preteky, kde sa ka\u017ed\u00fa chv\u00ed\u013eu nastupuje a pelot\u00f3n na to reaguje.<\/p>\n<p>Len si to predstavte, nast\u00fapi niekto silnej\u0161\u00ed na \u010dele pelot\u00f3nu a vytvor\u00ed si mal\u00fd odstup. Za n\u00edm v\u0161etci medajlo-chtiv\u00ed nast\u00fapia a sna\u017eia sa medzeru zatvori\u0165. A na t\u00fdchto reaguje cel\u00fd zvy\u0161ok pelot\u00f3nu. V pr\u00edpade, \u017ee ste na jeho chvoste, tak v\u00e1s to m\u00f4\u017ee ve\u013emi nepr\u00edjemne prekvapi\u0165 a jednoducho nestihnete vzniknut\u00fa dieru zavrie\u0165 a ocitnete sa na vetre. Aj ke\u010f sa to na prv\u00fd poh\u013ead nezd\u00e1, tak to vie by\u0165 ve\u013emi nepr\u00edjemn\u00e1 situ\u00e1cia, ktor\u00e1 sa mi u\u017e p\u00e1rkr\u00e1t na pretekoch stala.<\/p>\n<figure id=\"attachment_12380\" aria-describedby=\"caption-attachment-12380\" style=\"width: 1200px\" class=\"wp-caption alignnone\"><a href=\"https:\/\/d2p6e6u75xmxt8.cloudfront.net\/4\/2021\/07\/Letape_za-dverami_07.jpg\"><img loading=\"lazy\" decoding=\"async\" class=\"size-full wp-image-12380\" src=\"https:\/\/d2p6e6u75xmxt8.cloudfront.net\/4\/2021\/07\/Letape_za-dverami_07.jpg\" alt=\"\" width=\"1200\" height=\"800\" \/><\/a><figcaption id=\"caption-attachment-12380\" class=\"wp-caption-text\">@letapeslovakia<\/figcaption><\/figure>\n<h2><strong>Hlavne s k\u013eudnou hlavou<\/strong><\/h2>\n<p>Jazdi\u0165 v pelot\u00f3ne nie je n\u00e1ro\u010dn\u00e9 a v pr\u00edpade L\u2019etape to bude p\u00e1r desiatok kilometrov, k\u00fdm sa dostanete na prv\u00fd kopec, kde sa to cel\u00e9 natiahne a rozbije na skupinky. <strong>K\u013e\u00fa\u010dov\u00e9 je si udr\u017ea\u0165 chladn\u00fa hlavu a rozm\u00fd\u0161\u013ea\u0165 nad ka\u017ed\u00fdm krokom, ktor\u00fd chcete spravi\u0165.<\/strong> Neodpor\u00fa\u010dam robi\u0165 n\u00e1hle nepredv\u00eddate\u013en\u00e9 pohyby \ud83d\ude0a.<\/p>\n<p>Zdroj foto: @letapeslovakia<\/p>\n","protected":false},"excerpt":{"rendered":"<p>Preteky, ktor\u00e9 sa bud\u00fa kona\u0165 v Bratislave pod z\u00e1\u0161titou franc\u00fazskeho L\u2019etape du Tour de France, bud\u00fa patri\u0165 medzi masovej\u0161ie cestn\u00e9 [&hellip;]<\/p>\n","protected":false},"author":81,"featured_media":12551,"comment_status":"open","ping_status":"open","sticky":false,"template":"","format":"standard","meta":{"footnotes":""},"categories":[4,1350],"tags":[521,115,331,941,1351,1372,176,179,542,92,523],"global-categories":[],"class_list":["post-12370","post","type-post","status-publish","format-standard","has-post-thumbnail","hentry","category-cestna-cyklisitika","category-letape-slovakia","tag-bratislava","tag-cestna-cyklistika","tag-etapove-preteky","tag-jazda-v-pelotone","tag-letape-slovakia","tag-letape-slovakia-by-tour-de-france","tag-peloton","tag-preteky","tag-skoda","tag-skoda-tim","tag-slovensko"],"yoast_head":"<!-- This site is optimized with the Yoast SEO Premium plugin v25.3 (Yoast SEO v25.9) - https:\/\/yoast.com\/wordpress\/plugins\/seo\/ -->\n<title>L\u2019etape je u\u017e za dverami. Na \u010do si da\u0165 pozor v pelot\u00f3ne? - We Love Cycling<\/title>\n<meta name=\"description\" content=\"Preteky sa kona\u0165 v Bratislave pod z\u00e1\u0161titou franc\u00fazskeho L\u2019etape du Tour de France, bud\u00fa patri\u0165 medzi masovej\u0161ie cestn\u00e9 preteky na Slovensku.\" \/>\n<meta name=\"robots\" content=\"index, follow, max-snippet:-1, max-image-preview:large, max-video-preview:-1\" \/>\n<link rel=\"canonical\" href=\"https:\/\/www.welovecycling.com\/sk\/2021\/08\/11\/letape-je-uz-za-dverami-na-co-si-dat-pozor-v-pelotone\/\" \/>\n<meta property=\"og:locale\" content=\"sk_SK\" \/>\n<meta property=\"og:type\" content=\"article\" \/>\n<meta property=\"og:title\" content=\"L\u2019etape je u\u017e za dverami - na \u010do si da\u0165 pozor v pelot\u00f3ne?\" \/>\n<meta property=\"og:description\" content=\"Preteky sa kona\u0165 v Bratislave pod z\u00e1\u0161titou franc\u00fazskeho L\u2019etape du Tour de France, bud\u00fa patri\u0165 medzi masovej\u0161ie cestn\u00e9 preteky na Slovensku.\" \/>\n<meta property=\"og:url\" content=\"https:\/\/www.welovecycling.com\/sk\/2021\/08\/11\/letape-je-uz-za-dverami-na-co-si-dat-pozor-v-pelotone\/\" \/>\n<meta property=\"og:site_name\" content=\"\u0160koda We Love Cycling Slovensko\" \/>\n<meta property=\"article:published_time\" content=\"2021-08-11T08:00:42+00:00\" \/>\n<meta property=\"article:modified_time\" content=\"2021-10-29T15:00:14+00:00\" \/>\n<meta property=\"og:image\" content=\"https:\/\/d2p6e6u75xmxt8.cloudfront.net\/4\/2021\/08\/Letape_00.webp\" \/>\n\t<meta property=\"og:image:width\" content=\"1380\" \/>\n\t<meta property=\"og:image:height\" content=\"600\" \/>\n\t<meta property=\"og:image:type\" content=\"image\/webp\" \/>\n<meta name=\"twitter:card\" content=\"summary_large_image\" \/>\n<meta name=\"twitter:label1\" content=\"Written by\" \/>\n\t<meta name=\"twitter:data1\" content=\"WeLoveCycling\" \/>\n\t<meta name=\"twitter:label2\" content=\"Est. reading time\" \/>\n\t<meta name=\"twitter:data2\" content=\"4\" \/>\n<script type=\"application\/ld+json\" class=\"yoast-schema-graph\">{\"@context\":\"https:\/\/schema.org\",\"@graph\":[{\"@type\":\"WebPage\",\"@id\":\"https:\/\/www.welovecycling.com\/sk\/2021\/08\/11\/letape-je-uz-za-dverami-na-co-si-dat-pozor-v-pelotone\/\",\"url\":\"https:\/\/www.welovecycling.com\/sk\/2021\/08\/11\/letape-je-uz-za-dverami-na-co-si-dat-pozor-v-pelotone\/\",\"name\":\"L\u2019etape je u\u017e za dverami. Na \u010do si da\u0165 pozor v pelot\u00f3ne? - We Love Cycling\",\"isPartOf\":{\"@id\":\"https:\/\/www.welovecycling.com\/sk\/#website\"},\"primaryImageOfPage\":{\"@id\":\"https:\/\/www.welovecycling.com\/sk\/2021\/08\/11\/letape-je-uz-za-dverami-na-co-si-dat-pozor-v-pelotone\/#primaryimage\"},\"image\":{\"@id\":\"https:\/\/www.welovecycling.com\/sk\/2021\/08\/11\/letape-je-uz-za-dverami-na-co-si-dat-pozor-v-pelotone\/#primaryimage\"},\"thumbnailUrl\":\"https:\/\/d2p6e6u75xmxt8.cloudfront.net\/4\/2021\/08\/Letape_00.webp\",\"datePublished\":\"2021-08-11T08:00:42+00:00\",\"dateModified\":\"2021-10-29T15:00:14+00:00\",\"author\":{\"@id\":\"\"},\"description\":\"Preteky sa kona\u0165 v Bratislave pod z\u00e1\u0161titou franc\u00fazskeho L\u2019etape du Tour de France, bud\u00fa patri\u0165 medzi masovej\u0161ie cestn\u00e9 preteky na Slovensku.\",\"breadcrumb\":{\"@id\":\"https:\/\/www.welovecycling.com\/sk\/2021\/08\/11\/letape-je-uz-za-dverami-na-co-si-dat-pozor-v-pelotone\/#breadcrumb\"},\"inLanguage\":\"sk-SK\",\"potentialAction\":[{\"@type\":\"ReadAction\",\"target\":[\"https:\/\/www.welovecycling.com\/sk\/2021\/08\/11\/letape-je-uz-za-dverami-na-co-si-dat-pozor-v-pelotone\/\"]}]},{\"@type\":\"ImageObject\",\"inLanguage\":\"sk-SK\",\"@id\":\"https:\/\/www.welovecycling.com\/sk\/2021\/08\/11\/letape-je-uz-za-dverami-na-co-si-dat-pozor-v-pelotone\/#primaryimage\",\"url\":\"https:\/\/d2p6e6u75xmxt8.cloudfront.net\/4\/2021\/08\/Letape_00.webp\",\"contentUrl\":\"https:\/\/d2p6e6u75xmxt8.cloudfront.net\/4\/2021\/08\/Letape_00.webp\",\"width\":1380,\"height\":600},{\"@type\":\"BreadcrumbList\",\"@id\":\"https:\/\/www.welovecycling.com\/sk\/2021\/08\/11\/letape-je-uz-za-dverami-na-co-si-dat-pozor-v-pelotone\/#breadcrumb\",\"itemListElement\":[{\"@type\":\"ListItem\",\"position\":1,\"name\":\"Home\",\"item\":\"https:\/\/www.welovecycling.com\/sk\/\"},{\"@type\":\"ListItem\",\"position\":2,\"name\":\"L\u2019etape je u\u017e za dverami &#8211; na \u010do si da\u0165 pozor v pelot\u00f3ne?\"}]},{\"@type\":\"WebSite\",\"@id\":\"https:\/\/www.welovecycling.com\/sk\/#website\",\"url\":\"https:\/\/www.welovecycling.com\/sk\/\",\"name\":\"\u0160koda We Love Cycling Slovensko\",\"description\":\"\u0160koda We Love Cycling Slovensko je v\u00e1\u0161 ka\u017edodenn\u00fd zdroj noviniek a in\u0161pir\u00e1cie z sveta cyklistiky\",\"potentialAction\":[{\"@type\":\"SearchAction\",\"target\":{\"@type\":\"EntryPoint\",\"urlTemplate\":\"https:\/\/www.welovecycling.com\/sk\/?s={search_term_string}\"},\"query-input\":{\"@type\":\"PropertyValueSpecification\",\"valueRequired\":true,\"valueName\":\"search_term_string\"}}],\"inLanguage\":\"sk-SK\"},{\"@type\":\"Person\",\"@id\":\"\",\"url\":\"https:\/\/www.welovecycling.com\/sk\/author\/\"}]}<\/script>\n<!-- \/ Yoast SEO Premium plugin. -->","yoast_head_json":{"title":"L\u2019etape je u\u017e za dverami. Na \u010do si da\u0165 pozor v pelot\u00f3ne? - We Love Cycling","description":"Preteky sa kona\u0165 v Bratislave pod z\u00e1\u0161titou franc\u00fazskeho L\u2019etape du Tour de France, bud\u00fa patri\u0165 medzi masovej\u0161ie cestn\u00e9 preteky na Slovensku.","robots":{"index":"index","follow":"follow","max-snippet":"max-snippet:-1","max-image-preview":"max-image-preview:large","max-video-preview":"max-video-preview:-1"},"canonical":"https:\/\/www.welovecycling.com\/sk\/2021\/08\/11\/letape-je-uz-za-dverami-na-co-si-dat-pozor-v-pelotone\/","og_locale":"sk_SK","og_type":"article","og_title":"L\u2019etape je u\u017e za dverami - na \u010do si da\u0165 pozor v pelot\u00f3ne?","og_description":"Preteky sa kona\u0165 v Bratislave pod z\u00e1\u0161titou franc\u00fazskeho L\u2019etape du Tour de France, bud\u00fa patri\u0165 medzi masovej\u0161ie cestn\u00e9 preteky na Slovensku.","og_url":"https:\/\/www.welovecycling.com\/sk\/2021\/08\/11\/letape-je-uz-za-dverami-na-co-si-dat-pozor-v-pelotone\/","og_site_name":"\u0160koda We Love Cycling Slovensko","article_published_time":"2021-08-11T08:00:42+00:00","article_modified_time":"2021-10-29T15:00:14+00:00","og_image":[{"width":1380,"height":600,"url":"https:\/\/d2p6e6u75xmxt8.cloudfront.net\/4\/2021\/08\/Letape_00.webp","type":"image\/webp"}],"twitter_card":"summary_large_image","twitter_misc":{"Written by":"WeLoveCycling","Est. reading time":"4"},"schema":{"@context":"https:\/\/schema.org","@graph":[{"@type":"WebPage","@id":"https:\/\/www.welovecycling.com\/sk\/2021\/08\/11\/letape-je-uz-za-dverami-na-co-si-dat-pozor-v-pelotone\/","url":"https:\/\/www.welovecycling.com\/sk\/2021\/08\/11\/letape-je-uz-za-dverami-na-co-si-dat-pozor-v-pelotone\/","name":"L\u2019etape je u\u017e za dverami. Na \u010do si da\u0165 pozor v pelot\u00f3ne? - We Love Cycling","isPartOf":{"@id":"https:\/\/www.welovecycling.com\/sk\/#website"},"primaryImageOfPage":{"@id":"https:\/\/www.welovecycling.com\/sk\/2021\/08\/11\/letape-je-uz-za-dverami-na-co-si-dat-pozor-v-pelotone\/#primaryimage"},"image":{"@id":"https:\/\/www.welovecycling.com\/sk\/2021\/08\/11\/letape-je-uz-za-dverami-na-co-si-dat-pozor-v-pelotone\/#primaryimage"},"thumbnailUrl":"https:\/\/d2p6e6u75xmxt8.cloudfront.net\/4\/2021\/08\/Letape_00.webp","datePublished":"2021-08-11T08:00:42+00:00","dateModified":"2021-10-29T15:00:14+00:00","author":{"@id":""},"description":"Preteky sa kona\u0165 v Bratislave pod z\u00e1\u0161titou franc\u00fazskeho L\u2019etape du Tour de France, bud\u00fa patri\u0165 medzi masovej\u0161ie cestn\u00e9 preteky na Slovensku.","breadcrumb":{"@id":"https:\/\/www.welovecycling.com\/sk\/2021\/08\/11\/letape-je-uz-za-dverami-na-co-si-dat-pozor-v-pelotone\/#breadcrumb"},"inLanguage":"sk-SK","potentialAction":[{"@type":"ReadAction","target":["https:\/\/www.welovecycling.com\/sk\/2021\/08\/11\/letape-je-uz-za-dverami-na-co-si-dat-pozor-v-pelotone\/"]}]},{"@type":"ImageObject","inLanguage":"sk-SK","@id":"https:\/\/www.welovecycling.com\/sk\/2021\/08\/11\/letape-je-uz-za-dverami-na-co-si-dat-pozor-v-pelotone\/#primaryimage","url":"https:\/\/d2p6e6u75xmxt8.cloudfront.net\/4\/2021\/08\/Letape_00.webp","contentUrl":"https:\/\/d2p6e6u75xmxt8.cloudfront.net\/4\/2021\/08\/Letape_00.webp","width":1380,"height":600},{"@type":"BreadcrumbList","@id":"https:\/\/www.welovecycling.com\/sk\/2021\/08\/11\/letape-je-uz-za-dverami-na-co-si-dat-pozor-v-pelotone\/#breadcrumb","itemListElement":[{"@type":"ListItem","position":1,"name":"Home","item":"https:\/\/www.welovecycling.com\/sk\/"},{"@type":"ListItem","position":2,"name":"L\u2019etape je u\u017e za dverami &#8211; na \u010do si da\u0165 pozor v pelot\u00f3ne?"}]},{"@type":"WebSite","@id":"https:\/\/www.welovecycling.com\/sk\/#website","url":"https:\/\/www.welovecycling.com\/sk\/","name":"\u0160koda We Love Cycling Slovensko","description":"\u0160koda We Love Cycling Slovensko je v\u00e1\u0161 ka\u017edodenn\u00fd zdroj noviniek a in\u0161pir\u00e1cie z sveta cyklistiky","potentialAction":[{"@type":"SearchAction","target":{"@type":"EntryPoint","urlTemplate":"https:\/\/www.welovecycling.com\/sk\/?s={search_term_string}"},"query-input":{"@type":"PropertyValueSpecification","valueRequired":true,"valueName":"search_term_string"}}],"inLanguage":"sk-SK"},{"@type":"Person","@id":"","url":"https:\/\/www.welovecycling.com\/sk\/author\/"}]}},"_links":{"self":[{"href":"https:\/\/www.welovecycling.com\/sk\/wp-json\/wp\/v2\/posts\/12370","targetHints":{"allow":["GET"]}}],"collection":[{"href":"https:\/\/www.welovecycling.com\/sk\/wp-json\/wp\/v2\/posts"}],"about":[{"href":"https:\/\/www.welovecycling.com\/sk\/wp-json\/wp\/v2\/types\/post"}],"author":[{"embeddable":true,"href":"https:\/\/www.welovecycling.com\/sk\/wp-json\/wp\/v2\/users\/81"}],"replies":[{"embeddable":true,"href":"https:\/\/www.welovecycling.com\/sk\/wp-json\/wp\/v2\/comments?post=12370"}],"version-history":[{"count":2,"href":"https:\/\/www.welovecycling.com\/sk\/wp-json\/wp\/v2\/posts\/12370\/revisions"}],"predecessor-version":[{"id":12509,"href":"https:\/\/www.welovecycling.com\/sk\/wp-json\/wp\/v2\/posts\/12370\/revisions\/12509"}],"wp:featuredmedia":[{"embeddable":true,"href":"https:\/\/www.welovecycling.com\/sk\/wp-json\/wp\/v2\/media\/12551"}],"wp:attachment":[{"href":"https:\/\/www.welovecycling.com\/sk\/wp-json\/wp\/v2\/media?parent=12370"}],"wp:term":[{"taxonomy":"category","embeddable":true,"href":"https:\/\/www.welovecycling.com\/sk\/wp-json\/wp\/v2\/categories?post=12370"},{"taxonomy":"post_tag","embeddable":true,"href":"https:\/\/www.welovecycling.com\/sk\/wp-json\/wp\/v2\/tags?post=12370"},{"taxonomy":"global-categories","embeddable":true,"href":"https:\/\/www.welovecycling.com\/sk\/wp-json\/wp\/v2\/global-categories?post=12370"}],"curies":[{"name":"wp","href":"https:\/\/api.w.org\/{rel}","templated":true}]}}