{"id":12351,"date":"2021-07-26T10:00:04","date_gmt":"2021-07-26T08:00:04","guid":{"rendered":"https:\/\/www.welovecycling.com\/sk\/?p=12351"},"modified":"2021-07-23T09:39:09","modified_gmt":"2021-07-23T07:39:09","slug":"peter-sagan-a-jeho-cesta-na-tour-de-france-v-roku-2021","status":"publish","type":"post","link":"https:\/\/www.welovecycling.com\/sk\/2021\/07\/26\/peter-sagan-a-jeho-cesta-na-tour-de-france-v-roku-2021\/","title":{"rendered":"Peter Sagan a jeho cesta na Tour de France v roku 2021"},"content":{"rendered":"<p><strong>Cyklistika v posledn\u00fdch rokoch za\u017e\u00edva na Slovensku obrovsk\u00fd bum a pozornos\u0165 \u013eud\u00ed. Najv\u00e4\u010d\u0161iu z\u00e1sluhu m\u00e1 na tom jednozna\u010dne najpopul\u00e1rnej\u0161\u00ed \u0161portovec Slovenska a jeden z najlep\u0161\u00edch cyklistov hist\u00f3rie \u2013 Peter Sagan. Ako ka\u017edoro\u010dne, Peter Sagan sa z\u00fa\u010dastnil aj na 108. ro\u010dn\u00edku Tour de France. <\/strong><!--more--><\/p>\n<p>Peter Sagan poch\u00e1dza z krajsk\u00e9ho mesta \u017dilina a od mali\u010dka mal vz\u0165ah k cyklistike. Jeho v\u00e1\u0161e\u0148 k cestnej cyklistike prer\u00e1stla cez horsk\u00fa cyklistiku. Je moment\u00e1lne najzn\u00e1mej\u0161\u00ed \u0161portovec na Slovensku a na svojom konte m\u00e1 7 titulov majstra Slovenska a je 3 n\u00e1sobn\u00fd majster sveta v rade. <strong>Za svoju kari\u00e9ru dok\u00e1zal osemkr\u00e1t vyhra\u0165 zelen\u00fd dres pre najlep\u0161ieho \u0161purt\u00e9ra Tour de France.<\/strong> Moment\u00e1lne jazd\u00ed za nemeck\u00fd team Bora-Hansgrohe a v minulosti pre\u0161iel rukami klubov Dukla Tren\u010d\u00edn-Merida, Liquigas-Doimo a Tinkoff.<\/p>\n<figure id=\"attachment_12360\" aria-describedby=\"caption-attachment-12360\" style=\"width: 1200px\" class=\"wp-caption alignnone\"><a href=\"https:\/\/d2p6e6u75xmxt8.cloudfront.net\/4\/2021\/07\/PS_05.jpg\"><img loading=\"lazy\" decoding=\"async\" src=\"https:\/\/d2p6e6u75xmxt8.cloudfront.net\/4\/2021\/07\/PS_05.jpg\" alt=\"\" width=\"1200\" height=\"800\" class=\"size-full wp-image-12360\" \/><\/a><figcaption id=\"caption-attachment-12360\" class=\"wp-caption-text\">Peter Sagan<\/figcaption><\/figure>\n<p>Po \u00faspe\u0161nom konci Giro d\u2019Italia Sagan od\u0161tartoval 20. J\u00fana 2021 na Majstrovstv\u00e1ch Slovenskej a \u010ceskej republiky v cestnej cyklistike v B\u00e1novciach nad Bebravou. Peter Sagan si tam s preh\u013eadom obh\u00e1jil 7. titul majstra Slovenska na trase dlhej 227 km. Necel\u00fd t\u00fd\u017ede\u0148 nesk\u00f4r, po tomto \u00fa\u017easnom v\u00fdkone, Sagan od\u0161tartoval na \u00favodnej, prvej etape celosvetov\u00fdch pretekov Tour de France, kde \u0161tartoval jubilejn\u00fd desiatykr\u00e1t.<\/p>\n<p>V prvej etape Tour de France, dlhej 197,8 km, Peter Sagan nezabojoval o v\u00ed\u0165azstvo a skon\u010dil na 73. mieste. Ako s\u00e1m povedal, bola to ve\u013emi \u0165a\u017ek\u00e1 etapa, pln\u00e1 nap\u00e4tia a p\u00e1dov. <strong>Sagan sa ocitol v prvom ve\u013ekom p\u00e1de, ale na\u0161\u0165astie neutrpel \u017eiadne z\u00e1va\u017en\u00e9 zranenia.<\/strong> T\u00e1to kol\u00edzia ho v\u0161ak pripravila o ve\u013ea \u010dasu a st\u00e1lo ho to ve\u013ea \u00fasilia vr\u00e1ti\u0165 sa do poprednej skupiny. <\/p>\n<p>Druh\u00e1 etapa mala podobn\u00fd profil ako t\u00e1 prv\u00e1, iba\u017ee bola o necel\u00fdch 15 km krat\u0161ia a z toho vypl\u00fdva, \u017ee op\u00e4\u0165 ni\u010d pre n\u00e1\u0161ho Pe\u0165a. Spolu so svojimi piatimi pretek\u00e1rmi z t\u00edmu Bora-Hansgrohe sa zotavoval z p\u00e1du v prvej etape. Pod\u013ea m\u00e9di\u00ed ne\u0161lo o ni\u010d v\u00e1\u017ene. <strong>Druh\u00fa etapu Sagan okomentoval tak, \u017ee to bola dos\u0165 \u0165a\u017ek\u00e1 a o\u010dak\u00e1val od seba lep\u0161\u00ed v\u00fdsledok<\/strong>, ale bohu\u017eia\u013e to ne\u0161lo pod\u013ea jeho predst\u00e1v.<\/p>\n<figure id=\"attachment_12357\" aria-describedby=\"caption-attachment-12357\" style=\"width: 1200px\" class=\"wp-caption alignnone\"><a href=\"https:\/\/d2p6e6u75xmxt8.cloudfront.net\/4\/2021\/07\/MD_FRA_20210709_12etapa_TDF_hotel_0002_H.JPG.jpg\"><img loading=\"lazy\" decoding=\"async\" src=\"https:\/\/d2p6e6u75xmxt8.cloudfront.net\/4\/2021\/07\/MD_FRA_20210709_12etapa_TDF_hotel_0002_H.JPG.jpg\" alt=\"\" width=\"1200\" height=\"800\" class=\"size-full wp-image-12357\" \/><\/a><figcaption id=\"caption-attachment-12357\" class=\"wp-caption-text\">Na sn\u00edmke je slovensk\u00fd cyklista Peter Sagan pri hoteli v meste Nimes ako dostal obraz od slovenskej fan\u00fa\u0161i\u010dky a zv\u00edtal sa s v\u00ed\u0165azom 12. etapy na Tour de France Nilsom Polittom. \/ Autor fotografie: Martin Domok<\/figcaption><\/figure>\n<p>V tretej etape sa Saganovi darilo, dr\u017eal sa v popredn\u00fdch miestach, no bohu\u017eia\u013e to bola pre neho posledn\u00e1 etapa tohtoro\u010dnej Tour, ktor\u00fa mohol \u00eds\u0165 naplno bez komplik\u00e1ci\u00ed. V z\u00e1vere\u010dnom \u0161printe mal skvel\u00fa v\u00fdchodiskov\u00fa poz\u00edciu na v\u00ed\u0165azstvo, <strong>ale pred poslednou z\u00e1krutou pred cie\u013eom sa ocitol v p\u00e1de s austr\u00e1lskym rivalom Calebom Ewanom<\/strong>. Ten v obrovskej r\u00fdchlosti narazil do Petra Sagana z pravej strany a obaja sa potom k\u013azali nieko\u013eko metrov po asfalte. Sagan sa na rozdiel od Ewana hne\u010f postavil a pomaly do\u0161iel do cie\u013ea. Na koniec ho klasifikovali na 80. mieste, 56 sek\u00fand za v\u00ed\u0165azom Timom Merlierom.<\/p>\n<p>Po pondelkovom \u0161karedom p\u00e1de s\u00edce nast\u00fapil na 4. etapu pretekov, no op\u00e4\u0165 v\u00fdrazne neuspel a skon\u010dil na piatom mieste v z\u00e1vere\u010dnom \u0161purte. Ocitol sa medzi favoritmi na v\u00ed\u0165azstvo tejto etapy, ale bohu\u017eia\u013e kv\u00f4li zraneniam nemohol poda\u0165 100 % v\u00fdkon. Posledn\u00e9 umiestnenie v top 10 bolo v \u0161iestej etape, kde obsadil op\u00e4\u0165 6. miesto.<\/p>\n<figure id=\"attachment_12356\" aria-describedby=\"caption-attachment-12356\" style=\"width: 1200px\" class=\"wp-caption alignnone\"><a href=\"https:\/\/d2p6e6u75xmxt8.cloudfront.net\/4\/2021\/07\/MD_FRA_20210709_12etapa_TDF_hotel_0006_H.JPG.jpg\"><img loading=\"lazy\" decoding=\"async\" src=\"https:\/\/d2p6e6u75xmxt8.cloudfront.net\/4\/2021\/07\/MD_FRA_20210709_12etapa_TDF_hotel_0006_H.JPG.jpg\" alt=\"\" width=\"1200\" height=\"800\" class=\"size-full wp-image-12356\" \/><\/a><figcaption id=\"caption-attachment-12356\" class=\"wp-caption-text\">Na sn\u00edmke je slovensk\u00fd cyklista Peter Sagan pri hoteli v meste Nimes ako dostal obraz od slovenskej fan\u00fa\u0161i\u010dky a zv\u00edtal sa s v\u00ed\u0165azom 12. etapy na Tour de France Nilsom Polittom. \/ Autor fotografie: Martin Domok<\/figcaption><\/figure>\n<p><strong>V podobnom duchu sa niesli aj \u010fal\u0161ie etapy Petra Sagana, a\u017e k\u00fdm pred dvan\u00e1stou Etapou vyhl\u00e1sil, \u017ee odstupuje z Tour de France kv\u00f4li zhor\u0161uj\u00facim sa zraneniam.<\/strong> Ako s\u00e1m uviedol, myslel si, \u017ee sa mu koleno po p\u00e1de zlep\u0161uje a Tour bude pokra\u010dova\u0165 pre neho \u010falej. Opak sa stal bohu\u017eia\u013e pravdou a o dva dni nesk\u00f4r si ne\u0161\u0165astne poranen\u00e9 koleno udrel pri \u0161purte do riadidiel. Po tomto incidente mu viac opuchlo a pre\u0161lo to do bodu, kde u\u017e nemohol bezbolestne ohn\u00fa\u0165 nohu. Nane\u0161\u0165astie, v 10. etape si op\u00e4\u0165 udrel rovnak\u00e9 koleno a znovu sa mu otvorila rana a vytvoril sa z\u00e1pal. T\u00edmov\u00fd lek\u00e1r Christopher Edler povedal, \u017ee dost\u00e1va potrebn\u00fa lie\u010dbu antibiotikami a uvidia, ako na \u0148u zareaguje. Prehl\u00e1sil, \u017ee nem\u00e1 zmysel \u010falej pokra\u010dova\u0165.<\/p>\n<figure id=\"attachment_12355\" aria-describedby=\"caption-attachment-12355\" style=\"width: 1200px\" class=\"wp-caption alignnone\"><a href=\"https:\/\/d2p6e6u75xmxt8.cloudfront.net\/4\/2021\/07\/MD_FRA_20210709_12etapa_TDF_hotel_0035_H.JPG.jpg\"><img loading=\"lazy\" decoding=\"async\" src=\"https:\/\/d2p6e6u75xmxt8.cloudfront.net\/4\/2021\/07\/MD_FRA_20210709_12etapa_TDF_hotel_0035_H.JPG.jpg\" alt=\"\" width=\"1200\" height=\"800\" class=\"size-full wp-image-12355\" \/><\/a><figcaption id=\"caption-attachment-12355\" class=\"wp-caption-text\">Na sn\u00edmke je slovensk\u00fd cyklista Peter Sagan ako odch\u00e1dza z hotela v meste Nimes potom, ako odst\u00fapil z Tour de France. \/ Autor fotografie: Martin Domok<\/figcaption><\/figure>\n<p>Po odst\u00fapen\u00ed z Tour de France i\u0161iel rovno na oper\u00e1ciu kolena, no bohu\u017eia\u013e sa kv\u00f4li tomuto zraneniu nebude m\u00f4c\u0165 z\u00fa\u010dastni\u0165 Olympi\u00e1dy, ktor\u00e1 za\u010d\u00edna 23. j\u00fala 2021. Nane\u0161\u0165astie, aj zranenia patria ku \u0161portom a je ve\u013emi \u0165a\u017ek\u00e9 sa im vyhn\u00fa\u0165. Nie je to pr\u00edjemn\u00e9 pre \u013eud\u00ed, t\u00edm a hlavne pre samotn\u00e9ho \u0161portovca. <strong>Petrovi Saganovi dr\u017e\u00edme v\u0161etci palce, aby sa dal \u010do najsk\u00f4r do poriadku a aby sa \u010doskoro vr\u00e1til sp\u00e4\u0165 na bicykel.<\/strong> <\/p>\n","protected":false},"excerpt":{"rendered":"<p>Cyklistika v posledn\u00fdch rokoch za\u017e\u00edva na Slovensku obrovsk\u00fd bum a pozornos\u0165 \u013eud\u00ed. Najv\u00e4\u010d\u0161iu z\u00e1sluhu m\u00e1 na tom jednozna\u010dne najpopul\u00e1rnej\u0161\u00ed \u0161portovec [&hellip;]<\/p>\n","protected":false},"author":81,"featured_media":12359,"comment_status":"open","ping_status":"open","sticky":false,"template":"","format":"standard","meta":{"footnotes":""},"categories":[63],"tags":[160,115,583,272,46,885,1311,523,20,1359,269,821,332],"global-categories":[1074],"class_list":["post-12351","post","type-post","status-publish","format-standard","has-post-thumbnail","hentry","category-grand-tour","tag-bora-hansgrohe","tag-cestna-cyklistika","tag-majster-slovenska","tag-majster-sveta","tag-peter-sagan","tag-profesional","tag-sezona-2021","tag-slovensko","tag-tour-de-france","tag-tour-de-france-2021","tag-vitaz","tag-zilina","tag-zranenia","global-categories-cycling"],"yoast_head":"<!-- This site is optimized with the Yoast SEO Premium plugin v25.3 (Yoast SEO v25.9) - https:\/\/yoast.com\/wordpress\/plugins\/seo\/ -->\n<title>Peter Sagan a jeho cesta na Tour de France v roku 2021 - \u0160koda We Love Cycling Slovensko<\/title>\n<meta name=\"robots\" content=\"index, follow, max-snippet:-1, max-image-preview:large, max-video-preview:-1\" \/>\n<link rel=\"canonical\" href=\"https:\/\/www.welovecycling.com\/sk\/2021\/07\/26\/peter-sagan-a-jeho-cesta-na-tour-de-france-v-roku-2021\/\" \/>\n<meta property=\"og:locale\" content=\"sk_SK\" \/>\n<meta property=\"og:type\" content=\"article\" \/>\n<meta property=\"og:title\" content=\"Peter Sagan a jeho cesta na Tour de France v roku 2021\" \/>\n<meta property=\"og:description\" content=\"Cyklistika v posledn\u00fdch rokoch za\u017e\u00edva na Slovensku obrovsk\u00fd bum a pozornos\u0165 \u013eud\u00ed. Najv\u00e4\u010d\u0161iu z\u00e1sluhu m\u00e1 na tom jednozna\u010dne najpopul\u00e1rnej\u0161\u00ed \u0161portovec [&hellip;]\" \/>\n<meta property=\"og:url\" content=\"https:\/\/www.welovecycling.com\/sk\/2021\/07\/26\/peter-sagan-a-jeho-cesta-na-tour-de-france-v-roku-2021\/\" \/>\n<meta property=\"og:site_name\" content=\"\u0160koda We Love Cycling Slovensko\" \/>\n<meta property=\"article:published_time\" content=\"2021-07-26T08:00:04+00:00\" \/>\n<meta property=\"og:image\" content=\"https:\/\/d2p6e6u75xmxt8.cloudfront.net\/4\/2021\/07\/PS_00.webp\" \/>\n\t<meta property=\"og:image:width\" content=\"1380\" \/>\n\t<meta property=\"og:image:height\" content=\"600\" \/>\n\t<meta property=\"og:image:type\" content=\"image\/webp\" \/>\n<meta name=\"twitter:card\" content=\"summary_large_image\" \/>\n<meta name=\"twitter:label1\" content=\"Written by\" \/>\n\t<meta name=\"twitter:data1\" content=\"WeLoveCycling\" \/>\n\t<meta name=\"twitter:label2\" content=\"Est. reading time\" \/>\n\t<meta name=\"twitter:data2\" content=\"3\" \/>\n<script type=\"application\/ld+json\" class=\"yoast-schema-graph\">{\"@context\":\"https:\/\/schema.org\",\"@graph\":[{\"@type\":\"WebPage\",\"@id\":\"https:\/\/www.welovecycling.com\/sk\/2021\/07\/26\/peter-sagan-a-jeho-cesta-na-tour-de-france-v-roku-2021\/\",\"url\":\"https:\/\/www.welovecycling.com\/sk\/2021\/07\/26\/peter-sagan-a-jeho-cesta-na-tour-de-france-v-roku-2021\/\",\"name\":\"Peter Sagan a jeho cesta na Tour de France v roku 2021 - \u0160koda We Love Cycling Slovensko\",\"isPartOf\":{\"@id\":\"https:\/\/www.welovecycling.com\/sk\/#website\"},\"primaryImageOfPage\":{\"@id\":\"https:\/\/www.welovecycling.com\/sk\/2021\/07\/26\/peter-sagan-a-jeho-cesta-na-tour-de-france-v-roku-2021\/#primaryimage\"},\"image\":{\"@id\":\"https:\/\/www.welovecycling.com\/sk\/2021\/07\/26\/peter-sagan-a-jeho-cesta-na-tour-de-france-v-roku-2021\/#primaryimage\"},\"thumbnailUrl\":\"https:\/\/d2p6e6u75xmxt8.cloudfront.net\/4\/2021\/07\/PS_00.webp\",\"datePublished\":\"2021-07-26T08:00:04+00:00\",\"author\":{\"@id\":\"\"},\"breadcrumb\":{\"@id\":\"https:\/\/www.welovecycling.com\/sk\/2021\/07\/26\/peter-sagan-a-jeho-cesta-na-tour-de-france-v-roku-2021\/#breadcrumb\"},\"inLanguage\":\"sk-SK\",\"potentialAction\":[{\"@type\":\"ReadAction\",\"target\":[\"https:\/\/www.welovecycling.com\/sk\/2021\/07\/26\/peter-sagan-a-jeho-cesta-na-tour-de-france-v-roku-2021\/\"]}]},{\"@type\":\"ImageObject\",\"inLanguage\":\"sk-SK\",\"@id\":\"https:\/\/www.welovecycling.com\/sk\/2021\/07\/26\/peter-sagan-a-jeho-cesta-na-tour-de-france-v-roku-2021\/#primaryimage\",\"url\":\"https:\/\/d2p6e6u75xmxt8.cloudfront.net\/4\/2021\/07\/PS_00.webp\",\"contentUrl\":\"https:\/\/d2p6e6u75xmxt8.cloudfront.net\/4\/2021\/07\/PS_00.webp\",\"width\":1380,\"height\":600,\"caption\":\"Tour de France 2020 - 107th Edition - Teams Presentation - 27\/08\/2020 - Peter Sagan (SVK - Bora - Hansgrohe) - photo Kei Tsuji\/BettiniPhoto\u00a92020\"},{\"@type\":\"BreadcrumbList\",\"@id\":\"https:\/\/www.welovecycling.com\/sk\/2021\/07\/26\/peter-sagan-a-jeho-cesta-na-tour-de-france-v-roku-2021\/#breadcrumb\",\"itemListElement\":[{\"@type\":\"ListItem\",\"position\":1,\"name\":\"Home\",\"item\":\"https:\/\/www.welovecycling.com\/sk\/\"},{\"@type\":\"ListItem\",\"position\":2,\"name\":\"Peter Sagan a jeho cesta na Tour de France v roku 2021\"}]},{\"@type\":\"WebSite\",\"@id\":\"https:\/\/www.welovecycling.com\/sk\/#website\",\"url\":\"https:\/\/www.welovecycling.com\/sk\/\",\"name\":\"\u0160koda We Love Cycling Slovensko\",\"description\":\"\u0160koda We Love Cycling Slovensko je v\u00e1\u0161 ka\u017edodenn\u00fd zdroj noviniek a in\u0161pir\u00e1cie z sveta cyklistiky\",\"potentialAction\":[{\"@type\":\"SearchAction\",\"target\":{\"@type\":\"EntryPoint\",\"urlTemplate\":\"https:\/\/www.welovecycling.com\/sk\/?s={search_term_string}\"},\"query-input\":{\"@type\":\"PropertyValueSpecification\",\"valueRequired\":true,\"valueName\":\"search_term_string\"}}],\"inLanguage\":\"sk-SK\"},{\"@type\":\"Person\",\"@id\":\"\",\"url\":\"https:\/\/www.welovecycling.com\/sk\/author\/\"}]}<\/script>\n<!-- \/ Yoast SEO Premium plugin. -->","yoast_head_json":{"title":"Peter Sagan a jeho cesta na Tour de France v roku 2021 - \u0160koda We Love Cycling Slovensko","robots":{"index":"index","follow":"follow","max-snippet":"max-snippet:-1","max-image-preview":"max-image-preview:large","max-video-preview":"max-video-preview:-1"},"canonical":"https:\/\/www.welovecycling.com\/sk\/2021\/07\/26\/peter-sagan-a-jeho-cesta-na-tour-de-france-v-roku-2021\/","og_locale":"sk_SK","og_type":"article","og_title":"Peter Sagan a jeho cesta na Tour de France v roku 2021","og_description":"Cyklistika v posledn\u00fdch rokoch za\u017e\u00edva na Slovensku obrovsk\u00fd bum a pozornos\u0165 \u013eud\u00ed. Najv\u00e4\u010d\u0161iu z\u00e1sluhu m\u00e1 na tom jednozna\u010dne najpopul\u00e1rnej\u0161\u00ed \u0161portovec [&hellip;]","og_url":"https:\/\/www.welovecycling.com\/sk\/2021\/07\/26\/peter-sagan-a-jeho-cesta-na-tour-de-france-v-roku-2021\/","og_site_name":"\u0160koda We Love Cycling Slovensko","article_published_time":"2021-07-26T08:00:04+00:00","og_image":[{"width":1380,"height":600,"url":"https:\/\/d2p6e6u75xmxt8.cloudfront.net\/4\/2021\/07\/PS_00.webp","type":"image\/webp"}],"twitter_card":"summary_large_image","twitter_misc":{"Written by":"WeLoveCycling","Est. reading time":"3"},"schema":{"@context":"https:\/\/schema.org","@graph":[{"@type":"WebPage","@id":"https:\/\/www.welovecycling.com\/sk\/2021\/07\/26\/peter-sagan-a-jeho-cesta-na-tour-de-france-v-roku-2021\/","url":"https:\/\/www.welovecycling.com\/sk\/2021\/07\/26\/peter-sagan-a-jeho-cesta-na-tour-de-france-v-roku-2021\/","name":"Peter Sagan a jeho cesta na Tour de France v roku 2021 - \u0160koda We Love Cycling Slovensko","isPartOf":{"@id":"https:\/\/www.welovecycling.com\/sk\/#website"},"primaryImageOfPage":{"@id":"https:\/\/www.welovecycling.com\/sk\/2021\/07\/26\/peter-sagan-a-jeho-cesta-na-tour-de-france-v-roku-2021\/#primaryimage"},"image":{"@id":"https:\/\/www.welovecycling.com\/sk\/2021\/07\/26\/peter-sagan-a-jeho-cesta-na-tour-de-france-v-roku-2021\/#primaryimage"},"thumbnailUrl":"https:\/\/d2p6e6u75xmxt8.cloudfront.net\/4\/2021\/07\/PS_00.webp","datePublished":"2021-07-26T08:00:04+00:00","author":{"@id":""},"breadcrumb":{"@id":"https:\/\/www.welovecycling.com\/sk\/2021\/07\/26\/peter-sagan-a-jeho-cesta-na-tour-de-france-v-roku-2021\/#breadcrumb"},"inLanguage":"sk-SK","potentialAction":[{"@type":"ReadAction","target":["https:\/\/www.welovecycling.com\/sk\/2021\/07\/26\/peter-sagan-a-jeho-cesta-na-tour-de-france-v-roku-2021\/"]}]},{"@type":"ImageObject","inLanguage":"sk-SK","@id":"https:\/\/www.welovecycling.com\/sk\/2021\/07\/26\/peter-sagan-a-jeho-cesta-na-tour-de-france-v-roku-2021\/#primaryimage","url":"https:\/\/d2p6e6u75xmxt8.cloudfront.net\/4\/2021\/07\/PS_00.webp","contentUrl":"https:\/\/d2p6e6u75xmxt8.cloudfront.net\/4\/2021\/07\/PS_00.webp","width":1380,"height":600,"caption":"Tour de France 2020 - 107th Edition - Teams Presentation - 27\/08\/2020 - Peter Sagan (SVK - Bora - Hansgrohe) - photo Kei Tsuji\/BettiniPhoto\u00a92020"},{"@type":"BreadcrumbList","@id":"https:\/\/www.welovecycling.com\/sk\/2021\/07\/26\/peter-sagan-a-jeho-cesta-na-tour-de-france-v-roku-2021\/#breadcrumb","itemListElement":[{"@type":"ListItem","position":1,"name":"Home","item":"https:\/\/www.welovecycling.com\/sk\/"},{"@type":"ListItem","position":2,"name":"Peter Sagan a jeho cesta na Tour de France v roku 2021"}]},{"@type":"WebSite","@id":"https:\/\/www.welovecycling.com\/sk\/#website","url":"https:\/\/www.welovecycling.com\/sk\/","name":"\u0160koda We Love Cycling Slovensko","description":"\u0160koda We Love Cycling Slovensko je v\u00e1\u0161 ka\u017edodenn\u00fd zdroj noviniek a in\u0161pir\u00e1cie z sveta cyklistiky","potentialAction":[{"@type":"SearchAction","target":{"@type":"EntryPoint","urlTemplate":"https:\/\/www.welovecycling.com\/sk\/?s={search_term_string}"},"query-input":{"@type":"PropertyValueSpecification","valueRequired":true,"valueName":"search_term_string"}}],"inLanguage":"sk-SK"},{"@type":"Person","@id":"","url":"https:\/\/www.welovecycling.com\/sk\/author\/"}]}},"_links":{"self":[{"href":"https:\/\/www.welovecycling.com\/sk\/wp-json\/wp\/v2\/posts\/12351","targetHints":{"allow":["GET"]}}],"collection":[{"href":"https:\/\/www.welovecycling.com\/sk\/wp-json\/wp\/v2\/posts"}],"about":[{"href":"https:\/\/www.welovecycling.com\/sk\/wp-json\/wp\/v2\/types\/post"}],"author":[{"embeddable":true,"href":"https:\/\/www.welovecycling.com\/sk\/wp-json\/wp\/v2\/users\/81"}],"replies":[{"embeddable":true,"href":"https:\/\/www.welovecycling.com\/sk\/wp-json\/wp\/v2\/comments?post=12351"}],"version-history":[{"count":2,"href":"https:\/\/www.welovecycling.com\/sk\/wp-json\/wp\/v2\/posts\/12351\/revisions"}],"predecessor-version":[{"id":12367,"href":"https:\/\/www.welovecycling.com\/sk\/wp-json\/wp\/v2\/posts\/12351\/revisions\/12367"}],"wp:featuredmedia":[{"embeddable":true,"href":"https:\/\/www.welovecycling.com\/sk\/wp-json\/wp\/v2\/media\/12359"}],"wp:attachment":[{"href":"https:\/\/www.welovecycling.com\/sk\/wp-json\/wp\/v2\/media?parent=12351"}],"wp:term":[{"taxonomy":"category","embeddable":true,"href":"https:\/\/www.welovecycling.com\/sk\/wp-json\/wp\/v2\/categories?post=12351"},{"taxonomy":"post_tag","embeddable":true,"href":"https:\/\/www.welovecycling.com\/sk\/wp-json\/wp\/v2\/tags?post=12351"},{"taxonomy":"global-categories","embeddable":true,"href":"https:\/\/www.welovecycling.com\/sk\/wp-json\/wp\/v2\/global-categories?post=12351"}],"curies":[{"name":"wp","href":"https:\/\/api.w.org\/{rel}","templated":true}]}}