{"id":12307,"date":"2021-07-21T16:00:00","date_gmt":"2021-07-21T14:00:00","guid":{"rendered":"https:\/\/www.welovecycling.com\/sk\/?p=12307"},"modified":"2021-07-21T17:13:22","modified_gmt":"2021-07-21T15:13:22","slug":"zhrnutie-tour-de-france","status":"publish","type":"post","link":"https:\/\/www.welovecycling.com\/sk\/2021\/07\/21\/zhrnutie-tour-de-france\/","title":{"rendered":"Tour de France v kocke"},"content":{"rendered":"<p><strong>Tour de France s\u00fa najzn\u00e1mej\u0161ie etapov\u00e9 preteky v Eur\u00f3pe. Stali sa ka\u017edoro\u010dnou udalos\u0165ou a to viac ne\u017e 100 rokov. Tento rok sme sledovali 108. ro\u010dn\u00edk, ktor\u00fd sa uskuto\u010dnil od 26. j\u00fana 2021 do 18. j\u00fala 2021. Cyklisti z cel\u00e9ho sveta i\u0161li dokopy 21 dlh\u00fdch a nam\u00e1hav\u00fdch et\u00e1p so \u0161tartom vo Franc\u00fazskom meste Brest a posledn\u00e1, 21. etapa, kon\u010d\u00ed tradi\u010dne v Par\u00ed\u017ei. P\u00f4vodne mala Tour za\u010da\u0165 v Kodani, ale z d\u00f4vodu kol\u00edzie s odsunut\u00edm ME vo futbale sa \u0161tart v Kodani odklad\u00e1 na rok 2022. Na trati dlhej 3 414,5 km pretek\u00e1rov \u010dakalo osem rovinat\u00fdch, p\u00e4\u0165 kopcovit\u00fdch, \u0161es\u0165 horsk\u00fdch et\u00e1p a dve \u010dasovky. Peter Sagan sa stal jedin\u00fdm Slov\u00e1kom, ktor\u00fd tento rok od\u0161tartoval na Tour de France.<\/strong><!--more--><\/p>\n<p> <a href=\"https:\/\/d2p6e6u75xmxt8.cloudfront.net\/4\/2021\/07\/tour-de-france-2021-mapa.jpg\"><img loading=\"lazy\" decoding=\"async\" src=\"https:\/\/d2p6e6u75xmxt8.cloudfront.net\/4\/2021\/07\/tour-de-france-2021-mapa.jpg\" alt=\"\" width=\"992\" height=\"1001\" class=\"alignnone size-full wp-image-12348\" \/><\/a><\/p>\n<p>Prv\u00e1 etapa tohtoro\u010dnej Tour de France <strong>za\u010dala 26. j\u00fana na z\u00e1padnom pobre\u017e\u00ed Franc\u00fazska v meste Brest<\/strong>. Pretek\u00e1ri i\u0161li zo za\u010diatku naplno, preto\u017ee etapa bola dlh\u00e1 necel\u00fdch 200 km kopcovit\u00e9ho typu. Bohu\u017eia\u013e, bola pln\u00e1 nepr\u00edjemn\u00fdch hromadn\u00fdch p\u00e1dov, ktor\u00e9 sa dotkli aj n\u00e1\u0161ho Petra Sagana. Na\u0161\u0165astie v\u0161etci cyklisti vyviazli bez v\u00e1\u017enej\u0161\u00edch zranen\u00ed. Prv\u00fa etapu s preh\u013eadom vyhral pretek\u00e1r t\u00edmu Deceuninck-Quick-Step &#8211; Julian Alaphilippe, ktor\u00fd st\u00e1l na stupni v\u00ed\u0165azov v \u017eltom drese. Druh\u00fd dorazil do cie\u013ea Michael Matthews, tret\u00ed skon\u010dil Primo\u017e Rogli\u010d.<\/p>\n<figure id=\"attachment_12313\" aria-describedby=\"caption-attachment-12313\" style=\"width: 1200px\" class=\"wp-caption alignnone\"><a href=\"https:\/\/d2p6e6u75xmxt8.cloudfront.net\/4\/2021\/07\/20210626TDF1059-A.S.O._Pauline_Ballet.jpg\"><img loading=\"lazy\" decoding=\"async\" src=\"https:\/\/d2p6e6u75xmxt8.cloudfront.net\/4\/2021\/07\/20210626TDF1059-A.S.O._Pauline_Ballet.jpg\" alt=\"\" width=\"1200\" height=\"800\" class=\"size-full wp-image-12313\" \/><\/a><figcaption id=\"caption-attachment-12313\" class=\"wp-caption-text\">A.S.O.\/Pauline Ballet<\/figcaption><\/figure>\n<p>V druhej, kopcovitej etape dlhej necel\u00fdch 185 km jasne zv\u00ed\u0165azil Mathieu van der Poel, ktor\u00fd po v\u00ed\u0165azstve prebral \u017elt\u00fd dres. <\/p>\n<p>Tretiu a z\u00e1rove\u0148 prv\u00fa rovinat\u00fa etapu viedol zo za\u010diatku Schelling v bodkovanom drese. V tretej etape sa stali \u0161tyri nepr\u00edjemn\u00e9 p\u00e1dy. V jednom z nich, poslednom, ne\u0161\u0165astne spadol aj n\u00e1\u0161 Peter Sagan, ktor\u00fd sa spolu s Calebom Ewanom \u0161\u00fachal po asfalte. V tomto p\u00e1de si Peter poranil koleno. P\u00e1d nesk\u00f4r ovplyvnil Saganovi cel\u00fa Tour. V tretej etape dlhej 183 km mal Sagan ve\u013ek\u00fa \u0161ancu na v\u00fdhru, ale po ne\u0161\u0165astnom p\u00e1de ju vyhral Tim Merlier z t\u00edmu Alpecin-Fenix. <\/p>\n<figure id=\"attachment_12315\" aria-describedby=\"caption-attachment-12315\" style=\"width: 1200px\" class=\"wp-caption alignnone\"><a href=\"https:\/\/d2p6e6u75xmxt8.cloudfront.net\/4\/2021\/07\/20210628TDF0021-A.S.O._Charly_Lopez.jpg\"><img loading=\"lazy\" decoding=\"async\" src=\"https:\/\/d2p6e6u75xmxt8.cloudfront.net\/4\/2021\/07\/20210628TDF0021-A.S.O._Charly_Lopez.jpg\" alt=\"Charly Lopez\" width=\"1200\" height=\"800\" class=\"size-full wp-image-12315\" \/><\/a><figcaption id=\"caption-attachment-12315\" class=\"wp-caption-text\">A.S.O.\/Charly Lopez<\/figcaption><\/figure>\n<p>\u0160tvrt\u00fa, rovinat\u00fa etapu vyhral s n\u00e1skokom necel\u00fa sekundu Mark Cavendish po \u0161print\u00e9rskom s\u00faboji s Nacerom Bouhannim. Peter Sagan sa umiestnil na 5. mieste. Mark Cavendish si po v\u00ed\u0165azstve obliekol na stupe\u0148 v\u00ed\u0165azov zelen\u00fd dres. <\/p>\n<p>Piata etapa sa niesla v znamen\u00ed individu\u00e1lnej \u010dasovky. Etapa bola dlh\u00e1 nie\u010do m\u00e1lo cez 27 km. Po prv\u00fdkr\u00e1t na tohtoro\u010dnej Tour za\u010dalo nepr\u00edjemne pr\u0161a\u0165, \u010do zhor\u0161ilo podmienky v\u00e4\u010d\u0161ine pretek\u00e1rov. <strong>Piatu etapu vyhral s n\u00e1skokom 19 sek\u00fand Tadej Poga\u010dar.<\/strong> <\/p>\n<p>V \u0161iestej, rovinatej etape sa neudialo ni\u010d prevratn\u00e9ho. Po prv\u00fdkr\u00e1t v hist\u00f3rii kon\u010dila vo Franc\u00fazskom meste Ch\u00e2taeroux s d\u013a\u017ekou 161 km. Po fin\u00e1lnom \u0161purte bal\u00edka pretek\u00e1rov znovu zv\u00ed\u0165azil Mark Cavendish v zelenom drese. <strong>Sagan skon\u010dil op\u00e4\u0165 na piatom mieste.<\/strong> <\/p>\n<p>Siedma etapa je najdlh\u0161ou etapou tohtoro\u010dnej Tour. Je kopcovit\u00e9ho typu s d\u013a\u017ekou necel\u00fdch 250 km. Zo za\u010diatku pretek\u00e1ri z\u00e1pasili v obrovsk\u00fdch teplot\u00e1ch s protivetrom. Matej Mohori\u010d vyhral najdlh\u0161iu etapu tohtoro\u010dnej Tour s ve\u013ek\u00fdm n\u00e1skokom 1 min\u00faty a 20 sek\u00fand pred Jasperom Stuyvenom.<\/p>\n<figure id=\"attachment_12314\" aria-describedby=\"caption-attachment-12314\" style=\"width: 1200px\" class=\"wp-caption alignnone\"><a href=\"https:\/\/d2p6e6u75xmxt8.cloudfront.net\/4\/2021\/07\/20210626TDF1077-A.S.O._Pauline_Ballet.jpg\"><img loading=\"lazy\" decoding=\"async\" src=\"https:\/\/d2p6e6u75xmxt8.cloudfront.net\/4\/2021\/07\/20210626TDF1077-A.S.O._Pauline_Ballet.jpg\" alt=\"Pauline Ballet\" width=\"1200\" height=\"800\" class=\"size-full wp-image-12314\" \/><\/a><figcaption id=\"caption-attachment-12314\" class=\"wp-caption-text\">A.S.O.\/Pauline Ballet<\/figcaption><\/figure>\n<p>V silnom da\u017edi od\u0161tartovala prv\u00e1 horsk\u00e1, \u00f4sma etapa v Alp\u00e1ch. Cyklistov \u010dakali hne\u010f od za\u010diatku prudk\u00e9 st\u00fapania. Zl\u00e9 po\u010dasie robilo cel\u00fa etapu e\u0161te \u0165a\u017e\u0161ou, ako p\u00f4vodne mala by\u0165. S n\u00e1skokom 44 sek\u00fand zv\u00ed\u0165azil \u010dlen t\u00edmu Team Bahrain Victorious, Dylan Teuns. Tadej Poga\u010dar prevzal od Mathieu van der Poela \u017elt\u00fd dres. <\/p>\n<p>Deviatu, horsk\u00fa etapu od\u0161tartoval v \u017eltom drese Tadej Poga\u010dar. T\u00e1to etapa sa op\u00e4\u0165 niesla v znamen\u00ed zl\u00e9ho po\u010dasia, \u010do zhor\u0161ovalo podmienky v\u0161etk\u00fdm cyklistom. Finish bol postaven\u00fd vo v\u00fd\u0161ke 2 107 metrov nad morom, \u010do znamen\u00e1 len jedno, \u0165a\u017ek\u00e9 st\u00fapanie na z\u00e1ver 145 km dlhej etapy. Do cie\u013ea pri\u0161iel ako prv\u00fd Ben O&#8217;Connor v predstihu cez 5 min\u00fat pred Mattia Cattaneom. Nairo Quintana si na p\u00f3diu obliekol bodkovan\u00fd dres.<\/p>\n<p>Po dni vo\u013ena sa 06. 07. od\u0161tartovala po nieko\u013ek\u00fdch horsk\u00fdch etap\u00e1ch rovinat\u00e1, jubilejn\u00e1 10. etapa pretekov. Zo za\u010diatku slne\u010dn\u00e1 etapa sa zmenila na tmav\u00fa a vetern\u00fa. 123. kilometer pozna\u010dil p\u00e1d viacer\u00fdch cyklistov, ale na\u0161\u0165astie nikto neutrpel v\u00e1\u017enej\u0161ie zranenie. Mark Cavnedish v spolupr\u00e1ci so svoj\u00edm t\u00edmom vyhral 10. etapu a udr\u017eal si zelen\u00fd dres.<\/p>\n<figure id=\"attachment_12325\" aria-describedby=\"caption-attachment-12325\" style=\"width: 1200px\" class=\"wp-caption alignnone\"><a href=\"https:\/\/d2p6e6u75xmxt8.cloudfront.net\/4\/2021\/07\/20210706TDF0071-A.S.O._Charly_Lopez.jpg\"><img loading=\"lazy\" decoding=\"async\" src=\"https:\/\/d2p6e6u75xmxt8.cloudfront.net\/4\/2021\/07\/20210706TDF0071-A.S.O._Charly_Lopez.jpg\" alt=\"Charly Lopez\" width=\"1200\" height=\"800\" class=\"size-full wp-image-12325\" \/><\/a><figcaption id=\"caption-attachment-12325\" class=\"wp-caption-text\">A.S.O.\/Charly Lopez<\/figcaption><\/figure>\n<p>Jeden\u00e1sta etapa zaviedla jazdcov do \u201elegend\u00e1rnych h\u00f4r\u201c, ako ich prez\u00fdvaj\u00fa miestni. Nie raz, ale dokonca dvakr\u00e1t, z obidvoch str\u00e1n, nastupuj\u00fa na vrch Mont Ventoux do v\u00fd\u0161ky 1 910 m. <strong>Nieko\u013eko kilometrov po \u0161tarte musel \u010dlen t\u00edmu Jumbo Visma &#8211; Tony Martin odst\u00fapi\u0165 z pretekov kv\u00f4li nepr\u00edjemn\u00e9mu p\u00e1du.<\/strong> Jeden\u00e1stu etapu vyhral Wout van Aert z t\u00edmu Jumbo-Visma. Po tejto etape kv\u00f4li zhor\u0161uj\u00facim sa zraneniam kolena z pretekov odst\u00fapil aj Peter Sagan a ihne\u010f putoval na oper\u00e1ciu, z ktorej sa moment\u00e1lne zotavuje. <\/p>\n<p>Po tom, ako Sagan nenast\u00fapil na \u010fal\u0161iu etapu, Nils Politt z t\u00edmu Bora-Hansgrohe nast\u00fapil na \u010delo dvan\u00e1stej etapy a \u0165ahal za sebou cel\u00fd pelot\u00f3n. Nils Politt mal 160 kilometrov\u00fa etapu v noh\u00e1ch a dok\u00e1zal udr\u017ea\u0165 prv\u00e9 miesto a\u017e do cie\u013ea, kde mal e\u0161te 31 sek\u00fand rezervu. Bola to jeho prv\u00e1 v\u00ed\u0165azn\u00e1 etapa na Tour de France. <\/p>\n<p>09. 07. bol de\u0148, kedy m\u00e1 Mark Cavendish prep\u00edsa\u0165 hist\u00f3riu a sta\u0165 sa najlep\u0161\u00edm cyklistom hist\u00f3rie s 34&nbsp;tapov\u00fdmi v\u00ed\u0165azstvami. S t\u00fdmito amb\u00edciami i\u0161iel Cavendish na trin\u00e1stu etapu dlh\u00fa skoro 220 km. 62&nbsp;kilometrov do konca etapu op\u00e4\u0165 pozna\u010dil hromadn\u00fd p\u00e1d na \u00fazkej ceste a p\u00e1r cyklistov ne\u0161\u0165astne spadlo dole z cesty. Pretek\u00e1ri mali ve\u013ek\u00e9 probl\u00e9my s bo\u010dn\u00fdm vetrom a ve\u013ek\u00fdmi hor\u00fa\u010davami, no napokon to Mark Cavendish dok\u00e1zal a obh\u00e1jil si titul najlep\u0161ieho cyklistu hist\u00f3rie. <\/p>\n<p>Na \u0161trn\u00e1stej etape sa zo za\u010diatku v\u0161etci pretek\u00e1ri dr\u017eali pohromade v bal\u00edku. <strong>Akon\u00e1hle za\u010dalo st\u00fapanie, bal\u00edk sa za\u010dal trha\u0165 a urobili sa men\u0161ie skupinky a \u00fanik.<\/strong> Do cie\u013ea 184 km dlhej \u0161trn\u00e1stej etapy pri\u0161iel prv\u00fd Bauke Mollema. Michael Woods si na stupni v\u00ed\u0165azov obliekol bodkovan\u00fd dres.<\/p>\n<figure id=\"attachment_12335\" aria-describedby=\"caption-attachment-12335\" style=\"width: 1200px\" class=\"wp-caption alignnone\"><a href=\"https:\/\/d2p6e6u75xmxt8.cloudfront.net\/4\/2021\/07\/20210707TDF1072-A.S.O._Pauline_Ballet.jpg\"><img loading=\"lazy\" decoding=\"async\" src=\"https:\/\/d2p6e6u75xmxt8.cloudfront.net\/4\/2021\/07\/20210707TDF1072-A.S.O._Pauline_Ballet.jpg\" alt=\"Pauline Ballet\" width=\"1200\" height=\"800\" class=\"size-full wp-image-12335\" \/><\/a><figcaption id=\"caption-attachment-12335\" class=\"wp-caption-text\">A.S.O.\/Pauline Ballet<\/figcaption><\/figure>\n<p>P\u00e4tn\u00e1sta etapa za\u010dala dos\u0165 zhurta a uk\u013eudnila sa a\u017e po tridsiatich kilometroch. T\u00e1to etapa bola pln\u00e1 v\u00fdbu\u0161n\u00fdch \u0161purtov striedaj\u00facich sa s k\u013eudn\u00fdmi \u00fasekmi. <strong>V\u00ed\u0165azom 192 kilometrovej etapy sa stal \u010dlen t\u00edmu Jumbo-Visma &#8211; Sepp Kuss.<\/strong> Wout Poels si po dne\u0161nej horskej etape prevzal od Michaela Woodsa bodkovan\u00fd dres. <\/p>\n<p>\u0160estn\u00e1sta etapa sa za\u010dala vo ve\u013emi <strong>chladn\u00fdch podmienkach v hor\u00e1ch Andorry, kde cyklisti museli ma\u0165 po prv\u00fdkr\u00e1t oble\u010den\u00e9 dlh\u00e9 oble\u010denie<\/strong>.  Etapa bola dlh\u00e1 necel\u00fdch 170 km kopcovit\u00e9ho typu v dos\u0165 nepr\u00edjemn\u00fdch podmienkach. Ako prv\u00fd pre\u0161iel cie\u013eovou \u010diarou Patrick Konrad z t\u00edmu Bora-Hansgrohe. <\/p>\n<p>Pretek\u00e1ri museli v sedemn\u00e1stej etape tohtoro\u010dnej Tour de France absolvova\u0165 takzvan\u00fd \u201eNeverending climb\u201c, \u010do v preklade znamen\u00e1 kopec bez konca. <strong>Ten zaber\u00e1 16 kilometrov z celkovej d\u013a\u017eky trate, 178,5 km, a m\u00e1 v priemere 8,7 % a kon\u010d\u00ed vo v\u00fd\u0161ke 2 200 m n.m.<\/strong> U\u017e 8,7 km pred koncom Tadej Poga\u010das zah\u00e1jil svoj \u00fatok a dok\u00e1zal ho dotiahnu\u0165 do konca dne\u0161nej horskej etapy a zv\u00ed\u0165azi\u0165. Tadej Poga\u010dar je st\u00e1le na vrchu tabu\u013eky o \u017elt\u00fd dres. <\/p>\n<p>Posledn\u00e1, horsk\u00e1, osemn\u00e1sta etapa dlh\u00e1 130 km sa za\u010dala v zn\u00e1mom meste PAU. Etapa bola pln\u00e1 dlh\u00fdch a n\u00e1ro\u010dn\u00fdch st\u00fapan\u00ed aj do v\u00fd\u0161ky nad 2 000 m n.m. Na poslednej horskej etape zv\u00ed\u0165azil Tadej Poga\u010dar s \u010dasom 03:33:45.<\/p>\n<figure id=\"attachment_12336\" aria-describedby=\"caption-attachment-12336\" style=\"width: 1200px\" class=\"wp-caption alignnone\"><a href=\"https:\/\/d2p6e6u75xmxt8.cloudfront.net\/4\/2021\/07\/20210707TDF1083-A.S.O._Pauline_Ballet.jpg\"><img loading=\"lazy\" decoding=\"async\" src=\"https:\/\/d2p6e6u75xmxt8.cloudfront.net\/4\/2021\/07\/20210707TDF1083-A.S.O._Pauline_Ballet.jpg\" alt=\"Pauline Ballet\" width=\"1200\" height=\"800\" class=\"size-full wp-image-12336\" \/><\/a><figcaption id=\"caption-attachment-12336\" class=\"wp-caption-text\">A.S.O.\/Pauline Ballet<\/figcaption><\/figure>\n<p>V prv\u00fdch piatich kilometroch dev\u00e4tn\u00e1stej etapy <strong>bol hromadn\u00fd p\u00e1d pretek\u00e1rov, ale na\u0161\u0165astie ne\u0161lo o ni\u010d v\u00e1\u017ene<\/strong>. T\u00e1to etapa bola poslednou etapou, ktor\u00e1 bola dlh\u0161ia ako 200 kilometrov. T\u00fato rovinat\u00fa etapu vyhral s preh\u013eadom Slovinec Matej Mohori\u010d s n\u00e1skokom necel\u00fa min\u00fatu pred druh\u00fdm Christophe Laportem.<\/p>\n<p>Na predposledn\u00fa, dvadsiatu etapu tohtoro\u010dnej Tour de France pretek\u00e1ri op\u00e4\u0165 opr\u00e1\u0161ili pln\u00e9 zadn\u00e9 koles\u00e1 a \u010dasovk\u00e1rske bicykle. V\u00ed\u0165azom individu\u00e1lnej \u010dasovky, dlhej 31 km sa stal Wout van Aert z t\u00edmu Jumbo-Visma. <\/p>\n<p>Na poslednej, dvadsiatej prvej etape, dlhej necel\u00fdch 109 km, pelot\u00f3n prech\u00e1dzal okolo zn\u00e1meho m\u00fazea Louvre, Eiffelovej ve\u017ee a sl\u00e1vnostne kon\u010dil na Champs-\u00c9lys\u00e9es pri V\u00ed\u0165aznom obl\u00faku nad Par\u00ed\u017eom, kde si Wout van Aert svoj\u00edm v\u00ed\u0165azstvom obh\u00e1jil ,,hat trick\u201c. Nakoniec pretek\u00e1rov \u010dakalo z\u00e1vere\u010dn\u00e9 p\u00f3dium, kde sa odovzdali kytice a ceny pre v\u00fdhercov dresov a celkov\u00e9ho v\u00fdhercu Tour de France.<\/p>\n<figure id=\"attachment_12338\" aria-describedby=\"caption-attachment-12338\" style=\"width: 1200px\" class=\"wp-caption alignnone\"><a href=\"https:\/\/d2p6e6u75xmxt8.cloudfront.net\/4\/2021\/07\/20210707TDF2168-A.S.O._Aurelien_Vialatte.jpg\"><img loading=\"lazy\" decoding=\"async\" src=\"https:\/\/d2p6e6u75xmxt8.cloudfront.net\/4\/2021\/07\/20210707TDF2168-A.S.O._Aurelien_Vialatte.jpg\" alt=\"\" width=\"1200\" height=\"800\" class=\"size-full wp-image-12338\" \/><\/a><figcaption id=\"caption-attachment-12338\" class=\"wp-caption-text\">A.S.O.\/Aurelien Vialatte<\/figcaption><\/figure>\n<p>Celkov\u00fdm v\u00fdhercom sa stal Slovinec Tadej Poga\u010dar z t\u00edmu UAE Team Emirates. <strong>Poga\u010dar si tak isto obh\u00e1jil aj \u017elt\u00fd dres spolu s bielym a bodkovan\u00fdm dresom.<\/strong> Mark Cavendish si po cel\u00fa Tour dr\u017eal zelen\u00fd dres a\u017e na z\u00e1vere\u010dn\u00fd stupe\u0148 v\u00ed\u0165azov. Frank Bonnamour z\u00edskal cenu najagres\u00edvnej\u0161ieho pretek\u00e1ra tohtoro\u010dnej Tour de France. \u010co sa t\u00fdka z\u00e1vere\u010dn\u00e9ho poradia t\u00edmov, na prvom mieste sa umiestnil Team Bahrain Victorious, na druhom mieste EF Education-Nippo a na tre\u0165om mieste Team Jumbo-Visma.<\/p>\n","protected":false},"excerpt":{"rendered":"<p>Tour de France s\u00fa najzn\u00e1mej\u0161ie etapov\u00e9 preteky v Eur\u00f3pe. Stali sa ka\u017edoro\u010dnou udalos\u0165ou a to viac ne\u017e 100 rokov. Tento [&hellip;]<\/p>\n","protected":false},"author":81,"featured_media":12310,"comment_status":"open","ping_status":"open","sticky":false,"template":"","format":"standard","meta":{"footnotes":""},"categories":[117],"tags":[160,115,331,306,136,154,909,46,179,885,1258,1092,1359,269,907,156,174],"global-categories":[1074],"class_list":["post-12307","post","type-post","status-publish","format-standard","has-post-thumbnail","hentry","category-tour-de-france","tag-bora-hansgrohe","tag-cestna-cyklistika","tag-etapove-preteky","tag-francuzsko","tag-mark-cavendish","tag-michael-matthews","tag-nils-politt","tag-peter-sagan","tag-preteky","tag-profesional","tag-tadej-pogacar","tag-team-jumbo-visma","tag-tour-de-france-2021","tag-vitaz","tag-wout-van-aert","tag-zeleny-dres","tag-zlty-dres","global-categories-cycling"],"yoast_head":"<!-- This site is optimized with the Yoast SEO Premium plugin v25.3 (Yoast SEO v25.9) - https:\/\/yoast.com\/wordpress\/plugins\/seo\/ -->\n<title>Tour de France v kocke - \u0160koda We Love Cycling Slovensko<\/title>\n<meta name=\"robots\" content=\"index, follow, max-snippet:-1, max-image-preview:large, max-video-preview:-1\" \/>\n<link rel=\"canonical\" href=\"https:\/\/www.welovecycling.com\/sk\/2021\/07\/21\/zhrnutie-tour-de-france\/\" \/>\n<meta property=\"og:locale\" content=\"sk_SK\" \/>\n<meta property=\"og:type\" content=\"article\" \/>\n<meta property=\"og:title\" content=\"Tour de France v kocke\" \/>\n<meta property=\"og:description\" content=\"Tour de France s\u00fa najzn\u00e1mej\u0161ie etapov\u00e9 preteky v Eur\u00f3pe. Stali sa ka\u017edoro\u010dnou udalos\u0165ou a to viac ne\u017e 100 rokov. Tento [&hellip;]\" \/>\n<meta property=\"og:url\" content=\"https:\/\/www.welovecycling.com\/sk\/2021\/07\/21\/zhrnutie-tour-de-france\/\" \/>\n<meta property=\"og:site_name\" content=\"\u0160koda We Love Cycling Slovensko\" \/>\n<meta property=\"article:published_time\" content=\"2021-07-21T14:00:00+00:00\" \/>\n<meta property=\"article:modified_time\" content=\"2021-07-21T15:13:22+00:00\" \/>\n<meta property=\"og:image\" content=\"https:\/\/d2p6e6u75xmxt8.cloudfront.net\/4\/2021\/07\/20210706TDF0029-A.S.O._Charly_Lopez.webp\" \/>\n\t<meta property=\"og:image:width\" content=\"1380\" \/>\n\t<meta property=\"og:image:height\" content=\"600\" \/>\n\t<meta property=\"og:image:type\" content=\"image\/webp\" \/>\n<meta name=\"twitter:card\" content=\"summary_large_image\" \/>\n<meta name=\"twitter:label1\" content=\"Written by\" \/>\n\t<meta name=\"twitter:data1\" content=\"WeLoveCycling\" \/>\n\t<meta name=\"twitter:label2\" content=\"Est. reading time\" \/>\n\t<meta name=\"twitter:data2\" content=\"7\" \/>\n<script type=\"application\/ld+json\" class=\"yoast-schema-graph\">{\"@context\":\"https:\/\/schema.org\",\"@graph\":[{\"@type\":\"WebPage\",\"@id\":\"https:\/\/www.welovecycling.com\/sk\/2021\/07\/21\/zhrnutie-tour-de-france\/\",\"url\":\"https:\/\/www.welovecycling.com\/sk\/2021\/07\/21\/zhrnutie-tour-de-france\/\",\"name\":\"Tour de France v kocke - \u0160koda We Love Cycling Slovensko\",\"isPartOf\":{\"@id\":\"https:\/\/www.welovecycling.com\/sk\/#website\"},\"primaryImageOfPage\":{\"@id\":\"https:\/\/www.welovecycling.com\/sk\/2021\/07\/21\/zhrnutie-tour-de-france\/#primaryimage\"},\"image\":{\"@id\":\"https:\/\/www.welovecycling.com\/sk\/2021\/07\/21\/zhrnutie-tour-de-france\/#primaryimage\"},\"thumbnailUrl\":\"https:\/\/d2p6e6u75xmxt8.cloudfront.net\/4\/2021\/07\/20210706TDF0029-A.S.O._Charly_Lopez.webp\",\"datePublished\":\"2021-07-21T14:00:00+00:00\",\"dateModified\":\"2021-07-21T15:13:22+00:00\",\"author\":{\"@id\":\"\"},\"breadcrumb\":{\"@id\":\"https:\/\/www.welovecycling.com\/sk\/2021\/07\/21\/zhrnutie-tour-de-france\/#breadcrumb\"},\"inLanguage\":\"sk-SK\",\"potentialAction\":[{\"@type\":\"ReadAction\",\"target\":[\"https:\/\/www.welovecycling.com\/sk\/2021\/07\/21\/zhrnutie-tour-de-france\/\"]}]},{\"@type\":\"ImageObject\",\"inLanguage\":\"sk-SK\",\"@id\":\"https:\/\/www.welovecycling.com\/sk\/2021\/07\/21\/zhrnutie-tour-de-france\/#primaryimage\",\"url\":\"https:\/\/d2p6e6u75xmxt8.cloudfront.net\/4\/2021\/07\/20210706TDF0029-A.S.O._Charly_Lopez.webp\",\"contentUrl\":\"https:\/\/d2p6e6u75xmxt8.cloudfront.net\/4\/2021\/07\/20210706TDF0029-A.S.O._Charly_Lopez.webp\",\"width\":1380,\"height\":600,\"caption\":\"06\/07\/2021 \u2013 Tour de France 2021 \u2013 Etape 10 \u2013 Albertville \/ Valence (190,7 km) -\"},{\"@type\":\"BreadcrumbList\",\"@id\":\"https:\/\/www.welovecycling.com\/sk\/2021\/07\/21\/zhrnutie-tour-de-france\/#breadcrumb\",\"itemListElement\":[{\"@type\":\"ListItem\",\"position\":1,\"name\":\"Home\",\"item\":\"https:\/\/www.welovecycling.com\/sk\/\"},{\"@type\":\"ListItem\",\"position\":2,\"name\":\"Tour de France v kocke\"}]},{\"@type\":\"WebSite\",\"@id\":\"https:\/\/www.welovecycling.com\/sk\/#website\",\"url\":\"https:\/\/www.welovecycling.com\/sk\/\",\"name\":\"\u0160koda We Love Cycling Slovensko\",\"description\":\"\u0160koda We Love Cycling Slovensko je v\u00e1\u0161 ka\u017edodenn\u00fd zdroj noviniek a in\u0161pir\u00e1cie z sveta cyklistiky\",\"potentialAction\":[{\"@type\":\"SearchAction\",\"target\":{\"@type\":\"EntryPoint\",\"urlTemplate\":\"https:\/\/www.welovecycling.com\/sk\/?s={search_term_string}\"},\"query-input\":{\"@type\":\"PropertyValueSpecification\",\"valueRequired\":true,\"valueName\":\"search_term_string\"}}],\"inLanguage\":\"sk-SK\"},{\"@type\":\"Person\",\"@id\":\"\",\"url\":\"https:\/\/www.welovecycling.com\/sk\/author\/\"}]}<\/script>\n<!-- \/ Yoast SEO Premium plugin. -->","yoast_head_json":{"title":"Tour de France v kocke - \u0160koda We Love Cycling Slovensko","robots":{"index":"index","follow":"follow","max-snippet":"max-snippet:-1","max-image-preview":"max-image-preview:large","max-video-preview":"max-video-preview:-1"},"canonical":"https:\/\/www.welovecycling.com\/sk\/2021\/07\/21\/zhrnutie-tour-de-france\/","og_locale":"sk_SK","og_type":"article","og_title":"Tour de France v kocke","og_description":"Tour de France s\u00fa najzn\u00e1mej\u0161ie etapov\u00e9 preteky v Eur\u00f3pe. Stali sa ka\u017edoro\u010dnou udalos\u0165ou a to viac ne\u017e 100 rokov. Tento [&hellip;]","og_url":"https:\/\/www.welovecycling.com\/sk\/2021\/07\/21\/zhrnutie-tour-de-france\/","og_site_name":"\u0160koda We Love Cycling Slovensko","article_published_time":"2021-07-21T14:00:00+00:00","article_modified_time":"2021-07-21T15:13:22+00:00","og_image":[{"width":1380,"height":600,"url":"https:\/\/d2p6e6u75xmxt8.cloudfront.net\/4\/2021\/07\/20210706TDF0029-A.S.O._Charly_Lopez.webp","type":"image\/webp"}],"twitter_card":"summary_large_image","twitter_misc":{"Written by":"WeLoveCycling","Est. reading time":"7"},"schema":{"@context":"https:\/\/schema.org","@graph":[{"@type":"WebPage","@id":"https:\/\/www.welovecycling.com\/sk\/2021\/07\/21\/zhrnutie-tour-de-france\/","url":"https:\/\/www.welovecycling.com\/sk\/2021\/07\/21\/zhrnutie-tour-de-france\/","name":"Tour de France v kocke - \u0160koda We Love Cycling Slovensko","isPartOf":{"@id":"https:\/\/www.welovecycling.com\/sk\/#website"},"primaryImageOfPage":{"@id":"https:\/\/www.welovecycling.com\/sk\/2021\/07\/21\/zhrnutie-tour-de-france\/#primaryimage"},"image":{"@id":"https:\/\/www.welovecycling.com\/sk\/2021\/07\/21\/zhrnutie-tour-de-france\/#primaryimage"},"thumbnailUrl":"https:\/\/d2p6e6u75xmxt8.cloudfront.net\/4\/2021\/07\/20210706TDF0029-A.S.O._Charly_Lopez.webp","datePublished":"2021-07-21T14:00:00+00:00","dateModified":"2021-07-21T15:13:22+00:00","author":{"@id":""},"breadcrumb":{"@id":"https:\/\/www.welovecycling.com\/sk\/2021\/07\/21\/zhrnutie-tour-de-france\/#breadcrumb"},"inLanguage":"sk-SK","potentialAction":[{"@type":"ReadAction","target":["https:\/\/www.welovecycling.com\/sk\/2021\/07\/21\/zhrnutie-tour-de-france\/"]}]},{"@type":"ImageObject","inLanguage":"sk-SK","@id":"https:\/\/www.welovecycling.com\/sk\/2021\/07\/21\/zhrnutie-tour-de-france\/#primaryimage","url":"https:\/\/d2p6e6u75xmxt8.cloudfront.net\/4\/2021\/07\/20210706TDF0029-A.S.O._Charly_Lopez.webp","contentUrl":"https:\/\/d2p6e6u75xmxt8.cloudfront.net\/4\/2021\/07\/20210706TDF0029-A.S.O._Charly_Lopez.webp","width":1380,"height":600,"caption":"06\/07\/2021 \u2013 Tour de France 2021 \u2013 Etape 10 \u2013 Albertville \/ Valence (190,7 km) -"},{"@type":"BreadcrumbList","@id":"https:\/\/www.welovecycling.com\/sk\/2021\/07\/21\/zhrnutie-tour-de-france\/#breadcrumb","itemListElement":[{"@type":"ListItem","position":1,"name":"Home","item":"https:\/\/www.welovecycling.com\/sk\/"},{"@type":"ListItem","position":2,"name":"Tour de France v kocke"}]},{"@type":"WebSite","@id":"https:\/\/www.welovecycling.com\/sk\/#website","url":"https:\/\/www.welovecycling.com\/sk\/","name":"\u0160koda We Love Cycling Slovensko","description":"\u0160koda We Love Cycling Slovensko je v\u00e1\u0161 ka\u017edodenn\u00fd zdroj noviniek a in\u0161pir\u00e1cie z sveta cyklistiky","potentialAction":[{"@type":"SearchAction","target":{"@type":"EntryPoint","urlTemplate":"https:\/\/www.welovecycling.com\/sk\/?s={search_term_string}"},"query-input":{"@type":"PropertyValueSpecification","valueRequired":true,"valueName":"search_term_string"}}],"inLanguage":"sk-SK"},{"@type":"Person","@id":"","url":"https:\/\/www.welovecycling.com\/sk\/author\/"}]}},"_links":{"self":[{"href":"https:\/\/www.welovecycling.com\/sk\/wp-json\/wp\/v2\/posts\/12307","targetHints":{"allow":["GET"]}}],"collection":[{"href":"https:\/\/www.welovecycling.com\/sk\/wp-json\/wp\/v2\/posts"}],"about":[{"href":"https:\/\/www.welovecycling.com\/sk\/wp-json\/wp\/v2\/types\/post"}],"author":[{"embeddable":true,"href":"https:\/\/www.welovecycling.com\/sk\/wp-json\/wp\/v2\/users\/81"}],"replies":[{"embeddable":true,"href":"https:\/\/www.welovecycling.com\/sk\/wp-json\/wp\/v2\/comments?post=12307"}],"version-history":[{"count":2,"href":"https:\/\/www.welovecycling.com\/sk\/wp-json\/wp\/v2\/posts\/12307\/revisions"}],"predecessor-version":[{"id":12350,"href":"https:\/\/www.welovecycling.com\/sk\/wp-json\/wp\/v2\/posts\/12307\/revisions\/12350"}],"wp:featuredmedia":[{"embeddable":true,"href":"https:\/\/www.welovecycling.com\/sk\/wp-json\/wp\/v2\/media\/12310"}],"wp:attachment":[{"href":"https:\/\/www.welovecycling.com\/sk\/wp-json\/wp\/v2\/media?parent=12307"}],"wp:term":[{"taxonomy":"category","embeddable":true,"href":"https:\/\/www.welovecycling.com\/sk\/wp-json\/wp\/v2\/categories?post=12307"},{"taxonomy":"post_tag","embeddable":true,"href":"https:\/\/www.welovecycling.com\/sk\/wp-json\/wp\/v2\/tags?post=12307"},{"taxonomy":"global-categories","embeddable":true,"href":"https:\/\/www.welovecycling.com\/sk\/wp-json\/wp\/v2\/global-categories?post=12307"}],"curies":[{"name":"wp","href":"https:\/\/api.w.org\/{rel}","templated":true}]}}