{"id":12296,"date":"2021-07-19T12:06:56","date_gmt":"2021-07-19T10:06:56","guid":{"rendered":"https:\/\/www.welovecycling.com\/sk\/?p=12296"},"modified":"2021-07-19T12:06:56","modified_gmt":"2021-07-19T10:06:56","slug":"tadej-pogacar-vitazi-na-tour","status":"publish","type":"post","link":"https:\/\/www.welovecycling.com\/sk\/2021\/07\/19\/tadej-pogacar-vitazi-na-tour\/","title":{"rendered":"Tadej Poga\u010dar v\u00ed\u0165az\u00ed na Tour de France 2021"},"content":{"rendered":"<p><strong>Po bezkonkuren\u010dnom v\u00fdkone po\u010das cel\u00fdch pretekov, si 22-ro\u010dn\u00fd jazdec zabezpe\u010dil hne\u010f tri prvenstv\u00e1: v celkovej klasifik\u00e1cii, medzi mlad\u00fdmi jazdcami aj vrch\u00e1rmi. Minul\u00fd rok sa stal prv\u00fdm jazdcom v hist\u00f3rii, ktor\u00fd ich vyhral s\u00fa\u010dasne. Ale dva roky po sebe? To u\u017e je nie\u010do. \u010clovek si mus\u00ed kl\u00e1s\u0165 ot\u00e1zku; podar\u00ed sa mu to aj tret\u00edkr\u00e1t? Sledujeme pred sebou zrod novodob\u00e9ho Eddyho Merckxa? \u010co poviete?<\/strong><\/p>\n<p><!--more--><\/p>\n<p>Posledn\u00e1 etapa bola, a\u017e do posledn\u00e9ho kola na Champs-\u00c9lys\u00e9es, naozaj pokojn\u00e1. Mnoh\u00e9 t\u00edmy sa sna\u017eili rozbi\u0165 hromadn\u00fd dojazd, ale nepodarilo sa im to. V\u0161etci o\u010dak\u00e1vali, \u017ee vyhr\u00e1 Cavendish, ale Wout van Aert op\u00e4\u0165 predviedol svoje neuverite\u013en\u00e9 schopnosti a vyhral tretiu tohtoro\u010dn\u00fa etapu.<\/p>\n<figure id=\"attachment_12297\" aria-describedby=\"caption-attachment-12297\" style=\"width: 1250px\" class=\"wp-caption alignnone\"><img loading=\"lazy\" decoding=\"async\" class=\"wp-image-12297 size-full\" src=\"https:\/\/d2p6e6u75xmxt8.cloudfront.net\/4\/2021\/07\/profimedia-0622102670.jpg\" alt=\"Tour de France\" width=\"1250\" height=\"833\" \/><figcaption id=\"caption-attachment-12297\" class=\"wp-caption-text\">D\u00e1n Jonas Vinegaard z t\u00edmu Jumbo-Visma, Slovinec Tadej Poga\u010dar z UAE Team Emirates, Brit Mark Cavendish z Deceuninck &#8211; Quick-Step a Holan\u010fan Wout Poels z Bahrain Victorious na sn\u00edmke na \u0161tarte 21. a poslednej etapy 108. ro\u010dn\u00edka Tour de France (nede\u013ea 18. j\u00fala 2021). \u00a9Profimedia<\/figcaption><\/figure>\n<p>V\u00ed\u0165azstvo v bodovacej s\u00fa\u0165a\u017ei a zisk zelen\u00e9ho dresu \u0160koda bolo pre Marka Cavendisha ur\u010dite pr\u00edjemnou &#8222;cenou \u00fatechy&#8220;. Tak\u00fdto \u00faspe\u0161n\u00fd n\u00e1vrat na Tour od neho asi nikto neo\u010dak\u00e1val. Na \u0161tarte sa objavil prakticky len kv\u00f4li zdravotn\u00fdm probl\u00e9mom Sama Bennetta. V\u00fdkon Manxmana v\u0161ak nechal v\u0161etk\u00fdch v \u00fa\u017ease. V\u00ed\u0165azstvo si viac ako zasl\u00fa\u017eil. Mark navy\u0161e na tejto Tour, ziskom \u0161tyroch etapov\u00fdch v\u00ed\u0165azstiev, dorovnal rekord legend\u00e1rneho Eddyho Merckxa v po\u010dte pokoren\u00fdch et\u00e1p na Tour.<\/p>\n<p>Zelen\u00fd dres \u0160koda je v dobr\u00fdch ruk\u00e1ch.<\/p>\n<h2><strong>Celkov\u00e9 poradie<br \/>\n<\/strong><\/h2>\n<p>1. Tadej Poga\u010dar (UAE Team Emirates) \u2013 82:56:36<br \/>\n2. Jonas Vingegaard (Jumbo-Visma) + 5:20<br \/>\n3. Richard Carapaz (Ineos Grenadiers) + 7:03<br \/>\n4. Ben O&#8217;Connor (Ag2r Citro\u00ebn Team) + 10:02<br \/>\n5. Wilco Kelderman (Bora-Hansgrohe) + 10:13<\/p>\n<h2><strong>Bodovacia s\u00fa\u0165a\u017e<br \/>\n<\/strong><\/h2>\n<p>1. Mark Cavendish (Deceuninck \u2013 Quick-Step) \u2013 337 b.<br \/>\n2. Micheal Matthews (Team Bikeexchange) &#8211; 291 b.<br \/>\n3. Sonny Colbrelli (Bahrain Victorious) &#8211; 227 b.<br \/>\n4. Jasper Philipsen (Alpecin &#8211; Fenix) \u2013 216 b.<br \/>\n5. Wout van Aert (Jumbo-Visma) \u2013 171 b.<\/p>\n","protected":false},"excerpt":{"rendered":"<p>Po bezkonkuren\u010dnom v\u00fdkone po\u010das cel\u00fdch pretekov, si 22-ro\u010dn\u00fd jazdec zabezpe\u010dil hne\u010f tri prvenstv\u00e1: v celkovej klasifik\u00e1cii, medzi mlad\u00fdmi jazdcami aj [&hellip;]<\/p>\n","protected":false},"author":38,"featured_media":12299,"comment_status":"open","ping_status":"open","sticky":false,"template":"","format":"standard","meta":{"footnotes":""},"categories":[4,63,117],"tags":[136,1258,20,1359,156,174],"global-categories":[],"class_list":["post-12296","post","type-post","status-publish","format-standard","has-post-thumbnail","hentry","category-cestna-cyklisitika","category-grand-tour","category-tour-de-france","tag-mark-cavendish","tag-tadej-pogacar","tag-tour-de-france","tag-tour-de-france-2021","tag-zeleny-dres","tag-zlty-dres"],"yoast_head":"<!-- This site is optimized with the Yoast SEO Premium plugin v25.3 (Yoast SEO v25.9) - https:\/\/yoast.com\/wordpress\/plugins\/seo\/ -->\n<title>Tadej Poga\u010dar v\u00ed\u0165az\u00ed na Tour de France 2021 - \u0160koda We Love Cycling Slovensko<\/title>\n<meta name=\"robots\" content=\"index, follow, max-snippet:-1, max-image-preview:large, max-video-preview:-1\" \/>\n<link rel=\"canonical\" href=\"https:\/\/www.welovecycling.com\/sk\/2021\/07\/19\/tadej-pogacar-vitazi-na-tour\/\" \/>\n<meta property=\"og:locale\" content=\"sk_SK\" \/>\n<meta property=\"og:type\" content=\"article\" \/>\n<meta property=\"og:title\" content=\"Tadej Poga\u010dar v\u00ed\u0165az\u00ed na Tour de France 2021\" \/>\n<meta property=\"og:description\" content=\"Po bezkonkuren\u010dnom v\u00fdkone po\u010das cel\u00fdch pretekov, si 22-ro\u010dn\u00fd jazdec zabezpe\u010dil hne\u010f tri prvenstv\u00e1: v celkovej klasifik\u00e1cii, medzi mlad\u00fdmi jazdcami aj [&hellip;]\" \/>\n<meta property=\"og:url\" content=\"https:\/\/www.welovecycling.com\/sk\/2021\/07\/19\/tadej-pogacar-vitazi-na-tour\/\" \/>\n<meta property=\"og:site_name\" content=\"\u0160koda We Love Cycling Slovensko\" \/>\n<meta property=\"article:published_time\" content=\"2021-07-19T10:06:56+00:00\" \/>\n<meta property=\"og:image\" content=\"https:\/\/d2p6e6u75xmxt8.cloudfront.net\/4\/2021\/07\/Tadej-Pogacar-CVR-profimedia-0622112341.webp\" \/>\n\t<meta property=\"og:image:width\" content=\"1366\" \/>\n\t<meta property=\"og:image:height\" content=\"600\" \/>\n\t<meta property=\"og:image:type\" content=\"image\/webp\" \/>\n<meta name=\"author\" content=\"Ondrej Ga\u0161par\" \/>\n<meta name=\"twitter:card\" content=\"summary_large_image\" \/>\n<meta name=\"twitter:label1\" content=\"Written by\" \/>\n\t<meta name=\"twitter:data1\" content=\"We Love Cycling\" \/>\n\t<meta name=\"twitter:label2\" content=\"Est. reading time\" \/>\n\t<meta name=\"twitter:data2\" content=\"3\" \/>\n<script type=\"application\/ld+json\" class=\"yoast-schema-graph\">{\"@context\":\"https:\/\/schema.org\",\"@graph\":[{\"@type\":\"WebPage\",\"@id\":\"https:\/\/www.welovecycling.com\/sk\/2021\/07\/19\/tadej-pogacar-vitazi-na-tour\/\",\"url\":\"https:\/\/www.welovecycling.com\/sk\/2021\/07\/19\/tadej-pogacar-vitazi-na-tour\/\",\"name\":\"Tadej Poga\u010dar v\u00ed\u0165az\u00ed na Tour de France 2021 - \u0160koda We Love Cycling Slovensko\",\"isPartOf\":{\"@id\":\"https:\/\/www.welovecycling.com\/sk\/#website\"},\"primaryImageOfPage\":{\"@id\":\"https:\/\/www.welovecycling.com\/sk\/2021\/07\/19\/tadej-pogacar-vitazi-na-tour\/#primaryimage\"},\"image\":{\"@id\":\"https:\/\/www.welovecycling.com\/sk\/2021\/07\/19\/tadej-pogacar-vitazi-na-tour\/#primaryimage\"},\"thumbnailUrl\":\"https:\/\/d2p6e6u75xmxt8.cloudfront.net\/4\/2021\/07\/Tadej-Pogacar-CVR-profimedia-0622112341.webp\",\"datePublished\":\"2021-07-19T10:06:56+00:00\",\"author\":{\"@id\":\"https:\/\/www.welovecycling.com\/sk\/#\/schema\/person\/8ee09ba39b7e25b1870160aa5b3a89bc\"},\"breadcrumb\":{\"@id\":\"https:\/\/www.welovecycling.com\/sk\/2021\/07\/19\/tadej-pogacar-vitazi-na-tour\/#breadcrumb\"},\"inLanguage\":\"sk-SK\",\"potentialAction\":[{\"@type\":\"ReadAction\",\"target\":[\"https:\/\/www.welovecycling.com\/sk\/2021\/07\/19\/tadej-pogacar-vitazi-na-tour\/\"]}]},{\"@type\":\"ImageObject\",\"inLanguage\":\"sk-SK\",\"@id\":\"https:\/\/www.welovecycling.com\/sk\/2021\/07\/19\/tadej-pogacar-vitazi-na-tour\/#primaryimage\",\"url\":\"https:\/\/d2p6e6u75xmxt8.cloudfront.net\/4\/2021\/07\/Tadej-Pogacar-CVR-profimedia-0622112341.webp\",\"contentUrl\":\"https:\/\/d2p6e6u75xmxt8.cloudfront.net\/4\/2021\/07\/Tadej-Pogacar-CVR-profimedia-0622112341.webp\",\"width\":1366,\"height\":600,\"caption\":\"Tadej Poga\u010dar\"},{\"@type\":\"BreadcrumbList\",\"@id\":\"https:\/\/www.welovecycling.com\/sk\/2021\/07\/19\/tadej-pogacar-vitazi-na-tour\/#breadcrumb\",\"itemListElement\":[{\"@type\":\"ListItem\",\"position\":1,\"name\":\"Home\",\"item\":\"https:\/\/www.welovecycling.com\/sk\/\"},{\"@type\":\"ListItem\",\"position\":2,\"name\":\"Tadej Poga\u010dar v\u00ed\u0165az\u00ed na Tour de France 2021\"}]},{\"@type\":\"WebSite\",\"@id\":\"https:\/\/www.welovecycling.com\/sk\/#website\",\"url\":\"https:\/\/www.welovecycling.com\/sk\/\",\"name\":\"\u0160koda We Love Cycling Slovensko\",\"description\":\"\u0160koda We Love Cycling Slovensko je v\u00e1\u0161 ka\u017edodenn\u00fd zdroj noviniek a in\u0161pir\u00e1cie z sveta cyklistiky\",\"potentialAction\":[{\"@type\":\"SearchAction\",\"target\":{\"@type\":\"EntryPoint\",\"urlTemplate\":\"https:\/\/www.welovecycling.com\/sk\/?s={search_term_string}\"},\"query-input\":{\"@type\":\"PropertyValueSpecification\",\"valueRequired\":true,\"valueName\":\"search_term_string\"}}],\"inLanguage\":\"sk-SK\"},{\"@type\":\"Person\",\"@id\":\"https:\/\/www.welovecycling.com\/sk\/#\/schema\/person\/8ee09ba39b7e25b1870160aa5b3a89bc\",\"name\":\"Ondrej Ga\u0161par\",\"image\":{\"@type\":\"ImageObject\",\"inLanguage\":\"sk-SK\",\"@id\":\"https:\/\/www.welovecycling.com\/sk\/#\/schema\/person\/image\/\",\"url\":\"https:\/\/secure.gravatar.com\/avatar\/6126c9afb87b70da5abbb083ddbb21933da15f18f8ca7cb822aba0fb096a48f6?s=96&d=mm&r=g\",\"contentUrl\":\"https:\/\/secure.gravatar.com\/avatar\/6126c9afb87b70da5abbb083ddbb21933da15f18f8ca7cb822aba0fb096a48f6?s=96&d=mm&r=g\",\"caption\":\"Ondrej Ga\u0161par\"},\"url\":\"https:\/\/www.welovecycling.com\/sk\/author\/ondrejgaspar\/\"}]}<\/script>\n<!-- \/ Yoast SEO Premium plugin. -->","yoast_head_json":{"title":"Tadej Poga\u010dar v\u00ed\u0165az\u00ed na Tour de France 2021 - \u0160koda We Love Cycling Slovensko","robots":{"index":"index","follow":"follow","max-snippet":"max-snippet:-1","max-image-preview":"max-image-preview:large","max-video-preview":"max-video-preview:-1"},"canonical":"https:\/\/www.welovecycling.com\/sk\/2021\/07\/19\/tadej-pogacar-vitazi-na-tour\/","og_locale":"sk_SK","og_type":"article","og_title":"Tadej Poga\u010dar v\u00ed\u0165az\u00ed na Tour de France 2021","og_description":"Po bezkonkuren\u010dnom v\u00fdkone po\u010das cel\u00fdch pretekov, si 22-ro\u010dn\u00fd jazdec zabezpe\u010dil hne\u010f tri prvenstv\u00e1: v celkovej klasifik\u00e1cii, medzi mlad\u00fdmi jazdcami aj [&hellip;]","og_url":"https:\/\/www.welovecycling.com\/sk\/2021\/07\/19\/tadej-pogacar-vitazi-na-tour\/","og_site_name":"\u0160koda We Love Cycling Slovensko","article_published_time":"2021-07-19T10:06:56+00:00","og_image":[{"width":1366,"height":600,"url":"https:\/\/d2p6e6u75xmxt8.cloudfront.net\/4\/2021\/07\/Tadej-Pogacar-CVR-profimedia-0622112341.webp","type":"image\/webp"}],"author":"Ondrej Ga\u0161par","twitter_card":"summary_large_image","twitter_misc":{"Written by":"We Love Cycling","Est. reading time":"3"},"schema":{"@context":"https:\/\/schema.org","@graph":[{"@type":"WebPage","@id":"https:\/\/www.welovecycling.com\/sk\/2021\/07\/19\/tadej-pogacar-vitazi-na-tour\/","url":"https:\/\/www.welovecycling.com\/sk\/2021\/07\/19\/tadej-pogacar-vitazi-na-tour\/","name":"Tadej Poga\u010dar v\u00ed\u0165az\u00ed na Tour de France 2021 - \u0160koda We Love Cycling Slovensko","isPartOf":{"@id":"https:\/\/www.welovecycling.com\/sk\/#website"},"primaryImageOfPage":{"@id":"https:\/\/www.welovecycling.com\/sk\/2021\/07\/19\/tadej-pogacar-vitazi-na-tour\/#primaryimage"},"image":{"@id":"https:\/\/www.welovecycling.com\/sk\/2021\/07\/19\/tadej-pogacar-vitazi-na-tour\/#primaryimage"},"thumbnailUrl":"https:\/\/d2p6e6u75xmxt8.cloudfront.net\/4\/2021\/07\/Tadej-Pogacar-CVR-profimedia-0622112341.webp","datePublished":"2021-07-19T10:06:56+00:00","author":{"@id":"https:\/\/www.welovecycling.com\/sk\/#\/schema\/person\/8ee09ba39b7e25b1870160aa5b3a89bc"},"breadcrumb":{"@id":"https:\/\/www.welovecycling.com\/sk\/2021\/07\/19\/tadej-pogacar-vitazi-na-tour\/#breadcrumb"},"inLanguage":"sk-SK","potentialAction":[{"@type":"ReadAction","target":["https:\/\/www.welovecycling.com\/sk\/2021\/07\/19\/tadej-pogacar-vitazi-na-tour\/"]}]},{"@type":"ImageObject","inLanguage":"sk-SK","@id":"https:\/\/www.welovecycling.com\/sk\/2021\/07\/19\/tadej-pogacar-vitazi-na-tour\/#primaryimage","url":"https:\/\/d2p6e6u75xmxt8.cloudfront.net\/4\/2021\/07\/Tadej-Pogacar-CVR-profimedia-0622112341.webp","contentUrl":"https:\/\/d2p6e6u75xmxt8.cloudfront.net\/4\/2021\/07\/Tadej-Pogacar-CVR-profimedia-0622112341.webp","width":1366,"height":600,"caption":"Tadej Poga\u010dar"},{"@type":"BreadcrumbList","@id":"https:\/\/www.welovecycling.com\/sk\/2021\/07\/19\/tadej-pogacar-vitazi-na-tour\/#breadcrumb","itemListElement":[{"@type":"ListItem","position":1,"name":"Home","item":"https:\/\/www.welovecycling.com\/sk\/"},{"@type":"ListItem","position":2,"name":"Tadej Poga\u010dar v\u00ed\u0165az\u00ed na Tour de France 2021"}]},{"@type":"WebSite","@id":"https:\/\/www.welovecycling.com\/sk\/#website","url":"https:\/\/www.welovecycling.com\/sk\/","name":"\u0160koda We Love Cycling Slovensko","description":"\u0160koda We Love Cycling Slovensko je v\u00e1\u0161 ka\u017edodenn\u00fd zdroj noviniek a in\u0161pir\u00e1cie z sveta cyklistiky","potentialAction":[{"@type":"SearchAction","target":{"@type":"EntryPoint","urlTemplate":"https:\/\/www.welovecycling.com\/sk\/?s={search_term_string}"},"query-input":{"@type":"PropertyValueSpecification","valueRequired":true,"valueName":"search_term_string"}}],"inLanguage":"sk-SK"},{"@type":"Person","@id":"https:\/\/www.welovecycling.com\/sk\/#\/schema\/person\/8ee09ba39b7e25b1870160aa5b3a89bc","name":"Ondrej Ga\u0161par","image":{"@type":"ImageObject","inLanguage":"sk-SK","@id":"https:\/\/www.welovecycling.com\/sk\/#\/schema\/person\/image\/","url":"https:\/\/secure.gravatar.com\/avatar\/6126c9afb87b70da5abbb083ddbb21933da15f18f8ca7cb822aba0fb096a48f6?s=96&d=mm&r=g","contentUrl":"https:\/\/secure.gravatar.com\/avatar\/6126c9afb87b70da5abbb083ddbb21933da15f18f8ca7cb822aba0fb096a48f6?s=96&d=mm&r=g","caption":"Ondrej Ga\u0161par"},"url":"https:\/\/www.welovecycling.com\/sk\/author\/ondrejgaspar\/"}]}},"_links":{"self":[{"href":"https:\/\/www.welovecycling.com\/sk\/wp-json\/wp\/v2\/posts\/12296","targetHints":{"allow":["GET"]}}],"collection":[{"href":"https:\/\/www.welovecycling.com\/sk\/wp-json\/wp\/v2\/posts"}],"about":[{"href":"https:\/\/www.welovecycling.com\/sk\/wp-json\/wp\/v2\/types\/post"}],"author":[{"embeddable":true,"href":"https:\/\/www.welovecycling.com\/sk\/wp-json\/wp\/v2\/users\/38"}],"replies":[{"embeddable":true,"href":"https:\/\/www.welovecycling.com\/sk\/wp-json\/wp\/v2\/comments?post=12296"}],"version-history":[{"count":2,"href":"https:\/\/www.welovecycling.com\/sk\/wp-json\/wp\/v2\/posts\/12296\/revisions"}],"predecessor-version":[{"id":12305,"href":"https:\/\/www.welovecycling.com\/sk\/wp-json\/wp\/v2\/posts\/12296\/revisions\/12305"}],"wp:featuredmedia":[{"embeddable":true,"href":"https:\/\/www.welovecycling.com\/sk\/wp-json\/wp\/v2\/media\/12299"}],"wp:attachment":[{"href":"https:\/\/www.welovecycling.com\/sk\/wp-json\/wp\/v2\/media?parent=12296"}],"wp:term":[{"taxonomy":"category","embeddable":true,"href":"https:\/\/www.welovecycling.com\/sk\/wp-json\/wp\/v2\/categories?post=12296"},{"taxonomy":"post_tag","embeddable":true,"href":"https:\/\/www.welovecycling.com\/sk\/wp-json\/wp\/v2\/tags?post=12296"},{"taxonomy":"global-categories","embeddable":true,"href":"https:\/\/www.welovecycling.com\/sk\/wp-json\/wp\/v2\/global-categories?post=12296"}],"curies":[{"name":"wp","href":"https:\/\/api.w.org\/{rel}","templated":true}]}}