{"id":12270,"date":"2021-07-22T10:00:38","date_gmt":"2021-07-22T08:00:38","guid":{"rendered":"https:\/\/www.welovecycling.com\/sk\/?p=12270"},"modified":"2021-07-28T10:22:33","modified_gmt":"2021-07-28T08:22:33","slug":"mesiac-do-pretekov-ako-trenovat-na-letape-slovakia-by-tour-de-france","status":"publish","type":"post","link":"https:\/\/www.welovecycling.com\/sk\/2021\/07\/22\/mesiac-do-pretekov-ako-trenovat-na-letape-slovakia-by-tour-de-france\/","title":{"rendered":"Mesiac do pretekov &#8211; ako tr\u00e9nova\u0165 na L\u2019Etape Slovakia by Tour de France"},"content":{"rendered":"<p><strong>Ak\u00e9 s\u00fa v\u0161eobecn\u00e9 odpor\u00fa\u010dania oh\u013eadom tr\u00e9novania, ke\u010f do \u0161tartu zost\u00e1va pribli\u017ene mesiac? Pok\u00fasime sa vymenova\u0165 zop\u00e1r tipov, ktor\u00e9 m\u00f4\u017eu by\u0165 pre cyklistu u\u017eito\u010dn\u00e9, aby v de\u0148 \u201cD\u201d bol pod\u013ea svojich mo\u017enost\u00ed v optim\u00e1lnej forme, nebol pretr\u00e9novan\u00fd alebo naopak, aby vyu\u017eil zost\u00e1vaj\u00faci \u010das \u010do najlep\u0161ie a zapracoval na svojej kond\u00edcii.<\/strong><!--more--><\/p>\n<p>Odpor\u00fa\u010dania bud\u00fa univerz\u00e1lne, ka\u017ed\u00fd sme inak tr\u00e9novan\u00fd, mesiac pred \u0161tartom m\u00e1me najazden\u00fd in\u00fd po\u010det kilometrov, ale aj napriek tomu s\u00fa veci, ktor\u00e9 platia v\u0161eobecne. Na \u00faplnom za\u010diatku pr\u00edpravy je dobr\u00e9 sa obozn\u00e1mi\u0165 s t\u00fdm, \u010do n\u00e1s na pretekoch \u010dak\u00e1, ak\u00e1 porcia kilometrov alebo po\u010det v\u00fd\u0161kov\u00fdch metrov.<\/p>\n<p><a href=\"https:\/\/d2p6e6u75xmxt8.cloudfront.net\/4\/2021\/07\/Mesiac-do-pretekov-ako-trenovat-na-LEtape-Slovakia-by-Tour-de-France_01.jpg\"><img loading=\"lazy\" decoding=\"async\" class=\"alignnone size-full wp-image-12273\" src=\"https:\/\/d2p6e6u75xmxt8.cloudfront.net\/4\/2021\/07\/Mesiac-do-pretekov-ako-trenovat-na-LEtape-Slovakia-by-Tour-de-France_01.jpg\" alt=\"\" width=\"1200\" height=\"800\" \/><\/a><\/p>\n<p>Na pretekoch L\u2019Etape Slovakia by Tour de France je na v\u00fdber z dvoch trat\u00ed. Dlh\u0161ia vzdialenos\u0165 \u010dak\u00e1 jazdcov, ak sa prihl\u00e1sia na etapu THE RACE so 117 km, pribli\u017ene polovicu m\u00e1 verzia pretekov s ozna\u010den\u00edm THE RIDE so 65 km. \u010co sa t\u00fdka v\u00fd\u0161kov\u00fdch metrov, tak v oboch pr\u00edpadoch p\u00f4jde o tra\u0165, na ktorej sa nach\u00e1dzaj\u00fa st\u00fapania, tak\u017ee aj toto chceme v pr\u00edprave zoh\u013eadni\u0165. Presn\u00fd po\u010det v\u00fd\u0161kov\u00fdch metrov a presn\u00fa tra\u0165 n\u00e1jdeme na <a href=\"https:\/\/letapeslovakia.sk\/mapy\/\" target=\"_blank\" rel=\"noopener\">str\u00e1nke podujatia<\/a>. Teraz, ke\u010f vieme, na \u010do budeme tr\u00e9nova\u0165, pozrime sa na to, ako sa za 4 t\u00fd\u017edne pripravi\u0165.<\/p>\n<p><a href=\"https:\/\/d2p6e6u75xmxt8.cloudfront.net\/4\/2021\/07\/Mesiac-do-pretekov-ako-trenovat-na-LEtape-Slovakia-by-Tour-de-France_02.jpg\"><img loading=\"lazy\" decoding=\"async\" class=\"alignnone size-full wp-image-12274\" src=\"https:\/\/d2p6e6u75xmxt8.cloudfront.net\/4\/2021\/07\/Mesiac-do-pretekov-ako-trenovat-na-LEtape-Slovakia-by-Tour-de-France_02.jpg\" alt=\"\" width=\"1200\" height=\"800\" \/><\/a><\/p>\n<h2><strong>\u0160tyri t\u00fd\u017edne do \u0161tartu<\/strong><\/h2>\n<p>Ako sme spom\u00ednali v \u00favode, najlep\u0161ie sa rad\u00ed s tr\u00e9ningom konkr\u00e9tnemu cyklistovi, kde sa daj\u00fa zoh\u013eadni\u0165 jeho \u0161pecifik\u00e1. Ale ak by sme mali za\u010da\u0165 s prvou univerz\u00e1lnou radou, tak t\u00e1 znie, <strong>pekne sa na bicykli rozbehn\u00fa\u0165, rozjazdi\u0165 sa, prv\u00fd t\u00fd\u017ede\u0148 v mesa\u010dnej pr\u00edprave venujme k\u013eudn\u00e9mu najazdievaniu kilometrov<\/strong>, aby sme boli pekne \u201cvyseden\u00ed\u201d na bicykli, ak sme robili nejak\u00e9 nastavenia v posede alebo zmeny vo v\u00fdbave, tak v tomto momente je dobr\u00e9 veci fin\u00e1lne nastavi\u0165 a u\u017e do \u0161tartu s nimi neh\u00fdba\u0165.<\/p>\n<p><a href=\"https:\/\/d2p6e6u75xmxt8.cloudfront.net\/4\/2021\/07\/Mesiac-do-pretekov-ako-trenovat-na-LEtape-Slovakia-by-Tour-de-France_03.jpg\"><img loading=\"lazy\" decoding=\"async\" class=\"alignnone size-full wp-image-12275\" src=\"https:\/\/d2p6e6u75xmxt8.cloudfront.net\/4\/2021\/07\/Mesiac-do-pretekov-ako-trenovat-na-LEtape-Slovakia-by-Tour-de-France_03.jpg\" alt=\"\" width=\"1200\" height=\"800\" \/><\/a><\/p>\n<h2><strong>Tri t\u00fd\u017edne do \u0161tartu<\/strong><\/h2>\n<p>Tr\u00e9nova\u0165 neodpor\u00fa\u010dame ka\u017ed\u00fd de\u0148. To, \u017ee m\u00e1me 30 dn\u00ed do \u0161tartu pretekov neznamen\u00e1, \u017ee najlep\u0161ia pr\u00edprava bude vyzera\u0165, \u017ee absolvujeme 30 tr\u00e9ningov. Telo \u201csilnie\u201d, ke\u010f mu po tr\u00e9ningu doprajeme oddych, preto je dobr\u00e9 strieda\u0165 dni jazdenia a odpo\u010dinku. Pod\u013ea zdatnosti si m\u00f4\u017eeme da\u0165 re\u017eim 2 dni tr\u00e9ning\/1 de\u0148 oddych, cyklisti \u010do u\u017e maj\u00fa od za\u010diatku roka najazden\u00fdch viacej kilometrov si m\u00f4\u017eu da\u0165 protokol 3 dni tr\u00e9nig\/1 de\u0148 oddychu.<\/p>\n<p>Druh\u00fd t\u00fd\u017ede\u0148 pr\u00edpravy <strong>m\u00f4\u017eeme okrem pohodov\u00e9ho najazdenia kilometrov zaradi\u0165 aj intenz\u00edvnej\u0161ie \u00faseky<\/strong>, tzv. intervaly. Telo navykneme aj na vy\u0161\u0161ie za\u0165a\u017eenie, ktor\u00e9 je pre pretekanie typick\u00e9. Na za\u010diatku tr\u00e9ningov sa rozjazd\u00edme a potom zarad\u00edme nieko\u013eko \u00fasekov, kde \u0161liapeme do ped\u00e1lov intenz\u00edvne, sta\u010d\u00ed min\u00fatu, po nej pauza a nieko\u013ekokr\u00e1t opakujeme. Domov sa op\u00e4\u0165 pekne vyjazd\u00edme v pohodovom tempe.<\/p>\n<p><a href=\"https:\/\/d2p6e6u75xmxt8.cloudfront.net\/4\/2021\/07\/Mesiac-do-pretekov-ako-trenovat-na-LEtape-Slovakia-by-Tour-de-France_04.jpg\"><img loading=\"lazy\" decoding=\"async\" class=\"alignnone size-full wp-image-12276\" src=\"https:\/\/d2p6e6u75xmxt8.cloudfront.net\/4\/2021\/07\/Mesiac-do-pretekov-ako-trenovat-na-LEtape-Slovakia-by-Tour-de-France_04.jpg\" alt=\"\" width=\"1200\" height=\"800\" \/><\/a><\/p>\n<h2><strong>\u010co robi\u0165 okrem tr\u00e9ningu<\/strong><\/h2>\n<p>Okrem dobr\u00fdch n\u00f4h a siln\u00e9ho motora by sme nemali zabudn\u00fa\u0165 aj na spr\u00e1vne \u201cpalivo\u201d pre cyklistu. Nesk\u00f4r sa m\u00f4\u017eeme zastavi\u0165 aj pri tom, \u010do jes\u0165 priamo po\u010das pretekov, teraz si m\u00f4\u017eeme poveda\u0165, \u010di a ako upravi\u0165 stravu, ke\u010f m\u00e1me do \u0161tartu 3-4 t\u00fd\u017edne. Na \u010do u\u017e \u010das nie je, s\u00fa z\u00e1sadn\u00e9 reduk\u010dn\u00e9 di\u00e9ty, \u00e1no, do kopca je d\u00f4le\u017eit\u00e1 hmotnos\u0165, ale na druh\u00fa stranu nechceme oslabi\u0165, \u0161okova\u0165 telo nejakou silnou di\u00e9tou.<\/p>\n<div class=\"shortcode-ys-post-pinup\"><article class=\"loop-simple post-11631 post type-post status-publish format-standard has-post-thumbnail hentry category-letape-slovakia tag-bratislava tag-cestna-cyklistika tag-cestny-bicykel tag-christian-prudhomme tag-letape-du-tour tag-podujatia tag-preteky tag-skoda global-categories-cycling\" data-postid=\"11631\" role=\"article\" data-post-id=\"11631\" data-word-count=\"573\" data-headline-length=\"44\" data-category=\"L\u2019Etape Slovakia\" data-global-category=\"Cycling\" data-author=\"WeLoveCycling\" data-published=\"2021-04-08T15:00:05+02:00\" data-published-day=\"Thursday\">\n    <div class=\"entry-thumbnail article-thumbnail\" content=\"https:\/\/d2p6e6u75xmxt8.cloudfront.net\/4\/2021\/04\/WLC_L-Etape_00-150x150.webp\"><a href=\"https:\/\/www.welovecycling.com\/sk\/2021\/04\/08\/letape-tento-rok-zavita-aj-na-slovensko\/\" class=\"image-holder\" target=\"_self\"><img decoding=\"async\" loading=\"lazy\" class=\"\" src=\"https:\/\/d2p6e6u75xmxt8.cloudfront.net\/4\/2021\/04\/WLC_L-Etape_00-1024x445.webp\" srcset=\"https:\/\/d2p6e6u75xmxt8.cloudfront.net\/4\/2021\/04\/WLC_L-Etape_00.webp 1380w, https:\/\/d2p6e6u75xmxt8.cloudfront.net\/4\/2021\/04\/WLC_L-Etape_00-300x130.webp 300w, https:\/\/d2p6e6u75xmxt8.cloudfront.net\/4\/2021\/04\/WLC_L-Etape_00-1024x445.webp 1024w, https:\/\/d2p6e6u75xmxt8.cloudfront.net\/4\/2021\/04\/WLC_L-Etape_00-768x334.webp 768w\" width=\"1024\" height=\"445\" sizes=\"auto, (min-width: 1200px) 460px, (min-width: 768px) 38vw, 100vw\" alt=\"letape-tento-rok-zavita-aj-na-slovensko\"\/><\/a><\/div>    <div class=\"entry-meta\">\n        <a class=\"label label-secondary post-category\" href=\"https:\/\/www.welovecycling.com\/sk\/category\/cestna-cyklisitika\/letape-slovakia\/\" title=\"L\u2019Etape Slovakia\">L\u2019Etape Slovakia<\/a>\n    <\/div>\n    <div class=\"entry-details\">\n        <a href=\"https:\/\/www.welovecycling.com\/sk\/2021\/04\/08\/letape-tento-rok-zavita-aj-na-slovensko\/\" class='entry-title-wrapper'>\n            <h3 class=\"entry-title\"><span>L\u2019Etape tento rok zav\u00edta aj na Slovensko!<\/span><\/h3>\n        <\/a>\n    <\/div>\n    <\/article>\n<\/div>\n<p>\u00daplne bude sta\u010di\u0165, ak sa s\u00fastred\u00edme na to, aby bola strava pestr\u00e1 a vyv\u00e1\u017een\u00e1, t\u00fdm \u017ee pl\u00e1nujeme poctivo tr\u00e9nova\u0165, nechceme telu prid\u00e1va\u0165 starosti t\u00fdm, \u017ee bude musie\u0165 \u010dasto tr\u00e1vi\u0165 \u0165a\u017ek\u00e9 jedl\u00e1. Tie\u017e s po\u010dtom spolo\u010densk\u00fdch poseden\u00ed spojen\u00fdch s alkoholom by sme to nemali preh\u00e1na\u0165, chceme dopria\u0165 telu priestor a \u010das na kvalitn\u00e9 vstrebanie najazden\u00fdch kilometrov a nie p\u00e1lenky. \ud83d\ude42<\/p>\n<p><a href=\"https:\/\/d2p6e6u75xmxt8.cloudfront.net\/4\/2021\/07\/Mesiac-do-pretekov-ako-trenovat-na-LEtape-Slovakia-by-Tour-de-France_05.jpg\"><img loading=\"lazy\" decoding=\"async\" class=\"alignnone size-full wp-image-12277\" src=\"https:\/\/d2p6e6u75xmxt8.cloudfront.net\/4\/2021\/07\/Mesiac-do-pretekov-ako-trenovat-na-LEtape-Slovakia-by-Tour-de-France_05.jpg\" alt=\"\" width=\"1200\" height=\"800\" \/><\/a><\/p>\n<h2><strong>Po\u010d\u00fava\u0165 telo<\/strong><\/h2>\n<p>V \u010fal\u0161om \u010dl\u00e1nku sa pozrieme, ako by mali vyzera\u0165 fin\u00e1lne dni pred \u0161tartom, ohl\u00e1sime sa s radami, ako tr\u00e9nova\u0165, ak do \u0161tartu ost\u00e1vaj\u00fa 2 t\u00fd\u017edne. Na \u00fapln\u00fd z\u00e1ver e\u0161te jedno v\u0161eobecn\u00e9 odpor\u00fa\u010danie. <strong>Po\u010d\u00favajte svoje telo, ni\u010d nepreh\u00e1\u0148ajte, zdravie si chceme takouto \u0161portovou v\u00fdzvou posilni\u0165 a nie naopak.<\/strong> Tak\u017ee s rozumom. \ud83d\ude0a<\/p>\n","protected":false},"excerpt":{"rendered":"<p>Ak\u00e9 s\u00fa v\u0161eobecn\u00e9 odpor\u00fa\u010dania oh\u013eadom tr\u00e9novania, ke\u010f do \u0161tartu zost\u00e1va pribli\u017ene mesiac? Pok\u00fasime sa vymenova\u0165 zop\u00e1r tipov, ktor\u00e9 m\u00f4\u017eu by\u0165 [&hellip;]<\/p>\n","protected":false},"author":81,"featured_media":12272,"comment_status":"open","ping_status":"open","sticky":false,"template":"","format":"standard","meta":{"footnotes":""},"categories":[1350],"tags":[521,115,487,1351,1372,566,179,190,542,1009,523,55],"global-categories":[1074],"class_list":["post-12270","post","type-post","status-publish","format-standard","has-post-thumbnail","hentry","category-letape-slovakia","tag-bratislava","tag-cestna-cyklistika","tag-cestny-bicykel","tag-letape-slovakia","tag-letape-slovakia-by-tour-de-france","tag-leto","tag-preteky","tag-priprava","tag-skoda","tag-skoda-auto","tag-slovensko","tag-trening","global-categories-cycling"],"yoast_head":"<!-- This site is optimized with the Yoast SEO Premium plugin v25.3 (Yoast SEO v25.9) - https:\/\/yoast.com\/wordpress\/plugins\/seo\/ -->\n<title>Mesiac do pretekov - ako tr\u00e9nova\u0165 na L\u2019Etape Slovakia by Tour de France - \u0160koda We Love Cycling Slovensko<\/title>\n<meta name=\"robots\" content=\"index, follow, max-snippet:-1, max-image-preview:large, max-video-preview:-1\" \/>\n<link rel=\"canonical\" href=\"https:\/\/www.welovecycling.com\/sk\/2021\/07\/22\/mesiac-do-pretekov-ako-trenovat-na-letape-slovakia-by-tour-de-france\/\" \/>\n<meta property=\"og:locale\" content=\"sk_SK\" \/>\n<meta property=\"og:type\" content=\"article\" \/>\n<meta property=\"og:title\" content=\"Mesiac do pretekov - ako tr\u00e9nova\u0165 na L\u2019Etape Slovakia by Tour de France\" \/>\n<meta property=\"og:description\" content=\"Ak\u00e9 s\u00fa v\u0161eobecn\u00e9 odpor\u00fa\u010dania oh\u013eadom tr\u00e9novania, ke\u010f do \u0161tartu zost\u00e1va pribli\u017ene mesiac? Pok\u00fasime sa vymenova\u0165 zop\u00e1r tipov, ktor\u00e9 m\u00f4\u017eu by\u0165 [&hellip;]\" \/>\n<meta property=\"og:url\" content=\"https:\/\/www.welovecycling.com\/sk\/2021\/07\/22\/mesiac-do-pretekov-ako-trenovat-na-letape-slovakia-by-tour-de-france\/\" \/>\n<meta property=\"og:site_name\" content=\"\u0160koda We Love Cycling Slovensko\" \/>\n<meta property=\"article:published_time\" content=\"2021-07-22T08:00:38+00:00\" \/>\n<meta property=\"article:modified_time\" content=\"2021-07-28T08:22:33+00:00\" \/>\n<meta property=\"og:image\" content=\"https:\/\/d2p6e6u75xmxt8.cloudfront.net\/4\/2021\/07\/Mesiac-do-pretekov-ako-trenovat-na-LEtape-Slovakia-by-Tour-de-France_00.webp\" \/>\n\t<meta property=\"og:image:width\" content=\"1380\" \/>\n\t<meta property=\"og:image:height\" content=\"600\" \/>\n\t<meta property=\"og:image:type\" content=\"image\/webp\" \/>\n<meta name=\"twitter:card\" content=\"summary_large_image\" \/>\n<meta name=\"twitter:label1\" content=\"Written by\" \/>\n\t<meta name=\"twitter:data1\" content=\"WeLoveCycling\" \/>\n\t<meta name=\"twitter:label2\" content=\"Est. reading time\" \/>\n\t<meta name=\"twitter:data2\" content=\"4\" \/>\n<script type=\"application\/ld+json\" class=\"yoast-schema-graph\">{\"@context\":\"https:\/\/schema.org\",\"@graph\":[{\"@type\":\"WebPage\",\"@id\":\"https:\/\/www.welovecycling.com\/sk\/2021\/07\/22\/mesiac-do-pretekov-ako-trenovat-na-letape-slovakia-by-tour-de-france\/\",\"url\":\"https:\/\/www.welovecycling.com\/sk\/2021\/07\/22\/mesiac-do-pretekov-ako-trenovat-na-letape-slovakia-by-tour-de-france\/\",\"name\":\"Mesiac do pretekov - ako tr\u00e9nova\u0165 na L\u2019Etape Slovakia by Tour de France - \u0160koda We Love Cycling Slovensko\",\"isPartOf\":{\"@id\":\"https:\/\/www.welovecycling.com\/sk\/#website\"},\"primaryImageOfPage\":{\"@id\":\"https:\/\/www.welovecycling.com\/sk\/2021\/07\/22\/mesiac-do-pretekov-ako-trenovat-na-letape-slovakia-by-tour-de-france\/#primaryimage\"},\"image\":{\"@id\":\"https:\/\/www.welovecycling.com\/sk\/2021\/07\/22\/mesiac-do-pretekov-ako-trenovat-na-letape-slovakia-by-tour-de-france\/#primaryimage\"},\"thumbnailUrl\":\"https:\/\/d2p6e6u75xmxt8.cloudfront.net\/4\/2021\/07\/Mesiac-do-pretekov-ako-trenovat-na-LEtape-Slovakia-by-Tour-de-France_00.webp\",\"datePublished\":\"2021-07-22T08:00:38+00:00\",\"dateModified\":\"2021-07-28T08:22:33+00:00\",\"author\":{\"@id\":\"\"},\"breadcrumb\":{\"@id\":\"https:\/\/www.welovecycling.com\/sk\/2021\/07\/22\/mesiac-do-pretekov-ako-trenovat-na-letape-slovakia-by-tour-de-france\/#breadcrumb\"},\"inLanguage\":\"sk-SK\",\"potentialAction\":[{\"@type\":\"ReadAction\",\"target\":[\"https:\/\/www.welovecycling.com\/sk\/2021\/07\/22\/mesiac-do-pretekov-ako-trenovat-na-letape-slovakia-by-tour-de-france\/\"]}]},{\"@type\":\"ImageObject\",\"inLanguage\":\"sk-SK\",\"@id\":\"https:\/\/www.welovecycling.com\/sk\/2021\/07\/22\/mesiac-do-pretekov-ako-trenovat-na-letape-slovakia-by-tour-de-france\/#primaryimage\",\"url\":\"https:\/\/d2p6e6u75xmxt8.cloudfront.net\/4\/2021\/07\/Mesiac-do-pretekov-ako-trenovat-na-LEtape-Slovakia-by-Tour-de-France_00.webp\",\"contentUrl\":\"https:\/\/d2p6e6u75xmxt8.cloudfront.net\/4\/2021\/07\/Mesiac-do-pretekov-ako-trenovat-na-LEtape-Slovakia-by-Tour-de-France_00.webp\",\"width\":1380,\"height\":600},{\"@type\":\"BreadcrumbList\",\"@id\":\"https:\/\/www.welovecycling.com\/sk\/2021\/07\/22\/mesiac-do-pretekov-ako-trenovat-na-letape-slovakia-by-tour-de-france\/#breadcrumb\",\"itemListElement\":[{\"@type\":\"ListItem\",\"position\":1,\"name\":\"Home\",\"item\":\"https:\/\/www.welovecycling.com\/sk\/\"},{\"@type\":\"ListItem\",\"position\":2,\"name\":\"Mesiac do pretekov &#8211; ako tr\u00e9nova\u0165 na L\u2019Etape Slovakia by Tour de France\"}]},{\"@type\":\"WebSite\",\"@id\":\"https:\/\/www.welovecycling.com\/sk\/#website\",\"url\":\"https:\/\/www.welovecycling.com\/sk\/\",\"name\":\"\u0160koda We Love Cycling Slovensko\",\"description\":\"\u0160koda We Love Cycling Slovensko je v\u00e1\u0161 ka\u017edodenn\u00fd zdroj noviniek a in\u0161pir\u00e1cie z sveta cyklistiky\",\"potentialAction\":[{\"@type\":\"SearchAction\",\"target\":{\"@type\":\"EntryPoint\",\"urlTemplate\":\"https:\/\/www.welovecycling.com\/sk\/?s={search_term_string}\"},\"query-input\":{\"@type\":\"PropertyValueSpecification\",\"valueRequired\":true,\"valueName\":\"search_term_string\"}}],\"inLanguage\":\"sk-SK\"},{\"@type\":\"Person\",\"@id\":\"\",\"url\":\"https:\/\/www.welovecycling.com\/sk\/author\/\"}]}<\/script>\n<!-- \/ Yoast SEO Premium plugin. -->","yoast_head_json":{"title":"Mesiac do pretekov - ako tr\u00e9nova\u0165 na L\u2019Etape Slovakia by Tour de France - \u0160koda We Love Cycling Slovensko","robots":{"index":"index","follow":"follow","max-snippet":"max-snippet:-1","max-image-preview":"max-image-preview:large","max-video-preview":"max-video-preview:-1"},"canonical":"https:\/\/www.welovecycling.com\/sk\/2021\/07\/22\/mesiac-do-pretekov-ako-trenovat-na-letape-slovakia-by-tour-de-france\/","og_locale":"sk_SK","og_type":"article","og_title":"Mesiac do pretekov - ako tr\u00e9nova\u0165 na L\u2019Etape Slovakia by Tour de France","og_description":"Ak\u00e9 s\u00fa v\u0161eobecn\u00e9 odpor\u00fa\u010dania oh\u013eadom tr\u00e9novania, ke\u010f do \u0161tartu zost\u00e1va pribli\u017ene mesiac? Pok\u00fasime sa vymenova\u0165 zop\u00e1r tipov, ktor\u00e9 m\u00f4\u017eu by\u0165 [&hellip;]","og_url":"https:\/\/www.welovecycling.com\/sk\/2021\/07\/22\/mesiac-do-pretekov-ako-trenovat-na-letape-slovakia-by-tour-de-france\/","og_site_name":"\u0160koda We Love Cycling Slovensko","article_published_time":"2021-07-22T08:00:38+00:00","article_modified_time":"2021-07-28T08:22:33+00:00","og_image":[{"width":1380,"height":600,"url":"https:\/\/d2p6e6u75xmxt8.cloudfront.net\/4\/2021\/07\/Mesiac-do-pretekov-ako-trenovat-na-LEtape-Slovakia-by-Tour-de-France_00.webp","type":"image\/webp"}],"twitter_card":"summary_large_image","twitter_misc":{"Written by":"WeLoveCycling","Est. reading time":"4"},"schema":{"@context":"https:\/\/schema.org","@graph":[{"@type":"WebPage","@id":"https:\/\/www.welovecycling.com\/sk\/2021\/07\/22\/mesiac-do-pretekov-ako-trenovat-na-letape-slovakia-by-tour-de-france\/","url":"https:\/\/www.welovecycling.com\/sk\/2021\/07\/22\/mesiac-do-pretekov-ako-trenovat-na-letape-slovakia-by-tour-de-france\/","name":"Mesiac do pretekov - ako tr\u00e9nova\u0165 na L\u2019Etape Slovakia by Tour de France - \u0160koda We Love Cycling Slovensko","isPartOf":{"@id":"https:\/\/www.welovecycling.com\/sk\/#website"},"primaryImageOfPage":{"@id":"https:\/\/www.welovecycling.com\/sk\/2021\/07\/22\/mesiac-do-pretekov-ako-trenovat-na-letape-slovakia-by-tour-de-france\/#primaryimage"},"image":{"@id":"https:\/\/www.welovecycling.com\/sk\/2021\/07\/22\/mesiac-do-pretekov-ako-trenovat-na-letape-slovakia-by-tour-de-france\/#primaryimage"},"thumbnailUrl":"https:\/\/d2p6e6u75xmxt8.cloudfront.net\/4\/2021\/07\/Mesiac-do-pretekov-ako-trenovat-na-LEtape-Slovakia-by-Tour-de-France_00.webp","datePublished":"2021-07-22T08:00:38+00:00","dateModified":"2021-07-28T08:22:33+00:00","author":{"@id":""},"breadcrumb":{"@id":"https:\/\/www.welovecycling.com\/sk\/2021\/07\/22\/mesiac-do-pretekov-ako-trenovat-na-letape-slovakia-by-tour-de-france\/#breadcrumb"},"inLanguage":"sk-SK","potentialAction":[{"@type":"ReadAction","target":["https:\/\/www.welovecycling.com\/sk\/2021\/07\/22\/mesiac-do-pretekov-ako-trenovat-na-letape-slovakia-by-tour-de-france\/"]}]},{"@type":"ImageObject","inLanguage":"sk-SK","@id":"https:\/\/www.welovecycling.com\/sk\/2021\/07\/22\/mesiac-do-pretekov-ako-trenovat-na-letape-slovakia-by-tour-de-france\/#primaryimage","url":"https:\/\/d2p6e6u75xmxt8.cloudfront.net\/4\/2021\/07\/Mesiac-do-pretekov-ako-trenovat-na-LEtape-Slovakia-by-Tour-de-France_00.webp","contentUrl":"https:\/\/d2p6e6u75xmxt8.cloudfront.net\/4\/2021\/07\/Mesiac-do-pretekov-ako-trenovat-na-LEtape-Slovakia-by-Tour-de-France_00.webp","width":1380,"height":600},{"@type":"BreadcrumbList","@id":"https:\/\/www.welovecycling.com\/sk\/2021\/07\/22\/mesiac-do-pretekov-ako-trenovat-na-letape-slovakia-by-tour-de-france\/#breadcrumb","itemListElement":[{"@type":"ListItem","position":1,"name":"Home","item":"https:\/\/www.welovecycling.com\/sk\/"},{"@type":"ListItem","position":2,"name":"Mesiac do pretekov &#8211; ako tr\u00e9nova\u0165 na L\u2019Etape Slovakia by Tour de France"}]},{"@type":"WebSite","@id":"https:\/\/www.welovecycling.com\/sk\/#website","url":"https:\/\/www.welovecycling.com\/sk\/","name":"\u0160koda We Love Cycling Slovensko","description":"\u0160koda We Love Cycling Slovensko je v\u00e1\u0161 ka\u017edodenn\u00fd zdroj noviniek a in\u0161pir\u00e1cie z sveta cyklistiky","potentialAction":[{"@type":"SearchAction","target":{"@type":"EntryPoint","urlTemplate":"https:\/\/www.welovecycling.com\/sk\/?s={search_term_string}"},"query-input":{"@type":"PropertyValueSpecification","valueRequired":true,"valueName":"search_term_string"}}],"inLanguage":"sk-SK"},{"@type":"Person","@id":"","url":"https:\/\/www.welovecycling.com\/sk\/author\/"}]}},"_links":{"self":[{"href":"https:\/\/www.welovecycling.com\/sk\/wp-json\/wp\/v2\/posts\/12270","targetHints":{"allow":["GET"]}}],"collection":[{"href":"https:\/\/www.welovecycling.com\/sk\/wp-json\/wp\/v2\/posts"}],"about":[{"href":"https:\/\/www.welovecycling.com\/sk\/wp-json\/wp\/v2\/types\/post"}],"author":[{"embeddable":true,"href":"https:\/\/www.welovecycling.com\/sk\/wp-json\/wp\/v2\/users\/81"}],"replies":[{"embeddable":true,"href":"https:\/\/www.welovecycling.com\/sk\/wp-json\/wp\/v2\/comments?post=12270"}],"version-history":[{"count":2,"href":"https:\/\/www.welovecycling.com\/sk\/wp-json\/wp\/v2\/posts\/12270\/revisions"}],"predecessor-version":[{"id":12429,"href":"https:\/\/www.welovecycling.com\/sk\/wp-json\/wp\/v2\/posts\/12270\/revisions\/12429"}],"wp:featuredmedia":[{"embeddable":true,"href":"https:\/\/www.welovecycling.com\/sk\/wp-json\/wp\/v2\/media\/12272"}],"wp:attachment":[{"href":"https:\/\/www.welovecycling.com\/sk\/wp-json\/wp\/v2\/media?parent=12270"}],"wp:term":[{"taxonomy":"category","embeddable":true,"href":"https:\/\/www.welovecycling.com\/sk\/wp-json\/wp\/v2\/categories?post=12270"},{"taxonomy":"post_tag","embeddable":true,"href":"https:\/\/www.welovecycling.com\/sk\/wp-json\/wp\/v2\/tags?post=12270"},{"taxonomy":"global-categories","embeddable":true,"href":"https:\/\/www.welovecycling.com\/sk\/wp-json\/wp\/v2\/global-categories?post=12270"}],"curies":[{"name":"wp","href":"https:\/\/api.w.org\/{rel}","templated":true}]}}