{"id":12255,"date":"2021-07-15T14:00:31","date_gmt":"2021-07-15T12:00:31","guid":{"rendered":"https:\/\/www.welovecycling.com\/sk\/?p=12255"},"modified":"2021-07-15T09:10:28","modified_gmt":"2021-07-15T07:10:28","slug":"pozvanka-4-kolo-detskej-tour-petra-sagana-maly-slavkov","status":"publish","type":"post","link":"https:\/\/www.welovecycling.com\/sk\/2021\/07\/15\/pozvanka-4-kolo-detskej-tour-petra-sagana-maly-slavkov\/","title":{"rendered":"Pozv\u00e1nka: 4. kolo Detskej Tour Petra Sagana &#8211; Mal\u00fd Slavkov"},"content":{"rendered":"<p><strong>Detsk\u00e1 Tour Petra Sagana po prv\u00fdkr\u00e1t mieri do Vysok\u00fdch Tatier. Najbli\u017e\u0161ie kolo n\u00e1s \u010dak\u00e1 u\u017e t\u00fato nede\u013eu 18. j\u00fala v Malom Slavkove. Pre deti je pripraven\u00fd bohat\u00fd program a samozrejme op\u00e4\u0165 zauj\u00edmav\u00e1 tra\u0165 v par\u00e1dnom prostred\u00ed priamo pod doh\u013eadom Vysok\u00fdch Tatier.<\/strong><!--more--><\/p>\n<p><iframe loading=\"lazy\" src=\"https:\/\/drive.google.com\/file\/d\/1xQ80Gbr1DMQCJ_8sOvOwho2x_FabHzMi\/preview\" width=\"640\" height=\"480\" allow=\"autoplay\"><\/iframe><\/p>\n<p>Peter Sagan motivuje deti k bicyklovaniu a tak pre na\u0161e deti vytvoril aj videopozv\u00e1nku. Viac inform\u00e1ci\u00ed n\u00e1jdete na <a href=\"https:\/\/detskatour.sk\/2021\/4-kolo-dtps-2021-maly-slavkov\/\" rel=\"noopener\" target=\"_blank\">tomto odkaze<\/a>.<\/p>\n<p><iframe loading=\"lazy\" src=\"https:\/\/drive.google.com\/file\/d\/1ID4sWYHULOuIrlk2hIX7Um1Z3NIJCS77\/preview\" width=\"640\" height=\"480\" allow=\"autoplay\"><\/iframe><\/p>\n","protected":false},"excerpt":{"rendered":"<p>Detsk\u00e1 Tour Petra Sagana po prv\u00fdkr\u00e1t mieri do Vysok\u00fdch Tatier. Najbli\u017e\u0161ie kolo n\u00e1s \u010dak\u00e1 u\u017e t\u00fato nede\u013eu 18. j\u00fala v [&hellip;]<\/p>\n","protected":false},"author":81,"featured_media":12258,"comment_status":"open","ping_status":"open","sticky":false,"template":"","format":"standard","meta":{"footnotes":""},"categories":[51,34],"tags":[53,764,566,91,179,1311,520],"global-categories":[1074],"class_list":["post-12255","post","type-post","status-publish","format-standard","has-post-thumbnail","hentry","category-deti-na-bicykloch","category-podujatia","tag-deti","tag-detska-tour-petra-sagana","tag-leto","tag-pozvanka","tag-preteky","tag-sezona-2021","tag-vysoke-tatry","global-categories-cycling"],"yoast_head":"<!-- This site is optimized with the Yoast SEO Premium plugin v25.3 (Yoast SEO v25.9) - https:\/\/yoast.com\/wordpress\/plugins\/seo\/ -->\n<title>Pozv\u00e1nka: 4. kolo Detskej Tour Petra Sagana - Mal\u00fd Slavkov - \u0160koda We Love Cycling Slovensko<\/title>\n<meta name=\"robots\" content=\"index, follow, max-snippet:-1, max-image-preview:large, max-video-preview:-1\" \/>\n<link rel=\"canonical\" href=\"https:\/\/www.welovecycling.com\/sk\/2021\/07\/15\/pozvanka-4-kolo-detskej-tour-petra-sagana-maly-slavkov\/\" \/>\n<meta property=\"og:locale\" content=\"sk_SK\" \/>\n<meta property=\"og:type\" content=\"article\" \/>\n<meta property=\"og:title\" content=\"Pozv\u00e1nka: 4. kolo Detskej Tour Petra Sagana - Mal\u00fd Slavkov\" \/>\n<meta property=\"og:description\" content=\"Detsk\u00e1 Tour Petra Sagana po prv\u00fdkr\u00e1t mieri do Vysok\u00fdch Tatier. Najbli\u017e\u0161ie kolo n\u00e1s \u010dak\u00e1 u\u017e t\u00fato nede\u013eu 18. j\u00fala v [&hellip;]\" \/>\n<meta property=\"og:url\" content=\"https:\/\/www.welovecycling.com\/sk\/2021\/07\/15\/pozvanka-4-kolo-detskej-tour-petra-sagana-maly-slavkov\/\" \/>\n<meta property=\"og:site_name\" content=\"\u0160koda We Love Cycling Slovensko\" \/>\n<meta property=\"article:published_time\" content=\"2021-07-15T12:00:31+00:00\" \/>\n<meta property=\"og:image\" content=\"https:\/\/d2p6e6u75xmxt8.cloudfront.net\/4\/2021\/07\/DTPS_00-2.webp\" \/>\n\t<meta property=\"og:image:width\" content=\"1380\" \/>\n\t<meta property=\"og:image:height\" content=\"600\" \/>\n\t<meta property=\"og:image:type\" content=\"image\/webp\" \/>\n<meta name=\"twitter:card\" content=\"summary_large_image\" \/>\n<meta name=\"twitter:label1\" content=\"Written by\" \/>\n\t<meta name=\"twitter:data1\" content=\"WeLoveCycling\" \/>\n\t<meta name=\"twitter:label2\" content=\"Est. reading time\" \/>\n\t<meta name=\"twitter:data2\" content=\"3\" \/>\n<script type=\"application\/ld+json\" class=\"yoast-schema-graph\">{\"@context\":\"https:\/\/schema.org\",\"@graph\":[{\"@type\":\"WebPage\",\"@id\":\"https:\/\/www.welovecycling.com\/sk\/2021\/07\/15\/pozvanka-4-kolo-detskej-tour-petra-sagana-maly-slavkov\/\",\"url\":\"https:\/\/www.welovecycling.com\/sk\/2021\/07\/15\/pozvanka-4-kolo-detskej-tour-petra-sagana-maly-slavkov\/\",\"name\":\"Pozv\u00e1nka: 4. kolo Detskej Tour Petra Sagana - Mal\u00fd Slavkov - \u0160koda We Love Cycling Slovensko\",\"isPartOf\":{\"@id\":\"https:\/\/www.welovecycling.com\/sk\/#website\"},\"primaryImageOfPage\":{\"@id\":\"https:\/\/www.welovecycling.com\/sk\/2021\/07\/15\/pozvanka-4-kolo-detskej-tour-petra-sagana-maly-slavkov\/#primaryimage\"},\"image\":{\"@id\":\"https:\/\/www.welovecycling.com\/sk\/2021\/07\/15\/pozvanka-4-kolo-detskej-tour-petra-sagana-maly-slavkov\/#primaryimage\"},\"thumbnailUrl\":\"https:\/\/d2p6e6u75xmxt8.cloudfront.net\/4\/2021\/07\/DTPS_00-2.webp\",\"datePublished\":\"2021-07-15T12:00:31+00:00\",\"author\":{\"@id\":\"\"},\"breadcrumb\":{\"@id\":\"https:\/\/www.welovecycling.com\/sk\/2021\/07\/15\/pozvanka-4-kolo-detskej-tour-petra-sagana-maly-slavkov\/#breadcrumb\"},\"inLanguage\":\"sk-SK\",\"potentialAction\":[{\"@type\":\"ReadAction\",\"target\":[\"https:\/\/www.welovecycling.com\/sk\/2021\/07\/15\/pozvanka-4-kolo-detskej-tour-petra-sagana-maly-slavkov\/\"]}]},{\"@type\":\"ImageObject\",\"inLanguage\":\"sk-SK\",\"@id\":\"https:\/\/www.welovecycling.com\/sk\/2021\/07\/15\/pozvanka-4-kolo-detskej-tour-petra-sagana-maly-slavkov\/#primaryimage\",\"url\":\"https:\/\/d2p6e6u75xmxt8.cloudfront.net\/4\/2021\/07\/DTPS_00-2.webp\",\"contentUrl\":\"https:\/\/d2p6e6u75xmxt8.cloudfront.net\/4\/2021\/07\/DTPS_00-2.webp\",\"width\":1380,\"height\":600,\"caption\":\"OLYMPUS DIGITAL CAMERA\"},{\"@type\":\"BreadcrumbList\",\"@id\":\"https:\/\/www.welovecycling.com\/sk\/2021\/07\/15\/pozvanka-4-kolo-detskej-tour-petra-sagana-maly-slavkov\/#breadcrumb\",\"itemListElement\":[{\"@type\":\"ListItem\",\"position\":1,\"name\":\"Home\",\"item\":\"https:\/\/www.welovecycling.com\/sk\/\"},{\"@type\":\"ListItem\",\"position\":2,\"name\":\"Pozv\u00e1nka: 4. kolo Detskej Tour Petra Sagana &#8211; Mal\u00fd Slavkov\"}]},{\"@type\":\"WebSite\",\"@id\":\"https:\/\/www.welovecycling.com\/sk\/#website\",\"url\":\"https:\/\/www.welovecycling.com\/sk\/\",\"name\":\"\u0160koda We Love Cycling Slovensko\",\"description\":\"\u0160koda We Love Cycling Slovensko je v\u00e1\u0161 ka\u017edodenn\u00fd zdroj noviniek a in\u0161pir\u00e1cie z sveta cyklistiky\",\"potentialAction\":[{\"@type\":\"SearchAction\",\"target\":{\"@type\":\"EntryPoint\",\"urlTemplate\":\"https:\/\/www.welovecycling.com\/sk\/?s={search_term_string}\"},\"query-input\":{\"@type\":\"PropertyValueSpecification\",\"valueRequired\":true,\"valueName\":\"search_term_string\"}}],\"inLanguage\":\"sk-SK\"},{\"@type\":\"Person\",\"@id\":\"\",\"url\":\"https:\/\/www.welovecycling.com\/sk\/author\/\"}]}<\/script>\n<!-- \/ Yoast SEO Premium plugin. -->","yoast_head_json":{"title":"Pozv\u00e1nka: 4. kolo Detskej Tour Petra Sagana - Mal\u00fd Slavkov - \u0160koda We Love Cycling Slovensko","robots":{"index":"index","follow":"follow","max-snippet":"max-snippet:-1","max-image-preview":"max-image-preview:large","max-video-preview":"max-video-preview:-1"},"canonical":"https:\/\/www.welovecycling.com\/sk\/2021\/07\/15\/pozvanka-4-kolo-detskej-tour-petra-sagana-maly-slavkov\/","og_locale":"sk_SK","og_type":"article","og_title":"Pozv\u00e1nka: 4. kolo Detskej Tour Petra Sagana - Mal\u00fd Slavkov","og_description":"Detsk\u00e1 Tour Petra Sagana po prv\u00fdkr\u00e1t mieri do Vysok\u00fdch Tatier. Najbli\u017e\u0161ie kolo n\u00e1s \u010dak\u00e1 u\u017e t\u00fato nede\u013eu 18. j\u00fala v [&hellip;]","og_url":"https:\/\/www.welovecycling.com\/sk\/2021\/07\/15\/pozvanka-4-kolo-detskej-tour-petra-sagana-maly-slavkov\/","og_site_name":"\u0160koda We Love Cycling Slovensko","article_published_time":"2021-07-15T12:00:31+00:00","og_image":[{"width":1380,"height":600,"url":"https:\/\/d2p6e6u75xmxt8.cloudfront.net\/4\/2021\/07\/DTPS_00-2.webp","type":"image\/webp"}],"twitter_card":"summary_large_image","twitter_misc":{"Written by":"WeLoveCycling","Est. reading time":"3"},"schema":{"@context":"https:\/\/schema.org","@graph":[{"@type":"WebPage","@id":"https:\/\/www.welovecycling.com\/sk\/2021\/07\/15\/pozvanka-4-kolo-detskej-tour-petra-sagana-maly-slavkov\/","url":"https:\/\/www.welovecycling.com\/sk\/2021\/07\/15\/pozvanka-4-kolo-detskej-tour-petra-sagana-maly-slavkov\/","name":"Pozv\u00e1nka: 4. kolo Detskej Tour Petra Sagana - Mal\u00fd Slavkov - \u0160koda We Love Cycling Slovensko","isPartOf":{"@id":"https:\/\/www.welovecycling.com\/sk\/#website"},"primaryImageOfPage":{"@id":"https:\/\/www.welovecycling.com\/sk\/2021\/07\/15\/pozvanka-4-kolo-detskej-tour-petra-sagana-maly-slavkov\/#primaryimage"},"image":{"@id":"https:\/\/www.welovecycling.com\/sk\/2021\/07\/15\/pozvanka-4-kolo-detskej-tour-petra-sagana-maly-slavkov\/#primaryimage"},"thumbnailUrl":"https:\/\/d2p6e6u75xmxt8.cloudfront.net\/4\/2021\/07\/DTPS_00-2.webp","datePublished":"2021-07-15T12:00:31+00:00","author":{"@id":""},"breadcrumb":{"@id":"https:\/\/www.welovecycling.com\/sk\/2021\/07\/15\/pozvanka-4-kolo-detskej-tour-petra-sagana-maly-slavkov\/#breadcrumb"},"inLanguage":"sk-SK","potentialAction":[{"@type":"ReadAction","target":["https:\/\/www.welovecycling.com\/sk\/2021\/07\/15\/pozvanka-4-kolo-detskej-tour-petra-sagana-maly-slavkov\/"]}]},{"@type":"ImageObject","inLanguage":"sk-SK","@id":"https:\/\/www.welovecycling.com\/sk\/2021\/07\/15\/pozvanka-4-kolo-detskej-tour-petra-sagana-maly-slavkov\/#primaryimage","url":"https:\/\/d2p6e6u75xmxt8.cloudfront.net\/4\/2021\/07\/DTPS_00-2.webp","contentUrl":"https:\/\/d2p6e6u75xmxt8.cloudfront.net\/4\/2021\/07\/DTPS_00-2.webp","width":1380,"height":600,"caption":"OLYMPUS DIGITAL CAMERA"},{"@type":"BreadcrumbList","@id":"https:\/\/www.welovecycling.com\/sk\/2021\/07\/15\/pozvanka-4-kolo-detskej-tour-petra-sagana-maly-slavkov\/#breadcrumb","itemListElement":[{"@type":"ListItem","position":1,"name":"Home","item":"https:\/\/www.welovecycling.com\/sk\/"},{"@type":"ListItem","position":2,"name":"Pozv\u00e1nka: 4. kolo Detskej Tour Petra Sagana &#8211; Mal\u00fd Slavkov"}]},{"@type":"WebSite","@id":"https:\/\/www.welovecycling.com\/sk\/#website","url":"https:\/\/www.welovecycling.com\/sk\/","name":"\u0160koda We Love Cycling Slovensko","description":"\u0160koda We Love Cycling Slovensko je v\u00e1\u0161 ka\u017edodenn\u00fd zdroj noviniek a in\u0161pir\u00e1cie z sveta cyklistiky","potentialAction":[{"@type":"SearchAction","target":{"@type":"EntryPoint","urlTemplate":"https:\/\/www.welovecycling.com\/sk\/?s={search_term_string}"},"query-input":{"@type":"PropertyValueSpecification","valueRequired":true,"valueName":"search_term_string"}}],"inLanguage":"sk-SK"},{"@type":"Person","@id":"","url":"https:\/\/www.welovecycling.com\/sk\/author\/"}]}},"_links":{"self":[{"href":"https:\/\/www.welovecycling.com\/sk\/wp-json\/wp\/v2\/posts\/12255","targetHints":{"allow":["GET"]}}],"collection":[{"href":"https:\/\/www.welovecycling.com\/sk\/wp-json\/wp\/v2\/posts"}],"about":[{"href":"https:\/\/www.welovecycling.com\/sk\/wp-json\/wp\/v2\/types\/post"}],"author":[{"embeddable":true,"href":"https:\/\/www.welovecycling.com\/sk\/wp-json\/wp\/v2\/users\/81"}],"replies":[{"embeddable":true,"href":"https:\/\/www.welovecycling.com\/sk\/wp-json\/wp\/v2\/comments?post=12255"}],"version-history":[{"count":2,"href":"https:\/\/www.welovecycling.com\/sk\/wp-json\/wp\/v2\/posts\/12255\/revisions"}],"predecessor-version":[{"id":12259,"href":"https:\/\/www.welovecycling.com\/sk\/wp-json\/wp\/v2\/posts\/12255\/revisions\/12259"}],"wp:featuredmedia":[{"embeddable":true,"href":"https:\/\/www.welovecycling.com\/sk\/wp-json\/wp\/v2\/media\/12258"}],"wp:attachment":[{"href":"https:\/\/www.welovecycling.com\/sk\/wp-json\/wp\/v2\/media?parent=12255"}],"wp:term":[{"taxonomy":"category","embeddable":true,"href":"https:\/\/www.welovecycling.com\/sk\/wp-json\/wp\/v2\/categories?post=12255"},{"taxonomy":"post_tag","embeddable":true,"href":"https:\/\/www.welovecycling.com\/sk\/wp-json\/wp\/v2\/tags?post=12255"},{"taxonomy":"global-categories","embeddable":true,"href":"https:\/\/www.welovecycling.com\/sk\/wp-json\/wp\/v2\/global-categories?post=12255"}],"curies":[{"name":"wp","href":"https:\/\/api.w.org\/{rel}","templated":true}]}}