{"id":1224,"date":"2017-06-28T18:15:38","date_gmt":"2017-06-28T16:15:38","guid":{"rendered":"https:\/\/www.welovecycling.com\/sk\/?p=1224"},"modified":"2018-07-17T17:32:12","modified_gmt":"2018-07-17T15:32:12","slug":"reportaz-author-skoda-bikemaraton-sulovske-skaly-vyborna-trat-este-vacsia-zabava","status":"publish","type":"post","link":"https:\/\/www.welovecycling.com\/sk\/2017\/06\/28\/reportaz-author-skoda-bikemaraton-sulovske-skaly-vyborna-trat-este-vacsia-zabava\/","title":{"rendered":"REPORT\u00c1\u017d: AUTHOR \u0160koda bikemarat\u00f3n S\u00fa\u013eovsk\u00e9 skaly \u2013 v\u00fdborn\u00e1 tra\u0165 a e\u0161te v\u00e4\u010d\u0161ia z\u00e1bava"},"content":{"rendered":"<p><strong>Tretie kolo <a href=\"https:\/\/www.welovecycling.com\/sk\/sbot\/\" target=\"_blank\" rel=\"noopener noreferrer\">\u0160koda BIKE OPEN TOUR<\/a> hostil S\u00fa\u013eov a vynoven\u00e9 trate preverili schopnosti ka\u017ed\u00e9ho, kto m\u00e1 r\u00e1d skuto\u010dn\u00e9 MTB.<\/strong><\/p>\n<p><!--more--><\/p>\n<p>Ako inak, u\u017e op\u00e4\u0165 ma r\u00e1no v\u00edta ve\u013ek\u00e1 a slnkom zaliata l\u00faka na parkovanie, ve\u010f, kde inde by ste umiestnili to\u013ek\u00fdch \u00fa\u010dastn\u00edkov, ktor\u00fdch ka\u017edoro\u010dne prib\u00fada. Po \u010dase aut\u00e1 zmen\u0161uj\u00fa \u201evo\u013en\u00fa\u201c plochu a tu\u0161\u00edm, \u017ee tradi\u010dn\u00e9 prianie &#8211; \u201easpo\u0148 1 000\u201c nebude \u017eiadny probl\u00e9m. Posklad\u00e1m bike a pober\u00e1m sa na samotn\u00fa registr\u00e1ciu. T\u00e1 prebieha v budove na n\u00e1mest\u00ed a v\u0161etko be\u017e\u00ed ako po masle. Samozrejme nech\u00fdba tradi\u010dn\u00fd \u0161tartovn\u00fd bal\u00ed\u010dek, kde pote\u0161ia drobnosti od partnerov. Medzit\u00fdm sa u\u017e pripravuj\u00fa sprievodn\u00e9 akcie, ked\u017ee to nebude z\u010faleka len o ve\u013ekom po\u010dte pretek\u00e1rov. S nimi pr\u00edde aj sprievod, ktor\u00fd sa dnes nudi\u0165 rozhodne nebude \u2013 navy\u0161e, v takom kr\u00e1snom prostred\u00ed. V\u0161etko m\u00e1m prichystan\u00e9, pre istotu si vyp\u00ed\u0161em na predstavec bufety, hlavne voda bude dnes na nezaplatenie :). Aj preto si rad\u0161ej e\u0161te str\u010d\u00edm do vrecka mal\u00fa 0,3 l plastov\u00fa f\u013ea\u0161ku na \u00favod, preto\u017ee zrejme na m\u0148a nikto \u010daka\u0165 nebude pri \u010dapovan\u00ed. Tra\u0165 ma teda 87 km s prev\u00fd\u0161en\u00edm okolo 3 100 m, ale menu je skuto\u010dne bohat\u00e9 \u2013 \u010falej tu m\u00e1me 60 km (2 300 m), 35 km (1 350 m) a 19 km (570 m).<\/p>\n<p><a href=\"https:\/\/d2p6e6u75xmxt8.cloudfront.net\/4\/2017\/06\/465.jpg\"><img loading=\"lazy\" decoding=\"async\" class=\"alignnone size-full wp-image-1247\" src=\"https:\/\/d2p6e6u75xmxt8.cloudfront.net\/4\/2017\/06\/465.jpg\" alt=\"\" width=\"1024\" height=\"684\" \/><\/a><\/p>\n<div id='gallery-1' class='gallery galleryid-1224 gallery-columns-2 gallery-size-full'><figure class='gallery-item'>\n\t\t\t<div class='gallery-icon landscape'>\n\t\t\t\t<a href='https:\/\/d2p6e6u75xmxt8.cloudfront.net\/4\/2017\/06\/061.webp'><img loading=\"lazy\" decoding=\"async\" width=\"1024\" height=\"684\" src=\"https:\/\/d2p6e6u75xmxt8.cloudfront.net\/4\/2017\/06\/061.webp\" class=\"attachment-full size-full\" alt=\"\" srcset=\"https:\/\/d2p6e6u75xmxt8.cloudfront.net\/4\/2017\/06\/061.webp 1024w, https:\/\/d2p6e6u75xmxt8.cloudfront.net\/4\/2017\/06\/061-300x200.webp 300w, https:\/\/d2p6e6u75xmxt8.cloudfront.net\/4\/2017\/06\/061-768x513.webp 768w, https:\/\/d2p6e6u75xmxt8.cloudfront.net\/4\/2017\/06\/061-272x182.webp 272w\" sizes=\"auto, (max-width: 1024px) 100vw, 1024px\" \/><\/a>\n\t\t\t<\/div><\/figure><figure class='gallery-item'>\n\t\t\t<div class='gallery-icon landscape'>\n\t\t\t\t<a href='https:\/\/d2p6e6u75xmxt8.cloudfront.net\/4\/2017\/06\/062.webp'><img loading=\"lazy\" decoding=\"async\" width=\"1024\" height=\"684\" src=\"https:\/\/d2p6e6u75xmxt8.cloudfront.net\/4\/2017\/06\/062.webp\" class=\"attachment-full size-full\" alt=\"\" srcset=\"https:\/\/d2p6e6u75xmxt8.cloudfront.net\/4\/2017\/06\/062.webp 1024w, https:\/\/d2p6e6u75xmxt8.cloudfront.net\/4\/2017\/06\/062-300x200.webp 300w, https:\/\/d2p6e6u75xmxt8.cloudfront.net\/4\/2017\/06\/062-768x513.webp 768w, https:\/\/d2p6e6u75xmxt8.cloudfront.net\/4\/2017\/06\/062-272x182.webp 272w\" sizes=\"auto, (max-width: 1024px) 100vw, 1024px\" \/><\/a>\n\t\t\t<\/div><\/figure>\n\t\t<\/div>\n\n<h2><strong>Zo za\u010diatku par\u00e1da<\/strong><\/h2>\n<p>M\u00e1m tak\u00e9 mal\u00e9 deja-vu. Stoj\u00edm pod nafukova\u010dkou, okolo kopec kamar\u00e1tov, dobr\u00e1 n\u00e1lada a hlavne teplo. Ale, aby to bolo \u201edokonal\u00e9\u201c, ch\u00fdba e\u0161te minim\u00e1lne 5\u00b0C navy\u0161e oproti minul\u00e9mu roku, \u010do ma aspo\u0148 trochu te\u0161\u00ed. Deviata hodina pre\u010d, m\u00f4\u017eeme vyrazi\u0165. A hne\u010f prv\u00e1 zmena, preto\u017ee neto\u010d\u00edme doprava, ale opa\u010dne a za chv\u00ed\u013eu znovu. V\u0161etci \u201e\u0161altrujeme\u201c do stojky, ktor\u00e1 n\u00e1s postupe privedie na \u00favodn\u00fa obrovsk\u00fa l\u00faku. O tom, \u017ee si dali s pr\u00edpravou trate z\u00e1le\u017ea\u0165, vid\u00edm u\u017e teraz, ke\u010f namiesto tla\u010denia priamo hore cez \u0148u, \u201e\u0161trikujeme\u201c v serpent\u00ednach. Obto\u010d\u00edme sa cez Kamenn\u00fd diel, men\u0161\u00ed zjazd na vyd\u00fdchanie a za\u010d\u00edname st\u00fapa\u0165 do sedla pod Bradou. To je ozajstn\u00e1 lah\u00f4dka a moje ob\u013e\u00faben\u00e9 st\u00fapanie v S\u00fa\u013eove pln\u00e9 kore\u0148ov a strm\u00fdch \u00fasekov, hlavne v z\u00e1vere. Ide sa mi v\u00fdborne a postupne sa do\u0165ahujem dopredu \u2013 teda, ak ner\u00e1tam \u010desko-po\u013esk\u00fa skupinu :). E\u0161te kraj\u0161\u00ed je samozrejme zjazd, kde op\u00e4\u0165 vidno \u00fapravu stopy, aby v\u0161etko bolo jazdite\u013en\u00e9 a bezpe\u010dn\u00e9 bez kon\u00e1rov a l\u00edstia. Kon\u010d\u00edme na hlavnej ceste, kde je \u010das sa ob\u010derstvi\u0165 z vlastn\u00fdch z\u00e1sob, aj ke\u010f o chv\u00ed\u013eu m\u00ed\u0148ame prv\u00fd bufet, kde beriem len poh\u00e1rik vody. V st\u00fapan\u00ed do sedla \u010cierny potok sa pomali\u010dky do\u0165ahujem dopredu a na vrchole som u\u017e s chalanmi &#8211; Vladom Hojd\u00edkom, Bra\u0148om Siv\u00e1kom a Michalom Strakom, s ktor\u00fdmi vytvor\u00edm na pomerne dlh\u00fd \u010das skupinku. V zjazdoch im trochu odskakujem, predsa len, full je full a hlavne v S\u00fa\u013eove pod\u013ea m\u0148a skuto\u010dne v\u00fdhoda. Umo\u017en\u00ed doslova letie\u0165 cez kamene a v\u0161etky \u201edrncaj\u00face\u201c \u00faseky, ktor\u00fdch tu je viac ne\u017e dos\u0165.<\/p>\n<h2><strong>Prejazd cez fun-zone<\/strong><\/h2>\n<p>V poriadne r\u00fdchlom zjazde sa bl\u00ed\u017eime sp\u00e4\u0165 k S\u00fa\u013eovu, \u010do je v\u017edy z\u00e1\u017eitok. Z vrchu vid\u00edm, ako u\u017e \u010dakaj\u00fa na \u0161tart jazdci na 35 km a hlavne poriadnu kopu \u013eud\u00ed. Takto prech\u00e1dzam popred v\u0161etk\u00fdch na nejakom 6. mieste a u\u017e\u00edvam si povzbudzovanie, \u010do v\u017edy dod\u00e1 energiu. Na asfalte sa zase \u201ezlep\u00edme\u201c dokopy a m\u00f4\u017eeme vyrazi\u0165 do sedla Pat\u00fach. Mo\u017eno si niektor\u00ed e\u0161te pam\u00e4taj\u00fa minul\u00fd rok ten kr\u00e1sny zjazd do Zby\u0148ova po skal\u00e1ch a kamenn\u00fdch platniach. Nu\u017e, ten tu bol dovtedy, k\u00fdm sa nerozhodli z toho spravi\u0165 na jar cestu pre traktory a v\u0161etko \u201ezarovna\u0165\u201c so zemou&#8230; Op\u00e4\u0165 si vytvor\u00edm n\u00e1skok, tak\u017ee v kopci si trochu vyd\u00fdchnem, ne\u017e sa zase zlep\u00edme, teraz u\u017e o jedn\u00e9ho menej, preto\u017ee Mi\u0161o mal defekt. Prizn\u00e1m sa, \u017ee bufety som si vyp\u00edsal pod\u013ea kilometrov, ale nepozrel na mape, kde s\u00fa, tak\u017ee zis\u0165ujem, \u017ee v K\u0148azovej Lehote \u017eiadny ne\u010dak\u00e1 &#8211; aj ke\u010f sme na 38. kilometri.<\/p>\n<p><a href=\"https:\/\/d2p6e6u75xmxt8.cloudfront.net\/4\/2017\/06\/439.jpg\"><img loading=\"lazy\" decoding=\"async\" class=\"alignnone size-full wp-image-1244\" src=\"https:\/\/d2p6e6u75xmxt8.cloudfront.net\/4\/2017\/06\/439.jpg\" alt=\"\" width=\"1024\" height=\"684\" \/><\/a><\/p>\n<p><a href=\"https:\/\/d2p6e6u75xmxt8.cloudfront.net\/4\/2017\/06\/493.jpg\"><img loading=\"lazy\" decoding=\"async\" class=\"alignnone size-full wp-image-1250\" src=\"https:\/\/d2p6e6u75xmxt8.cloudfront.net\/4\/2017\/06\/493.jpg\" alt=\"\" width=\"1024\" height=\"684\" \/><\/a><\/p>\n<p>Hlavne, \u017ee tesne predt\u00fdm kopnem do seba zvy\u0161ok bidonu :). Trochu nemil\u00e9 prekvapenie, ale aspo\u0148 m\u00f4\u017eem do \u010fal\u0161ieho kopca fu\u010da\u0165 o 0,5 kg \u013eah\u0161\u00ed :). Kamar\u00e1tovu priate\u013eku na vrchole pros\u00edm o glg z f\u013ea\u0161e a val\u00edm \u010falej. Bufet je v ne\u010falekom Babkove, kde si u\u017e beriem \u201epln\u00fa\u201c. St\u00e1le to ide v\u00fdborne, v kopcoch som na \u010dele skupiny, a tak je tomu aj sp\u00e4\u0165 do sedla Pat\u00fach. Po kr\u00e1snom zjazde a men\u0161ej motanici po les\u00edku n\u00e1s vyp\u013euje na \u00favodn\u00fa l\u00faku. Ten poh\u013ead, ako sa hore vinie obrovsk\u00fd had jazdcov v serpent\u00ednach, stoj\u00ed skuto\u010dne za to. A\u017e teraz si uvedomujem, \u017ee t\u00fdch cca 1 300 \u013eud\u00ed naozaj nie je prehnan\u00e9 \u010d\u00edslo. Na bufete rad\u0161ej beriem zase vodu, aj ke\u010f mi e\u0161te zostalo pomerne dos\u0165 a moji kolegovia sa mi vzdialia. Doteraz sa mi \u0161lo v\u00fdborne, ale akon\u00e1hle nasko\u010d\u00edm do sedla, u\u017e to nie je ako predt\u00fdm. Nejde to vyslovene zle, no mal\u00fd k\u00fasok tam ch\u00fdba &#8211; a hlavne za\u010d\u00ednam c\u00edti\u0165, \u017ee je naozaj teplo. Do sedla Roh\u00e1\u010d teda obiehame mno\u017estvo jazdcov z krat\u0161\u00edch tr\u00e1s, ale mus\u00edm po\u010fakova\u0165, \u017ee v\u017edy sa na\u0161la cesta, ak \u010dlovek poprosil o stopu \u2013 alebo sk\u00f4r teda zamrmlal :).<\/p>\n<p><a href=\"https:\/\/d2p6e6u75xmxt8.cloudfront.net\/4\/2017\/06\/211.jpg\"><img loading=\"lazy\" decoding=\"async\" class=\"alignnone size-full wp-image-1239\" src=\"https:\/\/d2p6e6u75xmxt8.cloudfront.net\/4\/2017\/06\/211.jpg\" alt=\"\" width=\"1024\" height=\"684\" \/><\/a><\/p>\n<h2><strong>Singletrack ako odmena<\/strong><\/h2>\n<p>Na cca 62. kilometri n\u00e1s \u010dak\u00e1 \u010fal\u0161ia lah\u00f4dka. Kr\u00e1sny singletrack, ktor\u00fd musel pote\u0161i\u0165 naozaj ka\u017ed\u00e9ho, bez oh\u013eadu na to, ko\u013eko mal \u201enak\u00fapene\u201c :). Ten n\u00e1s doviedol do Hri\u010dovsk\u00e9ho Podhradia, kde \u010dakala aj ob\u010derstvova\u010dka. Na nej ma dobieha kamar\u00e1t Dano Ku\u010dera, s ktor\u00fdm pokra\u010dujem do skuto\u010dne hrozn\u00e9ho st\u00fapania na R\u00f4soviny. Pr\u00e1ve v \u0148om sa mi ide toti\u017e \u00faplne najhor\u0161ie, navy\u0161e je dos\u0165 dlh\u00e9 a v \u00favode vedie po kr\u00e1sne vype\u010denej a strmej l\u00fake &#8211; teda ide\u00e1lna kombin\u00e1cia :). U\u017e si za\u010d\u00ednam lia\u0165 vodu za krk a Dano sa mi pomali\u010dky str\u00e1ca. Miestami sa mi dokonca trochu zatv\u00e1raj\u00fa o\u010di, ale hovor\u00edm si, \u017ee to mus\u00edm vybojova\u0165 hore. Dobieha ma Mi\u0161o Straka a spolu pokra\u010dujeme cez vrchol do kr\u00e1sneho singla. A op\u00e4\u0165 par\u00e1dna pr\u00e1ca organiz\u00e1torov. Najstrmej\u0161ie miesta boli upraven\u00e9 do serpent\u00edn, aby sa v\u0161etko dalo \u0161liapa\u0165, cel\u00fd povrch bol kr\u00e1sne vy\u010disten\u00fd \u2013 e\u0161te na jar tu bol asi meter l\u00edstia a sam\u00e9 kon\u00e1re. Singl\u00e1\u010d pokra\u010duje do pekn\u00e9ho zjazdu cez les, ktor\u00fd sa men\u00ed na zjazd r\u00fdchly a kamenist\u00fd \u2013 ten n\u00e1s priv\u00e1dza na posledn\u00fd bufet do Hlbok\u00e9ho nad V\u00e1hom.<\/p>\n<h2><strong>P\u00e1r slov k trati<\/strong><\/h2>\n<p>E\u0161te, ne\u017e pr\u00eddeme do cie\u013ea, ned\u00e1 mi spravi\u0165 mal\u00e9 intermezzo k trati. T\u00e1 bola toti\u017e skuto\u010dne par\u00e1dna a pod\u013ea m\u0148a v tejto podobe najkraj\u0161ia u n\u00e1s. Mala toti\u017e \u00faplne v\u0161etko \u2013 n\u00e1ro\u010dn\u00e9 st\u00fapania (dlh\u00e9, kr\u00e1tke), pr\u00edrodn\u00e9 traily, kamene, l\u00faky, korene, single tak\u00e9 aj onak\u00e9. Navy\u0161e bola spraven\u00e1 a upraven\u00e1 tak, aby sa dala jazdi\u0165 a mala hlavne \u201eflow\u201c. Bola n\u00e1ro\u010dn\u00e1 a pritom skuto\u010dne z\u00e1bavn\u00e1 a vyu\u017eila pon\u00faknut\u00e9 prostredie na maximum. Ke\u010f\u017ee z\u010faleka nie som jedin\u00fd, kto mal tento n\u00e1zor, mus\u00edm jedine zlo\u017ei\u0165 poklonu za skvel\u00fa robotu&#8230;<\/p>\n<p><a href=\"https:\/\/d2p6e6u75xmxt8.cloudfront.net\/4\/2017\/06\/362.jpg\"><img loading=\"lazy\" decoding=\"async\" class=\"alignnone size-full wp-image-1243\" src=\"https:\/\/d2p6e6u75xmxt8.cloudfront.net\/4\/2017\/06\/362.jpg\" alt=\"\" width=\"1024\" height=\"684\" \/><\/a><\/p>\n<div id='gallery-2' class='gallery galleryid-1224 gallery-columns-2 gallery-size-full'><figure class='gallery-item'>\n\t\t\t<div class='gallery-icon landscape'>\n\t\t\t\t<a href='https:\/\/d2p6e6u75xmxt8.cloudfront.net\/4\/2017\/06\/273.webp'><img loading=\"lazy\" decoding=\"async\" width=\"1024\" height=\"684\" src=\"https:\/\/d2p6e6u75xmxt8.cloudfront.net\/4\/2017\/06\/273.webp\" class=\"attachment-full size-full\" alt=\"\" srcset=\"https:\/\/d2p6e6u75xmxt8.cloudfront.net\/4\/2017\/06\/273.webp 1024w, https:\/\/d2p6e6u75xmxt8.cloudfront.net\/4\/2017\/06\/273-300x200.webp 300w, https:\/\/d2p6e6u75xmxt8.cloudfront.net\/4\/2017\/06\/273-768x513.webp 768w, https:\/\/d2p6e6u75xmxt8.cloudfront.net\/4\/2017\/06\/273-272x182.webp 272w\" sizes=\"auto, (max-width: 1024px) 100vw, 1024px\" \/><\/a>\n\t\t\t<\/div><\/figure><figure class='gallery-item'>\n\t\t\t<div class='gallery-icon landscape'>\n\t\t\t\t<a href='https:\/\/d2p6e6u75xmxt8.cloudfront.net\/4\/2017\/06\/339.webp'><img loading=\"lazy\" decoding=\"async\" width=\"1024\" height=\"684\" src=\"https:\/\/d2p6e6u75xmxt8.cloudfront.net\/4\/2017\/06\/339.webp\" class=\"attachment-full size-full\" alt=\"\" srcset=\"https:\/\/d2p6e6u75xmxt8.cloudfront.net\/4\/2017\/06\/339.webp 1024w, https:\/\/d2p6e6u75xmxt8.cloudfront.net\/4\/2017\/06\/339-300x200.webp 300w, https:\/\/d2p6e6u75xmxt8.cloudfront.net\/4\/2017\/06\/339-768x513.webp 768w, https:\/\/d2p6e6u75xmxt8.cloudfront.net\/4\/2017\/06\/339-272x182.webp 272w\" sizes=\"auto, (max-width: 1024px) 100vw, 1024px\" \/><\/a>\n\t\t\t<\/div><\/figure><figure class='gallery-item'>\n\t\t\t<div class='gallery-icon landscape'>\n\t\t\t\t<a href='https:\/\/d2p6e6u75xmxt8.cloudfront.net\/4\/2017\/06\/451.webp'><img loading=\"lazy\" decoding=\"async\" width=\"1024\" height=\"684\" src=\"https:\/\/d2p6e6u75xmxt8.cloudfront.net\/4\/2017\/06\/451.webp\" class=\"attachment-full size-full\" alt=\"\" srcset=\"https:\/\/d2p6e6u75xmxt8.cloudfront.net\/4\/2017\/06\/451.webp 1024w, https:\/\/d2p6e6u75xmxt8.cloudfront.net\/4\/2017\/06\/451-300x200.webp 300w, https:\/\/d2p6e6u75xmxt8.cloudfront.net\/4\/2017\/06\/451-768x513.webp 768w, https:\/\/d2p6e6u75xmxt8.cloudfront.net\/4\/2017\/06\/451-272x182.webp 272w\" sizes=\"auto, (max-width: 1024px) 100vw, 1024px\" \/><\/a>\n\t\t\t<\/div><\/figure>\n\t\t<\/div>\n\n<h2><strong>Opekanie<\/strong><\/h2>\n<p>\u010cak\u00e1 ma u\u017e len posledn\u00fd kopec \u2013 e\u0161te \u0161\u0165astie, \u017ee Slavo Stre\u010dansk\u00fd (hlavn\u00fd organiz\u00e1tor) upravil z\u00e1ver oproti minul\u00e9mu roku do \u013eudskej podoby. \u010cak\u00e1 n\u00e1s s\u00edce znovu sedlo pod Bradou, ale z neho u\u017e len zjazd nadol. To mi d\u00e1va mor\u00e1lne sily, preto\u017ee, ke\u010f ma p\u00e1lia chodidl\u00e1, viem, \u017ee u\u017e to je naozaj zl\u00e9. Pred sebou ani za sebou nevid\u00edm nikoho z dlhej a len sa \u0165ah\u00e1m o\u010dami k vrcholu, ktor\u00fd nie a nie pr\u00eds\u0165 :). Kone\u010dne! Zjazd po kore\u0148och popod skaly je op\u00e4\u0165 odmena, aj ke\u010f treba ma\u0165 trochu \u201erozum\u201c pri obiehan\u00ed pomal\u0161\u00edch z krat\u0161ieho variantu. U\u017e \u017eiadny kopec, len trochu asfaltu do cie\u013ea a je po v\u0161etkom&#8230; Ka\u017edop\u00e1dne, v cieli m\u00e1m fakt dos\u0165 a lejem si vodu na hlavu, n\u00e1sledne h\u013ead\u00e1m tie\u0148 ako pes a len sa zval\u00edm na stoli\u010dku. Z celkov\u00e9ho v\u00ed\u0165azstva sa nakoniec radoval v\u00fdborn\u00fd Poliak Piotr Brz\u00f3zka v \u010dase 4:06 hod. a t\u00ed, ktor\u00ed trochu sleduj\u00fa marat\u00f3nsku sc\u00e9nu dobre vedia, o koho sa jedn\u00e1. Celkovo sa na v\u0161etk\u00fdch tratiach z\u00fa\u010dastnilo 1 292 \u0161tartuj\u00facich a \u00faspe\u0161ne dokon\u010dilo 1 254 tak\u017ee rekord bez probl\u00e9mov padol&#8230;<\/p>\n<p>V\u00fdsledky n\u00e1jdete <a href=\"http:\/\/sportsofttiming.sk\/en\/race\/results\/2234?rid=2513&amp;eventid=1&amp;genderid=1\" target=\"_blank\" rel=\"noopener noreferrer\">tu<\/a>.<\/p>\n<div id='gallery-3' class='gallery galleryid-1224 gallery-columns-2 gallery-size-full'><figure class='gallery-item'>\n\t\t\t<div class='gallery-icon landscape'>\n\t\t\t\t<a href='https:\/\/d2p6e6u75xmxt8.cloudfront.net\/4\/2017\/06\/656.webp'><img loading=\"lazy\" decoding=\"async\" width=\"1024\" height=\"684\" src=\"https:\/\/d2p6e6u75xmxt8.cloudfront.net\/4\/2017\/06\/656.webp\" class=\"attachment-full size-full\" alt=\"\" srcset=\"https:\/\/d2p6e6u75xmxt8.cloudfront.net\/4\/2017\/06\/656.webp 1024w, https:\/\/d2p6e6u75xmxt8.cloudfront.net\/4\/2017\/06\/656-300x200.webp 300w, https:\/\/d2p6e6u75xmxt8.cloudfront.net\/4\/2017\/06\/656-768x513.webp 768w, https:\/\/d2p6e6u75xmxt8.cloudfront.net\/4\/2017\/06\/656-272x182.webp 272w\" sizes=\"auto, (max-width: 1024px) 100vw, 1024px\" \/><\/a>\n\t\t\t<\/div><\/figure><figure class='gallery-item'>\n\t\t\t<div class='gallery-icon landscape'>\n\t\t\t\t<a href='https:\/\/d2p6e6u75xmxt8.cloudfront.net\/4\/2017\/06\/634.webp'><img loading=\"lazy\" decoding=\"async\" width=\"1024\" height=\"684\" src=\"https:\/\/d2p6e6u75xmxt8.cloudfront.net\/4\/2017\/06\/634.webp\" class=\"attachment-full size-full\" alt=\"\" srcset=\"https:\/\/d2p6e6u75xmxt8.cloudfront.net\/4\/2017\/06\/634.webp 1024w, https:\/\/d2p6e6u75xmxt8.cloudfront.net\/4\/2017\/06\/634-300x200.webp 300w, https:\/\/d2p6e6u75xmxt8.cloudfront.net\/4\/2017\/06\/634-768x513.webp 768w, https:\/\/d2p6e6u75xmxt8.cloudfront.net\/4\/2017\/06\/634-272x182.webp 272w\" sizes=\"auto, (max-width: 1024px) 100vw, 1024px\" \/><\/a>\n\t\t\t<\/div><\/figure>\n\t\t<\/div>\n\n<p><strong>Dobr\u00e1 n\u00e1lada v\u0161ade okolo<\/strong><br \/>\nPo nejakom \u010dase sa u\u017e d\u00e1m dokopy a prv\u00e9, \u010do mi udrie do o\u010d\u00ed, je mno\u017estvo \u013eud\u00ed v\u0161ade naokolo ako na nejakej p\u00fati. Naozaj to \u017eije r\u00f4znymi sprievodn\u00fdmi akciami a panuje v\u00fdborn\u00e1 n\u00e1lada. V\u0161ade sa nie\u010do deje, pod\u00e1va ob\u010derstvenie, debatuje. Po\u010das toho, ako sme jazdili, \u013eud\u00ed zabavil J\u00e1n Ko\u010di\u0161 svoj\u00edm vydaren\u00fdm vyst\u00fapen\u00edm pln\u00fdm trikov \u2013 predsa len, cyklistika nie je len o \u0161liapan\u00ed do kopca :). M\u0148a pote\u0161\u00ed obrovsk\u00e9 um\u00fdvacie centrum zo Stupavsk\u00e9ho marat\u00f3nu, ktor\u00e9 m\u00e1 dokopy 16 wapiek a kde si hne\u010f m\u00f4\u017eem opl\u00e1chnu\u0165 svoj stroj. \u010caka\u0165 vo fronte na slnku by sa mi v\u00e1\u017ene nechcelo. Vo \u0161v\u00edkoch prask\u00e1 aj \u00faschov\u0148a bicyklov, ktor\u00e1 sa naplnila \u00faplne na max \u2013 teda 800 bicyklov. V\u010faka tomu sa \u013eudia s nimi nemotaj\u00fa a nemusia ich opiera\u0165 kade-tade, ak id\u00fa na jedlo a nejak\u00e9 to pivko. No a nech\u00fdbalo vyst\u00fapenie najkraj\u0161ej diev\u010denskej rockovej skupiny Poison Candy rocks, ktor\u00e9 pomohlo dotvori\u0165 skuto\u010dne \u201epohodov\u00fa\u201c atmosf\u00e9ru. Sta\u010dilo si len sadn\u00fa\u0165 a a vychutna\u0165 si to alebo rozobra\u0165 s priate\u013emi \u010di rodinou z\u00e1\u017eitky z trate. Potom u\u017e nech\u00fdba samozrejme vyhl\u00e1senie najlep\u0161\u00edch a tradi\u010dne ve\u013emi bohat\u00e1 tombola, tak\u017ee sa niekomu u\u0161li pekn\u00e9 ceny, aj ke\u010f i\u0161iel sk\u00f4r naproti z\u00e1\u017eitkom ako v\u00fdsledkom :).<\/p>\n<p><a href=\"https:\/\/d2p6e6u75xmxt8.cloudfront.net\/4\/2017\/06\/605.jpg\"><img loading=\"lazy\" decoding=\"async\" class=\"alignnone size-full wp-image-1254\" src=\"https:\/\/d2p6e6u75xmxt8.cloudfront.net\/4\/2017\/06\/605.jpg\" alt=\"\" width=\"1024\" height=\"684\" \/><\/a><\/p>\n<p><a href=\"https:\/\/d2p6e6u75xmxt8.cloudfront.net\/4\/2017\/06\/687.jpg\"><img loading=\"lazy\" decoding=\"async\" class=\"alignnone size-full wp-image-1263\" src=\"https:\/\/d2p6e6u75xmxt8.cloudfront.net\/4\/2017\/06\/687.jpg\" alt=\"\" width=\"1024\" height=\"684\" \/><\/a><\/p>\n<p>V\u0161etky fotografie si m\u00f4\u017eete <a href=\"http:\/\/www.skoda-bike-open-tour.sk\/galerie\/\">pozrie\u0165 tu<\/a>.<\/p>\n<p>Zrejme som u\u017e v\u0161etko podstatn\u00e9 povedal, no ned\u00e1 mi e\u0161te mal\u00e9 zhrnutie. Tento rok sa tra\u0165 skuto\u010dne podarila a rovnako cel\u00e9 podujatie. Nehovor\u00edm to len ako \u201eskoro\u201c dom\u00e1ci, ale podobn\u00fd n\u00e1zor mal ka\u017ed\u00fd. koho som stretol. Za m\u0148a teda jednozna\u010dne palec hore, sobotu som si u\u017eil skuto\u010dne naplno. A nezabudnite, \u017ee 29. j\u00fala sa kon\u00e1 4. kolo <a href=\"https:\/\/www.welovecycling.com\/sk\/sbot\/\" target=\"_blank\" rel=\"noopener noreferrer\">\u0160koda BIKE OPEN TOUR<\/a> v Stupave, kde sa tie\u017e minul\u00fd rok dv\u00edhal prach \u2013 uvid\u00edme, \u010do n\u00e1s \u010dak\u00e1 teraz, ale jedno je ist\u00e9. Op\u00e4\u0165 to bude z\u00e1bava, tak nev\u00e1hajte a pr\u00ed\u010fte si zajazdi\u0165.<\/p>\n<div class=\"embed-controller-wrapper\">\n<div class=\"embed-wrapper\"><iframe title=\"AUTHOR \u0160KODA bikemarat\u00f3n S\u00fa\u013eovsk\u00e9 skaly 2017\" width=\"500\" height=\"281\" data-src=\"https:\/\/www.youtube.com\/embed\/dz-HmCs_QKI?feature=oembed\" frameborder=\"0\" allow=\"accelerometer; autoplay; clipboard-write; encrypted-media; gyroscope; picture-in-picture; web-share\" referrerpolicy=\"strict-origin-when-cross-origin\" allowfullscreen><\/iframe><\/div>\n<\/div>\n<div id='gallery-4' class='gallery galleryid-1224 gallery-columns-2 gallery-size-full'><figure class='gallery-item'>\n\t\t\t<div class='gallery-icon landscape'>\n\t\t\t\t<a href='https:\/\/d2p6e6u75xmxt8.cloudfront.net\/4\/2017\/06\/683.webp'><img loading=\"lazy\" decoding=\"async\" width=\"1024\" height=\"684\" src=\"https:\/\/d2p6e6u75xmxt8.cloudfront.net\/4\/2017\/06\/683.webp\" class=\"attachment-full size-full\" alt=\"\" srcset=\"https:\/\/d2p6e6u75xmxt8.cloudfront.net\/4\/2017\/06\/683.webp 1024w, https:\/\/d2p6e6u75xmxt8.cloudfront.net\/4\/2017\/06\/683-300x200.webp 300w, https:\/\/d2p6e6u75xmxt8.cloudfront.net\/4\/2017\/06\/683-768x513.webp 768w, https:\/\/d2p6e6u75xmxt8.cloudfront.net\/4\/2017\/06\/683-272x182.webp 272w\" sizes=\"auto, (max-width: 1024px) 100vw, 1024px\" \/><\/a>\n\t\t\t<\/div><\/figure><figure class='gallery-item'>\n\t\t\t<div class='gallery-icon landscape'>\n\t\t\t\t<a href='https:\/\/d2p6e6u75xmxt8.cloudfront.net\/4\/2017\/06\/658.webp'><img loading=\"lazy\" decoding=\"async\" width=\"1024\" height=\"684\" src=\"https:\/\/d2p6e6u75xmxt8.cloudfront.net\/4\/2017\/06\/658.webp\" class=\"attachment-full size-full\" alt=\"\" srcset=\"https:\/\/d2p6e6u75xmxt8.cloudfront.net\/4\/2017\/06\/658.webp 1024w, https:\/\/d2p6e6u75xmxt8.cloudfront.net\/4\/2017\/06\/658-300x200.webp 300w, https:\/\/d2p6e6u75xmxt8.cloudfront.net\/4\/2017\/06\/658-768x513.webp 768w, https:\/\/d2p6e6u75xmxt8.cloudfront.net\/4\/2017\/06\/658-272x182.webp 272w\" sizes=\"auto, (max-width: 1024px) 100vw, 1024px\" \/><\/a>\n\t\t\t<\/div><\/figure>\n\t\t<\/div>\n\n","protected":false},"excerpt":{"rendered":"<p>Tretie kolo \u0160koda BIKE OPEN TOUR hostil S\u00fa\u013eov a vynoven\u00e9 trate preverili schopnosti ka\u017ed\u00e9ho, kto m\u00e1 r\u00e1d skuto\u010dn\u00e9 MTB.<\/p>\n","protected":false},"author":38,"featured_media":1274,"comment_status":"open","ping_status":"open","sticky":false,"template":"","format":"video","meta":{"footnotes":""},"categories":[3,34,38,33],"tags":[403,180,104,76,37,39,35,114],"global-categories":[],"class_list":["post-1224","post","type-post","status-publish","format-video","has-post-thumbnail","hentry","category-mtb","category-podujatia","category-reportaz","category-sbot","tag-author-skoda-bikemaraton-sulovske-skaly","tag-horska-cyklistika","tag-jan-kocis","tag-martin-imrich","tag-podujatia","tag-reportaz","tag-sbot","tag-sulov","post_format-post-format-video"],"yoast_head":"<!-- This site is optimized with the Yoast SEO Premium plugin v25.3 (Yoast SEO v25.9) - https:\/\/yoast.com\/wordpress\/plugins\/seo\/ -->\n<title>REPORT\u00c1\u017d: AUTHOR \u0160koda bikemarat\u00f3n S\u00fa\u013eovsk\u00e9 skaly \u2013 v\u00fdborn\u00e1 tra\u0165 a e\u0161te v\u00e4\u010d\u0161ia z\u00e1bava - \u0160koda We Love Cycling Slovensko<\/title>\n<meta name=\"robots\" content=\"index, follow, max-snippet:-1, max-image-preview:large, max-video-preview:-1\" \/>\n<link rel=\"canonical\" href=\"https:\/\/www.welovecycling.com\/sk\/2017\/06\/28\/reportaz-author-skoda-bikemaraton-sulovske-skaly-vyborna-trat-este-vacsia-zabava\/\" \/>\n<meta property=\"og:locale\" content=\"sk_SK\" \/>\n<meta property=\"og:type\" content=\"article\" \/>\n<meta property=\"og:title\" content=\"REPORT\u00c1\u017d: AUTHOR \u0160koda bikemarat\u00f3n S\u00fa\u013eovsk\u00e9 skaly \u2013 v\u00fdborn\u00e1 tra\u0165 a e\u0161te v\u00e4\u010d\u0161ia z\u00e1bava\" \/>\n<meta property=\"og:description\" content=\"Tretie kolo \u0160koda BIKE OPEN TOUR hostil S\u00fa\u013eov a vynoven\u00e9 trate preverili schopnosti ka\u017ed\u00e9ho, kto m\u00e1 r\u00e1d skuto\u010dn\u00e9 MTB.\" \/>\n<meta property=\"og:url\" content=\"https:\/\/www.welovecycling.com\/sk\/2017\/06\/28\/reportaz-author-skoda-bikemaraton-sulovske-skaly-vyborna-trat-este-vacsia-zabava\/\" \/>\n<meta property=\"og:site_name\" content=\"\u0160koda We Love Cycling Slovensko\" \/>\n<meta property=\"article:published_time\" content=\"2017-06-28T16:15:38+00:00\" \/>\n<meta property=\"article:modified_time\" content=\"2018-07-17T15:32:12+00:00\" \/>\n<meta property=\"og:image\" content=\"https:\/\/d2p6e6u75xmxt8.cloudfront.net\/4\/2017\/06\/uvodna-1.webp\" \/>\n\t<meta property=\"og:image:width\" content=\"1375\" \/>\n\t<meta property=\"og:image:height\" content=\"600\" \/>\n\t<meta property=\"og:image:type\" content=\"image\/webp\" \/>\n<meta name=\"author\" content=\"Ondrej Ga\u0161par\" \/>\n<meta name=\"twitter:card\" content=\"summary_large_image\" \/>\n<meta name=\"twitter:label1\" content=\"Written by\" \/>\n\t<meta name=\"twitter:data1\" content=\"Martin Imrich\" \/>\n\t<meta name=\"twitter:label2\" content=\"Est. watching time\" \/>\n\t<meta name=\"twitter:data2\" content=\"12:40\" \/>\n<script type=\"application\/ld+json\" class=\"yoast-schema-graph\">{\"@context\":\"https:\/\/schema.org\",\"@graph\":[{\"@type\":\"WebPage\",\"@id\":\"https:\/\/www.welovecycling.com\/sk\/2017\/06\/28\/reportaz-author-skoda-bikemaraton-sulovske-skaly-vyborna-trat-este-vacsia-zabava\/\",\"url\":\"https:\/\/www.welovecycling.com\/sk\/2017\/06\/28\/reportaz-author-skoda-bikemaraton-sulovske-skaly-vyborna-trat-este-vacsia-zabava\/\",\"name\":\"REPORT\u00c1\u017d: AUTHOR \u0160koda bikemarat\u00f3n S\u00fa\u013eovsk\u00e9 skaly \u2013 v\u00fdborn\u00e1 tra\u0165 a e\u0161te v\u00e4\u010d\u0161ia z\u00e1bava - \u0160koda We Love Cycling Slovensko\",\"isPartOf\":{\"@id\":\"https:\/\/www.welovecycling.com\/sk\/#website\"},\"primaryImageOfPage\":{\"@id\":\"https:\/\/www.welovecycling.com\/sk\/2017\/06\/28\/reportaz-author-skoda-bikemaraton-sulovske-skaly-vyborna-trat-este-vacsia-zabava\/#primaryimage\"},\"image\":{\"@id\":\"https:\/\/www.welovecycling.com\/sk\/2017\/06\/28\/reportaz-author-skoda-bikemaraton-sulovske-skaly-vyborna-trat-este-vacsia-zabava\/#primaryimage\"},\"thumbnailUrl\":\"https:\/\/d2p6e6u75xmxt8.cloudfront.net\/4\/2017\/06\/uvodna-1.webp\",\"datePublished\":\"2017-06-28T16:15:38+00:00\",\"dateModified\":\"2018-07-17T15:32:12+00:00\",\"author\":{\"@id\":\"https:\/\/www.welovecycling.com\/sk\/#\/schema\/person\/8ee09ba39b7e25b1870160aa5b3a89bc\"},\"breadcrumb\":{\"@id\":\"https:\/\/www.welovecycling.com\/sk\/2017\/06\/28\/reportaz-author-skoda-bikemaraton-sulovske-skaly-vyborna-trat-este-vacsia-zabava\/#breadcrumb\"},\"inLanguage\":\"sk-SK\",\"potentialAction\":[{\"@type\":\"ReadAction\",\"target\":[\"https:\/\/www.welovecycling.com\/sk\/2017\/06\/28\/reportaz-author-skoda-bikemaraton-sulovske-skaly-vyborna-trat-este-vacsia-zabava\/\"]}]},{\"@type\":\"ImageObject\",\"inLanguage\":\"sk-SK\",\"@id\":\"https:\/\/www.welovecycling.com\/sk\/2017\/06\/28\/reportaz-author-skoda-bikemaraton-sulovske-skaly-vyborna-trat-este-vacsia-zabava\/#primaryimage\",\"url\":\"https:\/\/d2p6e6u75xmxt8.cloudfront.net\/4\/2017\/06\/uvodna-1.webp\",\"contentUrl\":\"https:\/\/d2p6e6u75xmxt8.cloudfront.net\/4\/2017\/06\/uvodna-1.webp\",\"width\":1375,\"height\":600},{\"@type\":\"BreadcrumbList\",\"@id\":\"https:\/\/www.welovecycling.com\/sk\/2017\/06\/28\/reportaz-author-skoda-bikemaraton-sulovske-skaly-vyborna-trat-este-vacsia-zabava\/#breadcrumb\",\"itemListElement\":[{\"@type\":\"ListItem\",\"position\":1,\"name\":\"Home\",\"item\":\"https:\/\/www.welovecycling.com\/sk\/\"},{\"@type\":\"ListItem\",\"position\":2,\"name\":\"REPORT\u00c1\u017d: AUTHOR \u0160koda bikemarat\u00f3n S\u00fa\u013eovsk\u00e9 skaly \u2013 v\u00fdborn\u00e1 tra\u0165 a e\u0161te v\u00e4\u010d\u0161ia z\u00e1bava\"}]},{\"@type\":\"WebSite\",\"@id\":\"https:\/\/www.welovecycling.com\/sk\/#website\",\"url\":\"https:\/\/www.welovecycling.com\/sk\/\",\"name\":\"\u0160koda We Love Cycling Slovensko\",\"description\":\"\u0160koda We Love Cycling Slovensko je v\u00e1\u0161 ka\u017edodenn\u00fd zdroj noviniek a in\u0161pir\u00e1cie z sveta cyklistiky\",\"potentialAction\":[{\"@type\":\"SearchAction\",\"target\":{\"@type\":\"EntryPoint\",\"urlTemplate\":\"https:\/\/www.welovecycling.com\/sk\/?s={search_term_string}\"},\"query-input\":{\"@type\":\"PropertyValueSpecification\",\"valueRequired\":true,\"valueName\":\"search_term_string\"}}],\"inLanguage\":\"sk-SK\"},{\"@type\":\"Person\",\"@id\":\"https:\/\/www.welovecycling.com\/sk\/#\/schema\/person\/8ee09ba39b7e25b1870160aa5b3a89bc\",\"name\":\"Ondrej Ga\u0161par\",\"image\":{\"@type\":\"ImageObject\",\"inLanguage\":\"sk-SK\",\"@id\":\"https:\/\/www.welovecycling.com\/sk\/#\/schema\/person\/image\/\",\"url\":\"https:\/\/secure.gravatar.com\/avatar\/6126c9afb87b70da5abbb083ddbb21933da15f18f8ca7cb822aba0fb096a48f6?s=96&d=mm&r=g\",\"contentUrl\":\"https:\/\/secure.gravatar.com\/avatar\/6126c9afb87b70da5abbb083ddbb21933da15f18f8ca7cb822aba0fb096a48f6?s=96&d=mm&r=g\",\"caption\":\"Ondrej Ga\u0161par\"},\"url\":\"https:\/\/www.welovecycling.com\/sk\/author\/ondrejgaspar\/\"}]}<\/script>\n<!-- \/ Yoast SEO Premium plugin. -->","yoast_head_json":{"title":"REPORT\u00c1\u017d: AUTHOR \u0160koda bikemarat\u00f3n S\u00fa\u013eovsk\u00e9 skaly \u2013 v\u00fdborn\u00e1 tra\u0165 a e\u0161te v\u00e4\u010d\u0161ia z\u00e1bava - \u0160koda We Love Cycling Slovensko","robots":{"index":"index","follow":"follow","max-snippet":"max-snippet:-1","max-image-preview":"max-image-preview:large","max-video-preview":"max-video-preview:-1"},"canonical":"https:\/\/www.welovecycling.com\/sk\/2017\/06\/28\/reportaz-author-skoda-bikemaraton-sulovske-skaly-vyborna-trat-este-vacsia-zabava\/","og_locale":"sk_SK","og_type":"article","og_title":"REPORT\u00c1\u017d: AUTHOR \u0160koda bikemarat\u00f3n S\u00fa\u013eovsk\u00e9 skaly \u2013 v\u00fdborn\u00e1 tra\u0165 a e\u0161te v\u00e4\u010d\u0161ia z\u00e1bava","og_description":"Tretie kolo \u0160koda BIKE OPEN TOUR hostil S\u00fa\u013eov a vynoven\u00e9 trate preverili schopnosti ka\u017ed\u00e9ho, kto m\u00e1 r\u00e1d skuto\u010dn\u00e9 MTB.","og_url":"https:\/\/www.welovecycling.com\/sk\/2017\/06\/28\/reportaz-author-skoda-bikemaraton-sulovske-skaly-vyborna-trat-este-vacsia-zabava\/","og_site_name":"\u0160koda We Love Cycling Slovensko","article_published_time":"2017-06-28T16:15:38+00:00","article_modified_time":"2018-07-17T15:32:12+00:00","og_image":[{"width":1375,"height":600,"url":"https:\/\/d2p6e6u75xmxt8.cloudfront.net\/4\/2017\/06\/uvodna-1.webp","type":"image\/webp"}],"author":"Ondrej Ga\u0161par","twitter_card":"summary_large_image","twitter_misc":{"Written by":"Martin Imrich","Est. watching time":"12:40"},"schema":{"@context":"https:\/\/schema.org","@graph":[{"@type":"WebPage","@id":"https:\/\/www.welovecycling.com\/sk\/2017\/06\/28\/reportaz-author-skoda-bikemaraton-sulovske-skaly-vyborna-trat-este-vacsia-zabava\/","url":"https:\/\/www.welovecycling.com\/sk\/2017\/06\/28\/reportaz-author-skoda-bikemaraton-sulovske-skaly-vyborna-trat-este-vacsia-zabava\/","name":"REPORT\u00c1\u017d: AUTHOR \u0160koda bikemarat\u00f3n S\u00fa\u013eovsk\u00e9 skaly \u2013 v\u00fdborn\u00e1 tra\u0165 a e\u0161te v\u00e4\u010d\u0161ia z\u00e1bava - \u0160koda We Love Cycling Slovensko","isPartOf":{"@id":"https:\/\/www.welovecycling.com\/sk\/#website"},"primaryImageOfPage":{"@id":"https:\/\/www.welovecycling.com\/sk\/2017\/06\/28\/reportaz-author-skoda-bikemaraton-sulovske-skaly-vyborna-trat-este-vacsia-zabava\/#primaryimage"},"image":{"@id":"https:\/\/www.welovecycling.com\/sk\/2017\/06\/28\/reportaz-author-skoda-bikemaraton-sulovske-skaly-vyborna-trat-este-vacsia-zabava\/#primaryimage"},"thumbnailUrl":"https:\/\/d2p6e6u75xmxt8.cloudfront.net\/4\/2017\/06\/uvodna-1.webp","datePublished":"2017-06-28T16:15:38+00:00","dateModified":"2018-07-17T15:32:12+00:00","author":{"@id":"https:\/\/www.welovecycling.com\/sk\/#\/schema\/person\/8ee09ba39b7e25b1870160aa5b3a89bc"},"breadcrumb":{"@id":"https:\/\/www.welovecycling.com\/sk\/2017\/06\/28\/reportaz-author-skoda-bikemaraton-sulovske-skaly-vyborna-trat-este-vacsia-zabava\/#breadcrumb"},"inLanguage":"sk-SK","potentialAction":[{"@type":"ReadAction","target":["https:\/\/www.welovecycling.com\/sk\/2017\/06\/28\/reportaz-author-skoda-bikemaraton-sulovske-skaly-vyborna-trat-este-vacsia-zabava\/"]}]},{"@type":"ImageObject","inLanguage":"sk-SK","@id":"https:\/\/www.welovecycling.com\/sk\/2017\/06\/28\/reportaz-author-skoda-bikemaraton-sulovske-skaly-vyborna-trat-este-vacsia-zabava\/#primaryimage","url":"https:\/\/d2p6e6u75xmxt8.cloudfront.net\/4\/2017\/06\/uvodna-1.webp","contentUrl":"https:\/\/d2p6e6u75xmxt8.cloudfront.net\/4\/2017\/06\/uvodna-1.webp","width":1375,"height":600},{"@type":"BreadcrumbList","@id":"https:\/\/www.welovecycling.com\/sk\/2017\/06\/28\/reportaz-author-skoda-bikemaraton-sulovske-skaly-vyborna-trat-este-vacsia-zabava\/#breadcrumb","itemListElement":[{"@type":"ListItem","position":1,"name":"Home","item":"https:\/\/www.welovecycling.com\/sk\/"},{"@type":"ListItem","position":2,"name":"REPORT\u00c1\u017d: AUTHOR \u0160koda bikemarat\u00f3n S\u00fa\u013eovsk\u00e9 skaly \u2013 v\u00fdborn\u00e1 tra\u0165 a e\u0161te v\u00e4\u010d\u0161ia z\u00e1bava"}]},{"@type":"WebSite","@id":"https:\/\/www.welovecycling.com\/sk\/#website","url":"https:\/\/www.welovecycling.com\/sk\/","name":"\u0160koda We Love Cycling Slovensko","description":"\u0160koda We Love Cycling Slovensko je v\u00e1\u0161 ka\u017edodenn\u00fd zdroj noviniek a in\u0161pir\u00e1cie z sveta cyklistiky","potentialAction":[{"@type":"SearchAction","target":{"@type":"EntryPoint","urlTemplate":"https:\/\/www.welovecycling.com\/sk\/?s={search_term_string}"},"query-input":{"@type":"PropertyValueSpecification","valueRequired":true,"valueName":"search_term_string"}}],"inLanguage":"sk-SK"},{"@type":"Person","@id":"https:\/\/www.welovecycling.com\/sk\/#\/schema\/person\/8ee09ba39b7e25b1870160aa5b3a89bc","name":"Ondrej Ga\u0161par","image":{"@type":"ImageObject","inLanguage":"sk-SK","@id":"https:\/\/www.welovecycling.com\/sk\/#\/schema\/person\/image\/","url":"https:\/\/secure.gravatar.com\/avatar\/6126c9afb87b70da5abbb083ddbb21933da15f18f8ca7cb822aba0fb096a48f6?s=96&d=mm&r=g","contentUrl":"https:\/\/secure.gravatar.com\/avatar\/6126c9afb87b70da5abbb083ddbb21933da15f18f8ca7cb822aba0fb096a48f6?s=96&d=mm&r=g","caption":"Ondrej Ga\u0161par"},"url":"https:\/\/www.welovecycling.com\/sk\/author\/ondrejgaspar\/"}]}},"_links":{"self":[{"href":"https:\/\/www.welovecycling.com\/sk\/wp-json\/wp\/v2\/posts\/1224","targetHints":{"allow":["GET"]}}],"collection":[{"href":"https:\/\/www.welovecycling.com\/sk\/wp-json\/wp\/v2\/posts"}],"about":[{"href":"https:\/\/www.welovecycling.com\/sk\/wp-json\/wp\/v2\/types\/post"}],"author":[{"embeddable":true,"href":"https:\/\/www.welovecycling.com\/sk\/wp-json\/wp\/v2\/users\/38"}],"replies":[{"embeddable":true,"href":"https:\/\/www.welovecycling.com\/sk\/wp-json\/wp\/v2\/comments?post=1224"}],"version-history":[{"count":2,"href":"https:\/\/www.welovecycling.com\/sk\/wp-json\/wp\/v2\/posts\/1224\/revisions"}],"predecessor-version":[{"id":1272,"href":"https:\/\/www.welovecycling.com\/sk\/wp-json\/wp\/v2\/posts\/1224\/revisions\/1272"}],"wp:featuredmedia":[{"embeddable":true,"href":"https:\/\/www.welovecycling.com\/sk\/wp-json\/wp\/v2\/media\/1274"}],"wp:attachment":[{"href":"https:\/\/www.welovecycling.com\/sk\/wp-json\/wp\/v2\/media?parent=1224"}],"wp:term":[{"taxonomy":"category","embeddable":true,"href":"https:\/\/www.welovecycling.com\/sk\/wp-json\/wp\/v2\/categories?post=1224"},{"taxonomy":"post_tag","embeddable":true,"href":"https:\/\/www.welovecycling.com\/sk\/wp-json\/wp\/v2\/tags?post=1224"},{"taxonomy":"global-categories","embeddable":true,"href":"https:\/\/www.welovecycling.com\/sk\/wp-json\/wp\/v2\/global-categories?post=1224"}],"curies":[{"name":"wp","href":"https:\/\/api.w.org\/{rel}","templated":true}]}}