{"id":12229,"date":"2021-07-28T10:00:49","date_gmt":"2021-07-28T08:00:49","guid":{"rendered":"https:\/\/www.welovecycling.com\/sk\/?p=12229"},"modified":"2021-07-09T10:49:29","modified_gmt":"2021-07-09T08:49:29","slug":"pozvanka-3-kolo-sbot-skoda-horal-mtb-maraton","status":"publish","type":"post","link":"https:\/\/www.welovecycling.com\/sk\/2021\/07\/28\/pozvanka-3-kolo-sbot-skoda-horal-mtb-maraton\/","title":{"rendered":"Pozv\u00e1nka: 3. kolo \u0160BOT &#8211; \u0160koda HORAL MTB marat\u00f3n"},"content":{"rendered":"<p><strong>Prv\u00e9 dve kol\u00e1 v\u00a0Topo\u013e\u010diankach a\u00a0v\u00a0Slovenskom raji m\u00e1me \u00faspe\u0161ne za sebou a\u00a0ich priebeh bol lep\u0161\u00ed, ako sme o\u010dak\u00e1vali. Dokonca aj po\u010dasie vy\u0161lo dokonale a\u00a0nebolo ani pr\u00edli\u0161 hor\u00faco a\u00a0ani chladno. \u00daspe\u010dne sme sa vyhli aj nejak\u00fdm ve\u013ek\u00fdm da\u017ediv\u00fdm preh\u00e1nkam a\u00a0slab\u00e9 mrholenie ku koncu druh\u00e9ho kola v\u00a0Slovenskom raji bolo vlastne len pr\u00edjemn\u00fdm osvie\u017een\u00edm.<\/strong><!--more--><\/p>\n<p>Po\u010das druh\u00e9ho mesiaca pr\u00e1zdnin a\u00a0to presne v sobotu <strong>14. augusta n\u00e1s \u010dak\u00e1 tretie kolo \u0160koda BIKE OPEN TOUR<\/strong>. Kona\u0165 sa bude vo Svite v\u00a0oblasti N\u00edzkych Tatier, v\u00a0bl\u00edzkosti Kr\u00e1\u013eovej hole. A\u00a0pr\u00e1ve Kr\u00e1\u013eova ho\u013ea b\u00fdva ka\u017edoro\u010dne cie\u013eom trasy KREJZI, ktor\u00e1 v\u0161ak tento rok nebude. Ke\u010f u\u017e sme pri tras\u00e1ch, tak k\u00a0dispoz\u00edcii bude tra\u0165 LEJZI v\u00a0d\u013a\u017eke 80 km a\u00a0ke\u010f sa pozriete na jej d\u013a\u017eku, tak n\u00e1zov klame a\u00a0leniv\u00ed cyklisti nech si rad\u0161ej vyber\u00fa in\u00fa tra\u0165. Tra\u0165 SENZI bola pred p\u00e1r rokmi pov\u00fd\u0161en\u00e1 na polmarat\u00f3n a\u00a0d\u013a\u017eka trasy je 48 km. Pr\u00e1ve t\u00e1to tra\u0165 je okrem tradi\u010dn\u00fdch bicyklov k\u00a0dispoz\u00edcii aj pre elektro bicykle.<\/p>\n<div id='gallery-1' class='gallery galleryid-12229 gallery-columns-2 gallery-size-full'><figure class='gallery-item'>\n\t\t\t<div class='gallery-icon landscape'>\n\t\t\t\t<a href='https:\/\/d2p6e6u75xmxt8.cloudfront.net\/4\/2021\/07\/Pozvanka_Horal_MTB_05-1.webp'><img loading=\"lazy\" decoding=\"async\" width=\"1600\" height=\"1066\" src=\"https:\/\/d2p6e6u75xmxt8.cloudfront.net\/4\/2021\/07\/Pozvanka_Horal_MTB_05-1.webp\" class=\"attachment-full size-full\" alt=\"\" srcset=\"https:\/\/d2p6e6u75xmxt8.cloudfront.net\/4\/2021\/07\/Pozvanka_Horal_MTB_05-1.webp 1600w, https:\/\/d2p6e6u75xmxt8.cloudfront.net\/4\/2021\/07\/Pozvanka_Horal_MTB_05-1-300x200.webp 300w, https:\/\/d2p6e6u75xmxt8.cloudfront.net\/4\/2021\/07\/Pozvanka_Horal_MTB_05-1-1024x682.webp 1024w, https:\/\/d2p6e6u75xmxt8.cloudfront.net\/4\/2021\/07\/Pozvanka_Horal_MTB_05-1-768x512.webp 768w, https:\/\/d2p6e6u75xmxt8.cloudfront.net\/4\/2021\/07\/Pozvanka_Horal_MTB_05-1-1536x1023.webp 1536w, https:\/\/d2p6e6u75xmxt8.cloudfront.net\/4\/2021\/07\/Pozvanka_Horal_MTB_05-1-272x182.webp 272w\" sizes=\"auto, (max-width: 1600px) 100vw, 1600px\" \/><\/a>\n\t\t\t<\/div><\/figure><figure class='gallery-item'>\n\t\t\t<div class='gallery-icon landscape'>\n\t\t\t\t<a href='https:\/\/d2p6e6u75xmxt8.cloudfront.net\/4\/2021\/07\/Pozvanka_Horal_MTB_01-1.webp'><img loading=\"lazy\" decoding=\"async\" width=\"1200\" height=\"800\" src=\"https:\/\/d2p6e6u75xmxt8.cloudfront.net\/4\/2021\/07\/Pozvanka_Horal_MTB_01-1.webp\" class=\"attachment-full size-full\" alt=\"\" srcset=\"https:\/\/d2p6e6u75xmxt8.cloudfront.net\/4\/2021\/07\/Pozvanka_Horal_MTB_01-1.webp 1200w, https:\/\/d2p6e6u75xmxt8.cloudfront.net\/4\/2021\/07\/Pozvanka_Horal_MTB_01-1-300x200.webp 300w, https:\/\/d2p6e6u75xmxt8.cloudfront.net\/4\/2021\/07\/Pozvanka_Horal_MTB_01-1-1024x683.webp 1024w, https:\/\/d2p6e6u75xmxt8.cloudfront.net\/4\/2021\/07\/Pozvanka_Horal_MTB_01-1-768x512.webp 768w, https:\/\/d2p6e6u75xmxt8.cloudfront.net\/4\/2021\/07\/Pozvanka_Horal_MTB_01-1-272x182.webp 272w\" sizes=\"auto, (max-width: 1200px) 100vw, 1200px\" \/><\/a>\n\t\t\t<\/div><\/figure>\n\t\t<\/div>\n\n<p>Ak sa na marat\u00f3n nec\u00edtite, m\u00f4\u017eete za\u010da\u0165 na trati \u00cdZI, kde si na 33 km vysk\u00fa\u0161ate svoje sily. Je to skvel\u00e1 pr\u00edle\u017eitos\u0165, ako absolvova\u0165 svoj prv\u00fd marat\u00f3n a\u00a0minimalizova\u0165 ne\u00faspech. Prever\u00edte si, ako na tom ste so svojou fyzickou kond\u00edciou. <strong>Nakoniec treba spomen\u00fa\u0165 aj ob\u013e\u00faben\u00fa rodinn\u00fa tra\u0165 DEJZI \u2013 \u0160koda FAMILY s\u00a0jej d\u013a\u017ekou 17 km<\/strong>, na ktorej sa m\u00f4\u017eu z\u00fa\u010dastni\u0165 deti spolu s\u00a0rodi\u010dmi. \u010ci u\u017e p\u00f4jdu na svojich bicykloch, alebo sa deti povez\u00fa na cyklovoz\u00edku, nie je probl\u00e9m, preto\u017ee v\u00e4\u010d\u0161ina trate je veden\u00e1 po asfaltov\u00fdch cest\u00e1ch.<\/p>\n<p><a href=\"https:\/\/d2p6e6u75xmxt8.cloudfront.net\/4\/2021\/07\/Pozvanka_Horal_MTB_02.jpg\"><img loading=\"lazy\" decoding=\"async\" src=\"https:\/\/d2p6e6u75xmxt8.cloudfront.net\/4\/2021\/07\/Pozvanka_Horal_MTB_02.jpg\" alt=\"\" width=\"1200\" height=\"800\" class=\"alignnone size-full wp-image-12238\" \/><\/a><\/p>\n<p>Registrova\u0165 sa m\u00f4\u017eete u\u017e od piatku v\u00a0kancel\u00e1rii pretekov, ktor\u00e1 bude zriaden\u00e1 v\u00a0Kolibe &#8211; zrub \u010d. 7 a\u00a0nezabudnite si so sebou vzia\u0165 preukaz poistenca. Prv\u00fd traja v\u00ed\u0165azi v\u00a0ka\u017edej kateg\u00f3rii z\u00edskaj\u00fa vecn\u00e9 ceny. Organiz\u00e1tor nezab\u00fada ani na ostatn\u00fdch \u00fa\u010dastn\u00edkov a\u00a0pripravil pre nich zauj\u00edmav\u00fa tombolu. Hlavnou cenou bude bicykel \u0160koda v\u00a0hodnote 700 \u20ac. <strong>V\u00a0cene \u0161tartovn\u00e9ho je ob\u010derstvenie, \u0161tartovn\u00e9 \u010d\u00edslo a\u00a0v\u00fd\u017eivov\u00e9 doplnky NUTREND.<\/strong> A\u00a0mimochodom treba upozorni\u0165 na to, \u017ee ka\u017ed\u00fd \u00fa\u010dastn\u00edk dostane svoj bal\u00ed\u010dek v\u00a0textilnom bat\u00f4\u017eku a\u00a0nie v\u00a0igelitovej ta\u0161ke, ako tomu bolo v\u00a0minulosti. Je skvel\u00e9, \u017ee aj v\u00a0tomto smere sa berie oh\u013ead na ekol\u00f3giu.<\/p>\n<div id='gallery-2' class='gallery galleryid-12229 gallery-columns-2 gallery-size-full'><figure class='gallery-item'>\n\t\t\t<div class='gallery-icon landscape'>\n\t\t\t\t<a href='https:\/\/d2p6e6u75xmxt8.cloudfront.net\/4\/2021\/07\/Pozvanka_Horal_MTB_03-1.webp'><img loading=\"lazy\" decoding=\"async\" width=\"1200\" height=\"800\" src=\"https:\/\/d2p6e6u75xmxt8.cloudfront.net\/4\/2021\/07\/Pozvanka_Horal_MTB_03-1.webp\" class=\"attachment-full size-full\" alt=\"\" srcset=\"https:\/\/d2p6e6u75xmxt8.cloudfront.net\/4\/2021\/07\/Pozvanka_Horal_MTB_03-1.webp 1200w, https:\/\/d2p6e6u75xmxt8.cloudfront.net\/4\/2021\/07\/Pozvanka_Horal_MTB_03-1-300x200.webp 300w, https:\/\/d2p6e6u75xmxt8.cloudfront.net\/4\/2021\/07\/Pozvanka_Horal_MTB_03-1-1024x683.webp 1024w, https:\/\/d2p6e6u75xmxt8.cloudfront.net\/4\/2021\/07\/Pozvanka_Horal_MTB_03-1-768x512.webp 768w, https:\/\/d2p6e6u75xmxt8.cloudfront.net\/4\/2021\/07\/Pozvanka_Horal_MTB_03-1-272x182.webp 272w\" sizes=\"auto, (max-width: 1200px) 100vw, 1200px\" \/><\/a>\n\t\t\t<\/div><\/figure><figure class='gallery-item'>\n\t\t\t<div class='gallery-icon landscape'>\n\t\t\t\t<a href='https:\/\/d2p6e6u75xmxt8.cloudfront.net\/4\/2021\/07\/Pozvanka_Horal_MTB_04.webp'><img loading=\"lazy\" decoding=\"async\" width=\"1200\" height=\"800\" src=\"https:\/\/d2p6e6u75xmxt8.cloudfront.net\/4\/2021\/07\/Pozvanka_Horal_MTB_04.webp\" class=\"attachment-full size-full\" alt=\"\" srcset=\"https:\/\/d2p6e6u75xmxt8.cloudfront.net\/4\/2021\/07\/Pozvanka_Horal_MTB_04.webp 1200w, https:\/\/d2p6e6u75xmxt8.cloudfront.net\/4\/2021\/07\/Pozvanka_Horal_MTB_04-300x200.webp 300w, https:\/\/d2p6e6u75xmxt8.cloudfront.net\/4\/2021\/07\/Pozvanka_Horal_MTB_04-1024x683.webp 1024w, https:\/\/d2p6e6u75xmxt8.cloudfront.net\/4\/2021\/07\/Pozvanka_Horal_MTB_04-768x512.webp 768w, https:\/\/d2p6e6u75xmxt8.cloudfront.net\/4\/2021\/07\/Pozvanka_Horal_MTB_04-272x182.webp 272w\" sizes=\"auto, (max-width: 1200px) 100vw, 1200px\" \/><\/a>\n\t\t\t<\/div><\/figure>\n\t\t<\/div>\n\n<p>Samozrejmos\u0165ou je ob\u010derstvenie na trati, dobr\u00e9 jedlo a\u00a0chladen\u00e9 n\u00e1poje. Ubytovanie je k\u00a0dispoz\u00edcii v\u00a0penzi\u00f3noch a\u00a0hoteloch v\u00a0okol\u00ed Svitu, alebo m\u00f4\u017eete bezplatne stanova\u0165 v\u00a0are\u00e1li plav\u00e1rne. <strong>Pr\u00ed\u010fte si u\u017ei\u0165 \u010fal\u0161\u00ed z\u00e1bavn\u00fd de\u0148, po\u010das ktor\u00e9ho si zas\u00fa\u0165a\u017e\u00edte ale aj str\u00e1vite pr\u00edjemn\u00e9 chv\u00edle so svojou rodinou a\u00a0priate\u013emi.<\/strong> A\u00a0to v\u0161etko navy\u0161e v\u00a0kr\u00e1snom prostred\u00ed N\u00edzkych Tatier. Ver\u00edme, \u017ee po\u010dasie nesklame ani tentokr\u00e1t a\u00a0te\u0161\u00edme sa na v\u00e1s.   <\/p>\n","protected":false},"excerpt":{"rendered":"<p>Prv\u00e9 dve kol\u00e1 v\u00a0Topo\u013e\u010diankach a\u00a0v\u00a0Slovenskom raji m\u00e1me \u00faspe\u0161ne za sebou a\u00a0ich priebeh bol lep\u0161\u00ed, ako sme o\u010dak\u00e1vali. Dokonca aj po\u010dasie [&hellip;]<\/p>\n","protected":false},"author":81,"featured_media":12237,"comment_status":"open","ping_status":"open","sticky":false,"template":"","format":"standard","meta":{"footnotes":""},"categories":[33],"tags":[53,178,569,37,91,509,474,1311,542,77,214,92,523,213],"global-categories":[1074],"class_list":["post-12229","post","type-post","status-publish","format-standard","has-post-thumbnail","hentry","category-sbot","tag-deti","tag-maraton","tag-nizke-tatry","tag-podujatia","tag-pozvanka","tag-rodina","tag-rodinny-maraton","tag-sezona-2021","tag-skoda","tag-skoda-dedina","tag-skoda-horal-mtb-maraton","tag-skoda-tim","tag-slovensko","tag-svit","global-categories-cycling"],"yoast_head":"<!-- This site is optimized with the Yoast SEO Premium plugin v25.3 (Yoast SEO v25.9) - https:\/\/yoast.com\/wordpress\/plugins\/seo\/ -->\n<title>Pozv\u00e1nka: 3. kolo \u0160BOT - \u0160koda HORAL MTB marat\u00f3n - \u0160koda We Love Cycling Slovensko<\/title>\n<meta name=\"robots\" content=\"index, follow, max-snippet:-1, max-image-preview:large, max-video-preview:-1\" \/>\n<link rel=\"canonical\" href=\"https:\/\/www.welovecycling.com\/sk\/2021\/07\/28\/pozvanka-3-kolo-sbot-skoda-horal-mtb-maraton\/\" \/>\n<meta property=\"og:locale\" content=\"sk_SK\" \/>\n<meta property=\"og:type\" content=\"article\" \/>\n<meta property=\"og:title\" content=\"Pozv\u00e1nka: 3. kolo \u0160BOT - \u0160koda HORAL MTB marat\u00f3n\" \/>\n<meta property=\"og:description\" content=\"Prv\u00e9 dve kol\u00e1 v\u00a0Topo\u013e\u010diankach a\u00a0v\u00a0Slovenskom raji m\u00e1me \u00faspe\u0161ne za sebou a\u00a0ich priebeh bol lep\u0161\u00ed, ako sme o\u010dak\u00e1vali. Dokonca aj po\u010dasie [&hellip;]\" \/>\n<meta property=\"og:url\" content=\"https:\/\/www.welovecycling.com\/sk\/2021\/07\/28\/pozvanka-3-kolo-sbot-skoda-horal-mtb-maraton\/\" \/>\n<meta property=\"og:site_name\" content=\"\u0160koda We Love Cycling Slovensko\" \/>\n<meta property=\"article:published_time\" content=\"2021-07-28T08:00:49+00:00\" \/>\n<meta property=\"og:image\" content=\"https:\/\/d2p6e6u75xmxt8.cloudfront.net\/4\/2021\/07\/Pozvanka_Horal_MTB_00.webp\" \/>\n\t<meta property=\"og:image:width\" content=\"1380\" \/>\n\t<meta property=\"og:image:height\" content=\"600\" \/>\n\t<meta property=\"og:image:type\" content=\"image\/webp\" \/>\n<meta name=\"twitter:card\" content=\"summary_large_image\" \/>\n<meta name=\"twitter:label1\" content=\"Written by\" \/>\n\t<meta name=\"twitter:data1\" content=\"Radovan Vr\u0161ka\" \/>\n\t<meta name=\"twitter:label2\" content=\"Est. reading time\" \/>\n\t<meta name=\"twitter:data2\" content=\"3\" \/>\n<script type=\"application\/ld+json\" class=\"yoast-schema-graph\">{\"@context\":\"https:\/\/schema.org\",\"@graph\":[{\"@type\":\"WebPage\",\"@id\":\"https:\/\/www.welovecycling.com\/sk\/2021\/07\/28\/pozvanka-3-kolo-sbot-skoda-horal-mtb-maraton\/\",\"url\":\"https:\/\/www.welovecycling.com\/sk\/2021\/07\/28\/pozvanka-3-kolo-sbot-skoda-horal-mtb-maraton\/\",\"name\":\"Pozv\u00e1nka: 3. kolo \u0160BOT - \u0160koda HORAL MTB marat\u00f3n - \u0160koda We Love Cycling Slovensko\",\"isPartOf\":{\"@id\":\"https:\/\/www.welovecycling.com\/sk\/#website\"},\"primaryImageOfPage\":{\"@id\":\"https:\/\/www.welovecycling.com\/sk\/2021\/07\/28\/pozvanka-3-kolo-sbot-skoda-horal-mtb-maraton\/#primaryimage\"},\"image\":{\"@id\":\"https:\/\/www.welovecycling.com\/sk\/2021\/07\/28\/pozvanka-3-kolo-sbot-skoda-horal-mtb-maraton\/#primaryimage\"},\"thumbnailUrl\":\"https:\/\/d2p6e6u75xmxt8.cloudfront.net\/4\/2021\/07\/Pozvanka_Horal_MTB_00.webp\",\"datePublished\":\"2021-07-28T08:00:49+00:00\",\"author\":{\"@id\":\"\"},\"breadcrumb\":{\"@id\":\"https:\/\/www.welovecycling.com\/sk\/2021\/07\/28\/pozvanka-3-kolo-sbot-skoda-horal-mtb-maraton\/#breadcrumb\"},\"inLanguage\":\"sk-SK\",\"potentialAction\":[{\"@type\":\"ReadAction\",\"target\":[\"https:\/\/www.welovecycling.com\/sk\/2021\/07\/28\/pozvanka-3-kolo-sbot-skoda-horal-mtb-maraton\/\"]}]},{\"@type\":\"ImageObject\",\"inLanguage\":\"sk-SK\",\"@id\":\"https:\/\/www.welovecycling.com\/sk\/2021\/07\/28\/pozvanka-3-kolo-sbot-skoda-horal-mtb-maraton\/#primaryimage\",\"url\":\"https:\/\/d2p6e6u75xmxt8.cloudfront.net\/4\/2021\/07\/Pozvanka_Horal_MTB_00.webp\",\"contentUrl\":\"https:\/\/d2p6e6u75xmxt8.cloudfront.net\/4\/2021\/07\/Pozvanka_Horal_MTB_00.webp\",\"width\":1380,\"height\":600},{\"@type\":\"BreadcrumbList\",\"@id\":\"https:\/\/www.welovecycling.com\/sk\/2021\/07\/28\/pozvanka-3-kolo-sbot-skoda-horal-mtb-maraton\/#breadcrumb\",\"itemListElement\":[{\"@type\":\"ListItem\",\"position\":1,\"name\":\"Home\",\"item\":\"https:\/\/www.welovecycling.com\/sk\/\"},{\"@type\":\"ListItem\",\"position\":2,\"name\":\"Pozv\u00e1nka: 3. kolo \u0160BOT &#8211; \u0160koda HORAL MTB marat\u00f3n\"}]},{\"@type\":\"WebSite\",\"@id\":\"https:\/\/www.welovecycling.com\/sk\/#website\",\"url\":\"https:\/\/www.welovecycling.com\/sk\/\",\"name\":\"\u0160koda We Love Cycling Slovensko\",\"description\":\"\u0160koda We Love Cycling Slovensko je v\u00e1\u0161 ka\u017edodenn\u00fd zdroj noviniek a in\u0161pir\u00e1cie z sveta cyklistiky\",\"potentialAction\":[{\"@type\":\"SearchAction\",\"target\":{\"@type\":\"EntryPoint\",\"urlTemplate\":\"https:\/\/www.welovecycling.com\/sk\/?s={search_term_string}\"},\"query-input\":{\"@type\":\"PropertyValueSpecification\",\"valueRequired\":true,\"valueName\":\"search_term_string\"}}],\"inLanguage\":\"sk-SK\"},{\"@type\":\"Person\",\"@id\":\"\",\"url\":\"https:\/\/www.welovecycling.com\/sk\/author\/\"}]}<\/script>\n<!-- \/ Yoast SEO Premium plugin. -->","yoast_head_json":{"title":"Pozv\u00e1nka: 3. kolo \u0160BOT - \u0160koda HORAL MTB marat\u00f3n - \u0160koda We Love Cycling Slovensko","robots":{"index":"index","follow":"follow","max-snippet":"max-snippet:-1","max-image-preview":"max-image-preview:large","max-video-preview":"max-video-preview:-1"},"canonical":"https:\/\/www.welovecycling.com\/sk\/2021\/07\/28\/pozvanka-3-kolo-sbot-skoda-horal-mtb-maraton\/","og_locale":"sk_SK","og_type":"article","og_title":"Pozv\u00e1nka: 3. kolo \u0160BOT - \u0160koda HORAL MTB marat\u00f3n","og_description":"Prv\u00e9 dve kol\u00e1 v\u00a0Topo\u013e\u010diankach a\u00a0v\u00a0Slovenskom raji m\u00e1me \u00faspe\u0161ne za sebou a\u00a0ich priebeh bol lep\u0161\u00ed, ako sme o\u010dak\u00e1vali. Dokonca aj po\u010dasie [&hellip;]","og_url":"https:\/\/www.welovecycling.com\/sk\/2021\/07\/28\/pozvanka-3-kolo-sbot-skoda-horal-mtb-maraton\/","og_site_name":"\u0160koda We Love Cycling Slovensko","article_published_time":"2021-07-28T08:00:49+00:00","og_image":[{"width":1380,"height":600,"url":"https:\/\/d2p6e6u75xmxt8.cloudfront.net\/4\/2021\/07\/Pozvanka_Horal_MTB_00.webp","type":"image\/webp"}],"twitter_card":"summary_large_image","twitter_misc":{"Written by":"Radovan Vr\u0161ka","Est. reading time":"3"},"schema":{"@context":"https:\/\/schema.org","@graph":[{"@type":"WebPage","@id":"https:\/\/www.welovecycling.com\/sk\/2021\/07\/28\/pozvanka-3-kolo-sbot-skoda-horal-mtb-maraton\/","url":"https:\/\/www.welovecycling.com\/sk\/2021\/07\/28\/pozvanka-3-kolo-sbot-skoda-horal-mtb-maraton\/","name":"Pozv\u00e1nka: 3. kolo \u0160BOT - \u0160koda HORAL MTB marat\u00f3n - \u0160koda We Love Cycling Slovensko","isPartOf":{"@id":"https:\/\/www.welovecycling.com\/sk\/#website"},"primaryImageOfPage":{"@id":"https:\/\/www.welovecycling.com\/sk\/2021\/07\/28\/pozvanka-3-kolo-sbot-skoda-horal-mtb-maraton\/#primaryimage"},"image":{"@id":"https:\/\/www.welovecycling.com\/sk\/2021\/07\/28\/pozvanka-3-kolo-sbot-skoda-horal-mtb-maraton\/#primaryimage"},"thumbnailUrl":"https:\/\/d2p6e6u75xmxt8.cloudfront.net\/4\/2021\/07\/Pozvanka_Horal_MTB_00.webp","datePublished":"2021-07-28T08:00:49+00:00","author":{"@id":""},"breadcrumb":{"@id":"https:\/\/www.welovecycling.com\/sk\/2021\/07\/28\/pozvanka-3-kolo-sbot-skoda-horal-mtb-maraton\/#breadcrumb"},"inLanguage":"sk-SK","potentialAction":[{"@type":"ReadAction","target":["https:\/\/www.welovecycling.com\/sk\/2021\/07\/28\/pozvanka-3-kolo-sbot-skoda-horal-mtb-maraton\/"]}]},{"@type":"ImageObject","inLanguage":"sk-SK","@id":"https:\/\/www.welovecycling.com\/sk\/2021\/07\/28\/pozvanka-3-kolo-sbot-skoda-horal-mtb-maraton\/#primaryimage","url":"https:\/\/d2p6e6u75xmxt8.cloudfront.net\/4\/2021\/07\/Pozvanka_Horal_MTB_00.webp","contentUrl":"https:\/\/d2p6e6u75xmxt8.cloudfront.net\/4\/2021\/07\/Pozvanka_Horal_MTB_00.webp","width":1380,"height":600},{"@type":"BreadcrumbList","@id":"https:\/\/www.welovecycling.com\/sk\/2021\/07\/28\/pozvanka-3-kolo-sbot-skoda-horal-mtb-maraton\/#breadcrumb","itemListElement":[{"@type":"ListItem","position":1,"name":"Home","item":"https:\/\/www.welovecycling.com\/sk\/"},{"@type":"ListItem","position":2,"name":"Pozv\u00e1nka: 3. kolo \u0160BOT &#8211; \u0160koda HORAL MTB marat\u00f3n"}]},{"@type":"WebSite","@id":"https:\/\/www.welovecycling.com\/sk\/#website","url":"https:\/\/www.welovecycling.com\/sk\/","name":"\u0160koda We Love Cycling Slovensko","description":"\u0160koda We Love Cycling Slovensko je v\u00e1\u0161 ka\u017edodenn\u00fd zdroj noviniek a in\u0161pir\u00e1cie z sveta cyklistiky","potentialAction":[{"@type":"SearchAction","target":{"@type":"EntryPoint","urlTemplate":"https:\/\/www.welovecycling.com\/sk\/?s={search_term_string}"},"query-input":{"@type":"PropertyValueSpecification","valueRequired":true,"valueName":"search_term_string"}}],"inLanguage":"sk-SK"},{"@type":"Person","@id":"","url":"https:\/\/www.welovecycling.com\/sk\/author\/"}]}},"_links":{"self":[{"href":"https:\/\/www.welovecycling.com\/sk\/wp-json\/wp\/v2\/posts\/12229","targetHints":{"allow":["GET"]}}],"collection":[{"href":"https:\/\/www.welovecycling.com\/sk\/wp-json\/wp\/v2\/posts"}],"about":[{"href":"https:\/\/www.welovecycling.com\/sk\/wp-json\/wp\/v2\/types\/post"}],"author":[{"embeddable":true,"href":"https:\/\/www.welovecycling.com\/sk\/wp-json\/wp\/v2\/users\/81"}],"replies":[{"embeddable":true,"href":"https:\/\/www.welovecycling.com\/sk\/wp-json\/wp\/v2\/comments?post=12229"}],"version-history":[{"count":2,"href":"https:\/\/www.welovecycling.com\/sk\/wp-json\/wp\/v2\/posts\/12229\/revisions"}],"predecessor-version":[{"id":12243,"href":"https:\/\/www.welovecycling.com\/sk\/wp-json\/wp\/v2\/posts\/12229\/revisions\/12243"}],"wp:featuredmedia":[{"embeddable":true,"href":"https:\/\/www.welovecycling.com\/sk\/wp-json\/wp\/v2\/media\/12237"}],"wp:attachment":[{"href":"https:\/\/www.welovecycling.com\/sk\/wp-json\/wp\/v2\/media?parent=12229"}],"wp:term":[{"taxonomy":"category","embeddable":true,"href":"https:\/\/www.welovecycling.com\/sk\/wp-json\/wp\/v2\/categories?post=12229"},{"taxonomy":"post_tag","embeddable":true,"href":"https:\/\/www.welovecycling.com\/sk\/wp-json\/wp\/v2\/tags?post=12229"},{"taxonomy":"global-categories","embeddable":true,"href":"https:\/\/www.welovecycling.com\/sk\/wp-json\/wp\/v2\/global-categories?post=12229"}],"curies":[{"name":"wp","href":"https:\/\/api.w.org\/{rel}","templated":true}]}}