{"id":12218,"date":"2021-07-09T10:00:04","date_gmt":"2021-07-09T08:00:04","guid":{"rendered":"https:\/\/www.welovecycling.com\/sk\/?p=12218"},"modified":"2021-07-08T13:53:43","modified_gmt":"2021-07-08T11:53:43","slug":"ako-si-vybrat-prilbu-na-bicykel","status":"publish","type":"post","link":"https:\/\/www.welovecycling.com\/sk\/2021\/07\/09\/ako-si-vybrat-prilbu-na-bicykel\/","title":{"rendered":"Ako si vybra\u0165 prilbu na bicykel?"},"content":{"rendered":"<p><strong>Prv\u00e9 cyklistick\u00e9 prilby boli vyroben\u00e9 koncom dev\u00e4tn\u00e1steho storo\u010dia. S\u00edce boli vyroben\u00e9 z\u00a0korku a\u00a0vyzerali ako klob\u00fak na safari, ale svoju funkciu ochrany hlavy \u010diasto\u010dne plnili. Za\u010diatkom dvadsiateho storo\u010dia pri\u0161li ko\u017een\u00e9 prilby, ktor\u00e9 ste ur\u010dite videli na \u010diernobielych z\u00e1beroch z\u00a0prv\u00fdch cyklistick\u00fdch pretekov tej doby. Samozrejme ani tie nechr\u00e1nili dostato\u010dne a\u00a0tak v\u00fdvoj i\u0161iel st\u00e1le dopredu a\u00a0v\u00a0dne\u0161nej dobe, u\u017e aj t\u00e1 najoby\u010dajnej\u0161ia prilba dostato\u010dne ochr\u00e1ni v\u00a0pr\u00edpade p\u00e1du.<\/strong><!--more--><\/p>\n<p>Nov\u00e9 technol\u00f3gie st\u00e1le prin\u00e1\u0161aj\u00fa nov\u00e9 materi\u00e1ly a\u00a0zlep\u0161enia, tak\u017ee <strong>ponuka cyklistick\u00fdch prilieb je dnes naozaj \u0161irok\u00e1<\/strong>. Odli\u0161uj\u00fa sa od seba nielen tvarom, ale aj pou\u017eit\u00fdmi materi\u00e1lmi, hmotnos\u0165ou, \u010di r\u00f4znymi vychyt\u00e1vkami, ktor\u00e9 v\u00a0sebe maj\u00fa zabudovan\u00e9. Pozrime sa na z\u00e1kladn\u00e9 rozdelenie vzh\u013eadom na tvar prilby.<\/p>\n<p><strong>Cestn\u00e9 prilby<\/strong> &#8211;  \u013eahk\u00e9, aerodynamicky tvarovan\u00e9, ktor\u00e9 maj\u00fa \u010dasto sofistikovan\u00e9 vetracie otvory.<\/p>\n<p><strong>Cross country<\/strong> \u2013 ozna\u010dovan\u00e9 s\u00fa skratkou XC a nie s\u00fa a\u017e tak aerodynamick\u00e9 a\u00a0s\u00fa o nie\u010do v\u00e4\u010d\u0161ie, aby lep\u0161ie ochr\u00e1nili jazdca pri p\u00e1de, predsa len je riziko p\u00e1du na nespevnen\u00fdch pr\u00edrodn\u00fdch cest\u00e1ch o\u00a0nie\u010do vy\u0161\u0161ie.<\/p>\n<p><strong>All-mountain\/Enduro<\/strong> &#8211; skratka AM\/EN a maj\u00fa pred\u013a\u017een\u00fa zadn\u00fa \u010das\u0165 chr\u00e1niacu z\u00e1tylok. \u010casto maj\u00fa v\u00fdrazn\u00fd \u0161ilt vpredu. Hmotnos\u0165 nie je a\u017e tak\u00e1 rozhoduj\u00faca, d\u00f4le\u017eit\u00e1 je bezpe\u010dnos\u0165.<\/p>\n<p><strong>Freeride\/Downhill<\/strong> \u2013 skratka DH a naz\u00fdvan\u00e9 tie\u017e ako integr\u00e1ly, najviac pripom\u00ednaj\u00fa motork\u00e1rske prilby, preto\u017ee chr\u00e1nia pokia\u013e mo\u017eno \u010do najv\u00e4\u010d\u0161iu \u010das\u0165 hlavy a tv\u00e1re. <\/p>\n<p><strong>Dirt\/Urban prilby<\/strong> &#8211; s\u00fa ur\u010den\u00e9 pre jazdenie v\u00a0skateparkoch, alebo na prirodzen\u00fdch prek\u00e1\u017ekach v\u00a0meste. Maj\u00fa pln\u00fa kon\u0161trukciu a v\u00fdrazne menej, pr\u00edpadne \u017eiadne ventila\u010dn\u00e9 otvory a\u00a0to z\u00a0toho d\u00f4vodu, \u017ee s\u00fa ur\u010den\u00e9 na kr\u00e1tke vybl\u00e1znenie sa a\u00a0nie na celodenn\u00fd v\u00fdjazd.<\/p>\n<figure id=\"attachment_12221\" aria-describedby=\"caption-attachment-12221\" style=\"width: 1200px\" class=\"wp-caption alignnone\"><a href=\"https:\/\/d2p6e6u75xmxt8.cloudfront.net\/4\/2021\/07\/Prilby_01.jpg\"><img loading=\"lazy\" decoding=\"async\" src=\"https:\/\/d2p6e6u75xmxt8.cloudfront.net\/4\/2021\/07\/Prilby_01.jpg\" alt=\"Pixabay\" width=\"1200\" height=\"800\" class=\"size-full wp-image-12221\" \/><\/a><figcaption id=\"caption-attachment-12221\" class=\"wp-caption-text\">Pixabay<\/figcaption><\/figure>\n<p>V\u00fdber je samozrejme na v\u00e1s, ale tak prim\u00e1rne by ste sa mali dr\u017ea\u0165 zaradenia, ktor\u00e9 prilbe prim\u00e1rne ur\u010dil v\u00fdrobca. Nie je v\u0161ak zriedkav\u00e9, \u017ee napr\u00edklad XC jazdci si vyberaj\u00fa cestn\u00e9 prilby, preto\u017ee s\u00fa men\u0161ie a\u00a0\u013eah\u0161ie. A\u00a0zasa napr\u00edklad DH jazdci, ke\u010f nechc\u00fa so sebou pol d\u0148a nosi\u0165 integr\u00e1lu, tak si vezm\u00fa AM\/EN prilbu. <\/p>\n<h2><strong>Ochrana na prvom mieste<\/strong><\/h2>\n<p>Z\u00e1kladn\u00e9 zlo\u017eenie prilby je samotn\u00e1 \u0161krupina a\u00a0vlo\u017eka. A\u00a0pr\u00e1ve tieto dve s\u00fa\u010dasti prilby s\u00fa spojen\u00e9 elastick\u00fdmi \u010das\u0165ami, ktor\u00e9 sa v\u00a0pr\u00edpade p\u00e1du natiahnu a\u00a0absorbuj\u00fa \u010das\u0165 s\u00edl p\u00f4sobiacich po\u010das p\u00e1du. <strong>Aj ke\u010f sa to m\u00f4\u017ee zda\u0165, \u017ee tak\u00e1 drobnos\u0165 nem\u00f4\u017ee zmierni\u0165 p\u00e1d, boli by ste prekvapen\u00ed, ak\u00fa d\u00f4le\u017eit\u00fa \u00falohu plnia.<\/strong>  <\/p>\n<h2><strong>Vychyt\u00e1vky a\u00a0vylep\u0161enia<\/strong><\/h2>\n<p>Samozrejmos\u0165ou pri v\u00e4\u010d\u0161ine prilieb je dnes \u00fachyt pre slne\u010dn\u00e9 okuliare, alebo odn\u00edmate\u013en\u00fd \u0161ilt proti slnku. Ale dne\u0161n\u00e1 doba priniesla pre v\u00fdrobcov viacer\u00e9 po\u017eiadavky, ako napr\u00edklad prida\u0165 \u00fachyt na \u010delovku, alebo outdoorov\u00fa kameru. V\u00e4\u010d\u0161ina prilieb m\u00e1 na povrchu <strong>r\u00f4zne reflexn\u00e9 prvky<\/strong>, ktor\u00e9 zlep\u0161uj\u00fa va\u0161u vidite\u013enos\u0165 a\u00a0bezpe\u010dnos\u0165 na bicykli.<\/p>\n<figure id=\"attachment_12222\" aria-describedby=\"caption-attachment-12222\" style=\"width: 1200px\" class=\"wp-caption alignnone\"><a href=\"https:\/\/d2p6e6u75xmxt8.cloudfront.net\/4\/2021\/07\/Prilby_02.jpg\"><img loading=\"lazy\" decoding=\"async\" src=\"https:\/\/d2p6e6u75xmxt8.cloudfront.net\/4\/2021\/07\/Prilby_02.jpg\" alt=\"Pixabay\" width=\"1200\" height=\"800\" class=\"size-full wp-image-12222\" \/><\/a><figcaption id=\"caption-attachment-12222\" class=\"wp-caption-text\">Pixabay<\/figcaption><\/figure>\n<h2><strong>Uchytenie prilby<\/strong><\/h2>\n<p>Bude to asi zvl\u00e1\u0161tne kon\u0161tatovanie, ale prilba sa nos\u00ed na hlave. P\u00ed\u0161em to z\u00a0toho d\u00f4vodu, \u017ee \u010dasto vidie\u0165 cyklistov, ktor\u00ed maj\u00fa po\u010das jazdy prilbu zavesen\u00fa na riadidl\u00e1ch, alebo na batohu. \u010eal\u0161\u00edm zvl\u00e1\u0161tnym fenom\u00e9nom je prilba s\u00edce na hlave ale rozopnut\u00e9 remienky. V\u00a0neposlednom rade aj <strong>pri spr\u00e1vne nasadenej prilbe je d\u00f4le\u017eit\u00e9 dodato\u010dn\u00e9 nastavenie remienkov a\u00a0utiahnutie v\u0161etk\u00fdch s\u00fa\u010dast\u00ed prilby<\/strong>, aby nebola zbyto\u010dne vo\u013en\u00e1, ale zasa aby ani nikde netla\u010dila. Zapnut\u00fd remienok by mal ma\u0165 priestor tak maxim\u00e1lne na dva prsty.  <\/p>\n<h2><strong>Hygiena a\u00a0starostlivos\u0165<\/strong><\/h2>\n<p>Nezab\u00fadajte aj na pravideln\u00fa starostlivos\u0165 o\u00a0prilbu. Pri v\u00fdbere prilby preferujte tak\u00e9, ktor\u00e9 maj\u00fa vyberate\u013en\u00fa v\u00fdstelku a\u00a0m\u00f4\u017eete ju po v\u00fdjazde vypra\u0165 a\u00a0vysu\u0161i\u0165. O\u010disti\u0165 ju treba aj z\u00a0vonkaj\u0161ej strany od prachu a\u00a0blata. <strong>Na trhu sa daj\u00fa \u010doraz \u010dastej\u0161ie n\u00e1js\u0165 aj modely s\u00a0antibakteri\u00e1lnou v\u00fdstelkou<\/strong>, ktor\u00e1 zabra\u0148uje okrem mno\u017eeniu bakt\u00e9ri\u00ed aj nepr\u00edjemn\u00e9mu z\u00e1pachu.<\/p>\n<figure id=\"attachment_12223\" aria-describedby=\"caption-attachment-12223\" style=\"width: 1200px\" class=\"wp-caption alignnone\"><a href=\"https:\/\/d2p6e6u75xmxt8.cloudfront.net\/4\/2021\/07\/Prilby_03.jpg\"><img loading=\"lazy\" decoding=\"async\" src=\"https:\/\/d2p6e6u75xmxt8.cloudfront.net\/4\/2021\/07\/Prilby_03.jpg\" alt=\"Pixabay\" width=\"1200\" height=\"800\" class=\"size-full wp-image-12223\" \/><\/a><figcaption id=\"caption-attachment-12223\" class=\"wp-caption-text\">Pixabay<\/figcaption><\/figure>\n<h2><strong>Prilba nie je na cel\u00fd \u017eivot<\/strong><\/h2>\n<p>Ani t\u00e1 najkvalitnej\u0161ia a\u00a0najdrah\u0161ia prilba nie je ur\u010den\u00e1 na cel\u00e1 \u017eivot. <strong>Samozrejme v\u00a0pr\u00edpade p\u00e1du a\u00a0po\u0161kodenia prilby je jasn\u00e9, \u017ee si k\u00fapite nov\u00fa.<\/strong> Ale aj vtedy, ak ste po\u010das jazdenia na bicykli nepadli, odpor\u00fa\u010daj\u00fa odborn\u00edci prilbu po p\u00e1r rokoch vymeni\u0165, preto\u017ee materi\u00e1l \u010dasom starne a\u00a0str\u00e1ca svoje p\u00f4vodn\u00e9 schopnosti.<\/p>\n<p>\u010ci u\u017e si vyberiete drah\u00fa profesion\u00e1lnu prilbu, alebo rad\u0161ej siahnete po v\u00fdhodnej akcii, <strong>v\u017edy si skontrolujte, \u010di prilba sp\u013a\u0148a po\u017eadovan\u00e9 normy<\/strong>. V\u00a0ponuke je neprebern\u00e9 mno\u017estvo tvarov, farebn\u00fdch preveden\u00ed a\u00a0r\u00f4znych technick\u00fdch rie\u0161en\u00ed, tak\u017ee venujte v\u00fdberu prilby trochu \u010dasu a\u00a0vyberte si spr\u00e1vne.<\/p>\n<p>Tituln\u00e1 fotografia: Pixabay<\/p>\n","protected":false},"excerpt":{"rendered":"<p>Prv\u00e9 cyklistick\u00e9 prilby boli vyroben\u00e9 koncom dev\u00e4tn\u00e1steho storo\u010dia. S\u00edce boli vyroben\u00e9 z\u00a0korku a\u00a0vyzerali ako klob\u00fak na safari, ale svoju funkciu [&hellip;]<\/p>\n","protected":false},"author":81,"featured_media":12220,"comment_status":"open","ping_status":"open","sticky":false,"template":"","format":"standard","meta":{"footnotes":""},"categories":[57],"tags":[62,619,303,180,621,1005,264,614],"global-categories":[1074],"class_list":["post-12218","post","type-post","status-publish","format-standard","has-post-thumbnail","hentry","category-bezpecnost","tag-bezpecnost","tag-bicyklovanie","tag-down-hill","tag-horska-cyklistika","tag-ochrana","tag-pad","tag-prilba","tag-urban","global-categories-cycling"],"yoast_head":"<!-- This site is optimized with the Yoast SEO Premium plugin v25.3 (Yoast SEO v25.9) - https:\/\/yoast.com\/wordpress\/plugins\/seo\/ -->\n<title>Ako si vybra\u0165 prilbu na bicykel? - \u0160koda We Love Cycling Slovensko<\/title>\n<meta name=\"robots\" content=\"index, follow, max-snippet:-1, max-image-preview:large, max-video-preview:-1\" \/>\n<link rel=\"canonical\" href=\"https:\/\/www.welovecycling.com\/sk\/2021\/07\/09\/ako-si-vybrat-prilbu-na-bicykel\/\" \/>\n<meta property=\"og:locale\" content=\"sk_SK\" \/>\n<meta property=\"og:type\" content=\"article\" \/>\n<meta property=\"og:title\" content=\"Ako si vybra\u0165 prilbu na bicykel?\" \/>\n<meta property=\"og:description\" content=\"Prv\u00e9 cyklistick\u00e9 prilby boli vyroben\u00e9 koncom dev\u00e4tn\u00e1steho storo\u010dia. S\u00edce boli vyroben\u00e9 z\u00a0korku a\u00a0vyzerali ako klob\u00fak na safari, ale svoju funkciu [&hellip;]\" \/>\n<meta property=\"og:url\" content=\"https:\/\/www.welovecycling.com\/sk\/2021\/07\/09\/ako-si-vybrat-prilbu-na-bicykel\/\" \/>\n<meta property=\"og:site_name\" content=\"\u0160koda We Love Cycling Slovensko\" \/>\n<meta property=\"article:published_time\" content=\"2021-07-09T08:00:04+00:00\" \/>\n<meta property=\"og:image\" content=\"https:\/\/d2p6e6u75xmxt8.cloudfront.net\/4\/2021\/07\/Prilby_00.webp\" \/>\n\t<meta property=\"og:image:width\" content=\"1380\" \/>\n\t<meta property=\"og:image:height\" content=\"600\" \/>\n\t<meta property=\"og:image:type\" content=\"image\/webp\" \/>\n<meta name=\"twitter:card\" content=\"summary_large_image\" \/>\n<meta name=\"twitter:label1\" content=\"Written by\" \/>\n\t<meta name=\"twitter:data1\" content=\"Radovan Vr\u0161ka\" \/>\n\t<meta name=\"twitter:label2\" content=\"Est. reading time\" \/>\n\t<meta name=\"twitter:data2\" content=\"4\" \/>\n<script type=\"application\/ld+json\" class=\"yoast-schema-graph\">{\"@context\":\"https:\/\/schema.org\",\"@graph\":[{\"@type\":\"WebPage\",\"@id\":\"https:\/\/www.welovecycling.com\/sk\/2021\/07\/09\/ako-si-vybrat-prilbu-na-bicykel\/\",\"url\":\"https:\/\/www.welovecycling.com\/sk\/2021\/07\/09\/ako-si-vybrat-prilbu-na-bicykel\/\",\"name\":\"Ako si vybra\u0165 prilbu na bicykel? - \u0160koda We Love Cycling Slovensko\",\"isPartOf\":{\"@id\":\"https:\/\/www.welovecycling.com\/sk\/#website\"},\"primaryImageOfPage\":{\"@id\":\"https:\/\/www.welovecycling.com\/sk\/2021\/07\/09\/ako-si-vybrat-prilbu-na-bicykel\/#primaryimage\"},\"image\":{\"@id\":\"https:\/\/www.welovecycling.com\/sk\/2021\/07\/09\/ako-si-vybrat-prilbu-na-bicykel\/#primaryimage\"},\"thumbnailUrl\":\"https:\/\/d2p6e6u75xmxt8.cloudfront.net\/4\/2021\/07\/Prilby_00.webp\",\"datePublished\":\"2021-07-09T08:00:04+00:00\",\"author\":{\"@id\":\"\"},\"breadcrumb\":{\"@id\":\"https:\/\/www.welovecycling.com\/sk\/2021\/07\/09\/ako-si-vybrat-prilbu-na-bicykel\/#breadcrumb\"},\"inLanguage\":\"sk-SK\",\"potentialAction\":[{\"@type\":\"ReadAction\",\"target\":[\"https:\/\/www.welovecycling.com\/sk\/2021\/07\/09\/ako-si-vybrat-prilbu-na-bicykel\/\"]}]},{\"@type\":\"ImageObject\",\"inLanguage\":\"sk-SK\",\"@id\":\"https:\/\/www.welovecycling.com\/sk\/2021\/07\/09\/ako-si-vybrat-prilbu-na-bicykel\/#primaryimage\",\"url\":\"https:\/\/d2p6e6u75xmxt8.cloudfront.net\/4\/2021\/07\/Prilby_00.webp\",\"contentUrl\":\"https:\/\/d2p6e6u75xmxt8.cloudfront.net\/4\/2021\/07\/Prilby_00.webp\",\"width\":1380,\"height\":600,\"caption\":\"Pixabay\"},{\"@type\":\"BreadcrumbList\",\"@id\":\"https:\/\/www.welovecycling.com\/sk\/2021\/07\/09\/ako-si-vybrat-prilbu-na-bicykel\/#breadcrumb\",\"itemListElement\":[{\"@type\":\"ListItem\",\"position\":1,\"name\":\"Home\",\"item\":\"https:\/\/www.welovecycling.com\/sk\/\"},{\"@type\":\"ListItem\",\"position\":2,\"name\":\"Ako si vybra\u0165 prilbu na bicykel?\"}]},{\"@type\":\"WebSite\",\"@id\":\"https:\/\/www.welovecycling.com\/sk\/#website\",\"url\":\"https:\/\/www.welovecycling.com\/sk\/\",\"name\":\"\u0160koda We Love Cycling Slovensko\",\"description\":\"\u0160koda We Love Cycling Slovensko je v\u00e1\u0161 ka\u017edodenn\u00fd zdroj noviniek a in\u0161pir\u00e1cie z sveta cyklistiky\",\"potentialAction\":[{\"@type\":\"SearchAction\",\"target\":{\"@type\":\"EntryPoint\",\"urlTemplate\":\"https:\/\/www.welovecycling.com\/sk\/?s={search_term_string}\"},\"query-input\":{\"@type\":\"PropertyValueSpecification\",\"valueRequired\":true,\"valueName\":\"search_term_string\"}}],\"inLanguage\":\"sk-SK\"},{\"@type\":\"Person\",\"@id\":\"\",\"url\":\"https:\/\/www.welovecycling.com\/sk\/author\/\"}]}<\/script>\n<!-- \/ Yoast SEO Premium plugin. -->","yoast_head_json":{"title":"Ako si vybra\u0165 prilbu na bicykel? - \u0160koda We Love Cycling Slovensko","robots":{"index":"index","follow":"follow","max-snippet":"max-snippet:-1","max-image-preview":"max-image-preview:large","max-video-preview":"max-video-preview:-1"},"canonical":"https:\/\/www.welovecycling.com\/sk\/2021\/07\/09\/ako-si-vybrat-prilbu-na-bicykel\/","og_locale":"sk_SK","og_type":"article","og_title":"Ako si vybra\u0165 prilbu na bicykel?","og_description":"Prv\u00e9 cyklistick\u00e9 prilby boli vyroben\u00e9 koncom dev\u00e4tn\u00e1steho storo\u010dia. S\u00edce boli vyroben\u00e9 z\u00a0korku a\u00a0vyzerali ako klob\u00fak na safari, ale svoju funkciu [&hellip;]","og_url":"https:\/\/www.welovecycling.com\/sk\/2021\/07\/09\/ako-si-vybrat-prilbu-na-bicykel\/","og_site_name":"\u0160koda We Love Cycling Slovensko","article_published_time":"2021-07-09T08:00:04+00:00","og_image":[{"width":1380,"height":600,"url":"https:\/\/d2p6e6u75xmxt8.cloudfront.net\/4\/2021\/07\/Prilby_00.webp","type":"image\/webp"}],"twitter_card":"summary_large_image","twitter_misc":{"Written by":"Radovan Vr\u0161ka","Est. reading time":"4"},"schema":{"@context":"https:\/\/schema.org","@graph":[{"@type":"WebPage","@id":"https:\/\/www.welovecycling.com\/sk\/2021\/07\/09\/ako-si-vybrat-prilbu-na-bicykel\/","url":"https:\/\/www.welovecycling.com\/sk\/2021\/07\/09\/ako-si-vybrat-prilbu-na-bicykel\/","name":"Ako si vybra\u0165 prilbu na bicykel? - \u0160koda We Love Cycling Slovensko","isPartOf":{"@id":"https:\/\/www.welovecycling.com\/sk\/#website"},"primaryImageOfPage":{"@id":"https:\/\/www.welovecycling.com\/sk\/2021\/07\/09\/ako-si-vybrat-prilbu-na-bicykel\/#primaryimage"},"image":{"@id":"https:\/\/www.welovecycling.com\/sk\/2021\/07\/09\/ako-si-vybrat-prilbu-na-bicykel\/#primaryimage"},"thumbnailUrl":"https:\/\/d2p6e6u75xmxt8.cloudfront.net\/4\/2021\/07\/Prilby_00.webp","datePublished":"2021-07-09T08:00:04+00:00","author":{"@id":""},"breadcrumb":{"@id":"https:\/\/www.welovecycling.com\/sk\/2021\/07\/09\/ako-si-vybrat-prilbu-na-bicykel\/#breadcrumb"},"inLanguage":"sk-SK","potentialAction":[{"@type":"ReadAction","target":["https:\/\/www.welovecycling.com\/sk\/2021\/07\/09\/ako-si-vybrat-prilbu-na-bicykel\/"]}]},{"@type":"ImageObject","inLanguage":"sk-SK","@id":"https:\/\/www.welovecycling.com\/sk\/2021\/07\/09\/ako-si-vybrat-prilbu-na-bicykel\/#primaryimage","url":"https:\/\/d2p6e6u75xmxt8.cloudfront.net\/4\/2021\/07\/Prilby_00.webp","contentUrl":"https:\/\/d2p6e6u75xmxt8.cloudfront.net\/4\/2021\/07\/Prilby_00.webp","width":1380,"height":600,"caption":"Pixabay"},{"@type":"BreadcrumbList","@id":"https:\/\/www.welovecycling.com\/sk\/2021\/07\/09\/ako-si-vybrat-prilbu-na-bicykel\/#breadcrumb","itemListElement":[{"@type":"ListItem","position":1,"name":"Home","item":"https:\/\/www.welovecycling.com\/sk\/"},{"@type":"ListItem","position":2,"name":"Ako si vybra\u0165 prilbu na bicykel?"}]},{"@type":"WebSite","@id":"https:\/\/www.welovecycling.com\/sk\/#website","url":"https:\/\/www.welovecycling.com\/sk\/","name":"\u0160koda We Love Cycling Slovensko","description":"\u0160koda We Love Cycling Slovensko je v\u00e1\u0161 ka\u017edodenn\u00fd zdroj noviniek a in\u0161pir\u00e1cie z sveta cyklistiky","potentialAction":[{"@type":"SearchAction","target":{"@type":"EntryPoint","urlTemplate":"https:\/\/www.welovecycling.com\/sk\/?s={search_term_string}"},"query-input":{"@type":"PropertyValueSpecification","valueRequired":true,"valueName":"search_term_string"}}],"inLanguage":"sk-SK"},{"@type":"Person","@id":"","url":"https:\/\/www.welovecycling.com\/sk\/author\/"}]}},"_links":{"self":[{"href":"https:\/\/www.welovecycling.com\/sk\/wp-json\/wp\/v2\/posts\/12218","targetHints":{"allow":["GET"]}}],"collection":[{"href":"https:\/\/www.welovecycling.com\/sk\/wp-json\/wp\/v2\/posts"}],"about":[{"href":"https:\/\/www.welovecycling.com\/sk\/wp-json\/wp\/v2\/types\/post"}],"author":[{"embeddable":true,"href":"https:\/\/www.welovecycling.com\/sk\/wp-json\/wp\/v2\/users\/81"}],"replies":[{"embeddable":true,"href":"https:\/\/www.welovecycling.com\/sk\/wp-json\/wp\/v2\/comments?post=12218"}],"version-history":[{"count":2,"href":"https:\/\/www.welovecycling.com\/sk\/wp-json\/wp\/v2\/posts\/12218\/revisions"}],"predecessor-version":[{"id":12228,"href":"https:\/\/www.welovecycling.com\/sk\/wp-json\/wp\/v2\/posts\/12218\/revisions\/12228"}],"wp:featuredmedia":[{"embeddable":true,"href":"https:\/\/www.welovecycling.com\/sk\/wp-json\/wp\/v2\/media\/12220"}],"wp:attachment":[{"href":"https:\/\/www.welovecycling.com\/sk\/wp-json\/wp\/v2\/media?parent=12218"}],"wp:term":[{"taxonomy":"category","embeddable":true,"href":"https:\/\/www.welovecycling.com\/sk\/wp-json\/wp\/v2\/categories?post=12218"},{"taxonomy":"post_tag","embeddable":true,"href":"https:\/\/www.welovecycling.com\/sk\/wp-json\/wp\/v2\/tags?post=12218"},{"taxonomy":"global-categories","embeddable":true,"href":"https:\/\/www.welovecycling.com\/sk\/wp-json\/wp\/v2\/global-categories?post=12218"}],"curies":[{"name":"wp","href":"https:\/\/api.w.org\/{rel}","templated":true}]}}