{"id":12196,"date":"2021-07-08T14:05:57","date_gmt":"2021-07-08T12:05:57","guid":{"rendered":"https:\/\/www.welovecycling.com\/sk\/?p=12196"},"modified":"2021-07-08T10:57:19","modified_gmt":"2021-07-08T08:57:19","slug":"reportaz-2-kolo-sbot-skoda-slovensky-raj-2021","status":"publish","type":"post","link":"https:\/\/www.welovecycling.com\/sk\/2021\/07\/08\/reportaz-2-kolo-sbot-skoda-slovensky-raj-2021\/","title":{"rendered":"Report\u00e1\u017e: 2. kolo \u0160BOT &#8211; \u0160koda Slovensk\u00fd raj 2021"},"content":{"rendered":"<p><strong>Predpove\u010f po\u010dasia tesne pred pretekmi s\u013eubovala, \u017ee by sme sa v Slovenskom raji mohli vyhn\u00fa\u0165 da\u017e\u010fu, \u010do v\u0161ak poh\u013ead na Vysok\u00e9 Tatry zahalen\u00e9 \u010diernymi mrakmi nenasved\u010doval. Av\u0161ak vy\u0161\u0161ie sily priali v tento de\u0148 fan\u00fa\u0161ikom cyklistiky!<\/strong><!--more--><\/p>\n<p>Pr\u00e1ve to, \u017ee bolo pod mrakom, bolo ide\u00e1lne nielen pre samotn\u00fdch cyklistov, ale aj ich rodiny, ktor\u00e9 si tak mohli u\u017ei\u0165 sprievodn\u00fd program bez ve\u013ek\u00fdch hor\u00fa\u010dav, ktor\u00e9 tu vl\u00e1dli len ned\u00e1vno. Po\u010das vyhlasovania s\u00edce spadlo p\u00e1r da\u017e\u010fov\u00fdch kvapiek, ale tie boli len pr\u00edjemn\u00fdm letn\u00fdm osvie\u017een\u00edm.<\/p>\n<p><a href=\"https:\/\/d2p6e6u75xmxt8.cloudfront.net\/4\/2021\/07\/Report_2-Kolo-SBOT_Slovensky-raj_01.jpg\"><img loading=\"lazy\" decoding=\"async\" src=\"https:\/\/d2p6e6u75xmxt8.cloudfront.net\/4\/2021\/07\/Report_2-Kolo-SBOT_Slovensky-raj_01.jpg\" alt=\"\" width=\"1200\" height=\"800\" class=\"alignnone size-full wp-image-12200\" \/><\/a><\/p>\n<h2><strong>Bezpe\u010dnos\u0165 na prvom mieste<\/strong><\/h2>\n<p>U\u017e po pr\u00edchode do z\u00e1zemia v\u0161etk\u00fdch pretek\u00e1rov a ich fan\u00fa\u0161ikov v\u00edtala v\u00f4\u0148a &#8222;bub\u013eaj\u00faceho&#8220; gul\u00e1\u0161u. Ve\u013emi pr\u00edjemn\u00e9 prostredie turistick\u00e9ho strediska Podlesok dod\u00e1valo celej akcii \u010dere\u0161ni\u010dku na torte. <strong>Tra\u0165 je zn\u00e1ma svojou r\u00fdchlos\u0165ou, tak\u017ee ani sme sa nenazdali a cie\u013eovou\u00a0\u010diarou za\u010dali prech\u00e1dza\u0165 prv\u00ed pretek\u00e1ri.<\/strong> Tento rok sa vyhli povestn\u00fdm rebr\u00edkom, \u010do asi viacer\u00fdm z nich v\u00f4bec nevadilo. Predsa len rebr\u00edky s\u00fa po letn\u00fdch b\u00farkach klzk\u00e9 a treba by\u0165 na nich maxim\u00e1lne opatrn\u00fd nielen s bicyklom v ruk\u00e1ch, ale aj po\u010das turistiky. Napriek tomu p\u00e1r &#8222;kaskad\u00e9rov&#8220; vyu\u017eilo o\u0161etrenie z\u00e1chran\u00e1rov, ale na\u0161\u0165astie\u00a0ni\u010d v\u00e1\u017ene sa nikomu nestalo.\u00a0Mimochodom aj pol\u00edcia, ktor\u00e1 dohliadala na bezpe\u010dnos\u0165 to vzala \u0161t\u00fdlovo a\u00a0jazdili v\u00a0are\u00e1li na ko\u0148och.<\/p>\n<p><a href=\"https:\/\/d2p6e6u75xmxt8.cloudfront.net\/4\/2021\/07\/Report_2-Kolo-SBOT_Slovensky-raj_02.jpg\"><img loading=\"lazy\" decoding=\"async\" src=\"https:\/\/d2p6e6u75xmxt8.cloudfront.net\/4\/2021\/07\/Report_2-Kolo-SBOT_Slovensky-raj_02.jpg\" alt=\"\" width=\"1200\" height=\"800\" class=\"alignnone size-full wp-image-12201\" \/><\/a><\/p>\n<h2><strong>Dovolenka na Slovensku<\/strong><\/h2>\n<p>Ur\u010dite si nejedna rodina spravila v\u010faka marat\u00f3nu dovolenku, \u010di aspo\u0148 pred\u013a\u017een\u00fd v\u00edkend v okol\u00ed Slovensk\u00e9ho raja, ktor\u00fd pon\u00faka naozaj pestr\u00e9 mo\u017enosti, ako akt\u00edvne str\u00e1vi\u0165 \u010das. Aj to je pr\u00edjemn\u00fd bonus, ktor\u00fd na\u0161a s\u00e9ria \u0160koda BIKE OPEN TOUR pon\u00faka. R\u00f4znorodos\u0165 podujat\u00ed a jednotliv\u00fdch lokal\u00edt tak podporuje slovensk\u00fd cestovn\u00fd ruch, ktor\u00fd ako vieme, nem\u00e1 za sebou \u013eahk\u00e9 \u010dasy.<\/p>\n<p><a href=\"https:\/\/d2p6e6u75xmxt8.cloudfront.net\/4\/2021\/07\/Report_2-Kolo-SBOT_Slovensky-raj_03.jpg\"><img loading=\"lazy\" decoding=\"async\" src=\"https:\/\/d2p6e6u75xmxt8.cloudfront.net\/4\/2021\/07\/Report_2-Kolo-SBOT_Slovensky-raj_03.jpg\" alt=\"\" width=\"1200\" height=\"800\" class=\"alignnone size-full wp-image-12202\" \/><\/a><\/p>\n<h2><strong>Rodina a priatelia<\/strong><\/h2>\n<p>Na celkovej atmosf\u00e9re aj na tv\u00e1rach v\u0161etk\u00fdch z\u00fa\u010dastnen\u00fdch bolo vidie\u0165 a\u00a0c\u00edti\u0165 rados\u0165 z\u00a0toho, \u017ee sa po \u0165a\u017ekom obdob\u00ed, ktor\u00e9 sme nedobrovo\u013ene str\u00e1vili zatvoren\u00ed doma, <strong>znovu stretli a\u00a0u\u017e\u00edvaj\u00fa si mo\u017enos\u0165 by\u0165 op\u00e4\u0165 na \u010derstvom vzduchu a\u00a0v\u00a0spolo\u010dnosti rodiny a\u00a0priate\u013eov<\/strong>. T\u00fato atmosf\u00e9ru podporovalo aj celkov\u00e9 z\u00e1zemie, ktor\u00e9 usporiadatelia vytvorili, preto\u017ee tu boli r\u00f4zne atrakcie pre deti od t\u00fdch najmen\u0161\u00edch a\u017e po t\u00edned\u017eerov. Takisto si mohli nielen deti ale aj dospel\u00ed vysk\u00fa\u0161a\u0165, ako sa sed\u00ed v\u00a0najnov\u0161\u00edch modeloch \u00e1ut \u0160koda, o\u00a0\u010do bol nemal\u00fd z\u00e1ujem.<\/p>\n<p><a href=\"https:\/\/d2p6e6u75xmxt8.cloudfront.net\/4\/2021\/07\/Report_2-Kolo-SBOT_Slovensky-raj_04.jpg\"><img loading=\"lazy\" decoding=\"async\" src=\"https:\/\/d2p6e6u75xmxt8.cloudfront.net\/4\/2021\/07\/Report_2-Kolo-SBOT_Slovensky-raj_04.jpg\" alt=\"\" width=\"1200\" height=\"800\" class=\"alignnone size-full wp-image-12203\" \/><\/a><\/p>\n<h2><strong>Ceny a tombola<\/strong><\/h2>\n<p>Na prv\u00fdch troch v\u00a0ka\u017edej kateg\u00f3rii \u010dakala origin\u00e1lna vyrez\u00e1van\u00e1 dreven\u00e1 trofej, v\u00a0ktorej sa sp\u00e1jaj\u00fa cyklistick\u00e9 prvky s\u00a0charakteristick\u00fdm znakom Slovensk\u00e9ho raja, s\u00a0rebr\u00edkom. <strong>Oce\u0148ovalo sa tradi\u010dne na typickom drevenom p\u00f3diu a\u00a0v\u0161etci v\u00ed\u0165azi si svoje \u0165a\u017eko vydret\u00e9 v\u00ed\u0165azstv\u00e1 naplno u\u017eili.<\/strong> A\u00a0nielen pretek\u00e1ri, ale aj \u00fa\u010dastn\u00edci mohli vyhra\u0165 r\u00f4zne ceny, napr\u00edklad v\u00a0tombole ste mohli vyhra\u0165 bicykel TREK Farley v\u00a0hodnote a\u017e 1 699 \u20ac.<\/p>\n<div id='gallery-1' class='gallery galleryid-12196 gallery-columns-2 gallery-size-full'><figure class='gallery-item'>\n\t\t\t<div class='gallery-icon landscape'>\n\t\t\t\t<a href='https:\/\/d2p6e6u75xmxt8.cloudfront.net\/4\/2021\/07\/Report_2-Kolo-SBOT_Slovensky-raj_05.webp'><img loading=\"lazy\" decoding=\"async\" width=\"1200\" height=\"800\" src=\"https:\/\/d2p6e6u75xmxt8.cloudfront.net\/4\/2021\/07\/Report_2-Kolo-SBOT_Slovensky-raj_05.webp\" class=\"attachment-full size-full\" alt=\"\" srcset=\"https:\/\/d2p6e6u75xmxt8.cloudfront.net\/4\/2021\/07\/Report_2-Kolo-SBOT_Slovensky-raj_05.webp 1200w, https:\/\/d2p6e6u75xmxt8.cloudfront.net\/4\/2021\/07\/Report_2-Kolo-SBOT_Slovensky-raj_05-300x200.webp 300w, https:\/\/d2p6e6u75xmxt8.cloudfront.net\/4\/2021\/07\/Report_2-Kolo-SBOT_Slovensky-raj_05-1024x683.webp 1024w, https:\/\/d2p6e6u75xmxt8.cloudfront.net\/4\/2021\/07\/Report_2-Kolo-SBOT_Slovensky-raj_05-768x512.webp 768w, https:\/\/d2p6e6u75xmxt8.cloudfront.net\/4\/2021\/07\/Report_2-Kolo-SBOT_Slovensky-raj_05-272x182.webp 272w\" sizes=\"auto, (max-width: 1200px) 100vw, 1200px\" \/><\/a>\n\t\t\t<\/div><\/figure><figure class='gallery-item'>\n\t\t\t<div class='gallery-icon landscape'>\n\t\t\t\t<a href='https:\/\/d2p6e6u75xmxt8.cloudfront.net\/4\/2021\/07\/Report_2-Kolo-SBOT_Slovensky-raj_06.webp'><img loading=\"lazy\" decoding=\"async\" width=\"1200\" height=\"800\" src=\"https:\/\/d2p6e6u75xmxt8.cloudfront.net\/4\/2021\/07\/Report_2-Kolo-SBOT_Slovensky-raj_06.webp\" class=\"attachment-full size-full\" alt=\"\" srcset=\"https:\/\/d2p6e6u75xmxt8.cloudfront.net\/4\/2021\/07\/Report_2-Kolo-SBOT_Slovensky-raj_06.webp 1200w, https:\/\/d2p6e6u75xmxt8.cloudfront.net\/4\/2021\/07\/Report_2-Kolo-SBOT_Slovensky-raj_06-300x200.webp 300w, https:\/\/d2p6e6u75xmxt8.cloudfront.net\/4\/2021\/07\/Report_2-Kolo-SBOT_Slovensky-raj_06-1024x683.webp 1024w, https:\/\/d2p6e6u75xmxt8.cloudfront.net\/4\/2021\/07\/Report_2-Kolo-SBOT_Slovensky-raj_06-768x512.webp 768w, https:\/\/d2p6e6u75xmxt8.cloudfront.net\/4\/2021\/07\/Report_2-Kolo-SBOT_Slovensky-raj_06-272x182.webp 272w\" sizes=\"auto, (max-width: 1200px) 100vw, 1200px\" \/><\/a>\n\t\t\t<\/div><\/figure>\n\t\t<\/div>\n\n<h2><strong>\u010coskoro \u010fal\u0161ie kolo<\/strong><\/h2>\n<p>\u0160koda BIKE OPEN TOUR v\u0161ak z\u010faleka nekon\u010d\u00ed a\u00a0\u010doskoro <strong>pokra\u010duje \u010fal\u0161\u00edm kolom vo Svite u\u017e 14.&nbsp;augusta, kde sa uskuto\u010dn\u00ed \u0160koda HORAL MTB marat\u00f3n<\/strong>. Kona\u0165 sa bude tradi\u010dne v\u00a0oblasti Kr\u00e1\u013eovoho\u013esk\u00fdch N\u00edzkych Tatier, tak si pr\u00ed\u010fte u\u017ei\u0165 \u010fal\u0161\u00ed v\u00edkend z\u00e1bavy, pretekania a\u00a0spolo\u010dnosti priate\u013eov a\u00a0nad\u0161encov cyklistiky.<\/p>\n<p>Fotogal\u00e9riu z tohto d\u0148a n\u00e1jdete na <a href=\"https:\/\/www.welovecycling.com\/sk\/?p=12209&#038;preview=true\" rel=\"noopener\" target=\"_blank\">tomto odkaze<\/a>.<\/p>\n","protected":false},"excerpt":{"rendered":"<p>Predpove\u010f po\u010dasia tesne pred pretekmi s\u013eubovala, \u017ee by sme sa v Slovenskom raji mohli vyhn\u00fa\u0165 da\u017e\u010fu, \u010do v\u0161ak poh\u013ead na [&hellip;]<\/p>\n","protected":false},"author":81,"featured_media":12214,"comment_status":"open","ping_status":"open","sticky":false,"template":"","format":"standard","meta":{"footnotes":""},"categories":[38,33],"tags":[180,566,39,509,474,1311,542,1009,562,77,271,92,523],"global-categories":[1074],"class_list":["post-12196","post","type-post","status-publish","format-standard","has-post-thumbnail","hentry","category-reportaz","category-sbot","tag-horska-cyklistika","tag-leto","tag-reportaz","tag-rodina","tag-rodinny-maraton","tag-sezona-2021","tag-skoda","tag-skoda-auto","tag-skoda-bicykel","tag-skoda-dedina","tag-skoda-slovensky-raj","tag-skoda-tim","tag-slovensko","global-categories-cycling"],"yoast_head":"<!-- This site is optimized with the Yoast SEO Premium plugin v25.3 (Yoast SEO v25.9) - https:\/\/yoast.com\/wordpress\/plugins\/seo\/ -->\n<title>Report\u00e1\u017e: 2. kolo \u0160BOT - \u0160koda Slovensk\u00fd raj 2021 - \u0160koda We Love Cycling Slovensko<\/title>\n<meta name=\"robots\" content=\"index, follow, max-snippet:-1, max-image-preview:large, max-video-preview:-1\" \/>\n<link rel=\"canonical\" href=\"https:\/\/www.welovecycling.com\/sk\/2021\/07\/08\/reportaz-2-kolo-sbot-skoda-slovensky-raj-2021\/\" \/>\n<meta property=\"og:locale\" content=\"sk_SK\" \/>\n<meta property=\"og:type\" content=\"article\" \/>\n<meta property=\"og:title\" content=\"Report\u00e1\u017e: 2. kolo \u0160BOT - \u0160koda Slovensk\u00fd raj 2021\" \/>\n<meta property=\"og:description\" content=\"Predpove\u010f po\u010dasia tesne pred pretekmi s\u013eubovala, \u017ee by sme sa v Slovenskom raji mohli vyhn\u00fa\u0165 da\u017e\u010fu, \u010do v\u0161ak poh\u013ead na [&hellip;]\" \/>\n<meta property=\"og:url\" content=\"https:\/\/www.welovecycling.com\/sk\/2021\/07\/08\/reportaz-2-kolo-sbot-skoda-slovensky-raj-2021\/\" \/>\n<meta property=\"og:site_name\" content=\"\u0160koda We Love Cycling Slovensko\" \/>\n<meta property=\"article:published_time\" content=\"2021-07-08T12:05:57+00:00\" \/>\n<meta property=\"og:image\" content=\"https:\/\/d2p6e6u75xmxt8.cloudfront.net\/4\/2021\/07\/Report_00.webp\" \/>\n\t<meta property=\"og:image:width\" content=\"1380\" \/>\n\t<meta property=\"og:image:height\" content=\"600\" \/>\n\t<meta property=\"og:image:type\" content=\"image\/webp\" \/>\n<meta name=\"twitter:card\" content=\"summary_large_image\" \/>\n<meta name=\"twitter:label1\" content=\"Written by\" \/>\n\t<meta name=\"twitter:data1\" content=\"Radovan Vr\u0161ka\" \/>\n\t<meta name=\"twitter:label2\" content=\"Est. reading time\" \/>\n\t<meta name=\"twitter:data2\" content=\"3\" \/>\n<script type=\"application\/ld+json\" class=\"yoast-schema-graph\">{\"@context\":\"https:\/\/schema.org\",\"@graph\":[{\"@type\":\"WebPage\",\"@id\":\"https:\/\/www.welovecycling.com\/sk\/2021\/07\/08\/reportaz-2-kolo-sbot-skoda-slovensky-raj-2021\/\",\"url\":\"https:\/\/www.welovecycling.com\/sk\/2021\/07\/08\/reportaz-2-kolo-sbot-skoda-slovensky-raj-2021\/\",\"name\":\"Report\u00e1\u017e: 2. kolo \u0160BOT - \u0160koda Slovensk\u00fd raj 2021 - \u0160koda We Love Cycling Slovensko\",\"isPartOf\":{\"@id\":\"https:\/\/www.welovecycling.com\/sk\/#website\"},\"primaryImageOfPage\":{\"@id\":\"https:\/\/www.welovecycling.com\/sk\/2021\/07\/08\/reportaz-2-kolo-sbot-skoda-slovensky-raj-2021\/#primaryimage\"},\"image\":{\"@id\":\"https:\/\/www.welovecycling.com\/sk\/2021\/07\/08\/reportaz-2-kolo-sbot-skoda-slovensky-raj-2021\/#primaryimage\"},\"thumbnailUrl\":\"https:\/\/d2p6e6u75xmxt8.cloudfront.net\/4\/2021\/07\/Report_00.webp\",\"datePublished\":\"2021-07-08T12:05:57+00:00\",\"author\":{\"@id\":\"\"},\"breadcrumb\":{\"@id\":\"https:\/\/www.welovecycling.com\/sk\/2021\/07\/08\/reportaz-2-kolo-sbot-skoda-slovensky-raj-2021\/#breadcrumb\"},\"inLanguage\":\"sk-SK\",\"potentialAction\":[{\"@type\":\"ReadAction\",\"target\":[\"https:\/\/www.welovecycling.com\/sk\/2021\/07\/08\/reportaz-2-kolo-sbot-skoda-slovensky-raj-2021\/\"]}]},{\"@type\":\"ImageObject\",\"inLanguage\":\"sk-SK\",\"@id\":\"https:\/\/www.welovecycling.com\/sk\/2021\/07\/08\/reportaz-2-kolo-sbot-skoda-slovensky-raj-2021\/#primaryimage\",\"url\":\"https:\/\/d2p6e6u75xmxt8.cloudfront.net\/4\/2021\/07\/Report_00.webp\",\"contentUrl\":\"https:\/\/d2p6e6u75xmxt8.cloudfront.net\/4\/2021\/07\/Report_00.webp\",\"width\":1380,\"height\":600},{\"@type\":\"BreadcrumbList\",\"@id\":\"https:\/\/www.welovecycling.com\/sk\/2021\/07\/08\/reportaz-2-kolo-sbot-skoda-slovensky-raj-2021\/#breadcrumb\",\"itemListElement\":[{\"@type\":\"ListItem\",\"position\":1,\"name\":\"Home\",\"item\":\"https:\/\/www.welovecycling.com\/sk\/\"},{\"@type\":\"ListItem\",\"position\":2,\"name\":\"Report\u00e1\u017e: 2. kolo \u0160BOT &#8211; \u0160koda Slovensk\u00fd raj 2021\"}]},{\"@type\":\"WebSite\",\"@id\":\"https:\/\/www.welovecycling.com\/sk\/#website\",\"url\":\"https:\/\/www.welovecycling.com\/sk\/\",\"name\":\"\u0160koda We Love Cycling Slovensko\",\"description\":\"\u0160koda We Love Cycling Slovensko je v\u00e1\u0161 ka\u017edodenn\u00fd zdroj noviniek a in\u0161pir\u00e1cie z sveta cyklistiky\",\"potentialAction\":[{\"@type\":\"SearchAction\",\"target\":{\"@type\":\"EntryPoint\",\"urlTemplate\":\"https:\/\/www.welovecycling.com\/sk\/?s={search_term_string}\"},\"query-input\":{\"@type\":\"PropertyValueSpecification\",\"valueRequired\":true,\"valueName\":\"search_term_string\"}}],\"inLanguage\":\"sk-SK\"},{\"@type\":\"Person\",\"@id\":\"\",\"url\":\"https:\/\/www.welovecycling.com\/sk\/author\/\"}]}<\/script>\n<!-- \/ Yoast SEO Premium plugin. -->","yoast_head_json":{"title":"Report\u00e1\u017e: 2. kolo \u0160BOT - \u0160koda Slovensk\u00fd raj 2021 - \u0160koda We Love Cycling Slovensko","robots":{"index":"index","follow":"follow","max-snippet":"max-snippet:-1","max-image-preview":"max-image-preview:large","max-video-preview":"max-video-preview:-1"},"canonical":"https:\/\/www.welovecycling.com\/sk\/2021\/07\/08\/reportaz-2-kolo-sbot-skoda-slovensky-raj-2021\/","og_locale":"sk_SK","og_type":"article","og_title":"Report\u00e1\u017e: 2. kolo \u0160BOT - \u0160koda Slovensk\u00fd raj 2021","og_description":"Predpove\u010f po\u010dasia tesne pred pretekmi s\u013eubovala, \u017ee by sme sa v Slovenskom raji mohli vyhn\u00fa\u0165 da\u017e\u010fu, \u010do v\u0161ak poh\u013ead na [&hellip;]","og_url":"https:\/\/www.welovecycling.com\/sk\/2021\/07\/08\/reportaz-2-kolo-sbot-skoda-slovensky-raj-2021\/","og_site_name":"\u0160koda We Love Cycling Slovensko","article_published_time":"2021-07-08T12:05:57+00:00","og_image":[{"width":1380,"height":600,"url":"https:\/\/d2p6e6u75xmxt8.cloudfront.net\/4\/2021\/07\/Report_00.webp","type":"image\/webp"}],"twitter_card":"summary_large_image","twitter_misc":{"Written by":"Radovan Vr\u0161ka","Est. reading time":"3"},"schema":{"@context":"https:\/\/schema.org","@graph":[{"@type":"WebPage","@id":"https:\/\/www.welovecycling.com\/sk\/2021\/07\/08\/reportaz-2-kolo-sbot-skoda-slovensky-raj-2021\/","url":"https:\/\/www.welovecycling.com\/sk\/2021\/07\/08\/reportaz-2-kolo-sbot-skoda-slovensky-raj-2021\/","name":"Report\u00e1\u017e: 2. kolo \u0160BOT - \u0160koda Slovensk\u00fd raj 2021 - \u0160koda We Love Cycling Slovensko","isPartOf":{"@id":"https:\/\/www.welovecycling.com\/sk\/#website"},"primaryImageOfPage":{"@id":"https:\/\/www.welovecycling.com\/sk\/2021\/07\/08\/reportaz-2-kolo-sbot-skoda-slovensky-raj-2021\/#primaryimage"},"image":{"@id":"https:\/\/www.welovecycling.com\/sk\/2021\/07\/08\/reportaz-2-kolo-sbot-skoda-slovensky-raj-2021\/#primaryimage"},"thumbnailUrl":"https:\/\/d2p6e6u75xmxt8.cloudfront.net\/4\/2021\/07\/Report_00.webp","datePublished":"2021-07-08T12:05:57+00:00","author":{"@id":""},"breadcrumb":{"@id":"https:\/\/www.welovecycling.com\/sk\/2021\/07\/08\/reportaz-2-kolo-sbot-skoda-slovensky-raj-2021\/#breadcrumb"},"inLanguage":"sk-SK","potentialAction":[{"@type":"ReadAction","target":["https:\/\/www.welovecycling.com\/sk\/2021\/07\/08\/reportaz-2-kolo-sbot-skoda-slovensky-raj-2021\/"]}]},{"@type":"ImageObject","inLanguage":"sk-SK","@id":"https:\/\/www.welovecycling.com\/sk\/2021\/07\/08\/reportaz-2-kolo-sbot-skoda-slovensky-raj-2021\/#primaryimage","url":"https:\/\/d2p6e6u75xmxt8.cloudfront.net\/4\/2021\/07\/Report_00.webp","contentUrl":"https:\/\/d2p6e6u75xmxt8.cloudfront.net\/4\/2021\/07\/Report_00.webp","width":1380,"height":600},{"@type":"BreadcrumbList","@id":"https:\/\/www.welovecycling.com\/sk\/2021\/07\/08\/reportaz-2-kolo-sbot-skoda-slovensky-raj-2021\/#breadcrumb","itemListElement":[{"@type":"ListItem","position":1,"name":"Home","item":"https:\/\/www.welovecycling.com\/sk\/"},{"@type":"ListItem","position":2,"name":"Report\u00e1\u017e: 2. kolo \u0160BOT &#8211; \u0160koda Slovensk\u00fd raj 2021"}]},{"@type":"WebSite","@id":"https:\/\/www.welovecycling.com\/sk\/#website","url":"https:\/\/www.welovecycling.com\/sk\/","name":"\u0160koda We Love Cycling Slovensko","description":"\u0160koda We Love Cycling Slovensko je v\u00e1\u0161 ka\u017edodenn\u00fd zdroj noviniek a in\u0161pir\u00e1cie z sveta cyklistiky","potentialAction":[{"@type":"SearchAction","target":{"@type":"EntryPoint","urlTemplate":"https:\/\/www.welovecycling.com\/sk\/?s={search_term_string}"},"query-input":{"@type":"PropertyValueSpecification","valueRequired":true,"valueName":"search_term_string"}}],"inLanguage":"sk-SK"},{"@type":"Person","@id":"","url":"https:\/\/www.welovecycling.com\/sk\/author\/"}]}},"_links":{"self":[{"href":"https:\/\/www.welovecycling.com\/sk\/wp-json\/wp\/v2\/posts\/12196","targetHints":{"allow":["GET"]}}],"collection":[{"href":"https:\/\/www.welovecycling.com\/sk\/wp-json\/wp\/v2\/posts"}],"about":[{"href":"https:\/\/www.welovecycling.com\/sk\/wp-json\/wp\/v2\/types\/post"}],"author":[{"embeddable":true,"href":"https:\/\/www.welovecycling.com\/sk\/wp-json\/wp\/v2\/users\/81"}],"replies":[{"embeddable":true,"href":"https:\/\/www.welovecycling.com\/sk\/wp-json\/wp\/v2\/comments?post=12196"}],"version-history":[{"count":2,"href":"https:\/\/www.welovecycling.com\/sk\/wp-json\/wp\/v2\/posts\/12196\/revisions"}],"predecessor-version":[{"id":12216,"href":"https:\/\/www.welovecycling.com\/sk\/wp-json\/wp\/v2\/posts\/12196\/revisions\/12216"}],"wp:featuredmedia":[{"embeddable":true,"href":"https:\/\/www.welovecycling.com\/sk\/wp-json\/wp\/v2\/media\/12214"}],"wp:attachment":[{"href":"https:\/\/www.welovecycling.com\/sk\/wp-json\/wp\/v2\/media?parent=12196"}],"wp:term":[{"taxonomy":"category","embeddable":true,"href":"https:\/\/www.welovecycling.com\/sk\/wp-json\/wp\/v2\/categories?post=12196"},{"taxonomy":"post_tag","embeddable":true,"href":"https:\/\/www.welovecycling.com\/sk\/wp-json\/wp\/v2\/tags?post=12196"},{"taxonomy":"global-categories","embeddable":true,"href":"https:\/\/www.welovecycling.com\/sk\/wp-json\/wp\/v2\/global-categories?post=12196"}],"curies":[{"name":"wp","href":"https:\/\/api.w.org\/{rel}","templated":true}]}}