{"id":12149,"date":"2021-07-11T10:00:32","date_gmt":"2021-07-11T08:00:32","guid":{"rendered":"https:\/\/www.welovecycling.com\/sk\/?p=12149"},"modified":"2021-07-06T12:50:35","modified_gmt":"2021-07-06T10:50:35","slug":"pozvanka-leto-v-znameni-cyklistickych-pretekov","status":"publish","type":"post","link":"https:\/\/www.welovecycling.com\/sk\/2021\/07\/11\/pozvanka-leto-v-znameni-cyklistickych-pretekov\/","title":{"rendered":"Pozv\u00e1nka: Leto v\u00a0znamen\u00ed cyklistick\u00fdch pretekov"},"content":{"rendered":"<p><strong>Ani sa n\u00e1m na jar nesn\u00edvalo, \u017ee n\u00e1s bude \u010daka\u0165 tak\u00e9 kr\u00e1sne a\u00a0slne\u010dn\u00e9 leto. A\u00a0navy\u0161e, \u017ee si budeme m\u00f4c\u0165 vybra\u0165 z\u00a0bohatej ponuky cyklistick\u00fdch akci\u00ed, pretekov a\u00a0marat\u00f3nov.<\/strong><!--more--><\/p>\n<p>Vybrali sme pre v\u00e1s nieko\u013eko zauj\u00edmav\u00fdch akci\u00ed, ktor\u00e9 sa toto leto konaj\u00fa, <strong>tak ver\u00edme, \u017ee sa z\u00fa\u010dastn\u00edte, \u010di u\u017e ako div\u00e1ci alebo akt\u00edvne ako pretek\u00e1ri.<\/strong><\/p>\n<h2><strong>4. Detsk\u00e1 Tour Petra Sagana Mal\u00fd Slavkov &#8211; 18. 07. 2021<\/strong><\/h2>\n<p>\u00daspe\u0161ne sa konali u\u017e tri tohtoro\u010dn\u00e9 kol\u00e1 v\u00a0\u017diline, \u0160amor\u00edne a\u00a0Topo\u013e\u010diankach a\u00a0cel\u00e1 Tour je vo svojej polovici a\u00a0t\u00e1 druh\u00e1 \u010das\u0165 od\u0161tartuje v\u00a0kr\u00e1snom prostred\u00ed pod Tatrami. <strong>Na tratiach v\u00a0Malom Slavkove sa bude kona\u0165 Detsk\u00e1 Tour po prv\u00fdkr\u00e1t<\/strong>, ale ver\u00edme, \u017ee sa zarad\u00ed do ka\u017edoro\u010dn\u00e9ho kalend\u00e1ra tejto akcie pre deti.<\/p>\n<p><a href=\"https:\/\/d2p6e6u75xmxt8.cloudfront.net\/4\/2021\/07\/Pozvanka_03.jpg\"><img loading=\"lazy\" decoding=\"async\" src=\"https:\/\/d2p6e6u75xmxt8.cloudfront.net\/4\/2021\/07\/Pozvanka_03.jpg\" alt=\"\" width=\"1200\" height=\"800\" class=\"size-full wp-image-12154\" \/><\/a><\/p>\n<h2><strong>\u0160koda HORAL MTB marat\u00f3n &#8211; 14. 08. 2021<\/strong><\/h2>\n<p>V\u00a0kr\u00e1snom prostred\u00ed Kr\u00e1\u013eovoho\u013esk\u00fdch N\u00edzkych Tatier, ktor\u00e9 pon\u00fakaj\u00fa poriadne st\u00fapania, si aj tentokr\u00e1t m\u00f4\u017eete zajazdi\u0165 na \u0160koda HORAL MTB marat\u00f3ne. Ka\u017ed\u00fd rok bol najvy\u0161\u0161\u00edm bodom trate Krejzi vrch Kr\u00e1\u013eova Ho\u013ea s\u00a0nadmorskou v\u00fd\u0161kou 1 948 m n.m. Tento rok v\u0161ak t\u00e1to najdlh\u0161ia tra\u0165 k\u00a0dispoz\u00edcii nebude. Ost\u00e1vaj\u00fa v\u0161ak st\u00e1le \u0161tyri zauj\u00edmav\u00e9 trate.<\/p>\n<ul>\n<li>Lejzi 80 km \/ 2 500 m<\/li>\n<li>Senzi 48 km \/ 1 500 m<\/li>\n<li>\u00cdzi 33 km \/ 950 m<\/li>\n<li>Dejzi 17 km \/ 350 m<\/li>\n<\/ul>\n<p><strong>Registr\u00e1cia je mo\u017en\u00e1 u\u017e v\u00a0piatok poobede, alebo v\u00a0de\u0148 konania pretekov.<\/strong> Pre rodiny s\u00a0de\u0165mi je zauj\u00edmav\u00e1 pr\u00e1ve tra\u0165 Dejzi, ktor\u00e1 m\u00e1 pomenovanie aj \u0160koda FAMILY a\u00a0vzh\u013eadom na to, \u017ee v\u00e4\u010d\u0161ia \u010das\u0165 trate ide po asfaltov\u00fdch lesn\u00fdch cesti\u010dk\u00e1ch, m\u00f4\u017eete sa z\u00fa\u010dastni\u0165 aj s\u00a0cyklovoz\u00edkom.<\/p>\n<p><a href=\"https:\/\/d2p6e6u75xmxt8.cloudfront.net\/4\/2021\/07\/Pozvanka_01.jpg\"><img loading=\"lazy\" decoding=\"async\" src=\"https:\/\/d2p6e6u75xmxt8.cloudfront.net\/4\/2021\/07\/Pozvanka_01.jpg\" alt=\"\" width=\"1200\" height=\"800\" class=\"alignnone size-full wp-image-12155\" \/><\/a><\/p>\n<h2><strong>5. Detsk\u00e1 Tour Petra Sagana \u010cerven\u00fd Kl\u00e1\u0161tor &#8211; 28. 08. 2021<\/strong><\/h2>\n<p>Peter Sagan je ve\u013ek\u00fdm l\u00e1kadlom a\u00a0motiv\u00e1ciou pre deti a\u00a0nejeden mal\u00fd cyklista sn\u00edva o\u00a0tom, aby sa mu podobal. A\u00a0pr\u00e1ve preto je ka\u017ed\u00fd rok <strong>Detsk\u00e1 Tour Petra Sagana ve\u013ek\u00fdm l\u00e1kadlom pre mal\u00fdch pretek\u00e1rov<\/strong>. Na tratiach v\u00a0\u010cervenom Kl\u00e1\u0161tore, kde bolo minul\u00fd rok fin\u00e1le celej Tour, sa tento rok bud\u00fa rozd\u00e1va\u0165 d\u00f4le\u017eit\u00e9 body, ktor\u00e9 bud\u00fa d\u00f4le\u017eit\u00e9 v\u00a0septembri vo ve\u013ekom fin\u00e1le. <\/p>\n<p><a href=\"https:\/\/d2p6e6u75xmxt8.cloudfront.net\/4\/2021\/07\/Pozvanka_04.jpg\"><img loading=\"lazy\" decoding=\"async\" src=\"https:\/\/d2p6e6u75xmxt8.cloudfront.net\/4\/2021\/07\/Pozvanka_04.jpg\" alt=\"\" width=\"1200\" height=\"800\" class=\"alignnone size-full wp-image-12157\" \/><\/a><\/p>\n<h2><strong>\u0160koda MTB marat\u00f3n Rajeck\u00e9 Teplice &#8211; 18. 09. 2021<\/strong><\/h2>\n<p>Slne\u010dn\u00e9 prostredie Rajeckej doliny a\u00a0L\u00fa\u010danskej Malej Fatry poskytne svoje trate pre fin\u00e1le \u0160BOT v\u00a0septembrov\u00fa sobotu. \u0160tart bude z\u00a0k\u00fapaliska Laura v\u00a0Rajeck\u00fdch Tepliciach, kde na recepcii hotela bude prezent\u00e1cia u\u017e od piatka ve\u010der. <strong>Vybra\u0165 si m\u00f4\u017eete z\u00a0piatich trat\u00ed<\/strong>, pod\u013ea svojich schopnost\u00ed a\u00a0aktu\u00e1lnej kondi\u010dky.<\/p>\n<ul>\n<li>Marat\u00f3nska tra\u0165 80 km<\/li>\n<li>Polmarat\u00f3nska tra\u0165 50 km<\/li>\n<li>E-BIKY 50 km<\/li>\n<li>Hobby tra\u0165 18,5 km<\/li>\n<li>Hobby tra\u0165 \u0160koda Family<\/li>\n<\/ul>\n<p>Samozrejme bude postaran\u00e9 aj o\u00a0z\u00e1zemie s\u00a0ob\u010derstven\u00edm, o\u00a0kult\u00farny program a\u00a0pre s\u00fa\u0165a\u017eiacich bude mo\u017enos\u0165 umytia bicyklov a\u00a0sprchy pre jazdcov. <strong>Usporiadate\u013e myslel aj na \u00faschov\u0148u bicyklov.<\/strong> Pr\u00ed\u010fte si u\u017ei\u0165 z\u00e1ver sez\u00f3ny a\u00a0fin\u00e1le \u0160koda BIKE OPEN TOUR do tohto kr\u00e1sneho prostredia. V\u0161etky detaily samozrejme n\u00e1jdete na str\u00e1nke <a href=\"https:\/\/www.welovecycling.com\/sk\/sbot\/\" rel=\"noopener\" target=\"_blank\">WeLoveCycling.<\/a><\/p>\n<p><a href=\"https:\/\/d2p6e6u75xmxt8.cloudfront.net\/4\/2021\/07\/Pozvanka_02.jpg\"><img loading=\"lazy\" decoding=\"async\" src=\"https:\/\/d2p6e6u75xmxt8.cloudfront.net\/4\/2021\/07\/Pozvanka_02.jpg\" alt=\"\" width=\"1200\" height=\"800\" class=\"alignnone size-full wp-image-12156\" \/><\/a><\/p>\n<h2><strong>6. Detsk\u00e1 Tour Petra Sagana Jasn\u00e1 &#8211; 18. 09. 2021<\/strong><\/h2>\n<p>Z\u00e1ver sez\u00f3ny a\u00a0ve\u013ekolep\u00e9 fin\u00e1le bude patri\u0165 cyklo tratiam v\u00a0najv\u00e4\u010d\u0161om ly\u017eiarskom stredisku na Slovensku v Jasnej pod Chopkom. Aj tento rok <strong>pripravili organiz\u00e1tori zauj\u00edmav\u00e9 trate, ale aj sprievodn\u00fd program a\u00a0mnoh\u00e9 in\u00e9 zauj\u00edmavosti pre deti<\/strong>, ako s\u00fa pe\u010diatky za \u00fa\u010das\u0165, no l\u00e1kadlom ur\u010dite bude aj pam\u00e4tn\u00e1 minca, ktor\u00fa si za symbolick\u00fd poplatok m\u00f4\u017eu priamo na mieste vyrazi\u0165. Navrhli ju samotn\u00ed fan\u00fa\u0161ikovia Petra Sagana a\u00a0do s\u00fa\u0165a\u017ee pri\u0161la a\u017e stovka n\u00e1vrhov z\u00a0deviatich kraj\u00edn sveta.<\/p>\n<p><strong>Kateg\u00f3rie:<\/strong><\/p>\n<ul>\n<li>Baby 2017 a viac<\/li>\n<li>Mikro 2015\u20132016<\/li>\n<li>Mili 2013\u20132014<\/li>\n<li>Mini 2011\u20132012<\/li>\n<li>Mlad\u0161\u00ed \u017diaci\/\u010dky 2009\u20132010<\/li>\n<li>Star\u0161\u00ed \u017diaci\/\u010dky 2007\u20132008<\/li>\n<\/ul>\n<p><strong>\u0160tartovn\u00e9:<\/strong><\/p>\n<ul>\n<li>0 \u20ac kateg\u00f3ria Baby<\/li>\n<li>3 \u20ac kateg\u00f3ria Mikro a\u017e Star\u0161\u00ed \u017eiaci, rodi\u010dia<\/li>\n<\/ul>\n<p>V\u0161etky d\u00f4le\u017eit\u00e9 inform\u00e1cie n\u00e1jdete na <a href=\"https:\/\/detskatour.sk\/\" rel=\"noopener\" target=\"_blank\">tomto odkaze<\/a>.<\/p>\n","protected":false},"excerpt":{"rendered":"<p>Ani sa n\u00e1m na jar nesn\u00edvalo, \u017ee n\u00e1s bude \u010daka\u0165 tak\u00e9 kr\u00e1sne a\u00a0slne\u010dn\u00e9 leto. A\u00a0navy\u0161e, \u017ee si budeme m\u00f4c\u0165 vybra\u0165 [&hellip;]<\/p>\n","protected":false},"author":81,"featured_media":12159,"comment_status":"open","ping_status":"open","sticky":false,"template":"","format":"standard","meta":{"footnotes":""},"categories":[34],"tags":[1371,764,812,566,178,37,91,179,474,542,214,860],"global-categories":[1074],"class_list":["post-12149","post","type-post","status-publish","format-standard","has-post-thumbnail","hentry","category-podujatia","tag-august","tag-detska-tour-petra-sagana","tag-jul","tag-leto","tag-maraton","tag-podujatia","tag-pozvanka","tag-preteky","tag-rodinny-maraton","tag-skoda","tag-skoda-horal-mtb-maraton","tag-skoda-mtb-maraton-rajecke-teplice","global-categories-cycling"],"yoast_head":"<!-- This site is optimized with the Yoast SEO Premium plugin v25.3 (Yoast SEO v25.9) - https:\/\/yoast.com\/wordpress\/plugins\/seo\/ -->\n<title>Pozv\u00e1nka: Leto v\u00a0znamen\u00ed cyklistick\u00fdch pretekov - \u0160koda We Love Cycling Slovensko<\/title>\n<meta name=\"robots\" content=\"index, follow, max-snippet:-1, max-image-preview:large, max-video-preview:-1\" \/>\n<link rel=\"canonical\" href=\"https:\/\/www.welovecycling.com\/sk\/2021\/07\/11\/pozvanka-leto-v-znameni-cyklistickych-pretekov\/\" \/>\n<meta property=\"og:locale\" content=\"sk_SK\" \/>\n<meta property=\"og:type\" content=\"article\" \/>\n<meta property=\"og:title\" content=\"Pozv\u00e1nka: Leto v\u00a0znamen\u00ed cyklistick\u00fdch pretekov\" \/>\n<meta property=\"og:description\" content=\"Ani sa n\u00e1m na jar nesn\u00edvalo, \u017ee n\u00e1s bude \u010daka\u0165 tak\u00e9 kr\u00e1sne a\u00a0slne\u010dn\u00e9 leto. A\u00a0navy\u0161e, \u017ee si budeme m\u00f4c\u0165 vybra\u0165 [&hellip;]\" \/>\n<meta property=\"og:url\" content=\"https:\/\/www.welovecycling.com\/sk\/2021\/07\/11\/pozvanka-leto-v-znameni-cyklistickych-pretekov\/\" \/>\n<meta property=\"og:site_name\" content=\"\u0160koda We Love Cycling Slovensko\" \/>\n<meta property=\"article:published_time\" content=\"2021-07-11T08:00:32+00:00\" \/>\n<meta property=\"og:image\" content=\"https:\/\/d2p6e6u75xmxt8.cloudfront.net\/4\/2021\/07\/Pozvanka_00.webp\" \/>\n\t<meta property=\"og:image:width\" content=\"1380\" \/>\n\t<meta property=\"og:image:height\" content=\"600\" \/>\n\t<meta property=\"og:image:type\" content=\"image\/webp\" \/>\n<meta name=\"twitter:card\" content=\"summary_large_image\" \/>\n<meta name=\"twitter:label1\" content=\"Written by\" \/>\n\t<meta name=\"twitter:data1\" content=\"WeLoveCycling\" \/>\n\t<meta name=\"twitter:label2\" content=\"Est. reading time\" \/>\n\t<meta name=\"twitter:data2\" content=\"4\" \/>\n<script type=\"application\/ld+json\" class=\"yoast-schema-graph\">{\"@context\":\"https:\/\/schema.org\",\"@graph\":[{\"@type\":\"WebPage\",\"@id\":\"https:\/\/www.welovecycling.com\/sk\/2021\/07\/11\/pozvanka-leto-v-znameni-cyklistickych-pretekov\/\",\"url\":\"https:\/\/www.welovecycling.com\/sk\/2021\/07\/11\/pozvanka-leto-v-znameni-cyklistickych-pretekov\/\",\"name\":\"Pozv\u00e1nka: Leto v\u00a0znamen\u00ed cyklistick\u00fdch pretekov - \u0160koda We Love Cycling Slovensko\",\"isPartOf\":{\"@id\":\"https:\/\/www.welovecycling.com\/sk\/#website\"},\"primaryImageOfPage\":{\"@id\":\"https:\/\/www.welovecycling.com\/sk\/2021\/07\/11\/pozvanka-leto-v-znameni-cyklistickych-pretekov\/#primaryimage\"},\"image\":{\"@id\":\"https:\/\/www.welovecycling.com\/sk\/2021\/07\/11\/pozvanka-leto-v-znameni-cyklistickych-pretekov\/#primaryimage\"},\"thumbnailUrl\":\"https:\/\/d2p6e6u75xmxt8.cloudfront.net\/4\/2021\/07\/Pozvanka_00.webp\",\"datePublished\":\"2021-07-11T08:00:32+00:00\",\"author\":{\"@id\":\"\"},\"breadcrumb\":{\"@id\":\"https:\/\/www.welovecycling.com\/sk\/2021\/07\/11\/pozvanka-leto-v-znameni-cyklistickych-pretekov\/#breadcrumb\"},\"inLanguage\":\"sk-SK\",\"potentialAction\":[{\"@type\":\"ReadAction\",\"target\":[\"https:\/\/www.welovecycling.com\/sk\/2021\/07\/11\/pozvanka-leto-v-znameni-cyklistickych-pretekov\/\"]}]},{\"@type\":\"ImageObject\",\"inLanguage\":\"sk-SK\",\"@id\":\"https:\/\/www.welovecycling.com\/sk\/2021\/07\/11\/pozvanka-leto-v-znameni-cyklistickych-pretekov\/#primaryimage\",\"url\":\"https:\/\/d2p6e6u75xmxt8.cloudfront.net\/4\/2021\/07\/Pozvanka_00.webp\",\"contentUrl\":\"https:\/\/d2p6e6u75xmxt8.cloudfront.net\/4\/2021\/07\/Pozvanka_00.webp\",\"width\":1380,\"height\":600},{\"@type\":\"BreadcrumbList\",\"@id\":\"https:\/\/www.welovecycling.com\/sk\/2021\/07\/11\/pozvanka-leto-v-znameni-cyklistickych-pretekov\/#breadcrumb\",\"itemListElement\":[{\"@type\":\"ListItem\",\"position\":1,\"name\":\"Home\",\"item\":\"https:\/\/www.welovecycling.com\/sk\/\"},{\"@type\":\"ListItem\",\"position\":2,\"name\":\"Pozv\u00e1nka: Leto v\u00a0znamen\u00ed cyklistick\u00fdch pretekov\"}]},{\"@type\":\"WebSite\",\"@id\":\"https:\/\/www.welovecycling.com\/sk\/#website\",\"url\":\"https:\/\/www.welovecycling.com\/sk\/\",\"name\":\"\u0160koda We Love Cycling Slovensko\",\"description\":\"\u0160koda We Love Cycling Slovensko je v\u00e1\u0161 ka\u017edodenn\u00fd zdroj noviniek a in\u0161pir\u00e1cie z sveta cyklistiky\",\"potentialAction\":[{\"@type\":\"SearchAction\",\"target\":{\"@type\":\"EntryPoint\",\"urlTemplate\":\"https:\/\/www.welovecycling.com\/sk\/?s={search_term_string}\"},\"query-input\":{\"@type\":\"PropertyValueSpecification\",\"valueRequired\":true,\"valueName\":\"search_term_string\"}}],\"inLanguage\":\"sk-SK\"},{\"@type\":\"Person\",\"@id\":\"\",\"url\":\"https:\/\/www.welovecycling.com\/sk\/author\/\"}]}<\/script>\n<!-- \/ Yoast SEO Premium plugin. -->","yoast_head_json":{"title":"Pozv\u00e1nka: Leto v\u00a0znamen\u00ed cyklistick\u00fdch pretekov - \u0160koda We Love Cycling Slovensko","robots":{"index":"index","follow":"follow","max-snippet":"max-snippet:-1","max-image-preview":"max-image-preview:large","max-video-preview":"max-video-preview:-1"},"canonical":"https:\/\/www.welovecycling.com\/sk\/2021\/07\/11\/pozvanka-leto-v-znameni-cyklistickych-pretekov\/","og_locale":"sk_SK","og_type":"article","og_title":"Pozv\u00e1nka: Leto v\u00a0znamen\u00ed cyklistick\u00fdch pretekov","og_description":"Ani sa n\u00e1m na jar nesn\u00edvalo, \u017ee n\u00e1s bude \u010daka\u0165 tak\u00e9 kr\u00e1sne a\u00a0slne\u010dn\u00e9 leto. A\u00a0navy\u0161e, \u017ee si budeme m\u00f4c\u0165 vybra\u0165 [&hellip;]","og_url":"https:\/\/www.welovecycling.com\/sk\/2021\/07\/11\/pozvanka-leto-v-znameni-cyklistickych-pretekov\/","og_site_name":"\u0160koda We Love Cycling Slovensko","article_published_time":"2021-07-11T08:00:32+00:00","og_image":[{"width":1380,"height":600,"url":"https:\/\/d2p6e6u75xmxt8.cloudfront.net\/4\/2021\/07\/Pozvanka_00.webp","type":"image\/webp"}],"twitter_card":"summary_large_image","twitter_misc":{"Written by":"WeLoveCycling","Est. reading time":"4"},"schema":{"@context":"https:\/\/schema.org","@graph":[{"@type":"WebPage","@id":"https:\/\/www.welovecycling.com\/sk\/2021\/07\/11\/pozvanka-leto-v-znameni-cyklistickych-pretekov\/","url":"https:\/\/www.welovecycling.com\/sk\/2021\/07\/11\/pozvanka-leto-v-znameni-cyklistickych-pretekov\/","name":"Pozv\u00e1nka: Leto v\u00a0znamen\u00ed cyklistick\u00fdch pretekov - \u0160koda We Love Cycling Slovensko","isPartOf":{"@id":"https:\/\/www.welovecycling.com\/sk\/#website"},"primaryImageOfPage":{"@id":"https:\/\/www.welovecycling.com\/sk\/2021\/07\/11\/pozvanka-leto-v-znameni-cyklistickych-pretekov\/#primaryimage"},"image":{"@id":"https:\/\/www.welovecycling.com\/sk\/2021\/07\/11\/pozvanka-leto-v-znameni-cyklistickych-pretekov\/#primaryimage"},"thumbnailUrl":"https:\/\/d2p6e6u75xmxt8.cloudfront.net\/4\/2021\/07\/Pozvanka_00.webp","datePublished":"2021-07-11T08:00:32+00:00","author":{"@id":""},"breadcrumb":{"@id":"https:\/\/www.welovecycling.com\/sk\/2021\/07\/11\/pozvanka-leto-v-znameni-cyklistickych-pretekov\/#breadcrumb"},"inLanguage":"sk-SK","potentialAction":[{"@type":"ReadAction","target":["https:\/\/www.welovecycling.com\/sk\/2021\/07\/11\/pozvanka-leto-v-znameni-cyklistickych-pretekov\/"]}]},{"@type":"ImageObject","inLanguage":"sk-SK","@id":"https:\/\/www.welovecycling.com\/sk\/2021\/07\/11\/pozvanka-leto-v-znameni-cyklistickych-pretekov\/#primaryimage","url":"https:\/\/d2p6e6u75xmxt8.cloudfront.net\/4\/2021\/07\/Pozvanka_00.webp","contentUrl":"https:\/\/d2p6e6u75xmxt8.cloudfront.net\/4\/2021\/07\/Pozvanka_00.webp","width":1380,"height":600},{"@type":"BreadcrumbList","@id":"https:\/\/www.welovecycling.com\/sk\/2021\/07\/11\/pozvanka-leto-v-znameni-cyklistickych-pretekov\/#breadcrumb","itemListElement":[{"@type":"ListItem","position":1,"name":"Home","item":"https:\/\/www.welovecycling.com\/sk\/"},{"@type":"ListItem","position":2,"name":"Pozv\u00e1nka: Leto v\u00a0znamen\u00ed cyklistick\u00fdch pretekov"}]},{"@type":"WebSite","@id":"https:\/\/www.welovecycling.com\/sk\/#website","url":"https:\/\/www.welovecycling.com\/sk\/","name":"\u0160koda We Love Cycling Slovensko","description":"\u0160koda We Love Cycling Slovensko je v\u00e1\u0161 ka\u017edodenn\u00fd zdroj noviniek a in\u0161pir\u00e1cie z sveta cyklistiky","potentialAction":[{"@type":"SearchAction","target":{"@type":"EntryPoint","urlTemplate":"https:\/\/www.welovecycling.com\/sk\/?s={search_term_string}"},"query-input":{"@type":"PropertyValueSpecification","valueRequired":true,"valueName":"search_term_string"}}],"inLanguage":"sk-SK"},{"@type":"Person","@id":"","url":"https:\/\/www.welovecycling.com\/sk\/author\/"}]}},"_links":{"self":[{"href":"https:\/\/www.welovecycling.com\/sk\/wp-json\/wp\/v2\/posts\/12149","targetHints":{"allow":["GET"]}}],"collection":[{"href":"https:\/\/www.welovecycling.com\/sk\/wp-json\/wp\/v2\/posts"}],"about":[{"href":"https:\/\/www.welovecycling.com\/sk\/wp-json\/wp\/v2\/types\/post"}],"author":[{"embeddable":true,"href":"https:\/\/www.welovecycling.com\/sk\/wp-json\/wp\/v2\/users\/81"}],"replies":[{"embeddable":true,"href":"https:\/\/www.welovecycling.com\/sk\/wp-json\/wp\/v2\/comments?post=12149"}],"version-history":[{"count":2,"href":"https:\/\/www.welovecycling.com\/sk\/wp-json\/wp\/v2\/posts\/12149\/revisions"}],"predecessor-version":[{"id":12167,"href":"https:\/\/www.welovecycling.com\/sk\/wp-json\/wp\/v2\/posts\/12149\/revisions\/12167"}],"wp:featuredmedia":[{"embeddable":true,"href":"https:\/\/www.welovecycling.com\/sk\/wp-json\/wp\/v2\/media\/12159"}],"wp:attachment":[{"href":"https:\/\/www.welovecycling.com\/sk\/wp-json\/wp\/v2\/media?parent=12149"}],"wp:term":[{"taxonomy":"category","embeddable":true,"href":"https:\/\/www.welovecycling.com\/sk\/wp-json\/wp\/v2\/categories?post=12149"},{"taxonomy":"post_tag","embeddable":true,"href":"https:\/\/www.welovecycling.com\/sk\/wp-json\/wp\/v2\/tags?post=12149"},{"taxonomy":"global-categories","embeddable":true,"href":"https:\/\/www.welovecycling.com\/sk\/wp-json\/wp\/v2\/global-categories?post=12149"}],"curies":[{"name":"wp","href":"https:\/\/api.w.org\/{rel}","templated":true}]}}