{"id":12136,"date":"2021-07-08T10:00:57","date_gmt":"2021-07-08T08:00:57","guid":{"rendered":"https:\/\/www.welovecycling.com\/sk\/?p=12136"},"modified":"2021-07-06T11:58:58","modified_gmt":"2021-07-06T09:58:58","slug":"vo-vnutri-neutralnych-servisnych-vozidiel-skoda-shimano","status":"publish","type":"post","link":"https:\/\/www.welovecycling.com\/sk\/2021\/07\/08\/vo-vnutri-neutralnych-servisnych-vozidiel-skoda-shimano\/","title":{"rendered":"Vo vn\u00fatri neutr\u00e1lnych servisn\u00fdch vozidiel \u0160koda Shimano"},"content":{"rendered":"<p><strong>Servisn\u00e9 vozidl\u00e1 \u0160koda SUPERB dost\u00e1vaj\u00fa pre Tour de France 2021 nov\u00fd lak. Svietia na modro, ke\u010f\u017ee spolo\u010dnos\u0165 Shimano preber\u00e1 poz\u00edciu od \u017elt\u00e9ho Mavicu. Toto predstavuje nov\u00fa \u00e9ru v hist\u00f3rii neutr\u00e1lnych servisn\u00fdch vozidiel. Po\u010fme sa pozrie\u0165 do z\u00e1kulisia a uvid\u00edme, ako sa Shimano pripravuje na svoju prv\u00fa Tour.<\/strong><\/p>\n<p><!--more--><\/p>\n<h2><strong>Spolo\u010dnos\u0165 Shimano preber\u00e1 servisn\u00e9 vozidl\u00e1 \u0160koda SUPERB<\/strong><\/h2>\n<p>Spolo\u010dnos\u0165 Shimano oslavuje svoje 100. v\u00fdro\u010die vo ve\u013ekom \u0161t\u00fdle t\u00fdm, \u017ee sa po\u010das Tour 2021 so servisn\u00fdmi vozidlami stala neutr\u00e1lnou podporou. To znamen\u00e1, \u017ee spolo\u010dnos\u0165 Shimano nahrad\u00ed spolo\u010dnos\u0165 Mavic, ktor\u00e1 t\u00fato pr\u00e1cu vykon\u00e1vala posledn\u00fdch 43 rokov. Spolo\u010dnos\u0165 Shimano v tom ale nie je pr\u00e1ve nov\u00e1\u010dikom. Maj\u00fa 20 rokov sk\u00fasenost\u00ed s poskytovan\u00edm podpory na nespo\u010detn\u00fdch pretekoch. S\u00fa dlhodob\u00fdm partnerom organiz\u00e1tora Tour de France spolo\u010dnosti Amaury Sport Organisation (ASO) a poskytuj\u00fa neutr\u00e1lne podporu na La Vuelta, ktor\u00fa tie\u017e organizuje ASO.<\/p>\n<figure id=\"attachment_12139\" aria-describedby=\"caption-attachment-12139\" style=\"width: 1024px\" class=\"wp-caption alignnone\"><a href=\"https:\/\/d2p6e6u75xmxt8.cloudfront.net\/2\/2021\/06\/Shimano-7.jpg\"><img loading=\"lazy\" decoding=\"async\" class=\"wp-image-12139 size-large\" src=\"https:\/\/d2p6e6u75xmxt8.cloudfront.net\/4\/2021\/07\/Shimano-7-1024x683.jpg\" alt=\"Shimano car detail\" width=\"1024\" height=\"683\" \/><\/a><figcaption id=\"caption-attachment-12139\" class=\"wp-caption-text\">Servisn\u00e9 vozidl\u00e1 \u0160koda SUPERB svietia na tohtoro\u010dnej Tour de France svetlomodrou farbou.<\/figcaption><\/figure>\n<div id='gallery-1' class='gallery galleryid-12136 gallery-columns-3 gallery-size-large'><figure class='gallery-item'>\n\t\t\t<div class='gallery-icon landscape'>\n\t\t\t\t<a href='https:\/\/d2p6e6u75xmxt8.cloudfront.net\/4\/2021\/07\/Shimano-3.webp'><img loading=\"lazy\" decoding=\"async\" width=\"1024\" height=\"683\" src=\"https:\/\/d2p6e6u75xmxt8.cloudfront.net\/4\/2021\/07\/Shimano-3-1024x683.webp\" class=\"attachment-large size-large\" alt=\"Ak t\u00edmov\u00e9 vozidl\u00e1 nie s\u00fa schopn\u00e9 z ak\u00e9hoko\u013evek d\u00f4vodu zasiahnu\u0165 dostato\u010dne r\u00fdchlo alebo v\u00f4bec, m\u00f4\u017ee uviaznut\u00fd cyklista st\u00e1le r\u00e1ta\u0165 s neutr\u00e1lnym vozov\u00fdm parkom Shimano.\" srcset=\"https:\/\/d2p6e6u75xmxt8.cloudfront.net\/4\/2021\/07\/Shimano-3-1024x683.webp 1024w, https:\/\/d2p6e6u75xmxt8.cloudfront.net\/4\/2021\/07\/Shimano-3-300x200.webp 300w, https:\/\/d2p6e6u75xmxt8.cloudfront.net\/4\/2021\/07\/Shimano-3-768x512.webp 768w, https:\/\/d2p6e6u75xmxt8.cloudfront.net\/4\/2021\/07\/Shimano-3-272x182.webp 272w, https:\/\/d2p6e6u75xmxt8.cloudfront.net\/4\/2021\/07\/Shimano-3.webp 1417w\" sizes=\"auto, (max-width: 1024px) 100vw, 1024px\" \/><\/a>\n\t\t\t<\/div><\/figure><figure class='gallery-item'>\n\t\t\t<div class='gallery-icon landscape'>\n\t\t\t\t<a href='https:\/\/d2p6e6u75xmxt8.cloudfront.net\/4\/2021\/07\/Shimano-4.webp'><img loading=\"lazy\" decoding=\"async\" width=\"1024\" height=\"683\" src=\"https:\/\/d2p6e6u75xmxt8.cloudfront.net\/4\/2021\/07\/Shimano-4-1024x683.webp\" class=\"attachment-large size-large\" alt=\"Na palube ka\u017ed\u00e9ho vozidla s\u00fa dvaja \u013eudia.\" srcset=\"https:\/\/d2p6e6u75xmxt8.cloudfront.net\/4\/2021\/07\/Shimano-4-1024x683.webp 1024w, https:\/\/d2p6e6u75xmxt8.cloudfront.net\/4\/2021\/07\/Shimano-4-300x200.webp 300w, https:\/\/d2p6e6u75xmxt8.cloudfront.net\/4\/2021\/07\/Shimano-4-768x512.webp 768w, https:\/\/d2p6e6u75xmxt8.cloudfront.net\/4\/2021\/07\/Shimano-4-272x182.webp 272w, https:\/\/d2p6e6u75xmxt8.cloudfront.net\/4\/2021\/07\/Shimano-4.webp 1417w\" sizes=\"auto, (max-width: 1024px) 100vw, 1024px\" \/><\/a>\n\t\t\t<\/div><\/figure><figure class='gallery-item'>\n\t\t\t<div class='gallery-icon landscape'>\n\t\t\t\t<a href='https:\/\/d2p6e6u75xmxt8.cloudfront.net\/4\/2021\/07\/Shimano-5.webp'><img loading=\"lazy\" decoding=\"async\" width=\"1024\" height=\"683\" src=\"https:\/\/d2p6e6u75xmxt8.cloudfront.net\/4\/2021\/07\/Shimano-5-1024x683.webp\" class=\"attachment-large size-large\" alt=\"Neutr\u00e1lny servisn\u00fd t\u00edm rie\u0161i mechanick\u00e9 probl\u00e9my, ktor\u00e9 by mohli jazdcov vyradi\u0165 zo s\u00fa\u0165a\u017ee.\" srcset=\"https:\/\/d2p6e6u75xmxt8.cloudfront.net\/4\/2021\/07\/Shimano-5-1024x683.webp 1024w, https:\/\/d2p6e6u75xmxt8.cloudfront.net\/4\/2021\/07\/Shimano-5-300x200.webp 300w, https:\/\/d2p6e6u75xmxt8.cloudfront.net\/4\/2021\/07\/Shimano-5-768x512.webp 768w, https:\/\/d2p6e6u75xmxt8.cloudfront.net\/4\/2021\/07\/Shimano-5-272x182.webp 272w, https:\/\/d2p6e6u75xmxt8.cloudfront.net\/4\/2021\/07\/Shimano-5.webp 1134w\" sizes=\"auto, (max-width: 1024px) 100vw, 1024px\" \/><\/a>\n\t\t\t<\/div><\/figure>\n\t\t<\/div>\n\n<h2><strong>Neutr\u00e1lne servisn\u00e9 vozidl\u00e1, nedocenen\u00ed hrdinovia<\/strong><\/h2>\n<p>\u010co s\u00fa to vlastne neutr\u00e1lne servisn\u00e9 vozidl\u00e1? Mnoho \u013eud\u00ed sleduj\u00facich cyklistick\u00e9 podujatia, ako napr\u00edklad Tour de France, si \u010dasto neuvedomuje, \u017ee organiz\u00e1tori pretekov potrebuj\u00fa pomoc t\u00fdchto automobilov. Pohybuj\u00fa sa v pelot\u00f3ne bez ak\u00fdchko\u013evek fanf\u00e1r a rie\u0161ia mechanick\u00e9 probl\u00e9my, ktor\u00e9 by inak mohli jazdcov vyradi\u0165 zo s\u00fa\u0165a\u017ee.<\/p>\n<p>V ka\u017edom t\u00edme Tour de France je osem jazdcov, ale ka\u017ed\u00fd t\u00edm dostane iba dve podporn\u00e9 vozidl\u00e1. \u010casto s\u00fa teda t\u00edmov\u00ed mechanici pre jazdcov pr\u00edli\u0161 \u010faleko. \u010ci u\u017e s\u00fa to dla\u017eobn\u00e9 kocky alebo horsk\u00e9 etapy, v\u017edy, ke\u010f existuje v\u00e4\u010d\u0161ia \u0161anca na v\u00fdskyt mechanick\u00fdch por\u00fach, jazdci sa spoliehaj\u00fa na neutr\u00e1lnu podporu servisn\u00fdch vozidiel.<\/p>\n<p>Neutr\u00e1lne servisn\u00e9 vozidl\u00e1 s\u00fa pre jazdcov d\u00f4le\u017eit\u00e9, ale je zrejm\u00e9, \u017ee s\u00fa e\u0161te d\u00f4le\u017eitej\u0161ie pre n\u00e1s v\u0161etk\u00fdch fan\u00fa\u0161ikov, preto\u017ee udr\u017euj\u00fa cel\u00fa akciu v chode!<\/p>\n<p>Mali sme mo\u017enos\u0165 porozpr\u00e1va\u0165 sa s Brunom Malletom, koordin\u00e1torom servisn\u00e9ho t\u00edmu spolo\u010dnosti Shimano. Dovolil n\u00e1m nazrie\u0165 bli\u017e\u0161ie, \u010do sa skr\u00fdva za touto podporou.<\/p>\n<figure id=\"attachment_12140\" aria-describedby=\"caption-attachment-12140\" style=\"width: 1024px\" class=\"wp-caption alignnone\"><a href=\"https:\/\/d2p6e6u75xmxt8.cloudfront.net\/2\/2021\/06\/Shimano-9-1.jpg\"><img loading=\"lazy\" decoding=\"async\" class=\"wp-image-12140 size-large\" src=\"https:\/\/d2p6e6u75xmxt8.cloudfront.net\/4\/2021\/07\/Shimano-9-1-1024x683.jpg\" alt=\"Shimano neutral car\" width=\"1024\" height=\"683\" \/><\/a><figcaption id=\"caption-attachment-12140\" class=\"wp-caption-text\">Cel\u00e9 je to o vybaven\u00ed.<\/figcaption><\/figure>\n<h2><strong>Ko\u013eko neutr\u00e1lnych servisn\u00fdch vozidiel je k dispoz\u00edcii?<\/strong><\/h2>\n<p>Pre typick\u00fa etapu Tour de France je to jednoduch\u00e9. K dispoz\u00edcii s\u00fa tri vozidl\u00e1 \u0160koda SUPERB, jedna motorka a jedno n\u00e1kladn\u00e9 auto. Ka\u017ed\u00e9 preteky maj\u00fa ale svoje vlastn\u00e9 jedine\u010dn\u00e9 po\u017eiadavky.<\/p>\n<p><em>\u201eNiekedy m\u00e1me dva preteky v ten ist\u00fd de\u0148, jeden pre mu\u017eov a druh\u00fd pre \u017eeny alebo kateg\u00f3riu U23. V tomto scen\u00e1ri prirad\u00edme do druh\u00e9ho z\u00e1vodu druh\u00fd t\u00edm zlo\u017een\u00fd z dvoch automobilov a jednej motorky. A \u00faplne in\u00e1 situ\u00e1cia je v pr\u00edpade Paris Roubaix, kde mus\u00edme zabezpe\u010di\u0165 ove\u013ea podstatnej\u0161iu podporu. Pre mu\u017eov zabezpe\u010dujeme \u0161tyri osobn\u00e9 aut\u00e1, \u0161tyri motocykle a jedno n\u00e1kladn\u00e9 \u0161tafetov\u00e9 vozidlo ur\u010den\u00e9 na z\u00e1sobovanie ostatn\u00fdch vozidiel. Na preteky \u017eien s\u00fa potrebn\u00e9 tri aut\u00e1, dva motocykle a jedno n\u00e1kladn\u00e9 \u0161tafetov\u00e9 vozidlo,\u201c<\/em> uviedol Bruno Mallet.<\/p>\n<figure id=\"attachment_12141\" aria-describedby=\"caption-attachment-12141\" style=\"width: 1024px\" class=\"wp-caption alignnone\"><a href=\"https:\/\/d2p6e6u75xmxt8.cloudfront.net\/2\/2021\/06\/Shimano-6.jpg\"><img loading=\"lazy\" decoding=\"async\" class=\"wp-image-12141 size-large\" src=\"https:\/\/d2p6e6u75xmxt8.cloudfront.net\/4\/2021\/07\/Shimano-6-1024x683.jpg\" alt=\"Shimano service\" width=\"1024\" height=\"683\" \/><\/a><figcaption id=\"caption-attachment-12141\" class=\"wp-caption-text\">Neutr\u00e1lny t\u00edm spolo\u010dnosti Shimano je tu na to, aby v\u00e1m zachr\u00e1nil de\u0148.<\/figcaption><\/figure>\n<h2><strong>Ako vyzer\u00e1 pos\u00e1dka obsluhuj\u00faca slu\u017eobn\u00e9 vozidl\u00e1?<\/strong><\/h2>\n<p><em>&#8222;Pre ka\u017ed\u00e9 vozidlo m\u00e1me dve osoby, motocyklistu alebo vodi\u010da auta a mechanika,&#8220;<\/em> vysvetlil Bruno. Pos\u00e1dka v ka\u017edom slu\u017eobnom vozidle je ve\u013emi \u0161t\u00edhla a viete pre\u010do? Aby sa zmestilo v\u0161etko vybavenie! Mo\u017eno by ste boli prekvapen\u00ed, ko\u013eko toho slu\u017eobn\u00e9 vozidl\u00e1 dok\u00e1\u017eu odviez\u0165.<\/p>\n<h2><strong>Ko\u013eko bicyklov navy\u0161e si prinesiete na podporu pretek\u00e1rov?<\/strong><\/h2>\n<p><em>\u201eKa\u017ed\u00e9 auto m\u00e1 stre\u0161n\u00fd nosi\u010d so \u0161iestimi bicyklami s tromi r\u00f4znymi ve\u013ekos\u0165ami r\u00e1mu a tromi p\u00e1rmi kolies Shimano. Ale vo vn\u00fatri vozidla m\u00e1me aj koles\u00e1 konkuren\u010dn\u00fdch zna\u010diek, aby sme dok\u00e1zali vyrie\u0161i\u0165 probl\u00e9my so v\u0161etk\u00fdmi jazdcami,\u201c<\/em> hovor\u00ed Bruno. Jednou z v\u00fdziev, s ktorou sa mus\u00ed servisn\u00e1 pos\u00e1dka vyrovna\u0165, je rozmanitos\u0165 prevodov\u00fdch stup\u0148ov pou\u017e\u00edvan\u00fdch pri Tour. A samotn\u00ed jazdci s\u00fa tie\u017e vo v\u0161etk\u00fdch ve\u013ekostiach.<\/p>\n<h2><strong>Ako viete, ako a \u010do nalo\u017ei\u0165 do kufra?<\/strong><\/h2>\n<p><em>\u201cNa za\u010diatku roka rob\u00edme zoznam vybavenia ka\u017ed\u00e9ho t\u00edmu. A tento zoznam pred ka\u017ed\u00fdmi pretekmi znova kontrolujeme, aby sme sa uistili, \u017ee t\u00edmy neurobili na svojich bicykloch \u017eiadne zmeny. V\u0161etky tieto probl\u00e9my rie\u0161ime, len aby sme boli pri z\u00e1krokoch efekt\u00edvnej\u0161\u00ed, preto\u017ee sa musia robi\u0165 \u010do najr\u00fdchlej\u0161ie. Umo\u017e\u0148uj\u00fa mechanikovi vyst\u00fapi\u0165 z vozidla s presn\u00fdm vybaven\u00edm, ktor\u00e9 jazdcov bicykel potrebuje,\u201c<\/em> vysvetlil Bruno.<\/p>\n<div id='gallery-2' class='gallery galleryid-12136 gallery-columns-2 gallery-size-large'><figure class='gallery-item'>\n\t\t\t<div class='gallery-icon landscape'>\n\t\t\t\t<a href='https:\/\/d2p6e6u75xmxt8.cloudfront.net\/4\/2021\/07\/Shimano-9.webp'><img loading=\"lazy\" decoding=\"async\" width=\"1024\" height=\"683\" src=\"https:\/\/d2p6e6u75xmxt8.cloudfront.net\/4\/2021\/07\/Shimano-9-1024x683.webp\" class=\"attachment-large size-large\" alt=\"V\u00fdbava, ktor\u00fa prepravuj\u00fa slu\u017eobn\u00e9 vozidl\u00e1, je neuverite\u013en\u00e1.\" srcset=\"https:\/\/d2p6e6u75xmxt8.cloudfront.net\/4\/2021\/07\/Shimano-9-1024x683.webp 1024w, https:\/\/d2p6e6u75xmxt8.cloudfront.net\/4\/2021\/07\/Shimano-9-300x200.webp 300w, https:\/\/d2p6e6u75xmxt8.cloudfront.net\/4\/2021\/07\/Shimano-9-768x512.webp 768w, https:\/\/d2p6e6u75xmxt8.cloudfront.net\/4\/2021\/07\/Shimano-9-272x182.webp 272w, https:\/\/d2p6e6u75xmxt8.cloudfront.net\/4\/2021\/07\/Shimano-9.webp 1063w\" sizes=\"auto, (max-width: 1024px) 100vw, 1024px\" \/><\/a>\n\t\t\t<\/div><\/figure><figure class='gallery-item'>\n\t\t\t<div class='gallery-icon landscape'>\n\t\t\t\t<a href='https:\/\/d2p6e6u75xmxt8.cloudfront.net\/4\/2021\/07\/Shimano-10-1.webp'><img loading=\"lazy\" decoding=\"async\" width=\"1024\" height=\"683\" src=\"https:\/\/d2p6e6u75xmxt8.cloudfront.net\/4\/2021\/07\/Shimano-10-1-1024x683.webp\" class=\"attachment-large size-large\" alt=\"Neutr\u00e1lne auto Shimano v akcii.\" srcset=\"https:\/\/d2p6e6u75xmxt8.cloudfront.net\/4\/2021\/07\/Shimano-10-1-1024x683.webp 1024w, https:\/\/d2p6e6u75xmxt8.cloudfront.net\/4\/2021\/07\/Shimano-10-1-300x200.webp 300w, https:\/\/d2p6e6u75xmxt8.cloudfront.net\/4\/2021\/07\/Shimano-10-1-768x512.webp 768w, https:\/\/d2p6e6u75xmxt8.cloudfront.net\/4\/2021\/07\/Shimano-10-1-272x182.webp 272w, https:\/\/d2p6e6u75xmxt8.cloudfront.net\/4\/2021\/07\/Shimano-10-1.webp 1063w\" sizes=\"auto, (max-width: 1024px) 100vw, 1024px\" \/><\/a>\n\t\t\t<\/div><\/figure>\n\t\t<\/div>\n\n<p>Tento pr\u00edstup znamen\u00e1, \u017ee slu\u017eobn\u00e9 vozidl\u00e1 musia by\u0165 nabit\u00e9 neuverite\u013en\u00fdm mno\u017estvom vybavenia. A maj\u00fa so sebou aj chladni\u010dku s bid\u00f3nmi, energetick\u00fdmi ty\u010dinkami a g\u00e9lmi na podporu jazdcov, ak si to situ\u00e1cia vy\u017eaduje.<\/p>\n<p><em>\u201eKa\u017ed\u00fd t\u00edm m\u00e1 svoje \u0161pecifik\u00e1 a s mas\u00edvnym pr\u00edchodom kot\u00fa\u010dov\u00fdch b\u0155zd mus\u00edme nosi\u0165 brzdov\u00e9 syst\u00e9my s r\u00f4znymi ve\u013ekos\u0165ami diskov. Je to \u010fal\u0161\u00ed d\u00f4vod, pre\u010do m\u00e1me v automobiloch to\u013eko materi\u00e1lu,\u201c<\/em> komentuje Bruno.<\/p>\n<p>Tu je typick\u00fd zoznam vybavenia jedn\u00e9ho servisn\u00e9ho vozidla:<\/p>\n<ul>\n<li>3 bicykle s ped\u00e1lmi Shimano<\/li>\n<li>3 bicykle s ped\u00e1lmi konkuren\u010dn\u00fdch zna\u010diek<\/li>\n<li>4 koles\u00e1 Shimano s r\u00e1fikov\u00fdmi brzdami<\/li>\n<li>8 kolies Shimano s kot\u00fa\u010dov\u00fdmi brzdami (disky 140 a 160 mm)<\/li>\n<li>2 disky ka\u017edej ve\u013ekosti (140 a 160 mm)<\/li>\n<li>4 zadn\u00e9 koles\u00e1 od konkuren\u010dn\u00fdch zna\u010diek<\/li>\n<li>1 p\u00e1r ped\u00e1lov pre ka\u017ed\u00fa zna\u010dku pr\u00edtomn\u00fa v z\u00e1vode<\/li>\n<li>2 bat\u00e9rie pre Shimano Di2<\/li>\n<li>20 bid\u00f3nov<\/li>\n<li>24 flia\u0161 vody 50 cl<\/li>\n<li>30 energetick\u00fdch g\u00e9lov<\/li>\n<li>30 energetick\u00fdch ty\u010diniek<\/li>\n<li>v\u0161etko potrebn\u00e9 n\u00e1radie<\/li>\n<\/ul>\n<div class=\"embed-controller-wrapper\">\n<blockquote class=\"twitter-tweet\" data-width=\"500\" data-dnt=\"true\">\n<p lang=\"fr\" dir=\"ltr\">\ud83c\udf82 Our partner <a href=\"https:\/\/twitter.com\/ShimanoROAD?ref_src=twsrc%5Etfw\">@ShimanoROAD<\/a> is celebrating its 100th birthday in 2021. Congratulations on the longevity and we will see you on <a href=\"https:\/\/twitter.com\/hashtag\/TDF2021?src=hash&amp;ref_src=twsrc%5Etfw\">#TDF2021<\/a>! <\/p>\n<p>\ud83c\udf82 Notre partenaire <a href=\"https:\/\/twitter.com\/ShimanoROAD?ref_src=twsrc%5Etfw\">@ShimanoROAD<\/a> f\u00eate ses 100 ans en 2021. F\u00e9licitations pour cette long\u00e9vit\u00e9 et rendez-vous sur le <a href=\"https:\/\/twitter.com\/hashtag\/TDF2021?src=hash&amp;ref_src=twsrc%5Etfw\">#TDF2021<\/a> ! <a href=\"https:\/\/t.co\/5GqPBzOo3C\">pic.twitter.com\/5GqPBzOo3C<\/a><\/p>\n<p>&mdash; Tour de France\u2122 (@LeTour) <a href=\"https:\/\/twitter.com\/LeTour\/status\/1374054577436254214?ref_src=twsrc%5Etfw\">March 22, 2021<\/a><\/p><\/blockquote>\n<p><script async data-src=\"https:\/\/platform.twitter.com\/widgets.js\" charset=\"utf-8\"><\/script><\/div>\n<h2><strong>Ako sa v\u00e1m to v\u0161etko podar\u00ed zmesti\u0165 dovn\u00fatra?<\/strong><\/h2>\n<p><em>\u201eKa\u017ed\u00fd k\u00fasok v\u00fdstroja m\u00e1 svoje miesto a tam sa mus\u00ed da\u0165. Je nevyhnutn\u00e9 ma\u0165 tak\u00fdto syst\u00e9m, ktor\u00fd je efekt\u00edvny po\u010das z\u00e1sahov. Sme odborn\u00edci na Tetris!\u201c<\/em> Bruno sa usmeje.<\/p>\n<figure id=\"attachment_12142\" aria-describedby=\"caption-attachment-12142\" style=\"width: 1024px\" class=\"wp-caption alignnone\"><a href=\"https:\/\/d2p6e6u75xmxt8.cloudfront.net\/2\/2021\/06\/Shimano-neutral-car.jpg\"><img loading=\"lazy\" decoding=\"async\" class=\"wp-image-12142 size-large\" src=\"https:\/\/d2p6e6u75xmxt8.cloudfront.net\/4\/2021\/07\/Shimano-neutral-car-1024x683.jpg\" alt=\"\u0160koda neutral car\" width=\"1024\" height=\"683\" \/><\/a><figcaption id=\"caption-attachment-12142\" class=\"wp-caption-text\">Pred odchodom prele\u0161ti\u0165.<\/figcaption><\/figure>\n<h2><strong>\u010co sa v\u00e1m p\u00e1\u010di na \u0160koda SUPERB?<\/strong><\/h2>\n<p><em>\u201eNa\u0161e vozidl\u00e1 musia by\u0165 priestrann\u00e9 kv\u00f4li v\u0161etk\u00e9mu materi\u00e1lu, ktor\u00fd prepravujeme, musia v\u0161ak by\u0165 tak\u00e9 siln\u00e9, aby umo\u017e\u0148ovali r\u00fdchle reakcie, ke\u010f potrebujeme zmeni\u0165 polohu, aby sme podporili nov\u00fa \u00fanikov\u00fa situ\u00e1ciu. Na\u0161\u0165astie m\u00e1me vozidl\u00e1, ktor\u00e9 tieto krit\u00e9ri\u00e1 plne sp\u013a\u0148aj\u00fa a s\u00fa v\u010faka poskytovanej hybridnej verzii hospod\u00e1rne,\u201c<\/em> hovor\u00ed Bruno.<\/p>\n<h2><strong>Kde v pelot\u00f3ne m\u00f4\u017eeme o\u010dak\u00e1va\u0165, \u017ee uvid\u00edme servisn\u00e9 vozidl\u00e1 Shimano?<\/strong><\/h2>\n<p><em>\u201eNa\u0161e rozmiestnenie po\u010das pretekov s\u00fa dve aut\u00e1 a jeden motocykel v prednej \u010dasti pelot\u00f3nu a jedno auto vzadu za jazdcami. Ka\u017ed\u00e9 vozidlo je vybaven\u00e9 dvoma r\u00e1dioprij\u00edma\u010dmi, prv\u00e9 je ur\u010den\u00e9 na pr\u00edjem Tour r\u00e1dia a druh\u00e9 je intern\u00e9 r\u00e1dio umo\u017e\u0148uj\u00face ka\u017ed\u00e9mu vozidlu Shimano koordin\u00e1ciu pre optim\u00e1lne umiestnenie,\u201c<\/em> vysvet\u013euje Bruno.<\/p>\n<h2><strong>Ako kryjete \u00faniky?<\/strong><\/h2>\n<p><em>&#8222;Spravidla plat\u00ed, \u017ee ke\u010f sa vytvor\u00ed \u00fanik, je to motocykel Shimano, ktor\u00fd nasleduje jazdcov ako prv\u00fd. St\u00e1va sa to hne\u010f, ako prv\u00ed jazdci vytvoria \u00fanik okolo 20 sek\u00fand. Ke\u010f rozdiel st\u00fapne na viac ako 35 sek\u00fand, k ved\u00facej skupine sa prid\u00e1va aj prv\u00fd automobil Shimano. To znamen\u00e1, \u017ee sa motocykel m\u00f4\u017ee vr\u00e1ti\u0165 do pelot\u00f3nu, aby bol schopn\u00fd r\u00fdchlo kona\u0165 v pr\u00edpade, \u017ee sa vytvor\u00ed in\u00fd \u00fanik,\u201c<\/em> vysvet\u013euje Bruno.<\/p>\n<div class=\"embed-controller-wrapper\">\n<blockquote class=\"twitter-tweet\" data-width=\"500\" data-dnt=\"true\">\n<p lang=\"en\" dir=\"ltr\">\ud83d\udeb2 <a href=\"https:\/\/twitter.com\/ShimanoROAD?ref_src=twsrc%5Etfw\">@ShimanoROAD<\/a> for neutral support at Tour de France ! \ud83d\udeb2 <\/p>\n<p>\ud83d\udd27 <a href=\"https:\/\/twitter.com\/ShimanoROAD?ref_src=twsrc%5Etfw\">@ShimanoROAD<\/a> will adorn the neutral support cars in all A.S.O. races, offering all riders assistance to get back on the road as quickly as possible in the event of a crash or mechanical issue.<a href=\"https:\/\/twitter.com\/hashtag\/RideShimano?src=hash&amp;ref_src=twsrc%5Etfw\">#RideShimano<\/a> <a href=\"https:\/\/twitter.com\/hashtag\/TDF2021?src=hash&amp;ref_src=twsrc%5Etfw\">#TDF2021<\/a> <a href=\"https:\/\/t.co\/wrJEupw71P\">pic.twitter.com\/wrJEupw71P<\/a><\/p>\n<p>&mdash; Tour de France\u2122 (@LeTour) <a href=\"https:\/\/twitter.com\/LeTour\/status\/1351454935964147715?ref_src=twsrc%5Etfw\">January 19, 2021<\/a><\/p><\/blockquote>\n<p><script async data-src=\"https:\/\/platform.twitter.com\/widgets.js\" charset=\"utf-8\"><\/script><\/div>\n<p><em>\u201eKe\u010f je rozdiel medzi ved\u00facou skupinou a pelot\u00f3nom pribli\u017ene 2,5 min\u00faty, namiesto motocykla je pred pelot\u00f3nom umiestnen\u00fd druh\u00fd automobil Shimano. Motocykel sa znovu pripoj\u00ed k ved\u00facej skupine, aby zasiahol, ak d\u00f4jde k dezorganiz\u00e1cii tejto skupiny. Tento druh\u00fd automobil zna\u010dky Shimano je teraz v poz\u00edcii, \u017ee podporuje v\u0161etky \u010fal\u0161ie \u00fanikov\u00e9 skupiny, ktor\u00e9 sa rozhodn\u00fa pokra\u010dova\u0165,\u201c<\/em> hovor\u00ed Bruno.<\/p>\n<p><em>\u201eTretie vozidlo Shimano je umiestnen\u00e9 za pelot\u00f3nom, je k dispoz\u00edcii predsedovi poroty a bude musie\u0165 zasiahnu\u0165 na z\u00e1klade v\u0161etk\u00fdch po\u017eiadaviek UCI,\u201c<\/em> dod\u00e1va Bruno.<\/p>\n<p>Nezabudnite teda pozorne sledova\u0165 ka\u017ed\u00fd \u00fanik na tohtoro\u010dnej Tour de France a zistite, \u010di n\u00e1jdete svetlomodr\u00e9 servisn\u00e9 vozidl\u00e1 \u0160koda SUPERB podporuj\u00face v\u00e1\u0161ho ob\u013e\u00faben\u00e9ho jazdca!<\/p>\n","protected":false},"excerpt":{"rendered":"<p>Servisn\u00e9 vozidl\u00e1 \u0160koda SUPERB dost\u00e1vaj\u00fa pre Tour de France 2021 nov\u00fd lak. Svietia na modro, ke\u010f\u017ee spolo\u010dnos\u0165 Shimano preber\u00e1 poz\u00edciu [&hellip;]<\/p>\n","protected":false},"author":81,"featured_media":12144,"comment_status":"open","ping_status":"open","sticky":false,"template":"","format":"standard","meta":{"footnotes":""},"categories":[4],"tags":[1369,115,331,126,1368,542,1009,1008,92,20,1359],"global-categories":[],"class_list":["post-12136","post","type-post","status-publish","format-standard","has-post-thumbnail","hentry","category-cestna-cyklisitika","tag-bruno-mallet","tag-cestna-cyklistika","tag-etapove-preteky","tag-neutralne-servisne-vozidla","tag-shimano","tag-skoda","tag-skoda-auto","tag-skoda-superb","tag-skoda-tim","tag-tour-de-france","tag-tour-de-france-2021"],"yoast_head":"<!-- This site is optimized with the Yoast SEO Premium plugin v25.3 (Yoast SEO v25.9) - https:\/\/yoast.com\/wordpress\/plugins\/seo\/ -->\n<title>Vo vn\u00fatri neutr\u00e1lnych servisn\u00fdch vozidiel \u0160koda Shimano - \u0160koda We Love Cycling Slovensko<\/title>\n<meta name=\"robots\" content=\"index, follow, max-snippet:-1, max-image-preview:large, max-video-preview:-1\" \/>\n<link rel=\"canonical\" href=\"https:\/\/www.welovecycling.com\/sk\/2021\/07\/08\/vo-vnutri-neutralnych-servisnych-vozidiel-skoda-shimano\/\" \/>\n<meta property=\"og:locale\" content=\"sk_SK\" \/>\n<meta property=\"og:type\" content=\"article\" \/>\n<meta property=\"og:title\" content=\"Vo vn\u00fatri neutr\u00e1lnych servisn\u00fdch vozidiel \u0160koda Shimano\" \/>\n<meta property=\"og:description\" content=\"Servisn\u00e9 vozidl\u00e1 \u0160koda SUPERB dost\u00e1vaj\u00fa pre Tour de France 2021 nov\u00fd lak. Svietia na modro, ke\u010f\u017ee spolo\u010dnos\u0165 Shimano preber\u00e1 poz\u00edciu [&hellip;]\" \/>\n<meta property=\"og:url\" content=\"https:\/\/www.welovecycling.com\/sk\/2021\/07\/08\/vo-vnutri-neutralnych-servisnych-vozidiel-skoda-shimano\/\" \/>\n<meta property=\"og:site_name\" content=\"\u0160koda We Love Cycling Slovensko\" \/>\n<meta property=\"article:published_time\" content=\"2021-07-08T08:00:57+00:00\" \/>\n<meta property=\"og:image\" content=\"https:\/\/d2p6e6u75xmxt8.cloudfront.net\/4\/2021\/07\/Shimano-CVR.webp\" \/>\n\t<meta property=\"og:image:width\" content=\"1366\" \/>\n\t<meta property=\"og:image:height\" content=\"596\" \/>\n\t<meta property=\"og:image:type\" content=\"image\/webp\" \/>\n<meta name=\"twitter:card\" content=\"summary_large_image\" \/>\n<meta name=\"twitter:label1\" content=\"Written by\" \/>\n\t<meta name=\"twitter:data1\" content=\"WeLoveCycling\" \/>\n\t<meta name=\"twitter:label2\" content=\"Est. reading time\" \/>\n\t<meta name=\"twitter:data2\" content=\"6\" \/>\n<script type=\"application\/ld+json\" class=\"yoast-schema-graph\">{\"@context\":\"https:\/\/schema.org\",\"@graph\":[{\"@type\":\"WebPage\",\"@id\":\"https:\/\/www.welovecycling.com\/sk\/2021\/07\/08\/vo-vnutri-neutralnych-servisnych-vozidiel-skoda-shimano\/\",\"url\":\"https:\/\/www.welovecycling.com\/sk\/2021\/07\/08\/vo-vnutri-neutralnych-servisnych-vozidiel-skoda-shimano\/\",\"name\":\"Vo vn\u00fatri neutr\u00e1lnych servisn\u00fdch vozidiel \u0160koda Shimano - \u0160koda We Love Cycling Slovensko\",\"isPartOf\":{\"@id\":\"https:\/\/www.welovecycling.com\/sk\/#website\"},\"primaryImageOfPage\":{\"@id\":\"https:\/\/www.welovecycling.com\/sk\/2021\/07\/08\/vo-vnutri-neutralnych-servisnych-vozidiel-skoda-shimano\/#primaryimage\"},\"image\":{\"@id\":\"https:\/\/www.welovecycling.com\/sk\/2021\/07\/08\/vo-vnutri-neutralnych-servisnych-vozidiel-skoda-shimano\/#primaryimage\"},\"thumbnailUrl\":\"https:\/\/d2p6e6u75xmxt8.cloudfront.net\/4\/2021\/07\/Shimano-CVR.webp\",\"datePublished\":\"2021-07-08T08:00:57+00:00\",\"author\":{\"@id\":\"\"},\"breadcrumb\":{\"@id\":\"https:\/\/www.welovecycling.com\/sk\/2021\/07\/08\/vo-vnutri-neutralnych-servisnych-vozidiel-skoda-shimano\/#breadcrumb\"},\"inLanguage\":\"sk-SK\",\"potentialAction\":[{\"@type\":\"ReadAction\",\"target\":[\"https:\/\/www.welovecycling.com\/sk\/2021\/07\/08\/vo-vnutri-neutralnych-servisnych-vozidiel-skoda-shimano\/\"]}]},{\"@type\":\"ImageObject\",\"inLanguage\":\"sk-SK\",\"@id\":\"https:\/\/www.welovecycling.com\/sk\/2021\/07\/08\/vo-vnutri-neutralnych-servisnych-vozidiel-skoda-shimano\/#primaryimage\",\"url\":\"https:\/\/d2p6e6u75xmxt8.cloudfront.net\/4\/2021\/07\/Shimano-CVR.webp\",\"contentUrl\":\"https:\/\/d2p6e6u75xmxt8.cloudfront.net\/4\/2021\/07\/Shimano-CVR.webp\",\"width\":1366,\"height\":596,\"caption\":\"Shimano neutral car\"},{\"@type\":\"BreadcrumbList\",\"@id\":\"https:\/\/www.welovecycling.com\/sk\/2021\/07\/08\/vo-vnutri-neutralnych-servisnych-vozidiel-skoda-shimano\/#breadcrumb\",\"itemListElement\":[{\"@type\":\"ListItem\",\"position\":1,\"name\":\"Home\",\"item\":\"https:\/\/www.welovecycling.com\/sk\/\"},{\"@type\":\"ListItem\",\"position\":2,\"name\":\"Vo vn\u00fatri neutr\u00e1lnych servisn\u00fdch vozidiel \u0160koda Shimano\"}]},{\"@type\":\"WebSite\",\"@id\":\"https:\/\/www.welovecycling.com\/sk\/#website\",\"url\":\"https:\/\/www.welovecycling.com\/sk\/\",\"name\":\"\u0160koda We Love Cycling Slovensko\",\"description\":\"\u0160koda We Love Cycling Slovensko je v\u00e1\u0161 ka\u017edodenn\u00fd zdroj noviniek a in\u0161pir\u00e1cie z sveta cyklistiky\",\"potentialAction\":[{\"@type\":\"SearchAction\",\"target\":{\"@type\":\"EntryPoint\",\"urlTemplate\":\"https:\/\/www.welovecycling.com\/sk\/?s={search_term_string}\"},\"query-input\":{\"@type\":\"PropertyValueSpecification\",\"valueRequired\":true,\"valueName\":\"search_term_string\"}}],\"inLanguage\":\"sk-SK\"},{\"@type\":\"Person\",\"@id\":\"\",\"url\":\"https:\/\/www.welovecycling.com\/sk\/author\/\"}]}<\/script>\n<!-- \/ Yoast SEO Premium plugin. -->","yoast_head_json":{"title":"Vo vn\u00fatri neutr\u00e1lnych servisn\u00fdch vozidiel \u0160koda Shimano - \u0160koda We Love Cycling Slovensko","robots":{"index":"index","follow":"follow","max-snippet":"max-snippet:-1","max-image-preview":"max-image-preview:large","max-video-preview":"max-video-preview:-1"},"canonical":"https:\/\/www.welovecycling.com\/sk\/2021\/07\/08\/vo-vnutri-neutralnych-servisnych-vozidiel-skoda-shimano\/","og_locale":"sk_SK","og_type":"article","og_title":"Vo vn\u00fatri neutr\u00e1lnych servisn\u00fdch vozidiel \u0160koda Shimano","og_description":"Servisn\u00e9 vozidl\u00e1 \u0160koda SUPERB dost\u00e1vaj\u00fa pre Tour de France 2021 nov\u00fd lak. Svietia na modro, ke\u010f\u017ee spolo\u010dnos\u0165 Shimano preber\u00e1 poz\u00edciu [&hellip;]","og_url":"https:\/\/www.welovecycling.com\/sk\/2021\/07\/08\/vo-vnutri-neutralnych-servisnych-vozidiel-skoda-shimano\/","og_site_name":"\u0160koda We Love Cycling Slovensko","article_published_time":"2021-07-08T08:00:57+00:00","og_image":[{"width":1366,"height":596,"url":"https:\/\/d2p6e6u75xmxt8.cloudfront.net\/4\/2021\/07\/Shimano-CVR.webp","type":"image\/webp"}],"twitter_card":"summary_large_image","twitter_misc":{"Written by":"WeLoveCycling","Est. reading time":"6"},"schema":{"@context":"https:\/\/schema.org","@graph":[{"@type":"WebPage","@id":"https:\/\/www.welovecycling.com\/sk\/2021\/07\/08\/vo-vnutri-neutralnych-servisnych-vozidiel-skoda-shimano\/","url":"https:\/\/www.welovecycling.com\/sk\/2021\/07\/08\/vo-vnutri-neutralnych-servisnych-vozidiel-skoda-shimano\/","name":"Vo vn\u00fatri neutr\u00e1lnych servisn\u00fdch vozidiel \u0160koda Shimano - \u0160koda We Love Cycling Slovensko","isPartOf":{"@id":"https:\/\/www.welovecycling.com\/sk\/#website"},"primaryImageOfPage":{"@id":"https:\/\/www.welovecycling.com\/sk\/2021\/07\/08\/vo-vnutri-neutralnych-servisnych-vozidiel-skoda-shimano\/#primaryimage"},"image":{"@id":"https:\/\/www.welovecycling.com\/sk\/2021\/07\/08\/vo-vnutri-neutralnych-servisnych-vozidiel-skoda-shimano\/#primaryimage"},"thumbnailUrl":"https:\/\/d2p6e6u75xmxt8.cloudfront.net\/4\/2021\/07\/Shimano-CVR.webp","datePublished":"2021-07-08T08:00:57+00:00","author":{"@id":""},"breadcrumb":{"@id":"https:\/\/www.welovecycling.com\/sk\/2021\/07\/08\/vo-vnutri-neutralnych-servisnych-vozidiel-skoda-shimano\/#breadcrumb"},"inLanguage":"sk-SK","potentialAction":[{"@type":"ReadAction","target":["https:\/\/www.welovecycling.com\/sk\/2021\/07\/08\/vo-vnutri-neutralnych-servisnych-vozidiel-skoda-shimano\/"]}]},{"@type":"ImageObject","inLanguage":"sk-SK","@id":"https:\/\/www.welovecycling.com\/sk\/2021\/07\/08\/vo-vnutri-neutralnych-servisnych-vozidiel-skoda-shimano\/#primaryimage","url":"https:\/\/d2p6e6u75xmxt8.cloudfront.net\/4\/2021\/07\/Shimano-CVR.webp","contentUrl":"https:\/\/d2p6e6u75xmxt8.cloudfront.net\/4\/2021\/07\/Shimano-CVR.webp","width":1366,"height":596,"caption":"Shimano neutral car"},{"@type":"BreadcrumbList","@id":"https:\/\/www.welovecycling.com\/sk\/2021\/07\/08\/vo-vnutri-neutralnych-servisnych-vozidiel-skoda-shimano\/#breadcrumb","itemListElement":[{"@type":"ListItem","position":1,"name":"Home","item":"https:\/\/www.welovecycling.com\/sk\/"},{"@type":"ListItem","position":2,"name":"Vo vn\u00fatri neutr\u00e1lnych servisn\u00fdch vozidiel \u0160koda Shimano"}]},{"@type":"WebSite","@id":"https:\/\/www.welovecycling.com\/sk\/#website","url":"https:\/\/www.welovecycling.com\/sk\/","name":"\u0160koda We Love Cycling Slovensko","description":"\u0160koda We Love Cycling Slovensko je v\u00e1\u0161 ka\u017edodenn\u00fd zdroj noviniek a in\u0161pir\u00e1cie z sveta cyklistiky","potentialAction":[{"@type":"SearchAction","target":{"@type":"EntryPoint","urlTemplate":"https:\/\/www.welovecycling.com\/sk\/?s={search_term_string}"},"query-input":{"@type":"PropertyValueSpecification","valueRequired":true,"valueName":"search_term_string"}}],"inLanguage":"sk-SK"},{"@type":"Person","@id":"","url":"https:\/\/www.welovecycling.com\/sk\/author\/"}]}},"_links":{"self":[{"href":"https:\/\/www.welovecycling.com\/sk\/wp-json\/wp\/v2\/posts\/12136","targetHints":{"allow":["GET"]}}],"collection":[{"href":"https:\/\/www.welovecycling.com\/sk\/wp-json\/wp\/v2\/posts"}],"about":[{"href":"https:\/\/www.welovecycling.com\/sk\/wp-json\/wp\/v2\/types\/post"}],"author":[{"embeddable":true,"href":"https:\/\/www.welovecycling.com\/sk\/wp-json\/wp\/v2\/users\/81"}],"replies":[{"embeddable":true,"href":"https:\/\/www.welovecycling.com\/sk\/wp-json\/wp\/v2\/comments?post=12136"}],"version-history":[{"count":2,"href":"https:\/\/www.welovecycling.com\/sk\/wp-json\/wp\/v2\/posts\/12136\/revisions"}],"predecessor-version":[{"id":12402,"href":"https:\/\/www.welovecycling.com\/sk\/wp-json\/wp\/v2\/posts\/12136\/revisions\/12402"}],"wp:featuredmedia":[{"embeddable":true,"href":"https:\/\/www.welovecycling.com\/sk\/wp-json\/wp\/v2\/media\/12144"}],"wp:attachment":[{"href":"https:\/\/www.welovecycling.com\/sk\/wp-json\/wp\/v2\/media?parent=12136"}],"wp:term":[{"taxonomy":"category","embeddable":true,"href":"https:\/\/www.welovecycling.com\/sk\/wp-json\/wp\/v2\/categories?post=12136"},{"taxonomy":"post_tag","embeddable":true,"href":"https:\/\/www.welovecycling.com\/sk\/wp-json\/wp\/v2\/tags?post=12136"},{"taxonomy":"global-categories","embeddable":true,"href":"https:\/\/www.welovecycling.com\/sk\/wp-json\/wp\/v2\/global-categories?post=12136"}],"curies":[{"name":"wp","href":"https:\/\/api.w.org\/{rel}","templated":true}]}}