{"id":12120,"date":"2021-07-06T14:00:34","date_gmt":"2021-07-06T12:00:34","guid":{"rendered":"https:\/\/www.welovecycling.com\/sk\/?p=12120"},"modified":"2023-04-26T13:01:26","modified_gmt":"2023-04-26T11:01:26","slug":"pribeh-dresov-tour-de-france-ako-vznikol-zeleny-dres-skoda","status":"publish","type":"post","link":"https:\/\/www.welovecycling.com\/sk\/2021\/07\/06\/pribeh-dresov-tour-de-france-ako-vznikol-zeleny-dres-skoda\/","title":{"rendered":"Pr\u00edbeh dresov Tour de France: Ako vznikol zelen\u00fd dres \u0160koda?"},"content":{"rendered":"<p><strong>Dnes sa pova\u017euje za samozrejm\u00e9, \u017ee ved\u00faci jazdci r\u00f4znych s\u00fa\u0165a\u017en\u00fdch klasifik\u00e1ci\u00ed nosia farebn\u00e9 dresy, aby sa odl\u00ed\u0161ili od ostatn\u00fdch jazdcov. Ale samozrejme v\u017edy to tak nebolo. Po\u010das prv\u00fdch asi desiatich rokov Tour de France, ke\u010f bolo m\u00e1lo pretek\u00e1rov a v\u00ed\u0165azila iba v\u0161eobecn\u00e1 klasifik\u00e1cia, mal jazdec, ktor\u00fd viedol preteky, okolo ruky zelen\u00fd p\u00e1s.<\/strong><\/p>\n<p><!--more--><\/p>\n<p>S n\u00e1padom na prv\u00fd dres Tour de France pri\u0161iel riadite\u013e pretekov Henri Desgrange na konci pretekov v roku 1919. Po prekonan\u00ed dvoch tret\u00edn pretekov v d\u013a\u017eke 5 560 km, v 11. etape, ke\u010f bolo do cie\u013ea u\u017e len 325 km, sa Desgrange rozhodol, \u017ee je potrebn\u00e9 jasnej\u0161ie odl\u00ed\u0161i\u0165 ved\u00faceho jazdca od ostatn\u00fdch pretek\u00e1rov.<\/p>\n<figure id=\"attachment_12121\" aria-describedby=\"caption-attachment-12121\" style=\"width: 1000px\" class=\"wp-caption alignnone\"><a href=\"https:\/\/d2p6e6u75xmxt8.cloudfront.net\/4\/2021\/07\/Henri-Desgrange-profimedia-0287458553.jpg\"><img loading=\"lazy\" decoding=\"async\" class=\"wp-image-12121 size-full\" src=\"https:\/\/d2p6e6u75xmxt8.cloudfront.net\/4\/2021\/07\/Henri-Desgrange-profimedia-0287458553.jpg\" alt=\"Henri Desgrange\" width=\"1000\" height=\"715\" \/><\/a><figcaption id=\"caption-attachment-12121\" class=\"wp-caption-text\">Ako prv\u00fd pri\u0161iel s my\u0161lienkou dresu Tour de France Henri Desgrange (C) \u00a9 Profimedia<\/figcaption><\/figure>\n<p>A tak 18. j\u00fala ved\u00faci pretek\u00e1r z\u00e1vodu, Eug\u00e8ne Christophe z Franc\u00fazska si obliekol prv\u00fd maillot jaune (\u017elt\u00fd dres) na Tour de France. Christopherovi sa v\u0161ak nesk\u00f4r v pretekoch na bicykli zlomila vidlica a skon\u010dil druh\u00fd za Belgi\u010danom Firminom Lambotom. Christophe povedal, \u017ee je to tak dobre, lebo nezn\u00e1\u0161a \u017elt\u00fd dres, preto\u017ee sa mu div\u00e1ci vysmievali, \u017ee vyzer\u00e1 ako kan\u00e1rik.<\/p>\n<p>\u017dlt\u00e1 farba bola zvolen\u00e1 pre maillot jaune, preto\u017ee to bola farba papiera, ktor\u00fa pri tla\u010di pou\u017e\u00edvali L\u2019Auto-V\u00e9lo, sponzorsk\u00e9 noviny pretekov (a predchodca modern\u00e9ho franc\u00fazskeho \u0161portov\u00e9ho t\u00fd\u017edenn\u00edka L\u2019\u00c9quipe).<\/p>\n<p>V roku 1933 bola k Tour pridan\u00e1 druh\u00e1 klasifik\u00e1cia &#8211; kr\u00e1\u013e h\u00f4r. Spolo\u010dnos\u0165 L&#8217;Auto-V\u00e9lo od roku 1905 nazvala jedn\u00e9ho cyklistu le meilleur grimpeur &#8211; najlep\u0161ieho vrch\u00e1r na Tour. Po Tour 1933 sa Desgrange rozhodol, \u017ee minuloro\u010dn\u00e9ho kr\u00e1\u013ea h\u00f4r, \u0161paniela Vicenta Truebu, ofici\u00e1lne uzn\u00e1 a \u017ee od roku 1934 dostan\u00fa jazdci, ktor\u00ed dosiahnu vrchol ako prv\u00ed, \u010dasov\u00fd bonus. To sa nesk\u00f4r zmenilo na bodov\u00fd syst\u00e9m na z\u00e1klade vrcholov\u00e9ho poradia v cieli a n\u00e1ro\u010dnosti st\u00fapania.<\/p>\n<figure id=\"attachment_12122\" aria-describedby=\"caption-attachment-12122\" style=\"width: 1024px\" class=\"wp-caption alignnone\"><a href=\"https:\/\/d2p6e6u75xmxt8.cloudfront.net\/2\/2021\/06\/Vicente-Trueba-profimedia-0067984429.jpg\"><img loading=\"lazy\" decoding=\"async\" class=\"size-large wp-image-12122\" src=\"https:\/\/d2p6e6u75xmxt8.cloudfront.net\/4\/2021\/07\/Vicente-Trueba-profimedia-0067984429-1024x767.jpg\" alt=\"Vicente Trueba\" width=\"1024\" height=\"767\" \/><\/a><figcaption id=\"caption-attachment-12122\" class=\"wp-caption-text\">Vicente Trueba st\u00fapa na horskom priechode Tourmalet na Tour v roku 1933. \u00a9 Profimedia<\/figcaption><\/figure>\n<p>V\u00fdrazn\u00fd \u010derveno-biely bodkovan\u00fd dres pre ved\u00faceho jazdca (maillot \u00e0 pois rouges) bol v\u0161ak predstaven\u00fd a\u017e v roku 1975. Dizajn a farbu dresu ur\u010dil op\u00e4\u0165 jeho sponzor, v\u00fdrobca \u010dokol\u00e1dy Chocolat Poulain, ktor\u00fd mal \u010derveno-biele logo.<\/p>\n<p>Sponzorstvo bolo tie\u017e d\u00f4vodom pre farbu zelen\u00e9ho dresu (maillot vert), ke\u010f sa organiz\u00e1tori Tour rozhodli prida\u0165 k pretekom \u010fal\u0161iu s\u00fa\u0165a\u017en\u00fa bodov\u00fa klasifik\u00e1ciu. Farba bola in\u0161pirovan\u00e1 sponzorom a to v\u00fdrobcom kosa\u010diek na tr\u00e1vu La Belle Jardini\u00e8re. P\u00edsal sa rok 1953 a p\u00e4\u0165desiate v\u00fdro\u010die Tour de France sa javilo ako vhodn\u00e1 pr\u00edle\u017eitos\u0165 pre nov\u00fd druh s\u00fa\u0165a\u017ee. Dres v\u0161ak nebol v\u017edy zelen\u00fd. V roku 1968 bola jeho farba \u010derven\u00e1, aby sa na\u0148 mohol umiestni\u0165 nov\u00fd sponzor. O rok nato sa v\u0161ak dres op\u00e4\u0165 zazelenal a odvtedy mu farba aj zostala.<\/p>\n<figure id=\"attachment_12123\" aria-describedby=\"caption-attachment-12123\" style=\"width: 1000px\" class=\"wp-caption alignnone\"><a href=\"https:\/\/d2p6e6u75xmxt8.cloudfront.net\/4\/2021\/07\/1978-Tour-profimedia-0020454086.jpg\"><img loading=\"lazy\" decoding=\"async\" class=\"size-full wp-image-12123\" src=\"https:\/\/d2p6e6u75xmxt8.cloudfront.net\/4\/2021\/07\/1978-Tour-profimedia-0020454086.jpg\" alt=\"1978 Tour\" width=\"1000\" height=\"699\" \/><\/a><figcaption id=\"caption-attachment-12123\" class=\"wp-caption-text\">V\u0161etky farby Tour 1978. Bernard Hinault so \u017elt\u00fdm dresom, Gerrie Knetermann, v\u00ed\u0165az poslednej etapy, franc\u00fazsky politik Maurice Couve de Murville (C), Freddy Maertens so zelen\u00fdm dresom a Franc\u00faz Mariano Martinez s \u010derveno-bielym bodkovan\u00fdm dresom. \u00a9 Profimedia<\/figcaption><\/figure>\n<p>V priebehu rokov sa na Tour de France striedali r\u00f4zny sponzori a\u017e do roku 2004, kedy sa spolo\u010dnos\u0165 \u0160koda stala ofici\u00e1lnym partnerom a aj ofici\u00e1lnym partnerom pre vozidl\u00e1 Tour de France. Spolo\u010dnos\u0165 \u0160koda od roku 2015 ka\u017edoro\u010dne sponzoruje \u201e\u0161print\u00e9rsky\u201c zelen\u00fd dres.<\/p>\n<p>V prv\u00fdch ro\u010dn\u00edkoch hist\u00f3rie zelen\u00e9ho dresu dost\u00e1vali cyklisti iba trestn\u00e9 body za to, \u017ee neskon\u010dili na vysokom mieste, preto bol cyklistovi s najmen\u0161\u00edm po\u010dtom trestn\u00fdch bodov pridelen\u00fd zelen\u00fd dres. Od roku 1959 sa syst\u00e9m zmenil na s\u00fa\u010dasn\u00fd stav: cyklistom sa ude\u013euj\u00fa body za vysok\u00e9 umiestnenia, pri\u010dom prv\u00e9 miesto z\u00edska jazdec s najviac bodmi a ni\u017e\u0161ie umiestnenia postupne jazdci, ktor\u00ed maj\u00fa menej bodov, aby cyklista s najvy\u0161\u0161\u00edm po\u010dtom bodov z\u00edskal zelen\u00fd dres nielen po\u010das jednotliv\u00fdch et\u00e1p ale aj na p\u00f3diu v Par\u00ed\u017ei.<\/p>\n<figure id=\"attachment_12124\" aria-describedby=\"caption-attachment-12124\" style=\"width: 1024px\" class=\"wp-caption alignnone\"><a href=\"https:\/\/d2p6e6u75xmxt8.cloudfront.net\/2\/2019\/07\/Peter-Sagan-Tour-2019-profimedia-0456066878.jpg\"><img loading=\"lazy\" decoding=\"async\" class=\"wp-image-12124 size-large\" src=\"https:\/\/d2p6e6u75xmxt8.cloudfront.net\/4\/2021\/07\/Peter-Sagan-Tour-2019-profimedia-0456066878-1024x682.jpg\" alt=\"Peter Sagan\" width=\"1024\" height=\"682\" \/><\/a><figcaption id=\"caption-attachment-12124\" class=\"wp-caption-text\">Legend\u00e1rny Peter Sagan, obliekaj\u00faci zelen\u00fd \u0160koda dres. \u00a9 Profimedia, AFP<\/figcaption><\/figure>\n<p>Prv\u00fdm jazdcom, ktor\u00fd z\u00edskal zelen\u00fd dres, bol \u0160vaj\u010diar Fritz Sch\u00e4r. Nie je prekvapen\u00edm, \u017ee jeho \u0161pecialitou bol \u0161print, ale bol tie\u017e slu\u0161n\u00fdm v\u0161estrann\u00fdm cyklistom. Jazdec, ktor\u00fd chce vyhra\u0165 zelen\u00fd dres, potrebuje primeran\u00fa \u00farove\u0148 v\u0161estrann\u00fdch schopnost\u00ed, preto\u017ee bude musie\u0165 v horsk\u00fdch etap\u00e1ch skon\u010di\u0165 v \u010dasovom limite a v ide\u00e1lnom pr\u00edpade by mal by\u0165 schopn\u00fd sa dobre umiestni\u0165 aj po\u010das \u0161printov horsk\u00fdch et\u00e1p.<\/p>\n<p>Napr\u00edklad Talian Mario Cipollini bol jedn\u00fdm z najlep\u0161\u00edch \u0161print\u00e9rov svojej doby, nikdy v\u0161ak nez\u00edskal zelen\u00fd dres Tour de France, preto\u017ee nebol ochotn\u00fd prekona\u0165 horsk\u00e9 etapy a dokon\u010di\u0165 preteky (hoci dokon\u010dil Giro d\u00b4Italia a nieko\u013ekokr\u00e1t vyhral bodov\u00fa klasifik\u00e1ciu).<\/p>\n<p>Preto\u017ee na Tour je menej horsk\u00fdch et\u00e1p ako rovinat\u00fdch alebo kopcovit\u00fdch, zelen\u00fd dres zvy\u010dajne vyhral \u0161print\u00e9r, ako napr\u00edklad Nemec Erik Zabel, \u0161es\u0165n\u00e1sobn\u00fd v\u00ed\u0165az zelen\u00e9ho dresu, alebo Slov\u00e1k Peter Sagan, ktor\u00fd z\u00edskal zelen\u00fd dres sedemkr\u00e1t.<\/p>\n<p>Bodov\u00e9 hodnotenie bolo vysk\u00fa\u0161an\u00e9 na Tour pred rokom 1953. Od roku 1905 do roku 1912 sa o v\u00ed\u0165azovi v\u0161eobecnej klasifik\u00e1cie nerozhodovalo pod\u013ea \u010dasu, ale na z\u00e1klade bodovacieho syst\u00e9mu, v ktorom sa umiestnenia denn\u00fdch et\u00e1p premietali do bodov. Ale bodov\u00e9 hodnotenie z\u00e1vodu odradilo s\u00fa\u0165a\u017eiacich od tvrdej jazdy, preto\u017ee nez\u00e1le\u017ealo na tom, \u010di skon\u010dili sekundy alebo hodiny za sebou, tak\u017ee mali tendenciu jazdi\u0165 spolu v uvo\u013enenom tempe a\u017e do bl\u00edzkosti cie\u013eovej \u010diary, kde \u0161printovali do cie\u013ea.<\/p>\n","protected":false},"excerpt":{"rendered":"<p>Dnes sa pova\u017euje za samozrejm\u00e9, \u017ee ved\u00faci jazdci r\u00f4znych s\u00fa\u0165a\u017en\u00fdch klasifik\u00e1ci\u00ed nosia farebn\u00e9 dresy, aby sa odl\u00ed\u0161ili od ostatn\u00fdch jazdcov. [&hellip;]<\/p>\n","protected":false},"author":172,"featured_media":12126,"comment_status":"open","ping_status":"open","sticky":false,"template":"","format":"standard","meta":{"footnotes":""},"categories":[4],"tags":[175,331,1278,1367,179,542,1009,1346,20,1359,1250,174],"global-categories":[],"class_list":["post-12120","post","type-post","status-publish","format-standard","has-post-thumbnail","hentry","category-cestna-cyklisitika","tag-bodkovany-dres","tag-etapove-preteky","tag-eugene-christophe","tag-henri-desgrange","tag-preteky","tag-skoda","tag-skoda-auto","tag-skoda-zeleny-dres","tag-tour-de-france","tag-tour-de-france-2021","tag-yellov-yersey","tag-zlty-dres"],"yoast_head":"<!-- This site is optimized with the Yoast SEO Premium plugin v25.3 (Yoast SEO v25.9) - https:\/\/yoast.com\/wordpress\/plugins\/seo\/ -->\n<title>Pr\u00edbeh dresov Tour de France: Ako vznikol zelen\u00fd dres \u0160koda?<\/title>\n<meta name=\"description\" content=\"Po\u010das prv\u00fdch asi desiatich rokov Tour de France, ke\u010f bolo m\u00e1lo pretek\u00e1rov, mal jazdec, ktor\u00fd viedol preteky, okolo ruky zelen\u00fd p\u00e1s.\" \/>\n<meta name=\"robots\" content=\"index, follow, max-snippet:-1, max-image-preview:large, max-video-preview:-1\" \/>\n<link rel=\"canonical\" href=\"https:\/\/www.welovecycling.com\/sk\/2021\/07\/06\/pribeh-dresov-tour-de-france-ako-vznikol-zeleny-dres-skoda\/\" \/>\n<meta property=\"og:locale\" content=\"sk_SK\" \/>\n<meta property=\"og:type\" content=\"article\" \/>\n<meta property=\"og:title\" content=\"Pr\u00edbeh dresov Tour de France: Ako vznikol zelen\u00fd dres \u0160koda?\" \/>\n<meta property=\"og:description\" content=\"Po\u010das prv\u00fdch asi desiatich rokov Tour de France, ke\u010f bolo m\u00e1lo pretek\u00e1rov, mal jazdec, ktor\u00fd viedol preteky, okolo ruky zelen\u00fd p\u00e1s.\" \/>\n<meta property=\"og:url\" content=\"https:\/\/www.welovecycling.com\/sk\/2021\/07\/06\/pribeh-dresov-tour-de-france-ako-vznikol-zeleny-dres-skoda\/\" \/>\n<meta property=\"og:site_name\" content=\"\u0160koda We Love Cycling Slovensko\" \/>\n<meta property=\"article:published_time\" content=\"2021-07-06T12:00:34+00:00\" \/>\n<meta property=\"article:modified_time\" content=\"2023-04-26T11:01:26+00:00\" \/>\n<meta property=\"og:image\" content=\"https:\/\/d2p6e6u75xmxt8.cloudfront.net\/4\/2021\/07\/Peter-Sagan-Green-Jersey-profimedia-0456797088-CVR.webp\" \/>\n\t<meta property=\"og:image:width\" content=\"1366\" \/>\n\t<meta property=\"og:image:height\" content=\"596\" \/>\n\t<meta property=\"og:image:type\" content=\"image\/webp\" \/>\n<meta name=\"author\" content=\"dominika\" \/>\n<meta name=\"twitter:card\" content=\"summary_large_image\" \/>\n<meta name=\"twitter:label1\" content=\"Written by\" \/>\n\t<meta name=\"twitter:data1\" content=\"WeLoveCycling\" \/>\n\t<meta name=\"twitter:label2\" content=\"Est. reading time\" \/>\n\t<meta name=\"twitter:data2\" content=\"6\" \/>\n<script type=\"application\/ld+json\" class=\"yoast-schema-graph\">{\"@context\":\"https:\/\/schema.org\",\"@graph\":[{\"@type\":\"WebPage\",\"@id\":\"https:\/\/www.welovecycling.com\/sk\/2021\/07\/06\/pribeh-dresov-tour-de-france-ako-vznikol-zeleny-dres-skoda\/\",\"url\":\"https:\/\/www.welovecycling.com\/sk\/2021\/07\/06\/pribeh-dresov-tour-de-france-ako-vznikol-zeleny-dres-skoda\/\",\"name\":\"Pr\u00edbeh dresov Tour de France: Ako vznikol zelen\u00fd dres \u0160koda?\",\"isPartOf\":{\"@id\":\"https:\/\/www.welovecycling.com\/sk\/#website\"},\"primaryImageOfPage\":{\"@id\":\"https:\/\/www.welovecycling.com\/sk\/2021\/07\/06\/pribeh-dresov-tour-de-france-ako-vznikol-zeleny-dres-skoda\/#primaryimage\"},\"image\":{\"@id\":\"https:\/\/www.welovecycling.com\/sk\/2021\/07\/06\/pribeh-dresov-tour-de-france-ako-vznikol-zeleny-dres-skoda\/#primaryimage\"},\"thumbnailUrl\":\"https:\/\/d2p6e6u75xmxt8.cloudfront.net\/4\/2021\/07\/Peter-Sagan-Green-Jersey-profimedia-0456797088-CVR.webp\",\"datePublished\":\"2021-07-06T12:00:34+00:00\",\"dateModified\":\"2023-04-26T11:01:26+00:00\",\"author\":{\"@id\":\"https:\/\/www.welovecycling.com\/sk\/#\/schema\/person\/533b62b98b6c41bd5135ebfb1f742624\"},\"description\":\"Po\u010das prv\u00fdch asi desiatich rokov Tour de France, ke\u010f bolo m\u00e1lo pretek\u00e1rov, mal jazdec, ktor\u00fd viedol preteky, okolo ruky zelen\u00fd p\u00e1s.\",\"breadcrumb\":{\"@id\":\"https:\/\/www.welovecycling.com\/sk\/2021\/07\/06\/pribeh-dresov-tour-de-france-ako-vznikol-zeleny-dres-skoda\/#breadcrumb\"},\"inLanguage\":\"sk-SK\",\"potentialAction\":[{\"@type\":\"ReadAction\",\"target\":[\"https:\/\/www.welovecycling.com\/sk\/2021\/07\/06\/pribeh-dresov-tour-de-france-ako-vznikol-zeleny-dres-skoda\/\"]}]},{\"@type\":\"ImageObject\",\"inLanguage\":\"sk-SK\",\"@id\":\"https:\/\/www.welovecycling.com\/sk\/2021\/07\/06\/pribeh-dresov-tour-de-france-ako-vznikol-zeleny-dres-skoda\/#primaryimage\",\"url\":\"https:\/\/d2p6e6u75xmxt8.cloudfront.net\/4\/2021\/07\/Peter-Sagan-Green-Jersey-profimedia-0456797088-CVR.webp\",\"contentUrl\":\"https:\/\/d2p6e6u75xmxt8.cloudfront.net\/4\/2021\/07\/Peter-Sagan-Green-Jersey-profimedia-0456797088-CVR.webp\",\"width\":1366,\"height\":596,\"caption\":\"Peter Sagan in Green Jersey\"},{\"@type\":\"BreadcrumbList\",\"@id\":\"https:\/\/www.welovecycling.com\/sk\/2021\/07\/06\/pribeh-dresov-tour-de-france-ako-vznikol-zeleny-dres-skoda\/#breadcrumb\",\"itemListElement\":[{\"@type\":\"ListItem\",\"position\":1,\"name\":\"Home\",\"item\":\"https:\/\/www.welovecycling.com\/sk\/\"},{\"@type\":\"ListItem\",\"position\":2,\"name\":\"Pr\u00edbeh dresov Tour de France: Ako vznikol zelen\u00fd dres \u0160koda?\"}]},{\"@type\":\"WebSite\",\"@id\":\"https:\/\/www.welovecycling.com\/sk\/#website\",\"url\":\"https:\/\/www.welovecycling.com\/sk\/\",\"name\":\"\u0160koda We Love Cycling Slovensko\",\"description\":\"\u0160koda We Love Cycling Slovensko je v\u00e1\u0161 ka\u017edodenn\u00fd zdroj noviniek a in\u0161pir\u00e1cie z sveta cyklistiky\",\"potentialAction\":[{\"@type\":\"SearchAction\",\"target\":{\"@type\":\"EntryPoint\",\"urlTemplate\":\"https:\/\/www.welovecycling.com\/sk\/?s={search_term_string}\"},\"query-input\":{\"@type\":\"PropertyValueSpecification\",\"valueRequired\":true,\"valueName\":\"search_term_string\"}}],\"inLanguage\":\"sk-SK\"},{\"@type\":\"Person\",\"@id\":\"https:\/\/www.welovecycling.com\/sk\/#\/schema\/person\/533b62b98b6c41bd5135ebfb1f742624\",\"name\":\"dominika\",\"image\":{\"@type\":\"ImageObject\",\"inLanguage\":\"sk-SK\",\"@id\":\"https:\/\/www.welovecycling.com\/sk\/#\/schema\/person\/image\/\",\"url\":\"https:\/\/secure.gravatar.com\/avatar\/ded6f274ba2ec3e17fff153f7d9d96a4b33c2cb63907f75d9a5309c599a7f3e6?s=96&d=mm&r=g\",\"contentUrl\":\"https:\/\/secure.gravatar.com\/avatar\/ded6f274ba2ec3e17fff153f7d9d96a4b33c2cb63907f75d9a5309c599a7f3e6?s=96&d=mm&r=g\",\"caption\":\"dominika\"},\"url\":\"https:\/\/www.welovecycling.com\/sk\/author\/dominika\/\"}]}<\/script>\n<!-- \/ Yoast SEO Premium plugin. -->","yoast_head_json":{"title":"Pr\u00edbeh dresov Tour de France: Ako vznikol zelen\u00fd dres \u0160koda?","description":"Po\u010das prv\u00fdch asi desiatich rokov Tour de France, ke\u010f bolo m\u00e1lo pretek\u00e1rov, mal jazdec, ktor\u00fd viedol preteky, okolo ruky zelen\u00fd p\u00e1s.","robots":{"index":"index","follow":"follow","max-snippet":"max-snippet:-1","max-image-preview":"max-image-preview:large","max-video-preview":"max-video-preview:-1"},"canonical":"https:\/\/www.welovecycling.com\/sk\/2021\/07\/06\/pribeh-dresov-tour-de-france-ako-vznikol-zeleny-dres-skoda\/","og_locale":"sk_SK","og_type":"article","og_title":"Pr\u00edbeh dresov Tour de France: Ako vznikol zelen\u00fd dres \u0160koda?","og_description":"Po\u010das prv\u00fdch asi desiatich rokov Tour de France, ke\u010f bolo m\u00e1lo pretek\u00e1rov, mal jazdec, ktor\u00fd viedol preteky, okolo ruky zelen\u00fd p\u00e1s.","og_url":"https:\/\/www.welovecycling.com\/sk\/2021\/07\/06\/pribeh-dresov-tour-de-france-ako-vznikol-zeleny-dres-skoda\/","og_site_name":"\u0160koda We Love Cycling Slovensko","article_published_time":"2021-07-06T12:00:34+00:00","article_modified_time":"2023-04-26T11:01:26+00:00","og_image":[{"width":1366,"height":596,"url":"https:\/\/d2p6e6u75xmxt8.cloudfront.net\/4\/2021\/07\/Peter-Sagan-Green-Jersey-profimedia-0456797088-CVR.webp","type":"image\/webp"}],"author":"dominika","twitter_card":"summary_large_image","twitter_misc":{"Written by":"WeLoveCycling","Est. reading time":"6"},"schema":{"@context":"https:\/\/schema.org","@graph":[{"@type":"WebPage","@id":"https:\/\/www.welovecycling.com\/sk\/2021\/07\/06\/pribeh-dresov-tour-de-france-ako-vznikol-zeleny-dres-skoda\/","url":"https:\/\/www.welovecycling.com\/sk\/2021\/07\/06\/pribeh-dresov-tour-de-france-ako-vznikol-zeleny-dres-skoda\/","name":"Pr\u00edbeh dresov Tour de France: Ako vznikol zelen\u00fd dres \u0160koda?","isPartOf":{"@id":"https:\/\/www.welovecycling.com\/sk\/#website"},"primaryImageOfPage":{"@id":"https:\/\/www.welovecycling.com\/sk\/2021\/07\/06\/pribeh-dresov-tour-de-france-ako-vznikol-zeleny-dres-skoda\/#primaryimage"},"image":{"@id":"https:\/\/www.welovecycling.com\/sk\/2021\/07\/06\/pribeh-dresov-tour-de-france-ako-vznikol-zeleny-dres-skoda\/#primaryimage"},"thumbnailUrl":"https:\/\/d2p6e6u75xmxt8.cloudfront.net\/4\/2021\/07\/Peter-Sagan-Green-Jersey-profimedia-0456797088-CVR.webp","datePublished":"2021-07-06T12:00:34+00:00","dateModified":"2023-04-26T11:01:26+00:00","author":{"@id":"https:\/\/www.welovecycling.com\/sk\/#\/schema\/person\/533b62b98b6c41bd5135ebfb1f742624"},"description":"Po\u010das prv\u00fdch asi desiatich rokov Tour de France, ke\u010f bolo m\u00e1lo pretek\u00e1rov, mal jazdec, ktor\u00fd viedol preteky, okolo ruky zelen\u00fd p\u00e1s.","breadcrumb":{"@id":"https:\/\/www.welovecycling.com\/sk\/2021\/07\/06\/pribeh-dresov-tour-de-france-ako-vznikol-zeleny-dres-skoda\/#breadcrumb"},"inLanguage":"sk-SK","potentialAction":[{"@type":"ReadAction","target":["https:\/\/www.welovecycling.com\/sk\/2021\/07\/06\/pribeh-dresov-tour-de-france-ako-vznikol-zeleny-dres-skoda\/"]}]},{"@type":"ImageObject","inLanguage":"sk-SK","@id":"https:\/\/www.welovecycling.com\/sk\/2021\/07\/06\/pribeh-dresov-tour-de-france-ako-vznikol-zeleny-dres-skoda\/#primaryimage","url":"https:\/\/d2p6e6u75xmxt8.cloudfront.net\/4\/2021\/07\/Peter-Sagan-Green-Jersey-profimedia-0456797088-CVR.webp","contentUrl":"https:\/\/d2p6e6u75xmxt8.cloudfront.net\/4\/2021\/07\/Peter-Sagan-Green-Jersey-profimedia-0456797088-CVR.webp","width":1366,"height":596,"caption":"Peter Sagan in Green Jersey"},{"@type":"BreadcrumbList","@id":"https:\/\/www.welovecycling.com\/sk\/2021\/07\/06\/pribeh-dresov-tour-de-france-ako-vznikol-zeleny-dres-skoda\/#breadcrumb","itemListElement":[{"@type":"ListItem","position":1,"name":"Home","item":"https:\/\/www.welovecycling.com\/sk\/"},{"@type":"ListItem","position":2,"name":"Pr\u00edbeh dresov Tour de France: Ako vznikol zelen\u00fd dres \u0160koda?"}]},{"@type":"WebSite","@id":"https:\/\/www.welovecycling.com\/sk\/#website","url":"https:\/\/www.welovecycling.com\/sk\/","name":"\u0160koda We Love Cycling Slovensko","description":"\u0160koda We Love Cycling Slovensko je v\u00e1\u0161 ka\u017edodenn\u00fd zdroj noviniek a in\u0161pir\u00e1cie z sveta cyklistiky","potentialAction":[{"@type":"SearchAction","target":{"@type":"EntryPoint","urlTemplate":"https:\/\/www.welovecycling.com\/sk\/?s={search_term_string}"},"query-input":{"@type":"PropertyValueSpecification","valueRequired":true,"valueName":"search_term_string"}}],"inLanguage":"sk-SK"},{"@type":"Person","@id":"https:\/\/www.welovecycling.com\/sk\/#\/schema\/person\/533b62b98b6c41bd5135ebfb1f742624","name":"dominika","image":{"@type":"ImageObject","inLanguage":"sk-SK","@id":"https:\/\/www.welovecycling.com\/sk\/#\/schema\/person\/image\/","url":"https:\/\/secure.gravatar.com\/avatar\/ded6f274ba2ec3e17fff153f7d9d96a4b33c2cb63907f75d9a5309c599a7f3e6?s=96&d=mm&r=g","contentUrl":"https:\/\/secure.gravatar.com\/avatar\/ded6f274ba2ec3e17fff153f7d9d96a4b33c2cb63907f75d9a5309c599a7f3e6?s=96&d=mm&r=g","caption":"dominika"},"url":"https:\/\/www.welovecycling.com\/sk\/author\/dominika\/"}]}},"_links":{"self":[{"href":"https:\/\/www.welovecycling.com\/sk\/wp-json\/wp\/v2\/posts\/12120","targetHints":{"allow":["GET"]}}],"collection":[{"href":"https:\/\/www.welovecycling.com\/sk\/wp-json\/wp\/v2\/posts"}],"about":[{"href":"https:\/\/www.welovecycling.com\/sk\/wp-json\/wp\/v2\/types\/post"}],"author":[{"embeddable":true,"href":"https:\/\/www.welovecycling.com\/sk\/wp-json\/wp\/v2\/users\/172"}],"replies":[{"embeddable":true,"href":"https:\/\/www.welovecycling.com\/sk\/wp-json\/wp\/v2\/comments?post=12120"}],"version-history":[{"count":2,"href":"https:\/\/www.welovecycling.com\/sk\/wp-json\/wp\/v2\/posts\/12120\/revisions"}],"predecessor-version":[{"id":12130,"href":"https:\/\/www.welovecycling.com\/sk\/wp-json\/wp\/v2\/posts\/12120\/revisions\/12130"}],"wp:featuredmedia":[{"embeddable":true,"href":"https:\/\/www.welovecycling.com\/sk\/wp-json\/wp\/v2\/media\/12126"}],"wp:attachment":[{"href":"https:\/\/www.welovecycling.com\/sk\/wp-json\/wp\/v2\/media?parent=12120"}],"wp:term":[{"taxonomy":"category","embeddable":true,"href":"https:\/\/www.welovecycling.com\/sk\/wp-json\/wp\/v2\/categories?post=12120"},{"taxonomy":"post_tag","embeddable":true,"href":"https:\/\/www.welovecycling.com\/sk\/wp-json\/wp\/v2\/tags?post=12120"},{"taxonomy":"global-categories","embeddable":true,"href":"https:\/\/www.welovecycling.com\/sk\/wp-json\/wp\/v2\/global-categories?post=12120"}],"curies":[{"name":"wp","href":"https:\/\/api.w.org\/{rel}","templated":true}]}}