{"id":12091,"date":"2021-07-06T10:00:41","date_gmt":"2021-07-06T08:00:41","guid":{"rendered":"https:\/\/www.welovecycling.com\/sk\/?p=12091"},"modified":"2023-04-20T10:55:13","modified_gmt":"2023-04-20T08:55:13","slug":"kto-vyhra-zeleny-dres-skoda","status":"publish","type":"post","link":"https:\/\/www.welovecycling.com\/sk\/2021\/07\/06\/kto-vyhra-zeleny-dres-skoda\/","title":{"rendered":"Kto vyhr\u00e1 zelen\u00fd dres \u0160koda?"},"content":{"rendered":"<p><strong>Tohtoro\u010dn\u00e1 s\u00fa\u0165a\u017e o zelen\u00fd dres na Tour de France vyzer\u00e1 ako nap\u00ednav\u00e1 s\u00fa\u0165a\u017e troch mu\u017eov, ktor\u00e1 sa definit\u00edvne rozhodne v z\u00e1vere\u010dnom \u0161printe do cie\u013ea v Par\u00ed\u017ei &#8211; a\u017e do ozn\u00e1menia, \u017ee minuloro\u010dn\u00fd v\u00ed\u0165az Sam Bennett z Deceuninck-QuickStep sa nez\u00fa\u010dastn\u00ed na Tour kv\u00f4li zraneniu.<\/strong><\/p>\n<p><!--more--><\/p>\n<p>Pod\u013ea v\u0161etk\u00e9ho si Bennett, ktor\u00fd za\u017eil skvel\u00fa jar, s\u00fa\u010das\u0165ou ktorej bolo v\u00ed\u0165azstvo na jednod\u0148ovom turnaji Classic Brugge\u2013De Panne Volta ao Algarve a dvoch etap\u00e1ch Par\u00ed\u017e-Nice &#8211; poranil prav\u00e9 koleno tak, \u017ee si ho narazilo na riadidl\u00e1 bicykla, ale jeho zranenie sa m\u00e1 e\u0161te pos\u00fadi\u0165 v Belgicku.<\/p>\n<div class=\"embed-controller-wrapper\">\n<blockquote class=\"twitter-tweet\" data-width=\"500\" data-dnt=\"true\">\n<p lang=\"en\" dir=\"ltr\">Stay strong and get well soon, <a href=\"https:\/\/twitter.com\/Sammmy_Be?ref_src=twsrc%5Etfw\">@Sammmy_Be<\/a> \ud83d\udc4a <a href=\"https:\/\/t.co\/be2O0N4lEJ\">https:\/\/t.co\/be2O0N4lEJ<\/a><\/p>\n<p>&mdash; Soudal Quick-Step Pro Cycling Team (@soudalquickstep) <a href=\"https:\/\/twitter.com\/soudalquickstep\/status\/1407269585775214593?ref_src=twsrc%5Etfw\">June 22, 2021<\/a><\/p><\/blockquote>\n<p><script async data-src=\"https:\/\/platform.twitter.com\/widgets.js\" charset=\"utf-8\"><\/script><\/div>\n<p>V\u00fdsledkom je, \u017ee teraz s\u00fa v hre u\u017e len dvaja adepti na zelen\u00fd dres na Tour a to sedemn\u00e1sobn\u00fd v\u00ed\u0165az Peter Sagan, ktor\u00fd u\u017e tento rok vyhral bodov\u00fa klasifik\u00e1ciu na Giro d&#8217;Italia, a Austr\u00e1l\u010dan Caleb Ewan, ktor\u00fd mal tie\u017e \u0161ancu vyhra\u0165 nejednu etapu na tohtoro\u010dnej Grand Tour.<\/p>\n<p>\u010eal\u0161\u00edm, a nie menej vzru\u0161uj\u00facim vyjadren\u00edm v d\u00f4sledku zranenia, bolo vyhl\u00e1senie Patricka Lefevereho, t\u00edmov\u00e9ho mana\u017e\u00e9ra Deceuninck-QuickStep. V pondelok Lefevere v rozhovore pre belgick\u00e9 m\u00e9di\u00e1 v podstate spochyb\u0148oval Bennettovu odvahu.<\/p>\n<p><em>&#8222;Ke\u010f Bennett volal, \u017ee je zranen\u00fd a \u017ee potrebuje odpo\u010dinok, u\u017e sme c\u00edtili, \u017ee nebude pripraven\u00fd na Tour,&#8220;<\/em> uviedol.<\/p>\n<p><em>&#8222;Nem\u00f4\u017eem dok\u00e1za\u0165, \u017ee nem\u00e1 bolesti kolena, ale \u010doraz viac si za\u010d\u00ednam myslie\u0165, \u017ee je to sk\u00f4r strach zo zlyhania, ako len boles\u0165.&#8220;<\/em><\/p>\n<p>V dobrom aj v zlom, toto bude posledn\u00fd rok Bennetta v Deceuninck-QuickStep. Hovor\u00ed sa o \u0148om, \u017ee prest\u00fapi do Saganovho t\u00edmu Bora-Hansgrohe alebo Ineos Grenadiers.<\/p>\n<figure id=\"attachment_12093\" aria-describedby=\"caption-attachment-12093\" style=\"width: 1000px\" class=\"wp-caption alignnone\"><a href=\"https:\/\/d2p6e6u75xmxt8.cloudfront.net\/4\/2021\/06\/Sam-Bennett-profimedia-0557558616.jpg\"><img loading=\"lazy\" decoding=\"async\" class=\"wp-image-12093 size-full\" src=\"https:\/\/d2p6e6u75xmxt8.cloudfront.net\/4\/2021\/06\/Sam-Bennett-profimedia-0557558616.jpg\" alt=\"Sam Bennett\" width=\"1000\" height=\"667\" \/><\/a><figcaption id=\"caption-attachment-12093\" class=\"wp-caption-text\">Bennett na Tour v roku 2020. \u00a9 Profimedia<\/figcaption><\/figure>\n<p>Sagana tie\u017e kritizoval jeho vlastn\u00fd t\u00edmov\u00fd mana\u017e\u00e9r Ralph Denk, ktor\u00fd za\u010diatkom tohto roka pre nemeck\u00fd denn\u00edk K\u00f6lner Stadt-Anzeiger povedal: <em>\u201eSme ve\u013emi v\u010fa\u010dn\u00ed za to, \u010do pre n\u00e1s Peter znamen\u00e1. Sponzorom sa v\u010faka nemu dostalo ve\u013ekej pozornosti, ale u\u017e za\u010d\u00edna vstupova\u0165 do z\u00e1veru svojej kari\u00e9ry. Mus\u00edme tie\u017e zv\u00e1\u017ei\u0165, \u010di za to st\u00e1le chceme plati\u0165, alebo je lep\u0161ie investova\u0165 tieto peniaze do mlad\u0161\u00edch?\u201c<\/em><\/p>\n<p>Saganovo v\u00ed\u0165azstvo maglia ciclamino na tohtoro\u010dnom Giro bolo o to slad\u0161ie, \u017ee uk\u00e1zal Denkovi a \u010fal\u0161\u00edm pochybuj\u00facim, \u017ee je st\u00e1le impozantn\u00fdm pretek\u00e1rom. A ke\u010f\u017ee Bennett bude ch\u00fdba\u0165 na Tour, \u0161ance Slov\u00e1ka na rekordn\u00fd \u00f4smy zelen\u00fd dres Tour sa zv\u00fd\u0161ili.<\/p>\n<p>Ale Ewan je dnes najlep\u0161\u00edm \u0161print\u00e9rom na svete a tohtoro\u010dn\u00e1 Tour uprednost\u0148uje \u0161print\u00e9rov, preto\u017ee je tu menej st\u00fapan\u00ed ako v minulom roku, \u017eiadne nov\u00e9 hory alebo dlh\u0161ie \u00faseky v horsk\u00fdch oblastiach Jura, Massif Central alebo Vosges a osem et\u00e1p pre \u0161print\u00e9rov. To najlep\u0161\u00edm \u0161print\u00e9rom umo\u017en\u00ed nazbiera\u0165 viac bodov a u\u013eah\u010d\u00ed im to pre\u017eitie v st\u00fapaniach.<\/p>\n<p>Ewan m\u00e1 za sebou tie\u017e p\u00f4sobiv\u00fa jarn\u00fa sez\u00f3nu. Na Gire vyhral dve etapy a po vypadnut\u00ed z pretekov viedol v bodovej klasifik\u00e1cii, ktor\u00fa nesk\u00f4r vyhral Sagan. Vyhral tie\u017e bodov\u00fa klasifik\u00e1ciu Tour of Belgium a v jednod\u0148ovom Mil\u00e1no-San Remo bol druh\u00fd. A zatia\u013e \u010do Sagan v 31 rokoch z\u010faleka nie je na konci kari\u00e9ry, Ewan je o p\u00e4\u0165 rokov mlad\u0161\u00ed a svie\u017eej\u0161\u00ed.<\/p>\n<figure id=\"attachment_12094\" aria-describedby=\"caption-attachment-12094\" style=\"width: 1000px\" class=\"wp-caption alignnone\"><a href=\"https:\/\/d2p6e6u75xmxt8.cloudfront.net\/4\/2021\/06\/Caleb-Ewan-profimedia-0615396805.jpg\"><img loading=\"lazy\" decoding=\"async\" class=\"wp-image-12094 size-full\" src=\"https:\/\/d2p6e6u75xmxt8.cloudfront.net\/4\/2021\/06\/Caleb-Ewan-profimedia-0615396805.jpg\" alt=\"Caleb Ewan\" width=\"1000\" height=\"666\" \/><\/a><figcaption id=\"caption-attachment-12094\" class=\"wp-caption-text\">Ewan, prech\u00e1dza cie\u013eom, ke\u010f vyhral \u0161tvrt\u00fa etapu cyklistick\u00fdch pretekov Baloise Belgium Tour, v d\u013a\u017eke 152,6 km, sobota 12. j\u00fana 2021. \u00a9 Profimedia<\/figcaption><\/figure>\n<p>Sagan v\u0161ak jednoducho vie, ako vyhra\u0165, a podporuje ho t\u00edm, ktor\u00fd mu vie pom\u00f4c\u0165 k v\u00ed\u0165azstvu. A bude zbiera\u0165 body v\u0161ade, kde je to mo\u017en\u00e9, a to je recept, ktor\u00fd ho doviedol k z\u00edskaniu svojich siedmich zelen\u00fdch dresov.<\/p>\n<p>Po ne\u0161\u0165astnom p\u00e1de Sagana a Ewana ost\u00e1va v hre u\u017e len Peter a ak by aj on zav\u00e1hal alebo nejako ne\u0161\u0165astne padol, dvoma \u010fal\u0161\u00edmi adeptami na zelen\u00fd dres by mohli by\u0165 Wout van Aert z t\u00edmu Jumbo-Visma a Sonny Colbrelli z Bahrain-Victorious.<\/p>\n<p>Dvadsa\u0165\u0161es\u0165ro\u010dn\u00fd van Aert sa v minuloro\u010dnej s\u00fa\u0165a\u017ei o zelen\u00fd dres na Tour umiestnil na piatom mieste bez toho, aby sa o to v\u00f4bec pok\u00fasil, preto\u017ee pom\u00e1hal ved\u00facemu jazdcovi t\u00edmu Primo\u017eovi Rogli\u010dovi k tesn\u00e9mu druh\u00e9mu miestu v klasifik\u00e1cii. Pravdepodobne sa aj tento rok znova obetuje pre Rogli\u010da, ale van Aert m\u00f4\u017ee by\u0165 tak dobr\u00fd, aby to aj tak vyhral. A ak by Slovinec z nejak\u00e9ho d\u00f4vodu vypadol, bol by impozantn\u00fdm uch\u00e1dza\u010dom o zelen\u00fd dres.<\/p>\n<p>Colbrelli tento rok na jar z\u00edskal zelen\u00fd dres na Tour de Romandie aj na Crit\u00e9rium du Dauphin\u00e9, tak\u017ee rozhodne m\u00e1 na to formu aj amb\u00edcie. Nikdy v\u0161ak nevyhral etapu na Grand Tour &#8211; a je v\u00f4bec tak\u00fd r\u00fdchly ako Sagan?<\/p>\n","protected":false},"excerpt":{"rendered":"<p>Tohtoro\u010dn\u00e1 s\u00fa\u0165a\u017e o zelen\u00fd dres na Tour de France vyzer\u00e1 ako nap\u00ednav\u00e1 s\u00fa\u0165a\u017e troch mu\u017eov, ktor\u00e1 sa definit\u00edvne rozhodne v [&hellip;]<\/p>\n","protected":false},"author":172,"featured_media":12096,"comment_status":"open","ping_status":"open","sticky":false,"template":"","format":"standard","meta":{"footnotes":""},"categories":[4],"tags":[198,115,306,46,885,1365,1346,20,1359,886,907,156],"global-categories":[],"class_list":["post-12091","post","type-post","status-publish","format-standard","has-post-thumbnail","hentry","category-cestna-cyklisitika","tag-caleb-ewan","tag-cestna-cyklistika","tag-francuzsko","tag-peter-sagan","tag-profesional","tag-sam-bennett","tag-skoda-zeleny-dres","tag-tour-de-france","tag-tour-de-france-2021","tag-vitazstvo","tag-wout-van-aert","tag-zeleny-dres"],"yoast_head":"<!-- This site is optimized with the Yoast SEO Premium plugin v25.3 (Yoast SEO v25.9) - https:\/\/yoast.com\/wordpress\/plugins\/seo\/ -->\n<title>Kto vyhr\u00e1 zelen\u00fd dres \u0160koda?<\/title>\n<meta name=\"description\" content=\"S\u00fa\u0165a\u017e o zelen\u00fd dres na Tour de France vyzer\u00e1 ako nap\u00ednav\u00e1 s\u00fa\u0165a\u017e troch mu\u017eov, ktor\u00e1 sa rozhodne v z\u00e1vere\u010dnom \u0161printe do cie\u013ea v Par\u00ed\u017ei.\" \/>\n<meta name=\"robots\" content=\"index, follow, max-snippet:-1, max-image-preview:large, max-video-preview:-1\" \/>\n<link rel=\"canonical\" href=\"https:\/\/www.welovecycling.com\/sk\/2021\/07\/06\/kto-vyhra-zeleny-dres-skoda\/\" \/>\n<meta property=\"og:locale\" content=\"sk_SK\" \/>\n<meta property=\"og:type\" content=\"article\" \/>\n<meta property=\"og:title\" content=\"Kto vyhr\u00e1 zelen\u00fd dres \u0160koda?\" \/>\n<meta property=\"og:description\" content=\"S\u00fa\u0165a\u017e o zelen\u00fd dres na Tour de France vyzer\u00e1 ako nap\u00ednav\u00e1 s\u00fa\u0165a\u017e troch mu\u017eov, ktor\u00e1 sa rozhodne v z\u00e1vere\u010dnom \u0161printe do cie\u013ea v Par\u00ed\u017ei.\" \/>\n<meta property=\"og:url\" content=\"https:\/\/www.welovecycling.com\/sk\/2021\/07\/06\/kto-vyhra-zeleny-dres-skoda\/\" \/>\n<meta property=\"og:site_name\" content=\"\u0160koda We Love Cycling Slovensko\" \/>\n<meta property=\"article:published_time\" content=\"2021-07-06T08:00:41+00:00\" \/>\n<meta property=\"article:modified_time\" content=\"2023-04-20T08:55:13+00:00\" \/>\n<meta property=\"og:image\" content=\"https:\/\/d2p6e6u75xmxt8.cloudfront.net\/4\/2021\/06\/Tour-de-France-profimedia-0557094496-CVR.webp\" \/>\n\t<meta property=\"og:image:width\" content=\"1366\" \/>\n\t<meta property=\"og:image:height\" content=\"596\" \/>\n\t<meta property=\"og:image:type\" content=\"image\/webp\" \/>\n<meta name=\"author\" content=\"dominika\" \/>\n<meta name=\"twitter:card\" content=\"summary_large_image\" \/>\n<meta name=\"twitter:label1\" content=\"Written by\" \/>\n\t<meta name=\"twitter:data1\" content=\"Siegfried Mortkowitz\" \/>\n\t<meta name=\"twitter:label2\" content=\"Est. reading time\" \/>\n\t<meta name=\"twitter:data2\" content=\"5\" \/>\n<script type=\"application\/ld+json\" class=\"yoast-schema-graph\">{\"@context\":\"https:\/\/schema.org\",\"@graph\":[{\"@type\":\"WebPage\",\"@id\":\"https:\/\/www.welovecycling.com\/sk\/2021\/07\/06\/kto-vyhra-zeleny-dres-skoda\/\",\"url\":\"https:\/\/www.welovecycling.com\/sk\/2021\/07\/06\/kto-vyhra-zeleny-dres-skoda\/\",\"name\":\"Kto vyhr\u00e1 zelen\u00fd dres \u0160koda?\",\"isPartOf\":{\"@id\":\"https:\/\/www.welovecycling.com\/sk\/#website\"},\"primaryImageOfPage\":{\"@id\":\"https:\/\/www.welovecycling.com\/sk\/2021\/07\/06\/kto-vyhra-zeleny-dres-skoda\/#primaryimage\"},\"image\":{\"@id\":\"https:\/\/www.welovecycling.com\/sk\/2021\/07\/06\/kto-vyhra-zeleny-dres-skoda\/#primaryimage\"},\"thumbnailUrl\":\"https:\/\/d2p6e6u75xmxt8.cloudfront.net\/4\/2021\/06\/Tour-de-France-profimedia-0557094496-CVR.webp\",\"datePublished\":\"2021-07-06T08:00:41+00:00\",\"dateModified\":\"2023-04-20T08:55:13+00:00\",\"author\":{\"@id\":\"https:\/\/www.welovecycling.com\/sk\/#\/schema\/person\/533b62b98b6c41bd5135ebfb1f742624\"},\"description\":\"S\u00fa\u0165a\u017e o zelen\u00fd dres na Tour de France vyzer\u00e1 ako nap\u00ednav\u00e1 s\u00fa\u0165a\u017e troch mu\u017eov, ktor\u00e1 sa rozhodne v z\u00e1vere\u010dnom \u0161printe do cie\u013ea v Par\u00ed\u017ei.\",\"breadcrumb\":{\"@id\":\"https:\/\/www.welovecycling.com\/sk\/2021\/07\/06\/kto-vyhra-zeleny-dres-skoda\/#breadcrumb\"},\"inLanguage\":\"sk-SK\",\"potentialAction\":[{\"@type\":\"ReadAction\",\"target\":[\"https:\/\/www.welovecycling.com\/sk\/2021\/07\/06\/kto-vyhra-zeleny-dres-skoda\/\"]}]},{\"@type\":\"ImageObject\",\"inLanguage\":\"sk-SK\",\"@id\":\"https:\/\/www.welovecycling.com\/sk\/2021\/07\/06\/kto-vyhra-zeleny-dres-skoda\/#primaryimage\",\"url\":\"https:\/\/d2p6e6u75xmxt8.cloudfront.net\/4\/2021\/06\/Tour-de-France-profimedia-0557094496-CVR.webp\",\"contentUrl\":\"https:\/\/d2p6e6u75xmxt8.cloudfront.net\/4\/2021\/06\/Tour-de-France-profimedia-0557094496-CVR.webp\",\"width\":1366,\"height\":596,\"caption\":\"Sagan and Ewan at the Tour\"},{\"@type\":\"BreadcrumbList\",\"@id\":\"https:\/\/www.welovecycling.com\/sk\/2021\/07\/06\/kto-vyhra-zeleny-dres-skoda\/#breadcrumb\",\"itemListElement\":[{\"@type\":\"ListItem\",\"position\":1,\"name\":\"Home\",\"item\":\"https:\/\/www.welovecycling.com\/sk\/\"},{\"@type\":\"ListItem\",\"position\":2,\"name\":\"Kto vyhr\u00e1 zelen\u00fd dres \u0160koda?\"}]},{\"@type\":\"WebSite\",\"@id\":\"https:\/\/www.welovecycling.com\/sk\/#website\",\"url\":\"https:\/\/www.welovecycling.com\/sk\/\",\"name\":\"\u0160koda We Love Cycling Slovensko\",\"description\":\"\u0160koda We Love Cycling Slovensko je v\u00e1\u0161 ka\u017edodenn\u00fd zdroj noviniek a in\u0161pir\u00e1cie z sveta cyklistiky\",\"potentialAction\":[{\"@type\":\"SearchAction\",\"target\":{\"@type\":\"EntryPoint\",\"urlTemplate\":\"https:\/\/www.welovecycling.com\/sk\/?s={search_term_string}\"},\"query-input\":{\"@type\":\"PropertyValueSpecification\",\"valueRequired\":true,\"valueName\":\"search_term_string\"}}],\"inLanguage\":\"sk-SK\"},{\"@type\":\"Person\",\"@id\":\"https:\/\/www.welovecycling.com\/sk\/#\/schema\/person\/533b62b98b6c41bd5135ebfb1f742624\",\"name\":\"dominika\",\"image\":{\"@type\":\"ImageObject\",\"inLanguage\":\"sk-SK\",\"@id\":\"https:\/\/www.welovecycling.com\/sk\/#\/schema\/person\/image\/\",\"url\":\"https:\/\/secure.gravatar.com\/avatar\/ded6f274ba2ec3e17fff153f7d9d96a4b33c2cb63907f75d9a5309c599a7f3e6?s=96&d=mm&r=g\",\"contentUrl\":\"https:\/\/secure.gravatar.com\/avatar\/ded6f274ba2ec3e17fff153f7d9d96a4b33c2cb63907f75d9a5309c599a7f3e6?s=96&d=mm&r=g\",\"caption\":\"dominika\"},\"url\":\"https:\/\/www.welovecycling.com\/sk\/author\/dominika\/\"}]}<\/script>\n<!-- \/ Yoast SEO Premium plugin. -->","yoast_head_json":{"title":"Kto vyhr\u00e1 zelen\u00fd dres \u0160koda?","description":"S\u00fa\u0165a\u017e o zelen\u00fd dres na Tour de France vyzer\u00e1 ako nap\u00ednav\u00e1 s\u00fa\u0165a\u017e troch mu\u017eov, ktor\u00e1 sa rozhodne v z\u00e1vere\u010dnom \u0161printe do cie\u013ea v Par\u00ed\u017ei.","robots":{"index":"index","follow":"follow","max-snippet":"max-snippet:-1","max-image-preview":"max-image-preview:large","max-video-preview":"max-video-preview:-1"},"canonical":"https:\/\/www.welovecycling.com\/sk\/2021\/07\/06\/kto-vyhra-zeleny-dres-skoda\/","og_locale":"sk_SK","og_type":"article","og_title":"Kto vyhr\u00e1 zelen\u00fd dres \u0160koda?","og_description":"S\u00fa\u0165a\u017e o zelen\u00fd dres na Tour de France vyzer\u00e1 ako nap\u00ednav\u00e1 s\u00fa\u0165a\u017e troch mu\u017eov, ktor\u00e1 sa rozhodne v z\u00e1vere\u010dnom \u0161printe do cie\u013ea v Par\u00ed\u017ei.","og_url":"https:\/\/www.welovecycling.com\/sk\/2021\/07\/06\/kto-vyhra-zeleny-dres-skoda\/","og_site_name":"\u0160koda We Love Cycling Slovensko","article_published_time":"2021-07-06T08:00:41+00:00","article_modified_time":"2023-04-20T08:55:13+00:00","og_image":[{"width":1366,"height":596,"url":"https:\/\/d2p6e6u75xmxt8.cloudfront.net\/4\/2021\/06\/Tour-de-France-profimedia-0557094496-CVR.webp","type":"image\/webp"}],"author":"dominika","twitter_card":"summary_large_image","twitter_misc":{"Written by":"Siegfried Mortkowitz","Est. reading time":"5"},"schema":{"@context":"https:\/\/schema.org","@graph":[{"@type":"WebPage","@id":"https:\/\/www.welovecycling.com\/sk\/2021\/07\/06\/kto-vyhra-zeleny-dres-skoda\/","url":"https:\/\/www.welovecycling.com\/sk\/2021\/07\/06\/kto-vyhra-zeleny-dres-skoda\/","name":"Kto vyhr\u00e1 zelen\u00fd dres \u0160koda?","isPartOf":{"@id":"https:\/\/www.welovecycling.com\/sk\/#website"},"primaryImageOfPage":{"@id":"https:\/\/www.welovecycling.com\/sk\/2021\/07\/06\/kto-vyhra-zeleny-dres-skoda\/#primaryimage"},"image":{"@id":"https:\/\/www.welovecycling.com\/sk\/2021\/07\/06\/kto-vyhra-zeleny-dres-skoda\/#primaryimage"},"thumbnailUrl":"https:\/\/d2p6e6u75xmxt8.cloudfront.net\/4\/2021\/06\/Tour-de-France-profimedia-0557094496-CVR.webp","datePublished":"2021-07-06T08:00:41+00:00","dateModified":"2023-04-20T08:55:13+00:00","author":{"@id":"https:\/\/www.welovecycling.com\/sk\/#\/schema\/person\/533b62b98b6c41bd5135ebfb1f742624"},"description":"S\u00fa\u0165a\u017e o zelen\u00fd dres na Tour de France vyzer\u00e1 ako nap\u00ednav\u00e1 s\u00fa\u0165a\u017e troch mu\u017eov, ktor\u00e1 sa rozhodne v z\u00e1vere\u010dnom \u0161printe do cie\u013ea v Par\u00ed\u017ei.","breadcrumb":{"@id":"https:\/\/www.welovecycling.com\/sk\/2021\/07\/06\/kto-vyhra-zeleny-dres-skoda\/#breadcrumb"},"inLanguage":"sk-SK","potentialAction":[{"@type":"ReadAction","target":["https:\/\/www.welovecycling.com\/sk\/2021\/07\/06\/kto-vyhra-zeleny-dres-skoda\/"]}]},{"@type":"ImageObject","inLanguage":"sk-SK","@id":"https:\/\/www.welovecycling.com\/sk\/2021\/07\/06\/kto-vyhra-zeleny-dres-skoda\/#primaryimage","url":"https:\/\/d2p6e6u75xmxt8.cloudfront.net\/4\/2021\/06\/Tour-de-France-profimedia-0557094496-CVR.webp","contentUrl":"https:\/\/d2p6e6u75xmxt8.cloudfront.net\/4\/2021\/06\/Tour-de-France-profimedia-0557094496-CVR.webp","width":1366,"height":596,"caption":"Sagan and Ewan at the Tour"},{"@type":"BreadcrumbList","@id":"https:\/\/www.welovecycling.com\/sk\/2021\/07\/06\/kto-vyhra-zeleny-dres-skoda\/#breadcrumb","itemListElement":[{"@type":"ListItem","position":1,"name":"Home","item":"https:\/\/www.welovecycling.com\/sk\/"},{"@type":"ListItem","position":2,"name":"Kto vyhr\u00e1 zelen\u00fd dres \u0160koda?"}]},{"@type":"WebSite","@id":"https:\/\/www.welovecycling.com\/sk\/#website","url":"https:\/\/www.welovecycling.com\/sk\/","name":"\u0160koda We Love Cycling Slovensko","description":"\u0160koda We Love Cycling Slovensko je v\u00e1\u0161 ka\u017edodenn\u00fd zdroj noviniek a in\u0161pir\u00e1cie z sveta cyklistiky","potentialAction":[{"@type":"SearchAction","target":{"@type":"EntryPoint","urlTemplate":"https:\/\/www.welovecycling.com\/sk\/?s={search_term_string}"},"query-input":{"@type":"PropertyValueSpecification","valueRequired":true,"valueName":"search_term_string"}}],"inLanguage":"sk-SK"},{"@type":"Person","@id":"https:\/\/www.welovecycling.com\/sk\/#\/schema\/person\/533b62b98b6c41bd5135ebfb1f742624","name":"dominika","image":{"@type":"ImageObject","inLanguage":"sk-SK","@id":"https:\/\/www.welovecycling.com\/sk\/#\/schema\/person\/image\/","url":"https:\/\/secure.gravatar.com\/avatar\/ded6f274ba2ec3e17fff153f7d9d96a4b33c2cb63907f75d9a5309c599a7f3e6?s=96&d=mm&r=g","contentUrl":"https:\/\/secure.gravatar.com\/avatar\/ded6f274ba2ec3e17fff153f7d9d96a4b33c2cb63907f75d9a5309c599a7f3e6?s=96&d=mm&r=g","caption":"dominika"},"url":"https:\/\/www.welovecycling.com\/sk\/author\/dominika\/"}]}},"_links":{"self":[{"href":"https:\/\/www.welovecycling.com\/sk\/wp-json\/wp\/v2\/posts\/12091","targetHints":{"allow":["GET"]}}],"collection":[{"href":"https:\/\/www.welovecycling.com\/sk\/wp-json\/wp\/v2\/posts"}],"about":[{"href":"https:\/\/www.welovecycling.com\/sk\/wp-json\/wp\/v2\/types\/post"}],"author":[{"embeddable":true,"href":"https:\/\/www.welovecycling.com\/sk\/wp-json\/wp\/v2\/users\/172"}],"replies":[{"embeddable":true,"href":"https:\/\/www.welovecycling.com\/sk\/wp-json\/wp\/v2\/comments?post=12091"}],"version-history":[{"count":2,"href":"https:\/\/www.welovecycling.com\/sk\/wp-json\/wp\/v2\/posts\/12091\/revisions"}],"predecessor-version":[{"id":12100,"href":"https:\/\/www.welovecycling.com\/sk\/wp-json\/wp\/v2\/posts\/12091\/revisions\/12100"}],"wp:featuredmedia":[{"embeddable":true,"href":"https:\/\/www.welovecycling.com\/sk\/wp-json\/wp\/v2\/media\/12096"}],"wp:attachment":[{"href":"https:\/\/www.welovecycling.com\/sk\/wp-json\/wp\/v2\/media?parent=12091"}],"wp:term":[{"taxonomy":"category","embeddable":true,"href":"https:\/\/www.welovecycling.com\/sk\/wp-json\/wp\/v2\/categories?post=12091"},{"taxonomy":"post_tag","embeddable":true,"href":"https:\/\/www.welovecycling.com\/sk\/wp-json\/wp\/v2\/tags?post=12091"},{"taxonomy":"global-categories","embeddable":true,"href":"https:\/\/www.welovecycling.com\/sk\/wp-json\/wp\/v2\/global-categories?post=12091"}],"curies":[{"name":"wp","href":"https:\/\/api.w.org\/{rel}","templated":true}]}}