{"id":12083,"date":"2021-07-03T10:00:49","date_gmt":"2021-07-03T08:00:49","guid":{"rendered":"https:\/\/www.welovecycling.com\/sk\/?p=12083"},"modified":"2023-04-19T12:33:43","modified_gmt":"2023-04-19T10:33:43","slug":"dovody-preco-milovat-tour-de-france","status":"publish","type":"post","link":"https:\/\/www.welovecycling.com\/sk\/2021\/07\/03\/dovody-preco-milovat-tour-de-france\/","title":{"rendered":"D\u00f4vody, pre\u010do milova\u0165 Tour de France"},"content":{"rendered":"<p><strong>S bl\u00ed\u017eiacim sa d\u00e1tumom 108. ro\u010dn\u00edka Tour de France r\u00e1stlo na\u0161e vzru\u0161enie. Po neistom roku a pol pre hromadn\u00e9 podujatia v\u0161etk\u00e9ho druhu si cyklistick\u00e1 komunita vyd\u00fdchla, ke\u010f zistila, \u017ee Le Grande Boucle sa skuto\u010dne bude kona\u0165. O\u010dak\u00e1vanie n\u00e1m behalo ako mr\u00e1z po chrbte. Pozrime sa na to pre\u010do?<\/strong><\/p>\n<p><!--more--><\/p>\n<p>Bez oh\u013eadu na to, na ktorej strane tohto ve\u013ekolep\u00e9ho predstavenia sa ocitnete, \u010di u\u017e ako \u00fa\u010dastn\u00edk alebo div\u00e1k, bola Tour v\u017edy zahalen\u00e1 do tajomn\u00e9ho r\u00fa\u0161ka neodolate\u013enosti. C\u00edtite sa s\u00fa\u010das\u0165ou nie\u010doho ve\u013ekolep\u00e9ho a trval\u00e9ho, aj ke\u010f sa len pozer\u00e1te. <strong>Magnetick\u00e1 energia udalosti je ve\u013emi n\u00e1kazliv\u00e1.<\/strong><\/p>\n<figure id=\"attachment_12084\" aria-describedby=\"caption-attachment-12084\" style=\"width: 1024px\" class=\"wp-caption alignnone\"><a href=\"https:\/\/d2p6e6u75xmxt8.cloudfront.net\/2\/2021\/06\/Tour-finish-profimedia-0558506741.jpg\"><img loading=\"lazy\" decoding=\"async\" class=\"size-large wp-image-12084\" src=\"https:\/\/d2p6e6u75xmxt8.cloudfront.net\/4\/2021\/06\/Tour-finish-profimedia-0558506741-1024x682.jpg\" alt=\"Tour de France\" width=\"1024\" height=\"682\" \/><\/a><figcaption id=\"caption-attachment-12084\" class=\"wp-caption-text\">Em\u00f3cie okolo Tour s\u00fa takmer hmatate\u013en\u00e9. \u00a9 Profimedia<\/figcaption><\/figure>\n<div id='gallery-1' class='gallery galleryid-12083 gallery-columns-3 gallery-size-large'><figure class='gallery-item'>\n\t\t\t<div class='gallery-icon landscape'>\n\t\t\t\t<a href='https:\/\/d2p6e6u75xmxt8.cloudfront.net\/4\/2021\/06\/Tour-circus-profimedia-0459995060.webp'><img loading=\"lazy\" decoding=\"async\" width=\"813\" height=\"541\" src=\"https:\/\/d2p6e6u75xmxt8.cloudfront.net\/4\/2021\/06\/Tour-circus-profimedia-0459995060.webp\" class=\"attachment-large size-large\" alt=\"Kr\u00e1sny cirkus, ktor\u00fd \u00fato\u010d\u00ed na v\u0161etky zmysly. \u00a9 Profimedia\" srcset=\"https:\/\/d2p6e6u75xmxt8.cloudfront.net\/4\/2021\/06\/Tour-circus-profimedia-0459995060.webp 813w, https:\/\/d2p6e6u75xmxt8.cloudfront.net\/4\/2021\/06\/Tour-circus-profimedia-0459995060-300x200.webp 300w, https:\/\/d2p6e6u75xmxt8.cloudfront.net\/4\/2021\/06\/Tour-circus-profimedia-0459995060-768x511.webp 768w, https:\/\/d2p6e6u75xmxt8.cloudfront.net\/4\/2021\/06\/Tour-circus-profimedia-0459995060-272x182.webp 272w\" sizes=\"auto, (max-width: 813px) 100vw, 813px\" \/><\/a>\n\t\t\t<\/div><\/figure><figure class='gallery-item'>\n\t\t\t<div class='gallery-icon landscape'>\n\t\t\t\t<a href='https:\/\/d2p6e6u75xmxt8.cloudfront.net\/4\/2021\/06\/Tour-circus-profimedia-0460831404.webp'><img loading=\"lazy\" decoding=\"async\" width=\"813\" height=\"541\" src=\"https:\/\/d2p6e6u75xmxt8.cloudfront.net\/4\/2021\/06\/Tour-circus-profimedia-0460831404.webp\" class=\"attachment-large size-large\" alt=\"Atmosf\u00e9ru spoluvytv\u00e1raj\u00fa v\u0161etci \u00fa\u010dastn\u00edci. \u00a9 Profimedia\" srcset=\"https:\/\/d2p6e6u75xmxt8.cloudfront.net\/4\/2021\/06\/Tour-circus-profimedia-0460831404.webp 813w, https:\/\/d2p6e6u75xmxt8.cloudfront.net\/4\/2021\/06\/Tour-circus-profimedia-0460831404-300x200.webp 300w, https:\/\/d2p6e6u75xmxt8.cloudfront.net\/4\/2021\/06\/Tour-circus-profimedia-0460831404-768x511.webp 768w, https:\/\/d2p6e6u75xmxt8.cloudfront.net\/4\/2021\/06\/Tour-circus-profimedia-0460831404-272x182.webp 272w\" sizes=\"auto, (max-width: 813px) 100vw, 813px\" \/><\/a>\n\t\t\t<\/div><\/figure><figure class='gallery-item'>\n\t\t\t<div class='gallery-icon landscape'>\n\t\t\t\t<a href='https:\/\/d2p6e6u75xmxt8.cloudfront.net\/4\/2021\/06\/Tour-circus-profimedia-0558288434.webp'><img loading=\"lazy\" decoding=\"async\" width=\"813\" height=\"541\" src=\"https:\/\/d2p6e6u75xmxt8.cloudfront.net\/4\/2021\/06\/Tour-circus-profimedia-0558288434.webp\" class=\"attachment-large size-large\" alt=\"Mus\u00edte to jednoducho milova\u0165. \u00a9 Profimedia\" srcset=\"https:\/\/d2p6e6u75xmxt8.cloudfront.net\/4\/2021\/06\/Tour-circus-profimedia-0558288434.webp 813w, https:\/\/d2p6e6u75xmxt8.cloudfront.net\/4\/2021\/06\/Tour-circus-profimedia-0558288434-300x200.webp 300w, https:\/\/d2p6e6u75xmxt8.cloudfront.net\/4\/2021\/06\/Tour-circus-profimedia-0558288434-768x511.webp 768w, https:\/\/d2p6e6u75xmxt8.cloudfront.net\/4\/2021\/06\/Tour-circus-profimedia-0558288434-272x182.webp 272w\" sizes=\"auto, (max-width: 813px) 100vw, 813px\" \/><\/a>\n\t\t\t<\/div><\/figure>\n\t\t<\/div>\n\n<p>Dalo by sa to skoro prirovna\u0165 k n\u00e1dhern\u00e9mu cirkusu. Zd\u00e1 sa, \u017ee najv\u00e4\u010d\u0161iu pozornos\u0165 zaberaj\u00fa \u201e\u0161elmy\u201c v sedl\u00e1ch, ale existuje tam ove\u013ea viac hercov, ktor\u00ed d\u00e1vaj\u00fa cel\u00fa \u0161ou do pohybu, niektor\u00ed s\u00fa vidite\u013enej\u0161\u00ed ako ostatn\u00ed. Obetav\u00fd t\u00edm a neutr\u00e1lne asisten\u010dn\u00e9 pos\u00e1dky v podporn\u00fdch vozidl\u00e1ch \u0160koda, tra\u0165ov\u00ed komis\u00e1ri sleduj\u00faci dianie na Tour, riadite\u013e z\u00e1vodu m\u00e1vaj\u00faci v niektor\u00fdch etap\u00e1ch vlajkou zo zn\u00e1meho zamatovo \u010derven\u00e9ho \u0160koda SUPERB iV alebo z nov\u00e9ho \u0160koda ENYAQ iV. Takisto s\u00fa to stovky \u013eud\u00ed staraj\u00facich sa o v\u0161etko od stravovania po zna\u010denie tr\u00e1s &#8211; a desa\u0165tis\u00edce div\u00e1kov ochotn\u00fdch pracova\u0165 na dotvoren\u00ed jedine\u010dnej atmosf\u00e9ry.<\/p>\n<p>Mest\u00e1 a dediny, ktor\u00e9 s\u00fa na ceste, s\u00fa ve\u013emi hrd\u00e9 na to, \u017ee ich vybrali, aby pelot\u00f3n nimi pre\u0161iel, a pod\u013ea toho s\u00fa vyzdoben\u00e9, pripraven\u00e9 upozorni\u0165 na seba &#8211; napr\u00edklad franc\u00fazsky Nuits-Saint-Georges, ktor\u00fd v roku 2017 vyzdobil svoje ulice s viac ako 400 ru\u010dne pleten\u00fdmi drobn\u00fdmi dresmi v\u00ed\u0165azov, ke\u010f tam mal pelot\u00f3n kon\u010di\u0165. <strong>Svet sa zastav\u00ed, len aby za\u010dul zvuk \u0161tartovacej pi\u0161tole, ktor\u00e1 op\u00e4\u0165 rozbehne cel\u00fa Tour, a to priam divokou r\u00fdchlos\u0165ou.<\/strong><\/p>\n<figure id=\"attachment_12085\" aria-describedby=\"caption-attachment-12085\" style=\"width: 1024px\" class=\"wp-caption alignnone\"><a href=\"https:\/\/d2p6e6u75xmxt8.cloudfront.net\/2\/2021\/06\/Didi-Senft-El-Diablo-profimedia-0556273005.jpg\"><img loading=\"lazy\" decoding=\"async\" class=\"size-large wp-image-12085\" src=\"https:\/\/d2p6e6u75xmxt8.cloudfront.net\/4\/2021\/06\/Didi-Senft-El-Diablo-profimedia-0556273005-1024x682.jpg\" alt=\"Didi Senft\" width=\"1024\" height=\"682\" \/><\/a><figcaption id=\"caption-attachment-12085\" class=\"wp-caption-text\">Didi Senft, alias El Diablo, je \u010fal\u0161ou s\u00fa\u010das\u0165ou kr\u00e1sneho cirkusu. \u00a9 Profimedia<\/figcaption><\/figure>\n<p>Ak ste na Tour nov\u00e1\u010dikom, ni\u010d v\u00e1s nem\u00f4\u017ee pripravi\u0165 na to, \u010do za\u017eijete. M\u00f4\u017eete sa doma na to pripravova\u0165 a pozera\u0165 stovky hod\u00edn koment\u00e1rov a video z\u00e1znamov. \u010c\u00edta\u0165 hromadu \u010dl\u00e1nkov a blogov z prvej ruky a st\u00e1le neobsiahnete to obrovsk\u00e9 mno\u017estvo vzru\u0161enia a okamihov, kedy v\u00e1m padne brada z toho, \u010do za\u017eijete. O\u010dak\u00e1vajte kr\u00e1sny chaos, z ktor\u00e9ho sa na konci d\u0148a budete c\u00edti\u0165 vy\u010derpan\u00ed, ale v noci nebudete m\u00f4c\u0165 zaspa\u0165, v o\u010dak\u00e1van\u00ed nasleduj\u00faceho r\u00e1na.<\/p>\n<p>Ke\u010f padne jazdec, v\u0161etk\u00fdch fan\u00fa\u0161ikov okolo to rovnako zabol\u00ed, ako to bolo v pr\u00edpade stra\u0161ideln\u00e9ho p\u00e1du Philippa Gilberta v roku 2018. Ke\u010f v\u00ed\u0165azn\u00fd pretek\u00e1r za\u00fato\u010d\u00ed na cie\u013e, s rukami nad hlavou a kombin\u00e1ciou \u00fapln\u00e9ho vy\u010derpania a radosti na tv\u00e1ri, aj fan\u00fa\u0161ikovia c\u00edtia mot\u00fdle radosti v bruchu Aj Peter Sagan je zn\u00e1my svojimi cie\u013eov\u00fdmi rovinkami. Ur\u010dite viete, o \u010dom hovor\u00edm &#8211; preto sa ka\u017ed\u00fd rok ocit\u00e1me mimo be\u017en\u00e9ho \u017eivota, \u010di u\u017e priamo na mieste alebo doma pred obrazovkou. Je to ur\u010dite trojt\u00fd\u017ed\u0148ov\u00fd emocion\u00e1lny z\u00e1\u017eitok, ale pr\u00e1ve na to v\u0161etci cel\u00fd rok \u010dak\u00e1me.<\/p>\n<p>Pre tohtoro\u010dn\u00fd prekr\u00e1sny cyklistick\u00fd cirkus &#8211; a mnoho \u010fal\u0161\u00edch z\u00e1\u017eitkov!<\/p>\n","protected":false},"excerpt":{"rendered":"<p>S bl\u00ed\u017eiacim sa d\u00e1tumom 108. ro\u010dn\u00edka Tour de France r\u00e1stlo na\u0161e vzru\u0161enie. Po neistom roku a pol pre hromadn\u00e9 podujatia [&hellip;]<\/p>\n","protected":false},"author":172,"featured_media":12087,"comment_status":"open","ping_status":"open","sticky":false,"template":"","format":"standard","meta":{"footnotes":""},"categories":[4],"tags":[115,546,306,767,885,542,1259,1364,989,20,269,886,1117],"global-categories":[],"class_list":["post-12083","post","type-post","status-publish","format-standard","has-post-thumbnail","hentry","category-cestna-cyklisitika","tag-cestna-cyklistika","tag-cyklistika","tag-francuzsko","tag-motivacia","tag-profesional","tag-skoda","tag-skoda-enyaq-iv","tag-skoda-superb-iv","tag-spolocenstvo","tag-tour-de-france","tag-vitaz","tag-vitazstvo","tag-zazitok"],"yoast_head":"<!-- This site is optimized with the Yoast SEO Premium plugin v25.3 (Yoast SEO v25.9) - https:\/\/yoast.com\/wordpress\/plugins\/seo\/ -->\n<title>D\u00f4vody, pre\u010do milova\u0165 Tour de France<\/title>\n<meta name=\"description\" content=\"S bl\u00ed\u017eiacim sa d\u00e1tumom 108. ro\u010dn\u00edka Tour de France r\u00e1stlo na\u0161e vzru\u0161enie. Po neistom roku a pol si cyklistick\u00e1 komunita vyd\u00fdchla.\" \/>\n<meta name=\"robots\" content=\"index, follow, max-snippet:-1, max-image-preview:large, max-video-preview:-1\" \/>\n<link rel=\"canonical\" href=\"https:\/\/www.welovecycling.com\/sk\/2021\/07\/03\/dovody-preco-milovat-tour-de-france\/\" \/>\n<meta property=\"og:locale\" content=\"sk_SK\" \/>\n<meta property=\"og:type\" content=\"article\" \/>\n<meta property=\"og:title\" content=\"D\u00f4vody, pre\u010do milova\u0165 Tour de France\" \/>\n<meta property=\"og:description\" content=\"S bl\u00ed\u017eiacim sa d\u00e1tumom 108. ro\u010dn\u00edka Tour de France r\u00e1stlo na\u0161e vzru\u0161enie. Po neistom roku a pol si cyklistick\u00e1 komunita vyd\u00fdchla.\" \/>\n<meta property=\"og:url\" content=\"https:\/\/www.welovecycling.com\/sk\/2021\/07\/03\/dovody-preco-milovat-tour-de-france\/\" \/>\n<meta property=\"og:site_name\" content=\"\u0160koda We Love Cycling Slovensko\" \/>\n<meta property=\"article:published_time\" content=\"2021-07-03T08:00:49+00:00\" \/>\n<meta property=\"article:modified_time\" content=\"2023-04-19T10:33:43+00:00\" \/>\n<meta property=\"og:image\" content=\"https:\/\/d2p6e6u75xmxt8.cloudfront.net\/4\/2021\/06\/Tour-circus-profimedia-0558272671-CVR.webp\" \/>\n\t<meta property=\"og:image:width\" content=\"1366\" \/>\n\t<meta property=\"og:image:height\" content=\"596\" \/>\n\t<meta property=\"og:image:type\" content=\"image\/webp\" \/>\n<meta name=\"author\" content=\"dominika\" \/>\n<meta name=\"twitter:card\" content=\"summary_large_image\" \/>\n<meta name=\"twitter:label1\" content=\"Written by\" \/>\n\t<meta name=\"twitter:data1\" content=\"WeLoveCycling\" \/>\n\t<meta name=\"twitter:label2\" content=\"Est. reading time\" \/>\n\t<meta name=\"twitter:data2\" content=\"5\" \/>\n<script type=\"application\/ld+json\" class=\"yoast-schema-graph\">{\"@context\":\"https:\/\/schema.org\",\"@graph\":[{\"@type\":\"WebPage\",\"@id\":\"https:\/\/www.welovecycling.com\/sk\/2021\/07\/03\/dovody-preco-milovat-tour-de-france\/\",\"url\":\"https:\/\/www.welovecycling.com\/sk\/2021\/07\/03\/dovody-preco-milovat-tour-de-france\/\",\"name\":\"D\u00f4vody, pre\u010do milova\u0165 Tour de France\",\"isPartOf\":{\"@id\":\"https:\/\/www.welovecycling.com\/sk\/#website\"},\"primaryImageOfPage\":{\"@id\":\"https:\/\/www.welovecycling.com\/sk\/2021\/07\/03\/dovody-preco-milovat-tour-de-france\/#primaryimage\"},\"image\":{\"@id\":\"https:\/\/www.welovecycling.com\/sk\/2021\/07\/03\/dovody-preco-milovat-tour-de-france\/#primaryimage\"},\"thumbnailUrl\":\"https:\/\/d2p6e6u75xmxt8.cloudfront.net\/4\/2021\/06\/Tour-circus-profimedia-0558272671-CVR.webp\",\"datePublished\":\"2021-07-03T08:00:49+00:00\",\"dateModified\":\"2023-04-19T10:33:43+00:00\",\"author\":{\"@id\":\"https:\/\/www.welovecycling.com\/sk\/#\/schema\/person\/533b62b98b6c41bd5135ebfb1f742624\"},\"description\":\"S bl\u00ed\u017eiacim sa d\u00e1tumom 108. ro\u010dn\u00edka Tour de France r\u00e1stlo na\u0161e vzru\u0161enie. Po neistom roku a pol si cyklistick\u00e1 komunita vyd\u00fdchla.\",\"breadcrumb\":{\"@id\":\"https:\/\/www.welovecycling.com\/sk\/2021\/07\/03\/dovody-preco-milovat-tour-de-france\/#breadcrumb\"},\"inLanguage\":\"sk-SK\",\"potentialAction\":[{\"@type\":\"ReadAction\",\"target\":[\"https:\/\/www.welovecycling.com\/sk\/2021\/07\/03\/dovody-preco-milovat-tour-de-france\/\"]}]},{\"@type\":\"ImageObject\",\"inLanguage\":\"sk-SK\",\"@id\":\"https:\/\/www.welovecycling.com\/sk\/2021\/07\/03\/dovody-preco-milovat-tour-de-france\/#primaryimage\",\"url\":\"https:\/\/d2p6e6u75xmxt8.cloudfront.net\/4\/2021\/06\/Tour-circus-profimedia-0558272671-CVR.webp\",\"contentUrl\":\"https:\/\/d2p6e6u75xmxt8.cloudfront.net\/4\/2021\/06\/Tour-circus-profimedia-0558272671-CVR.webp\",\"width\":1366,\"height\":596,\"caption\":\"Tour de France fan\"},{\"@type\":\"BreadcrumbList\",\"@id\":\"https:\/\/www.welovecycling.com\/sk\/2021\/07\/03\/dovody-preco-milovat-tour-de-france\/#breadcrumb\",\"itemListElement\":[{\"@type\":\"ListItem\",\"position\":1,\"name\":\"Home\",\"item\":\"https:\/\/www.welovecycling.com\/sk\/\"},{\"@type\":\"ListItem\",\"position\":2,\"name\":\"D\u00f4vody, pre\u010do milova\u0165 Tour de France\"}]},{\"@type\":\"WebSite\",\"@id\":\"https:\/\/www.welovecycling.com\/sk\/#website\",\"url\":\"https:\/\/www.welovecycling.com\/sk\/\",\"name\":\"\u0160koda We Love Cycling Slovensko\",\"description\":\"\u0160koda We Love Cycling Slovensko je v\u00e1\u0161 ka\u017edodenn\u00fd zdroj noviniek a in\u0161pir\u00e1cie z sveta cyklistiky\",\"potentialAction\":[{\"@type\":\"SearchAction\",\"target\":{\"@type\":\"EntryPoint\",\"urlTemplate\":\"https:\/\/www.welovecycling.com\/sk\/?s={search_term_string}\"},\"query-input\":{\"@type\":\"PropertyValueSpecification\",\"valueRequired\":true,\"valueName\":\"search_term_string\"}}],\"inLanguage\":\"sk-SK\"},{\"@type\":\"Person\",\"@id\":\"https:\/\/www.welovecycling.com\/sk\/#\/schema\/person\/533b62b98b6c41bd5135ebfb1f742624\",\"name\":\"dominika\",\"image\":{\"@type\":\"ImageObject\",\"inLanguage\":\"sk-SK\",\"@id\":\"https:\/\/www.welovecycling.com\/sk\/#\/schema\/person\/image\/\",\"url\":\"https:\/\/secure.gravatar.com\/avatar\/ded6f274ba2ec3e17fff153f7d9d96a4b33c2cb63907f75d9a5309c599a7f3e6?s=96&d=mm&r=g\",\"contentUrl\":\"https:\/\/secure.gravatar.com\/avatar\/ded6f274ba2ec3e17fff153f7d9d96a4b33c2cb63907f75d9a5309c599a7f3e6?s=96&d=mm&r=g\",\"caption\":\"dominika\"},\"url\":\"https:\/\/www.welovecycling.com\/sk\/author\/dominika\/\"}]}<\/script>\n<!-- \/ Yoast SEO Premium plugin. -->","yoast_head_json":{"title":"D\u00f4vody, pre\u010do milova\u0165 Tour de France","description":"S bl\u00ed\u017eiacim sa d\u00e1tumom 108. ro\u010dn\u00edka Tour de France r\u00e1stlo na\u0161e vzru\u0161enie. Po neistom roku a pol si cyklistick\u00e1 komunita vyd\u00fdchla.","robots":{"index":"index","follow":"follow","max-snippet":"max-snippet:-1","max-image-preview":"max-image-preview:large","max-video-preview":"max-video-preview:-1"},"canonical":"https:\/\/www.welovecycling.com\/sk\/2021\/07\/03\/dovody-preco-milovat-tour-de-france\/","og_locale":"sk_SK","og_type":"article","og_title":"D\u00f4vody, pre\u010do milova\u0165 Tour de France","og_description":"S bl\u00ed\u017eiacim sa d\u00e1tumom 108. ro\u010dn\u00edka Tour de France r\u00e1stlo na\u0161e vzru\u0161enie. Po neistom roku a pol si cyklistick\u00e1 komunita vyd\u00fdchla.","og_url":"https:\/\/www.welovecycling.com\/sk\/2021\/07\/03\/dovody-preco-milovat-tour-de-france\/","og_site_name":"\u0160koda We Love Cycling Slovensko","article_published_time":"2021-07-03T08:00:49+00:00","article_modified_time":"2023-04-19T10:33:43+00:00","og_image":[{"width":1366,"height":596,"url":"https:\/\/d2p6e6u75xmxt8.cloudfront.net\/4\/2021\/06\/Tour-circus-profimedia-0558272671-CVR.webp","type":"image\/webp"}],"author":"dominika","twitter_card":"summary_large_image","twitter_misc":{"Written by":"WeLoveCycling","Est. reading time":"5"},"schema":{"@context":"https:\/\/schema.org","@graph":[{"@type":"WebPage","@id":"https:\/\/www.welovecycling.com\/sk\/2021\/07\/03\/dovody-preco-milovat-tour-de-france\/","url":"https:\/\/www.welovecycling.com\/sk\/2021\/07\/03\/dovody-preco-milovat-tour-de-france\/","name":"D\u00f4vody, pre\u010do milova\u0165 Tour de France","isPartOf":{"@id":"https:\/\/www.welovecycling.com\/sk\/#website"},"primaryImageOfPage":{"@id":"https:\/\/www.welovecycling.com\/sk\/2021\/07\/03\/dovody-preco-milovat-tour-de-france\/#primaryimage"},"image":{"@id":"https:\/\/www.welovecycling.com\/sk\/2021\/07\/03\/dovody-preco-milovat-tour-de-france\/#primaryimage"},"thumbnailUrl":"https:\/\/d2p6e6u75xmxt8.cloudfront.net\/4\/2021\/06\/Tour-circus-profimedia-0558272671-CVR.webp","datePublished":"2021-07-03T08:00:49+00:00","dateModified":"2023-04-19T10:33:43+00:00","author":{"@id":"https:\/\/www.welovecycling.com\/sk\/#\/schema\/person\/533b62b98b6c41bd5135ebfb1f742624"},"description":"S bl\u00ed\u017eiacim sa d\u00e1tumom 108. ro\u010dn\u00edka Tour de France r\u00e1stlo na\u0161e vzru\u0161enie. Po neistom roku a pol si cyklistick\u00e1 komunita vyd\u00fdchla.","breadcrumb":{"@id":"https:\/\/www.welovecycling.com\/sk\/2021\/07\/03\/dovody-preco-milovat-tour-de-france\/#breadcrumb"},"inLanguage":"sk-SK","potentialAction":[{"@type":"ReadAction","target":["https:\/\/www.welovecycling.com\/sk\/2021\/07\/03\/dovody-preco-milovat-tour-de-france\/"]}]},{"@type":"ImageObject","inLanguage":"sk-SK","@id":"https:\/\/www.welovecycling.com\/sk\/2021\/07\/03\/dovody-preco-milovat-tour-de-france\/#primaryimage","url":"https:\/\/d2p6e6u75xmxt8.cloudfront.net\/4\/2021\/06\/Tour-circus-profimedia-0558272671-CVR.webp","contentUrl":"https:\/\/d2p6e6u75xmxt8.cloudfront.net\/4\/2021\/06\/Tour-circus-profimedia-0558272671-CVR.webp","width":1366,"height":596,"caption":"Tour de France fan"},{"@type":"BreadcrumbList","@id":"https:\/\/www.welovecycling.com\/sk\/2021\/07\/03\/dovody-preco-milovat-tour-de-france\/#breadcrumb","itemListElement":[{"@type":"ListItem","position":1,"name":"Home","item":"https:\/\/www.welovecycling.com\/sk\/"},{"@type":"ListItem","position":2,"name":"D\u00f4vody, pre\u010do milova\u0165 Tour de France"}]},{"@type":"WebSite","@id":"https:\/\/www.welovecycling.com\/sk\/#website","url":"https:\/\/www.welovecycling.com\/sk\/","name":"\u0160koda We Love Cycling Slovensko","description":"\u0160koda We Love Cycling Slovensko je v\u00e1\u0161 ka\u017edodenn\u00fd zdroj noviniek a in\u0161pir\u00e1cie z sveta cyklistiky","potentialAction":[{"@type":"SearchAction","target":{"@type":"EntryPoint","urlTemplate":"https:\/\/www.welovecycling.com\/sk\/?s={search_term_string}"},"query-input":{"@type":"PropertyValueSpecification","valueRequired":true,"valueName":"search_term_string"}}],"inLanguage":"sk-SK"},{"@type":"Person","@id":"https:\/\/www.welovecycling.com\/sk\/#\/schema\/person\/533b62b98b6c41bd5135ebfb1f742624","name":"dominika","image":{"@type":"ImageObject","inLanguage":"sk-SK","@id":"https:\/\/www.welovecycling.com\/sk\/#\/schema\/person\/image\/","url":"https:\/\/secure.gravatar.com\/avatar\/ded6f274ba2ec3e17fff153f7d9d96a4b33c2cb63907f75d9a5309c599a7f3e6?s=96&d=mm&r=g","contentUrl":"https:\/\/secure.gravatar.com\/avatar\/ded6f274ba2ec3e17fff153f7d9d96a4b33c2cb63907f75d9a5309c599a7f3e6?s=96&d=mm&r=g","caption":"dominika"},"url":"https:\/\/www.welovecycling.com\/sk\/author\/dominika\/"}]}},"_links":{"self":[{"href":"https:\/\/www.welovecycling.com\/sk\/wp-json\/wp\/v2\/posts\/12083","targetHints":{"allow":["GET"]}}],"collection":[{"href":"https:\/\/www.welovecycling.com\/sk\/wp-json\/wp\/v2\/posts"}],"about":[{"href":"https:\/\/www.welovecycling.com\/sk\/wp-json\/wp\/v2\/types\/post"}],"author":[{"embeddable":true,"href":"https:\/\/www.welovecycling.com\/sk\/wp-json\/wp\/v2\/users\/172"}],"replies":[{"embeddable":true,"href":"https:\/\/www.welovecycling.com\/sk\/wp-json\/wp\/v2\/comments?post=12083"}],"version-history":[{"count":2,"href":"https:\/\/www.welovecycling.com\/sk\/wp-json\/wp\/v2\/posts\/12083\/revisions"}],"predecessor-version":[{"id":17186,"href":"https:\/\/www.welovecycling.com\/sk\/wp-json\/wp\/v2\/posts\/12083\/revisions\/17186"}],"wp:featuredmedia":[{"embeddable":true,"href":"https:\/\/www.welovecycling.com\/sk\/wp-json\/wp\/v2\/media\/12087"}],"wp:attachment":[{"href":"https:\/\/www.welovecycling.com\/sk\/wp-json\/wp\/v2\/media?parent=12083"}],"wp:term":[{"taxonomy":"category","embeddable":true,"href":"https:\/\/www.welovecycling.com\/sk\/wp-json\/wp\/v2\/categories?post=12083"},{"taxonomy":"post_tag","embeddable":true,"href":"https:\/\/www.welovecycling.com\/sk\/wp-json\/wp\/v2\/tags?post=12083"},{"taxonomy":"global-categories","embeddable":true,"href":"https:\/\/www.welovecycling.com\/sk\/wp-json\/wp\/v2\/global-categories?post=12083"}],"curies":[{"name":"wp","href":"https:\/\/api.w.org\/{rel}","templated":true}]}}