{"id":12062,"date":"2021-06-29T17:05:36","date_gmt":"2021-06-29T15:05:36","guid":{"rendered":"https:\/\/www.welovecycling.com\/sk\/?p=12062"},"modified":"2021-06-29T17:08:31","modified_gmt":"2021-06-29T15:08:31","slug":"reportaz-skoda-mtb-cyklomaraton-topolcianky-prve-kolo-nasej-serie","status":"publish","type":"post","link":"https:\/\/www.welovecycling.com\/sk\/2021\/06\/29\/reportaz-skoda-mtb-cyklomaraton-topolcianky-prve-kolo-nasej-serie\/","title":{"rendered":"Report\u00e1\u017e: \u0160koda MTB cyklomarat\u00f3n Topo\u013e\u010dianky \u2013 prv\u00e9 kolo na\u0161ej s\u00e9rie"},"content":{"rendered":"<p><strong>Sobota, 26. 06. pon\u00fakla \u00favod marat\u00f3nskej sez\u00f3ny \u0160BOT v Topo\u013e\u010diankach. Pre mnoh\u00fdch to znamenalo prv\u00fa v\u00e4\u010d\u0161iu mo\u017enos\u0165, ako otestova\u0165 naplno svoju pr\u00edpravu, pr\u00edpadne sa op\u00e4\u0165 stretn\u00fa\u0165 s priate\u013emi. Navy\u0161e, pr\u00edjemn\u00e9 z\u00e1zemie dotv\u00e1ralo v\u00fdborn\u00fa atmosf\u00e9ru cel\u00e9ho podujatia.<\/strong><!--more--><\/p>\n<div id='gallery-1' class='gallery galleryid-12062 gallery-columns-2 gallery-size-full'><figure class='gallery-item'>\n\t\t\t<div class='gallery-icon landscape'>\n\t\t\t\t<a href='https:\/\/d2p6e6u75xmxt8.cloudfront.net\/4\/2021\/06\/Report_SBOT_01.webp'><img loading=\"lazy\" decoding=\"async\" width=\"1200\" height=\"800\" src=\"https:\/\/d2p6e6u75xmxt8.cloudfront.net\/4\/2021\/06\/Report_SBOT_01.webp\" class=\"attachment-full size-full\" alt=\"\" srcset=\"https:\/\/d2p6e6u75xmxt8.cloudfront.net\/4\/2021\/06\/Report_SBOT_01.webp 1200w, https:\/\/d2p6e6u75xmxt8.cloudfront.net\/4\/2021\/06\/Report_SBOT_01-300x200.webp 300w, https:\/\/d2p6e6u75xmxt8.cloudfront.net\/4\/2021\/06\/Report_SBOT_01-1024x683.webp 1024w, https:\/\/d2p6e6u75xmxt8.cloudfront.net\/4\/2021\/06\/Report_SBOT_01-768x512.webp 768w, https:\/\/d2p6e6u75xmxt8.cloudfront.net\/4\/2021\/06\/Report_SBOT_01-272x182.webp 272w\" sizes=\"auto, (max-width: 1200px) 100vw, 1200px\" \/><\/a>\n\t\t\t<\/div><\/figure><figure class='gallery-item'>\n\t\t\t<div class='gallery-icon landscape'>\n\t\t\t\t<a href='https:\/\/d2p6e6u75xmxt8.cloudfront.net\/4\/2021\/06\/Report_SBOT_02.webp'><img loading=\"lazy\" decoding=\"async\" width=\"1200\" height=\"800\" src=\"https:\/\/d2p6e6u75xmxt8.cloudfront.net\/4\/2021\/06\/Report_SBOT_02.webp\" class=\"attachment-full size-full\" alt=\"\" srcset=\"https:\/\/d2p6e6u75xmxt8.cloudfront.net\/4\/2021\/06\/Report_SBOT_02.webp 1200w, https:\/\/d2p6e6u75xmxt8.cloudfront.net\/4\/2021\/06\/Report_SBOT_02-300x200.webp 300w, https:\/\/d2p6e6u75xmxt8.cloudfront.net\/4\/2021\/06\/Report_SBOT_02-1024x683.webp 1024w, https:\/\/d2p6e6u75xmxt8.cloudfront.net\/4\/2021\/06\/Report_SBOT_02-768x512.webp 768w, https:\/\/d2p6e6u75xmxt8.cloudfront.net\/4\/2021\/06\/Report_SBOT_02-272x182.webp 272w\" sizes=\"auto, (max-width: 1200px) 100vw, 1200px\" \/><\/a>\n\t\t\t<\/div><\/figure>\n\t\t<\/div>\n\n<h2><strong>Tra\u0165 a jej n\u00e1strahy<\/strong><\/h2>\n<p>Kr\u00e1sne slne\u010dn\u00e9 po\u010dasie s teplotami vysoko nad klasick\u00fdm \u0161tandardom vytvorilo pekn\u00fd z\u00e1klad t\u00fdchto pretekov. No na druhej strane, kto by si tak\u00e9to podmienky neu\u017eil?<strong> \u010co sa t\u00fdka trat\u00ed, boli na v\u00fdber 4 mo\u017enosti.<\/strong><\/p>\n<p><a href=\"https:\/\/d2p6e6u75xmxt8.cloudfront.net\/4\/2021\/06\/Report_SBOT_03.jpg\"><img loading=\"lazy\" decoding=\"async\" src=\"https:\/\/d2p6e6u75xmxt8.cloudfront.net\/4\/2021\/06\/Report_SBOT_03.jpg\" alt=\"\" width=\"1200\" height=\"800\" class=\"alignnone size-full wp-image-12067\" \/><\/a><\/p>\n<p>Dlh\u00e1 verzia v d\u013a\u017eke 68 km s prev\u00fd\u0161en\u00edm 1 850 m, stredn\u00e1 trasa v d\u013a\u017eke 45 km s prev\u00fd\u0161en\u00edm 1 250 m a tie\u017e kr\u00e1tka, 25 km trasa s porciou 450 v\u00fd\u0161kov\u00fdch metrov. U\u017e takou samozrejmos\u0165ou je aj \u0160koda Family tra\u0165 pre v\u0161etk\u00fdch mal\u00fdch bikerov a\u00a0na svoje si tie\u017e pri\u0161li aj ebikery. Tak\u017ee si za\u0161portovali, najmen\u0161\u00ed, mlad\u00ed a aj t\u00ed ve\u010dne mlad\u00ed duchom. Ve\u010f aj tak\u00e9to benefity n\u00e1m prin\u00e1\u0161a cyklistika.<\/p>\n<div id='gallery-2' class='gallery galleryid-12062 gallery-columns-2 gallery-size-full'><figure class='gallery-item'>\n\t\t\t<div class='gallery-icon landscape'>\n\t\t\t\t<a href='https:\/\/d2p6e6u75xmxt8.cloudfront.net\/4\/2021\/06\/Report_SBOT_04.webp'><img loading=\"lazy\" decoding=\"async\" width=\"1200\" height=\"800\" src=\"https:\/\/d2p6e6u75xmxt8.cloudfront.net\/4\/2021\/06\/Report_SBOT_04.webp\" class=\"attachment-full size-full\" alt=\"\" srcset=\"https:\/\/d2p6e6u75xmxt8.cloudfront.net\/4\/2021\/06\/Report_SBOT_04.webp 1200w, https:\/\/d2p6e6u75xmxt8.cloudfront.net\/4\/2021\/06\/Report_SBOT_04-300x200.webp 300w, https:\/\/d2p6e6u75xmxt8.cloudfront.net\/4\/2021\/06\/Report_SBOT_04-1024x683.webp 1024w, https:\/\/d2p6e6u75xmxt8.cloudfront.net\/4\/2021\/06\/Report_SBOT_04-768x512.webp 768w, https:\/\/d2p6e6u75xmxt8.cloudfront.net\/4\/2021\/06\/Report_SBOT_04-272x182.webp 272w\" sizes=\"auto, (max-width: 1200px) 100vw, 1200px\" \/><\/a>\n\t\t\t<\/div><\/figure><figure class='gallery-item'>\n\t\t\t<div class='gallery-icon landscape'>\n\t\t\t\t<a href='https:\/\/d2p6e6u75xmxt8.cloudfront.net\/4\/2021\/06\/Report_SBOT_05.webp'><img loading=\"lazy\" decoding=\"async\" width=\"1200\" height=\"800\" src=\"https:\/\/d2p6e6u75xmxt8.cloudfront.net\/4\/2021\/06\/Report_SBOT_05.webp\" class=\"attachment-full size-full\" alt=\"\" srcset=\"https:\/\/d2p6e6u75xmxt8.cloudfront.net\/4\/2021\/06\/Report_SBOT_05.webp 1200w, https:\/\/d2p6e6u75xmxt8.cloudfront.net\/4\/2021\/06\/Report_SBOT_05-300x200.webp 300w, https:\/\/d2p6e6u75xmxt8.cloudfront.net\/4\/2021\/06\/Report_SBOT_05-1024x683.webp 1024w, https:\/\/d2p6e6u75xmxt8.cloudfront.net\/4\/2021\/06\/Report_SBOT_05-768x512.webp 768w, https:\/\/d2p6e6u75xmxt8.cloudfront.net\/4\/2021\/06\/Report_SBOT_05-272x182.webp 272w\" sizes=\"auto, (max-width: 1200px) 100vw, 1200px\" \/><\/a>\n\t\t\t<\/div><\/figure>\n\t\t<\/div>\n\n<h2><strong>V\u00ed\u0165azi<\/strong><\/h2>\n<p>Najlep\u0161\u00edm jazdcom na dlhej trati sa stal <strong>Martin Haring s \u010dasom 02:35:33<\/strong>. Stredn\u00fa tra\u0165 ovl\u00e1dol <strong>\u013dubom\u00edr Mur\u00e1rik<\/strong> a v kateg\u00f3rii \u017eien sa s\u00a0najdlh\u0161ou tra\u0165ou najlep\u0161ie popasovala <strong>Janka Keseg \u0160tevkov\u00e1<\/strong>. Kompletn\u00e9 v\u00fdsledky si m\u00f4\u017eete pozrie\u0165 na <a href=\"https:\/\/sportsofttiming.sk\/sk\/zavod\/overview\/5794\" rel=\"noopener\" target=\"_blank\">tomto odkaze<\/a>. No skuto\u010dn\u00fdmi v\u00ed\u0165azmi boli v\u0161etci, ktor\u00ed sa z\u00fa\u010dastnili tohoto d\u0148a, prekonali v\u0161etky n\u00e1strahy trate a dali si do tela.<\/p>\n<div id='gallery-3' class='gallery galleryid-12062 gallery-columns-2 gallery-size-full'><figure class='gallery-item'>\n\t\t\t<div class='gallery-icon landscape'>\n\t\t\t\t<a href='https:\/\/d2p6e6u75xmxt8.cloudfront.net\/4\/2021\/06\/Report_SBOT_06.webp'><img loading=\"lazy\" decoding=\"async\" width=\"1200\" height=\"800\" src=\"https:\/\/d2p6e6u75xmxt8.cloudfront.net\/4\/2021\/06\/Report_SBOT_06.webp\" class=\"attachment-full size-full\" alt=\"\" srcset=\"https:\/\/d2p6e6u75xmxt8.cloudfront.net\/4\/2021\/06\/Report_SBOT_06.webp 1200w, https:\/\/d2p6e6u75xmxt8.cloudfront.net\/4\/2021\/06\/Report_SBOT_06-300x200.webp 300w, https:\/\/d2p6e6u75xmxt8.cloudfront.net\/4\/2021\/06\/Report_SBOT_06-1024x683.webp 1024w, https:\/\/d2p6e6u75xmxt8.cloudfront.net\/4\/2021\/06\/Report_SBOT_06-768x512.webp 768w, https:\/\/d2p6e6u75xmxt8.cloudfront.net\/4\/2021\/06\/Report_SBOT_06-272x182.webp 272w\" sizes=\"auto, (max-width: 1200px) 100vw, 1200px\" \/><\/a>\n\t\t\t<\/div><\/figure><figure class='gallery-item'>\n\t\t\t<div class='gallery-icon landscape'>\n\t\t\t\t<a href='https:\/\/d2p6e6u75xmxt8.cloudfront.net\/4\/2021\/06\/Report_SBOT_07.webp'><img loading=\"lazy\" decoding=\"async\" width=\"1200\" height=\"800\" src=\"https:\/\/d2p6e6u75xmxt8.cloudfront.net\/4\/2021\/06\/Report_SBOT_07.webp\" class=\"attachment-full size-full\" alt=\"\" srcset=\"https:\/\/d2p6e6u75xmxt8.cloudfront.net\/4\/2021\/06\/Report_SBOT_07.webp 1200w, https:\/\/d2p6e6u75xmxt8.cloudfront.net\/4\/2021\/06\/Report_SBOT_07-300x200.webp 300w, https:\/\/d2p6e6u75xmxt8.cloudfront.net\/4\/2021\/06\/Report_SBOT_07-1024x683.webp 1024w, https:\/\/d2p6e6u75xmxt8.cloudfront.net\/4\/2021\/06\/Report_SBOT_07-768x512.webp 768w, https:\/\/d2p6e6u75xmxt8.cloudfront.net\/4\/2021\/06\/Report_SBOT_07-272x182.webp 272w\" sizes=\"auto, (max-width: 1200px) 100vw, 1200px\" \/><\/a>\n\t\t\t<\/div><\/figure>\n\t\t<\/div>\n\n<p>Po takto n\u00e1ro\u010dnom dni v\u0161etci z\u00fa\u010dastnen\u00ed ur\u010dite ocenili z\u00e1zemie are\u00e1lu, mo\u017enos\u0165 umy\u0165 si svoje zablaten\u00e9 bicykle a tie\u017e mo\u017enos\u0165 vr\u00e1ti\u0165 sa do svojej \u201c\u013eudskej podoby\u201d \ud83d\ude0a. Na z\u00e1ver nech\u00fdbala ani tombola. Fotogal\u00e9riu z tohto d\u0148a n\u00e1jdete na <a href=\"https:\/\/www.welovecycling.com\/sk\/?p=12058&#038;preview=true\" rel=\"noopener\" target=\"_blank\">tomto odkaze<\/a>. <\/p>\n<p>\u010eal\u0161ie kolko s\u00e9rie \u0160koda BIKE OPEN TOUR sa uskuto\u010dn\u00ed 03. j\u00fala 2021 v Slovenskom raji. Viac sa dozviete v na\u0161ej sekcii na <a href=\"https:\/\/www.welovecycling.com\/sk\/sbot\/\" rel=\"noopener\" target=\"_blank\">tomto odkaze<\/a>.<\/p>\n","protected":false},"excerpt":{"rendered":"<p>Sobota, 26. 06. pon\u00fakla \u00favod marat\u00f3nskej sez\u00f3ny \u0160BOT v Topo\u013e\u010diankach. Pre mnoh\u00fdch to znamenalo prv\u00fa v\u00e4\u010d\u0161iu mo\u017enos\u0165, ako otestova\u0165 naplno [&hellip;]<\/p>\n","protected":false},"author":81,"featured_media":12063,"comment_status":"open","ping_status":"open","sticky":false,"template":"","format":"standard","meta":{"footnotes":""},"categories":[38,33],"tags":[89,180,532,178,412,179,39,509,474,1311,542,1009,77,1363,92,1362,269],"global-categories":[1074],"class_list":["post-12062","post","type-post","status-publish","format-standard","has-post-thumbnail","hentry","category-reportaz","category-sbot","tag-fotogaleria","tag-horska-cyklistika","tag-jazdenie","tag-maraton","tag-mtb","tag-preteky","tag-reportaz","tag-rodina","tag-rodinny-maraton","tag-sezona-2021","tag-skoda","tag-skoda-auto","tag-skoda-dedina","tag-skoda-mtb-cyklomaraton-topolcianky","tag-skoda-tim","tag-topolcianky","tag-vitaz","global-categories-cycling"],"yoast_head":"<!-- This site is optimized with the Yoast SEO Premium plugin v25.3 (Yoast SEO v25.9) - https:\/\/yoast.com\/wordpress\/plugins\/seo\/ -->\n<title>Report\u00e1\u017e: \u0160koda MTB cyklomarat\u00f3n Topo\u013e\u010dianky \u2013 prv\u00e9 kolo na\u0161ej s\u00e9rie - \u0160koda We Love Cycling Slovensko<\/title>\n<meta name=\"robots\" content=\"index, follow, max-snippet:-1, max-image-preview:large, max-video-preview:-1\" \/>\n<link rel=\"canonical\" href=\"https:\/\/www.welovecycling.com\/sk\/2021\/06\/29\/reportaz-skoda-mtb-cyklomaraton-topolcianky-prve-kolo-nasej-serie\/\" \/>\n<meta property=\"og:locale\" content=\"sk_SK\" \/>\n<meta property=\"og:type\" content=\"article\" \/>\n<meta property=\"og:title\" content=\"Report\u00e1\u017e: \u0160koda MTB cyklomarat\u00f3n Topo\u013e\u010dianky \u2013 prv\u00e9 kolo na\u0161ej s\u00e9rie\" \/>\n<meta property=\"og:description\" content=\"Sobota, 26. 06. pon\u00fakla \u00favod marat\u00f3nskej sez\u00f3ny \u0160BOT v Topo\u013e\u010diankach. Pre mnoh\u00fdch to znamenalo prv\u00fa v\u00e4\u010d\u0161iu mo\u017enos\u0165, ako otestova\u0165 naplno [&hellip;]\" \/>\n<meta property=\"og:url\" content=\"https:\/\/www.welovecycling.com\/sk\/2021\/06\/29\/reportaz-skoda-mtb-cyklomaraton-topolcianky-prve-kolo-nasej-serie\/\" \/>\n<meta property=\"og:site_name\" content=\"\u0160koda We Love Cycling Slovensko\" \/>\n<meta property=\"article:published_time\" content=\"2021-06-29T15:05:36+00:00\" \/>\n<meta property=\"article:modified_time\" content=\"2021-06-29T15:08:31+00:00\" \/>\n<meta property=\"og:image\" content=\"https:\/\/d2p6e6u75xmxt8.cloudfront.net\/4\/2021\/06\/Report_SBOT_00.webp\" \/>\n\t<meta property=\"og:image:width\" content=\"1380\" \/>\n\t<meta property=\"og:image:height\" content=\"600\" \/>\n\t<meta property=\"og:image:type\" content=\"image\/webp\" \/>\n<meta name=\"twitter:card\" content=\"summary_large_image\" \/>\n<meta name=\"twitter:label1\" content=\"Written by\" \/>\n\t<meta name=\"twitter:data1\" content=\"WeLoveCycling\" \/>\n\t<meta name=\"twitter:label2\" content=\"Est. reading time\" \/>\n\t<meta name=\"twitter:data2\" content=\"2\" \/>\n<script type=\"application\/ld+json\" class=\"yoast-schema-graph\">{\"@context\":\"https:\/\/schema.org\",\"@graph\":[{\"@type\":\"WebPage\",\"@id\":\"https:\/\/www.welovecycling.com\/sk\/2021\/06\/29\/reportaz-skoda-mtb-cyklomaraton-topolcianky-prve-kolo-nasej-serie\/\",\"url\":\"https:\/\/www.welovecycling.com\/sk\/2021\/06\/29\/reportaz-skoda-mtb-cyklomaraton-topolcianky-prve-kolo-nasej-serie\/\",\"name\":\"Report\u00e1\u017e: \u0160koda MTB cyklomarat\u00f3n Topo\u013e\u010dianky \u2013 prv\u00e9 kolo na\u0161ej s\u00e9rie - \u0160koda We Love Cycling Slovensko\",\"isPartOf\":{\"@id\":\"https:\/\/www.welovecycling.com\/sk\/#website\"},\"primaryImageOfPage\":{\"@id\":\"https:\/\/www.welovecycling.com\/sk\/2021\/06\/29\/reportaz-skoda-mtb-cyklomaraton-topolcianky-prve-kolo-nasej-serie\/#primaryimage\"},\"image\":{\"@id\":\"https:\/\/www.welovecycling.com\/sk\/2021\/06\/29\/reportaz-skoda-mtb-cyklomaraton-topolcianky-prve-kolo-nasej-serie\/#primaryimage\"},\"thumbnailUrl\":\"https:\/\/d2p6e6u75xmxt8.cloudfront.net\/4\/2021\/06\/Report_SBOT_00.webp\",\"datePublished\":\"2021-06-29T15:05:36+00:00\",\"dateModified\":\"2021-06-29T15:08:31+00:00\",\"author\":{\"@id\":\"\"},\"breadcrumb\":{\"@id\":\"https:\/\/www.welovecycling.com\/sk\/2021\/06\/29\/reportaz-skoda-mtb-cyklomaraton-topolcianky-prve-kolo-nasej-serie\/#breadcrumb\"},\"inLanguage\":\"sk-SK\",\"potentialAction\":[{\"@type\":\"ReadAction\",\"target\":[\"https:\/\/www.welovecycling.com\/sk\/2021\/06\/29\/reportaz-skoda-mtb-cyklomaraton-topolcianky-prve-kolo-nasej-serie\/\"]}]},{\"@type\":\"ImageObject\",\"inLanguage\":\"sk-SK\",\"@id\":\"https:\/\/www.welovecycling.com\/sk\/2021\/06\/29\/reportaz-skoda-mtb-cyklomaraton-topolcianky-prve-kolo-nasej-serie\/#primaryimage\",\"url\":\"https:\/\/d2p6e6u75xmxt8.cloudfront.net\/4\/2021\/06\/Report_SBOT_00.webp\",\"contentUrl\":\"https:\/\/d2p6e6u75xmxt8.cloudfront.net\/4\/2021\/06\/Report_SBOT_00.webp\",\"width\":1380,\"height\":600},{\"@type\":\"BreadcrumbList\",\"@id\":\"https:\/\/www.welovecycling.com\/sk\/2021\/06\/29\/reportaz-skoda-mtb-cyklomaraton-topolcianky-prve-kolo-nasej-serie\/#breadcrumb\",\"itemListElement\":[{\"@type\":\"ListItem\",\"position\":1,\"name\":\"Home\",\"item\":\"https:\/\/www.welovecycling.com\/sk\/\"},{\"@type\":\"ListItem\",\"position\":2,\"name\":\"Report\u00e1\u017e: \u0160koda MTB cyklomarat\u00f3n Topo\u013e\u010dianky \u2013 prv\u00e9 kolo na\u0161ej s\u00e9rie\"}]},{\"@type\":\"WebSite\",\"@id\":\"https:\/\/www.welovecycling.com\/sk\/#website\",\"url\":\"https:\/\/www.welovecycling.com\/sk\/\",\"name\":\"\u0160koda We Love Cycling Slovensko\",\"description\":\"\u0160koda We Love Cycling Slovensko je v\u00e1\u0161 ka\u017edodenn\u00fd zdroj noviniek a in\u0161pir\u00e1cie z sveta cyklistiky\",\"potentialAction\":[{\"@type\":\"SearchAction\",\"target\":{\"@type\":\"EntryPoint\",\"urlTemplate\":\"https:\/\/www.welovecycling.com\/sk\/?s={search_term_string}\"},\"query-input\":{\"@type\":\"PropertyValueSpecification\",\"valueRequired\":true,\"valueName\":\"search_term_string\"}}],\"inLanguage\":\"sk-SK\"},{\"@type\":\"Person\",\"@id\":\"\",\"url\":\"https:\/\/www.welovecycling.com\/sk\/author\/\"}]}<\/script>\n<!-- \/ Yoast SEO Premium plugin. -->","yoast_head_json":{"title":"Report\u00e1\u017e: \u0160koda MTB cyklomarat\u00f3n Topo\u013e\u010dianky \u2013 prv\u00e9 kolo na\u0161ej s\u00e9rie - \u0160koda We Love Cycling Slovensko","robots":{"index":"index","follow":"follow","max-snippet":"max-snippet:-1","max-image-preview":"max-image-preview:large","max-video-preview":"max-video-preview:-1"},"canonical":"https:\/\/www.welovecycling.com\/sk\/2021\/06\/29\/reportaz-skoda-mtb-cyklomaraton-topolcianky-prve-kolo-nasej-serie\/","og_locale":"sk_SK","og_type":"article","og_title":"Report\u00e1\u017e: \u0160koda MTB cyklomarat\u00f3n Topo\u013e\u010dianky \u2013 prv\u00e9 kolo na\u0161ej s\u00e9rie","og_description":"Sobota, 26. 06. pon\u00fakla \u00favod marat\u00f3nskej sez\u00f3ny \u0160BOT v Topo\u013e\u010diankach. Pre mnoh\u00fdch to znamenalo prv\u00fa v\u00e4\u010d\u0161iu mo\u017enos\u0165, ako otestova\u0165 naplno [&hellip;]","og_url":"https:\/\/www.welovecycling.com\/sk\/2021\/06\/29\/reportaz-skoda-mtb-cyklomaraton-topolcianky-prve-kolo-nasej-serie\/","og_site_name":"\u0160koda We Love Cycling Slovensko","article_published_time":"2021-06-29T15:05:36+00:00","article_modified_time":"2021-06-29T15:08:31+00:00","og_image":[{"width":1380,"height":600,"url":"https:\/\/d2p6e6u75xmxt8.cloudfront.net\/4\/2021\/06\/Report_SBOT_00.webp","type":"image\/webp"}],"twitter_card":"summary_large_image","twitter_misc":{"Written by":"WeLoveCycling","Est. reading time":"2"},"schema":{"@context":"https:\/\/schema.org","@graph":[{"@type":"WebPage","@id":"https:\/\/www.welovecycling.com\/sk\/2021\/06\/29\/reportaz-skoda-mtb-cyklomaraton-topolcianky-prve-kolo-nasej-serie\/","url":"https:\/\/www.welovecycling.com\/sk\/2021\/06\/29\/reportaz-skoda-mtb-cyklomaraton-topolcianky-prve-kolo-nasej-serie\/","name":"Report\u00e1\u017e: \u0160koda MTB cyklomarat\u00f3n Topo\u013e\u010dianky \u2013 prv\u00e9 kolo na\u0161ej s\u00e9rie - \u0160koda We Love Cycling Slovensko","isPartOf":{"@id":"https:\/\/www.welovecycling.com\/sk\/#website"},"primaryImageOfPage":{"@id":"https:\/\/www.welovecycling.com\/sk\/2021\/06\/29\/reportaz-skoda-mtb-cyklomaraton-topolcianky-prve-kolo-nasej-serie\/#primaryimage"},"image":{"@id":"https:\/\/www.welovecycling.com\/sk\/2021\/06\/29\/reportaz-skoda-mtb-cyklomaraton-topolcianky-prve-kolo-nasej-serie\/#primaryimage"},"thumbnailUrl":"https:\/\/d2p6e6u75xmxt8.cloudfront.net\/4\/2021\/06\/Report_SBOT_00.webp","datePublished":"2021-06-29T15:05:36+00:00","dateModified":"2021-06-29T15:08:31+00:00","author":{"@id":""},"breadcrumb":{"@id":"https:\/\/www.welovecycling.com\/sk\/2021\/06\/29\/reportaz-skoda-mtb-cyklomaraton-topolcianky-prve-kolo-nasej-serie\/#breadcrumb"},"inLanguage":"sk-SK","potentialAction":[{"@type":"ReadAction","target":["https:\/\/www.welovecycling.com\/sk\/2021\/06\/29\/reportaz-skoda-mtb-cyklomaraton-topolcianky-prve-kolo-nasej-serie\/"]}]},{"@type":"ImageObject","inLanguage":"sk-SK","@id":"https:\/\/www.welovecycling.com\/sk\/2021\/06\/29\/reportaz-skoda-mtb-cyklomaraton-topolcianky-prve-kolo-nasej-serie\/#primaryimage","url":"https:\/\/d2p6e6u75xmxt8.cloudfront.net\/4\/2021\/06\/Report_SBOT_00.webp","contentUrl":"https:\/\/d2p6e6u75xmxt8.cloudfront.net\/4\/2021\/06\/Report_SBOT_00.webp","width":1380,"height":600},{"@type":"BreadcrumbList","@id":"https:\/\/www.welovecycling.com\/sk\/2021\/06\/29\/reportaz-skoda-mtb-cyklomaraton-topolcianky-prve-kolo-nasej-serie\/#breadcrumb","itemListElement":[{"@type":"ListItem","position":1,"name":"Home","item":"https:\/\/www.welovecycling.com\/sk\/"},{"@type":"ListItem","position":2,"name":"Report\u00e1\u017e: \u0160koda MTB cyklomarat\u00f3n Topo\u013e\u010dianky \u2013 prv\u00e9 kolo na\u0161ej s\u00e9rie"}]},{"@type":"WebSite","@id":"https:\/\/www.welovecycling.com\/sk\/#website","url":"https:\/\/www.welovecycling.com\/sk\/","name":"\u0160koda We Love Cycling Slovensko","description":"\u0160koda We Love Cycling Slovensko je v\u00e1\u0161 ka\u017edodenn\u00fd zdroj noviniek a in\u0161pir\u00e1cie z sveta cyklistiky","potentialAction":[{"@type":"SearchAction","target":{"@type":"EntryPoint","urlTemplate":"https:\/\/www.welovecycling.com\/sk\/?s={search_term_string}"},"query-input":{"@type":"PropertyValueSpecification","valueRequired":true,"valueName":"search_term_string"}}],"inLanguage":"sk-SK"},{"@type":"Person","@id":"","url":"https:\/\/www.welovecycling.com\/sk\/author\/"}]}},"_links":{"self":[{"href":"https:\/\/www.welovecycling.com\/sk\/wp-json\/wp\/v2\/posts\/12062","targetHints":{"allow":["GET"]}}],"collection":[{"href":"https:\/\/www.welovecycling.com\/sk\/wp-json\/wp\/v2\/posts"}],"about":[{"href":"https:\/\/www.welovecycling.com\/sk\/wp-json\/wp\/v2\/types\/post"}],"author":[{"embeddable":true,"href":"https:\/\/www.welovecycling.com\/sk\/wp-json\/wp\/v2\/users\/81"}],"replies":[{"embeddable":true,"href":"https:\/\/www.welovecycling.com\/sk\/wp-json\/wp\/v2\/comments?post=12062"}],"version-history":[{"count":2,"href":"https:\/\/www.welovecycling.com\/sk\/wp-json\/wp\/v2\/posts\/12062\/revisions"}],"predecessor-version":[{"id":12079,"href":"https:\/\/www.welovecycling.com\/sk\/wp-json\/wp\/v2\/posts\/12062\/revisions\/12079"}],"wp:featuredmedia":[{"embeddable":true,"href":"https:\/\/www.welovecycling.com\/sk\/wp-json\/wp\/v2\/media\/12063"}],"wp:attachment":[{"href":"https:\/\/www.welovecycling.com\/sk\/wp-json\/wp\/v2\/media?parent=12062"}],"wp:term":[{"taxonomy":"category","embeddable":true,"href":"https:\/\/www.welovecycling.com\/sk\/wp-json\/wp\/v2\/categories?post=12062"},{"taxonomy":"post_tag","embeddable":true,"href":"https:\/\/www.welovecycling.com\/sk\/wp-json\/wp\/v2\/tags?post=12062"},{"taxonomy":"global-categories","embeddable":true,"href":"https:\/\/www.welovecycling.com\/sk\/wp-json\/wp\/v2\/global-categories?post=12062"}],"curies":[{"name":"wp","href":"https:\/\/api.w.org\/{rel}","templated":true}]}}