{"id":12046,"date":"2021-06-29T13:00:20","date_gmt":"2021-06-29T11:00:20","guid":{"rendered":"https:\/\/www.welovecycling.com\/sk\/?p=12046"},"modified":"2021-06-29T11:03:31","modified_gmt":"2021-06-29T09:03:31","slug":"vytvorenie-cerveneho-enyaq-iv-ake-je-to-byt-riaditelom-tour-de-france","status":"publish","type":"post","link":"https:\/\/www.welovecycling.com\/sk\/2021\/06\/29\/vytvorenie-cerveneho-enyaq-iv-ake-je-to-byt-riaditelom-tour-de-france\/","title":{"rendered":"Vytvorenie \u010derven\u00e9ho ENYAQ iV: Ak\u00e9 je to by\u0165 riadite\u013eom Tour de France?"},"content":{"rendered":"<p><strong>Trvalo mi takmer hodinu, k\u00fdm som sa dostal z Prahy do centr\u00e1ly zna\u010dky \u0160koda v Mladej Boleslavi, a potom \u010fal\u0161iu pol hodinu jazden\u00edm po \u00fazkych vidieckych cest\u00e1ch. Mesto sa vol\u00e1 Ledce. D\u00e1vajte pozor, aby ste slepo nesledovali navig\u00e1ciu GPS tak, ako som to robil ja, \u010do malo za n\u00e1sledok v\u00fdlet do lesa a nakoniec cie\u013e uprostred ni\u010doho.<\/strong><\/p>\n<p><!--more--><\/p>\n<p><em>\u201eTo ist\u00e9 sa stalo nieko\u013ek\u00fdm \u013eu\u010fom, vr\u00e1tane vodi\u010da n\u00e1kladn\u00e9ho vozidla s dlh\u00fdm pr\u00edvesom. Trvalo mu takmer hodinu, k\u00fdm sa vr\u00e1til sp\u00e4\u0165 iba pomocou sp\u00e4tn\u00fdch zrkadiel,\u201c<\/em> hovor\u00ed zakladate\u013e spolo\u010dnosti Best Modell, Martin Smutn\u00fd. Na\u0161\u0165astie som si dnes nevzal \u017eiadny pr\u00edves za auto.<\/p>\n<figure id=\"attachment_12047\" aria-describedby=\"caption-attachment-12047\" style=\"width: 1024px\" class=\"wp-caption alignnone\"><a href=\"https:\/\/d2p6e6u75xmxt8.cloudfront.net\/2\/2021\/06\/FM7B8660.jpg\"><img loading=\"lazy\" decoding=\"async\" class=\"wp-image-12047 size-large\" src=\"https:\/\/d2p6e6u75xmxt8.cloudfront.net\/4\/2021\/06\/FM7B8660-1024x683.jpg\" alt=\"\u0160koda ENYAQ iV\" width=\"1024\" height=\"683\" \/><\/a><figcaption id=\"caption-attachment-12047\" class=\"wp-caption-text\">\u010cak\u00e1 sa na \u00fapravu.<\/figcaption><\/figure>\n<p>Best Modell je nen\u00e1padn\u00e1 \u010desk\u00e1 spolo\u010dnos\u0165 so s\u00eddlom v e\u0161te nen\u00e1padnej\u0161ej \u010deskej dedine. Ak sa tam nakoniec dostanete, mo\u017eno si ani nev\u0161imnete firmu schovan\u00fa za predz\u00e1hradkou plnou star\u00fdch a ojazden\u00fdch automobilov. Pozornos\u0165 nie je \u017eiad\u00faca, preto\u017ee v\u00e4\u010d\u0161ina aktiv\u00edt firmy spad\u00e1 do kateg\u00f3rie \u201eutajovan\u00fdch\u201c alebo dokonca \u201epr\u00edsne tajn\u00fdch\u201c.<\/p>\n<p>Vo v\u00fdrobni rozdelenej na tri haly, s\u00fa navrhnut\u00e9 a tvarovan\u00e9 niektor\u00e9 z bud\u00facich modelov zna\u010dky \u0160koda. Niektor\u00e9 z nich bud\u00fa predstaven\u00e9 o p\u00e4\u0165 rokov, \u010do je d\u00f4vod, pre\u010do musia v\u0161etci n\u00e1v\u0161tevn\u00edci necha\u0165 svoje smartf\u00f3ny z\u00e1sadne vypnut\u00e9.<\/p>\n<p>Projekt, ktor\u00fd ma sem priviedol, je naopak nie\u010do, \u010do dnes sleduj\u00fa mili\u00f3ny fan\u00fa\u0161ikov Tour de France na svojich obrazovk\u00e1ch. V\u00fdrob\u0148a, do ktorej sa chyst\u00e1m vst\u00fapi\u0165, je miestom, kde s\u00fa upraven\u00e9 aut\u00e1 riadite\u013ea Tour de France a \u010fal\u0161\u00edch hlavn\u00fdch funkcion\u00e1rov. Tieto vozidl\u00e1 bud\u00fa sledova\u0165 pelot\u00f3n, po\u010das najsl\u00e1vnej\u0161ieho cyklistick\u00e9ho podujatia na svete.<\/p>\n<figure id=\"attachment_12048\" aria-describedby=\"caption-attachment-12048\" style=\"width: 1024px\" class=\"wp-caption alignnone\"><a href=\"https:\/\/d2p6e6u75xmxt8.cloudfront.net\/2\/2021\/06\/Red-ENYAQ-iV.jpg\"><img loading=\"lazy\" decoding=\"async\" class=\"wp-image-12048 size-large\" src=\"https:\/\/d2p6e6u75xmxt8.cloudfront.net\/4\/2021\/06\/Red-ENYAQ-iV-1024x682.jpg\" alt=\"Red ENYAQ iV modification\" width=\"1024\" height=\"682\" \/><\/a><figcaption id=\"caption-attachment-12048\" class=\"wp-caption-text\">Tu sa deje m\u00e1gia.<\/figcaption><\/figure>\n<p>Christian Prudhomme \u0161tartuje na Tour de France 26. j\u00fana na jednom z vozidiel ENYAQ iV skryt\u00fdch za br\u00e1nou s n\u00e1pisom: \u201eVstupujte iba v sprievode opr\u00e1vnen\u00e9ho person\u00e1lu.\u201c S l\u00e1skav\u00fdm dovolen\u00edm Martina Smutn\u00e9ho vstupujem do haly, aby som za\u017eil jedno ve\u013ek\u00e9 prekvapenie.<\/p>\n<p>Zatia\u013e \u010do v telev\u00edzii s\u00fa aut\u00e1 n\u00e1dhern\u00e9 a leskl\u00e9, ich odhalen\u00e9 kovov\u00e9 karos\u00e9rie s\u00fa teraz skryt\u00e9 pod poloprieh\u013eadn\u00fdm plastom. Urob\u00edm e\u0161te p\u00e1r krokov a u\u017e som \u00faplne zhypnotizovan\u00fd. V\u0161etky aut\u00e1 s\u00fa zbaven\u00e9 \u010dal\u00fanenia. Pri bli\u017e\u0161om poh\u013eade na ne zis\u0165ujem, \u017ee v\u00e4\u010d\u0161ina vn\u00fatorn\u00e9ho oblo\u017eenia je pre\u010d a z ka\u017ed\u00e9ho rohu vyt\u0155\u010da ve\u013ea k\u00e1blov, dr\u00f4tov, svoriek a tesnen\u00ed. To si skuto\u010dne zasl\u00fa\u017eili?<\/p>\n<div id='gallery-1' class='gallery galleryid-12046 gallery-columns-2 gallery-size-large'><figure class='gallery-item'>\n\t\t\t<div class='gallery-icon landscape'>\n\t\t\t\t<a href='https:\/\/d2p6e6u75xmxt8.cloudfront.net\/4\/2021\/06\/FM7B8685.webp'><img loading=\"lazy\" decoding=\"async\" width=\"1024\" height=\"682\" src=\"https:\/\/d2p6e6u75xmxt8.cloudfront.net\/4\/2021\/06\/FM7B8685-1024x682.webp\" class=\"attachment-large size-large\" alt=\"\" srcset=\"https:\/\/d2p6e6u75xmxt8.cloudfront.net\/4\/2021\/06\/FM7B8685-1024x682.webp 1024w, https:\/\/d2p6e6u75xmxt8.cloudfront.net\/4\/2021\/06\/FM7B8685-300x200.webp 300w, https:\/\/d2p6e6u75xmxt8.cloudfront.net\/4\/2021\/06\/FM7B8685-768x511.webp 768w, https:\/\/d2p6e6u75xmxt8.cloudfront.net\/4\/2021\/06\/FM7B8685-272x182.webp 272w, https:\/\/d2p6e6u75xmxt8.cloudfront.net\/4\/2021\/06\/FM7B8685.webp 1275w\" sizes=\"auto, (max-width: 1024px) 100vw, 1024px\" \/><\/a>\n\t\t\t<\/div><\/figure><figure class='gallery-item'>\n\t\t\t<div class='gallery-icon landscape'>\n\t\t\t\t<a href='https:\/\/d2p6e6u75xmxt8.cloudfront.net\/4\/2021\/06\/FM7B8726.webp'><img loading=\"lazy\" decoding=\"async\" width=\"1024\" height=\"682\" src=\"https:\/\/d2p6e6u75xmxt8.cloudfront.net\/4\/2021\/06\/FM7B8726-1024x682.webp\" class=\"attachment-large size-large\" alt=\"Apparently, they did.\" srcset=\"https:\/\/d2p6e6u75xmxt8.cloudfront.net\/4\/2021\/06\/FM7B8726-1024x682.webp 1024w, https:\/\/d2p6e6u75xmxt8.cloudfront.net\/4\/2021\/06\/FM7B8726-300x200.webp 300w, https:\/\/d2p6e6u75xmxt8.cloudfront.net\/4\/2021\/06\/FM7B8726-768x512.webp 768w, https:\/\/d2p6e6u75xmxt8.cloudfront.net\/4\/2021\/06\/FM7B8726-272x182.webp 272w, https:\/\/d2p6e6u75xmxt8.cloudfront.net\/4\/2021\/06\/FM7B8726.webp 1489w\" sizes=\"auto, (max-width: 1024px) 100vw, 1024px\" \/><\/a>\n\t\t\t<\/div><\/figure>\n\t\t<\/div>\n\n<p><em>\u201eNo, skuto\u010dne,\u201c<\/em> ubezpe\u010duje ma p\u00e1n Smutn\u00fd. V\u0161etky aut\u00e1 boli odhalen\u00e9 a\u017e na kos\u0165, aby sa mohli in\u0161talova\u0165 v\u0161etky potrebn\u00e9 zariadenia, ktor\u00e9 nap\u00e1jaj\u00fa dve pr\u00eddavn\u00e9 bat\u00e9rie. Zoznam zariaden\u00ed prec\u00edzne zostavili komis\u00e1ri Tour, aby z be\u017en\u00fdch automobilov \u0160koda ENYAQ iV vytvorili mobiln\u00e9 kancel\u00e1rie na \u0161tyroch koles\u00e1ch.<\/p>\n<p>Predt\u00fdm, ako bude m\u00f4c\u0165 p\u00e1n Prudhomme m\u00e1va\u0165 na div\u00e1kov cez stre\u0161n\u00e9 okno, mus\u00ed okno niekto vyrobi\u0165. Najsk\u00f4r musia technici demontova\u0165 cel\u00fd interi\u00e9r, vyreza\u0165 otvor a z\u00e1rove\u0148 vyreza\u0165 existuj\u00face v\u00fdstu\u017ee, potom osadi\u0165 stre\u0161n\u00e9 okno, utesni\u0165 ho a pripoji\u0165 k nap\u00e1jaciemu zdroju. Cel\u00e1 strecha teraz \u010dak\u00e1 na nov\u00e9 nosi\u010de. Aby sa riadite\u013e mal \u010doho dr\u017ea\u0165, stre\u0161n\u00e9 nosi\u010de s\u00fa zv\u00fd\u0161en\u00e9 o nieko\u013eko centimetrov, aby ich mohol pohodlne uchopi\u0165.<\/p>\n<div id='gallery-2' class='gallery galleryid-12046 gallery-columns-2 gallery-size-large'><figure class='gallery-item'>\n\t\t\t<div class='gallery-icon landscape'>\n\t\t\t\t<a href='https:\/\/d2p6e6u75xmxt8.cloudfront.net\/4\/2021\/06\/FM7B8694.webp'><img loading=\"lazy\" decoding=\"async\" width=\"1024\" height=\"682\" src=\"https:\/\/d2p6e6u75xmxt8.cloudfront.net\/4\/2021\/06\/FM7B8694-1024x682.webp\" class=\"attachment-large size-large\" alt=\"The director&#039;s car in the making.\" srcset=\"https:\/\/d2p6e6u75xmxt8.cloudfront.net\/4\/2021\/06\/FM7B8694-1024x682.webp 1024w, https:\/\/d2p6e6u75xmxt8.cloudfront.net\/4\/2021\/06\/FM7B8694-300x200.webp 300w, https:\/\/d2p6e6u75xmxt8.cloudfront.net\/4\/2021\/06\/FM7B8694-768x512.webp 768w, https:\/\/d2p6e6u75xmxt8.cloudfront.net\/4\/2021\/06\/FM7B8694-272x182.webp 272w, https:\/\/d2p6e6u75xmxt8.cloudfront.net\/4\/2021\/06\/FM7B8694.webp 1303w\" sizes=\"auto, (max-width: 1024px) 100vw, 1024px\" \/><\/a>\n\t\t\t<\/div><\/figure><figure class='gallery-item'>\n\t\t\t<div class='gallery-icon landscape'>\n\t\t\t\t<a href='https:\/\/d2p6e6u75xmxt8.cloudfront.net\/4\/2021\/06\/FM7B8799.webp'><img loading=\"lazy\" decoding=\"async\" width=\"1024\" height=\"683\" src=\"https:\/\/d2p6e6u75xmxt8.cloudfront.net\/4\/2021\/06\/FM7B8799-1024x683.webp\" class=\"attachment-large size-large\" alt=\"The additional devices need to be plugged into the power supply from two extra batteries.\" srcset=\"https:\/\/d2p6e6u75xmxt8.cloudfront.net\/4\/2021\/06\/FM7B8799-1024x683.webp 1024w, https:\/\/d2p6e6u75xmxt8.cloudfront.net\/4\/2021\/06\/FM7B8799-300x200.webp 300w, https:\/\/d2p6e6u75xmxt8.cloudfront.net\/4\/2021\/06\/FM7B8799-768x512.webp 768w, https:\/\/d2p6e6u75xmxt8.cloudfront.net\/4\/2021\/06\/FM7B8799-272x182.webp 272w, https:\/\/d2p6e6u75xmxt8.cloudfront.net\/4\/2021\/06\/FM7B8799.webp 1434w\" sizes=\"auto, (max-width: 1024px) 100vw, 1024px\" \/><\/a>\n\t\t\t<\/div><\/figure>\n\t\t<\/div>\n\n<p>Okrem stre\u0161n\u00e9ho okna bude nain\u0161talovan\u00e9 \u010fal\u0161ie r\u00e1dio, \u0161es\u0165 ant\u00e9n, maj\u00e1ky a klaks\u00f3ny. Zn\u00e1ma chladni\u010dka sa nach\u00e1dza medzi zadn\u00fdmi sedadlami a pojme dve f\u013ea\u0161e \u0161ampansk\u00e9ho, ktor\u00e9 sa bud\u00fa po\u010das pretekov pod\u00e1va\u0165 VIP hos\u0165om. Do \u0161peci\u00e1lneho priestoru v bato\u017einovom priestore boli vlo\u017een\u00e9 dve sedemdesiatp\u00e4\u0165 amp\u00e9rov\u00e9 \u200b\u200bbat\u00e9rie na nap\u00e1janie v\u0161etk\u00fdch \u010fal\u0161\u00edch zariaden\u00ed.<\/p>\n<p>T\u00edm pracuje pod obrovsk\u00fdm tlakom. V\u010faka minuloro\u010dn\u00fdm sk\u00fasenostiam maj\u00fa teraz komis\u00e1ri ove\u013ea podrobnej\u0161ie po\u017eiadavky.<\/p>\n<p><em>\u201eTento rok sme museli in\u0161talova\u0165 \u00faplne nov\u00e9 r\u00e1di\u00e1 a v\u0161etko vybavenie, odkedy sa komis\u00e1ri rozhodli vymeni\u0165 s\u00fa\u010dasn\u00fd model za Kenwood,\u201c<\/em> hovor\u00ed p\u00e1n Smutn\u00fd. Preto\u017ee tieto r\u00e1di\u00e1 neboli dostupn\u00e9 nikde v \u010cesku, obchodn\u00edci museli k\u00fapi\u0165 niektor\u00e9 z Belgicka a zvy\u0161ok z Kanady. Ant\u00e9ny sme z\u00edskali vo Franc\u00fazsku, zatia\u013e \u010do maj\u00e1ky boli dovezen\u00e9 z Talianska. Klimatiz\u00e1cia bola navy\u0161e upraven\u00e1 tak, aby umo\u017e\u0148ovala dosta\u0165 viac chladn\u00e9ho vzduchu na zadn\u00e9 sedadl\u00e1.<\/p>\n<p><a href=\"https:\/\/d2p6e6u75xmxt8.cloudfront.net\/2\/2021\/06\/FM7B9025-scaled.jpg\"><img loading=\"lazy\" decoding=\"async\" class=\"alignnone size-large wp-image-12049\" src=\"https:\/\/d2p6e6u75xmxt8.cloudfront.net\/4\/2021\/06\/FM7B9025-scaled-1024x683.jpg\" alt=\"\u0160koda ENYAQ iV interior\" width=\"1024\" height=\"683\" \/><\/a><\/p>\n<div id='gallery-3' class='gallery galleryid-12046 gallery-columns-2 gallery-size-large'><figure class='gallery-item'>\n\t\t\t<div class='gallery-icon landscape'>\n\t\t\t\t<a href='https:\/\/d2p6e6u75xmxt8.cloudfront.net\/4\/2021\/06\/FM7B8946.webp'><img loading=\"lazy\" decoding=\"async\" width=\"1024\" height=\"683\" src=\"https:\/\/d2p6e6u75xmxt8.cloudfront.net\/4\/2021\/06\/FM7B8946-1024x683.webp\" class=\"attachment-large size-large\" alt=\"\" srcset=\"https:\/\/d2p6e6u75xmxt8.cloudfront.net\/4\/2021\/06\/FM7B8946-1024x683.webp 1024w, https:\/\/d2p6e6u75xmxt8.cloudfront.net\/4\/2021\/06\/FM7B8946-300x200.webp 300w, https:\/\/d2p6e6u75xmxt8.cloudfront.net\/4\/2021\/06\/FM7B8946-768x512.webp 768w, https:\/\/d2p6e6u75xmxt8.cloudfront.net\/4\/2021\/06\/FM7B8946-1536x1024.webp 1536w, https:\/\/d2p6e6u75xmxt8.cloudfront.net\/4\/2021\/06\/FM7B8946-272x182.webp 272w, https:\/\/d2p6e6u75xmxt8.cloudfront.net\/4\/2021\/06\/FM7B8946.webp 1659w\" sizes=\"auto, (max-width: 1024px) 100vw, 1024px\" \/><\/a>\n\t\t\t<\/div><\/figure><figure class='gallery-item'>\n\t\t\t<div class='gallery-icon landscape'>\n\t\t\t\t<a href='https:\/\/d2p6e6u75xmxt8.cloudfront.net\/4\/2021\/06\/FM7B8958.webp'><img loading=\"lazy\" decoding=\"async\" width=\"1024\" height=\"683\" src=\"https:\/\/d2p6e6u75xmxt8.cloudfront.net\/4\/2021\/06\/FM7B8958-1024x683.webp\" class=\"attachment-large size-large\" alt=\"The car needs an additional radio.\" srcset=\"https:\/\/d2p6e6u75xmxt8.cloudfront.net\/4\/2021\/06\/FM7B8958-1024x683.webp 1024w, https:\/\/d2p6e6u75xmxt8.cloudfront.net\/4\/2021\/06\/FM7B8958-300x200.webp 300w, https:\/\/d2p6e6u75xmxt8.cloudfront.net\/4\/2021\/06\/FM7B8958-768x512.webp 768w, https:\/\/d2p6e6u75xmxt8.cloudfront.net\/4\/2021\/06\/FM7B8958-1536x1024.webp 1536w, https:\/\/d2p6e6u75xmxt8.cloudfront.net\/4\/2021\/06\/FM7B8958-272x182.webp 272w, https:\/\/d2p6e6u75xmxt8.cloudfront.net\/4\/2021\/06\/FM7B8958.webp 1914w\" sizes=\"auto, (max-width: 1024px) 100vw, 1024px\" \/><\/a>\n\t\t\t<\/div><\/figure>\n\t\t<\/div>\n\n<p>In\u0161tal\u00e1cia chladni\u010dky medzi zadn\u00e9 sedadl\u00e1 sa tradi\u010dne uk\u00e1zala ako n\u00e1ro\u010dn\u00e1. Chladiaci box bol \u010dal\u00fanen\u00fd rovnakou ko\u017eou, ktor\u00e1 zakr\u00fdva zvy\u0161ok interi\u00e9ru automobilu. Do priestoru medzi zadn\u00fdmi sedadlami sa dostane aj na mieru vyroben\u00fd centr\u00e1lny ovl\u00e1dac\u00ed panel, zodpovedn\u00fd za \u010dinnos\u0165 v\u0161etk\u00fdch nov\u00fdch zariaden\u00ed. Patria sem aj z\u00e1suvky a nab\u00edja\u010dky &#8211; pre pos\u00e1dku s\u00fa k dispoz\u00edcii USB aj USB-C. Najv\u00fdznamnej\u0161ia zmena v exteri\u00e9ri sa vyzna\u010duje nosi\u010dom reklamn\u00e9ho p\u00e1su namontovan\u00fdm na prednej kapote.<\/p>\n<p>Aj ke\u010f sa to v \u010dase mojej n\u00e1v\u0161tevy zd\u00e1 nemo\u017en\u00e9, v\u0161etky \u0161tyri aut\u00e1 bud\u00fa hotov\u00e9 za menej ako \u0161tyri dni. V\u0161etky k\u00e1ble bud\u00fa pripojen\u00e9 k bat\u00e9ri\u00e1m a skryt\u00e9 za nov\u00fdm oblo\u017een\u00edm. Aj keby ste spravili d\u00f4kladn\u00fa prehliadku zbl\u00edzka, nikdy by ste nepovedali, \u017ee \u00fapravy nie s\u00fa priamo z tov\u00e1rne, ale boli vyroben\u00e9 v relat\u00edvne malej gar\u00e1\u017ei s\u00fakromnou spolo\u010dnos\u0165ou na z\u00e1kazku. Prajeme im ve\u013ea \u0161\u0165astia.<\/p>\n","protected":false},"excerpt":{"rendered":"<p>Trvalo mi takmer hodinu, k\u00fdm som sa dostal z Prahy do centr\u00e1ly zna\u010dky \u0160koda v Mladej Boleslavi, a potom \u010fal\u0161iu [&hellip;]<\/p>\n","protected":false},"author":81,"featured_media":12051,"comment_status":"open","ping_status":"open","sticky":false,"template":"","format":"standard","meta":{"footnotes":""},"categories":[4],"tags":[861,1361,540,115,135,1360,542,1009,1259,20,1359],"global-categories":[],"class_list":["post-12046","post","type-post","status-publish","format-standard","has-post-thumbnail","hentry","category-cestna-cyklisitika","tag-auto","tag-best-modell","tag-ceska-republika","tag-cestna-cyklistika","tag-christian-prudhomme","tag-martin-smutny","tag-skoda","tag-skoda-auto","tag-skoda-enyaq-iv","tag-tour-de-france","tag-tour-de-france-2021"],"yoast_head":"<!-- This site is optimized with the Yoast SEO Premium plugin v25.3 (Yoast SEO v25.9) - https:\/\/yoast.com\/wordpress\/plugins\/seo\/ -->\n<title>Creating the Red ENYAQ iV: The Tour de France Director&#039;s Car<\/title>\n<meta name=\"robots\" content=\"index, follow, max-snippet:-1, max-image-preview:large, max-video-preview:-1\" \/>\n<link rel=\"canonical\" href=\"https:\/\/www.welovecycling.com\/sk\/2021\/06\/29\/vytvorenie-cerveneho-enyaq-iv-ake-je-to-byt-riaditelom-tour-de-france\/\" \/>\n<meta property=\"og:locale\" content=\"sk_SK\" \/>\n<meta property=\"og:type\" content=\"article\" \/>\n<meta property=\"og:title\" content=\"Vytvorenie \u010derven\u00e9ho ENYAQ iV: Ak\u00e9 je to by\u0165 riadite\u013eom Tour de France?\" \/>\n<meta property=\"og:description\" content=\"Trvalo mi takmer hodinu, k\u00fdm som sa dostal z Prahy do centr\u00e1ly zna\u010dky \u0160koda v Mladej Boleslavi, a potom \u010fal\u0161iu [&hellip;]\" \/>\n<meta property=\"og:url\" content=\"https:\/\/www.welovecycling.com\/sk\/2021\/06\/29\/vytvorenie-cerveneho-enyaq-iv-ake-je-to-byt-riaditelom-tour-de-france\/\" \/>\n<meta property=\"og:site_name\" content=\"\u0160koda We Love Cycling Slovensko\" \/>\n<meta property=\"article:published_time\" content=\"2021-06-29T11:00:20+00:00\" \/>\n<meta property=\"og:image\" content=\"https:\/\/d2p6e6u75xmxt8.cloudfront.net\/4\/2021\/06\/ENYAQ-iV-CVR.webp\" \/>\n\t<meta property=\"og:image:width\" content=\"1366\" \/>\n\t<meta property=\"og:image:height\" content=\"596\" \/>\n\t<meta property=\"og:image:type\" content=\"image\/webp\" \/>\n<meta name=\"twitter:card\" content=\"summary_large_image\" \/>\n<meta name=\"twitter:label1\" content=\"Written by\" \/>\n\t<meta name=\"twitter:data1\" content=\"WeLoveCycling\" \/>\n\t<meta name=\"twitter:label2\" content=\"Est. reading time\" \/>\n\t<meta name=\"twitter:data2\" content=\"6\" \/>\n<script type=\"application\/ld+json\" class=\"yoast-schema-graph\">{\"@context\":\"https:\/\/schema.org\",\"@graph\":[{\"@type\":\"WebPage\",\"@id\":\"https:\/\/www.welovecycling.com\/sk\/2021\/06\/29\/vytvorenie-cerveneho-enyaq-iv-ake-je-to-byt-riaditelom-tour-de-france\/\",\"url\":\"https:\/\/www.welovecycling.com\/sk\/2021\/06\/29\/vytvorenie-cerveneho-enyaq-iv-ake-je-to-byt-riaditelom-tour-de-france\/\",\"name\":\"Creating the Red ENYAQ iV: The Tour de France Director's Car\",\"isPartOf\":{\"@id\":\"https:\/\/www.welovecycling.com\/sk\/#website\"},\"primaryImageOfPage\":{\"@id\":\"https:\/\/www.welovecycling.com\/sk\/2021\/06\/29\/vytvorenie-cerveneho-enyaq-iv-ake-je-to-byt-riaditelom-tour-de-france\/#primaryimage\"},\"image\":{\"@id\":\"https:\/\/www.welovecycling.com\/sk\/2021\/06\/29\/vytvorenie-cerveneho-enyaq-iv-ake-je-to-byt-riaditelom-tour-de-france\/#primaryimage\"},\"thumbnailUrl\":\"https:\/\/d2p6e6u75xmxt8.cloudfront.net\/4\/2021\/06\/ENYAQ-iV-CVR.webp\",\"datePublished\":\"2021-06-29T11:00:20+00:00\",\"author\":{\"@id\":\"\"},\"breadcrumb\":{\"@id\":\"https:\/\/www.welovecycling.com\/sk\/2021\/06\/29\/vytvorenie-cerveneho-enyaq-iv-ake-je-to-byt-riaditelom-tour-de-france\/#breadcrumb\"},\"inLanguage\":\"sk-SK\",\"potentialAction\":[{\"@type\":\"ReadAction\",\"target\":[\"https:\/\/www.welovecycling.com\/sk\/2021\/06\/29\/vytvorenie-cerveneho-enyaq-iv-ake-je-to-byt-riaditelom-tour-de-france\/\"]}]},{\"@type\":\"ImageObject\",\"inLanguage\":\"sk-SK\",\"@id\":\"https:\/\/www.welovecycling.com\/sk\/2021\/06\/29\/vytvorenie-cerveneho-enyaq-iv-ake-je-to-byt-riaditelom-tour-de-france\/#primaryimage\",\"url\":\"https:\/\/d2p6e6u75xmxt8.cloudfront.net\/4\/2021\/06\/ENYAQ-iV-CVR.webp\",\"contentUrl\":\"https:\/\/d2p6e6u75xmxt8.cloudfront.net\/4\/2021\/06\/ENYAQ-iV-CVR.webp\",\"width\":1366,\"height\":596,\"caption\":\"\u0160koda ENYAQ iV\"},{\"@type\":\"BreadcrumbList\",\"@id\":\"https:\/\/www.welovecycling.com\/sk\/2021\/06\/29\/vytvorenie-cerveneho-enyaq-iv-ake-je-to-byt-riaditelom-tour-de-france\/#breadcrumb\",\"itemListElement\":[{\"@type\":\"ListItem\",\"position\":1,\"name\":\"Home\",\"item\":\"https:\/\/www.welovecycling.com\/sk\/\"},{\"@type\":\"ListItem\",\"position\":2,\"name\":\"Vytvorenie \u010derven\u00e9ho ENYAQ iV: Ak\u00e9 je to by\u0165 riadite\u013eom Tour de France?\"}]},{\"@type\":\"WebSite\",\"@id\":\"https:\/\/www.welovecycling.com\/sk\/#website\",\"url\":\"https:\/\/www.welovecycling.com\/sk\/\",\"name\":\"\u0160koda We Love Cycling Slovensko\",\"description\":\"\u0160koda We Love Cycling Slovensko je v\u00e1\u0161 ka\u017edodenn\u00fd zdroj noviniek a in\u0161pir\u00e1cie z sveta cyklistiky\",\"potentialAction\":[{\"@type\":\"SearchAction\",\"target\":{\"@type\":\"EntryPoint\",\"urlTemplate\":\"https:\/\/www.welovecycling.com\/sk\/?s={search_term_string}\"},\"query-input\":{\"@type\":\"PropertyValueSpecification\",\"valueRequired\":true,\"valueName\":\"search_term_string\"}}],\"inLanguage\":\"sk-SK\"},{\"@type\":\"Person\",\"@id\":\"\",\"url\":\"https:\/\/www.welovecycling.com\/sk\/author\/\"}]}<\/script>\n<!-- \/ Yoast SEO Premium plugin. -->","yoast_head_json":{"title":"Creating the Red ENYAQ iV: The Tour de France Director's Car","robots":{"index":"index","follow":"follow","max-snippet":"max-snippet:-1","max-image-preview":"max-image-preview:large","max-video-preview":"max-video-preview:-1"},"canonical":"https:\/\/www.welovecycling.com\/sk\/2021\/06\/29\/vytvorenie-cerveneho-enyaq-iv-ake-je-to-byt-riaditelom-tour-de-france\/","og_locale":"sk_SK","og_type":"article","og_title":"Vytvorenie \u010derven\u00e9ho ENYAQ iV: Ak\u00e9 je to by\u0165 riadite\u013eom Tour de France?","og_description":"Trvalo mi takmer hodinu, k\u00fdm som sa dostal z Prahy do centr\u00e1ly zna\u010dky \u0160koda v Mladej Boleslavi, a potom \u010fal\u0161iu [&hellip;]","og_url":"https:\/\/www.welovecycling.com\/sk\/2021\/06\/29\/vytvorenie-cerveneho-enyaq-iv-ake-je-to-byt-riaditelom-tour-de-france\/","og_site_name":"\u0160koda We Love Cycling Slovensko","article_published_time":"2021-06-29T11:00:20+00:00","og_image":[{"width":1366,"height":596,"url":"https:\/\/d2p6e6u75xmxt8.cloudfront.net\/4\/2021\/06\/ENYAQ-iV-CVR.webp","type":"image\/webp"}],"twitter_card":"summary_large_image","twitter_misc":{"Written by":"WeLoveCycling","Est. reading time":"6"},"schema":{"@context":"https:\/\/schema.org","@graph":[{"@type":"WebPage","@id":"https:\/\/www.welovecycling.com\/sk\/2021\/06\/29\/vytvorenie-cerveneho-enyaq-iv-ake-je-to-byt-riaditelom-tour-de-france\/","url":"https:\/\/www.welovecycling.com\/sk\/2021\/06\/29\/vytvorenie-cerveneho-enyaq-iv-ake-je-to-byt-riaditelom-tour-de-france\/","name":"Creating the Red ENYAQ iV: The Tour de France Director's Car","isPartOf":{"@id":"https:\/\/www.welovecycling.com\/sk\/#website"},"primaryImageOfPage":{"@id":"https:\/\/www.welovecycling.com\/sk\/2021\/06\/29\/vytvorenie-cerveneho-enyaq-iv-ake-je-to-byt-riaditelom-tour-de-france\/#primaryimage"},"image":{"@id":"https:\/\/www.welovecycling.com\/sk\/2021\/06\/29\/vytvorenie-cerveneho-enyaq-iv-ake-je-to-byt-riaditelom-tour-de-france\/#primaryimage"},"thumbnailUrl":"https:\/\/d2p6e6u75xmxt8.cloudfront.net\/4\/2021\/06\/ENYAQ-iV-CVR.webp","datePublished":"2021-06-29T11:00:20+00:00","author":{"@id":""},"breadcrumb":{"@id":"https:\/\/www.welovecycling.com\/sk\/2021\/06\/29\/vytvorenie-cerveneho-enyaq-iv-ake-je-to-byt-riaditelom-tour-de-france\/#breadcrumb"},"inLanguage":"sk-SK","potentialAction":[{"@type":"ReadAction","target":["https:\/\/www.welovecycling.com\/sk\/2021\/06\/29\/vytvorenie-cerveneho-enyaq-iv-ake-je-to-byt-riaditelom-tour-de-france\/"]}]},{"@type":"ImageObject","inLanguage":"sk-SK","@id":"https:\/\/www.welovecycling.com\/sk\/2021\/06\/29\/vytvorenie-cerveneho-enyaq-iv-ake-je-to-byt-riaditelom-tour-de-france\/#primaryimage","url":"https:\/\/d2p6e6u75xmxt8.cloudfront.net\/4\/2021\/06\/ENYAQ-iV-CVR.webp","contentUrl":"https:\/\/d2p6e6u75xmxt8.cloudfront.net\/4\/2021\/06\/ENYAQ-iV-CVR.webp","width":1366,"height":596,"caption":"\u0160koda ENYAQ iV"},{"@type":"BreadcrumbList","@id":"https:\/\/www.welovecycling.com\/sk\/2021\/06\/29\/vytvorenie-cerveneho-enyaq-iv-ake-je-to-byt-riaditelom-tour-de-france\/#breadcrumb","itemListElement":[{"@type":"ListItem","position":1,"name":"Home","item":"https:\/\/www.welovecycling.com\/sk\/"},{"@type":"ListItem","position":2,"name":"Vytvorenie \u010derven\u00e9ho ENYAQ iV: Ak\u00e9 je to by\u0165 riadite\u013eom Tour de France?"}]},{"@type":"WebSite","@id":"https:\/\/www.welovecycling.com\/sk\/#website","url":"https:\/\/www.welovecycling.com\/sk\/","name":"\u0160koda We Love Cycling Slovensko","description":"\u0160koda We Love Cycling Slovensko je v\u00e1\u0161 ka\u017edodenn\u00fd zdroj noviniek a in\u0161pir\u00e1cie z sveta cyklistiky","potentialAction":[{"@type":"SearchAction","target":{"@type":"EntryPoint","urlTemplate":"https:\/\/www.welovecycling.com\/sk\/?s={search_term_string}"},"query-input":{"@type":"PropertyValueSpecification","valueRequired":true,"valueName":"search_term_string"}}],"inLanguage":"sk-SK"},{"@type":"Person","@id":"","url":"https:\/\/www.welovecycling.com\/sk\/author\/"}]}},"_links":{"self":[{"href":"https:\/\/www.welovecycling.com\/sk\/wp-json\/wp\/v2\/posts\/12046","targetHints":{"allow":["GET"]}}],"collection":[{"href":"https:\/\/www.welovecycling.com\/sk\/wp-json\/wp\/v2\/posts"}],"about":[{"href":"https:\/\/www.welovecycling.com\/sk\/wp-json\/wp\/v2\/types\/post"}],"author":[{"embeddable":true,"href":"https:\/\/www.welovecycling.com\/sk\/wp-json\/wp\/v2\/users\/81"}],"replies":[{"embeddable":true,"href":"https:\/\/www.welovecycling.com\/sk\/wp-json\/wp\/v2\/comments?post=12046"}],"version-history":[{"count":2,"href":"https:\/\/www.welovecycling.com\/sk\/wp-json\/wp\/v2\/posts\/12046\/revisions"}],"predecessor-version":[{"id":12056,"href":"https:\/\/www.welovecycling.com\/sk\/wp-json\/wp\/v2\/posts\/12046\/revisions\/12056"}],"wp:featuredmedia":[{"embeddable":true,"href":"https:\/\/www.welovecycling.com\/sk\/wp-json\/wp\/v2\/media\/12051"}],"wp:attachment":[{"href":"https:\/\/www.welovecycling.com\/sk\/wp-json\/wp\/v2\/media?parent=12046"}],"wp:term":[{"taxonomy":"category","embeddable":true,"href":"https:\/\/www.welovecycling.com\/sk\/wp-json\/wp\/v2\/categories?post=12046"},{"taxonomy":"post_tag","embeddable":true,"href":"https:\/\/www.welovecycling.com\/sk\/wp-json\/wp\/v2\/tags?post=12046"},{"taxonomy":"global-categories","embeddable":true,"href":"https:\/\/www.welovecycling.com\/sk\/wp-json\/wp\/v2\/global-categories?post=12046"}],"curies":[{"name":"wp","href":"https:\/\/api.w.org\/{rel}","templated":true}]}}