{"id":11966,"date":"2021-07-01T12:00:40","date_gmt":"2021-07-01T10:00:40","guid":{"rendered":"https:\/\/www.welovecycling.com\/sk\/?p=11966"},"modified":"2021-06-25T09:11:51","modified_gmt":"2021-06-25T07:11:51","slug":"historia-cyklistickych-ciapok-a-prehlad-tych-najzaujimavejsich","status":"publish","type":"post","link":"https:\/\/www.welovecycling.com\/sk\/2021\/07\/01\/historia-cyklistickych-ciapok-a-prehlad-tych-najzaujimavejsich\/","title":{"rendered":"Hist\u00f3ria cyklistick\u00fdch \u010diapok a preh\u013ead t\u00fdch najzauj\u00edmavej\u0161\u00edch"},"content":{"rendered":"<p><strong>Cyklistick\u00e1 \u010diapka, ten minimalistick\u00fd farebn\u00fd k\u00fasok bavlny, zdobil hlavu v\u0161etk\u00fdch \u0161ampi\u00f3nov, ktor\u00ed sa zap\u00edsali do hist\u00f3rie cyklistiky. Zaznamenala v poslednej dobe n\u00e1vrat a op\u00e4\u0165 sa stala podstatn\u00fdm prvkom cyklistickej kult\u00fary. Navy\u0161e \u013eudia ich nosia aj mimo bicykel a mot\u00edvy nie s\u00fa len o sponzoroch ako v minulosti, ale je tu aj ve\u013ea kreat\u00edvcov, ktor\u00ed prich\u00e1dzaj\u00fa s vlastn\u00fdmi n\u00e1vrhmi. Tento \u010dl\u00e1nok je o najlep\u0161\u00edch \u010diapkach, ktor\u00e9 n\u00e1jdete na trhu.<\/strong><\/p>\n<p><!--more--><\/p>\n<p>Od po\u010diatku mali jazdci potrebu da\u0165 si na bicykel \u010diapku a prv\u00e1 vec, ktor\u00fa urobili bolo, \u017ee prehliadli \u0161atn\u00edk \u010di tam nejak\u00fa maj\u00fa. A<strong> tak to bola \u010dasto \u0161t\u00fdlov\u00e1 tv\u00eddov\u00e1 ploch\u00e1 \u010diapka, ktor\u00e1 chr\u00e1nila legend\u00e1rnych priekopn\u00edkov tohto \u0161portu pred viac ako sto rokmi.<\/strong> Cyklistika sa \u010doskoro zmenila na popul\u00e1rny \u0161port a za\u010dali sa objavova\u0165 aj finan\u010dn\u00e9 z\u00e1ujmy firiem a zna\u010diek, tak\u017ee \u010diapka sa stala nielen sp\u00f4sobom, ako chr\u00e1ni\u0165 jazdcov pred \u00fapalom alebo da\u017e\u010fom, ale stala sa tie\u017e nevyhnutn\u00fdm marketingov\u00fdm n\u00e1strojom zna\u010diek. K v\u00fdbuchu popularity \u010diapky pomohla aj skuto\u010dnos\u0165, \u017ee fan\u00fa\u0161ikovia cyklistiky v Taliansku, ozna\u010dovan\u00ed ako \u201etifosi\u201c, chceli nosi\u0165 rovnak\u00fa \u010diapku, ak\u00fa nosili ich \u0161ampi\u00f3ni.<\/p>\n<figure id=\"attachment_11967\" aria-describedby=\"caption-attachment-11967\" style=\"width: 1024px\" class=\"wp-caption alignnone\"><a href=\"https:\/\/d2p6e6u75xmxt8.cloudfront.net\/2\/2021\/06\/Cycling-cap-profimedia-0609545296.jpg\"><img loading=\"lazy\" decoding=\"async\" class=\"wp-image-11967 size-large\" src=\"https:\/\/d2p6e6u75xmxt8.cloudfront.net\/4\/2021\/06\/Cycling-cap-profimedia-0609545296-1024x681.jpg\" alt=\"Cycling cap\" width=\"1024\" height=\"681\" \/><\/a><figcaption id=\"caption-attachment-11967\" class=\"wp-caption-text\">\u0160iltovka cyklistick\u00e9ho t\u00edmu Legnano Pirelli. \u00a9 Profimedia<\/figcaption><\/figure>\n<p>Ke\u010f sa nosenie prilby stalo povinn\u00fdm, cyklistick\u00e1 \u010diapka stratila popularitu a pou\u017e\u00edvala sa iba na p\u00f3di\u00e1 (aj ke\u010f sa uprednost\u0148ovala \u010diapka z bejzbalu, preto\u017ee je tu viac miesta na logo) a ako suven\u00edr pre fan\u00fa\u0161ikov. Niektor\u00ed jazdci ju st\u00e1le nosili pod prilbou, ale to bolo asi v\u0161etko. Ale potom, v poslednom desa\u0165ro\u010d\u00ed, zaznamenala cyklistick\u00e1 \u010diapka neuverite\u013en\u00fd n\u00e1vrat. M\u00f3dni n\u00e1vrh\u00e1ri ju za\u010dali zara\u010fova\u0165 do svojich kolekci\u00ed, newyorsk\u00ed cyklokuri\u00e9ri ju nosili ako neodmyslite\u013en\u00fd doplnok, amat\u00e9ri ju za\u010dali nosi\u0165 pod prilbou ako s\u00fa\u010das\u0165 kult\u00fary. <strong>Cyklistick\u00e9 \u010diapky s\u00fa sp\u00e4\u0165 a my ich milujeme!<\/strong><\/p>\n<p>Ka\u017ed\u00e1 zna\u010dka oble\u010denia, bicyklov a dokonca aj komponentov dnes vyr\u00e1ba zna\u010dkov\u00fa \u010diapku, tak\u017ee ak ste konkr\u00e9tnym fan\u00fa\u0161ikom tej \u010di onej spolo\u010dnosti, ur\u010dite budete m\u00f4c\u0165 nosi\u0165 ich farby. Tu je preh\u013ead na\u0161ich najob\u013e\u00fabenej\u0161\u00edch!<\/p>\n<h2><strong>Klasick\u00e9 \u010diapky<\/strong><\/h2>\n<p><a href=\"https:\/\/d2p6e6u75xmxt8.cloudfront.net\/4\/2021\/06\/Brooklyn-cap-B24.jpg\"><img loading=\"lazy\" decoding=\"async\" class=\"alignnone size-full wp-image-11968\" src=\"https:\/\/d2p6e6u75xmxt8.cloudfront.net\/4\/2021\/06\/Brooklyn-cap-B24.jpg\" alt=\"Brooklyn cap\" width=\"528\" height=\"528\" \/><\/a><\/p>\n<p>Ak ste nostalgick\u00fd typ a chceli by ste sa v\u017ei\u0165 do hist\u00f3rie cyklistiky, mali by ste si zaobstara\u0165 klasick\u00fa \u010diapku. V Taliansku existuje spolo\u010dnos\u0165 Apis, ktor\u00e1 od roku 1956 vyr\u00e1ba \u010diapky pre profesion\u00e1lnych cyklistov.<\/p>\n<p>Robia iba ve\u013ekoobchod, ale ich webov\u00e1 str\u00e1nka je \u0161peci\u00e1lna, preto\u017ee m\u00f4\u017eete vidie\u0165 v\u0161etky mo\u017enosti, ktor\u00e9 s\u00fa na trhu, a akon\u00e1hle n\u00e1jdete \u010diapku, ktor\u00e1 sa v\u00e1m p\u00e1\u010di, sta\u010d\u00ed ju vyh\u013eada\u0165 v jednom z mnoh\u00fdch e-shopov. <strong>Sta\u010d\u00ed pou\u017ei\u0165 filter \u201evintage cap\u201c a voila &#8211; s\u00fa tam nekone\u010dn\u00e9 mo\u017enosti.<\/strong><\/p>\n<p><strong>Cena:<\/strong> asi 12 \u20ac<\/p>\n<p><strong>Materi\u00e1l:<\/strong> 65 % polyester, 35 % bavlna.<\/p>\n<h2><strong>PEdALED<\/strong><\/h2>\n<p><a href=\"https:\/\/d2p6e6u75xmxt8.cloudfront.net\/2\/2021\/06\/japanese-bandana-cap-front-klein-blue-pedaled.jpg\"><img loading=\"lazy\" decoding=\"async\" class=\"alignnone size-large wp-image-11969\" src=\"https:\/\/d2p6e6u75xmxt8.cloudfront.net\/4\/2021\/06\/japanese-bandana-cap-front-klein-blue-pedaled-1024x663.jpg\" alt=\"PEDALED Cap\" width=\"1024\" height=\"663\" \/><\/a><\/p>\n<p>PEdALED je japonsk\u00e1 pr\u00e9miov\u00e1 zna\u010dka zalo\u017een\u00e1 na viere, \u017ee <em>\u201eestetika a funk\u010dnos\u0165 cyklistick\u00e9ho oble\u010denia m\u00f4\u017ee v\u00fdrazne zv\u00fd\u0161i\u0165 pote\u0161enie z jazdy\u201c<\/em>, ako hovor\u00ed zakladate\u013e Hideto Suzuki. P\u00e1\u010di sa mi zna\u010dka PEdALED pre jej jednoduchos\u0165 a osobit\u00fd \u0161t\u00fdl, ktor\u00fd sa odr\u00e1\u017ea aj na ich \u010diapkach. Ich signovan\u00e1 kolekcia sa vol\u00e1 Japanese Bandana Caps a s\u00fa vyroben\u00e9 z tradi\u010dn\u00fdch japonsk\u00fdch text\u00edli\u00ed a s pou\u017eit\u00edm tradi\u010dn\u00fdch vzorov.<\/p>\n<p><strong>Cena:<\/strong> od 36 \u20ac<\/p>\n<p><strong>Materi\u00e1l:<\/strong> 100 % bavlna.<\/p>\n<h2><strong>Maloja<\/strong><\/h2>\n<p><a href=\"https:\/\/d2p6e6u75xmxt8.cloudfront.net\/2\/2021\/06\/Maloja.jpg\"><img loading=\"lazy\" decoding=\"async\" class=\"alignnone size-large wp-image-11970\" src=\"https:\/\/d2p6e6u75xmxt8.cloudfront.net\/4\/2021\/06\/Maloja-1024x728.jpg\" alt=\"Maloja cap\" width=\"1024\" height=\"728\" \/><\/a><\/p>\n<p>Maloja je nemeck\u00e1 zna\u010dka s ve\u013emi osobit\u00fdm charakterom. Ich dizajn je v\u017edy ve\u013emi farebn\u00fd a hrav\u00fd, tak\u017ee si mysl\u00edm, \u017ee stoj\u00ed za to prezrie\u0165 si ich zbierku vysoko funk\u010dn\u00fdch \u010diapok na bicykle. <strong>Ve\u013emi dobre doplnia v\u00e1\u0161 \u017eivotn\u00fd \u0161t\u00fdl a budete v nich vyzera\u0165 cool.<\/strong><\/p>\n<p><strong>Cena:<\/strong> 25 \u20ac<\/p>\n<p><strong>Materi\u00e1l:<\/strong> kombin\u00e1cia polyesteru a spandexu. Pomer materi\u00e1lov z\u00e1vis\u00ed od modelov.<\/p>\n<h2><strong>Tenspeed Hero<\/strong><\/h2>\n<p><a href=\"https:\/\/d2p6e6u75xmxt8.cloudfront.net\/4\/2021\/06\/Merde.jpeg\"><img loading=\"lazy\" decoding=\"async\" class=\"alignnone size-full wp-image-11971\" src=\"https:\/\/d2p6e6u75xmxt8.cloudfront.net\/4\/2021\/06\/Merde.jpeg\" alt=\"Tenspeed Hero\" width=\"1024\" height=\"683\" \/><\/a><\/p>\n<p>Prv\u00fdkr\u00e1t sa mi \u010diapky Tenspeed Hero dostali do pozornosti, ke\u010f som jazdil v Kalifornii. Bol som po jazde na pive, na mieste plnom cyklistov, ke\u010f k n\u00e1\u0161mu stolu pri\u0161iel chlap\u00edk s \u010diapkou, ktor\u00e1 mala na \u0161ilte nap\u00edsan\u00e9 \u201eMerde\u201c. Musel som sa zasmia\u0165, preto\u017ee to slovo je z talian\u010diny a jeho v\u00fdznam si pozrite v slovn\u00edku. Ke\u010f sa nad t\u00fdm zamysl\u00edte, ko\u013ekokr\u00e1t sa v\u00e1m stane, \u017ee pou\u017eijete toto slovo po\u010das niektor\u00e9ho z va\u0161ich tr\u00e9ningov alebo pretekov? Nemaj\u00fa iba tento model, ale ur\u010dite je to m\u00f4j ob\u013e\u00faben\u00fd. T<strong>enspeed Hero je spolo\u010dnos\u0165 so s\u00eddlom v Chicagu v USA, ktor\u00e1 v\u0161ak dod\u00e1va v\u0161ade.<\/strong><\/p>\n<p><strong>Cena:<\/strong> 20 \u20ac<\/p>\n<p><strong>Materi\u00e1l:<\/strong> zmes polyesteru a bavlny 65\/35.<\/p>\n<h2><strong>Cascada<\/strong><\/h2>\n<p><a href=\"https:\/\/d2p6e6u75xmxt8.cloudfront.net\/4\/2021\/06\/STAY_WILD_FR_1296x-Cascada-1.jpg\"><img loading=\"lazy\" decoding=\"async\" class=\"alignnone size-full wp-image-11972\" src=\"https:\/\/d2p6e6u75xmxt8.cloudfront.net\/4\/2021\/06\/STAY_WILD_FR_1296x-Cascada-1.jpg\" alt=\"Cascada Cap\" width=\"590\" height=\"524\" \/><\/a><\/p>\n<p>Cascada je mlad\u00e1 zna\u010dka z okolia Gardsk\u00e9ho jazera v Taliansku. <strong>Od za\u010diatku som ich vern\u00fdm fan\u00fa\u0161ikom, preto\u017ee si daj\u00fa z\u00e1le\u017ea\u0165 na v\u00fdbere farieb, t\u00e9m a materi\u00e1lov, pri\u010dom ber\u00fa oh\u013ead na pr\u00edrodu.<\/strong> A to samozrejme plat\u00ed aj pre ich cyklistick\u00e9 \u010diapky. Nemaj\u00fa ve\u013emi ve\u013ek\u00fd v\u00fdber, ale skvel\u00fa grafiku. Ich cyklistick\u00fa \u010diapku \u201eStay Wild\u201c nos\u00edm st\u00e1le, preto\u017ee sa mi p\u00e1\u010di nielen grafika, ale aj motto. Ve\u013emi sa mi p\u00e1\u010di aj model \u201eLeaves\u201c.<\/p>\n<p><strong>Cena:<\/strong> 20 \u20ac<\/p>\n<p><strong>Materi\u00e1l:<\/strong> 100 % polyester.<\/p>\n<h2><strong>Walz Caps<\/strong><\/h2>\n<p><a href=\"https:\/\/d2p6e6u75xmxt8.cloudfront.net\/4\/2021\/06\/walz-caps.jpg\"><img loading=\"lazy\" decoding=\"async\" class=\"alignnone size-full wp-image-11973\" src=\"https:\/\/d2p6e6u75xmxt8.cloudfront.net\/4\/2021\/06\/walz-caps.jpg\" alt=\"Walz caps\" width=\"540\" height=\"540\" \/><\/a><\/p>\n<p>Walz Caps pon\u00fakaj\u00fa ru\u010dne vyr\u00e1ban\u00e9 cyklistick\u00e9 \u010diapky. Maj\u00fa skvel\u00fa starostlivos\u0165 o z\u00e1kazn\u00edka, ktor\u00fa som vysk\u00fa\u0161al na vlastnej ko\u017ei, a ich v\u00fdrobky s\u00fa kvalitn\u00e9. Ke\u010f\u017ee \u0161iltovky s\u00fa ich hlavnou \u010dinnos\u0165ou, m\u00f4\u017eu pon\u00faka\u0165 najr\u00f4znej\u0161ie modely, aby si ka\u017ed\u00fd cyklista na\u0161iel t\u00fa svoju pre dokonal\u00e9 zladenie. Mus\u00edm poveda\u0165, \u017ee v\u017edy je ve\u013ek\u00fdm pote\u0161en\u00edm prehliada\u0165 si ich web.<\/p>\n<p><strong>Cena:<\/strong> od 25 \u20ac<\/p>\n<p><strong>Materi\u00e1l:<\/strong> v z\u00e1vislosti na \u010diapkach &#8211; bavlna, vlna, merino, technick\u00e9 tkaniny<\/p>\n","protected":false},"excerpt":{"rendered":"<p>Cyklistick\u00e1 \u010diapka, ten minimalistick\u00fd farebn\u00fd k\u00fasok bavlny, zdobil hlavu v\u0161etk\u00fdch \u0161ampi\u00f3nov, ktor\u00ed sa zap\u00edsali do hist\u00f3rie cyklistiky. Zaznamenala v poslednej [&hellip;]<\/p>\n","protected":false},"author":81,"featured_media":11975,"comment_status":"open","ping_status":"open","sticky":false,"template":"","format":"standard","meta":{"footnotes":""},"categories":[4],"tags":[115,713,876,1357,600,285,1356,475],"global-categories":[],"class_list":["post-11966","post","type-post","status-publish","format-standard","has-post-thumbnail","hentry","category-cestna-cyklisitika","tag-cestna-cyklistika","tag-ciapka","tag-historia","tag-maloja","tag-muzi","tag-oblecenie","tag-tenspeed-hero","tag-zeny"],"yoast_head":"<!-- This site is optimized with the Yoast SEO Premium plugin v25.3 (Yoast SEO v25.9) - https:\/\/yoast.com\/wordpress\/plugins\/seo\/ -->\n<title>Hist\u00f3ria cyklistick\u00fdch \u010diapok a preh\u013ead t\u00fdch najzauj\u00edmavej\u0161\u00edch<\/title>\n<meta name=\"robots\" content=\"index, follow, max-snippet:-1, max-image-preview:large, max-video-preview:-1\" \/>\n<link rel=\"canonical\" href=\"https:\/\/www.welovecycling.com\/sk\/2021\/07\/01\/historia-cyklistickych-ciapok-a-prehlad-tych-najzaujimavejsich\/\" \/>\n<meta property=\"og:locale\" content=\"sk_SK\" \/>\n<meta property=\"og:type\" content=\"article\" \/>\n<meta property=\"og:title\" content=\"Hist\u00f3ria cyklistick\u00fdch \u010diapok a preh\u013ead t\u00fdch najzauj\u00edmavej\u0161\u00edch\" \/>\n<meta property=\"og:description\" content=\"Cyklistick\u00e1 \u010diapka, ten minimalistick\u00fd farebn\u00fd k\u00fasok bavlny, zdobil hlavu v\u0161etk\u00fdch \u0161ampi\u00f3nov, ktor\u00ed sa zap\u00edsali do hist\u00f3rie cyklistiky. Zaznamenala v poslednej [&hellip;]\" \/>\n<meta property=\"og:url\" content=\"https:\/\/www.welovecycling.com\/sk\/2021\/07\/01\/historia-cyklistickych-ciapok-a-prehlad-tych-najzaujimavejsich\/\" \/>\n<meta property=\"og:site_name\" content=\"\u0160koda We Love Cycling Slovensko\" \/>\n<meta property=\"article:published_time\" content=\"2021-07-01T10:00:40+00:00\" \/>\n<meta property=\"og:image\" content=\"https:\/\/d2p6e6u75xmxt8.cloudfront.net\/4\/2021\/06\/Eddy-Merckx-Cap-profimedia-0454157644-CVR.webp\" \/>\n\t<meta property=\"og:image:width\" content=\"1366\" \/>\n\t<meta property=\"og:image:height\" content=\"600\" \/>\n\t<meta property=\"og:image:type\" content=\"image\/webp\" \/>\n<meta name=\"twitter:card\" content=\"summary_large_image\" \/>\n<meta name=\"twitter:label1\" content=\"Written by\" \/>\n\t<meta name=\"twitter:data1\" content=\"Filippo Mari\" \/>\n\t<meta name=\"twitter:label2\" content=\"Est. reading time\" \/>\n\t<meta name=\"twitter:data2\" content=\"6\" \/>\n<script type=\"application\/ld+json\" class=\"yoast-schema-graph\">{\"@context\":\"https:\/\/schema.org\",\"@graph\":[{\"@type\":\"WebPage\",\"@id\":\"https:\/\/www.welovecycling.com\/sk\/2021\/07\/01\/historia-cyklistickych-ciapok-a-prehlad-tych-najzaujimavejsich\/\",\"url\":\"https:\/\/www.welovecycling.com\/sk\/2021\/07\/01\/historia-cyklistickych-ciapok-a-prehlad-tych-najzaujimavejsich\/\",\"name\":\"Hist\u00f3ria cyklistick\u00fdch \u010diapok a preh\u013ead t\u00fdch najzauj\u00edmavej\u0161\u00edch\",\"isPartOf\":{\"@id\":\"https:\/\/www.welovecycling.com\/sk\/#website\"},\"primaryImageOfPage\":{\"@id\":\"https:\/\/www.welovecycling.com\/sk\/2021\/07\/01\/historia-cyklistickych-ciapok-a-prehlad-tych-najzaujimavejsich\/#primaryimage\"},\"image\":{\"@id\":\"https:\/\/www.welovecycling.com\/sk\/2021\/07\/01\/historia-cyklistickych-ciapok-a-prehlad-tych-najzaujimavejsich\/#primaryimage\"},\"thumbnailUrl\":\"https:\/\/d2p6e6u75xmxt8.cloudfront.net\/4\/2021\/06\/Eddy-Merckx-Cap-profimedia-0454157644-CVR.webp\",\"datePublished\":\"2021-07-01T10:00:40+00:00\",\"author\":{\"@id\":\"\"},\"breadcrumb\":{\"@id\":\"https:\/\/www.welovecycling.com\/sk\/2021\/07\/01\/historia-cyklistickych-ciapok-a-prehlad-tych-najzaujimavejsich\/#breadcrumb\"},\"inLanguage\":\"sk-SK\",\"potentialAction\":[{\"@type\":\"ReadAction\",\"target\":[\"https:\/\/www.welovecycling.com\/sk\/2021\/07\/01\/historia-cyklistickych-ciapok-a-prehlad-tych-najzaujimavejsich\/\"]}]},{\"@type\":\"ImageObject\",\"inLanguage\":\"sk-SK\",\"@id\":\"https:\/\/www.welovecycling.com\/sk\/2021\/07\/01\/historia-cyklistickych-ciapok-a-prehlad-tych-najzaujimavejsich\/#primaryimage\",\"url\":\"https:\/\/d2p6e6u75xmxt8.cloudfront.net\/4\/2021\/06\/Eddy-Merckx-Cap-profimedia-0454157644-CVR.webp\",\"contentUrl\":\"https:\/\/d2p6e6u75xmxt8.cloudfront.net\/4\/2021\/06\/Eddy-Merckx-Cap-profimedia-0454157644-CVR.webp\",\"width\":1366,\"height\":600,\"caption\":\"Eddy Merckx Cap\"},{\"@type\":\"BreadcrumbList\",\"@id\":\"https:\/\/www.welovecycling.com\/sk\/2021\/07\/01\/historia-cyklistickych-ciapok-a-prehlad-tych-najzaujimavejsich\/#breadcrumb\",\"itemListElement\":[{\"@type\":\"ListItem\",\"position\":1,\"name\":\"Home\",\"item\":\"https:\/\/www.welovecycling.com\/sk\/\"},{\"@type\":\"ListItem\",\"position\":2,\"name\":\"Hist\u00f3ria cyklistick\u00fdch \u010diapok a preh\u013ead t\u00fdch najzauj\u00edmavej\u0161\u00edch\"}]},{\"@type\":\"WebSite\",\"@id\":\"https:\/\/www.welovecycling.com\/sk\/#website\",\"url\":\"https:\/\/www.welovecycling.com\/sk\/\",\"name\":\"\u0160koda We Love Cycling Slovensko\",\"description\":\"\u0160koda We Love Cycling Slovensko je v\u00e1\u0161 ka\u017edodenn\u00fd zdroj noviniek a in\u0161pir\u00e1cie z sveta cyklistiky\",\"potentialAction\":[{\"@type\":\"SearchAction\",\"target\":{\"@type\":\"EntryPoint\",\"urlTemplate\":\"https:\/\/www.welovecycling.com\/sk\/?s={search_term_string}\"},\"query-input\":{\"@type\":\"PropertyValueSpecification\",\"valueRequired\":true,\"valueName\":\"search_term_string\"}}],\"inLanguage\":\"sk-SK\"},{\"@type\":\"Person\",\"@id\":\"\",\"url\":\"https:\/\/www.welovecycling.com\/sk\/author\/\"}]}<\/script>\n<!-- \/ Yoast SEO Premium plugin. -->","yoast_head_json":{"title":"Hist\u00f3ria cyklistick\u00fdch \u010diapok a preh\u013ead t\u00fdch najzauj\u00edmavej\u0161\u00edch","robots":{"index":"index","follow":"follow","max-snippet":"max-snippet:-1","max-image-preview":"max-image-preview:large","max-video-preview":"max-video-preview:-1"},"canonical":"https:\/\/www.welovecycling.com\/sk\/2021\/07\/01\/historia-cyklistickych-ciapok-a-prehlad-tych-najzaujimavejsich\/","og_locale":"sk_SK","og_type":"article","og_title":"Hist\u00f3ria cyklistick\u00fdch \u010diapok a preh\u013ead t\u00fdch najzauj\u00edmavej\u0161\u00edch","og_description":"Cyklistick\u00e1 \u010diapka, ten minimalistick\u00fd farebn\u00fd k\u00fasok bavlny, zdobil hlavu v\u0161etk\u00fdch \u0161ampi\u00f3nov, ktor\u00ed sa zap\u00edsali do hist\u00f3rie cyklistiky. Zaznamenala v poslednej [&hellip;]","og_url":"https:\/\/www.welovecycling.com\/sk\/2021\/07\/01\/historia-cyklistickych-ciapok-a-prehlad-tych-najzaujimavejsich\/","og_site_name":"\u0160koda We Love Cycling Slovensko","article_published_time":"2021-07-01T10:00:40+00:00","og_image":[{"width":1366,"height":600,"url":"https:\/\/d2p6e6u75xmxt8.cloudfront.net\/4\/2021\/06\/Eddy-Merckx-Cap-profimedia-0454157644-CVR.webp","type":"image\/webp"}],"twitter_card":"summary_large_image","twitter_misc":{"Written by":"Filippo Mari","Est. reading time":"6"},"schema":{"@context":"https:\/\/schema.org","@graph":[{"@type":"WebPage","@id":"https:\/\/www.welovecycling.com\/sk\/2021\/07\/01\/historia-cyklistickych-ciapok-a-prehlad-tych-najzaujimavejsich\/","url":"https:\/\/www.welovecycling.com\/sk\/2021\/07\/01\/historia-cyklistickych-ciapok-a-prehlad-tych-najzaujimavejsich\/","name":"Hist\u00f3ria cyklistick\u00fdch \u010diapok a preh\u013ead t\u00fdch najzauj\u00edmavej\u0161\u00edch","isPartOf":{"@id":"https:\/\/www.welovecycling.com\/sk\/#website"},"primaryImageOfPage":{"@id":"https:\/\/www.welovecycling.com\/sk\/2021\/07\/01\/historia-cyklistickych-ciapok-a-prehlad-tych-najzaujimavejsich\/#primaryimage"},"image":{"@id":"https:\/\/www.welovecycling.com\/sk\/2021\/07\/01\/historia-cyklistickych-ciapok-a-prehlad-tych-najzaujimavejsich\/#primaryimage"},"thumbnailUrl":"https:\/\/d2p6e6u75xmxt8.cloudfront.net\/4\/2021\/06\/Eddy-Merckx-Cap-profimedia-0454157644-CVR.webp","datePublished":"2021-07-01T10:00:40+00:00","author":{"@id":""},"breadcrumb":{"@id":"https:\/\/www.welovecycling.com\/sk\/2021\/07\/01\/historia-cyklistickych-ciapok-a-prehlad-tych-najzaujimavejsich\/#breadcrumb"},"inLanguage":"sk-SK","potentialAction":[{"@type":"ReadAction","target":["https:\/\/www.welovecycling.com\/sk\/2021\/07\/01\/historia-cyklistickych-ciapok-a-prehlad-tych-najzaujimavejsich\/"]}]},{"@type":"ImageObject","inLanguage":"sk-SK","@id":"https:\/\/www.welovecycling.com\/sk\/2021\/07\/01\/historia-cyklistickych-ciapok-a-prehlad-tych-najzaujimavejsich\/#primaryimage","url":"https:\/\/d2p6e6u75xmxt8.cloudfront.net\/4\/2021\/06\/Eddy-Merckx-Cap-profimedia-0454157644-CVR.webp","contentUrl":"https:\/\/d2p6e6u75xmxt8.cloudfront.net\/4\/2021\/06\/Eddy-Merckx-Cap-profimedia-0454157644-CVR.webp","width":1366,"height":600,"caption":"Eddy Merckx Cap"},{"@type":"BreadcrumbList","@id":"https:\/\/www.welovecycling.com\/sk\/2021\/07\/01\/historia-cyklistickych-ciapok-a-prehlad-tych-najzaujimavejsich\/#breadcrumb","itemListElement":[{"@type":"ListItem","position":1,"name":"Home","item":"https:\/\/www.welovecycling.com\/sk\/"},{"@type":"ListItem","position":2,"name":"Hist\u00f3ria cyklistick\u00fdch \u010diapok a preh\u013ead t\u00fdch najzauj\u00edmavej\u0161\u00edch"}]},{"@type":"WebSite","@id":"https:\/\/www.welovecycling.com\/sk\/#website","url":"https:\/\/www.welovecycling.com\/sk\/","name":"\u0160koda We Love Cycling Slovensko","description":"\u0160koda We Love Cycling Slovensko je v\u00e1\u0161 ka\u017edodenn\u00fd zdroj noviniek a in\u0161pir\u00e1cie z sveta cyklistiky","potentialAction":[{"@type":"SearchAction","target":{"@type":"EntryPoint","urlTemplate":"https:\/\/www.welovecycling.com\/sk\/?s={search_term_string}"},"query-input":{"@type":"PropertyValueSpecification","valueRequired":true,"valueName":"search_term_string"}}],"inLanguage":"sk-SK"},{"@type":"Person","@id":"","url":"https:\/\/www.welovecycling.com\/sk\/author\/"}]}},"_links":{"self":[{"href":"https:\/\/www.welovecycling.com\/sk\/wp-json\/wp\/v2\/posts\/11966","targetHints":{"allow":["GET"]}}],"collection":[{"href":"https:\/\/www.welovecycling.com\/sk\/wp-json\/wp\/v2\/posts"}],"about":[{"href":"https:\/\/www.welovecycling.com\/sk\/wp-json\/wp\/v2\/types\/post"}],"author":[{"embeddable":true,"href":"https:\/\/www.welovecycling.com\/sk\/wp-json\/wp\/v2\/users\/81"}],"replies":[{"embeddable":true,"href":"https:\/\/www.welovecycling.com\/sk\/wp-json\/wp\/v2\/comments?post=11966"}],"version-history":[{"count":2,"href":"https:\/\/www.welovecycling.com\/sk\/wp-json\/wp\/v2\/posts\/11966\/revisions"}],"predecessor-version":[{"id":11977,"href":"https:\/\/www.welovecycling.com\/sk\/wp-json\/wp\/v2\/posts\/11966\/revisions\/11977"}],"wp:featuredmedia":[{"embeddable":true,"href":"https:\/\/www.welovecycling.com\/sk\/wp-json\/wp\/v2\/media\/11975"}],"wp:attachment":[{"href":"https:\/\/www.welovecycling.com\/sk\/wp-json\/wp\/v2\/media?parent=11966"}],"wp:term":[{"taxonomy":"category","embeddable":true,"href":"https:\/\/www.welovecycling.com\/sk\/wp-json\/wp\/v2\/categories?post=11966"},{"taxonomy":"post_tag","embeddable":true,"href":"https:\/\/www.welovecycling.com\/sk\/wp-json\/wp\/v2\/tags?post=11966"},{"taxonomy":"global-categories","embeddable":true,"href":"https:\/\/www.welovecycling.com\/sk\/wp-json\/wp\/v2\/global-categories?post=11966"}],"curies":[{"name":"wp","href":"https:\/\/api.w.org\/{rel}","templated":true}]}}