{"id":11938,"date":"2021-06-28T10:00:52","date_gmt":"2021-06-28T08:00:52","guid":{"rendered":"https:\/\/www.welovecycling.com\/sk\/?p=11938"},"modified":"2021-06-22T11:55:37","modified_gmt":"2021-06-22T09:55:37","slug":"pozvanka-skoda-slovensky-raj-skoda-bike-open-tour-pokracuje","status":"publish","type":"post","link":"https:\/\/www.welovecycling.com\/sk\/2021\/06\/28\/pozvanka-skoda-slovensky-raj-skoda-bike-open-tour-pokracuje\/","title":{"rendered":"Pozv\u00e1nka: \u0160koda Slovensk\u00fd raj &#8211; \u0160koda BIKE OPEN TOUR v kr\u00e1snom prostred\u00ed"},"content":{"rendered":"<p><strong>Slovensk\u00fd raj je vyh\u013ead\u00e1van\u00fd hlavne turistami, ale raz do roka sa premen\u00ed na miesto konania \u0160koda BIKE OPEN TOUR. A\u00a0nebude tomu inak ani v roku 2021.<\/strong><!--more--><\/p>\n<p><a href=\"https:\/\/d2p6e6u75xmxt8.cloudfront.net\/4\/2021\/06\/Pozvanka_SBOT_01.jpg\"><img loading=\"lazy\" decoding=\"async\" src=\"https:\/\/d2p6e6u75xmxt8.cloudfront.net\/4\/2021\/06\/Pozvanka_SBOT_01.jpg\" alt=\"\" width=\"1200\" height=\"800\" class=\"alignnone size-full wp-image-11942\" \/><\/a><\/p>\n<p>Podujatie sa bude kona\u0165 v\u00a0sobotu <strong>03. j\u00fala 2021<\/strong>, ale prezent\u00e1cia je u\u017e od piatku a\u00a0prebieha\u0165 bude v\u00a0b\u00fdvalej re\u0161taur\u00e1cii Spi\u0161sk\u00e1 Koliba, v\u00a0\u010dasti zvanej Podlesok. V\u00a0piatok 02. 07. 2021 bude prezent\u00e1cia prebieha\u0165 od 17:00 do 20:00 hod. V\u00a0de\u0148 konania samotnej akcie, to bude od 8:00 do 11:30 hod.<\/p>\n<p>Na v\u00fdber m\u00e1te tri trate s\u00a0jednoduch\u00fdmi a\u00a0jasn\u00fdmi n\u00e1zvami \u2013 Dlh\u00e1, Stredn\u00e1 a\u00a0Kr\u00e1tka tra\u0165. Jazdci na jednotliv\u00fdch tratiach bud\u00fa \u0161tartova\u0165 hodinu po sebe.  <\/p>\n<p>do 09:30 hod. kateg\u00f3ria <strong>DLH\u00c1 TRA\u0164 68 km<\/strong><br \/>\ndo 10:30 hod. kateg\u00f3ria <strong>STREDN\u00c1 TRA\u0164 48 km<\/strong><br \/>\ndo 11:30 hod. kateg\u00f3ria <strong>KR\u00c1TKA TRA\u0164 14 km<\/strong><\/p>\n<p><a href=\"https:\/\/d2p6e6u75xmxt8.cloudfront.net\/4\/2021\/06\/Pozvanka_SBOT_02.jpg\"><img loading=\"lazy\" decoding=\"async\" src=\"https:\/\/d2p6e6u75xmxt8.cloudfront.net\/4\/2021\/06\/Pozvanka_SBOT_02.jpg\" alt=\"\" width=\"1200\" height=\"800\" class=\"alignnone size-full wp-image-11943\" \/><\/a><\/p>\n<h2><strong>Ceny a\u00a0tombola<\/strong><\/h2>\n<p>V\u00e4\u010d\u0161ina z\u00a0n\u00e1s sa z\u00fa\u010dastn\u00ed hlavne pre rados\u0165 z\u00a0pohybu a\u00a0kv\u00f4li tomu, \u017ee sa stretneme navz\u00e1jom ako fan\u00fa\u0161ikovia cyklistiky. Pr\u00edjemn\u00fdm doplnen\u00edm s\u00fa v\u0161ak aj ceny a\u00a0dokonca aj l\u00e1kav\u00e1 tombola. Navy\u0161e na ka\u017ed\u00fdch pretekoch m\u00f4\u017eete vyhra\u0165 v\u00a0tombole aj retro bicykel od zna\u010dky \u0160koda.<\/p>\n<p><a href=\"https:\/\/d2p6e6u75xmxt8.cloudfront.net\/4\/2021\/06\/Pozvanka_SBOT_03.jpg\"><img loading=\"lazy\" decoding=\"async\" src=\"https:\/\/d2p6e6u75xmxt8.cloudfront.net\/4\/2021\/06\/Pozvanka_SBOT_03.jpg\" alt=\"\" width=\"1200\" height=\"800\" class=\"alignnone size-full wp-image-11944\" \/><\/a><\/p>\n<p>U\u017e druh\u00e9 tohtoro\u010dn\u00e9 kolo sa bude kona\u0165 v\u00a0tomto prekr\u00e1snom prostred\u00ed N\u00e1rodn\u00e9ho parku, kde sa budete m\u00f4c\u0165 nad\u00fdcha\u0165 \u010derstv\u00e9ho horsk\u00e9ho vzduchu. <strong>Pr\u00ed\u010fte si teda zajazdi\u0165 a vezmite aj svoju rodinu.<\/strong> Na svoje si pr\u00edde ka\u017ed\u00fd a\u00a0aj o\u00a0va\u0161e deti bude dobre postaran\u00e9. Sprievodn\u00fd program bude tradi\u010dne pestr\u00fd. Nejeden \u00fa\u010dastn\u00edk prich\u00e1dza ka\u017edoro\u010dne u\u017e nieko\u013eko dn\u00ed vopred, aby si u\u017eil kr\u00e1sy pr\u00edrody a\u00a0lep\u0161ie spoznal t\u00fato \u010das\u0165 Slovenska. Ost\u00e1va u\u017e len d\u00fafa\u0165, \u017ee podujatiu bude pria\u0165 aj po\u010dasie.<\/p>\n","protected":false},"excerpt":{"rendered":"<p>Slovensk\u00fd raj je vyh\u013ead\u00e1van\u00fd hlavne turistami, ale raz do roka sa premen\u00ed na miesto konania \u0160koda BIKE OPEN TOUR. A\u00a0nebude [&hellip;]<\/p>\n","protected":false},"author":81,"featured_media":11940,"comment_status":"open","ping_status":"open","sticky":false,"template":"","format":"standard","meta":{"footnotes":""},"categories":[33],"tags":[180,91,179,870,1311,562,35,271,523,234,1072],"global-categories":[1074],"class_list":["post-11938","post","type-post","status-publish","format-standard","has-post-thumbnail","hentry","category-sbot","tag-horska-cyklistika","tag-pozvanka","tag-preteky","tag-retro-bicykel","tag-sezona-2021","tag-skoda-bicykel","tag-sbot","tag-skoda-slovensky-raj","tag-slovensko","tag-slovensky-raj","tag-trat","global-categories-cycling"],"yoast_head":"<!-- This site is optimized with the Yoast SEO Premium plugin v25.3 (Yoast SEO v25.9) - https:\/\/yoast.com\/wordpress\/plugins\/seo\/ -->\n<title>Pozv\u00e1nka: \u0160koda Slovensk\u00fd raj - \u0160koda BIKE OPEN TOUR v kr\u00e1snom prostred\u00ed - \u0160koda We Love Cycling Slovensko<\/title>\n<meta name=\"robots\" content=\"index, follow, max-snippet:-1, max-image-preview:large, max-video-preview:-1\" \/>\n<link rel=\"canonical\" href=\"https:\/\/www.welovecycling.com\/sk\/2021\/06\/28\/pozvanka-skoda-slovensky-raj-skoda-bike-open-tour-pokracuje\/\" \/>\n<meta property=\"og:locale\" content=\"sk_SK\" \/>\n<meta property=\"og:type\" content=\"article\" \/>\n<meta property=\"og:title\" content=\"Pozv\u00e1nka: \u0160koda Slovensk\u00fd raj - \u0160koda BIKE OPEN TOUR v kr\u00e1snom prostred\u00ed\" \/>\n<meta property=\"og:description\" content=\"Slovensk\u00fd raj je vyh\u013ead\u00e1van\u00fd hlavne turistami, ale raz do roka sa premen\u00ed na miesto konania \u0160koda BIKE OPEN TOUR. A\u00a0nebude [&hellip;]\" \/>\n<meta property=\"og:url\" content=\"https:\/\/www.welovecycling.com\/sk\/2021\/06\/28\/pozvanka-skoda-slovensky-raj-skoda-bike-open-tour-pokracuje\/\" \/>\n<meta property=\"og:site_name\" content=\"\u0160koda We Love Cycling Slovensko\" \/>\n<meta property=\"article:published_time\" content=\"2021-06-28T08:00:52+00:00\" \/>\n<meta property=\"og:image\" content=\"https:\/\/d2p6e6u75xmxt8.cloudfront.net\/4\/2021\/06\/Pozvanka_SBOT_00.webp\" \/>\n\t<meta property=\"og:image:width\" content=\"1380\" \/>\n\t<meta property=\"og:image:height\" content=\"600\" \/>\n\t<meta property=\"og:image:type\" content=\"image\/webp\" \/>\n<meta name=\"twitter:card\" content=\"summary_large_image\" \/>\n<meta name=\"twitter:label1\" content=\"Written by\" \/>\n\t<meta name=\"twitter:data1\" content=\"WeLoveCycling\" \/>\n\t<meta name=\"twitter:label2\" content=\"Est. reading time\" \/>\n\t<meta name=\"twitter:data2\" content=\"2\" \/>\n<script type=\"application\/ld+json\" class=\"yoast-schema-graph\">{\"@context\":\"https:\/\/schema.org\",\"@graph\":[{\"@type\":\"WebPage\",\"@id\":\"https:\/\/www.welovecycling.com\/sk\/2021\/06\/28\/pozvanka-skoda-slovensky-raj-skoda-bike-open-tour-pokracuje\/\",\"url\":\"https:\/\/www.welovecycling.com\/sk\/2021\/06\/28\/pozvanka-skoda-slovensky-raj-skoda-bike-open-tour-pokracuje\/\",\"name\":\"Pozv\u00e1nka: \u0160koda Slovensk\u00fd raj - \u0160koda BIKE OPEN TOUR v kr\u00e1snom prostred\u00ed - \u0160koda We Love Cycling Slovensko\",\"isPartOf\":{\"@id\":\"https:\/\/www.welovecycling.com\/sk\/#website\"},\"primaryImageOfPage\":{\"@id\":\"https:\/\/www.welovecycling.com\/sk\/2021\/06\/28\/pozvanka-skoda-slovensky-raj-skoda-bike-open-tour-pokracuje\/#primaryimage\"},\"image\":{\"@id\":\"https:\/\/www.welovecycling.com\/sk\/2021\/06\/28\/pozvanka-skoda-slovensky-raj-skoda-bike-open-tour-pokracuje\/#primaryimage\"},\"thumbnailUrl\":\"https:\/\/d2p6e6u75xmxt8.cloudfront.net\/4\/2021\/06\/Pozvanka_SBOT_00.webp\",\"datePublished\":\"2021-06-28T08:00:52+00:00\",\"author\":{\"@id\":\"\"},\"breadcrumb\":{\"@id\":\"https:\/\/www.welovecycling.com\/sk\/2021\/06\/28\/pozvanka-skoda-slovensky-raj-skoda-bike-open-tour-pokracuje\/#breadcrumb\"},\"inLanguage\":\"sk-SK\",\"potentialAction\":[{\"@type\":\"ReadAction\",\"target\":[\"https:\/\/www.welovecycling.com\/sk\/2021\/06\/28\/pozvanka-skoda-slovensky-raj-skoda-bike-open-tour-pokracuje\/\"]}]},{\"@type\":\"ImageObject\",\"inLanguage\":\"sk-SK\",\"@id\":\"https:\/\/www.welovecycling.com\/sk\/2021\/06\/28\/pozvanka-skoda-slovensky-raj-skoda-bike-open-tour-pokracuje\/#primaryimage\",\"url\":\"https:\/\/d2p6e6u75xmxt8.cloudfront.net\/4\/2021\/06\/Pozvanka_SBOT_00.webp\",\"contentUrl\":\"https:\/\/d2p6e6u75xmxt8.cloudfront.net\/4\/2021\/06\/Pozvanka_SBOT_00.webp\",\"width\":1380,\"height\":600},{\"@type\":\"BreadcrumbList\",\"@id\":\"https:\/\/www.welovecycling.com\/sk\/2021\/06\/28\/pozvanka-skoda-slovensky-raj-skoda-bike-open-tour-pokracuje\/#breadcrumb\",\"itemListElement\":[{\"@type\":\"ListItem\",\"position\":1,\"name\":\"Home\",\"item\":\"https:\/\/www.welovecycling.com\/sk\/\"},{\"@type\":\"ListItem\",\"position\":2,\"name\":\"Pozv\u00e1nka: \u0160koda Slovensk\u00fd raj &#8211; \u0160koda BIKE OPEN TOUR v kr\u00e1snom prostred\u00ed\"}]},{\"@type\":\"WebSite\",\"@id\":\"https:\/\/www.welovecycling.com\/sk\/#website\",\"url\":\"https:\/\/www.welovecycling.com\/sk\/\",\"name\":\"\u0160koda We Love Cycling Slovensko\",\"description\":\"\u0160koda We Love Cycling Slovensko je v\u00e1\u0161 ka\u017edodenn\u00fd zdroj noviniek a in\u0161pir\u00e1cie z sveta cyklistiky\",\"potentialAction\":[{\"@type\":\"SearchAction\",\"target\":{\"@type\":\"EntryPoint\",\"urlTemplate\":\"https:\/\/www.welovecycling.com\/sk\/?s={search_term_string}\"},\"query-input\":{\"@type\":\"PropertyValueSpecification\",\"valueRequired\":true,\"valueName\":\"search_term_string\"}}],\"inLanguage\":\"sk-SK\"},{\"@type\":\"Person\",\"@id\":\"\",\"url\":\"https:\/\/www.welovecycling.com\/sk\/author\/\"}]}<\/script>\n<!-- \/ Yoast SEO Premium plugin. -->","yoast_head_json":{"title":"Pozv\u00e1nka: \u0160koda Slovensk\u00fd raj - \u0160koda BIKE OPEN TOUR v kr\u00e1snom prostred\u00ed - \u0160koda We Love Cycling Slovensko","robots":{"index":"index","follow":"follow","max-snippet":"max-snippet:-1","max-image-preview":"max-image-preview:large","max-video-preview":"max-video-preview:-1"},"canonical":"https:\/\/www.welovecycling.com\/sk\/2021\/06\/28\/pozvanka-skoda-slovensky-raj-skoda-bike-open-tour-pokracuje\/","og_locale":"sk_SK","og_type":"article","og_title":"Pozv\u00e1nka: \u0160koda Slovensk\u00fd raj - \u0160koda BIKE OPEN TOUR v kr\u00e1snom prostred\u00ed","og_description":"Slovensk\u00fd raj je vyh\u013ead\u00e1van\u00fd hlavne turistami, ale raz do roka sa premen\u00ed na miesto konania \u0160koda BIKE OPEN TOUR. A\u00a0nebude [&hellip;]","og_url":"https:\/\/www.welovecycling.com\/sk\/2021\/06\/28\/pozvanka-skoda-slovensky-raj-skoda-bike-open-tour-pokracuje\/","og_site_name":"\u0160koda We Love Cycling Slovensko","article_published_time":"2021-06-28T08:00:52+00:00","og_image":[{"width":1380,"height":600,"url":"https:\/\/d2p6e6u75xmxt8.cloudfront.net\/4\/2021\/06\/Pozvanka_SBOT_00.webp","type":"image\/webp"}],"twitter_card":"summary_large_image","twitter_misc":{"Written by":"WeLoveCycling","Est. reading time":"2"},"schema":{"@context":"https:\/\/schema.org","@graph":[{"@type":"WebPage","@id":"https:\/\/www.welovecycling.com\/sk\/2021\/06\/28\/pozvanka-skoda-slovensky-raj-skoda-bike-open-tour-pokracuje\/","url":"https:\/\/www.welovecycling.com\/sk\/2021\/06\/28\/pozvanka-skoda-slovensky-raj-skoda-bike-open-tour-pokracuje\/","name":"Pozv\u00e1nka: \u0160koda Slovensk\u00fd raj - \u0160koda BIKE OPEN TOUR v kr\u00e1snom prostred\u00ed - \u0160koda We Love Cycling Slovensko","isPartOf":{"@id":"https:\/\/www.welovecycling.com\/sk\/#website"},"primaryImageOfPage":{"@id":"https:\/\/www.welovecycling.com\/sk\/2021\/06\/28\/pozvanka-skoda-slovensky-raj-skoda-bike-open-tour-pokracuje\/#primaryimage"},"image":{"@id":"https:\/\/www.welovecycling.com\/sk\/2021\/06\/28\/pozvanka-skoda-slovensky-raj-skoda-bike-open-tour-pokracuje\/#primaryimage"},"thumbnailUrl":"https:\/\/d2p6e6u75xmxt8.cloudfront.net\/4\/2021\/06\/Pozvanka_SBOT_00.webp","datePublished":"2021-06-28T08:00:52+00:00","author":{"@id":""},"breadcrumb":{"@id":"https:\/\/www.welovecycling.com\/sk\/2021\/06\/28\/pozvanka-skoda-slovensky-raj-skoda-bike-open-tour-pokracuje\/#breadcrumb"},"inLanguage":"sk-SK","potentialAction":[{"@type":"ReadAction","target":["https:\/\/www.welovecycling.com\/sk\/2021\/06\/28\/pozvanka-skoda-slovensky-raj-skoda-bike-open-tour-pokracuje\/"]}]},{"@type":"ImageObject","inLanguage":"sk-SK","@id":"https:\/\/www.welovecycling.com\/sk\/2021\/06\/28\/pozvanka-skoda-slovensky-raj-skoda-bike-open-tour-pokracuje\/#primaryimage","url":"https:\/\/d2p6e6u75xmxt8.cloudfront.net\/4\/2021\/06\/Pozvanka_SBOT_00.webp","contentUrl":"https:\/\/d2p6e6u75xmxt8.cloudfront.net\/4\/2021\/06\/Pozvanka_SBOT_00.webp","width":1380,"height":600},{"@type":"BreadcrumbList","@id":"https:\/\/www.welovecycling.com\/sk\/2021\/06\/28\/pozvanka-skoda-slovensky-raj-skoda-bike-open-tour-pokracuje\/#breadcrumb","itemListElement":[{"@type":"ListItem","position":1,"name":"Home","item":"https:\/\/www.welovecycling.com\/sk\/"},{"@type":"ListItem","position":2,"name":"Pozv\u00e1nka: \u0160koda Slovensk\u00fd raj &#8211; \u0160koda BIKE OPEN TOUR v kr\u00e1snom prostred\u00ed"}]},{"@type":"WebSite","@id":"https:\/\/www.welovecycling.com\/sk\/#website","url":"https:\/\/www.welovecycling.com\/sk\/","name":"\u0160koda We Love Cycling Slovensko","description":"\u0160koda We Love Cycling Slovensko je v\u00e1\u0161 ka\u017edodenn\u00fd zdroj noviniek a in\u0161pir\u00e1cie z sveta cyklistiky","potentialAction":[{"@type":"SearchAction","target":{"@type":"EntryPoint","urlTemplate":"https:\/\/www.welovecycling.com\/sk\/?s={search_term_string}"},"query-input":{"@type":"PropertyValueSpecification","valueRequired":true,"valueName":"search_term_string"}}],"inLanguage":"sk-SK"},{"@type":"Person","@id":"","url":"https:\/\/www.welovecycling.com\/sk\/author\/"}]}},"_links":{"self":[{"href":"https:\/\/www.welovecycling.com\/sk\/wp-json\/wp\/v2\/posts\/11938","targetHints":{"allow":["GET"]}}],"collection":[{"href":"https:\/\/www.welovecycling.com\/sk\/wp-json\/wp\/v2\/posts"}],"about":[{"href":"https:\/\/www.welovecycling.com\/sk\/wp-json\/wp\/v2\/types\/post"}],"author":[{"embeddable":true,"href":"https:\/\/www.welovecycling.com\/sk\/wp-json\/wp\/v2\/users\/81"}],"replies":[{"embeddable":true,"href":"https:\/\/www.welovecycling.com\/sk\/wp-json\/wp\/v2\/comments?post=11938"}],"version-history":[{"count":2,"href":"https:\/\/www.welovecycling.com\/sk\/wp-json\/wp\/v2\/posts\/11938\/revisions"}],"predecessor-version":[{"id":11949,"href":"https:\/\/www.welovecycling.com\/sk\/wp-json\/wp\/v2\/posts\/11938\/revisions\/11949"}],"wp:featuredmedia":[{"embeddable":true,"href":"https:\/\/www.welovecycling.com\/sk\/wp-json\/wp\/v2\/media\/11940"}],"wp:attachment":[{"href":"https:\/\/www.welovecycling.com\/sk\/wp-json\/wp\/v2\/media?parent=11938"}],"wp:term":[{"taxonomy":"category","embeddable":true,"href":"https:\/\/www.welovecycling.com\/sk\/wp-json\/wp\/v2\/categories?post=11938"},{"taxonomy":"post_tag","embeddable":true,"href":"https:\/\/www.welovecycling.com\/sk\/wp-json\/wp\/v2\/tags?post=11938"},{"taxonomy":"global-categories","embeddable":true,"href":"https:\/\/www.welovecycling.com\/sk\/wp-json\/wp\/v2\/global-categories?post=11938"}],"curies":[{"name":"wp","href":"https:\/\/api.w.org\/{rel}","templated":true}]}}