{"id":11924,"date":"2021-06-18T10:00:04","date_gmt":"2021-06-18T08:00:04","guid":{"rendered":"https:\/\/www.welovecycling.com\/sk\/?p=11924"},"modified":"2021-06-11T20:45:35","modified_gmt":"2021-06-11T18:45:35","slug":"najcastejsie-priciny-pukania-na-bicykli-pri-vyjazde","status":"publish","type":"post","link":"https:\/\/www.welovecycling.com\/sk\/2021\/06\/18\/najcastejsie-priciny-pukania-na-bicykli-pri-vyjazde\/","title":{"rendered":"Naj\u010dastej\u0161ie pr\u00ed\u010diny &#8222;pukania&#8220; na bicykli pri v\u00fdjazde"},"content":{"rendered":"<p><strong>Ur\u010dite ste u\u017e za\u017eili situ\u00e1ciu, ke\u010f ste si vyrazili na celodenn\u00fd v\u00fdjazd a\u00a0po p\u00e1r kilometroch sa za\u010dali z\u00a0bicykla oz\u00fdva\u0165 r\u00f4zne znepokojuj\u00face zvuky ako pukanie \u010di v\u0155zganie. Pozrime sa na naj\u010dastej\u0161ie miesta, ktor\u00e9 tieto zvuky sp\u00f4sobuj\u00fa a\u00a0hlavne na to, ako tie zvuky odstr\u00e1ni\u0165. Naj\u010dastej\u0161ie sa tieto zvuky oz\u00fdvaj\u00fa z\u00a0miest, kde je nejak\u00fd spoj. Napr\u00edklad s\u00fa spojen\u00e9 dva komponenty alebo dva materi\u00e1ly.<\/strong><!--more--><\/p>\n<h2><strong>Spoj medzi riad\u00edtkami a\u00a0predstavcom<\/strong><\/h2>\n<p>\u010casto sa to st\u00e1va po\u010das jazdy zo sedla, ke\u010f pohybujete bicyklom zo strany na stranu a\u00a0nemus\u00ed to by\u0165 \u017eiadny extr\u00e9m, sta\u010dia aj mal\u00e9 pohyby do str\u00e1n, ktor\u00e9 s\u00fa \u00faplne prirodzen\u00e9. Zvuky m\u00f4\u017eu sp\u00f4sobova\u0165 ne\u010distoty na sty\u010dn\u00fdch ploch\u00e1ch predstavca a\u00a0riad\u00edtok. <strong>Rie\u0161en\u00edm je povoli\u0165 predstavec, da\u0165 dolu riad\u00edtka a\u00a0sty\u010dn\u00e9 plochy d\u00f4kladne o\u010disti\u0165.<\/strong> Nakoniec m\u00f4\u017eete nanies\u0165 jemn\u00fa vrstvu vazel\u00edny a\u00a0v\u0161etko zmontova\u0165 do p\u00f4vodn\u00e9ho stavu. <\/p>\n<h2><strong>Hlavov\u00e9 zlo\u017eenie<\/strong><\/h2>\n<p>Ak zvuky aj po vy\u010disten\u00ed predstavca na\u010falej vych\u00e1dzaj\u00fa niekde z\u00a0tejto prednej \u010dasti bicykla, je mo\u017en\u00e9, \u017ee probl\u00e9m je v\u00a0hlavovom zlo\u017een\u00ed. Toto je v\u0161ak u\u017e <strong>n\u00e1ro\u010dnej\u0161\u00ed servisn\u00fd \u00fakon, kedy treba da\u0165 dolu predstavec<\/strong>, vytiahnu\u0165 vidlicu a\u00a0o\u010disti\u0165 spodn\u00fa \u010das\u0165 hlavov\u00e9ho zlo\u017eenia, preto\u017ee to miesto je najviac vystaven\u00e9 ne\u010distot\u00e1m po\u010das jazdy. Ak si na to netr\u00fafate, rad\u0161ej to zverte servisn\u00e9mu technikovi.<\/p>\n<figure id=\"attachment_11929\" aria-describedby=\"caption-attachment-11929\" style=\"width: 1200px\" class=\"wp-caption alignnone\"><a href=\"https:\/\/d2p6e6u75xmxt8.cloudfront.net\/4\/2021\/06\/Bike_01.jpg\"><img loading=\"lazy\" decoding=\"async\" src=\"https:\/\/d2p6e6u75xmxt8.cloudfront.net\/4\/2021\/06\/Bike_01.jpg\" alt=\"Pixabay\" width=\"1200\" height=\"800\" class=\"size-full wp-image-11929\" \/><\/a><figcaption id=\"caption-attachment-11929\" class=\"wp-caption-text\">Pixabay<\/figcaption><\/figure>\n<h2><strong>V\u00fdplet a\u00a0\u0161pice<\/strong><\/h2>\n<p>Niektor\u00e9 zvuky sa oz\u00fdvaj\u00fa len n\u00e1hodne a\u00a0nepravidelne a\u00a0\u010dasto tak\u00fdto probl\u00e9m m\u00f4\u017ee sp\u00f4sobova\u0165 v\u00fdplet bicykla. <strong>Treba skontrolova\u0165 v\u0161etky \u0161pice, \u010di s\u00fa dobre dotiahnut\u00e9 a\u00a0\u010di je koleso spr\u00e1vne vycentrovan\u00e9.<\/strong><\/p>\n<h2><strong>Sedlo a\u00a0sedlovka<\/strong><\/h2>\n<p>\u010casto je probl\u00e9m s\u00a0podivn\u00fdmi zvukmi, len ke\u010f sed\u00edme v\u00a0sedle. Po\u010das jazdy zo sedla zvuky prestan\u00fa. To je jasn\u00fdm znamen\u00edm, \u017ee probl\u00e9m je v\u00a0sedle, sedlovke alebo na mieste, kde sa sedlovka sp\u00e1ja s\u00a0r\u00e1mom. Prv\u00e9 \u010do by ste mali spravi\u0165, je vy\u010disti\u0165 sty\u010dn\u00e9 plochy medzi sedlovkou a\u00a0sedlom. <strong>\u010ci\u017ee rozobra\u0165, vy\u010disti\u0165, nanies\u0165 jemn\u00e9 mno\u017estvo vazel\u00edny a\u00a0v\u0161etko znovu zlo\u017ei\u0165 dokopy.<\/strong> Ak to nepomohlo, treba sk\u00fasi\u0165 vy\u010disti\u0165 a\u00a0nanies\u0165 trochu vazel\u00edny na sedlovku v\u00a0mieste, kde sa zas\u00fava do r\u00e1mu.<\/p>\n<figure id=\"attachment_11928\" aria-describedby=\"caption-attachment-11928\" style=\"width: 1200px\" class=\"wp-caption alignnone\"><a href=\"https:\/\/d2p6e6u75xmxt8.cloudfront.net\/4\/2021\/06\/Bike_02.jpg\"><img loading=\"lazy\" decoding=\"async\" src=\"https:\/\/d2p6e6u75xmxt8.cloudfront.net\/4\/2021\/06\/Bike_02.jpg\" alt=\"Pixabay\" width=\"1200\" height=\"800\" class=\"size-full wp-image-11928\" \/><\/a><figcaption id=\"caption-attachment-11928\" class=\"wp-caption-text\">Pixabay<\/figcaption><\/figure>\n<h2><strong>Stredov\u00e9 zlo\u017eenie<\/strong><\/h2>\n<p>Takisto m\u00f4\u017ee by\u0165 probl\u00e9m v\u00a0oblasti stredov\u00e9ho zlo\u017eenia. M\u00f4\u017eu to by\u0165 ped\u00e1le, m\u00f4\u017ee to by\u0165 samotn\u00fd stred. Znovu bude potrebn\u00e9 stredov\u00e9 zlo\u017eenie rozobra\u0165, da\u0165 dolu k\u013euky a\u00a0v\u0161etky dosadacie plochy a\u00a0lo\u017eisk\u00e1 o\u010disti\u0165 a\u00a0namaza\u0165. <strong>Ak pou\u017e\u00edvate tretry probl\u00e9m m\u00f4\u017eu sp\u00f4sobova\u0165 aj kufre ped\u00e1lov.<\/strong> Vtedy sta\u010d\u00ed o\u010disti\u0165 a\u00a0trochu nastrieka\u0165 silik\u00f3nov\u00fd olej.<\/p>\n<h2><strong>Koles\u00e1<\/strong><\/h2>\n<p>Probl\u00e9mov pukania a\u00a0v\u0155zgania v\u00a0oblasti kolies m\u00f4\u017eu by\u0165 aj such\u00e9 osky. Tu je takisto rie\u0161en\u00edm rozobratie, o\u010distenie a\u00a0namazanie. Takisto to m\u00f4\u017eu by\u0165 probl\u00e9my a\u00a0\u0161pina pod kazetou, ktor\u00fa treba o\u010disti\u0165.<\/p>\n<lite-youtube videoid=z36mvujS5Ko params=\"enablejsapi=1\" style=\"background-image: url('https:\/\/i.ytimg.com\/vi_webp\/z36mvujS5Ko\/maxresdefault.webp');\"><\/lite-youtube>\n<p>Samozrejme, ak ste toto v\u0161etko urobili a\u00a0st\u00e1le sa zvuky oz\u00fdvaj\u00fa, neost\u00e1va v\u00e1m ni\u010d in\u00e9, ako nav\u0161t\u00edvi\u0165 servis, kde predsa len maj\u00fa ve\u013ek\u00e9 sk\u00fasenosti a\u00a0niekedy to m\u00f4\u017ee by\u0165 ban\u00e1lny probl\u00e9m s\u00a0uvo\u013enen\u00fdm lankom, ktor\u00e9 ste prehliadli, alebo nie\u010do v\u00e1\u017enej\u0161ie, napr\u00edklad so zadn\u00fdm odpru\u017een\u00edm. <\/p>\n","protected":false},"excerpt":{"rendered":"<p>Ur\u010dite ste u\u017e za\u017eili situ\u00e1ciu, ke\u010f ste si vyrazili na celodenn\u00fd v\u00fdjazd a\u00a0po p\u00e1r kilometroch sa za\u010dali z\u00a0bicykla oz\u00fdva\u0165 r\u00f4zne [&hellip;]<\/p>\n","protected":false},"author":81,"featured_media":11926,"comment_status":"open","ping_status":"open","sticky":false,"template":"","format":"standard","meta":{"footnotes":""},"categories":[191],"tags":[559,619,115,180,613,222,931,409,637,1279,230,194,563,290,318],"global-categories":[1074],"class_list":["post-11924","post","type-post","status-publish","format-standard","has-post-thumbnail","hentry","category-odporucame","tag-bicykel","tag-bicyklovanie","tag-cestna-cyklistika","tag-horska-cyklistika","tag-kolesa","tag-komponenty","tag-odporucame","tag-odpruzenie","tag-oprava","tag-pedale","tag-sedlo","tag-sedlovka","tag-servis","tag-udrzba","tag-vyjazd","global-categories-cycling"],"yoast_head":"<!-- This site is optimized with the Yoast SEO Premium plugin v25.3 (Yoast SEO v25.9) - https:\/\/yoast.com\/wordpress\/plugins\/seo\/ -->\n<title>Naj\u010dastej\u0161ie pr\u00ed\u010diny &quot;pukania&quot; na bicykli pri v\u00fdjazde - \u0160koda We Love Cycling Slovensko<\/title>\n<meta name=\"robots\" content=\"index, follow, max-snippet:-1, max-image-preview:large, max-video-preview:-1\" \/>\n<link rel=\"canonical\" href=\"https:\/\/www.welovecycling.com\/sk\/2021\/06\/18\/najcastejsie-priciny-pukania-na-bicykli-pri-vyjazde\/\" \/>\n<meta property=\"og:locale\" content=\"sk_SK\" \/>\n<meta property=\"og:type\" content=\"article\" \/>\n<meta property=\"og:title\" content=\"Naj\u010dastej\u0161ie pr\u00ed\u010diny &quot;pukania&quot; na bicykli pri v\u00fdjazde\" \/>\n<meta property=\"og:description\" content=\"Ur\u010dite ste u\u017e za\u017eili situ\u00e1ciu, ke\u010f ste si vyrazili na celodenn\u00fd v\u00fdjazd a\u00a0po p\u00e1r kilometroch sa za\u010dali z\u00a0bicykla oz\u00fdva\u0165 r\u00f4zne [&hellip;]\" \/>\n<meta property=\"og:url\" content=\"https:\/\/www.welovecycling.com\/sk\/2021\/06\/18\/najcastejsie-priciny-pukania-na-bicykli-pri-vyjazde\/\" \/>\n<meta property=\"og:site_name\" content=\"\u0160koda We Love Cycling Slovensko\" \/>\n<meta property=\"article:published_time\" content=\"2021-06-18T08:00:04+00:00\" \/>\n<meta property=\"og:image\" content=\"https:\/\/d2p6e6u75xmxt8.cloudfront.net\/4\/2021\/06\/Bike_00.webp\" \/>\n\t<meta property=\"og:image:width\" content=\"1380\" \/>\n\t<meta property=\"og:image:height\" content=\"600\" \/>\n\t<meta property=\"og:image:type\" content=\"image\/webp\" \/>\n<meta name=\"twitter:card\" content=\"summary_large_image\" \/>\n<meta name=\"twitter:label1\" content=\"Written by\" \/>\n\t<meta name=\"twitter:data1\" content=\"Radovan Vr\u0161ka\" \/>\n\t<meta name=\"twitter:label2\" content=\"Est. reading time\" \/>\n\t<meta name=\"twitter:data2\" content=\"3\" \/>\n<script type=\"application\/ld+json\" class=\"yoast-schema-graph\">{\"@context\":\"https:\/\/schema.org\",\"@graph\":[{\"@type\":\"WebPage\",\"@id\":\"https:\/\/www.welovecycling.com\/sk\/2021\/06\/18\/najcastejsie-priciny-pukania-na-bicykli-pri-vyjazde\/\",\"url\":\"https:\/\/www.welovecycling.com\/sk\/2021\/06\/18\/najcastejsie-priciny-pukania-na-bicykli-pri-vyjazde\/\",\"name\":\"Naj\u010dastej\u0161ie pr\u00ed\u010diny \\\"pukania\\\" na bicykli pri v\u00fdjazde - \u0160koda We Love Cycling Slovensko\",\"isPartOf\":{\"@id\":\"https:\/\/www.welovecycling.com\/sk\/#website\"},\"primaryImageOfPage\":{\"@id\":\"https:\/\/www.welovecycling.com\/sk\/2021\/06\/18\/najcastejsie-priciny-pukania-na-bicykli-pri-vyjazde\/#primaryimage\"},\"image\":{\"@id\":\"https:\/\/www.welovecycling.com\/sk\/2021\/06\/18\/najcastejsie-priciny-pukania-na-bicykli-pri-vyjazde\/#primaryimage\"},\"thumbnailUrl\":\"https:\/\/d2p6e6u75xmxt8.cloudfront.net\/4\/2021\/06\/Bike_00.webp\",\"datePublished\":\"2021-06-18T08:00:04+00:00\",\"author\":{\"@id\":\"\"},\"breadcrumb\":{\"@id\":\"https:\/\/www.welovecycling.com\/sk\/2021\/06\/18\/najcastejsie-priciny-pukania-na-bicykli-pri-vyjazde\/#breadcrumb\"},\"inLanguage\":\"sk-SK\",\"potentialAction\":[{\"@type\":\"ReadAction\",\"target\":[\"https:\/\/www.welovecycling.com\/sk\/2021\/06\/18\/najcastejsie-priciny-pukania-na-bicykli-pri-vyjazde\/\"]}]},{\"@type\":\"ImageObject\",\"inLanguage\":\"sk-SK\",\"@id\":\"https:\/\/www.welovecycling.com\/sk\/2021\/06\/18\/najcastejsie-priciny-pukania-na-bicykli-pri-vyjazde\/#primaryimage\",\"url\":\"https:\/\/d2p6e6u75xmxt8.cloudfront.net\/4\/2021\/06\/Bike_00.webp\",\"contentUrl\":\"https:\/\/d2p6e6u75xmxt8.cloudfront.net\/4\/2021\/06\/Bike_00.webp\",\"width\":1380,\"height\":600},{\"@type\":\"BreadcrumbList\",\"@id\":\"https:\/\/www.welovecycling.com\/sk\/2021\/06\/18\/najcastejsie-priciny-pukania-na-bicykli-pri-vyjazde\/#breadcrumb\",\"itemListElement\":[{\"@type\":\"ListItem\",\"position\":1,\"name\":\"Home\",\"item\":\"https:\/\/www.welovecycling.com\/sk\/\"},{\"@type\":\"ListItem\",\"position\":2,\"name\":\"Naj\u010dastej\u0161ie pr\u00ed\u010diny &#8222;pukania&#8220; na bicykli pri v\u00fdjazde\"}]},{\"@type\":\"WebSite\",\"@id\":\"https:\/\/www.welovecycling.com\/sk\/#website\",\"url\":\"https:\/\/www.welovecycling.com\/sk\/\",\"name\":\"\u0160koda We Love Cycling Slovensko\",\"description\":\"\u0160koda We Love Cycling Slovensko je v\u00e1\u0161 ka\u017edodenn\u00fd zdroj noviniek a in\u0161pir\u00e1cie z sveta cyklistiky\",\"potentialAction\":[{\"@type\":\"SearchAction\",\"target\":{\"@type\":\"EntryPoint\",\"urlTemplate\":\"https:\/\/www.welovecycling.com\/sk\/?s={search_term_string}\"},\"query-input\":{\"@type\":\"PropertyValueSpecification\",\"valueRequired\":true,\"valueName\":\"search_term_string\"}}],\"inLanguage\":\"sk-SK\"},{\"@type\":\"Person\",\"@id\":\"\",\"url\":\"https:\/\/www.welovecycling.com\/sk\/author\/\"}]}<\/script>\n<!-- \/ Yoast SEO Premium plugin. -->","yoast_head_json":{"title":"Naj\u010dastej\u0161ie pr\u00ed\u010diny \"pukania\" na bicykli pri v\u00fdjazde - \u0160koda We Love Cycling Slovensko","robots":{"index":"index","follow":"follow","max-snippet":"max-snippet:-1","max-image-preview":"max-image-preview:large","max-video-preview":"max-video-preview:-1"},"canonical":"https:\/\/www.welovecycling.com\/sk\/2021\/06\/18\/najcastejsie-priciny-pukania-na-bicykli-pri-vyjazde\/","og_locale":"sk_SK","og_type":"article","og_title":"Naj\u010dastej\u0161ie pr\u00ed\u010diny \"pukania\" na bicykli pri v\u00fdjazde","og_description":"Ur\u010dite ste u\u017e za\u017eili situ\u00e1ciu, ke\u010f ste si vyrazili na celodenn\u00fd v\u00fdjazd a\u00a0po p\u00e1r kilometroch sa za\u010dali z\u00a0bicykla oz\u00fdva\u0165 r\u00f4zne [&hellip;]","og_url":"https:\/\/www.welovecycling.com\/sk\/2021\/06\/18\/najcastejsie-priciny-pukania-na-bicykli-pri-vyjazde\/","og_site_name":"\u0160koda We Love Cycling Slovensko","article_published_time":"2021-06-18T08:00:04+00:00","og_image":[{"width":1380,"height":600,"url":"https:\/\/d2p6e6u75xmxt8.cloudfront.net\/4\/2021\/06\/Bike_00.webp","type":"image\/webp"}],"twitter_card":"summary_large_image","twitter_misc":{"Written by":"Radovan Vr\u0161ka","Est. reading time":"3"},"schema":{"@context":"https:\/\/schema.org","@graph":[{"@type":"WebPage","@id":"https:\/\/www.welovecycling.com\/sk\/2021\/06\/18\/najcastejsie-priciny-pukania-na-bicykli-pri-vyjazde\/","url":"https:\/\/www.welovecycling.com\/sk\/2021\/06\/18\/najcastejsie-priciny-pukania-na-bicykli-pri-vyjazde\/","name":"Naj\u010dastej\u0161ie pr\u00ed\u010diny \"pukania\" na bicykli pri v\u00fdjazde - \u0160koda We Love Cycling Slovensko","isPartOf":{"@id":"https:\/\/www.welovecycling.com\/sk\/#website"},"primaryImageOfPage":{"@id":"https:\/\/www.welovecycling.com\/sk\/2021\/06\/18\/najcastejsie-priciny-pukania-na-bicykli-pri-vyjazde\/#primaryimage"},"image":{"@id":"https:\/\/www.welovecycling.com\/sk\/2021\/06\/18\/najcastejsie-priciny-pukania-na-bicykli-pri-vyjazde\/#primaryimage"},"thumbnailUrl":"https:\/\/d2p6e6u75xmxt8.cloudfront.net\/4\/2021\/06\/Bike_00.webp","datePublished":"2021-06-18T08:00:04+00:00","author":{"@id":""},"breadcrumb":{"@id":"https:\/\/www.welovecycling.com\/sk\/2021\/06\/18\/najcastejsie-priciny-pukania-na-bicykli-pri-vyjazde\/#breadcrumb"},"inLanguage":"sk-SK","potentialAction":[{"@type":"ReadAction","target":["https:\/\/www.welovecycling.com\/sk\/2021\/06\/18\/najcastejsie-priciny-pukania-na-bicykli-pri-vyjazde\/"]}]},{"@type":"ImageObject","inLanguage":"sk-SK","@id":"https:\/\/www.welovecycling.com\/sk\/2021\/06\/18\/najcastejsie-priciny-pukania-na-bicykli-pri-vyjazde\/#primaryimage","url":"https:\/\/d2p6e6u75xmxt8.cloudfront.net\/4\/2021\/06\/Bike_00.webp","contentUrl":"https:\/\/d2p6e6u75xmxt8.cloudfront.net\/4\/2021\/06\/Bike_00.webp","width":1380,"height":600},{"@type":"BreadcrumbList","@id":"https:\/\/www.welovecycling.com\/sk\/2021\/06\/18\/najcastejsie-priciny-pukania-na-bicykli-pri-vyjazde\/#breadcrumb","itemListElement":[{"@type":"ListItem","position":1,"name":"Home","item":"https:\/\/www.welovecycling.com\/sk\/"},{"@type":"ListItem","position":2,"name":"Naj\u010dastej\u0161ie pr\u00ed\u010diny &#8222;pukania&#8220; na bicykli pri v\u00fdjazde"}]},{"@type":"WebSite","@id":"https:\/\/www.welovecycling.com\/sk\/#website","url":"https:\/\/www.welovecycling.com\/sk\/","name":"\u0160koda We Love Cycling Slovensko","description":"\u0160koda We Love Cycling Slovensko je v\u00e1\u0161 ka\u017edodenn\u00fd zdroj noviniek a in\u0161pir\u00e1cie z sveta cyklistiky","potentialAction":[{"@type":"SearchAction","target":{"@type":"EntryPoint","urlTemplate":"https:\/\/www.welovecycling.com\/sk\/?s={search_term_string}"},"query-input":{"@type":"PropertyValueSpecification","valueRequired":true,"valueName":"search_term_string"}}],"inLanguage":"sk-SK"},{"@type":"Person","@id":"","url":"https:\/\/www.welovecycling.com\/sk\/author\/"}]}},"_links":{"self":[{"href":"https:\/\/www.welovecycling.com\/sk\/wp-json\/wp\/v2\/posts\/11924","targetHints":{"allow":["GET"]}}],"collection":[{"href":"https:\/\/www.welovecycling.com\/sk\/wp-json\/wp\/v2\/posts"}],"about":[{"href":"https:\/\/www.welovecycling.com\/sk\/wp-json\/wp\/v2\/types\/post"}],"author":[{"embeddable":true,"href":"https:\/\/www.welovecycling.com\/sk\/wp-json\/wp\/v2\/users\/81"}],"replies":[{"embeddable":true,"href":"https:\/\/www.welovecycling.com\/sk\/wp-json\/wp\/v2\/comments?post=11924"}],"version-history":[{"count":2,"href":"https:\/\/www.welovecycling.com\/sk\/wp-json\/wp\/v2\/posts\/11924\/revisions"}],"predecessor-version":[{"id":11933,"href":"https:\/\/www.welovecycling.com\/sk\/wp-json\/wp\/v2\/posts\/11924\/revisions\/11933"}],"wp:featuredmedia":[{"embeddable":true,"href":"https:\/\/www.welovecycling.com\/sk\/wp-json\/wp\/v2\/media\/11926"}],"wp:attachment":[{"href":"https:\/\/www.welovecycling.com\/sk\/wp-json\/wp\/v2\/media?parent=11924"}],"wp:term":[{"taxonomy":"category","embeddable":true,"href":"https:\/\/www.welovecycling.com\/sk\/wp-json\/wp\/v2\/categories?post=11924"},{"taxonomy":"post_tag","embeddable":true,"href":"https:\/\/www.welovecycling.com\/sk\/wp-json\/wp\/v2\/tags?post=11924"},{"taxonomy":"global-categories","embeddable":true,"href":"https:\/\/www.welovecycling.com\/sk\/wp-json\/wp\/v2\/global-categories?post=11924"}],"curies":[{"name":"wp","href":"https:\/\/api.w.org\/{rel}","templated":true}]}}