{"id":11905,"date":"2021-06-14T10:00:53","date_gmt":"2021-06-14T08:00:53","guid":{"rendered":"https:\/\/www.welovecycling.com\/sk\/?p=11905"},"modified":"2021-06-08T19:10:30","modified_gmt":"2021-06-08T17:10:30","slug":"tour-de-france-pre-zeny-sa-v-roku-2022-vrati-na-scenu","status":"publish","type":"post","link":"https:\/\/www.welovecycling.com\/sk\/2021\/06\/14\/tour-de-france-pre-zeny-sa-v-roku-2022-vrati-na-scenu\/","title":{"rendered":"Tour de France pre \u017eeny sa v roku 2022 vr\u00e1ti na sc\u00e9nu"},"content":{"rendered":"<p><strong>Ozn\u00e1menie kone\u010dne pri\u0161lo. Christiane Prudhomme potvrdil, \u017ee sa bude kona\u0165 \u017eensk\u00e1 Tour de France.<\/strong><\/p>\n<p><!--more--><\/p>\n<p>Organiz\u00e1tor tvrd\u00ed, \u017ee s\u00fa\u010dasn\u00e9 usporiadanie dvoch pretekov je logisticky nemo\u017en\u00e9, tak\u017ee \u017eensk\u00e1 Tour bude nasledova\u0165 po mu\u017eoch. Len\u017ee v roku 2021 to tak nem\u00f4\u017ee by\u0165, preto\u017ee olympijsk\u00e9 hry sa za\u010dn\u00fa hne\u010f po Tour a nebud\u00fa k dispoz\u00edcii najlep\u0161\u00ed jazdci.<\/p>\n<figure id=\"attachment_11907\" aria-describedby=\"caption-attachment-11907\" style=\"width: 1000px\" class=\"wp-caption alignnone\"><a href=\"https:\/\/d2p6e6u75xmxt8.cloudfront.net\/4\/2021\/06\/Women-peloton-profimedia-0595622459.jpg\"><img loading=\"lazy\" decoding=\"async\" class=\"size-full wp-image-11907\" src=\"https:\/\/d2p6e6u75xmxt8.cloudfront.net\/4\/2021\/06\/Women-peloton-profimedia-0595622459.jpg\" alt=\"Women's race\" width=\"1000\" height=\"666\" \/><\/a><figcaption id=\"caption-attachment-11907\" class=\"wp-caption-text\">Podrobnosti o \u017eensk\u00fdch pretekoch neboli zverejnen\u00e9. \u00a9 Profimedia<\/figcaption><\/figure>\n<p>\u017densk\u00e1 Tour 2022, o ktorej sa predpoklad\u00e1, \u017ee sa bude vola\u0165 Tour de France Femmes, nie je prv\u00fdm pokusom o usporiadanie. Tour de France Women, ktor\u00e1 sa prv\u00fdkr\u00e1t konala v roku 1984, nevydr\u017eala viac ako \u0161es\u0165 rokov a skon\u010dila ne\u00faspechom. Ako poznamenal Prudhomme, mus\u00edme sa pou\u010di\u0165 z ch\u00fdb minulosti.<\/p>\n<p><em>&#8222;Pod\u013ea m\u00f4jho n\u00e1zoru mus\u00edme da\u0165 stranou my\u0161lienku rovnosti medzi mu\u017emi a \u017eenami. Pre\u010do? Preto\u017ee existoval d\u00f4vod, pre\u010do tieto preteky trvali iba \u0161es\u0165 rokov, a to bol nedostatok ekonomickej rovnov\u00e1hy. To, \u010do chceme urobi\u0165, je vytvori\u0165 preteky, ktor\u00e9 udr\u017eia vyt\u00fd\u010den\u00fd kurz a obstoja v sk\u00fa\u0161ke \u010dasom. To znamen\u00e1, \u017ee preteky nem\u00f4\u017eu op\u00e4\u0165 skon\u010di\u0165 pre nedostatok pe\u0148az\u00ed,\u201d<\/em> uviedol pre Guardian organiz\u00e1tor Tour de France.<\/p>\n<div class=\"embed-controller-wrapper\">\n<blockquote class=\"twitter-tweet\" data-width=\"500\" data-dnt=\"true\">\n<p lang=\"en\" dir=\"ltr\">Tour de France organisers reveal women\u2019s race will be revived in 2022 <a href=\"https:\/\/t.co\/meDGlZ9mJA\">https:\/\/t.co\/meDGlZ9mJA<\/a><\/p>\n<p>&mdash; The Guardian (@guardian) <a href=\"https:\/\/twitter.com\/guardian\/status\/1392210378550022149?ref_src=twsrc%5Etfw\">May 11, 2021<\/a><\/p><\/blockquote>\n<p><script async data-src=\"https:\/\/platform.twitter.com\/widgets.js\" charset=\"utf-8\"><\/script><\/div>\n<p>Dodal, \u017ee \u017eensk\u00e9 preteky organizovan\u00e9 ASO nie s\u00fa ziskov\u00e9.<br \/>\n<em>&#8222;Dnes pri organiz\u00e1cii v\u0161etk\u00fdch \u017eensk\u00fdch pretekov prich\u00e1dzame o peniaze. Aj napriek tomu sme organizovali Fl\u00e8che Wallonne, Li\u00e8ge-Bastogne-Li\u00e8ge, La Course by Le Tour. Konali sa Tour of Yorkshire a Tour de Qatar Feminin a v okt\u00f3bri to bude Par\u00ed\u017e-Roubaix. Ak zarobia peniaze, je to skvel\u00e9, ale nesm\u00fa o ne pr\u00eds\u0165, inak to dopadne ako Tour v 80. rokoch a op\u00e4\u0165 skon\u010dia.\u201c<\/em><\/p>\n<p>D\u013a\u017eky jednotliv\u00fdch et\u00e1p \u017eenskej Tour de France e\u0161te neboli zverejnen\u00e9, o\u010dak\u00e1va sa v\u0161ak, \u017ee sa za\u010dn\u00fa v ten ist\u00fd de\u0148, ke\u010f mu\u017ei dokon\u010dia 21. etapu. \u010eal\u0161ie podrobnosti bud\u00fa ozn\u00e1men\u00e9 v okt\u00f3bri.<\/p>\n","protected":false},"excerpt":{"rendered":"<p>Ozn\u00e1menie kone\u010dne pri\u0161lo. Christiane Prudhomme potvrdil, \u017ee sa bude kona\u0165 \u017eensk\u00e1 Tour de France.<\/p>\n","protected":false},"author":81,"featured_media":11909,"comment_status":"open","ping_status":"open","sticky":false,"template":"","format":"standard","meta":{"footnotes":""},"categories":[4],"tags":[115,135,179,20,659,475],"global-categories":[],"class_list":["post-11905","post","type-post","status-publish","format-standard","has-post-thumbnail","hentry","category-cestna-cyklisitika","tag-cestna-cyklistika","tag-christian-prudhomme","tag-preteky","tag-tour-de-france","tag-zenska-cyklistika","tag-zeny"],"yoast_head":"<!-- This site is optimized with the Yoast SEO Premium plugin v25.3 (Yoast SEO v25.9) - https:\/\/yoast.com\/wordpress\/plugins\/seo\/ -->\n<title>Tour de France pre \u017eeny sa v roku 2022 vr\u00e1ti na sc\u00e9nu - \u0160koda We Love Cycling Slovensko<\/title>\n<meta name=\"robots\" content=\"index, follow, max-snippet:-1, max-image-preview:large, max-video-preview:-1\" \/>\n<link rel=\"canonical\" href=\"https:\/\/www.welovecycling.com\/sk\/2021\/06\/14\/tour-de-france-pre-zeny-sa-v-roku-2022-vrati-na-scenu\/\" \/>\n<meta property=\"og:locale\" content=\"sk_SK\" \/>\n<meta property=\"og:type\" content=\"article\" \/>\n<meta property=\"og:title\" content=\"Tour de France pre \u017eeny sa v roku 2022 vr\u00e1ti na sc\u00e9nu\" \/>\n<meta property=\"og:description\" content=\"Ozn\u00e1menie kone\u010dne pri\u0161lo. Christiane Prudhomme potvrdil, \u017ee sa bude kona\u0165 \u017eensk\u00e1 Tour de France.\" \/>\n<meta property=\"og:url\" content=\"https:\/\/www.welovecycling.com\/sk\/2021\/06\/14\/tour-de-france-pre-zeny-sa-v-roku-2022-vrati-na-scenu\/\" \/>\n<meta property=\"og:site_name\" content=\"\u0160koda We Love Cycling Slovensko\" \/>\n<meta property=\"article:published_time\" content=\"2021-06-14T08:00:53+00:00\" \/>\n<meta property=\"og:image\" content=\"https:\/\/d2p6e6u75xmxt8.cloudfront.net\/4\/2021\/06\/Christian-Prudhomme-profimedia-0609587722-CVR.webp\" \/>\n\t<meta property=\"og:image:width\" content=\"1366\" \/>\n\t<meta property=\"og:image:height\" content=\"600\" \/>\n\t<meta property=\"og:image:type\" content=\"image\/webp\" \/>\n<meta name=\"twitter:card\" content=\"summary_large_image\" \/>\n<meta name=\"twitter:label1\" content=\"Written by\" \/>\n\t<meta name=\"twitter:data1\" content=\"Tereza Antonova\" \/>\n\t<meta name=\"twitter:label2\" content=\"Est. reading time\" \/>\n\t<meta name=\"twitter:data2\" content=\"4\" \/>\n<script type=\"application\/ld+json\" class=\"yoast-schema-graph\">{\"@context\":\"https:\/\/schema.org\",\"@graph\":[{\"@type\":\"WebPage\",\"@id\":\"https:\/\/www.welovecycling.com\/sk\/2021\/06\/14\/tour-de-france-pre-zeny-sa-v-roku-2022-vrati-na-scenu\/\",\"url\":\"https:\/\/www.welovecycling.com\/sk\/2021\/06\/14\/tour-de-france-pre-zeny-sa-v-roku-2022-vrati-na-scenu\/\",\"name\":\"Tour de France pre \u017eeny sa v roku 2022 vr\u00e1ti na sc\u00e9nu - \u0160koda We Love Cycling Slovensko\",\"isPartOf\":{\"@id\":\"https:\/\/www.welovecycling.com\/sk\/#website\"},\"primaryImageOfPage\":{\"@id\":\"https:\/\/www.welovecycling.com\/sk\/2021\/06\/14\/tour-de-france-pre-zeny-sa-v-roku-2022-vrati-na-scenu\/#primaryimage\"},\"image\":{\"@id\":\"https:\/\/www.welovecycling.com\/sk\/2021\/06\/14\/tour-de-france-pre-zeny-sa-v-roku-2022-vrati-na-scenu\/#primaryimage\"},\"thumbnailUrl\":\"https:\/\/d2p6e6u75xmxt8.cloudfront.net\/4\/2021\/06\/Christian-Prudhomme-profimedia-0609587722-CVR.webp\",\"datePublished\":\"2021-06-14T08:00:53+00:00\",\"author\":{\"@id\":\"\"},\"breadcrumb\":{\"@id\":\"https:\/\/www.welovecycling.com\/sk\/2021\/06\/14\/tour-de-france-pre-zeny-sa-v-roku-2022-vrati-na-scenu\/#breadcrumb\"},\"inLanguage\":\"sk-SK\",\"potentialAction\":[{\"@type\":\"ReadAction\",\"target\":[\"https:\/\/www.welovecycling.com\/sk\/2021\/06\/14\/tour-de-france-pre-zeny-sa-v-roku-2022-vrati-na-scenu\/\"]}]},{\"@type\":\"ImageObject\",\"inLanguage\":\"sk-SK\",\"@id\":\"https:\/\/www.welovecycling.com\/sk\/2021\/06\/14\/tour-de-france-pre-zeny-sa-v-roku-2022-vrati-na-scenu\/#primaryimage\",\"url\":\"https:\/\/d2p6e6u75xmxt8.cloudfront.net\/4\/2021\/06\/Christian-Prudhomme-profimedia-0609587722-CVR.webp\",\"contentUrl\":\"https:\/\/d2p6e6u75xmxt8.cloudfront.net\/4\/2021\/06\/Christian-Prudhomme-profimedia-0609587722-CVR.webp\",\"width\":1366,\"height\":600,\"caption\":\"Christian Prudhomme\"},{\"@type\":\"BreadcrumbList\",\"@id\":\"https:\/\/www.welovecycling.com\/sk\/2021\/06\/14\/tour-de-france-pre-zeny-sa-v-roku-2022-vrati-na-scenu\/#breadcrumb\",\"itemListElement\":[{\"@type\":\"ListItem\",\"position\":1,\"name\":\"Home\",\"item\":\"https:\/\/www.welovecycling.com\/sk\/\"},{\"@type\":\"ListItem\",\"position\":2,\"name\":\"Tour de France pre \u017eeny sa v roku 2022 vr\u00e1ti na sc\u00e9nu\"}]},{\"@type\":\"WebSite\",\"@id\":\"https:\/\/www.welovecycling.com\/sk\/#website\",\"url\":\"https:\/\/www.welovecycling.com\/sk\/\",\"name\":\"\u0160koda We Love Cycling Slovensko\",\"description\":\"\u0160koda We Love Cycling Slovensko je v\u00e1\u0161 ka\u017edodenn\u00fd zdroj noviniek a in\u0161pir\u00e1cie z sveta cyklistiky\",\"potentialAction\":[{\"@type\":\"SearchAction\",\"target\":{\"@type\":\"EntryPoint\",\"urlTemplate\":\"https:\/\/www.welovecycling.com\/sk\/?s={search_term_string}\"},\"query-input\":{\"@type\":\"PropertyValueSpecification\",\"valueRequired\":true,\"valueName\":\"search_term_string\"}}],\"inLanguage\":\"sk-SK\"},{\"@type\":\"Person\",\"@id\":\"\",\"url\":\"https:\/\/www.welovecycling.com\/sk\/author\/\"}]}<\/script>\n<!-- \/ Yoast SEO Premium plugin. -->","yoast_head_json":{"title":"Tour de France pre \u017eeny sa v roku 2022 vr\u00e1ti na sc\u00e9nu - \u0160koda We Love Cycling Slovensko","robots":{"index":"index","follow":"follow","max-snippet":"max-snippet:-1","max-image-preview":"max-image-preview:large","max-video-preview":"max-video-preview:-1"},"canonical":"https:\/\/www.welovecycling.com\/sk\/2021\/06\/14\/tour-de-france-pre-zeny-sa-v-roku-2022-vrati-na-scenu\/","og_locale":"sk_SK","og_type":"article","og_title":"Tour de France pre \u017eeny sa v roku 2022 vr\u00e1ti na sc\u00e9nu","og_description":"Ozn\u00e1menie kone\u010dne pri\u0161lo. Christiane Prudhomme potvrdil, \u017ee sa bude kona\u0165 \u017eensk\u00e1 Tour de France.","og_url":"https:\/\/www.welovecycling.com\/sk\/2021\/06\/14\/tour-de-france-pre-zeny-sa-v-roku-2022-vrati-na-scenu\/","og_site_name":"\u0160koda We Love Cycling Slovensko","article_published_time":"2021-06-14T08:00:53+00:00","og_image":[{"width":1366,"height":600,"url":"https:\/\/d2p6e6u75xmxt8.cloudfront.net\/4\/2021\/06\/Christian-Prudhomme-profimedia-0609587722-CVR.webp","type":"image\/webp"}],"twitter_card":"summary_large_image","twitter_misc":{"Written by":"Tereza Antonova","Est. reading time":"4"},"schema":{"@context":"https:\/\/schema.org","@graph":[{"@type":"WebPage","@id":"https:\/\/www.welovecycling.com\/sk\/2021\/06\/14\/tour-de-france-pre-zeny-sa-v-roku-2022-vrati-na-scenu\/","url":"https:\/\/www.welovecycling.com\/sk\/2021\/06\/14\/tour-de-france-pre-zeny-sa-v-roku-2022-vrati-na-scenu\/","name":"Tour de France pre \u017eeny sa v roku 2022 vr\u00e1ti na sc\u00e9nu - \u0160koda We Love Cycling Slovensko","isPartOf":{"@id":"https:\/\/www.welovecycling.com\/sk\/#website"},"primaryImageOfPage":{"@id":"https:\/\/www.welovecycling.com\/sk\/2021\/06\/14\/tour-de-france-pre-zeny-sa-v-roku-2022-vrati-na-scenu\/#primaryimage"},"image":{"@id":"https:\/\/www.welovecycling.com\/sk\/2021\/06\/14\/tour-de-france-pre-zeny-sa-v-roku-2022-vrati-na-scenu\/#primaryimage"},"thumbnailUrl":"https:\/\/d2p6e6u75xmxt8.cloudfront.net\/4\/2021\/06\/Christian-Prudhomme-profimedia-0609587722-CVR.webp","datePublished":"2021-06-14T08:00:53+00:00","author":{"@id":""},"breadcrumb":{"@id":"https:\/\/www.welovecycling.com\/sk\/2021\/06\/14\/tour-de-france-pre-zeny-sa-v-roku-2022-vrati-na-scenu\/#breadcrumb"},"inLanguage":"sk-SK","potentialAction":[{"@type":"ReadAction","target":["https:\/\/www.welovecycling.com\/sk\/2021\/06\/14\/tour-de-france-pre-zeny-sa-v-roku-2022-vrati-na-scenu\/"]}]},{"@type":"ImageObject","inLanguage":"sk-SK","@id":"https:\/\/www.welovecycling.com\/sk\/2021\/06\/14\/tour-de-france-pre-zeny-sa-v-roku-2022-vrati-na-scenu\/#primaryimage","url":"https:\/\/d2p6e6u75xmxt8.cloudfront.net\/4\/2021\/06\/Christian-Prudhomme-profimedia-0609587722-CVR.webp","contentUrl":"https:\/\/d2p6e6u75xmxt8.cloudfront.net\/4\/2021\/06\/Christian-Prudhomme-profimedia-0609587722-CVR.webp","width":1366,"height":600,"caption":"Christian Prudhomme"},{"@type":"BreadcrumbList","@id":"https:\/\/www.welovecycling.com\/sk\/2021\/06\/14\/tour-de-france-pre-zeny-sa-v-roku-2022-vrati-na-scenu\/#breadcrumb","itemListElement":[{"@type":"ListItem","position":1,"name":"Home","item":"https:\/\/www.welovecycling.com\/sk\/"},{"@type":"ListItem","position":2,"name":"Tour de France pre \u017eeny sa v roku 2022 vr\u00e1ti na sc\u00e9nu"}]},{"@type":"WebSite","@id":"https:\/\/www.welovecycling.com\/sk\/#website","url":"https:\/\/www.welovecycling.com\/sk\/","name":"\u0160koda We Love Cycling Slovensko","description":"\u0160koda We Love Cycling Slovensko je v\u00e1\u0161 ka\u017edodenn\u00fd zdroj noviniek a in\u0161pir\u00e1cie z sveta cyklistiky","potentialAction":[{"@type":"SearchAction","target":{"@type":"EntryPoint","urlTemplate":"https:\/\/www.welovecycling.com\/sk\/?s={search_term_string}"},"query-input":{"@type":"PropertyValueSpecification","valueRequired":true,"valueName":"search_term_string"}}],"inLanguage":"sk-SK"},{"@type":"Person","@id":"","url":"https:\/\/www.welovecycling.com\/sk\/author\/"}]}},"_links":{"self":[{"href":"https:\/\/www.welovecycling.com\/sk\/wp-json\/wp\/v2\/posts\/11905","targetHints":{"allow":["GET"]}}],"collection":[{"href":"https:\/\/www.welovecycling.com\/sk\/wp-json\/wp\/v2\/posts"}],"about":[{"href":"https:\/\/www.welovecycling.com\/sk\/wp-json\/wp\/v2\/types\/post"}],"author":[{"embeddable":true,"href":"https:\/\/www.welovecycling.com\/sk\/wp-json\/wp\/v2\/users\/81"}],"replies":[{"embeddable":true,"href":"https:\/\/www.welovecycling.com\/sk\/wp-json\/wp\/v2\/comments?post=11905"}],"version-history":[{"count":2,"href":"https:\/\/www.welovecycling.com\/sk\/wp-json\/wp\/v2\/posts\/11905\/revisions"}],"predecessor-version":[{"id":11913,"href":"https:\/\/www.welovecycling.com\/sk\/wp-json\/wp\/v2\/posts\/11905\/revisions\/11913"}],"wp:featuredmedia":[{"embeddable":true,"href":"https:\/\/www.welovecycling.com\/sk\/wp-json\/wp\/v2\/media\/11909"}],"wp:attachment":[{"href":"https:\/\/www.welovecycling.com\/sk\/wp-json\/wp\/v2\/media?parent=11905"}],"wp:term":[{"taxonomy":"category","embeddable":true,"href":"https:\/\/www.welovecycling.com\/sk\/wp-json\/wp\/v2\/categories?post=11905"},{"taxonomy":"post_tag","embeddable":true,"href":"https:\/\/www.welovecycling.com\/sk\/wp-json\/wp\/v2\/tags?post=11905"},{"taxonomy":"global-categories","embeddable":true,"href":"https:\/\/www.welovecycling.com\/sk\/wp-json\/wp\/v2\/global-categories?post=11905"}],"curies":[{"name":"wp","href":"https:\/\/api.w.org\/{rel}","templated":true}]}}