{"id":11873,"date":"2021-06-08T10:00:45","date_gmt":"2021-06-08T08:00:45","guid":{"rendered":"https:\/\/www.welovecycling.com\/sk\/?p=11873"},"modified":"2021-06-07T13:18:41","modified_gmt":"2021-06-07T11:18:41","slug":"7-veci-ktore-si-nezabudnut-na-vyjazd","status":"publish","type":"post","link":"https:\/\/www.welovecycling.com\/sk\/2021\/06\/08\/7-veci-ktore-si-nezabudnut-na-vyjazd\/","title":{"rendered":"7 vec\u00ed, ktor\u00e9 si nezabudn\u00fa\u0165 na v\u00fdjazd"},"content":{"rendered":"<p><strong>Niekedy je \u0165a\u017ek\u00e9 n\u00e1js\u0165 ten spr\u00e1vny kompromis medzi t\u00fdm, \u010do si so sebou vzia\u0165 a\u00a0\u010do m\u00f4\u017eeme necha\u0165 doma. Z\u00e1le\u017e\u00ed aj od toho, ak\u00e9 dlh\u00e9 v\u00fdjazdy zvyknete jazdi\u0165. \u010ci s\u00fa to krat\u0161ie v\u00fdjazdy v\u00a0trvan\u00ed dvoch hod\u00edn alebo dlh\u00e9 nieko\u013eko hodinov\u00e9 etapy. Na tie krat\u0161ie v\u00fdjazdy nie je podmienkou ma\u0165 so sebou batoh a\u00a0dok\u00e1\u017eete si v\u0161etky potrebn\u00e9 veci zbali\u0165 a\u00a0umiestni\u0165 na bicykel. Ve\u010f si to priznajme, ten batoh niekedy dok\u00e1\u017ee by\u0165 pekne otravn\u00fd. Tak\u017ee pozrime sa, ak\u00fa z\u00e1kladn\u00fa v\u00fdbavu so sebou vzia\u0165 a\u00a0je jedno \u010di u\u017e je to kr\u00e1tky alebo dlh\u00fd v\u00fdjazd. No a\u00a0hlavne si nezabudnite vzia\u0165 dobr\u00fa n\u00e1ladu a\u00a0nejak\u00fa dobr\u00fa spolo\u010dnos\u0165.<\/strong><!--more--><\/p>\n<h2><strong>1. N\u00e1hradn\u00e1 du\u0161a<\/strong><\/h2>\n<p>Aj ke\u010f je v\u00a0s\u00fa\u010dasnej dobe st\u00e1le viac fan\u00fa\u0161ikov bezdu\u0161ov\u00fdch preveden\u00ed a\u00a0poviete si, \u017ee vy du\u0161u nepotrebujete, ale treba myslie\u0165 aj na to, \u017ee m\u00f4\u017eete rozreza\u0165 pl\u00e1\u0161\u0165 zboku vo v\u00e4\u010d\u0161ej miere a\u00a0vtedy v\u00e1m tmel nepom\u00f4\u017ee. Najm\u00e4 fan\u00fa\u0161ikovia horsk\u00fdch bicyklov by na to mali myslie\u0165, kde riziko rozrezania pl\u00e1\u0161\u0165a o\u00a0kame\u0148 je ove\u013ea vy\u0161\u0161ie. Tak\u017ee aj ke\u010f m\u00e1te bezdu\u0161ov\u00fd syst\u00e9m, odpor\u00fa\u010dame v\u00e1m nosi\u0165 si so sebou n\u00e1hradn\u00fa du\u0161u. Umiestni\u0165 si ju m\u00f4\u017eete do kapsi\u010dky pod sedlo, alebo pripevni\u0165 niekde na r\u00e1m \u010di na sedlovku.<\/p>\n<h2><strong>2. Pumpa<\/strong><\/h2>\n<p>Klasick\u00e1 pumpa je v\u00a0ponuke v\u00a0nespo\u010detn\u00fdch prevedeniach a\u00a0ve\u013ekostiach a\u00a0v\u00fdber je len na v\u00e1s. Takisto sa d\u00e1 uchyti\u0165 r\u00f4zne na r\u00e1m, ale naj\u010dastej\u0161ie je to pod ko\u0161\u00edk na f\u013ea\u0161u. Je s\u00edce pravda, \u017ee s\u00a0malou pumpou sa dos\u0165 narob\u00edte, k\u00fdm naf\u00fakate napr\u00edklad koleso ve\u013ekosti 29 palcov. Ale tak nie je to ni\u010d hrozn\u00e9 a\u00a0priznajme si, \u017ee tie defekty pri dne\u0161n\u00fdch zosilnen\u00fdch pl\u00e1\u0161\u0165och zasa a\u017e tak \u010dasto nemus\u00edme rie\u0161i\u0165. Ak chcete riziko defektu \u00faplne minimalizova\u0165, pouva\u017eujte nad prechodom na bezdu\u0161ov\u00fd syst\u00e9m.<\/p>\n<figure id=\"attachment_11876\" aria-describedby=\"caption-attachment-11876\" style=\"width: 1200px\" class=\"wp-caption alignnone\"><a href=\"https:\/\/d2p6e6u75xmxt8.cloudfront.net\/4\/2021\/06\/7-veci_01.jpg\"><img loading=\"lazy\" decoding=\"async\" src=\"https:\/\/d2p6e6u75xmxt8.cloudfront.net\/4\/2021\/06\/7-veci_01.jpg\" alt=\"Pixabay\" width=\"1200\" height=\"800\" class=\"size-full wp-image-11876\" \/><\/a><figcaption id=\"caption-attachment-11876\" class=\"wp-caption-text\">Foto: Pixabay<\/figcaption><\/figure>\n<h2><strong>3. CO2 bombi\u010dka<\/strong><\/h2>\n<p>CO2 bombi\u010dka je skuto\u010dne luxusn\u00e9 f\u00fakanie kolies, preto\u017ee to m\u00e1te hotov\u00e9 neuverite\u013ene r\u00fdchlo a\u00a0bez n\u00e1mahy. Naj\u010dastej\u0161ie tento sp\u00f4sob f\u00fakania m\u00f4\u017eete vidie\u0165 na pretekoch, kde to m\u00e1 jasn\u00e9 od\u00f4vodnenie. Ale tento syst\u00e9m je dostupn\u00fd u\u017e pre v\u0161etk\u00fdch a\u00a0v\u00a0pr\u00edpade defektu na v\u00e1s nemusia kamar\u00e1ti dlho \u010daka\u0165 a\u00a0u\u0161etren\u00fd \u010das m\u00f4\u017eete str\u00e1vi\u0165 pr\u00edjemnej\u0161ie niekde na k\u00e1ve. V\u00fdrobcovia odpor\u00fa\u010daj\u00fa nosi\u0165 so sebou minim\u00e1lne dve bombi\u010dky a\u00a0to z\u00a0toho d\u00f4vodu, \u017ee ak m\u00e1te ve\u013ek\u00e9 koles\u00e1 a\u00a0ob\u010das v\u00e1m po\u010das f\u00fakania nejak\u00fd ten vzduch ujde, m\u00f4\u017ee by\u0165 jedna pr\u00edli\u0161 m\u00e1lo.<\/p>\n<h2><strong>4. N\u00e1radie<\/strong><\/h2>\n<p>V\u00a0ponuke v\u00fdrobcov je neprebern\u00e9 mno\u017estvo n\u00e1radia a\u00a0je len na v\u00e1s, ktor\u00e9 si vyberiete. Tu tie\u017e z\u00e1vis\u00ed od toho, \u010di sa chyst\u00e1te na celodenn\u00fd v\u00fdlet alebo len kr\u00e1tky v\u00fdjazd. Na krat\u0161\u00ed v\u00fdjazd v\u00e1m posta\u010d\u00ed men\u0161ie a\u00a0jednoduch\u0161ie n\u00e1radie, ktor\u00e9 nezaberie ve\u013ea miesta a\u00a0je \u013eahk\u00e9. Zmest\u00edte ho aj do zadn\u00e9ho vrecka na drese. Ak v\u0161ak idete na cel\u00fd de\u0148, ocen\u00edte v\u00e4\u010d\u0161ie n\u00e1radie, ktor\u00e9ho s\u00fa\u010das\u0165ou je u\u017e napr\u00edklad aj nitova\u010dka re\u0165aze \u010di adapt\u00e9r na CO2 bombi\u010dku.<\/p>\n<h2><strong>5. Pitie<\/strong><\/h2>\n<p>Pitn\u00fd re\u017eim je d\u00f4le\u017eit\u00fd, obzvl\u00e1\u0161\u0165 po\u010das hor\u00facich dn\u00ed, ale na bicykli ocen\u00edte tekutiny v\u00a0ka\u017edom \u010dase. \u010co si zoberiete, to je u\u017e dos\u0165 individu\u00e1lne, niekomu sta\u010d\u00ed \u010dist\u00e1 voda \u010di miner\u00e1lka, in\u00fd po\u010das v\u00fdjazdu r\u00e1d pop\u00edja energetick\u00fd alebo iontov\u00fd n\u00e1poj. Mno\u017estvo tekut\u00edn z\u00e1vis\u00ed od d\u013a\u017eky v\u00fdjazdu a\u00a0ak pl\u00e1nujete dlh\u0161\u00ed v\u00fdjazd, tak si nejak\u00fa f\u013ea\u0161u navy\u0161e priba\u013ete aj do batohu.<\/p>\n<figure id=\"attachment_11877\" aria-describedby=\"caption-attachment-11877\" style=\"width: 1200px\" class=\"wp-caption alignnone\"><a href=\"https:\/\/d2p6e6u75xmxt8.cloudfront.net\/4\/2021\/06\/7-veci_02.jpg\"><img loading=\"lazy\" decoding=\"async\" src=\"https:\/\/d2p6e6u75xmxt8.cloudfront.net\/4\/2021\/06\/7-veci_02.jpg\" alt=\"Pixabay\" width=\"1200\" height=\"800\" class=\"size-full wp-image-11877\" \/><\/a><figcaption id=\"caption-attachment-11877\" class=\"wp-caption-text\">Foto: Pixabay<\/figcaption><\/figure>\n<h2><strong>6. Jedlo<\/strong><\/h2>\n<p>Energetick\u00e1 ty\u010dinka je skvel\u00e1 na doplnenie energie. Oplat\u00ed sa ju vzia\u0165 aj na kr\u00e1tky v\u00fdjazd, lebo nikdy neviete, kedy v\u00e1s prepadne hlad a\u00a0ka\u017ed\u00fd u\u017e za\u017eil, ak\u00e9 je nepr\u00edjemn\u00e9 \u0161liapa\u0165 do ped\u00e1lov bez energie. Ak idete na dlh\u0161\u00ed v\u00fdjazd, tak odborn\u00edci odpor\u00fa\u010daj\u00fa zjes\u0165 nie\u010do mal\u00e9 ka\u017ed\u00fa hodinu, aby ste priebe\u017ene dop\u013a\u0148ali vydan\u00fa energiu. Dobr\u00fdm doplnkom s\u00fa aj r\u00f4zne g\u00e9ly, ktor\u00fdch je v\u00a0ponuke takisto ve\u013ea druhov a\u00a0pr\u00edchut\u00ed. Je to len na v\u00e1s, \u010di zvol\u00edte vyv\u00e1\u017een\u00e9 ty\u010dinky a\u00a0g\u00e9ly, alebo preferujete klasick\u00e9 Horalky a\u00a0S\u00f3jov\u00e9 rezy. Ve\u010f aj samotn\u00fd Peter Sagan je zn\u00e1my t\u00fdm, \u017ee po pretekoch dop\u013a\u0148a energiu gumov\u00fdmi medved\u00edkmi.<\/p>\n<h2><strong>7. Osobn\u00e9 veci<\/strong><\/h2>\n<p>Nakoniec si nezabudnite vzia\u0165 mobil, doklady a\u00a0peniaze. Nikdy neviete, kedy ich budete potrebova\u0165. \u010ci u\u017e budete potrebova\u0165 bl\u00edzkym zavola\u0165, \u017ee ste sa niekde zdr\u017eali, alebo budete n\u00faten\u00ed zavola\u0165 si pomoc v\u00a0nejakej nepr\u00edjemnej situ\u00e1cii. A\u00a0vtedy sa v\u00e1m z\u00eddu aj doklady. Prajeme v\u00e1m v\u0161ak, aby sa v\u00e1m nikdy ni\u010d v\u00e1\u017ene nestalo a\u00a0osobn\u00e9 veci vyu\u017eili, len po\u010das zast\u00e1vky na k\u00e1vu a\u00a0kol\u00e1\u010dik v\u00a0ob\u013e\u00fabenej kaviarni na va\u0161ej pravidelnej trase.<\/p>\n<p>Tituln\u00e1 fotografia: Radovan Vr\u0161ka\/ilustr\u00e1cia<\/p>\n","protected":false},"excerpt":{"rendered":"<p>Niekedy je \u0165a\u017ek\u00e9 n\u00e1js\u0165 ten spr\u00e1vny kompromis medzi t\u00fdm, \u010do si so sebou vzia\u0165 a\u00a0\u010do m\u00f4\u017eeme necha\u0165 doma. Z\u00e1le\u017e\u00ed aj [&hellip;]<\/p>\n","protected":false},"author":81,"featured_media":11875,"comment_status":"open","ping_status":"open","sticky":false,"template":"","format":"standard","meta":{"footnotes":""},"categories":[191],"tags":[115,709,180,622,665,565,931,318],"global-categories":[1074],"class_list":["post-11873","post","type-post","status-publish","format-standard","has-post-thumbnail","hentry","category-odporucame","tag-cestna-cyklistika","tag-dusa","tag-horska-cyklistika","tag-jedlo","tag-napoj","tag-naradie","tag-odporucame","tag-vyjazd","global-categories-cycling"],"yoast_head":"<!-- This site is optimized with the Yoast SEO Premium plugin v25.3 (Yoast SEO v25.9) - https:\/\/yoast.com\/wordpress\/plugins\/seo\/ -->\n<title>7 vec\u00ed, ktor\u00e9 si nezabudn\u00fa\u0165 na v\u00fdjazd - \u0160koda We Love Cycling Slovensko<\/title>\n<meta name=\"robots\" content=\"index, follow, max-snippet:-1, max-image-preview:large, max-video-preview:-1\" \/>\n<link rel=\"canonical\" href=\"https:\/\/www.welovecycling.com\/sk\/2021\/06\/08\/7-veci-ktore-si-nezabudnut-na-vyjazd\/\" \/>\n<meta property=\"og:locale\" content=\"sk_SK\" \/>\n<meta property=\"og:type\" content=\"article\" \/>\n<meta property=\"og:title\" content=\"7 vec\u00ed, ktor\u00e9 si nezabudn\u00fa\u0165 na v\u00fdjazd\" \/>\n<meta property=\"og:description\" content=\"Niekedy je \u0165a\u017ek\u00e9 n\u00e1js\u0165 ten spr\u00e1vny kompromis medzi t\u00fdm, \u010do si so sebou vzia\u0165 a\u00a0\u010do m\u00f4\u017eeme necha\u0165 doma. Z\u00e1le\u017e\u00ed aj [&hellip;]\" \/>\n<meta property=\"og:url\" content=\"https:\/\/www.welovecycling.com\/sk\/2021\/06\/08\/7-veci-ktore-si-nezabudnut-na-vyjazd\/\" \/>\n<meta property=\"og:site_name\" content=\"\u0160koda We Love Cycling Slovensko\" \/>\n<meta property=\"article:published_time\" content=\"2021-06-08T08:00:45+00:00\" \/>\n<meta property=\"og:image\" content=\"https:\/\/d2p6e6u75xmxt8.cloudfront.net\/4\/2021\/06\/7-veci_00.webp\" \/>\n\t<meta property=\"og:image:width\" content=\"1380\" \/>\n\t<meta property=\"og:image:height\" content=\"600\" \/>\n\t<meta property=\"og:image:type\" content=\"image\/webp\" \/>\n<meta name=\"twitter:card\" content=\"summary_large_image\" \/>\n<meta name=\"twitter:label1\" content=\"Written by\" \/>\n\t<meta name=\"twitter:data1\" content=\"Radovan Vr\u0161ka\" \/>\n\t<meta name=\"twitter:label2\" content=\"Est. reading time\" \/>\n\t<meta name=\"twitter:data2\" content=\"3\" \/>\n<script type=\"application\/ld+json\" class=\"yoast-schema-graph\">{\"@context\":\"https:\/\/schema.org\",\"@graph\":[{\"@type\":\"WebPage\",\"@id\":\"https:\/\/www.welovecycling.com\/sk\/2021\/06\/08\/7-veci-ktore-si-nezabudnut-na-vyjazd\/\",\"url\":\"https:\/\/www.welovecycling.com\/sk\/2021\/06\/08\/7-veci-ktore-si-nezabudnut-na-vyjazd\/\",\"name\":\"7 vec\u00ed, ktor\u00e9 si nezabudn\u00fa\u0165 na v\u00fdjazd - \u0160koda We Love Cycling Slovensko\",\"isPartOf\":{\"@id\":\"https:\/\/www.welovecycling.com\/sk\/#website\"},\"primaryImageOfPage\":{\"@id\":\"https:\/\/www.welovecycling.com\/sk\/2021\/06\/08\/7-veci-ktore-si-nezabudnut-na-vyjazd\/#primaryimage\"},\"image\":{\"@id\":\"https:\/\/www.welovecycling.com\/sk\/2021\/06\/08\/7-veci-ktore-si-nezabudnut-na-vyjazd\/#primaryimage\"},\"thumbnailUrl\":\"https:\/\/d2p6e6u75xmxt8.cloudfront.net\/4\/2021\/06\/7-veci_00.webp\",\"datePublished\":\"2021-06-08T08:00:45+00:00\",\"author\":{\"@id\":\"\"},\"breadcrumb\":{\"@id\":\"https:\/\/www.welovecycling.com\/sk\/2021\/06\/08\/7-veci-ktore-si-nezabudnut-na-vyjazd\/#breadcrumb\"},\"inLanguage\":\"sk-SK\",\"potentialAction\":[{\"@type\":\"ReadAction\",\"target\":[\"https:\/\/www.welovecycling.com\/sk\/2021\/06\/08\/7-veci-ktore-si-nezabudnut-na-vyjazd\/\"]}]},{\"@type\":\"ImageObject\",\"inLanguage\":\"sk-SK\",\"@id\":\"https:\/\/www.welovecycling.com\/sk\/2021\/06\/08\/7-veci-ktore-si-nezabudnut-na-vyjazd\/#primaryimage\",\"url\":\"https:\/\/d2p6e6u75xmxt8.cloudfront.net\/4\/2021\/06\/7-veci_00.webp\",\"contentUrl\":\"https:\/\/d2p6e6u75xmxt8.cloudfront.net\/4\/2021\/06\/7-veci_00.webp\",\"width\":1380,\"height\":600,\"caption\":\"Radovan Vr\u0161ka ilustr\u00e1cia\"},{\"@type\":\"BreadcrumbList\",\"@id\":\"https:\/\/www.welovecycling.com\/sk\/2021\/06\/08\/7-veci-ktore-si-nezabudnut-na-vyjazd\/#breadcrumb\",\"itemListElement\":[{\"@type\":\"ListItem\",\"position\":1,\"name\":\"Home\",\"item\":\"https:\/\/www.welovecycling.com\/sk\/\"},{\"@type\":\"ListItem\",\"position\":2,\"name\":\"7 vec\u00ed, ktor\u00e9 si nezabudn\u00fa\u0165 na v\u00fdjazd\"}]},{\"@type\":\"WebSite\",\"@id\":\"https:\/\/www.welovecycling.com\/sk\/#website\",\"url\":\"https:\/\/www.welovecycling.com\/sk\/\",\"name\":\"\u0160koda We Love Cycling Slovensko\",\"description\":\"\u0160koda We Love Cycling Slovensko je v\u00e1\u0161 ka\u017edodenn\u00fd zdroj noviniek a in\u0161pir\u00e1cie z sveta cyklistiky\",\"potentialAction\":[{\"@type\":\"SearchAction\",\"target\":{\"@type\":\"EntryPoint\",\"urlTemplate\":\"https:\/\/www.welovecycling.com\/sk\/?s={search_term_string}\"},\"query-input\":{\"@type\":\"PropertyValueSpecification\",\"valueRequired\":true,\"valueName\":\"search_term_string\"}}],\"inLanguage\":\"sk-SK\"},{\"@type\":\"Person\",\"@id\":\"\",\"url\":\"https:\/\/www.welovecycling.com\/sk\/author\/\"}]}<\/script>\n<!-- \/ Yoast SEO Premium plugin. -->","yoast_head_json":{"title":"7 vec\u00ed, ktor\u00e9 si nezabudn\u00fa\u0165 na v\u00fdjazd - \u0160koda We Love Cycling Slovensko","robots":{"index":"index","follow":"follow","max-snippet":"max-snippet:-1","max-image-preview":"max-image-preview:large","max-video-preview":"max-video-preview:-1"},"canonical":"https:\/\/www.welovecycling.com\/sk\/2021\/06\/08\/7-veci-ktore-si-nezabudnut-na-vyjazd\/","og_locale":"sk_SK","og_type":"article","og_title":"7 vec\u00ed, ktor\u00e9 si nezabudn\u00fa\u0165 na v\u00fdjazd","og_description":"Niekedy je \u0165a\u017ek\u00e9 n\u00e1js\u0165 ten spr\u00e1vny kompromis medzi t\u00fdm, \u010do si so sebou vzia\u0165 a\u00a0\u010do m\u00f4\u017eeme necha\u0165 doma. Z\u00e1le\u017e\u00ed aj [&hellip;]","og_url":"https:\/\/www.welovecycling.com\/sk\/2021\/06\/08\/7-veci-ktore-si-nezabudnut-na-vyjazd\/","og_site_name":"\u0160koda We Love Cycling Slovensko","article_published_time":"2021-06-08T08:00:45+00:00","og_image":[{"width":1380,"height":600,"url":"https:\/\/d2p6e6u75xmxt8.cloudfront.net\/4\/2021\/06\/7-veci_00.webp","type":"image\/webp"}],"twitter_card":"summary_large_image","twitter_misc":{"Written by":"Radovan Vr\u0161ka","Est. reading time":"3"},"schema":{"@context":"https:\/\/schema.org","@graph":[{"@type":"WebPage","@id":"https:\/\/www.welovecycling.com\/sk\/2021\/06\/08\/7-veci-ktore-si-nezabudnut-na-vyjazd\/","url":"https:\/\/www.welovecycling.com\/sk\/2021\/06\/08\/7-veci-ktore-si-nezabudnut-na-vyjazd\/","name":"7 vec\u00ed, ktor\u00e9 si nezabudn\u00fa\u0165 na v\u00fdjazd - \u0160koda We Love Cycling Slovensko","isPartOf":{"@id":"https:\/\/www.welovecycling.com\/sk\/#website"},"primaryImageOfPage":{"@id":"https:\/\/www.welovecycling.com\/sk\/2021\/06\/08\/7-veci-ktore-si-nezabudnut-na-vyjazd\/#primaryimage"},"image":{"@id":"https:\/\/www.welovecycling.com\/sk\/2021\/06\/08\/7-veci-ktore-si-nezabudnut-na-vyjazd\/#primaryimage"},"thumbnailUrl":"https:\/\/d2p6e6u75xmxt8.cloudfront.net\/4\/2021\/06\/7-veci_00.webp","datePublished":"2021-06-08T08:00:45+00:00","author":{"@id":""},"breadcrumb":{"@id":"https:\/\/www.welovecycling.com\/sk\/2021\/06\/08\/7-veci-ktore-si-nezabudnut-na-vyjazd\/#breadcrumb"},"inLanguage":"sk-SK","potentialAction":[{"@type":"ReadAction","target":["https:\/\/www.welovecycling.com\/sk\/2021\/06\/08\/7-veci-ktore-si-nezabudnut-na-vyjazd\/"]}]},{"@type":"ImageObject","inLanguage":"sk-SK","@id":"https:\/\/www.welovecycling.com\/sk\/2021\/06\/08\/7-veci-ktore-si-nezabudnut-na-vyjazd\/#primaryimage","url":"https:\/\/d2p6e6u75xmxt8.cloudfront.net\/4\/2021\/06\/7-veci_00.webp","contentUrl":"https:\/\/d2p6e6u75xmxt8.cloudfront.net\/4\/2021\/06\/7-veci_00.webp","width":1380,"height":600,"caption":"Radovan Vr\u0161ka ilustr\u00e1cia"},{"@type":"BreadcrumbList","@id":"https:\/\/www.welovecycling.com\/sk\/2021\/06\/08\/7-veci-ktore-si-nezabudnut-na-vyjazd\/#breadcrumb","itemListElement":[{"@type":"ListItem","position":1,"name":"Home","item":"https:\/\/www.welovecycling.com\/sk\/"},{"@type":"ListItem","position":2,"name":"7 vec\u00ed, ktor\u00e9 si nezabudn\u00fa\u0165 na v\u00fdjazd"}]},{"@type":"WebSite","@id":"https:\/\/www.welovecycling.com\/sk\/#website","url":"https:\/\/www.welovecycling.com\/sk\/","name":"\u0160koda We Love Cycling Slovensko","description":"\u0160koda We Love Cycling Slovensko je v\u00e1\u0161 ka\u017edodenn\u00fd zdroj noviniek a in\u0161pir\u00e1cie z sveta cyklistiky","potentialAction":[{"@type":"SearchAction","target":{"@type":"EntryPoint","urlTemplate":"https:\/\/www.welovecycling.com\/sk\/?s={search_term_string}"},"query-input":{"@type":"PropertyValueSpecification","valueRequired":true,"valueName":"search_term_string"}}],"inLanguage":"sk-SK"},{"@type":"Person","@id":"","url":"https:\/\/www.welovecycling.com\/sk\/author\/"}]}},"_links":{"self":[{"href":"https:\/\/www.welovecycling.com\/sk\/wp-json\/wp\/v2\/posts\/11873","targetHints":{"allow":["GET"]}}],"collection":[{"href":"https:\/\/www.welovecycling.com\/sk\/wp-json\/wp\/v2\/posts"}],"about":[{"href":"https:\/\/www.welovecycling.com\/sk\/wp-json\/wp\/v2\/types\/post"}],"author":[{"embeddable":true,"href":"https:\/\/www.welovecycling.com\/sk\/wp-json\/wp\/v2\/users\/81"}],"replies":[{"embeddable":true,"href":"https:\/\/www.welovecycling.com\/sk\/wp-json\/wp\/v2\/comments?post=11873"}],"version-history":[{"count":2,"href":"https:\/\/www.welovecycling.com\/sk\/wp-json\/wp\/v2\/posts\/11873\/revisions"}],"predecessor-version":[{"id":11881,"href":"https:\/\/www.welovecycling.com\/sk\/wp-json\/wp\/v2\/posts\/11873\/revisions\/11881"}],"wp:featuredmedia":[{"embeddable":true,"href":"https:\/\/www.welovecycling.com\/sk\/wp-json\/wp\/v2\/media\/11875"}],"wp:attachment":[{"href":"https:\/\/www.welovecycling.com\/sk\/wp-json\/wp\/v2\/media?parent=11873"}],"wp:term":[{"taxonomy":"category","embeddable":true,"href":"https:\/\/www.welovecycling.com\/sk\/wp-json\/wp\/v2\/categories?post=11873"},{"taxonomy":"post_tag","embeddable":true,"href":"https:\/\/www.welovecycling.com\/sk\/wp-json\/wp\/v2\/tags?post=11873"},{"taxonomy":"global-categories","embeddable":true,"href":"https:\/\/www.welovecycling.com\/sk\/wp-json\/wp\/v2\/global-categories?post=11873"}],"curies":[{"name":"wp","href":"https:\/\/api.w.org\/{rel}","templated":true}]}}