{"id":11856,"date":"2021-06-03T16:00:20","date_gmt":"2021-06-03T14:00:20","guid":{"rendered":"https:\/\/www.welovecycling.com\/sk\/?p=11856"},"modified":"2021-06-03T14:53:55","modified_gmt":"2021-06-03T12:53:55","slug":"pozvanka-detska-tour-petra-sagana-hura-zaciname","status":"publish","type":"post","link":"https:\/\/www.welovecycling.com\/sk\/2021\/06\/03\/pozvanka-detska-tour-petra-sagana-hura-zaciname\/","title":{"rendered":"Pozv\u00e1nka: Detsk\u00e1 Tour Petra Sagana \u2013 hur\u00e1, za\u010d\u00edname"},"content":{"rendered":"<p><strong>Minul\u00fd rok bola Detsk\u00e1 Tour Petra Sagana jedno z prv\u00fdch \u0161portov\u00fdch podujat\u00ed na Slovensku po uvo\u013enen\u00ed opatren\u00ed a tento rok tie\u017e za\u010d\u00edna hne\u010f za\u010diatkom j\u00fana, teda e\u0161te pred letn\u00fdmi pr\u00e1zdninami. Po dlh\u00fdch d\u0148och str\u00e1ven\u00fdch doma a po studenej jari sa kone\u010dne m\u00f4\u017eeme vyda\u0165 na cesty a na preteky.<\/strong><!--more--><\/p>\n<p>Preteky s\u00fa pre deti do 14 rokov a trate s\u00fa prisp\u00f4soben\u00e9 pre jednotliv\u00e9 vekov\u00e9 kateg\u00f3rie. Novinkou je, \u017ee v kateg\u00f3ri\u00e1ch Baby a Mikro dostane ka\u017ed\u00fd jeden jazdec \u00fa\u010dastn\u00edcku medailu, \u010do ur\u010dite prispeje k motiv\u00e1cii t\u00fdchto mali\u010dk\u00fdch cyklistov a v niektorom z bud\u00facich ro\u010dn\u00edkov sa ur\u010dite postavia aj na stupne v\u00ed\u0165azov.<\/p>\n<p><a href=\"https:\/\/d2p6e6u75xmxt8.cloudfront.net\/4\/2021\/06\/DTPS_02.jpg\"><img loading=\"lazy\" decoding=\"async\" src=\"https:\/\/d2p6e6u75xmxt8.cloudfront.net\/4\/2021\/06\/DTPS_02.jpg\" alt=\"\" width=\"1200\" height=\"800\" class=\"alignnone size-full wp-image-11861\" \/><\/a><\/p>\n<p>Ako to u\u017e b\u00fdva zvykom, aj tento rok sa trochu pomenili jednotliv\u00e9 etapy a pretek\u00e1ri maj\u00fa mo\u017enos\u0165 spozna\u0165 nov\u00e9 miesta. Istotou ost\u00e1va Petrove rodn\u00e9 mesto <strong>\u017dilina, kde cel\u00e1 Tour od\u0161tartuje u\u017e v sobotu 5. j\u00fana<\/strong>. \u010eal\u0161ie kol\u00e1 sa bud\u00fa kona\u0165 v \u0160amor\u00edne, Topo\u013e\u010diankach, Malom Slavkove, \u010cervenom Kl\u00e1\u0161tore a z\u00e1ver bude patri\u0165 kr\u00e1snej pr\u00edrode v Jasnej. V\u0161etko s\u00fa to atrakt\u00edvne miesta s kr\u00e1snou pr\u00edrodou a verme tomu, \u017ee aj s dokonal\u00fdm po\u010das\u00edm.<\/p>\n<p><a href=\"https:\/\/d2p6e6u75xmxt8.cloudfront.net\/4\/2021\/06\/DTPS_03.jpg\"><img loading=\"lazy\" decoding=\"async\" src=\"https:\/\/d2p6e6u75xmxt8.cloudfront.net\/4\/2021\/06\/DTPS_03.jpg\" alt=\"\" width=\"1200\" height=\"800\" class=\"alignnone size-full wp-image-11862\" \/><\/a><\/p>\n<p>V neposlednom rade, deti si rady prines\u00fa domov pam\u00e4tn\u00fa mincu, ktor\u00fa si za symbolick\u00fd poplatok m\u00f4\u017eu dokonca priamo na mieste vyrazi\u0165. Navrhli ju samotn\u00ed fan\u00fa\u0161ikovia Petra Sagana a do s\u00fa\u0165a\u017ee pri\u0161la a\u017e stovka n\u00e1vrhov z deviatich kraj\u00edn sveta.<\/p>\n<p><a href=\"https:\/\/d2p6e6u75xmxt8.cloudfront.net\/4\/2021\/06\/DTPS_04.jpg\"><img loading=\"lazy\" decoding=\"async\" src=\"https:\/\/d2p6e6u75xmxt8.cloudfront.net\/4\/2021\/06\/DTPS_04.jpg\" alt=\"\" width=\"1200\" height=\"800\" class=\"alignnone size-full wp-image-11863\" \/><\/a><\/p>\n<p>Pr\u00ed\u010fte si zajazdi\u0165, zapojte sa do s\u00fa\u0165a\u017e\u00ed a <strong>u\u017eite si kr\u00e1sne rodinn\u00e9 podujatie pln\u00e9 z\u00e1bavy, slnka a chv\u00ed\u013e str\u00e1ven\u00fdch spolu<\/strong>.<\/p>\n<h2><strong>Kateg\u00f3rie<\/strong><\/h2>\n<p>Baby 2017 a viac<br \/>\nMikro 2015\u20132016<br \/>\nMili 2013\u20132014<br \/>\nMini 2011\u20132012<br \/>\nMlad\u0161\u00ed \u017diaci\/\u010dky 2009\u20132010<br \/>\nStar\u0161\u00ed \u017diaci\/\u010dky 2007\u20132008<\/p>\n<h2><strong>\u0160tartovn\u00e9<\/strong><\/h2>\n<p>0 \u20ac kateg\u00f3ria Baby<br \/>\n3 \u20ac kateg\u00f3ria Mikro a\u017e Star\u0161\u00ed \u017eiaci, rodi\u010dia<\/p>\n<p><a href=\"https:\/\/d2p6e6u75xmxt8.cloudfront.net\/4\/2021\/06\/DTPS_05.jpg\"><img loading=\"lazy\" decoding=\"async\" src=\"https:\/\/d2p6e6u75xmxt8.cloudfront.net\/4\/2021\/06\/DTPS_05.jpg\" alt=\"\" width=\"1200\" height=\"800\" class=\"alignnone size-full wp-image-11864\" \/><\/a><\/p>\n<p>Viac inform\u00e1ci\u00ed sa dozviete na <a href=\"https:\/\/detskatour.sk\/\">str\u00e1nke podujatia<\/a>.<\/p>\n","protected":false},"excerpt":{"rendered":"<p>Minul\u00fd rok bola Detsk\u00e1 Tour Petra Sagana jedno z prv\u00fdch \u0161portov\u00fdch podujat\u00ed na Slovensku po uvo\u013enen\u00ed opatren\u00ed a tento rok [&hellip;]<\/p>\n","protected":false},"author":81,"featured_media":11860,"comment_status":"open","ping_status":"open","sticky":false,"template":"","format":"standard","meta":{"footnotes":""},"categories":[51],"tags":[619,53,764,54,180,46,91,179,264,509,474,523,508,821],"global-categories":[1074],"class_list":["post-11856","post","type-post","status-publish","format-standard","has-post-thumbnail","hentry","category-deti-na-bicykloch","tag-bicyklovanie","tag-deti","tag-detska-tour-petra-sagana","tag-detske-bicykle","tag-horska-cyklistika","tag-peter-sagan","tag-pozvanka","tag-preteky","tag-prilba","tag-rodina","tag-rodinny-maraton","tag-slovensko","tag-vylet","tag-zilina","global-categories-cycling"],"yoast_head":"<!-- This site is optimized with the Yoast SEO Premium plugin v25.3 (Yoast SEO v25.9) - https:\/\/yoast.com\/wordpress\/plugins\/seo\/ -->\n<title>Pozv\u00e1nka: Detsk\u00e1 Tour Petra Sagana \u2013 hur\u00e1, za\u010d\u00edname - \u0160koda We Love Cycling Slovensko<\/title>\n<meta name=\"robots\" content=\"index, follow, max-snippet:-1, max-image-preview:large, max-video-preview:-1\" \/>\n<link rel=\"canonical\" href=\"https:\/\/www.welovecycling.com\/sk\/2021\/06\/03\/pozvanka-detska-tour-petra-sagana-hura-zaciname\/\" \/>\n<meta property=\"og:locale\" content=\"sk_SK\" \/>\n<meta property=\"og:type\" content=\"article\" \/>\n<meta property=\"og:title\" content=\"Pozv\u00e1nka: Detsk\u00e1 Tour Petra Sagana \u2013 hur\u00e1, za\u010d\u00edname\" \/>\n<meta property=\"og:description\" content=\"Minul\u00fd rok bola Detsk\u00e1 Tour Petra Sagana jedno z prv\u00fdch \u0161portov\u00fdch podujat\u00ed na Slovensku po uvo\u013enen\u00ed opatren\u00ed a tento rok [&hellip;]\" \/>\n<meta property=\"og:url\" content=\"https:\/\/www.welovecycling.com\/sk\/2021\/06\/03\/pozvanka-detska-tour-petra-sagana-hura-zaciname\/\" \/>\n<meta property=\"og:site_name\" content=\"\u0160koda We Love Cycling Slovensko\" \/>\n<meta property=\"article:published_time\" content=\"2021-06-03T14:00:20+00:00\" \/>\n<meta property=\"og:image\" content=\"https:\/\/d2p6e6u75xmxt8.cloudfront.net\/4\/2021\/06\/DTPS_00.webp\" \/>\n\t<meta property=\"og:image:width\" content=\"1380\" \/>\n\t<meta property=\"og:image:height\" content=\"600\" \/>\n\t<meta property=\"og:image:type\" content=\"image\/webp\" \/>\n<meta name=\"twitter:card\" content=\"summary_large_image\" \/>\n<meta name=\"twitter:label1\" content=\"Written by\" \/>\n\t<meta name=\"twitter:data1\" content=\"WeLoveCycling\" \/>\n\t<meta name=\"twitter:label2\" content=\"Est. reading time\" \/>\n\t<meta name=\"twitter:data2\" content=\"2\" \/>\n<script type=\"application\/ld+json\" class=\"yoast-schema-graph\">{\"@context\":\"https:\/\/schema.org\",\"@graph\":[{\"@type\":\"WebPage\",\"@id\":\"https:\/\/www.welovecycling.com\/sk\/2021\/06\/03\/pozvanka-detska-tour-petra-sagana-hura-zaciname\/\",\"url\":\"https:\/\/www.welovecycling.com\/sk\/2021\/06\/03\/pozvanka-detska-tour-petra-sagana-hura-zaciname\/\",\"name\":\"Pozv\u00e1nka: Detsk\u00e1 Tour Petra Sagana \u2013 hur\u00e1, za\u010d\u00edname - \u0160koda We Love Cycling Slovensko\",\"isPartOf\":{\"@id\":\"https:\/\/www.welovecycling.com\/sk\/#website\"},\"primaryImageOfPage\":{\"@id\":\"https:\/\/www.welovecycling.com\/sk\/2021\/06\/03\/pozvanka-detska-tour-petra-sagana-hura-zaciname\/#primaryimage\"},\"image\":{\"@id\":\"https:\/\/www.welovecycling.com\/sk\/2021\/06\/03\/pozvanka-detska-tour-petra-sagana-hura-zaciname\/#primaryimage\"},\"thumbnailUrl\":\"https:\/\/d2p6e6u75xmxt8.cloudfront.net\/4\/2021\/06\/DTPS_00.webp\",\"datePublished\":\"2021-06-03T14:00:20+00:00\",\"author\":{\"@id\":\"\"},\"breadcrumb\":{\"@id\":\"https:\/\/www.welovecycling.com\/sk\/2021\/06\/03\/pozvanka-detska-tour-petra-sagana-hura-zaciname\/#breadcrumb\"},\"inLanguage\":\"sk-SK\",\"potentialAction\":[{\"@type\":\"ReadAction\",\"target\":[\"https:\/\/www.welovecycling.com\/sk\/2021\/06\/03\/pozvanka-detska-tour-petra-sagana-hura-zaciname\/\"]}]},{\"@type\":\"ImageObject\",\"inLanguage\":\"sk-SK\",\"@id\":\"https:\/\/www.welovecycling.com\/sk\/2021\/06\/03\/pozvanka-detska-tour-petra-sagana-hura-zaciname\/#primaryimage\",\"url\":\"https:\/\/d2p6e6u75xmxt8.cloudfront.net\/4\/2021\/06\/DTPS_00.webp\",\"contentUrl\":\"https:\/\/d2p6e6u75xmxt8.cloudfront.net\/4\/2021\/06\/DTPS_00.webp\",\"width\":1380,\"height\":600,\"caption\":\"OLYMPUS DIGITAL CAMERA\"},{\"@type\":\"BreadcrumbList\",\"@id\":\"https:\/\/www.welovecycling.com\/sk\/2021\/06\/03\/pozvanka-detska-tour-petra-sagana-hura-zaciname\/#breadcrumb\",\"itemListElement\":[{\"@type\":\"ListItem\",\"position\":1,\"name\":\"Home\",\"item\":\"https:\/\/www.welovecycling.com\/sk\/\"},{\"@type\":\"ListItem\",\"position\":2,\"name\":\"Pozv\u00e1nka: Detsk\u00e1 Tour Petra Sagana \u2013 hur\u00e1, za\u010d\u00edname\"}]},{\"@type\":\"WebSite\",\"@id\":\"https:\/\/www.welovecycling.com\/sk\/#website\",\"url\":\"https:\/\/www.welovecycling.com\/sk\/\",\"name\":\"\u0160koda We Love Cycling Slovensko\",\"description\":\"\u0160koda We Love Cycling Slovensko je v\u00e1\u0161 ka\u017edodenn\u00fd zdroj noviniek a in\u0161pir\u00e1cie z sveta cyklistiky\",\"potentialAction\":[{\"@type\":\"SearchAction\",\"target\":{\"@type\":\"EntryPoint\",\"urlTemplate\":\"https:\/\/www.welovecycling.com\/sk\/?s={search_term_string}\"},\"query-input\":{\"@type\":\"PropertyValueSpecification\",\"valueRequired\":true,\"valueName\":\"search_term_string\"}}],\"inLanguage\":\"sk-SK\"},{\"@type\":\"Person\",\"@id\":\"\",\"url\":\"https:\/\/www.welovecycling.com\/sk\/author\/\"}]}<\/script>\n<!-- \/ Yoast SEO Premium plugin. -->","yoast_head_json":{"title":"Pozv\u00e1nka: Detsk\u00e1 Tour Petra Sagana \u2013 hur\u00e1, za\u010d\u00edname - \u0160koda We Love Cycling Slovensko","robots":{"index":"index","follow":"follow","max-snippet":"max-snippet:-1","max-image-preview":"max-image-preview:large","max-video-preview":"max-video-preview:-1"},"canonical":"https:\/\/www.welovecycling.com\/sk\/2021\/06\/03\/pozvanka-detska-tour-petra-sagana-hura-zaciname\/","og_locale":"sk_SK","og_type":"article","og_title":"Pozv\u00e1nka: Detsk\u00e1 Tour Petra Sagana \u2013 hur\u00e1, za\u010d\u00edname","og_description":"Minul\u00fd rok bola Detsk\u00e1 Tour Petra Sagana jedno z prv\u00fdch \u0161portov\u00fdch podujat\u00ed na Slovensku po uvo\u013enen\u00ed opatren\u00ed a tento rok [&hellip;]","og_url":"https:\/\/www.welovecycling.com\/sk\/2021\/06\/03\/pozvanka-detska-tour-petra-sagana-hura-zaciname\/","og_site_name":"\u0160koda We Love Cycling Slovensko","article_published_time":"2021-06-03T14:00:20+00:00","og_image":[{"width":1380,"height":600,"url":"https:\/\/d2p6e6u75xmxt8.cloudfront.net\/4\/2021\/06\/DTPS_00.webp","type":"image\/webp"}],"twitter_card":"summary_large_image","twitter_misc":{"Written by":"WeLoveCycling","Est. reading time":"2"},"schema":{"@context":"https:\/\/schema.org","@graph":[{"@type":"WebPage","@id":"https:\/\/www.welovecycling.com\/sk\/2021\/06\/03\/pozvanka-detska-tour-petra-sagana-hura-zaciname\/","url":"https:\/\/www.welovecycling.com\/sk\/2021\/06\/03\/pozvanka-detska-tour-petra-sagana-hura-zaciname\/","name":"Pozv\u00e1nka: Detsk\u00e1 Tour Petra Sagana \u2013 hur\u00e1, za\u010d\u00edname - \u0160koda We Love Cycling Slovensko","isPartOf":{"@id":"https:\/\/www.welovecycling.com\/sk\/#website"},"primaryImageOfPage":{"@id":"https:\/\/www.welovecycling.com\/sk\/2021\/06\/03\/pozvanka-detska-tour-petra-sagana-hura-zaciname\/#primaryimage"},"image":{"@id":"https:\/\/www.welovecycling.com\/sk\/2021\/06\/03\/pozvanka-detska-tour-petra-sagana-hura-zaciname\/#primaryimage"},"thumbnailUrl":"https:\/\/d2p6e6u75xmxt8.cloudfront.net\/4\/2021\/06\/DTPS_00.webp","datePublished":"2021-06-03T14:00:20+00:00","author":{"@id":""},"breadcrumb":{"@id":"https:\/\/www.welovecycling.com\/sk\/2021\/06\/03\/pozvanka-detska-tour-petra-sagana-hura-zaciname\/#breadcrumb"},"inLanguage":"sk-SK","potentialAction":[{"@type":"ReadAction","target":["https:\/\/www.welovecycling.com\/sk\/2021\/06\/03\/pozvanka-detska-tour-petra-sagana-hura-zaciname\/"]}]},{"@type":"ImageObject","inLanguage":"sk-SK","@id":"https:\/\/www.welovecycling.com\/sk\/2021\/06\/03\/pozvanka-detska-tour-petra-sagana-hura-zaciname\/#primaryimage","url":"https:\/\/d2p6e6u75xmxt8.cloudfront.net\/4\/2021\/06\/DTPS_00.webp","contentUrl":"https:\/\/d2p6e6u75xmxt8.cloudfront.net\/4\/2021\/06\/DTPS_00.webp","width":1380,"height":600,"caption":"OLYMPUS DIGITAL CAMERA"},{"@type":"BreadcrumbList","@id":"https:\/\/www.welovecycling.com\/sk\/2021\/06\/03\/pozvanka-detska-tour-petra-sagana-hura-zaciname\/#breadcrumb","itemListElement":[{"@type":"ListItem","position":1,"name":"Home","item":"https:\/\/www.welovecycling.com\/sk\/"},{"@type":"ListItem","position":2,"name":"Pozv\u00e1nka: Detsk\u00e1 Tour Petra Sagana \u2013 hur\u00e1, za\u010d\u00edname"}]},{"@type":"WebSite","@id":"https:\/\/www.welovecycling.com\/sk\/#website","url":"https:\/\/www.welovecycling.com\/sk\/","name":"\u0160koda We Love Cycling Slovensko","description":"\u0160koda We Love Cycling Slovensko je v\u00e1\u0161 ka\u017edodenn\u00fd zdroj noviniek a in\u0161pir\u00e1cie z sveta cyklistiky","potentialAction":[{"@type":"SearchAction","target":{"@type":"EntryPoint","urlTemplate":"https:\/\/www.welovecycling.com\/sk\/?s={search_term_string}"},"query-input":{"@type":"PropertyValueSpecification","valueRequired":true,"valueName":"search_term_string"}}],"inLanguage":"sk-SK"},{"@type":"Person","@id":"","url":"https:\/\/www.welovecycling.com\/sk\/author\/"}]}},"_links":{"self":[{"href":"https:\/\/www.welovecycling.com\/sk\/wp-json\/wp\/v2\/posts\/11856","targetHints":{"allow":["GET"]}}],"collection":[{"href":"https:\/\/www.welovecycling.com\/sk\/wp-json\/wp\/v2\/posts"}],"about":[{"href":"https:\/\/www.welovecycling.com\/sk\/wp-json\/wp\/v2\/types\/post"}],"author":[{"embeddable":true,"href":"https:\/\/www.welovecycling.com\/sk\/wp-json\/wp\/v2\/users\/81"}],"replies":[{"embeddable":true,"href":"https:\/\/www.welovecycling.com\/sk\/wp-json\/wp\/v2\/comments?post=11856"}],"version-history":[{"count":2,"href":"https:\/\/www.welovecycling.com\/sk\/wp-json\/wp\/v2\/posts\/11856\/revisions"}],"predecessor-version":[{"id":11871,"href":"https:\/\/www.welovecycling.com\/sk\/wp-json\/wp\/v2\/posts\/11856\/revisions\/11871"}],"wp:featuredmedia":[{"embeddable":true,"href":"https:\/\/www.welovecycling.com\/sk\/wp-json\/wp\/v2\/media\/11860"}],"wp:attachment":[{"href":"https:\/\/www.welovecycling.com\/sk\/wp-json\/wp\/v2\/media?parent=11856"}],"wp:term":[{"taxonomy":"category","embeddable":true,"href":"https:\/\/www.welovecycling.com\/sk\/wp-json\/wp\/v2\/categories?post=11856"},{"taxonomy":"post_tag","embeddable":true,"href":"https:\/\/www.welovecycling.com\/sk\/wp-json\/wp\/v2\/tags?post=11856"},{"taxonomy":"global-categories","embeddable":true,"href":"https:\/\/www.welovecycling.com\/sk\/wp-json\/wp\/v2\/global-categories?post=11856"}],"curies":[{"name":"wp","href":"https:\/\/api.w.org\/{rel}","templated":true}]}}