{"id":11848,"date":"2021-06-01T10:00:11","date_gmt":"2021-06-01T08:00:11","guid":{"rendered":"https:\/\/www.welovecycling.com\/sk\/?p=11848"},"modified":"2023-04-13T10:29:45","modified_gmt":"2023-04-13T08:29:45","slug":"pozor-padajuce-skaly-horska-cyklistika-v-tieni-vybuchujucej-sopky-etna","status":"publish","type":"post","link":"https:\/\/www.welovecycling.com\/sk\/2021\/06\/01\/pozor-padajuce-skaly-horska-cyklistika-v-tieni-vybuchujucej-sopky-etna\/","title":{"rendered":"Pozor, padaj\u00face skaly! Horsk\u00e1 cyklistika v tieni vybuchuj\u00facej sopky Etna"},"content":{"rendered":"<p><strong>Etna sa nach\u00e1dza na Sic\u00edlii a je jednou z najakt\u00edvnej\u0161\u00edch sopiek na svete. V\u010faka neust\u00e1lej sope\u010dnej \u010dinnosti sa v\u00fd\u0161ka jej vrcholu, s v\u00fd\u0161kou 3 300 metrov, neust\u00e1le men\u00ed. Zn\u00e1ma sic\u00edlska sopka sa rozprestiera na ploche 1 200 m2 a m\u00e1 obvod 140 km. Starousadl\u00edci zo Sant Alfio, Mila a Zafferany by v\u00e1m mohli rozpr\u00e1va\u0165 dlh\u00e9 pr\u00edbehy o \u017eivote pod Etnou, kde po\u010das silnej\u0161\u00edch erupci\u00ed pokryje ka\u017ed\u00fd meter \u0161tvorcov\u00fd \u0161es\u0165 kilogramov sope\u010dn\u00e9ho prachu.<\/strong><\/p>\n<p><!--more--><\/p>\n<p>Niet divu, \u017ee ka\u017ed\u00e1 \u017eena, ktor\u00e1 \u017eije v tieni sopky, m\u00e1 v\u00e4\u010d\u0161inu \u010dasu v ruk\u00e1ch metlu a odstra\u0148uje usadeniny \u010dierneho prachu pred domom. Mu\u017ei maj\u00fa naopak na starosti strechy. Odkvapy odv\u00e1dzaj\u00face da\u017e\u010fov\u00fa vodu zo striech s\u00fa tu \u00faplne zbyto\u010dn\u00e9. Tu musia ma\u0165 bet\u00f3nov\u00fd \u017e\u013eab na \u0161\u00edrku ve\u013ekej metly, ktor\u00fd im umo\u017en\u00ed zameta\u0165 prach priamo na ulicu. \u010cierny popol ukladaj\u00fa pred domy v obrovsk\u00fdch prepravn\u00fdch vreciach na skl\u00e1dku za mestom.<\/p>\n<div id='gallery-1' class='gallery galleryid-11848 gallery-columns-2 gallery-size-large'><figure class='gallery-item'>\n\t\t\t<div class='gallery-icon landscape'>\n\t\t\t\t<a href='https:\/\/d2p6e6u75xmxt8.cloudfront.net\/4\/2021\/05\/S3_0129.webp'><img loading=\"lazy\" decoding=\"async\" width=\"1024\" height=\"684\" src=\"https:\/\/d2p6e6u75xmxt8.cloudfront.net\/4\/2021\/05\/S3_0129-1024x684.webp\" class=\"attachment-large size-large\" alt=\"\" srcset=\"https:\/\/d2p6e6u75xmxt8.cloudfront.net\/4\/2021\/05\/S3_0129-1024x684.webp 1024w, https:\/\/d2p6e6u75xmxt8.cloudfront.net\/4\/2021\/05\/S3_0129-300x200.webp 300w, https:\/\/d2p6e6u75xmxt8.cloudfront.net\/4\/2021\/05\/S3_0129-768x513.webp 768w, https:\/\/d2p6e6u75xmxt8.cloudfront.net\/4\/2021\/05\/S3_0129-272x182.webp 272w, https:\/\/d2p6e6u75xmxt8.cloudfront.net\/4\/2021\/05\/S3_0129.webp 1110w\" sizes=\"auto, (max-width: 1024px) 100vw, 1024px\" \/><\/a>\n\t\t\t<\/div><\/figure><figure class='gallery-item'>\n\t\t\t<div class='gallery-icon landscape'>\n\t\t\t\t<a href='https:\/\/d2p6e6u75xmxt8.cloudfront.net\/4\/2021\/05\/S3_0795.webp'><img loading=\"lazy\" decoding=\"async\" width=\"1024\" height=\"682\" src=\"https:\/\/d2p6e6u75xmxt8.cloudfront.net\/4\/2021\/05\/S3_0795-1024x682.webp\" class=\"attachment-large size-large\" alt=\"\" srcset=\"https:\/\/d2p6e6u75xmxt8.cloudfront.net\/4\/2021\/05\/S3_0795-1024x682.webp 1024w, https:\/\/d2p6e6u75xmxt8.cloudfront.net\/4\/2021\/05\/S3_0795-300x200.webp 300w, https:\/\/d2p6e6u75xmxt8.cloudfront.net\/4\/2021\/05\/S3_0795-768x512.webp 768w, https:\/\/d2p6e6u75xmxt8.cloudfront.net\/4\/2021\/05\/S3_0795-272x182.webp 272w, https:\/\/d2p6e6u75xmxt8.cloudfront.net\/4\/2021\/05\/S3_0795.webp 1063w\" sizes=\"auto, (max-width: 1024px) 100vw, 1024px\" \/><\/a>\n\t\t\t<\/div><\/figure>\n\t\t<\/div>\n\n<p>N\u00e1\u0161 sic\u00edlsky priate\u013e Giuseppe Coco vlastn\u00ed penzi\u00f3n v meste Zafferana. Okrem odstra\u0148ovania takzvan\u00e9ho \u010dierneho snehu z miestnych komunik\u00e1ci\u00ed sa star\u00e1 o klientov, ktor\u00ed sopku nav\u0161tevuj\u00fa z cel\u00e9ho sveta.<\/p>\n<p>Kto sa chce pribl\u00ed\u017ei\u0165 ku kr\u00e1teru a u\u017ei\u0165 si dobrodru\u017estvo na horsk\u00fdch bicykloch na Etne, <strong>mal by dodr\u017eiava\u0165 jasne definovan\u00e9 pravidl\u00e1 a na cestu si naja\u0165 sprievodcu<\/strong>. Iba miestni sprievodcovia v\u00e1m m\u00f4\u017eu poskytn\u00fa\u0165 aktu\u00e1lne inform\u00e1cie o ka\u017edej nasleduj\u00facej erupcii.<\/p>\n<p>Berieme do \u00favahy pr\u00e1vne a bezpe\u010dnostn\u00e9 ustanovenia pre na\u0161u cyklistick\u00fa v\u00fdpravu a vopred oznamujeme na\u0161e pl\u00e1ny na cykloturistiku. S\u00fahlas\u00edme tie\u017e s t\u00fdm, \u017ee zostaneme v kontakte s Giuseppeom pre pr\u00edpad, \u017ee by n\u00e1s potreboval kontaktova\u0165 s inform\u00e1ciami o ak\u00fdchko\u013evek nebezpe\u010dn\u00fdch zmen\u00e1ch stavu sopky.<\/p>\n<div id='gallery-2' class='gallery galleryid-11848 gallery-columns-2 gallery-size-large'><figure class='gallery-item'>\n\t\t\t<div class='gallery-icon landscape'>\n\t\t\t\t<a href='https:\/\/d2p6e6u75xmxt8.cloudfront.net\/4\/2021\/05\/S3_0750.webp'><img loading=\"lazy\" decoding=\"async\" width=\"1024\" height=\"683\" src=\"https:\/\/d2p6e6u75xmxt8.cloudfront.net\/4\/2021\/05\/S3_0750-1024x683.webp\" class=\"attachment-large size-large\" alt=\"mtb\" srcset=\"https:\/\/d2p6e6u75xmxt8.cloudfront.net\/4\/2021\/05\/S3_0750-1024x683.webp 1024w, https:\/\/d2p6e6u75xmxt8.cloudfront.net\/4\/2021\/05\/S3_0750-300x200.webp 300w, https:\/\/d2p6e6u75xmxt8.cloudfront.net\/4\/2021\/05\/S3_0750-768x512.webp 768w, https:\/\/d2p6e6u75xmxt8.cloudfront.net\/4\/2021\/05\/S3_0750-272x182.webp 272w, https:\/\/d2p6e6u75xmxt8.cloudfront.net\/4\/2021\/05\/S3_0750.webp 1081w\" sizes=\"auto, (max-width: 1024px) 100vw, 1024px\" \/><\/a>\n\t\t\t<\/div><\/figure><figure class='gallery-item'>\n\t\t\t<div class='gallery-icon landscape'>\n\t\t\t\t<a href='https:\/\/d2p6e6u75xmxt8.cloudfront.net\/4\/2021\/05\/VII_1212.webp'><img loading=\"lazy\" decoding=\"async\" width=\"1024\" height=\"683\" src=\"https:\/\/d2p6e6u75xmxt8.cloudfront.net\/4\/2021\/05\/VII_1212-1024x683.webp\" class=\"attachment-large size-large\" alt=\"etna\" srcset=\"https:\/\/d2p6e6u75xmxt8.cloudfront.net\/4\/2021\/05\/VII_1212-1024x683.webp 1024w, https:\/\/d2p6e6u75xmxt8.cloudfront.net\/4\/2021\/05\/VII_1212-300x200.webp 300w, https:\/\/d2p6e6u75xmxt8.cloudfront.net\/4\/2021\/05\/VII_1212-768x512.webp 768w, https:\/\/d2p6e6u75xmxt8.cloudfront.net\/4\/2021\/05\/VII_1212-1536x1024.webp 1536w, https:\/\/d2p6e6u75xmxt8.cloudfront.net\/4\/2021\/05\/VII_1212-272x182.webp 272w, https:\/\/d2p6e6u75xmxt8.cloudfront.net\/4\/2021\/05\/VII_1212.webp 1800w\" sizes=\"auto, (max-width: 1024px) 100vw, 1024px\" \/><\/a>\n\t\t\t<\/div><\/figure>\n\t\t<\/div>\n\n<p>Pri dob\u00fdvan\u00ed kr\u00e1terov, vr\u00e1tane Cerniera di Fuoco 2002, ktor\u00fd je najvy\u0161\u0161\u00ed, sme uviaznut\u00ed v silnej vlne erupci\u00ed sp\u00f4sobenej Etnou, ktor\u00e1 trv\u00e1 nieko\u013eko hod\u00edn.<strong> Pozorovanie sily a smeru vetra je z\u00e1sadn\u00e9, preto\u017ee by mohlo nazna\u010dova\u0165, kde a ako by na na\u0161e hlavy mohli prist\u00e1\u0165 ve\u013ek\u00e9 kamene zo sopky.<\/strong> Po zotmen\u00ed vytv\u00e1ra svetlo z vybuchuj\u00facej Etny n\u00e1dhern\u00fa sc\u00e9nu. Ale zost\u00e1vame v strehu, pripraven\u00ed v pr\u00edpade potreby oblas\u0165 opusti\u0165.<\/p>\n<p>Ke\u010f z neba za\u010dn\u00fa pada\u0165 k\u00fasky kame\u0148ov ve\u013ekosti hr\u00e1\u0161ku, uvedomujeme si, \u017ee nie je \u010das str\u00e1ca\u0165 \u010das. \u010co najr\u00fdchlej\u0161ie pobalen\u00ed op\u00fa\u0161\u0165ame svoje poz\u00edcie a pam\u00e4t\u00e1me na pravidlo, \u017ee po hr\u00e1\u0161ku by \u010doskoro mohli nasledova\u0165 skaly ve\u013ekosti sliviek a jab\u013ak.<\/p>\n<div id='gallery-3' class='gallery galleryid-11848 gallery-columns-2 gallery-size-large'><figure class='gallery-item'>\n\t\t\t<div class='gallery-icon landscape'>\n\t\t\t\t<a href='https:\/\/d2p6e6u75xmxt8.cloudfront.net\/4\/2021\/05\/S2_0870.webp'><img loading=\"lazy\" decoding=\"async\" width=\"1024\" height=\"576\" src=\"https:\/\/d2p6e6u75xmxt8.cloudfront.net\/4\/2021\/05\/S2_0870-1024x576.webp\" class=\"attachment-large size-large\" alt=\"sopka\" srcset=\"https:\/\/d2p6e6u75xmxt8.cloudfront.net\/4\/2021\/05\/S2_0870-1024x576.webp 1024w, https:\/\/d2p6e6u75xmxt8.cloudfront.net\/4\/2021\/05\/S2_0870-300x169.webp 300w, https:\/\/d2p6e6u75xmxt8.cloudfront.net\/4\/2021\/05\/S2_0870-768x432.webp 768w, https:\/\/d2p6e6u75xmxt8.cloudfront.net\/4\/2021\/05\/S2_0870-1536x864.webp 1536w, https:\/\/d2p6e6u75xmxt8.cloudfront.net\/4\/2021\/05\/S2_0870.webp 1800w\" sizes=\"auto, (max-width: 1024px) 100vw, 1024px\" \/><\/a>\n\t\t\t<\/div><\/figure><figure class='gallery-item'>\n\t\t\t<div class='gallery-icon landscape'>\n\t\t\t\t<a href='https:\/\/d2p6e6u75xmxt8.cloudfront.net\/4\/2021\/05\/gss.webp'><img loading=\"lazy\" decoding=\"async\" width=\"1024\" height=\"676\" src=\"https:\/\/d2p6e6u75xmxt8.cloudfront.net\/4\/2021\/05\/gss-1024x676.webp\" class=\"attachment-large size-large\" alt=\"horsk\u00e1 cyklistika\" srcset=\"https:\/\/d2p6e6u75xmxt8.cloudfront.net\/4\/2021\/05\/gss-1024x676.webp 1024w, https:\/\/d2p6e6u75xmxt8.cloudfront.net\/4\/2021\/05\/gss-300x198.webp 300w, https:\/\/d2p6e6u75xmxt8.cloudfront.net\/4\/2021\/05\/gss-768x507.webp 768w, https:\/\/d2p6e6u75xmxt8.cloudfront.net\/4\/2021\/05\/gss.webp 1039w\" sizes=\"auto, (max-width: 1024px) 100vw, 1024px\" \/><\/a>\n\t\t\t<\/div><\/figure>\n\t\t<\/div>\n\n<p>Po nieko\u013ek\u00fdch no\u010dn\u00fdch evaku\u00e1ci\u00e1ch sme tr\u00e9novan\u00ed, na to aby sme na\u0161li osved\u010den\u00e9 bezpe\u010dn\u00e9 miesto v lese dos\u0165 \u010faleko od padaj\u00facich sk\u00e1l. Aj v meste Zafferana po\u010das v\u00fdbuchov rachot\u00ed sklo dver\u00ed a okien a ka\u017ed\u00e1 \u017eiv\u00e1 bytos\u0165 v okol\u00ed Etny, vr\u00e1tane vt\u00e1kov ut\u00edcha. Na\u0161\u0165astie sme nieko\u013ekokr\u00e1t unikli s \u010diernymi prilbami a taktie\u017e s \u010diernou strechou.<\/p>\n<p>Ak\u00fd je to pocit jazdi\u0165 v sope\u010dnom popole? Je to celkom podobn\u00e9 ako pri freeride v \u010derstvom pra\u0161ane. Popol sa v\u0161ak neroztop\u00ed, ale zmen\u00ed sa na siv\u00fa pastu, ktor\u00e1 opotrebuje r\u00e1m aj komponenty bicykla. Sope\u010dn\u00e9 bahno opotrebov\u00e1va najm\u00e4 beh\u00fane pneumat\u00edk, ktor\u00e9 je potrebn\u00e9 vymeni\u0165 u\u017e po nieko\u013ek\u00fdch jazd\u00e1ch.<\/p>\n<div id='gallery-4' class='gallery galleryid-11848 gallery-columns-3 gallery-size-large'><figure class='gallery-item'>\n\t\t\t<div class='gallery-icon landscape'>\n\t\t\t\t<a href='https:\/\/d2p6e6u75xmxt8.cloudfront.net\/4\/2021\/05\/VII_0710.webp'><img loading=\"lazy\" decoding=\"async\" width=\"1024\" height=\"683\" src=\"https:\/\/d2p6e6u75xmxt8.cloudfront.net\/4\/2021\/05\/VII_0710.webp\" class=\"attachment-large size-large\" alt=\"sopka\" srcset=\"https:\/\/d2p6e6u75xmxt8.cloudfront.net\/4\/2021\/05\/VII_0710.webp 1024w, https:\/\/d2p6e6u75xmxt8.cloudfront.net\/4\/2021\/05\/VII_0710-300x200.webp 300w, https:\/\/d2p6e6u75xmxt8.cloudfront.net\/4\/2021\/05\/VII_0710-768x512.webp 768w, https:\/\/d2p6e6u75xmxt8.cloudfront.net\/4\/2021\/05\/VII_0710-272x182.webp 272w\" sizes=\"auto, (max-width: 1024px) 100vw, 1024px\" \/><\/a>\n\t\t\t<\/div><\/figure><figure class='gallery-item'>\n\t\t\t<div class='gallery-icon landscape'>\n\t\t\t\t<a href='https:\/\/d2p6e6u75xmxt8.cloudfront.net\/4\/2021\/05\/VII_0365.webp'><img loading=\"lazy\" decoding=\"async\" width=\"1024\" height=\"683\" src=\"https:\/\/d2p6e6u75xmxt8.cloudfront.net\/4\/2021\/05\/VII_0365-1024x683.webp\" class=\"attachment-large size-large\" alt=\"mtb\" srcset=\"https:\/\/d2p6e6u75xmxt8.cloudfront.net\/4\/2021\/05\/VII_0365-1024x683.webp 1024w, https:\/\/d2p6e6u75xmxt8.cloudfront.net\/4\/2021\/05\/VII_0365-300x200.webp 300w, https:\/\/d2p6e6u75xmxt8.cloudfront.net\/4\/2021\/05\/VII_0365-768x512.webp 768w, https:\/\/d2p6e6u75xmxt8.cloudfront.net\/4\/2021\/05\/VII_0365-272x182.webp 272w, https:\/\/d2p6e6u75xmxt8.cloudfront.net\/4\/2021\/05\/VII_0365.webp 1330w\" sizes=\"auto, (max-width: 1024px) 100vw, 1024px\" \/><\/a>\n\t\t\t<\/div><\/figure><figure class='gallery-item'>\n\t\t\t<div class='gallery-icon landscape'>\n\t\t\t\t<a href='https:\/\/d2p6e6u75xmxt8.cloudfront.net\/4\/2021\/05\/s7_0045.webp'><img loading=\"lazy\" decoding=\"async\" width=\"1024\" height=\"683\" src=\"https:\/\/d2p6e6u75xmxt8.cloudfront.net\/4\/2021\/05\/s7_0045-1024x683.webp\" class=\"attachment-large size-large\" alt=\"\" srcset=\"https:\/\/d2p6e6u75xmxt8.cloudfront.net\/4\/2021\/05\/s7_0045-1024x683.webp 1024w, https:\/\/d2p6e6u75xmxt8.cloudfront.net\/4\/2021\/05\/s7_0045-300x200.webp 300w, https:\/\/d2p6e6u75xmxt8.cloudfront.net\/4\/2021\/05\/s7_0045-768x512.webp 768w, https:\/\/d2p6e6u75xmxt8.cloudfront.net\/4\/2021\/05\/s7_0045-272x182.webp 272w, https:\/\/d2p6e6u75xmxt8.cloudfront.net\/4\/2021\/05\/s7_0045.webp 1129w\" sizes=\"auto, (max-width: 1024px) 100vw, 1024px\" \/><\/a>\n\t\t\t<\/div><\/figure>\n\t\t<\/div>\n\n<p>Je obzvl\u00e1\u0161\u0165 \u0165a\u017ek\u00e9 \u0161lapa\u0165 alebo dokonca tla\u010di\u0165 bicykel do kopca v popole. Na druhej strane pri zjazde z kopca maj\u00fa koles\u00e1 zvyk ponori\u0165 sa hlboko do prachu, \u010do rob\u00ed riadenie mimoriadne nepredv\u00eddate\u013en\u00fdm. Ke\u010f st\u00fapame a nadmorsk\u00e1 v\u00fd\u0161ka st\u00fapa, objavuje sa viac snehu so silnou \u010diernou vrstvou prachu na vrchu. Ke\u010f sa sneh top\u00ed, pretek\u00e1 l\u00e1vov\u00fdmi kame\u0148mi, ktor\u00e9 ho filtruj\u00fa a \u010distia. Sm\u00e4dn\u00fd ako \u0165ava si neust\u00e1le dolievam f\u013ea\u0161u s vodou, aby som zostal cel\u00fd de\u0148 svie\u017ei a na strm\u00fdch \u010diernych svahoch absolvoval minim\u00e1lne tri kol\u00e1.<\/p>\n<p>\u010c\u00edm je horsk\u00e1 cyklistika na Etne \u0161peci\u00e1lna? Neust\u00e1le sa meniaci ter\u00e9n sopky je takmer dokonal\u00fd pre neobmedzen\u00fd freeriding. A nielen to. <strong>Oblas\u0165 je ide\u00e1lna aj pre dlh\u00e9 jazdy po \u0161trku a ak\u00e9ko\u013evek in\u00e9 druhy cyklistiky.<\/strong> Pulz sopky m\u00e1 priamy vplyv na \u017eivot v\u0161ade okolo a taktie\u017e na cyklistov. Miestni si na to zvykli a \u017eij\u00fa v tomto rytme tis\u00edce rokov. Pokia\u013e sa nau\u010d\u00edte zvl\u00e1da\u0165 potrebu \u00fateku pre pr\u00edpad, \u017ee by sa sopka prebudila, za\u017eijete jednu z najkraj\u0161\u00edch j\u00e1zd v\u00e1\u0161ho \u017eivota. Etnu sa ur\u010dite oplat\u00ed nav\u0161t\u00edvi\u0165 aspo\u0148 na p\u00e1r dn\u00ed.<\/p>\n","protected":false},"excerpt":{"rendered":"<p>Etna sa nach\u00e1dza na Sic\u00edlii a je jednou z najakt\u00edvnej\u0161\u00edch sopiek na svete. V\u010faka neust\u00e1lej sope\u010dnej \u010dinnosti sa v\u00fd\u0161ka jej [&hellip;]<\/p>\n","protected":false},"author":172,"featured_media":11849,"comment_status":"open","ping_status":"open","sticky":false,"template":"","format":"standard","meta":{"footnotes":""},"categories":[3],"tags":[441,180,1191,412,850,852,419,1355],"global-categories":[],"class_list":["post-11848","post","type-post","status-publish","format-standard","has-post-thumbnail","hentry","category-mtb","tag-etna","tag-horska-cyklistika","tag-jazda","tag-mtb","tag-sicilia","tag-sopka","tag-taliansko","tag-zafferana"],"yoast_head":"<!-- This site is optimized with the Yoast SEO Premium plugin v25.3 (Yoast SEO v25.9) - https:\/\/yoast.com\/wordpress\/plugins\/seo\/ -->\n<title>Pozor, padaj\u00face skaly! Horsk\u00e1 cyklistika v tieni vybuchuj\u00facej sopky Etna<\/title>\n<meta name=\"description\" content=\"Etna je jednou z najakt\u00edvnej\u0161\u00edch sopiek na svete. V\u010faka neust\u00e1lej sope\u010dnej \u010dinnosti sa v\u00fd\u0161ka jej vrcholu neust\u00e1le men\u00ed.\" \/>\n<meta name=\"robots\" content=\"index, follow, max-snippet:-1, max-image-preview:large, max-video-preview:-1\" \/>\n<link rel=\"canonical\" href=\"https:\/\/www.welovecycling.com\/sk\/2021\/06\/01\/pozor-padajuce-skaly-horska-cyklistika-v-tieni-vybuchujucej-sopky-etna\/\" \/>\n<meta property=\"og:locale\" content=\"sk_SK\" \/>\n<meta property=\"og:type\" content=\"article\" \/>\n<meta property=\"og:title\" content=\"Pozor, padaj\u00face skaly! Horsk\u00e1 cyklistika v tieni vybuchuj\u00facej sopky Etna\" \/>\n<meta property=\"og:description\" content=\"Etna je jednou z najakt\u00edvnej\u0161\u00edch sopiek na svete. V\u010faka neust\u00e1lej sope\u010dnej \u010dinnosti sa v\u00fd\u0161ka jej vrcholu neust\u00e1le men\u00ed.\" \/>\n<meta property=\"og:url\" content=\"https:\/\/www.welovecycling.com\/sk\/2021\/06\/01\/pozor-padajuce-skaly-horska-cyklistika-v-tieni-vybuchujucej-sopky-etna\/\" \/>\n<meta property=\"og:site_name\" content=\"\u0160koda We Love Cycling Slovensko\" \/>\n<meta property=\"article:published_time\" content=\"2021-06-01T08:00:11+00:00\" \/>\n<meta property=\"article:modified_time\" content=\"2023-04-13T08:29:45+00:00\" \/>\n<meta property=\"og:image\" content=\"https:\/\/d2p6e6u75xmxt8.cloudfront.net\/4\/2021\/05\/Cycling-on-Etna-CVR.webp\" \/>\n\t<meta property=\"og:image:width\" content=\"1366\" \/>\n\t<meta property=\"og:image:height\" content=\"600\" \/>\n\t<meta property=\"og:image:type\" content=\"image\/webp\" \/>\n<meta name=\"author\" content=\"dominika\" \/>\n<meta name=\"twitter:card\" content=\"summary_large_image\" \/>\n<meta name=\"twitter:label1\" content=\"Written by\" \/>\n\t<meta name=\"twitter:data1\" content=\"Adam Marsal\" \/>\n\t<meta name=\"twitter:label2\" content=\"Est. reading time\" \/>\n\t<meta name=\"twitter:data2\" content=\"6\" \/>\n<script type=\"application\/ld+json\" class=\"yoast-schema-graph\">{\"@context\":\"https:\/\/schema.org\",\"@graph\":[{\"@type\":\"WebPage\",\"@id\":\"https:\/\/www.welovecycling.com\/sk\/2021\/06\/01\/pozor-padajuce-skaly-horska-cyklistika-v-tieni-vybuchujucej-sopky-etna\/\",\"url\":\"https:\/\/www.welovecycling.com\/sk\/2021\/06\/01\/pozor-padajuce-skaly-horska-cyklistika-v-tieni-vybuchujucej-sopky-etna\/\",\"name\":\"Pozor, padaj\u00face skaly! Horsk\u00e1 cyklistika v tieni vybuchuj\u00facej sopky Etna\",\"isPartOf\":{\"@id\":\"https:\/\/www.welovecycling.com\/sk\/#website\"},\"primaryImageOfPage\":{\"@id\":\"https:\/\/www.welovecycling.com\/sk\/2021\/06\/01\/pozor-padajuce-skaly-horska-cyklistika-v-tieni-vybuchujucej-sopky-etna\/#primaryimage\"},\"image\":{\"@id\":\"https:\/\/www.welovecycling.com\/sk\/2021\/06\/01\/pozor-padajuce-skaly-horska-cyklistika-v-tieni-vybuchujucej-sopky-etna\/#primaryimage\"},\"thumbnailUrl\":\"https:\/\/d2p6e6u75xmxt8.cloudfront.net\/4\/2021\/05\/Cycling-on-Etna-CVR.webp\",\"datePublished\":\"2021-06-01T08:00:11+00:00\",\"dateModified\":\"2023-04-13T08:29:45+00:00\",\"author\":{\"@id\":\"https:\/\/www.welovecycling.com\/sk\/#\/schema\/person\/533b62b98b6c41bd5135ebfb1f742624\"},\"description\":\"Etna je jednou z najakt\u00edvnej\u0161\u00edch sopiek na svete. V\u010faka neust\u00e1lej sope\u010dnej \u010dinnosti sa v\u00fd\u0161ka jej vrcholu neust\u00e1le men\u00ed.\",\"breadcrumb\":{\"@id\":\"https:\/\/www.welovecycling.com\/sk\/2021\/06\/01\/pozor-padajuce-skaly-horska-cyklistika-v-tieni-vybuchujucej-sopky-etna\/#breadcrumb\"},\"inLanguage\":\"sk-SK\",\"potentialAction\":[{\"@type\":\"ReadAction\",\"target\":[\"https:\/\/www.welovecycling.com\/sk\/2021\/06\/01\/pozor-padajuce-skaly-horska-cyklistika-v-tieni-vybuchujucej-sopky-etna\/\"]}]},{\"@type\":\"ImageObject\",\"inLanguage\":\"sk-SK\",\"@id\":\"https:\/\/www.welovecycling.com\/sk\/2021\/06\/01\/pozor-padajuce-skaly-horska-cyklistika-v-tieni-vybuchujucej-sopky-etna\/#primaryimage\",\"url\":\"https:\/\/d2p6e6u75xmxt8.cloudfront.net\/4\/2021\/05\/Cycling-on-Etna-CVR.webp\",\"contentUrl\":\"https:\/\/d2p6e6u75xmxt8.cloudfront.net\/4\/2021\/05\/Cycling-on-Etna-CVR.webp\",\"width\":1366,\"height\":600},{\"@type\":\"BreadcrumbList\",\"@id\":\"https:\/\/www.welovecycling.com\/sk\/2021\/06\/01\/pozor-padajuce-skaly-horska-cyklistika-v-tieni-vybuchujucej-sopky-etna\/#breadcrumb\",\"itemListElement\":[{\"@type\":\"ListItem\",\"position\":1,\"name\":\"Home\",\"item\":\"https:\/\/www.welovecycling.com\/sk\/\"},{\"@type\":\"ListItem\",\"position\":2,\"name\":\"Pozor, padaj\u00face skaly! Horsk\u00e1 cyklistika v tieni vybuchuj\u00facej sopky Etna\"}]},{\"@type\":\"WebSite\",\"@id\":\"https:\/\/www.welovecycling.com\/sk\/#website\",\"url\":\"https:\/\/www.welovecycling.com\/sk\/\",\"name\":\"\u0160koda We Love Cycling Slovensko\",\"description\":\"\u0160koda We Love Cycling Slovensko je v\u00e1\u0161 ka\u017edodenn\u00fd zdroj noviniek a in\u0161pir\u00e1cie z sveta cyklistiky\",\"potentialAction\":[{\"@type\":\"SearchAction\",\"target\":{\"@type\":\"EntryPoint\",\"urlTemplate\":\"https:\/\/www.welovecycling.com\/sk\/?s={search_term_string}\"},\"query-input\":{\"@type\":\"PropertyValueSpecification\",\"valueRequired\":true,\"valueName\":\"search_term_string\"}}],\"inLanguage\":\"sk-SK\"},{\"@type\":\"Person\",\"@id\":\"https:\/\/www.welovecycling.com\/sk\/#\/schema\/person\/533b62b98b6c41bd5135ebfb1f742624\",\"name\":\"dominika\",\"image\":{\"@type\":\"ImageObject\",\"inLanguage\":\"sk-SK\",\"@id\":\"https:\/\/www.welovecycling.com\/sk\/#\/schema\/person\/image\/\",\"url\":\"https:\/\/secure.gravatar.com\/avatar\/ded6f274ba2ec3e17fff153f7d9d96a4b33c2cb63907f75d9a5309c599a7f3e6?s=96&d=mm&r=g\",\"contentUrl\":\"https:\/\/secure.gravatar.com\/avatar\/ded6f274ba2ec3e17fff153f7d9d96a4b33c2cb63907f75d9a5309c599a7f3e6?s=96&d=mm&r=g\",\"caption\":\"dominika\"},\"url\":\"https:\/\/www.welovecycling.com\/sk\/author\/dominika\/\"}]}<\/script>\n<!-- \/ Yoast SEO Premium plugin. -->","yoast_head_json":{"title":"Pozor, padaj\u00face skaly! Horsk\u00e1 cyklistika v tieni vybuchuj\u00facej sopky Etna","description":"Etna je jednou z najakt\u00edvnej\u0161\u00edch sopiek na svete. V\u010faka neust\u00e1lej sope\u010dnej \u010dinnosti sa v\u00fd\u0161ka jej vrcholu neust\u00e1le men\u00ed.","robots":{"index":"index","follow":"follow","max-snippet":"max-snippet:-1","max-image-preview":"max-image-preview:large","max-video-preview":"max-video-preview:-1"},"canonical":"https:\/\/www.welovecycling.com\/sk\/2021\/06\/01\/pozor-padajuce-skaly-horska-cyklistika-v-tieni-vybuchujucej-sopky-etna\/","og_locale":"sk_SK","og_type":"article","og_title":"Pozor, padaj\u00face skaly! Horsk\u00e1 cyklistika v tieni vybuchuj\u00facej sopky Etna","og_description":"Etna je jednou z najakt\u00edvnej\u0161\u00edch sopiek na svete. V\u010faka neust\u00e1lej sope\u010dnej \u010dinnosti sa v\u00fd\u0161ka jej vrcholu neust\u00e1le men\u00ed.","og_url":"https:\/\/www.welovecycling.com\/sk\/2021\/06\/01\/pozor-padajuce-skaly-horska-cyklistika-v-tieni-vybuchujucej-sopky-etna\/","og_site_name":"\u0160koda We Love Cycling Slovensko","article_published_time":"2021-06-01T08:00:11+00:00","article_modified_time":"2023-04-13T08:29:45+00:00","og_image":[{"width":1366,"height":600,"url":"https:\/\/d2p6e6u75xmxt8.cloudfront.net\/4\/2021\/05\/Cycling-on-Etna-CVR.webp","type":"image\/webp"}],"author":"dominika","twitter_card":"summary_large_image","twitter_misc":{"Written by":"Adam Marsal","Est. reading time":"6"},"schema":{"@context":"https:\/\/schema.org","@graph":[{"@type":"WebPage","@id":"https:\/\/www.welovecycling.com\/sk\/2021\/06\/01\/pozor-padajuce-skaly-horska-cyklistika-v-tieni-vybuchujucej-sopky-etna\/","url":"https:\/\/www.welovecycling.com\/sk\/2021\/06\/01\/pozor-padajuce-skaly-horska-cyklistika-v-tieni-vybuchujucej-sopky-etna\/","name":"Pozor, padaj\u00face skaly! Horsk\u00e1 cyklistika v tieni vybuchuj\u00facej sopky Etna","isPartOf":{"@id":"https:\/\/www.welovecycling.com\/sk\/#website"},"primaryImageOfPage":{"@id":"https:\/\/www.welovecycling.com\/sk\/2021\/06\/01\/pozor-padajuce-skaly-horska-cyklistika-v-tieni-vybuchujucej-sopky-etna\/#primaryimage"},"image":{"@id":"https:\/\/www.welovecycling.com\/sk\/2021\/06\/01\/pozor-padajuce-skaly-horska-cyklistika-v-tieni-vybuchujucej-sopky-etna\/#primaryimage"},"thumbnailUrl":"https:\/\/d2p6e6u75xmxt8.cloudfront.net\/4\/2021\/05\/Cycling-on-Etna-CVR.webp","datePublished":"2021-06-01T08:00:11+00:00","dateModified":"2023-04-13T08:29:45+00:00","author":{"@id":"https:\/\/www.welovecycling.com\/sk\/#\/schema\/person\/533b62b98b6c41bd5135ebfb1f742624"},"description":"Etna je jednou z najakt\u00edvnej\u0161\u00edch sopiek na svete. V\u010faka neust\u00e1lej sope\u010dnej \u010dinnosti sa v\u00fd\u0161ka jej vrcholu neust\u00e1le men\u00ed.","breadcrumb":{"@id":"https:\/\/www.welovecycling.com\/sk\/2021\/06\/01\/pozor-padajuce-skaly-horska-cyklistika-v-tieni-vybuchujucej-sopky-etna\/#breadcrumb"},"inLanguage":"sk-SK","potentialAction":[{"@type":"ReadAction","target":["https:\/\/www.welovecycling.com\/sk\/2021\/06\/01\/pozor-padajuce-skaly-horska-cyklistika-v-tieni-vybuchujucej-sopky-etna\/"]}]},{"@type":"ImageObject","inLanguage":"sk-SK","@id":"https:\/\/www.welovecycling.com\/sk\/2021\/06\/01\/pozor-padajuce-skaly-horska-cyklistika-v-tieni-vybuchujucej-sopky-etna\/#primaryimage","url":"https:\/\/d2p6e6u75xmxt8.cloudfront.net\/4\/2021\/05\/Cycling-on-Etna-CVR.webp","contentUrl":"https:\/\/d2p6e6u75xmxt8.cloudfront.net\/4\/2021\/05\/Cycling-on-Etna-CVR.webp","width":1366,"height":600},{"@type":"BreadcrumbList","@id":"https:\/\/www.welovecycling.com\/sk\/2021\/06\/01\/pozor-padajuce-skaly-horska-cyklistika-v-tieni-vybuchujucej-sopky-etna\/#breadcrumb","itemListElement":[{"@type":"ListItem","position":1,"name":"Home","item":"https:\/\/www.welovecycling.com\/sk\/"},{"@type":"ListItem","position":2,"name":"Pozor, padaj\u00face skaly! Horsk\u00e1 cyklistika v tieni vybuchuj\u00facej sopky Etna"}]},{"@type":"WebSite","@id":"https:\/\/www.welovecycling.com\/sk\/#website","url":"https:\/\/www.welovecycling.com\/sk\/","name":"\u0160koda We Love Cycling Slovensko","description":"\u0160koda We Love Cycling Slovensko je v\u00e1\u0161 ka\u017edodenn\u00fd zdroj noviniek a in\u0161pir\u00e1cie z sveta cyklistiky","potentialAction":[{"@type":"SearchAction","target":{"@type":"EntryPoint","urlTemplate":"https:\/\/www.welovecycling.com\/sk\/?s={search_term_string}"},"query-input":{"@type":"PropertyValueSpecification","valueRequired":true,"valueName":"search_term_string"}}],"inLanguage":"sk-SK"},{"@type":"Person","@id":"https:\/\/www.welovecycling.com\/sk\/#\/schema\/person\/533b62b98b6c41bd5135ebfb1f742624","name":"dominika","image":{"@type":"ImageObject","inLanguage":"sk-SK","@id":"https:\/\/www.welovecycling.com\/sk\/#\/schema\/person\/image\/","url":"https:\/\/secure.gravatar.com\/avatar\/ded6f274ba2ec3e17fff153f7d9d96a4b33c2cb63907f75d9a5309c599a7f3e6?s=96&d=mm&r=g","contentUrl":"https:\/\/secure.gravatar.com\/avatar\/ded6f274ba2ec3e17fff153f7d9d96a4b33c2cb63907f75d9a5309c599a7f3e6?s=96&d=mm&r=g","caption":"dominika"},"url":"https:\/\/www.welovecycling.com\/sk\/author\/dominika\/"}]}},"_links":{"self":[{"href":"https:\/\/www.welovecycling.com\/sk\/wp-json\/wp\/v2\/posts\/11848","targetHints":{"allow":["GET"]}}],"collection":[{"href":"https:\/\/www.welovecycling.com\/sk\/wp-json\/wp\/v2\/posts"}],"about":[{"href":"https:\/\/www.welovecycling.com\/sk\/wp-json\/wp\/v2\/types\/post"}],"author":[{"embeddable":true,"href":"https:\/\/www.welovecycling.com\/sk\/wp-json\/wp\/v2\/users\/172"}],"replies":[{"embeddable":true,"href":"https:\/\/www.welovecycling.com\/sk\/wp-json\/wp\/v2\/comments?post=11848"}],"version-history":[{"count":2,"href":"https:\/\/www.welovecycling.com\/sk\/wp-json\/wp\/v2\/posts\/11848\/revisions"}],"predecessor-version":[{"id":17115,"href":"https:\/\/www.welovecycling.com\/sk\/wp-json\/wp\/v2\/posts\/11848\/revisions\/17115"}],"wp:featuredmedia":[{"embeddable":true,"href":"https:\/\/www.welovecycling.com\/sk\/wp-json\/wp\/v2\/media\/11849"}],"wp:attachment":[{"href":"https:\/\/www.welovecycling.com\/sk\/wp-json\/wp\/v2\/media?parent=11848"}],"wp:term":[{"taxonomy":"category","embeddable":true,"href":"https:\/\/www.welovecycling.com\/sk\/wp-json\/wp\/v2\/categories?post=11848"},{"taxonomy":"post_tag","embeddable":true,"href":"https:\/\/www.welovecycling.com\/sk\/wp-json\/wp\/v2\/tags?post=11848"},{"taxonomy":"global-categories","embeddable":true,"href":"https:\/\/www.welovecycling.com\/sk\/wp-json\/wp\/v2\/global-categories?post=11848"}],"curies":[{"name":"wp","href":"https:\/\/api.w.org\/{rel}","templated":true}]}}