{"id":11828,"date":"2021-06-03T10:00:31","date_gmt":"2021-06-03T08:00:31","guid":{"rendered":"https:\/\/www.welovecycling.com\/sk\/?p=11828"},"modified":"2021-06-01T10:23:58","modified_gmt":"2021-06-01T08:23:58","slug":"neznesitelny-stres-z-profesionalneho-pretekania","status":"publish","type":"post","link":"https:\/\/www.welovecycling.com\/sk\/2021\/06\/03\/neznesitelny-stres-z-profesionalneho-pretekania\/","title":{"rendered":"Neznesite\u013en\u00fd stres z profesion\u00e1lneho pretekania"},"content":{"rendered":"<p><strong>Ke\u010f v janu\u00e1ri roku 2017 na Giro d\u2019Italia, majster sveta v \u010dasovke, Tom Dumoulin povedal, \u017ee pozastavuje svoju pretek\u00e1rsku kari\u00e9ru, pre cel\u00fd cyklistick\u00fd svet to bol obrovsk\u00fd \u0161ok. Len p\u00e1r dn\u00ed predt\u00fdm jeho t\u00edm Jumbo-Visma zverejnil rozhovor, v ktorom 30-ro\u010dn\u00fd Holan\u010fan uviedol, \u017ee sa v tejto sez\u00f3ne te\u0161\u00ed na \u010fal\u0161ie preteky v \u201edl\u00e1\u017edenej klasike\u201c.<\/strong><\/p>\n<p><!--more--><br \/>\nVo videu, ktor\u00e9 zverejnil jeho t\u00edm, sa Dumoulin pok\u00fasil v\u0161etko vysvetli\u0165. <em>&#8222;U\u017e dos\u0165 dlh\u00fa dobu, mesiace, mo\u017eno dokonca aj rok, c\u00edtim, \u017ee je pre m\u0148a ve\u013emi \u0165a\u017ek\u00e9 vedie\u0165 n\u00e1js\u0165 cestu ako cyklista Tom Dumoulin,&#8220;<\/em> uviedol. <em>\u201eS\u00favis\u00ed to s tlakom a o\u010dak\u00e1van\u00edm z r\u00f4znych str\u00e1n. Naozaj chcem urobi\u0165 ve\u013ea vec\u00ed pre ve\u013ea \u013eud\u00ed, ale v\u010faka tomu som za posledn\u00fd rok na seba trochu zabudol.\u201c<\/em><\/p>\n<lite-youtube videoid=jEFcmg6iPq0 params=\"enablejsapi=1\" style=\"background-image: url('https:\/\/i.ytimg.com\/vi_webp\/jEFcmg6iPq0\/maxresdefault.webp');\"><\/lite-youtube>\n<p>Tento krok nebol bezprecedentn\u00fd. V roku 2019 vyst\u00fapil zo \u0161portu aj nemeck\u00fd \u0161print\u00e9r Marcel Kittel, v\u00ed\u0165az \u0161trn\u00e1stich et\u00e1p Tour de France, ktor\u00fd povedal: <em>\u201eBol to pre m\u0148a dlh\u00fd rozhodovac\u00ed proces, kedy som si polo\u017eil ve\u013ea ot\u00e1zok, ako a kam chcem \u00eds\u0165 ako \u010dlovek a \u0161portovec a \u010do je pre m\u0148a skuto\u010dne d\u00f4le\u017eit\u00e9. Milujem cyklistiku a moja v\u00e1\u0161e\u0148 pre tento kr\u00e1sny \u0161port nikdy nezmizla, ale viem aj to, \u010do cyklistika odo m\u0148a vy\u017eaduje a \u010do ja s\u00e1m potrebujem, aby som bol \u00faspe\u0161n\u00fd.\u201c<\/em><\/p>\n<h2><strong>Mal\u00e1 pauza<\/strong><\/h2>\n<p>Najsk\u00f4r malo \u00eds\u0165 iba o pauzu v jeho kari\u00e9re, ale o tri mesiace nesk\u00f4r Kittel ozn\u00e1mil trval\u00fd odchod z cyklistiky. Mal 31 rokov.<\/p>\n<p>Pre amat\u00e9rskych pretek\u00e1rov a oddan\u00fdch fan\u00fa\u0161ikov tohto \u0161portu m\u00f4\u017ee by\u0165 ve\u013ek\u00fd \u0161ok, ke\u010f \u00faspe\u0161n\u00ed jazdci prestan\u00fa jazdi\u0165 na vrchole svojej kari\u00e9ry s odvolan\u00edm sa na pocity, ktor\u00e9 nie s\u00fa pre fan\u00fa\u0161ikov \u00faplne jasn\u00e9, a ktor\u00e9 \u013eudia nemusia pochopi\u0165.<\/p>\n<figure id=\"attachment_11832\" aria-describedby=\"caption-attachment-11832\" style=\"width: 1024px\" class=\"wp-caption alignnone\"><a href=\"https:\/\/d2p6e6u75xmxt8.cloudfront.net\/2\/2021\/05\/Marcel-Kittel-profimedia-0412399968.jpg\"><img loading=\"lazy\" decoding=\"async\" class=\"size-large wp-image-11832\" src=\"https:\/\/d2p6e6u75xmxt8.cloudfront.net\/4\/2021\/05\/Marcel-Kittel-profimedia-0412399968-1024x714.jpg\" alt=\"Marcel Kittel\" width=\"1024\" height=\"714\" \/><\/a><figcaption id=\"caption-attachment-11832\" class=\"wp-caption-text\">Kittel sa k cyklistike u\u017e nevr\u00e1ti. \u00a9 Profimedia<\/figcaption><\/figure>\n<p>S cie\u013eom lep\u0161ie porozumie\u0165 tlaku a stresu, ktor\u00e9mu \u010delia vysokov\u00fdkonn\u00ed cyklisti, Cycling Weekly ned\u00e1vno urobil rozhovor s 21-ro\u010dn\u00fdm Th\u00e9om Nonnezom. Bol v\u00ed\u0165azom franc\u00fazskeho \u0161ampion\u00e1tu v cestn\u00fdch pretekoch ml\u00e1de\u017ee v roku 2016, ktor\u00fd pretekal tret\u00ed rok za  Groupama-FDJ. Continental team, av\u0161ak 12. apr\u00edla tohto roku ukon\u010dil svoju kari\u00e9ru.<\/p>\n<p><em>\u201ePri\u0161iel som do bodu, ke\u010f som u\u017e viac nemohol,&#8220;<\/em> povedal. <em>\u201eC\u00edtil som sa zle z nere\u0161pektovania zmluvy, ale c\u00edtil by som sa ako idiot, ktor\u00fd tam ide a predstieral by, \u017ee je v\u0161etko v poriadku.&#8220; \u201eTento \u0161port je ve\u013emi tvrd\u00fd, ke\u010f ho \u010dlovek rob\u00ed na 100 %, a pokia\u013e ho na 100 % \u010dlovek nerob\u00ed, nem\u00e1 zmysel pokra\u010dova\u0165.\u201c<\/em><\/p>\n<p>Pri ozn\u00e1men\u00ed svojho rozhodnutia Groupama-FDJ Continentale uviedol, \u017ee Nonnez opustil tento \u0161port potom, \u010do trpel v\u00e1\u017enymi du\u0161evn\u00fdmi probl\u00e9mami v d\u00f4sledku stresu z tr\u00e9ningu.<\/p>\n<p>https:\/\/www.instagram.com\/p\/BZWZR0fh7NV\/?utm_source=ig_web_copy_link<\/p>\n<p>Tento krok bol ale ur\u010dite komplikovanej\u0161\u00ed. Nonnez uviedol, \u017ee predt\u00fdm, ako sa rozhodol od\u00eds\u0165 od tohto \u0161portu, prem\u00fd\u0161\u013eal dlho a tvrdo, ale nakoniec to ne\u013eutoval. Poznamenal, \u017ee niektor\u00ed \u013eudia m\u00f4\u017eu jeho stav nazva\u0165 vyhoren\u00edm, ale bolo to pr\u00edli\u0161 jednoduch\u00e9 vysvetlenie. <em>\u201eJe to sk\u00f4r n\u00e1sledok mnoh\u00fdch s\u00favislost\u00ed, ktor\u00e9 ma dostali do tohto bodu.&#8220;<\/em><\/p>\n<p>Mo\u017eno sa mu rovnako ako Kittelovi a Dumoulinovi u\u013eavilo, ke\u010f kone\u010dne vyjadril, \u010do c\u00edti.<\/p>\n<p><em>\u201eVst\u00fapil som do za\u010darovan\u00e9ho kruhu a neodv\u00e1\u017eil som sa hovori\u0165 o tom, ako sa c\u00edtim,&#8220;<\/em> povedal. <em>\u201eUvedomujem si, \u017ee som urobil to spr\u00e1vne rozhodnutie, ke\u010f som prestal ml\u010da\u0165, preto\u017ee neviem, \u010do by sa stalo, keby som dlh\u0161ie zostal ticho.&#8220;<\/em><\/p>\n<div class=\"embed-controller-wrapper\">\n<blockquote class=\"twitter-tweet\" data-width=\"500\" data-dnt=\"true\">\n<p lang=\"fr\" dir=\"ltr\">&quot;Des cas comme moi, il y en a de plus en plus&quot; : le cycliste Th\u00e9o Nonnez brise le tabou de la d\u00e9pression chez les sportifs de haut niveau<a href=\"https:\/\/t.co\/e8jsNTuMSF\">https:\/\/t.co\/e8jsNTuMSF<\/a> <a href=\"https:\/\/t.co\/obmwdyYDMu\">pic.twitter.com\/obmwdyYDMu<\/a><\/p>\n<p>&mdash; franceinfo (@franceinfo) <a href=\"https:\/\/twitter.com\/franceinfo\/status\/1383785966117167122?ref_src=twsrc%5Etfw\">April 18, 2021<\/a><\/p><\/blockquote>\n<p><script async data-src=\"https:\/\/platform.twitter.com\/widgets.js\" charset=\"utf-8\"><\/script><\/div>\n<h2><strong>Ne\u00fanosn\u00e1 situ\u00e1cia<\/strong><\/h2>\n<p>Nonnez uviedol, \u017ee situ\u00e1cia sa stala nato\u013eko ne\u00fanosnou, \u017ee bol bl\u00edzko psychick\u00e9mu zr\u00fateniu. <em>\u201eKe\u010f som za\u010dal na bicykli plaka\u0165, v tom okamihu som si povedal: Th\u00e9o, s t\u00fdm v\u0161etk\u00fdm mus\u00ed\u0161 presta\u0165, mus\u00ed sa to zmeni\u0165, nie\u010do nie je v poriadku.\u201c \u201ePotom som urobil krok sp\u00e4\u0165 a dostal som ve\u013ek\u00fa podporu od zdravotn\u00edckeho person\u00e1lu t\u00edmu a aj od od mojich pr\u00edbuzn\u00fdch.\u201c<\/em><\/p>\n<p>Ke\u010f informoval t\u00edm o svojich \u0165a\u017ekostiach, povedali mu, \u017ee m\u00e1 nieko\u013eko t\u00fd\u017ed\u0148ov nejazdi\u0165 a prem\u00fd\u0161\u013ea\u0165. <em>\u201eSom za to t\u00edmu nesmierne v\u010fa\u010dn\u00fd,&#8220;<\/em> povedal Nonnez.<\/p>\n<p>Okrem franc\u00fazskeho juniorsk\u00e9ho \u0161ampion\u00e1tu z\u00edskal Nonnez po\u010das svojej kr\u00e1tkej kari\u00e9ry nieko\u013eko pozoruhodn\u00fdch v\u00fdsledkov, vr\u00e1tane piateho miesta v Ronde de l\u2019Isard a p\u00f4sobiv\u00e9ho \u0161tvrt\u00e9ho miesta v pretekoch Lutych-Bastogne-Lutych v kateg\u00f3rii do 23 rokov. \u00daspech v\u0161ak pri\u0161iel za cenu, ktor\u00fa u\u017e nebol schopn\u00fd zaplati\u0165 &#8211; napr\u00edklad ako Marcel Kittel a Tom Dumoulin.<\/p>\n","protected":false},"excerpt":{"rendered":"<p>Ke\u010f v janu\u00e1ri roku 2017 na Giro d\u2019Italia, majster sveta v \u010dasovke, Tom Dumoulin povedal, \u017ee pozastavuje svoju pretek\u00e1rsku kari\u00e9ru, [&hellip;]<\/p>\n","protected":false},"author":81,"featured_media":11834,"comment_status":"open","ping_status":"open","sticky":false,"template":"","format":"standard","meta":{"footnotes":""},"categories":[4],"tags":[115,65,153,179,307,20],"global-categories":[],"class_list":["post-11828","post","type-post","status-publish","format-standard","has-post-thumbnail","hentry","category-cestna-cyklisitika","tag-cestna-cyklistika","tag-giro-d-italia","tag-marcel-kittel","tag-preteky","tag-tom-dumoulin","tag-tour-de-france"],"yoast_head":"<!-- This site is optimized with the Yoast SEO Premium plugin v25.3 (Yoast SEO v25.9) - https:\/\/yoast.com\/wordpress\/plugins\/seo\/ -->\n<title>\ud83d\udeb4\ud83c\udfff\u200d\u2642\ufe0f The Unbearable Stress of Professional Racing - We Love Cycling<\/title>\n<meta name=\"description\" content=\"Tom Dumoulin, Th\u00e9o Nonnez, Marcel Kittel. They all retired from pro-racing and it&#039;s unbearable stress. What&#039;s the story?\" \/>\n<meta name=\"robots\" content=\"index, follow, max-snippet:-1, max-image-preview:large, max-video-preview:-1\" \/>\n<link rel=\"canonical\" href=\"https:\/\/www.welovecycling.com\/sk\/2021\/06\/03\/neznesitelny-stres-z-profesionalneho-pretekania\/\" \/>\n<meta property=\"og:locale\" content=\"sk_SK\" \/>\n<meta property=\"og:type\" content=\"article\" \/>\n<meta property=\"og:title\" content=\"Neznesite\u013en\u00fd stres z profesion\u00e1lneho pretekania\" \/>\n<meta property=\"og:description\" content=\"Tom Dumoulin, Th\u00e9o Nonnez, Marcel Kittel. They all retired from pro-racing and it&#039;s unbearable stress. What&#039;s the story?\" \/>\n<meta property=\"og:url\" content=\"https:\/\/www.welovecycling.com\/sk\/2021\/06\/03\/neznesitelny-stres-z-profesionalneho-pretekania\/\" \/>\n<meta property=\"og:site_name\" content=\"\u0160koda We Love Cycling Slovensko\" \/>\n<meta property=\"article:published_time\" content=\"2021-06-03T08:00:31+00:00\" \/>\n<meta property=\"og:image\" content=\"https:\/\/d2p6e6u75xmxt8.cloudfront.net\/4\/2021\/05\/Tom-Dumoulin-profimedia-0560191779-CVR.webp\" \/>\n\t<meta property=\"og:image:width\" content=\"1366\" \/>\n\t<meta property=\"og:image:height\" content=\"600\" \/>\n\t<meta property=\"og:image:type\" content=\"image\/webp\" \/>\n<meta name=\"twitter:card\" content=\"summary_large_image\" \/>\n<meta name=\"twitter:label1\" content=\"Written by\" \/>\n\t<meta name=\"twitter:data1\" content=\"Siegfried Mortkowitz\" \/>\n\t<meta name=\"twitter:label2\" content=\"Est. reading time\" \/>\n\t<meta name=\"twitter:data2\" content=\"6\" \/>\n<script type=\"application\/ld+json\" class=\"yoast-schema-graph\">{\"@context\":\"https:\/\/schema.org\",\"@graph\":[{\"@type\":\"WebPage\",\"@id\":\"https:\/\/www.welovecycling.com\/sk\/2021\/06\/03\/neznesitelny-stres-z-profesionalneho-pretekania\/\",\"url\":\"https:\/\/www.welovecycling.com\/sk\/2021\/06\/03\/neznesitelny-stres-z-profesionalneho-pretekania\/\",\"name\":\"\ud83d\udeb4\ud83c\udfff\u200d\u2642\ufe0f The Unbearable Stress of Professional Racing - We Love Cycling\",\"isPartOf\":{\"@id\":\"https:\/\/www.welovecycling.com\/sk\/#website\"},\"primaryImageOfPage\":{\"@id\":\"https:\/\/www.welovecycling.com\/sk\/2021\/06\/03\/neznesitelny-stres-z-profesionalneho-pretekania\/#primaryimage\"},\"image\":{\"@id\":\"https:\/\/www.welovecycling.com\/sk\/2021\/06\/03\/neznesitelny-stres-z-profesionalneho-pretekania\/#primaryimage\"},\"thumbnailUrl\":\"https:\/\/d2p6e6u75xmxt8.cloudfront.net\/4\/2021\/05\/Tom-Dumoulin-profimedia-0560191779-CVR.webp\",\"datePublished\":\"2021-06-03T08:00:31+00:00\",\"author\":{\"@id\":\"\"},\"description\":\"Tom Dumoulin, Th\u00e9o Nonnez, Marcel Kittel. They all retired from pro-racing and it's unbearable stress. What's the story?\",\"breadcrumb\":{\"@id\":\"https:\/\/www.welovecycling.com\/sk\/2021\/06\/03\/neznesitelny-stres-z-profesionalneho-pretekania\/#breadcrumb\"},\"inLanguage\":\"sk-SK\",\"potentialAction\":[{\"@type\":\"ReadAction\",\"target\":[\"https:\/\/www.welovecycling.com\/sk\/2021\/06\/03\/neznesitelny-stres-z-profesionalneho-pretekania\/\"]}]},{\"@type\":\"ImageObject\",\"inLanguage\":\"sk-SK\",\"@id\":\"https:\/\/www.welovecycling.com\/sk\/2021\/06\/03\/neznesitelny-stres-z-profesionalneho-pretekania\/#primaryimage\",\"url\":\"https:\/\/d2p6e6u75xmxt8.cloudfront.net\/4\/2021\/05\/Tom-Dumoulin-profimedia-0560191779-CVR.webp\",\"contentUrl\":\"https:\/\/d2p6e6u75xmxt8.cloudfront.net\/4\/2021\/05\/Tom-Dumoulin-profimedia-0560191779-CVR.webp\",\"width\":1366,\"height\":600,\"caption\":\"Tom Dumoulin racing\"},{\"@type\":\"BreadcrumbList\",\"@id\":\"https:\/\/www.welovecycling.com\/sk\/2021\/06\/03\/neznesitelny-stres-z-profesionalneho-pretekania\/#breadcrumb\",\"itemListElement\":[{\"@type\":\"ListItem\",\"position\":1,\"name\":\"Home\",\"item\":\"https:\/\/www.welovecycling.com\/sk\/\"},{\"@type\":\"ListItem\",\"position\":2,\"name\":\"Neznesite\u013en\u00fd stres z profesion\u00e1lneho pretekania\"}]},{\"@type\":\"WebSite\",\"@id\":\"https:\/\/www.welovecycling.com\/sk\/#website\",\"url\":\"https:\/\/www.welovecycling.com\/sk\/\",\"name\":\"\u0160koda We Love Cycling Slovensko\",\"description\":\"\u0160koda We Love Cycling Slovensko je v\u00e1\u0161 ka\u017edodenn\u00fd zdroj noviniek a in\u0161pir\u00e1cie z sveta cyklistiky\",\"potentialAction\":[{\"@type\":\"SearchAction\",\"target\":{\"@type\":\"EntryPoint\",\"urlTemplate\":\"https:\/\/www.welovecycling.com\/sk\/?s={search_term_string}\"},\"query-input\":{\"@type\":\"PropertyValueSpecification\",\"valueRequired\":true,\"valueName\":\"search_term_string\"}}],\"inLanguage\":\"sk-SK\"},{\"@type\":\"Person\",\"@id\":\"\",\"url\":\"https:\/\/www.welovecycling.com\/sk\/author\/\"}]}<\/script>\n<!-- \/ Yoast SEO Premium plugin. -->","yoast_head_json":{"title":"\ud83d\udeb4\ud83c\udfff\u200d\u2642\ufe0f The Unbearable Stress of Professional Racing - We Love Cycling","description":"Tom Dumoulin, Th\u00e9o Nonnez, Marcel Kittel. They all retired from pro-racing and it's unbearable stress. What's the story?","robots":{"index":"index","follow":"follow","max-snippet":"max-snippet:-1","max-image-preview":"max-image-preview:large","max-video-preview":"max-video-preview:-1"},"canonical":"https:\/\/www.welovecycling.com\/sk\/2021\/06\/03\/neznesitelny-stres-z-profesionalneho-pretekania\/","og_locale":"sk_SK","og_type":"article","og_title":"Neznesite\u013en\u00fd stres z profesion\u00e1lneho pretekania","og_description":"Tom Dumoulin, Th\u00e9o Nonnez, Marcel Kittel. They all retired from pro-racing and it's unbearable stress. What's the story?","og_url":"https:\/\/www.welovecycling.com\/sk\/2021\/06\/03\/neznesitelny-stres-z-profesionalneho-pretekania\/","og_site_name":"\u0160koda We Love Cycling Slovensko","article_published_time":"2021-06-03T08:00:31+00:00","og_image":[{"width":1366,"height":600,"url":"https:\/\/d2p6e6u75xmxt8.cloudfront.net\/4\/2021\/05\/Tom-Dumoulin-profimedia-0560191779-CVR.webp","type":"image\/webp"}],"twitter_card":"summary_large_image","twitter_misc":{"Written by":"Siegfried Mortkowitz","Est. reading time":"6"},"schema":{"@context":"https:\/\/schema.org","@graph":[{"@type":"WebPage","@id":"https:\/\/www.welovecycling.com\/sk\/2021\/06\/03\/neznesitelny-stres-z-profesionalneho-pretekania\/","url":"https:\/\/www.welovecycling.com\/sk\/2021\/06\/03\/neznesitelny-stres-z-profesionalneho-pretekania\/","name":"\ud83d\udeb4\ud83c\udfff\u200d\u2642\ufe0f The Unbearable Stress of Professional Racing - We Love Cycling","isPartOf":{"@id":"https:\/\/www.welovecycling.com\/sk\/#website"},"primaryImageOfPage":{"@id":"https:\/\/www.welovecycling.com\/sk\/2021\/06\/03\/neznesitelny-stres-z-profesionalneho-pretekania\/#primaryimage"},"image":{"@id":"https:\/\/www.welovecycling.com\/sk\/2021\/06\/03\/neznesitelny-stres-z-profesionalneho-pretekania\/#primaryimage"},"thumbnailUrl":"https:\/\/d2p6e6u75xmxt8.cloudfront.net\/4\/2021\/05\/Tom-Dumoulin-profimedia-0560191779-CVR.webp","datePublished":"2021-06-03T08:00:31+00:00","author":{"@id":""},"description":"Tom Dumoulin, Th\u00e9o Nonnez, Marcel Kittel. They all retired from pro-racing and it's unbearable stress. What's the story?","breadcrumb":{"@id":"https:\/\/www.welovecycling.com\/sk\/2021\/06\/03\/neznesitelny-stres-z-profesionalneho-pretekania\/#breadcrumb"},"inLanguage":"sk-SK","potentialAction":[{"@type":"ReadAction","target":["https:\/\/www.welovecycling.com\/sk\/2021\/06\/03\/neznesitelny-stres-z-profesionalneho-pretekania\/"]}]},{"@type":"ImageObject","inLanguage":"sk-SK","@id":"https:\/\/www.welovecycling.com\/sk\/2021\/06\/03\/neznesitelny-stres-z-profesionalneho-pretekania\/#primaryimage","url":"https:\/\/d2p6e6u75xmxt8.cloudfront.net\/4\/2021\/05\/Tom-Dumoulin-profimedia-0560191779-CVR.webp","contentUrl":"https:\/\/d2p6e6u75xmxt8.cloudfront.net\/4\/2021\/05\/Tom-Dumoulin-profimedia-0560191779-CVR.webp","width":1366,"height":600,"caption":"Tom Dumoulin racing"},{"@type":"BreadcrumbList","@id":"https:\/\/www.welovecycling.com\/sk\/2021\/06\/03\/neznesitelny-stres-z-profesionalneho-pretekania\/#breadcrumb","itemListElement":[{"@type":"ListItem","position":1,"name":"Home","item":"https:\/\/www.welovecycling.com\/sk\/"},{"@type":"ListItem","position":2,"name":"Neznesite\u013en\u00fd stres z profesion\u00e1lneho pretekania"}]},{"@type":"WebSite","@id":"https:\/\/www.welovecycling.com\/sk\/#website","url":"https:\/\/www.welovecycling.com\/sk\/","name":"\u0160koda We Love Cycling Slovensko","description":"\u0160koda We Love Cycling Slovensko je v\u00e1\u0161 ka\u017edodenn\u00fd zdroj noviniek a in\u0161pir\u00e1cie z sveta cyklistiky","potentialAction":[{"@type":"SearchAction","target":{"@type":"EntryPoint","urlTemplate":"https:\/\/www.welovecycling.com\/sk\/?s={search_term_string}"},"query-input":{"@type":"PropertyValueSpecification","valueRequired":true,"valueName":"search_term_string"}}],"inLanguage":"sk-SK"},{"@type":"Person","@id":"","url":"https:\/\/www.welovecycling.com\/sk\/author\/"}]}},"_links":{"self":[{"href":"https:\/\/www.welovecycling.com\/sk\/wp-json\/wp\/v2\/posts\/11828","targetHints":{"allow":["GET"]}}],"collection":[{"href":"https:\/\/www.welovecycling.com\/sk\/wp-json\/wp\/v2\/posts"}],"about":[{"href":"https:\/\/www.welovecycling.com\/sk\/wp-json\/wp\/v2\/types\/post"}],"author":[{"embeddable":true,"href":"https:\/\/www.welovecycling.com\/sk\/wp-json\/wp\/v2\/users\/81"}],"replies":[{"embeddable":true,"href":"https:\/\/www.welovecycling.com\/sk\/wp-json\/wp\/v2\/comments?post=11828"}],"version-history":[{"count":2,"href":"https:\/\/www.welovecycling.com\/sk\/wp-json\/wp\/v2\/posts\/11828\/revisions"}],"predecessor-version":[{"id":11853,"href":"https:\/\/www.welovecycling.com\/sk\/wp-json\/wp\/v2\/posts\/11828\/revisions\/11853"}],"wp:featuredmedia":[{"embeddable":true,"href":"https:\/\/www.welovecycling.com\/sk\/wp-json\/wp\/v2\/media\/11834"}],"wp:attachment":[{"href":"https:\/\/www.welovecycling.com\/sk\/wp-json\/wp\/v2\/media?parent=11828"}],"wp:term":[{"taxonomy":"category","embeddable":true,"href":"https:\/\/www.welovecycling.com\/sk\/wp-json\/wp\/v2\/categories?post=11828"},{"taxonomy":"post_tag","embeddable":true,"href":"https:\/\/www.welovecycling.com\/sk\/wp-json\/wp\/v2\/tags?post=11828"},{"taxonomy":"global-categories","embeddable":true,"href":"https:\/\/www.welovecycling.com\/sk\/wp-json\/wp\/v2\/global-categories?post=11828"}],"curies":[{"name":"wp","href":"https:\/\/api.w.org\/{rel}","templated":true}]}}