{"id":11782,"date":"2021-05-27T11:00:12","date_gmt":"2021-05-27T09:00:12","guid":{"rendered":"https:\/\/www.welovecycling.com\/sk\/?p=11782"},"modified":"2021-05-24T11:15:40","modified_gmt":"2021-05-24T09:15:40","slug":"prepleteny-osud-elektrickej-energie-a-cyklistiky","status":"publish","type":"post","link":"https:\/\/www.welovecycling.com\/sk\/2021\/05\/27\/prepleteny-osud-elektrickej-energie-a-cyklistiky\/","title":{"rendered":"Prepleten\u00fd osud elektrickej energie a cyklistiky"},"content":{"rendered":"<p><strong>Pr\u00edchod elektrick\u00fdch bicyklov by mal motivova\u0165 \u013eud\u00ed sa zamyslie\u0165 o elektrickej energii a cyklistike. Faradayove objavy elektromagnetick\u00fdch pol\u00ed maj\u00fa rovnako dlh\u00fa hist\u00f3riu ako cyklistika a obidva dospeli s\u00fa\u010dasne.<\/strong><\/p>\n<p><!--more--><\/p>\n<h2><strong>Dynam\u00e1<\/strong><\/h2>\n<p>Ke\u010f som mal menej ako 10 rokov, pam\u00e4t\u00e1m si, ako m\u00f4j otec kupoval bicykel, na ktorom bolo dynamo. Bol u\u010dite\u013eom fyziky a vysvet\u013eoval mi, \u010do je to dynamo, ako to fungovalo, <strong>ke\u010f odoberal energiu z rotuj\u00faceho kolesa  a premie\u0148al ju na elektrinu<\/strong>. Bol som ohromen\u00fd! Otec nesk\u00f4r dynamo vyhodil. Ale pre\u010do?<\/p>\n<div class=\"embed-controller-wrapper\">\n<div class=\"embed-wrapper\"><iframe title=\"How Much Do Dynamo Hubs Really Slow You Down?\" width=\"500\" height=\"281\" data-src=\"https:\/\/www.youtube.com\/embed\/hHwk7HhSado?feature=oembed\" frameborder=\"0\" allow=\"accelerometer; autoplay; clipboard-write; encrypted-media; gyroscope; picture-in-picture; web-share\" referrerpolicy=\"strict-origin-when-cross-origin\" allowfullscreen><\/iframe><\/div>\n<\/div>\n<p>Ako YouTube kan\u00e1l vysvet\u013euje, pre \u013eud\u00ed, ktor\u00ed si robia staros\u0165 o efektivitu r\u00fdchlosti a energie, dynam\u00e1 odoberaj\u00fa trochu z oboch, aby svetlo svietilo. Ke\u010f\u017ee s\u00fa teraz n\u00e1boje ove\u013ea efekt\u00edvnej\u0161ie a otec by im dal pravdepodobne \u010fal\u0161iu \u0161ancu. Je dos\u0165 mo\u017en\u00e9, \u017ee v bud\u00facnosti bicykle prevezm\u00fa brzdenie s rekuper\u00e1ciou sily od automobilov. Len smelo do toho, ale nezabudnite n\u00e1s potom kontaktova\u0165!<\/p>\n<h2><strong>Radenie<\/strong><\/h2>\n<p>V\u0161etci vieme, \u017ee v\u00fdkon a \u00fa\u010dinnos\u0165 elektrick\u00fdch motorov sa za posledn\u00e9 roky dramaticky zlep\u0161il. Pokia\u013e ste e\u0161te nejazdili na elektrickom bicykli, hne\u010f si jeden po\u017ei\u010dajte na testovaciu jazdu! <strong>Bicyklovanie na elektrick\u00fdch bicykloch nie je len o motoroch.<\/strong> Ako je to s elektrick\u00fdm raden\u00edm? Je odoln\u00e9?<\/p>\n<div class=\"embed-controller-wrapper\">\n<div class=\"embed-wrapper\"><iframe title=\"How Durable Are Electronic Bike Gears? | Can We Destroy A Shimano Di2 Groupset?\" width=\"500\" height=\"281\" data-src=\"https:\/\/www.youtube.com\/embed\/n91tFafLouQ?feature=oembed\" frameborder=\"0\" allow=\"accelerometer; autoplay; clipboard-write; encrypted-media; gyroscope; picture-in-picture; web-share\" referrerpolicy=\"strict-origin-when-cross-origin\" allowfullscreen><\/iframe><\/div>\n<\/div>\n<p>Toto video dokazuje, \u017ee modern\u00e9 \u0161tandardy vodotesnosti s\u00fa nadmieru p\u00f4sobiv\u00e9. Existuje mnoho \u00fadajov a tvrden\u00ed v\u00fdrobcov, \u017ee bezdr\u00f4tov\u00e9 radenie je viac spo\u013eahliv\u00e9 ako klasick\u00e9 k\u00e1blov\u00e9, av\u0161ak pokia\u013e je spr\u00e1vne udr\u017eiavan\u00e9. Bu\u010fte odv\u00e1\u017eni a zv\u00e1\u017ete upgrade svojej sady na elektrick\u00fa.<\/p>\n<h2><strong>Telemetria<\/strong><\/h2>\n<p>U\u017e druh\u00fd de\u0148 som do pr\u00e1ce nosil svoje inteligentn\u00e9 hodinky a\u00a0po dvoch hodin\u00e1ch mi bzu\u010dali so \u017eiados\u0165ou ohodnoti\u0165 m\u00f4j sp\u00e1nok. Ubezpe\u010dujem v\u00e1s, \u017ee som bol hore cel\u00fdch 60 min\u00fat po\u010das m\u00edtingu na Google Meet! Je naozaj \u0161okuj\u00face zisti\u0165, ak\u00e9 sedav\u00e9 je moje zamestnanie. \u00dadaje odha\u013euj\u00fa pravdu ale telemetria je sv\u00e4t\u00fd gr\u00e1l.<\/p>\n<div class=\"embed-controller-wrapper\">\n<div class=\"embed-wrapper\"><iframe title=\"Climbing Welch Creek with Bike Telemetry (part 1)\" width=\"500\" height=\"281\" data-src=\"https:\/\/www.youtube.com\/embed\/R5hAfBckoWI?feature=oembed\" frameborder=\"0\" allow=\"accelerometer; autoplay; clipboard-write; encrypted-media; gyroscope; picture-in-picture; web-share\" referrerpolicy=\"strict-origin-when-cross-origin\" allowfullscreen><\/iframe><\/div>\n<\/div>\n<p>Toto video sa mi p\u00e1\u010di. Zatia\u013e \u010do som prestal pozera\u0165 na v\u00fddaj wattov, ktor\u00fd som vydal po\u010das doch\u00e1dzania, st\u00e1le ma fascinuje telemetria kopca. Mo\u017eno je to preto, \u017ee st\u00fapanie je najmenej (a najviac) z\u00e1bavnou \u010das\u0165ou cyklistiky. Zabudnite na aerodynamiku a gramy. <strong>Watty, ktor\u00e9  generujete pri st\u00fapan\u00ed v\u00e1m povedia toho najviac o va\u0161om tele.<\/strong><\/p>\n","protected":false},"excerpt":{"rendered":"<p>Pr\u00edchod elektrick\u00fdch bicyklov by mal motivova\u0165 \u013eud\u00ed sa zamyslie\u0165 o elektrickej energii a cyklistike. Faradayove objavy elektromagnetick\u00fdch pol\u00ed maj\u00fa rovnako [&hellip;]<\/p>\n","protected":false},"author":81,"featured_media":11786,"comment_status":"open","ping_status":"open","sticky":false,"template":"","format":"standard","meta":{"footnotes":""},"categories":[191],"tags":[415,115,546,261,691,514,98,180,931,1109,816,842],"global-categories":[],"class_list":["post-11782","post","type-post","status-publish","format-standard","has-post-thumbnail","hentry","category-odporucame","tag-brzdy","tag-cestna-cyklistika","tag-cyklistika","tag-ebike","tag-elektrobicykel","tag-energia","tag-energia-na-kolesach","tag-horska-cyklistika","tag-odporucame","tag-stupanie","tag-telemetria","tag-watt"],"yoast_head":"<!-- This site is optimized with the Yoast SEO Premium plugin v25.3 (Yoast SEO v25.9) - https:\/\/yoast.com\/wordpress\/plugins\/seo\/ -->\n<title>Prepleten\u00fd osud elektrickej energie a cyklistiky - \u0160koda We Love Cycling Slovensko<\/title>\n<meta name=\"robots\" content=\"index, follow, max-snippet:-1, max-image-preview:large, max-video-preview:-1\" \/>\n<link rel=\"canonical\" href=\"https:\/\/www.welovecycling.com\/sk\/2021\/05\/27\/prepleteny-osud-elektrickej-energie-a-cyklistiky\/\" \/>\n<meta property=\"og:locale\" content=\"sk_SK\" \/>\n<meta property=\"og:type\" content=\"article\" \/>\n<meta property=\"og:title\" content=\"Prepleten\u00fd osud elektrickej energie a cyklistiky\" \/>\n<meta property=\"og:description\" content=\"Pr\u00edchod elektrick\u00fdch bicyklov by mal motivova\u0165 \u013eud\u00ed sa zamyslie\u0165 o elektrickej energii a cyklistike. Faradayove objavy elektromagnetick\u00fdch pol\u00ed maj\u00fa rovnako [&hellip;]\" \/>\n<meta property=\"og:url\" content=\"https:\/\/www.welovecycling.com\/sk\/2021\/05\/27\/prepleteny-osud-elektrickej-energie-a-cyklistiky\/\" \/>\n<meta property=\"og:site_name\" content=\"\u0160koda We Love Cycling Slovensko\" \/>\n<meta property=\"article:published_time\" content=\"2021-05-27T09:00:12+00:00\" \/>\n<meta property=\"og:image\" content=\"https:\/\/d2p6e6u75xmxt8.cloudfront.net\/4\/2021\/05\/E-bike-motor-profimedia-0539514497-CVR.webp\" \/>\n\t<meta property=\"og:image:width\" content=\"1366\" \/>\n\t<meta property=\"og:image:height\" content=\"600\" \/>\n\t<meta property=\"og:image:type\" content=\"image\/webp\" \/>\n<meta name=\"twitter:card\" content=\"summary_large_image\" \/>\n<meta name=\"twitter:label1\" content=\"Written by\" \/>\n\t<meta name=\"twitter:data1\" content=\"Christopher Ashley\" \/>\n\t<meta name=\"twitter:label2\" content=\"Est. reading time\" \/>\n\t<meta name=\"twitter:data2\" content=\"5\" \/>\n<script type=\"application\/ld+json\" class=\"yoast-schema-graph\">{\"@context\":\"https:\/\/schema.org\",\"@graph\":[{\"@type\":\"WebPage\",\"@id\":\"https:\/\/www.welovecycling.com\/sk\/2021\/05\/27\/prepleteny-osud-elektrickej-energie-a-cyklistiky\/\",\"url\":\"https:\/\/www.welovecycling.com\/sk\/2021\/05\/27\/prepleteny-osud-elektrickej-energie-a-cyklistiky\/\",\"name\":\"Prepleten\u00fd osud elektrickej energie a cyklistiky - \u0160koda We Love Cycling Slovensko\",\"isPartOf\":{\"@id\":\"https:\/\/www.welovecycling.com\/sk\/#website\"},\"primaryImageOfPage\":{\"@id\":\"https:\/\/www.welovecycling.com\/sk\/2021\/05\/27\/prepleteny-osud-elektrickej-energie-a-cyklistiky\/#primaryimage\"},\"image\":{\"@id\":\"https:\/\/www.welovecycling.com\/sk\/2021\/05\/27\/prepleteny-osud-elektrickej-energie-a-cyklistiky\/#primaryimage\"},\"thumbnailUrl\":\"https:\/\/d2p6e6u75xmxt8.cloudfront.net\/4\/2021\/05\/E-bike-motor-profimedia-0539514497-CVR.webp\",\"datePublished\":\"2021-05-27T09:00:12+00:00\",\"author\":{\"@id\":\"\"},\"breadcrumb\":{\"@id\":\"https:\/\/www.welovecycling.com\/sk\/2021\/05\/27\/prepleteny-osud-elektrickej-energie-a-cyklistiky\/#breadcrumb\"},\"inLanguage\":\"sk-SK\",\"potentialAction\":[{\"@type\":\"ReadAction\",\"target\":[\"https:\/\/www.welovecycling.com\/sk\/2021\/05\/27\/prepleteny-osud-elektrickej-energie-a-cyklistiky\/\"]}]},{\"@type\":\"ImageObject\",\"inLanguage\":\"sk-SK\",\"@id\":\"https:\/\/www.welovecycling.com\/sk\/2021\/05\/27\/prepleteny-osud-elektrickej-energie-a-cyklistiky\/#primaryimage\",\"url\":\"https:\/\/d2p6e6u75xmxt8.cloudfront.net\/4\/2021\/05\/E-bike-motor-profimedia-0539514497-CVR.webp\",\"contentUrl\":\"https:\/\/d2p6e6u75xmxt8.cloudfront.net\/4\/2021\/05\/E-bike-motor-profimedia-0539514497-CVR.webp\",\"width\":1366,\"height\":600,\"caption\":\"E-Bike Motor\"},{\"@type\":\"BreadcrumbList\",\"@id\":\"https:\/\/www.welovecycling.com\/sk\/2021\/05\/27\/prepleteny-osud-elektrickej-energie-a-cyklistiky\/#breadcrumb\",\"itemListElement\":[{\"@type\":\"ListItem\",\"position\":1,\"name\":\"Home\",\"item\":\"https:\/\/www.welovecycling.com\/sk\/\"},{\"@type\":\"ListItem\",\"position\":2,\"name\":\"Prepleten\u00fd osud elektrickej energie a cyklistiky\"}]},{\"@type\":\"WebSite\",\"@id\":\"https:\/\/www.welovecycling.com\/sk\/#website\",\"url\":\"https:\/\/www.welovecycling.com\/sk\/\",\"name\":\"\u0160koda We Love Cycling Slovensko\",\"description\":\"\u0160koda We Love Cycling Slovensko je v\u00e1\u0161 ka\u017edodenn\u00fd zdroj noviniek a in\u0161pir\u00e1cie z sveta cyklistiky\",\"potentialAction\":[{\"@type\":\"SearchAction\",\"target\":{\"@type\":\"EntryPoint\",\"urlTemplate\":\"https:\/\/www.welovecycling.com\/sk\/?s={search_term_string}\"},\"query-input\":{\"@type\":\"PropertyValueSpecification\",\"valueRequired\":true,\"valueName\":\"search_term_string\"}}],\"inLanguage\":\"sk-SK\"},{\"@type\":\"Person\",\"@id\":\"\",\"url\":\"https:\/\/www.welovecycling.com\/sk\/author\/\"}]}<\/script>\n<!-- \/ Yoast SEO Premium plugin. -->","yoast_head_json":{"title":"Prepleten\u00fd osud elektrickej energie a cyklistiky - \u0160koda We Love Cycling Slovensko","robots":{"index":"index","follow":"follow","max-snippet":"max-snippet:-1","max-image-preview":"max-image-preview:large","max-video-preview":"max-video-preview:-1"},"canonical":"https:\/\/www.welovecycling.com\/sk\/2021\/05\/27\/prepleteny-osud-elektrickej-energie-a-cyklistiky\/","og_locale":"sk_SK","og_type":"article","og_title":"Prepleten\u00fd osud elektrickej energie a cyklistiky","og_description":"Pr\u00edchod elektrick\u00fdch bicyklov by mal motivova\u0165 \u013eud\u00ed sa zamyslie\u0165 o elektrickej energii a cyklistike. Faradayove objavy elektromagnetick\u00fdch pol\u00ed maj\u00fa rovnako [&hellip;]","og_url":"https:\/\/www.welovecycling.com\/sk\/2021\/05\/27\/prepleteny-osud-elektrickej-energie-a-cyklistiky\/","og_site_name":"\u0160koda We Love Cycling Slovensko","article_published_time":"2021-05-27T09:00:12+00:00","og_image":[{"width":1366,"height":600,"url":"https:\/\/d2p6e6u75xmxt8.cloudfront.net\/4\/2021\/05\/E-bike-motor-profimedia-0539514497-CVR.webp","type":"image\/webp"}],"twitter_card":"summary_large_image","twitter_misc":{"Written by":"Christopher Ashley","Est. reading time":"5"},"schema":{"@context":"https:\/\/schema.org","@graph":[{"@type":"WebPage","@id":"https:\/\/www.welovecycling.com\/sk\/2021\/05\/27\/prepleteny-osud-elektrickej-energie-a-cyklistiky\/","url":"https:\/\/www.welovecycling.com\/sk\/2021\/05\/27\/prepleteny-osud-elektrickej-energie-a-cyklistiky\/","name":"Prepleten\u00fd osud elektrickej energie a cyklistiky - \u0160koda We Love Cycling Slovensko","isPartOf":{"@id":"https:\/\/www.welovecycling.com\/sk\/#website"},"primaryImageOfPage":{"@id":"https:\/\/www.welovecycling.com\/sk\/2021\/05\/27\/prepleteny-osud-elektrickej-energie-a-cyklistiky\/#primaryimage"},"image":{"@id":"https:\/\/www.welovecycling.com\/sk\/2021\/05\/27\/prepleteny-osud-elektrickej-energie-a-cyklistiky\/#primaryimage"},"thumbnailUrl":"https:\/\/d2p6e6u75xmxt8.cloudfront.net\/4\/2021\/05\/E-bike-motor-profimedia-0539514497-CVR.webp","datePublished":"2021-05-27T09:00:12+00:00","author":{"@id":""},"breadcrumb":{"@id":"https:\/\/www.welovecycling.com\/sk\/2021\/05\/27\/prepleteny-osud-elektrickej-energie-a-cyklistiky\/#breadcrumb"},"inLanguage":"sk-SK","potentialAction":[{"@type":"ReadAction","target":["https:\/\/www.welovecycling.com\/sk\/2021\/05\/27\/prepleteny-osud-elektrickej-energie-a-cyklistiky\/"]}]},{"@type":"ImageObject","inLanguage":"sk-SK","@id":"https:\/\/www.welovecycling.com\/sk\/2021\/05\/27\/prepleteny-osud-elektrickej-energie-a-cyklistiky\/#primaryimage","url":"https:\/\/d2p6e6u75xmxt8.cloudfront.net\/4\/2021\/05\/E-bike-motor-profimedia-0539514497-CVR.webp","contentUrl":"https:\/\/d2p6e6u75xmxt8.cloudfront.net\/4\/2021\/05\/E-bike-motor-profimedia-0539514497-CVR.webp","width":1366,"height":600,"caption":"E-Bike Motor"},{"@type":"BreadcrumbList","@id":"https:\/\/www.welovecycling.com\/sk\/2021\/05\/27\/prepleteny-osud-elektrickej-energie-a-cyklistiky\/#breadcrumb","itemListElement":[{"@type":"ListItem","position":1,"name":"Home","item":"https:\/\/www.welovecycling.com\/sk\/"},{"@type":"ListItem","position":2,"name":"Prepleten\u00fd osud elektrickej energie a cyklistiky"}]},{"@type":"WebSite","@id":"https:\/\/www.welovecycling.com\/sk\/#website","url":"https:\/\/www.welovecycling.com\/sk\/","name":"\u0160koda We Love Cycling Slovensko","description":"\u0160koda We Love Cycling Slovensko je v\u00e1\u0161 ka\u017edodenn\u00fd zdroj noviniek a in\u0161pir\u00e1cie z sveta cyklistiky","potentialAction":[{"@type":"SearchAction","target":{"@type":"EntryPoint","urlTemplate":"https:\/\/www.welovecycling.com\/sk\/?s={search_term_string}"},"query-input":{"@type":"PropertyValueSpecification","valueRequired":true,"valueName":"search_term_string"}}],"inLanguage":"sk-SK"},{"@type":"Person","@id":"","url":"https:\/\/www.welovecycling.com\/sk\/author\/"}]}},"_links":{"self":[{"href":"https:\/\/www.welovecycling.com\/sk\/wp-json\/wp\/v2\/posts\/11782","targetHints":{"allow":["GET"]}}],"collection":[{"href":"https:\/\/www.welovecycling.com\/sk\/wp-json\/wp\/v2\/posts"}],"about":[{"href":"https:\/\/www.welovecycling.com\/sk\/wp-json\/wp\/v2\/types\/post"}],"author":[{"embeddable":true,"href":"https:\/\/www.welovecycling.com\/sk\/wp-json\/wp\/v2\/users\/81"}],"replies":[{"embeddable":true,"href":"https:\/\/www.welovecycling.com\/sk\/wp-json\/wp\/v2\/comments?post=11782"}],"version-history":[{"count":2,"href":"https:\/\/www.welovecycling.com\/sk\/wp-json\/wp\/v2\/posts\/11782\/revisions"}],"predecessor-version":[{"id":11788,"href":"https:\/\/www.welovecycling.com\/sk\/wp-json\/wp\/v2\/posts\/11782\/revisions\/11788"}],"wp:featuredmedia":[{"embeddable":true,"href":"https:\/\/www.welovecycling.com\/sk\/wp-json\/wp\/v2\/media\/11786"}],"wp:attachment":[{"href":"https:\/\/www.welovecycling.com\/sk\/wp-json\/wp\/v2\/media?parent=11782"}],"wp:term":[{"taxonomy":"category","embeddable":true,"href":"https:\/\/www.welovecycling.com\/sk\/wp-json\/wp\/v2\/categories?post=11782"},{"taxonomy":"post_tag","embeddable":true,"href":"https:\/\/www.welovecycling.com\/sk\/wp-json\/wp\/v2\/tags?post=11782"},{"taxonomy":"global-categories","embeddable":true,"href":"https:\/\/www.welovecycling.com\/sk\/wp-json\/wp\/v2\/global-categories?post=11782"}],"curies":[{"name":"wp","href":"https:\/\/api.w.org\/{rel}","templated":true}]}}