{"id":11764,"date":"2021-05-11T10:00:45","date_gmt":"2021-05-11T08:00:45","guid":{"rendered":"https:\/\/www.welovecycling.com\/sk\/?p=11764"},"modified":"2023-04-14T11:45:06","modified_gmt":"2023-04-14T09:45:06","slug":"moze-chris-froome-tento-rok-vyhrat-tour","status":"publish","type":"post","link":"https:\/\/www.welovecycling.com\/sk\/2021\/05\/11\/moze-chris-froome-tento-rok-vyhrat-tour\/","title":{"rendered":"M\u00f4\u017ee Chris Froome tento rok vyhra\u0165 Tour?"},"content":{"rendered":"<p><strong>Jedn\u00fdm z najv\u00e4\u010d\u0161\u00edch pr\u00edbehov tohtoro\u010dnej sez\u00f3ny cestnej cyklistiky, bude bezpochyby n\u00e1vrat Chrisa Frooma, \u0161tvorn\u00e1sobn\u00e9ho v\u00ed\u0165aza Tour de France. Tridsa\u0165p\u00e4\u0165ro\u010dn\u00fd britsk\u00fd cyklista, ktor\u00fd sa narodil v Keni, utrpel zlomeninu pravej stehennej kosti, zlomeninu lak\u0165a a nieko\u013ek\u00fdch rebier, pri vysokej r\u00fdchlosti po\u010das Crit\u00e9rium du Dauphin\u00e9. V\u00fdsledkom bolo, \u017ee netr\u00e9noval viac ako tri mesiace a v j\u00fali 2020 odi\u0161iel z t\u00edmu Ineos. Podp\u00edsal dlhodob\u00fd kontrakt s nov\u00fdm izraelsk\u00fdm t\u00edmom Start-up Nation.<\/strong><\/p>\n<p><!--more-->Je pred n\u00edm ve\u013ea prek\u00e1\u017eok, ktor\u00e9 mus\u00ed prekona\u0165, aby dosiahol na t\u00fa \u00farove\u0148, ktor\u00fa mal pred zranen\u00edm. Podar\u00ed sa mu op\u00e4\u0165 dosta\u0165 do formy? Podar\u00ed sa mu vyhra\u0165 piatu Tour de France, ako si s\u013e\u00fabil?<\/p>\n<p><em>&#8222;Je jasn\u00e9, \u017ee e\u0161te m\u00e1m pred sebou ve\u013ea pr\u00e1ce,&#8220;<\/em> uviedol Froome prostredn\u00edctvom videa v polovici marca po tr\u00e9ningovej jazde na ostrove Tenerife.<\/p>\n<lite-youtube videoid=W07pzuTzH1Y params=\"enablejsapi=1\" style=\"background-image: url('https:\/\/i.ytimg.com\/vi_webp\/W07pzuTzH1Y\/maxresdefault.webp');\"><\/lite-youtube>\n<p>Video tie\u017e zobrazuje Frooma po\u010das jeho prv\u00fdch pretekov v roku, na UAE Tour. V celkovej klasifik\u00e1cii skon\u010dil na 47. mieste a nikdy nebol bl\u00edzko k v\u00ed\u0165azstvu.<\/p>\n<p>Froome bol sklaman\u00fd zo svojho v\u00fdsledku a d\u00e1val to za vinu intenz\u00edvnym hor\u00fa\u010dav\u00e1m a n\u00e1ro\u010dn\u00fdm pretekom. <em>&#8222;Pretekanie na UAE bolo pre m\u00f4j syst\u00e9m trochu \u0161okom,&#8220;<\/em> uviedol. <em>&#8222;V prvej etape f\u00fakal siln\u00fd bo\u010dn\u00fd vietor hne\u010f od \u0161tartu.&#8220;<\/em> Povedal som si: <em>\u201eOK, po\u010fme znovu preteka\u0165.\u201c<\/em><\/p>\n<p>Povedal tie\u017e, \u017ee sa zd\u00e1, \u017ee najlep\u0161\u00ed jazdci s\u00fa u\u017e v marci bl\u00edzko formy Tour de France, \u010do sa l\u00ed\u0161i od toho, ako sa be\u017ene pripravoval on na svoju sez\u00f3nu. <em>&#8222;Zvy\u010dajne sme sa postupne dost\u00e1vali do formy po\u010das prv\u00fdch men\u0161\u00edch pretekov sez\u00f3ny a pripravovali sa tak na ve\u013ek\u00e9 preteky,&#8220;<\/em> uviedol. <em>&#8222;Teraz jazdci za\u010d\u00ednaj\u00fa hne\u010f naplno.&#8220;<\/em><\/p>\n<p>Mo\u017eno \u017ee to tak c\u00edti aj preto, lebo e\u0161te st\u00e1le nem\u00e1 formu, ktor\u00fa zvykol m\u00e1va\u0165 pred Tour.<\/p>\n<figure id=\"attachment_11766\" aria-describedby=\"caption-attachment-11766\" style=\"width: 1024px\" class=\"wp-caption alignnone\"><a href=\"https:\/\/d2p6e6u75xmxt8.cloudfront.net\/2\/2021\/04\/Chris-Froome-profimedia-0592485249.jpg\"><img loading=\"lazy\" decoding=\"async\" class=\"size-large wp-image-11766\" src=\"https:\/\/d2p6e6u75xmxt8.cloudfront.net\/4\/2021\/05\/Chris-Froome-profimedia-0592485249-1024x682.jpg\" alt=\"Chris Froome\" width=\"1024\" height=\"682\" \/><\/a><figcaption id=\"caption-attachment-11766\" class=\"wp-caption-text\">UAE Tour 2021. \u00a9 Profimedia<\/figcaption><\/figure>\n<p>Froome tie\u017e povedal nie\u010do, \u010do je ve\u013emi znepokojuj\u00face pre t\u00fdch, ktor\u00ed veria, \u017ee m\u00f4\u017ee vyhra\u0165 Tour a sta\u0165 sa p\u00e4\u0165n\u00e1sobn\u00fdm v\u00ed\u0165azom, ako legendy Eddy Merckx, Bernard Hinault, Jacques Anquetil a Miguel Indurain.<\/p>\n<p><em>&#8222;Rob\u00edm ve\u013ea silov\u00e9ho cvi\u010denia mimo bicykla. A len postupne sa zlep\u0161ujem. Pravdepodobne to budem musie\u0165 robi\u0165 po\u010das celej svojej kari\u00e9ry.\u201c<\/em><\/p>\n<p>Ve\u013ek\u00fa \u010das\u0165 jeho rehabilit\u00e1cie tvorilo silov\u00e9 cvi\u010denie, \u010do znamen\u00e1, \u017ee v rehabilit\u00e1cii bude pokra\u010dova\u0165 a\u017e do konca svojej z\u00e1vodnej kari\u00e9ry, \u010do pre jeho bud\u00facnos\u0165 neve\u0161t\u00ed ni\u010d dobr\u00e9. A rovnako ani jeho v\u00fdsledok na ned\u00e1vnej La Volta a Catalunya, kde skon\u010dil na 81. mieste, takmer 54 min\u00fat za v\u00ed\u0165azom, krajanom Adamom Yatesom, z Froomovho b\u00fdval\u00e9ho t\u00edmu Ineos Grenadiers.<\/p>\n<figure id=\"attachment_11767\" aria-describedby=\"caption-attachment-11767\" style=\"width: 1024px\" class=\"wp-caption alignnone\"><a href=\"https:\/\/d2p6e6u75xmxt8.cloudfront.net\/2\/2021\/04\/Chris-Froome-profimedia-0600069254.jpg\"><img loading=\"lazy\" decoding=\"async\" class=\"wp-image-11767 size-large\" src=\"https:\/\/d2p6e6u75xmxt8.cloudfront.net\/4\/2021\/05\/Chris-Froome-profimedia-0600069254-1024x683.jpg\" alt=\"Chris Froome\" width=\"1024\" height=\"683\" \/><\/a><figcaption id=\"caption-attachment-11767\" class=\"wp-caption-text\">V prvej f\u00e1ze roku 2021 na La Volta a Catalunya. \u00a9 Profimedia<\/figcaption><\/figure>\n<p>By\u0165 tak pozadu za najlep\u0161\u00edmi jazdcami len p\u00e1r mesiacov pred za\u010diatkom Tour de France, to neznie n\u00e1dejne na tohtoro\u010dn\u00e9 v\u00ed\u0165azstvo na Tour. A Froome v m\u00e1ji dov\u0155\u0161i 36 rokov. Najstar\u0161\u00ed v\u00ed\u0165az Tour, Firmin Lambot, mal 36 rokov, 4 mesiace, ke\u010f vyhral v roku 1922. To v\u0161ak neznamen\u00e1, \u017ee Froome u\u017e nem\u00f4\u017ee zv\u00ed\u0165azi\u0165, len je to menej pravdepodobn\u00e9.<\/p>\n<p>Na ot\u00e1zku, ktor\u00fa mu na Volta polo\u017eil Cycling Weekly, \u010di je tohtoro\u010dn\u00e9 v\u00ed\u0165azstvo na Tour st\u00e1le primeran\u00fdm cie\u013eom, neznel Froome ve\u013emi odhodlane.<\/p>\n<p><em>&#8222;Je to \u0165a\u017ek\u00e9 predv\u00edda\u0165,&#8220;<\/em> povedal. <em>&#8222;Moment\u00e1lne sa zlep\u0161ujem z t\u00fd\u017ed\u0148a na t\u00fd\u017ede\u0148. Prirodzene, r\u00e1d by som bol pripraven\u00fd na Tour de France, ale mus\u00edm na sebe na\u010falej pracova\u0165.\u201c<\/em><\/p>\n","protected":false},"excerpt":{"rendered":"<p>Jedn\u00fdm z najv\u00e4\u010d\u0161\u00edch pr\u00edbehov tohtoro\u010dnej sez\u00f3ny cestnej cyklistiky, bude bezpochyby n\u00e1vrat Chrisa Frooma, \u0161tvorn\u00e1sobn\u00e9ho v\u00ed\u0165aza Tour de France. Tridsa\u0165p\u00e4\u0165ro\u010dn\u00fd britsk\u00fd [&hellip;]<\/p>\n","protected":false},"author":172,"featured_media":11769,"comment_status":"open","ping_status":"open","sticky":false,"template":"","format":"standard","meta":{"footnotes":""},"categories":[4],"tags":[115,119,331,179,885,20],"global-categories":[],"class_list":["post-11764","post","type-post","status-publish","format-standard","has-post-thumbnail","hentry","category-cestna-cyklisitika","tag-cestna-cyklistika","tag-chris-froome","tag-etapove-preteky","tag-preteky","tag-profesional","tag-tour-de-france"],"yoast_head":"<!-- This site is optimized with the Yoast SEO Premium plugin v25.3 (Yoast SEO v25.9) - https:\/\/yoast.com\/wordpress\/plugins\/seo\/ -->\n<title>M\u00f4\u017ee Chris Froome tento rok vyhra\u0165 Tour?<\/title>\n<meta name=\"description\" content=\"Jedn\u00fdm z najv\u00e4\u010d\u0161\u00edch pr\u00edbehov tohtoro\u010dnej sez\u00f3ny, bude bezpochyby n\u00e1vrat Chrisa Frooma, \u0161tvorn\u00e1sobn\u00e9ho v\u00ed\u0165aza Tour de France.\" \/>\n<meta name=\"robots\" content=\"index, follow, max-snippet:-1, max-image-preview:large, max-video-preview:-1\" \/>\n<link rel=\"canonical\" href=\"https:\/\/www.welovecycling.com\/sk\/2021\/05\/11\/moze-chris-froome-tento-rok-vyhrat-tour\/\" \/>\n<meta property=\"og:locale\" content=\"sk_SK\" \/>\n<meta property=\"og:type\" content=\"article\" \/>\n<meta property=\"og:title\" content=\"M\u00f4\u017ee Chris Froome tento rok vyhra\u0165 Tour?\" \/>\n<meta property=\"og:description\" content=\"Jedn\u00fdm z najv\u00e4\u010d\u0161\u00edch pr\u00edbehov tohtoro\u010dnej sez\u00f3ny, bude bezpochyby n\u00e1vrat Chrisa Frooma, \u0161tvorn\u00e1sobn\u00e9ho v\u00ed\u0165aza Tour de France.\" \/>\n<meta property=\"og:url\" content=\"https:\/\/www.welovecycling.com\/sk\/2021\/05\/11\/moze-chris-froome-tento-rok-vyhrat-tour\/\" \/>\n<meta property=\"og:site_name\" content=\"\u0160koda We Love Cycling Slovensko\" \/>\n<meta property=\"article:published_time\" content=\"2021-05-11T08:00:45+00:00\" \/>\n<meta property=\"article:modified_time\" content=\"2023-04-14T09:45:06+00:00\" \/>\n<meta property=\"og:image\" content=\"https:\/\/d2p6e6u75xmxt8.cloudfront.net\/4\/2021\/05\/Chris-Froome-profimedia-0592252353-CVR.webp\" \/>\n\t<meta property=\"og:image:width\" content=\"1366\" \/>\n\t<meta property=\"og:image:height\" content=\"600\" \/>\n\t<meta property=\"og:image:type\" content=\"image\/webp\" \/>\n<meta name=\"author\" content=\"dominika\" \/>\n<meta name=\"twitter:card\" content=\"summary_large_image\" \/>\n<meta name=\"twitter:label1\" content=\"Written by\" \/>\n\t<meta name=\"twitter:data1\" content=\"Siegfried Mortkowitz\" \/>\n\t<meta name=\"twitter:label2\" content=\"Est. reading time\" \/>\n\t<meta name=\"twitter:data2\" content=\"5\" \/>\n<script type=\"application\/ld+json\" class=\"yoast-schema-graph\">{\"@context\":\"https:\/\/schema.org\",\"@graph\":[{\"@type\":\"WebPage\",\"@id\":\"https:\/\/www.welovecycling.com\/sk\/2021\/05\/11\/moze-chris-froome-tento-rok-vyhrat-tour\/\",\"url\":\"https:\/\/www.welovecycling.com\/sk\/2021\/05\/11\/moze-chris-froome-tento-rok-vyhrat-tour\/\",\"name\":\"M\u00f4\u017ee Chris Froome tento rok vyhra\u0165 Tour?\",\"isPartOf\":{\"@id\":\"https:\/\/www.welovecycling.com\/sk\/#website\"},\"primaryImageOfPage\":{\"@id\":\"https:\/\/www.welovecycling.com\/sk\/2021\/05\/11\/moze-chris-froome-tento-rok-vyhrat-tour\/#primaryimage\"},\"image\":{\"@id\":\"https:\/\/www.welovecycling.com\/sk\/2021\/05\/11\/moze-chris-froome-tento-rok-vyhrat-tour\/#primaryimage\"},\"thumbnailUrl\":\"https:\/\/d2p6e6u75xmxt8.cloudfront.net\/4\/2021\/05\/Chris-Froome-profimedia-0592252353-CVR.webp\",\"datePublished\":\"2021-05-11T08:00:45+00:00\",\"dateModified\":\"2023-04-14T09:45:06+00:00\",\"author\":{\"@id\":\"https:\/\/www.welovecycling.com\/sk\/#\/schema\/person\/533b62b98b6c41bd5135ebfb1f742624\"},\"description\":\"Jedn\u00fdm z najv\u00e4\u010d\u0161\u00edch pr\u00edbehov tohtoro\u010dnej sez\u00f3ny, bude bezpochyby n\u00e1vrat Chrisa Frooma, \u0161tvorn\u00e1sobn\u00e9ho v\u00ed\u0165aza Tour de France.\",\"breadcrumb\":{\"@id\":\"https:\/\/www.welovecycling.com\/sk\/2021\/05\/11\/moze-chris-froome-tento-rok-vyhrat-tour\/#breadcrumb\"},\"inLanguage\":\"sk-SK\",\"potentialAction\":[{\"@type\":\"ReadAction\",\"target\":[\"https:\/\/www.welovecycling.com\/sk\/2021\/05\/11\/moze-chris-froome-tento-rok-vyhrat-tour\/\"]}]},{\"@type\":\"ImageObject\",\"inLanguage\":\"sk-SK\",\"@id\":\"https:\/\/www.welovecycling.com\/sk\/2021\/05\/11\/moze-chris-froome-tento-rok-vyhrat-tour\/#primaryimage\",\"url\":\"https:\/\/d2p6e6u75xmxt8.cloudfront.net\/4\/2021\/05\/Chris-Froome-profimedia-0592252353-CVR.webp\",\"contentUrl\":\"https:\/\/d2p6e6u75xmxt8.cloudfront.net\/4\/2021\/05\/Chris-Froome-profimedia-0592252353-CVR.webp\",\"width\":1366,\"height\":600,\"caption\":\"Chris Froome\"},{\"@type\":\"BreadcrumbList\",\"@id\":\"https:\/\/www.welovecycling.com\/sk\/2021\/05\/11\/moze-chris-froome-tento-rok-vyhrat-tour\/#breadcrumb\",\"itemListElement\":[{\"@type\":\"ListItem\",\"position\":1,\"name\":\"Home\",\"item\":\"https:\/\/www.welovecycling.com\/sk\/\"},{\"@type\":\"ListItem\",\"position\":2,\"name\":\"M\u00f4\u017ee Chris Froome tento rok vyhra\u0165 Tour?\"}]},{\"@type\":\"WebSite\",\"@id\":\"https:\/\/www.welovecycling.com\/sk\/#website\",\"url\":\"https:\/\/www.welovecycling.com\/sk\/\",\"name\":\"\u0160koda We Love Cycling Slovensko\",\"description\":\"\u0160koda We Love Cycling Slovensko je v\u00e1\u0161 ka\u017edodenn\u00fd zdroj noviniek a in\u0161pir\u00e1cie z sveta cyklistiky\",\"potentialAction\":[{\"@type\":\"SearchAction\",\"target\":{\"@type\":\"EntryPoint\",\"urlTemplate\":\"https:\/\/www.welovecycling.com\/sk\/?s={search_term_string}\"},\"query-input\":{\"@type\":\"PropertyValueSpecification\",\"valueRequired\":true,\"valueName\":\"search_term_string\"}}],\"inLanguage\":\"sk-SK\"},{\"@type\":\"Person\",\"@id\":\"https:\/\/www.welovecycling.com\/sk\/#\/schema\/person\/533b62b98b6c41bd5135ebfb1f742624\",\"name\":\"dominika\",\"image\":{\"@type\":\"ImageObject\",\"inLanguage\":\"sk-SK\",\"@id\":\"https:\/\/www.welovecycling.com\/sk\/#\/schema\/person\/image\/\",\"url\":\"https:\/\/secure.gravatar.com\/avatar\/ded6f274ba2ec3e17fff153f7d9d96a4b33c2cb63907f75d9a5309c599a7f3e6?s=96&d=mm&r=g\",\"contentUrl\":\"https:\/\/secure.gravatar.com\/avatar\/ded6f274ba2ec3e17fff153f7d9d96a4b33c2cb63907f75d9a5309c599a7f3e6?s=96&d=mm&r=g\",\"caption\":\"dominika\"},\"url\":\"https:\/\/www.welovecycling.com\/sk\/author\/dominika\/\"}]}<\/script>\n<!-- \/ Yoast SEO Premium plugin. -->","yoast_head_json":{"title":"M\u00f4\u017ee Chris Froome tento rok vyhra\u0165 Tour?","description":"Jedn\u00fdm z najv\u00e4\u010d\u0161\u00edch pr\u00edbehov tohtoro\u010dnej sez\u00f3ny, bude bezpochyby n\u00e1vrat Chrisa Frooma, \u0161tvorn\u00e1sobn\u00e9ho v\u00ed\u0165aza Tour de France.","robots":{"index":"index","follow":"follow","max-snippet":"max-snippet:-1","max-image-preview":"max-image-preview:large","max-video-preview":"max-video-preview:-1"},"canonical":"https:\/\/www.welovecycling.com\/sk\/2021\/05\/11\/moze-chris-froome-tento-rok-vyhrat-tour\/","og_locale":"sk_SK","og_type":"article","og_title":"M\u00f4\u017ee Chris Froome tento rok vyhra\u0165 Tour?","og_description":"Jedn\u00fdm z najv\u00e4\u010d\u0161\u00edch pr\u00edbehov tohtoro\u010dnej sez\u00f3ny, bude bezpochyby n\u00e1vrat Chrisa Frooma, \u0161tvorn\u00e1sobn\u00e9ho v\u00ed\u0165aza Tour de France.","og_url":"https:\/\/www.welovecycling.com\/sk\/2021\/05\/11\/moze-chris-froome-tento-rok-vyhrat-tour\/","og_site_name":"\u0160koda We Love Cycling Slovensko","article_published_time":"2021-05-11T08:00:45+00:00","article_modified_time":"2023-04-14T09:45:06+00:00","og_image":[{"width":1366,"height":600,"url":"https:\/\/d2p6e6u75xmxt8.cloudfront.net\/4\/2021\/05\/Chris-Froome-profimedia-0592252353-CVR.webp","type":"image\/webp"}],"author":"dominika","twitter_card":"summary_large_image","twitter_misc":{"Written by":"Siegfried Mortkowitz","Est. reading time":"5"},"schema":{"@context":"https:\/\/schema.org","@graph":[{"@type":"WebPage","@id":"https:\/\/www.welovecycling.com\/sk\/2021\/05\/11\/moze-chris-froome-tento-rok-vyhrat-tour\/","url":"https:\/\/www.welovecycling.com\/sk\/2021\/05\/11\/moze-chris-froome-tento-rok-vyhrat-tour\/","name":"M\u00f4\u017ee Chris Froome tento rok vyhra\u0165 Tour?","isPartOf":{"@id":"https:\/\/www.welovecycling.com\/sk\/#website"},"primaryImageOfPage":{"@id":"https:\/\/www.welovecycling.com\/sk\/2021\/05\/11\/moze-chris-froome-tento-rok-vyhrat-tour\/#primaryimage"},"image":{"@id":"https:\/\/www.welovecycling.com\/sk\/2021\/05\/11\/moze-chris-froome-tento-rok-vyhrat-tour\/#primaryimage"},"thumbnailUrl":"https:\/\/d2p6e6u75xmxt8.cloudfront.net\/4\/2021\/05\/Chris-Froome-profimedia-0592252353-CVR.webp","datePublished":"2021-05-11T08:00:45+00:00","dateModified":"2023-04-14T09:45:06+00:00","author":{"@id":"https:\/\/www.welovecycling.com\/sk\/#\/schema\/person\/533b62b98b6c41bd5135ebfb1f742624"},"description":"Jedn\u00fdm z najv\u00e4\u010d\u0161\u00edch pr\u00edbehov tohtoro\u010dnej sez\u00f3ny, bude bezpochyby n\u00e1vrat Chrisa Frooma, \u0161tvorn\u00e1sobn\u00e9ho v\u00ed\u0165aza Tour de France.","breadcrumb":{"@id":"https:\/\/www.welovecycling.com\/sk\/2021\/05\/11\/moze-chris-froome-tento-rok-vyhrat-tour\/#breadcrumb"},"inLanguage":"sk-SK","potentialAction":[{"@type":"ReadAction","target":["https:\/\/www.welovecycling.com\/sk\/2021\/05\/11\/moze-chris-froome-tento-rok-vyhrat-tour\/"]}]},{"@type":"ImageObject","inLanguage":"sk-SK","@id":"https:\/\/www.welovecycling.com\/sk\/2021\/05\/11\/moze-chris-froome-tento-rok-vyhrat-tour\/#primaryimage","url":"https:\/\/d2p6e6u75xmxt8.cloudfront.net\/4\/2021\/05\/Chris-Froome-profimedia-0592252353-CVR.webp","contentUrl":"https:\/\/d2p6e6u75xmxt8.cloudfront.net\/4\/2021\/05\/Chris-Froome-profimedia-0592252353-CVR.webp","width":1366,"height":600,"caption":"Chris Froome"},{"@type":"BreadcrumbList","@id":"https:\/\/www.welovecycling.com\/sk\/2021\/05\/11\/moze-chris-froome-tento-rok-vyhrat-tour\/#breadcrumb","itemListElement":[{"@type":"ListItem","position":1,"name":"Home","item":"https:\/\/www.welovecycling.com\/sk\/"},{"@type":"ListItem","position":2,"name":"M\u00f4\u017ee Chris Froome tento rok vyhra\u0165 Tour?"}]},{"@type":"WebSite","@id":"https:\/\/www.welovecycling.com\/sk\/#website","url":"https:\/\/www.welovecycling.com\/sk\/","name":"\u0160koda We Love Cycling Slovensko","description":"\u0160koda We Love Cycling Slovensko je v\u00e1\u0161 ka\u017edodenn\u00fd zdroj noviniek a in\u0161pir\u00e1cie z sveta cyklistiky","potentialAction":[{"@type":"SearchAction","target":{"@type":"EntryPoint","urlTemplate":"https:\/\/www.welovecycling.com\/sk\/?s={search_term_string}"},"query-input":{"@type":"PropertyValueSpecification","valueRequired":true,"valueName":"search_term_string"}}],"inLanguage":"sk-SK"},{"@type":"Person","@id":"https:\/\/www.welovecycling.com\/sk\/#\/schema\/person\/533b62b98b6c41bd5135ebfb1f742624","name":"dominika","image":{"@type":"ImageObject","inLanguage":"sk-SK","@id":"https:\/\/www.welovecycling.com\/sk\/#\/schema\/person\/image\/","url":"https:\/\/secure.gravatar.com\/avatar\/ded6f274ba2ec3e17fff153f7d9d96a4b33c2cb63907f75d9a5309c599a7f3e6?s=96&d=mm&r=g","contentUrl":"https:\/\/secure.gravatar.com\/avatar\/ded6f274ba2ec3e17fff153f7d9d96a4b33c2cb63907f75d9a5309c599a7f3e6?s=96&d=mm&r=g","caption":"dominika"},"url":"https:\/\/www.welovecycling.com\/sk\/author\/dominika\/"}]}},"_links":{"self":[{"href":"https:\/\/www.welovecycling.com\/sk\/wp-json\/wp\/v2\/posts\/11764","targetHints":{"allow":["GET"]}}],"collection":[{"href":"https:\/\/www.welovecycling.com\/sk\/wp-json\/wp\/v2\/posts"}],"about":[{"href":"https:\/\/www.welovecycling.com\/sk\/wp-json\/wp\/v2\/types\/post"}],"author":[{"embeddable":true,"href":"https:\/\/www.welovecycling.com\/sk\/wp-json\/wp\/v2\/users\/172"}],"replies":[{"embeddable":true,"href":"https:\/\/www.welovecycling.com\/sk\/wp-json\/wp\/v2\/comments?post=11764"}],"version-history":[{"count":2,"href":"https:\/\/www.welovecycling.com\/sk\/wp-json\/wp\/v2\/posts\/11764\/revisions"}],"predecessor-version":[{"id":11771,"href":"https:\/\/www.welovecycling.com\/sk\/wp-json\/wp\/v2\/posts\/11764\/revisions\/11771"}],"wp:featuredmedia":[{"embeddable":true,"href":"https:\/\/www.welovecycling.com\/sk\/wp-json\/wp\/v2\/media\/11769"}],"wp:attachment":[{"href":"https:\/\/www.welovecycling.com\/sk\/wp-json\/wp\/v2\/media?parent=11764"}],"wp:term":[{"taxonomy":"category","embeddable":true,"href":"https:\/\/www.welovecycling.com\/sk\/wp-json\/wp\/v2\/categories?post=11764"},{"taxonomy":"post_tag","embeddable":true,"href":"https:\/\/www.welovecycling.com\/sk\/wp-json\/wp\/v2\/tags?post=11764"},{"taxonomy":"global-categories","embeddable":true,"href":"https:\/\/www.welovecycling.com\/sk\/wp-json\/wp\/v2\/global-categories?post=11764"}],"curies":[{"name":"wp","href":"https:\/\/api.w.org\/{rel}","templated":true}]}}