{"id":11753,"date":"2021-05-06T10:00:38","date_gmt":"2021-05-06T08:00:38","guid":{"rendered":"https:\/\/www.welovecycling.com\/sk\/?p=11753"},"modified":"2021-05-04T13:34:37","modified_gmt":"2021-05-04T11:34:37","slug":"ako-sklbit-pracu-rodinu-a-bicykel","status":"publish","type":"post","link":"https:\/\/www.welovecycling.com\/sk\/2021\/05\/06\/ako-sklbit-pracu-rodinu-a-bicykel\/","title":{"rendered":"Ako sk\u013abi\u0165 pr\u00e1cu, rodinu a\u00a0bicykel?"},"content":{"rendered":"<p><strong>Niekedy s\u00fa v\u00a0\u017eivote \u010dloveka chv\u00edle, ke\u010f sa c\u00edti doslova zavalen\u00fd pr\u00e1cou. Do toho sa m\u00f4\u017eu prida\u0165 drobn\u00e9 rodinn\u00e9 probl\u00e9my a\u00a0v\u00a0tak\u00fdch momentoch potrebuje nie\u010do, kde m\u00f4\u017ee na v\u0161etky starosti aspo\u0148 na chv\u00ed\u013eu zabudn\u00fa\u0165. Potrebuje miesto kam sa m\u00f4\u017ee uch\u00fdli\u0165, alebo \u010dinnos\u0165, do ktorej sa naplno ponor\u00ed. A\u00a0pr\u00e1ve preto by mal ka\u017ed\u00fd ma\u0165 nejak\u00e9ho kon\u00ed\u010dka, hobby, vo\u013eno\u010dasov\u00fa aktivitu. T\u00fdch mo\u017enost\u00ed je ve\u013ea a\u00a0nez\u00e1le\u017e\u00ed na tom, \u010di pestujete chilli papri\u010dky, alebo jazd\u00edte na bicykli.<\/strong><!--more--><\/p>\n<p>Je pravda, \u017ee pestovaniu papri\u010diek sa nemus\u00edte venova\u0165 nieko\u013eko hod\u00edn denne. Ke\u010f m\u00e1te kon\u00ed\u010dka, ktor\u00fd vy\u017eaduje to\u013eko \u010dasu ako je cyklistika, m\u00f4\u017ee by\u0165 skuto\u010dne probl\u00e9m rozumne to spoji\u0165 s\u00a0pr\u00e1cou a\u00a0rodinou. U\u017e len tak\u00fd najkrat\u0161\u00ed v\u00fdjazd trv\u00e1 minim\u00e1lne hodinku, aj to si teda zajazd\u00edte naozaj m\u00e1lo. A\u00a0to u\u017e ani nespom\u00ednajme poriadne nieko\u013eko hodinov\u00e9 jazdy s\u00a0kamar\u00e1tmi. Ak \u017eijete s\u00e1m, alebo e\u0161te s\u00a0rodi\u010dmi, tak to \u017eiadny v\u00e4\u010d\u0161\u00ed probl\u00e9m nie je. Probl\u00e9m je, ke\u010f si pl\u00e1nujete zalo\u017ei\u0165 rodinu, alebo u\u017e m\u00e1te aj deti. <strong>Vtedy treba ma\u0165 skuto\u010dne tolerantn\u00e9ho partnera.<\/strong> <\/p>\n<p><a href=\"https:\/\/d2p6e6u75xmxt8.cloudfront.net\/4\/2021\/05\/Praca_rodina_bike_01.jpg\"><img loading=\"lazy\" decoding=\"async\" src=\"https:\/\/d2p6e6u75xmxt8.cloudfront.net\/4\/2021\/05\/Praca_rodina_bike_01.jpg\" alt=\"\" width=\"1200\" height=\"800\" class=\"alignnone size-full wp-image-11756\" \/><\/a><\/p>\n<h2><strong>Rodina a\u00a0cyklistika<\/strong><\/h2>\n<p>Ke\u010f si zalo\u017e\u00edte rodinu a\u00a0e\u0161te nem\u00e1te deti, tak je to celkom jednoduch\u00e9. \u010ci u\u017e jazd\u00edte spolu, alebo sa ka\u017ed\u00fd vo vo\u013enom \u010dase venuje svojmu hobby, veci sa zdaj\u00fa by\u0165 celkom jednoduch\u00e9. Ale vo chv\u00edli, ke\u010f pr\u00eddu aj deti, je to s\u00edce kr\u00e1sna udalos\u0165 v\u00a0\u017eivote rodiny, <strong>ale vo\u013en\u00e9ho \u010dasu u\u017e to\u013eko zrazu nezost\u00e1va<\/strong>. Ke\u010f m\u00e1te mal\u00e9 deti, je to v\u00e4\u010d\u0161\u00ed probl\u00e9m, ako ke\u010f s\u00fa deti u\u017e odrasten\u00e9 a\u00a0nevy\u017eaduj\u00fa to\u013eko starostlivosti. Pri mal\u00fdch de\u0165och sa to d\u00e1 napl\u00e1nova\u0165 tak, \u017ee sa po\u010das starostlivosti budete strieda\u0165. Cez v\u00edkend sa m\u00f4\u017eete dohodn\u00fa\u0165, \u017ee dopoludnia p\u00f4jde jazdi\u0165 jeden z\u00a0v\u00e1s a\u00a0druh\u00fd sa zatia\u013e bude venova\u0165 de\u0165om a\u00a0popoludn\u00ed sa vymen\u00edte. Po\u010das pracovn\u00e9ho t\u00fd\u017ed\u0148a si m\u00f4\u017eete napl\u00e1nova\u0165 jednotliv\u00e9 dni, po\u010das ktor\u00fdch budete na bicykli a\u00a0po\u010das ktor\u00fdch sa budete venova\u0165 de\u0165om. V\u0161etko je to o\u00a0vz\u00e1jomn\u00fdch kompromisoch a\u00a0tolerancii.<\/p>\n<h2><strong>Ani doma nemus\u00edte zah\u00e1\u013ea\u0165<\/strong><\/h2>\n<p>Ke\u010f m\u00e1te de\u0148 vo\u013ena od bicykla a\u00a0ost\u00e1vate doma s\u00a0de\u0165mi, nemajte obavy, \u017ee by ste str\u00e1cali nie\u010do na kondi\u010dke. Starostlivos\u0165 o\u00a0deti je fyzicky poriadne n\u00e1ro\u010dn\u00e1 a\u00a0tak\u00e9 vys\u00e1vanie \u010di pranie d\u00e1 tie\u017e poriadne zabra\u0165. Vysk\u00fa\u0161ajte si to a\u00a0zist\u00edte, <strong>\u017ee u\u017e len ke\u010f beh\u00e1te cel\u00fd de\u0148 po byte a\u00a0okolo det\u00ed, tak sprav\u00edte skuto\u010dne ve\u013ea krokov<\/strong>. Schv\u00e1lne, sk\u00faste si da\u0165 doma fitness n\u00e1ramok, budete prekvapen\u00ed. A\u00a0to ani nehovor\u00edm, \u017ee ak m\u00e1te pol hodinku \u010das, m\u00f4\u017eete si zacvi\u010di\u0165 s\u00a0vlastnou hmotnos\u0165ou, jogu, alebo \u010doko\u013evek podobn\u00e9.<\/p>\n<p><a href=\"https:\/\/d2p6e6u75xmxt8.cloudfront.net\/4\/2021\/05\/Praca_rodina_bike_02.jpg\"><img loading=\"lazy\" decoding=\"async\" src=\"https:\/\/d2p6e6u75xmxt8.cloudfront.net\/4\/2021\/05\/Praca_rodina_bike_02.jpg\" alt=\"\" width=\"1200\" height=\"800\" class=\"alignnone size-full wp-image-11757\" \/><\/a><\/p>\n<h2><strong>Spolo\u010dn\u00e9 chv\u00edle<\/strong><\/h2>\n<p>A\u00a0nakoniec ak chcete str\u00e1vi\u0165 v\u00edkend spolu, ale pritom nechcete zanedb\u00e1va\u0165 ani svojho \u0161portov\u00e9ho ducha, vyberte sa cel\u00e1 rodina na turistiku. Nemus\u00edte sa ob\u00e1va\u0165, \u017ee deti to nezvl\u00e1dnu. Ak ich spr\u00e1vne namotivujete vydr\u017eia viacej ako vy. Budete prekvapen\u00ed. Ak chod\u00edte na cyklopreteky, ani to nemus\u00ed by\u0165 d\u00f4vodom, pre\u010do by ste ako rodina nemali by\u0165 spolu. <strong>Vyberte sa na miesto konania pretekov o\u00a0jeden de\u0148 sk\u00f4r a\u00a0spozn\u00e1vajte kr\u00e1sy tamoj\u0161ej krajiny<\/strong>, alebo objavujte miestne zr\u00facaniny hradov \u010di kr\u00e1su miest. V\u00a0de\u0148 konania pretekov, budete v\u00a0lep\u0161ej n\u00e1lade a\u00a0viacej odd\u00fdchnut\u00ed, ako keby ste tam skoro r\u00e1no museli absolvova\u0165 n\u00e1ro\u010dn\u00fa a\u00a0nieko\u013ekohodinov\u00fa cestu autom.    <\/p>\n<h2><strong>Pracovn\u00e9 povinnosti<\/strong><\/h2>\n<p>No a\u00a0ako prepoji\u0165 pr\u00e1cu a\u00a0cyklistiku? Ak v\u00e1m to druh pr\u00e1ce umo\u017e\u0148uje, chodievajte do pr\u00e1ce na bicykli. Pr\u00edpadne, ak nie je va\u0161e pr\u00e1ca vzdialen\u00e1 od domu hodinu cesty autom, tak tie\u017e m\u00f4\u017eete doch\u00e1dza\u0165 na bicykli. <strong>V\u00a0takom pr\u00edpade spoj\u00edte pr\u00edjemn\u00e9 s\u00a0u\u017eito\u010dn\u00fdm a\u00a0budete sa udr\u017eiava\u0165 v\u00a0kond\u00edcii takmer po cel\u00fd rok.<\/strong> Ako v\u0161ak napl\u00e1nova\u0165 pr\u00edpravu na d\u00f4le\u017eit\u00e9 preteky? Vtedy potrebujete intenz\u00edvnej\u0161ie tr\u00e9nova\u0165 nielen cez v\u00edkend, ale aj cez t\u00fd\u017ede\u0148. Rie\u0161en\u00edm m\u00f4\u017ee by\u0165 vzia\u0165 si vo\u013eno a\u00a0napl\u00e1nova\u0165 rodinn\u00fa dovolenku. M\u00f4\u017eete sa k\u013eudne vybra\u0165 aj do Chorv\u00e1tska, ale nezabudnite si pribali\u0165 bicykel a\u00a0rodinu pripravi\u0165 na to, \u017ee budete denne nieko\u013eko hod\u00edn tr\u00e9nova\u0165. Tr\u00e9ningy tie\u017e nemusia ve\u013emi zasahova\u0165 do spolo\u010dn\u00e9ho \u010dasu. M\u00f4\u017eete tr\u00e9nova\u0165 v\u00a0skor\u00fdch rann\u00fdch hodin\u00e1ch, ke\u010f deti e\u0161te spia a\u00a0vonku e\u0161te nie je hor\u00faco. Ke\u010f sa vr\u00e1tite deti u\u017e bud\u00fa nara\u0148ajkovan\u00e9 a\u00a0m\u00f4\u017eete vyrazi\u0165 k\u00a0moru, kde po n\u00e1ro\u010dnom tr\u00e9ningu perfektne zregenerujete.<\/p>\n<p><a href=\"https:\/\/d2p6e6u75xmxt8.cloudfront.net\/4\/2021\/05\/Praca_rodina_bike_03.jpg\"><img loading=\"lazy\" decoding=\"async\" src=\"https:\/\/d2p6e6u75xmxt8.cloudfront.net\/4\/2021\/05\/Praca_rodina_bike_03.jpg\" alt=\"\" width=\"1200\" height=\"800\" class=\"alignnone size-full wp-image-11758\" \/><\/a><\/p>\n<p><strong>\u010coko\u013evek v\u00a0\u017eivote rob\u00edte, treba robi\u0165 s\u00a0rozumom a\u00a0bra\u0165 oh\u013ead na svoje okolie.<\/strong> Vtedy sa dostavia aj po\u017eadovan\u00e9 v\u00fdsledky. A\u00a0ako bonus navy\u0161e, bude rodinn\u00e1 pohoda, spokojnos\u0165 a\u00a0radostn\u00e9 chv\u00edle. A\u00a0pr\u00e1ve v\u00a0takejto atmosf\u00e9re sa najlep\u0161ie dosahuj\u00fa dobr\u00e9 v\u00fdsledky.<\/p>\n<p>Zdroj fotografi\u00ed: pixabay.com<\/p>\n","protected":false},"excerpt":{"rendered":"<p>Niekedy s\u00fa v\u00a0\u017eivote \u010dloveka chv\u00edle, ke\u010f sa c\u00edti doslova zavalen\u00fd pr\u00e1cou. Do toho sa m\u00f4\u017eu prida\u0165 drobn\u00e9 rodinn\u00e9 probl\u00e9my a\u00a0v\u00a0tak\u00fdch [&hellip;]<\/p>\n","protected":false},"author":81,"featured_media":11755,"comment_status":"open","ping_status":"open","sticky":false,"template":"","format":"standard","meta":{"footnotes":""},"categories":[191],"tags":[794,115,507,53,180,857,509],"global-categories":[1074],"class_list":["post-11753","post","type-post","status-publish","format-standard","has-post-thumbnail","hentry","category-odporucame","tag-cas","tag-cestna-cyklistika","tag-cyklorodinka","tag-deti","tag-horska-cyklistika","tag-praca","tag-rodina","global-categories-cycling"],"yoast_head":"<!-- This site is optimized with the Yoast SEO Premium plugin v25.3 (Yoast SEO v25.9) - https:\/\/yoast.com\/wordpress\/plugins\/seo\/ -->\n<title>Ako sk\u013abi\u0165 pr\u00e1cu, rodinu a\u00a0bicykel? - \u0160koda We Love Cycling Slovensko<\/title>\n<meta name=\"robots\" content=\"index, follow, max-snippet:-1, max-image-preview:large, max-video-preview:-1\" \/>\n<link rel=\"canonical\" href=\"https:\/\/www.welovecycling.com\/sk\/2021\/05\/06\/ako-sklbit-pracu-rodinu-a-bicykel\/\" \/>\n<meta property=\"og:locale\" content=\"sk_SK\" \/>\n<meta property=\"og:type\" content=\"article\" \/>\n<meta property=\"og:title\" content=\"Ako sk\u013abi\u0165 pr\u00e1cu, rodinu a\u00a0bicykel?\" \/>\n<meta property=\"og:description\" content=\"Niekedy s\u00fa v\u00a0\u017eivote \u010dloveka chv\u00edle, ke\u010f sa c\u00edti doslova zavalen\u00fd pr\u00e1cou. Do toho sa m\u00f4\u017eu prida\u0165 drobn\u00e9 rodinn\u00e9 probl\u00e9my a\u00a0v\u00a0tak\u00fdch [&hellip;]\" \/>\n<meta property=\"og:url\" content=\"https:\/\/www.welovecycling.com\/sk\/2021\/05\/06\/ako-sklbit-pracu-rodinu-a-bicykel\/\" \/>\n<meta property=\"og:site_name\" content=\"\u0160koda We Love Cycling Slovensko\" \/>\n<meta property=\"article:published_time\" content=\"2021-05-06T08:00:38+00:00\" \/>\n<meta property=\"og:image\" content=\"https:\/\/d2p6e6u75xmxt8.cloudfront.net\/4\/2021\/05\/Praca_rodina_bike_00.webp\" \/>\n\t<meta property=\"og:image:width\" content=\"1380\" \/>\n\t<meta property=\"og:image:height\" content=\"600\" \/>\n\t<meta property=\"og:image:type\" content=\"image\/webp\" \/>\n<meta name=\"twitter:card\" content=\"summary_large_image\" \/>\n<meta name=\"twitter:label1\" content=\"Written by\" \/>\n\t<meta name=\"twitter:data1\" content=\"Radovan Vr\u0161ka\" \/>\n\t<meta name=\"twitter:label2\" content=\"Est. reading time\" \/>\n\t<meta name=\"twitter:data2\" content=\"4\" \/>\n<script type=\"application\/ld+json\" class=\"yoast-schema-graph\">{\"@context\":\"https:\/\/schema.org\",\"@graph\":[{\"@type\":\"WebPage\",\"@id\":\"https:\/\/www.welovecycling.com\/sk\/2021\/05\/06\/ako-sklbit-pracu-rodinu-a-bicykel\/\",\"url\":\"https:\/\/www.welovecycling.com\/sk\/2021\/05\/06\/ako-sklbit-pracu-rodinu-a-bicykel\/\",\"name\":\"Ako sk\u013abi\u0165 pr\u00e1cu, rodinu a\u00a0bicykel? - \u0160koda We Love Cycling Slovensko\",\"isPartOf\":{\"@id\":\"https:\/\/www.welovecycling.com\/sk\/#website\"},\"primaryImageOfPage\":{\"@id\":\"https:\/\/www.welovecycling.com\/sk\/2021\/05\/06\/ako-sklbit-pracu-rodinu-a-bicykel\/#primaryimage\"},\"image\":{\"@id\":\"https:\/\/www.welovecycling.com\/sk\/2021\/05\/06\/ako-sklbit-pracu-rodinu-a-bicykel\/#primaryimage\"},\"thumbnailUrl\":\"https:\/\/d2p6e6u75xmxt8.cloudfront.net\/4\/2021\/05\/Praca_rodina_bike_00.webp\",\"datePublished\":\"2021-05-06T08:00:38+00:00\",\"author\":{\"@id\":\"\"},\"breadcrumb\":{\"@id\":\"https:\/\/www.welovecycling.com\/sk\/2021\/05\/06\/ako-sklbit-pracu-rodinu-a-bicykel\/#breadcrumb\"},\"inLanguage\":\"sk-SK\",\"potentialAction\":[{\"@type\":\"ReadAction\",\"target\":[\"https:\/\/www.welovecycling.com\/sk\/2021\/05\/06\/ako-sklbit-pracu-rodinu-a-bicykel\/\"]}]},{\"@type\":\"ImageObject\",\"inLanguage\":\"sk-SK\",\"@id\":\"https:\/\/www.welovecycling.com\/sk\/2021\/05\/06\/ako-sklbit-pracu-rodinu-a-bicykel\/#primaryimage\",\"url\":\"https:\/\/d2p6e6u75xmxt8.cloudfront.net\/4\/2021\/05\/Praca_rodina_bike_00.webp\",\"contentUrl\":\"https:\/\/d2p6e6u75xmxt8.cloudfront.net\/4\/2021\/05\/Praca_rodina_bike_00.webp\",\"width\":1380,\"height\":600},{\"@type\":\"BreadcrumbList\",\"@id\":\"https:\/\/www.welovecycling.com\/sk\/2021\/05\/06\/ako-sklbit-pracu-rodinu-a-bicykel\/#breadcrumb\",\"itemListElement\":[{\"@type\":\"ListItem\",\"position\":1,\"name\":\"Home\",\"item\":\"https:\/\/www.welovecycling.com\/sk\/\"},{\"@type\":\"ListItem\",\"position\":2,\"name\":\"Ako sk\u013abi\u0165 pr\u00e1cu, rodinu a\u00a0bicykel?\"}]},{\"@type\":\"WebSite\",\"@id\":\"https:\/\/www.welovecycling.com\/sk\/#website\",\"url\":\"https:\/\/www.welovecycling.com\/sk\/\",\"name\":\"\u0160koda We Love Cycling Slovensko\",\"description\":\"\u0160koda We Love Cycling Slovensko je v\u00e1\u0161 ka\u017edodenn\u00fd zdroj noviniek a in\u0161pir\u00e1cie z sveta cyklistiky\",\"potentialAction\":[{\"@type\":\"SearchAction\",\"target\":{\"@type\":\"EntryPoint\",\"urlTemplate\":\"https:\/\/www.welovecycling.com\/sk\/?s={search_term_string}\"},\"query-input\":{\"@type\":\"PropertyValueSpecification\",\"valueRequired\":true,\"valueName\":\"search_term_string\"}}],\"inLanguage\":\"sk-SK\"},{\"@type\":\"Person\",\"@id\":\"\",\"url\":\"https:\/\/www.welovecycling.com\/sk\/author\/\"}]}<\/script>\n<!-- \/ Yoast SEO Premium plugin. -->","yoast_head_json":{"title":"Ako sk\u013abi\u0165 pr\u00e1cu, rodinu a\u00a0bicykel? - \u0160koda We Love Cycling Slovensko","robots":{"index":"index","follow":"follow","max-snippet":"max-snippet:-1","max-image-preview":"max-image-preview:large","max-video-preview":"max-video-preview:-1"},"canonical":"https:\/\/www.welovecycling.com\/sk\/2021\/05\/06\/ako-sklbit-pracu-rodinu-a-bicykel\/","og_locale":"sk_SK","og_type":"article","og_title":"Ako sk\u013abi\u0165 pr\u00e1cu, rodinu a\u00a0bicykel?","og_description":"Niekedy s\u00fa v\u00a0\u017eivote \u010dloveka chv\u00edle, ke\u010f sa c\u00edti doslova zavalen\u00fd pr\u00e1cou. Do toho sa m\u00f4\u017eu prida\u0165 drobn\u00e9 rodinn\u00e9 probl\u00e9my a\u00a0v\u00a0tak\u00fdch [&hellip;]","og_url":"https:\/\/www.welovecycling.com\/sk\/2021\/05\/06\/ako-sklbit-pracu-rodinu-a-bicykel\/","og_site_name":"\u0160koda We Love Cycling Slovensko","article_published_time":"2021-05-06T08:00:38+00:00","og_image":[{"width":1380,"height":600,"url":"https:\/\/d2p6e6u75xmxt8.cloudfront.net\/4\/2021\/05\/Praca_rodina_bike_00.webp","type":"image\/webp"}],"twitter_card":"summary_large_image","twitter_misc":{"Written by":"Radovan Vr\u0161ka","Est. reading time":"4"},"schema":{"@context":"https:\/\/schema.org","@graph":[{"@type":"WebPage","@id":"https:\/\/www.welovecycling.com\/sk\/2021\/05\/06\/ako-sklbit-pracu-rodinu-a-bicykel\/","url":"https:\/\/www.welovecycling.com\/sk\/2021\/05\/06\/ako-sklbit-pracu-rodinu-a-bicykel\/","name":"Ako sk\u013abi\u0165 pr\u00e1cu, rodinu a\u00a0bicykel? - \u0160koda We Love Cycling Slovensko","isPartOf":{"@id":"https:\/\/www.welovecycling.com\/sk\/#website"},"primaryImageOfPage":{"@id":"https:\/\/www.welovecycling.com\/sk\/2021\/05\/06\/ako-sklbit-pracu-rodinu-a-bicykel\/#primaryimage"},"image":{"@id":"https:\/\/www.welovecycling.com\/sk\/2021\/05\/06\/ako-sklbit-pracu-rodinu-a-bicykel\/#primaryimage"},"thumbnailUrl":"https:\/\/d2p6e6u75xmxt8.cloudfront.net\/4\/2021\/05\/Praca_rodina_bike_00.webp","datePublished":"2021-05-06T08:00:38+00:00","author":{"@id":""},"breadcrumb":{"@id":"https:\/\/www.welovecycling.com\/sk\/2021\/05\/06\/ako-sklbit-pracu-rodinu-a-bicykel\/#breadcrumb"},"inLanguage":"sk-SK","potentialAction":[{"@type":"ReadAction","target":["https:\/\/www.welovecycling.com\/sk\/2021\/05\/06\/ako-sklbit-pracu-rodinu-a-bicykel\/"]}]},{"@type":"ImageObject","inLanguage":"sk-SK","@id":"https:\/\/www.welovecycling.com\/sk\/2021\/05\/06\/ako-sklbit-pracu-rodinu-a-bicykel\/#primaryimage","url":"https:\/\/d2p6e6u75xmxt8.cloudfront.net\/4\/2021\/05\/Praca_rodina_bike_00.webp","contentUrl":"https:\/\/d2p6e6u75xmxt8.cloudfront.net\/4\/2021\/05\/Praca_rodina_bike_00.webp","width":1380,"height":600},{"@type":"BreadcrumbList","@id":"https:\/\/www.welovecycling.com\/sk\/2021\/05\/06\/ako-sklbit-pracu-rodinu-a-bicykel\/#breadcrumb","itemListElement":[{"@type":"ListItem","position":1,"name":"Home","item":"https:\/\/www.welovecycling.com\/sk\/"},{"@type":"ListItem","position":2,"name":"Ako sk\u013abi\u0165 pr\u00e1cu, rodinu a\u00a0bicykel?"}]},{"@type":"WebSite","@id":"https:\/\/www.welovecycling.com\/sk\/#website","url":"https:\/\/www.welovecycling.com\/sk\/","name":"\u0160koda We Love Cycling Slovensko","description":"\u0160koda We Love Cycling Slovensko je v\u00e1\u0161 ka\u017edodenn\u00fd zdroj noviniek a in\u0161pir\u00e1cie z sveta cyklistiky","potentialAction":[{"@type":"SearchAction","target":{"@type":"EntryPoint","urlTemplate":"https:\/\/www.welovecycling.com\/sk\/?s={search_term_string}"},"query-input":{"@type":"PropertyValueSpecification","valueRequired":true,"valueName":"search_term_string"}}],"inLanguage":"sk-SK"},{"@type":"Person","@id":"","url":"https:\/\/www.welovecycling.com\/sk\/author\/"}]}},"_links":{"self":[{"href":"https:\/\/www.welovecycling.com\/sk\/wp-json\/wp\/v2\/posts\/11753","targetHints":{"allow":["GET"]}}],"collection":[{"href":"https:\/\/www.welovecycling.com\/sk\/wp-json\/wp\/v2\/posts"}],"about":[{"href":"https:\/\/www.welovecycling.com\/sk\/wp-json\/wp\/v2\/types\/post"}],"author":[{"embeddable":true,"href":"https:\/\/www.welovecycling.com\/sk\/wp-json\/wp\/v2\/users\/81"}],"replies":[{"embeddable":true,"href":"https:\/\/www.welovecycling.com\/sk\/wp-json\/wp\/v2\/comments?post=11753"}],"version-history":[{"count":2,"href":"https:\/\/www.welovecycling.com\/sk\/wp-json\/wp\/v2\/posts\/11753\/revisions"}],"predecessor-version":[{"id":11763,"href":"https:\/\/www.welovecycling.com\/sk\/wp-json\/wp\/v2\/posts\/11753\/revisions\/11763"}],"wp:featuredmedia":[{"embeddable":true,"href":"https:\/\/www.welovecycling.com\/sk\/wp-json\/wp\/v2\/media\/11755"}],"wp:attachment":[{"href":"https:\/\/www.welovecycling.com\/sk\/wp-json\/wp\/v2\/media?parent=11753"}],"wp:term":[{"taxonomy":"category","embeddable":true,"href":"https:\/\/www.welovecycling.com\/sk\/wp-json\/wp\/v2\/categories?post=11753"},{"taxonomy":"post_tag","embeddable":true,"href":"https:\/\/www.welovecycling.com\/sk\/wp-json\/wp\/v2\/tags?post=11753"},{"taxonomy":"global-categories","embeddable":true,"href":"https:\/\/www.welovecycling.com\/sk\/wp-json\/wp\/v2\/global-categories?post=11753"}],"curies":[{"name":"wp","href":"https:\/\/api.w.org\/{rel}","templated":true}]}}