{"id":11737,"date":"2021-04-30T10:00:11","date_gmt":"2021-04-30T08:00:11","guid":{"rendered":"https:\/\/www.welovecycling.com\/sk\/?p=11737"},"modified":"2021-04-29T12:30:10","modified_gmt":"2021-04-29T10:30:10","slug":"mesacna-desiatka-zaciatok-jari-s-cyklistikou","status":"publish","type":"post","link":"https:\/\/www.welovecycling.com\/sk\/2021\/04\/30\/mesacna-desiatka-zaciatok-jari-s-cyklistikou\/","title":{"rendered":"Mesa\u010dn\u00e1 desiatka &#8211; za\u010diatok jari s cyklistikou"},"content":{"rendered":"<p><strong>Kone\u010dne sme sa do\u010dkali lep\u0161\u00edch podmienok pre cyklistiku &#8211; v\u00a0na\u0161om prostred\u00ed ide predov\u0161etk\u00fdm o\u00a0teplej\u0161ie po\u010dasie a\u00a0o\u00a0klesaj\u00face po\u010dty nakazen\u00fdch, ktor\u00fdch d\u00f4sledkom s\u00fa aj uvo\u013enenej\u0161ie opatrenia. Ako ale vyzeral svet v cyklistike nielen u\u00a0n\u00e1s doma?<\/strong><!--more--><\/p>\n<h2><strong>Kde sa dvaja bij\u00fa, tret\u00ed v\u00ed\u0165az\u00ed &#8211; Ronde van Vlaanderen<\/strong><\/h2>\n<p>Jedna z\u00a0najv\u00e4\u010d\u0161\u00edch klas\u00edk jarnej \u010dasti sez\u00f3ny mala na \u0161tarte aj zodpovedaj\u00facu \u00fa\u010das\u0165 elitn\u00fdch pretek\u00e1rov. Z\u00a0desiatok popredn\u00fdch klasik\u00e1rov bolo len \u0165a\u017ek\u00e9 odhadn\u00fa\u0165, kto bude v\u00a0tento de\u0148 t\u00fdm najlep\u0161\u00edm. Najv\u00e4\u010d\u0161ia pozornos\u0165 bola upriamen\u00e1 na trio van der Poel, van Aert a\u00a0Alaphilippe. Priebeh pretekov tieto predpovede nesklamal a\u00a0v\u00a0posledn\u00fdch desiatkach kilometrov to bola skupina pr\u00e1ve s\u00a0t\u00fdmito pretek\u00e1rmi, ktor\u00e1 ud\u00e1vala tempo. To a\u017e do chv\u00edle, ke\u010f Holan\u010fan zavelil na \u00fatok. Do posledn\u00e9ho st\u00fapania Paterberg vstupovala osamoten\u00e1 dvojica Asgreen a\u00a0van der Poel. Len asi m\u00e1lokto pochyboval o\u00a0bud\u00facom v\u00ed\u0165azovi. Av\u0161ak bol to pr\u00e1ve D\u00e1n, ktor\u00fd sa zasl\u00fa\u017eil o\u00a0jedno z\u00a0najv\u00e4\u010d\u0161\u00edch prekvapen\u00ed sez\u00f3ny. V\u00a0dlhom \u0161printe doslova ukonal van der Poela, ktor\u00fd sa musel zmieri\u0165 s\u00a0ne\u00faspe\u0161nou obhajobou minuloro\u010dn\u00e9ho v\u00ed\u0165azstva.<\/p>\n<lite-youtube videoid=YahyOJC2WVM params=\"enablejsapi=1\" style=\"background-image: url('https:\/\/i.ytimg.com\/vi_webp\/YahyOJC2WVM\/maxresdefault.webp');\"><\/lite-youtube>\n<h2><strong>Internazionali d&#8217;Italia Series 2021 &#8211; Svetov\u00fd poh\u00e1r v\u00a0malom<\/strong><\/h2>\n<p>Tepl\u00e9 po\u010dasie predznamen\u00e1va pr\u00edchod Svetov\u00e9ho poh\u00e1ra horsk\u00fdch bicyklov, av\u0161ak tieto term\u00edny s\u00fa e\u0161te nejasn\u00e9. Istotou v\u00a0apr\u00edli ale bol taliansky poh\u00e1r, ktor\u00fd pril\u00e1kal desiatky popredn\u00fdch pretek\u00e1rov. T\u00ed si to po\u010das nieko\u013ek\u00fdch ne\u013eahk\u00fdch pretekov rozdali skuto\u010dne do s\u00fdtosti. Najprv sa z\u00a0v\u00ed\u0165azstva radoval L. Foster, zatia\u013e \u010do druh\u00e9 kolo, v\u00a0ktorom nech\u00fdbal ani Schurter alebo Avancini, rozhodoval \u0161print pr\u00e1ve tejto dvojice menovan\u00fdch pretek\u00e1rov. V\u00ed\u0165azne z\u00a0neho vy\u0161iel Braz\u00edl\u010dan, ktor\u00fd si prip\u00edsal cenn\u00e9 v\u00ed\u0165azstvo sez\u00f3ny. Posledn\u00e9, tretie kolo pripadlo len tesne \u0160vaj\u010diarovi M. Flueckigerovi, ktor\u00fd zdolal svojho krajana, Schurtera.<\/p>\n<lite-youtube videoid=32TTawLyJJg params=\"enablejsapi=1\" style=\"background-image: url('https:\/\/i.ytimg.com\/vi_webp\/32TTawLyJJg\/maxresdefault.webp');\"><\/lite-youtube>\n<h2><strong>Volta Ciclista a\u00a0Catalunya &#8211; Ineos v\u00a0hlavnej \u00falohe<\/strong><\/h2>\n<p>Aj ke\u010f Volta a\u00a0Catalunya mnoh\u00fdm cyklistom nehovor\u00ed takmer ni\u010d, ide o\u00a0jedny z\u00a0najstar\u0161\u00edch etapov\u00fdch pretekov sveta. Jubilejn\u00fd, st\u00fd ro\u010dn\u00edk na\u0161\u0165astie prebehol bez v\u00e1\u017enej\u0161\u00edch obmedzen\u00ed. \u017de sa bolo na \u010do pozera\u0165, dokladuj\u00fa aj celkov\u00e9 v\u00fdsledky. Nabit\u00e1 \u0161tartov\u00e1 listina s\u00a0elitn\u00fdmi uch\u00e1dza\u010dmi o\u00a0celkov\u00e9 poradie si ni\u010d nedarovala. U\u017e od prv\u00fdch et\u00e1p bolo zrejm\u00e9, \u017ee sedem et\u00e1p je pr\u00edli\u0161 m\u00e1lo na to, aby niekto na nie\u010do vy\u010dk\u00e1val. Z\u00e1sadn\u00fd zlom, ktor\u00fd poznamenal priebeh cel\u00fdch pretekov nastal v\u00a03. etape, ktor\u00e1 kon\u010dila na st\u00fapan\u00ed Vallter 2000. Po v\u00ed\u0165azstve sa A. Yates s\u00fa\u010dasne aj prezliekol do dresu ved\u00faceho pretek\u00e1ra. Od tohto d\u0148a to bola trojica Yates, Porte a\u00a0Thomas, ktor\u00ed pod jednotn\u00fdm znakom Ineos Grenadiers doviezli top 3 a\u017e do cie\u013ea.<\/p>\n<h2><strong>Po 220 km rozhodovali milimetre &#8211; Amstel Gold Race<\/strong><\/h2>\n<p>Na tesn\u00e9 \u0161print\u00e9rske dojazdy sme si v\u0161etci zvykli. To, \u010do nestihnete po\u010das priameho prenosu sa po nieko\u013ek\u00fdch min\u00fatach s\u00a0jasnos\u0165ou zobraz\u00ed na cie\u013eovej fotografii. V\u00fdsledky tohtoro\u010dn\u00e9ho Amstelu ale boli e\u0161te o\u00a0\u010dosi tesnej\u0161ie. Po vo\u013enej\u0161ej prvej polovici pretekov sa na posledn\u00fdch 20 kilometroch za\u010dalo preteka\u0165 naplno. N\u00e1stup van Aerta, sprev\u00e1dzan\u00e9ho Alaphilippom alebo Pidcockom, si vy\u017eiadal oddelenie poprednej necelej desiatky pretek\u00e1rov. Pr\u00e1ve t\u00e1to skupinka po viacer\u00fdch n\u00e1stupoch pod\u013eahla trojici osamostatnen\u00fdch pretek\u00e1rov: Pidcock, van Aert a\u00a0Schachmann. S\u00a0dev\u00edzou men\u0161ieho n\u00e1skoku mali mo\u017enos\u0165 \u0161printova\u0165 o\u00a0v\u00ed\u0165azstvo. Tento s\u00faboj van Aerta a\u00a0Pidcocka bol v\u0161ak nato\u013eko tesn\u00fd, \u017ee ani po nieko\u013ek\u00fdch min\u00fatach nebolo zrejm\u00e9, kto je v\u00ed\u0165azom. Nakoniec sa n\u00edm stal van Aert, av\u0161ak len o\u00a0desiatky milimetrov.<\/p>\n<lite-youtube videoid=JyeLZvLN1M4 params=\"enablejsapi=1\" style=\"background-image: url('https:\/\/i.ytimg.com\/vi_webp\/JyeLZvLN1M4\/maxresdefault.webp');\"><\/lite-youtube>\n<h2><strong>Slov\u00e1k, Martin Svr\u010dek, potvrdil formu v\u00ed\u0165azn\u00fdm hattrickom<\/strong><\/h2>\n<p>Mlad\u00fd junior, ktor\u00fd sa nestrat\u00ed nielen na slovenskom poh\u00e1ri, ale ani vo\u00a0svetovom meradle, tentokr\u00e1t op\u00e4\u0165 zabojoval. V\u00a0\u00favode sez\u00f3ny si v\u00a0Taliansku z\u00edskal u\u017e celkovo tretie v\u00ed\u0165azstvo v\u00a0novom t\u00edme Franco Ballerini Juniors. I\u0161lo o\u00a0jednod\u0148ov\u00e9 cestn\u00e9 preteky v\u00a0Pieve al Toppo, kde spomedzi vy\u0161e dvesto\u010dlenn\u00e9ho bal\u00edka bol t\u00fdm najr\u00fdchlej\u0161\u00edm. Niet sa \u010domu \u010dudova\u0165, ide toti\u017e o\u00a0juniorsk\u00e9ho majstra SR v\u00a0\u010dasovke a\u00a0bronzov\u00e9ho medailistu z\u00a0Eur\u00f3pskeho olympijsk\u00e9ho festivalu ml\u00e1de\u017ee. Je to svie\u017ea krv slovenskej cestnej cyklistiky? Zd\u00e1 sa, \u017ee dozaista.<\/p>\n<p><a href=\"https:\/\/d2p6e6u75xmxt8.cloudfront.net\/4\/2021\/04\/WLC_april_01.jpg\"><img loading=\"lazy\" decoding=\"async\" src=\"https:\/\/d2p6e6u75xmxt8.cloudfront.net\/4\/2021\/04\/WLC_april_01.jpg\" alt=\"\" width=\"1200\" height=\"800\" class=\"alignnone size-full wp-image-11741\" \/><\/a><\/p>\n<h2><strong>\u010co je nov\u00e9 v\u00a0XCO 2021?<\/strong><\/h2>\n<p>Vzh\u013eadom na s\u00fa\u010dasn\u00fa situ\u00e1ciu, obmedzenia a\u00a0zmeny v\u00a0kalend\u00e1roch je namieste sa op\u00fdta\u0165, ako bude sez\u00f3na horskej cyklistiky vyzera\u0165 v\u00a0nasleduj\u00facich mesiacoch. Aj ke\u010f v\u00a0telev\u00edzii sledujeme svetov\u00e9 cestn\u00e9 preteky, osud XCO je v\u017edy neist\u00fd. V\u00a0kr\u00e1tkom videu od RedBull m\u00e1te mo\u017enos\u0165 nahliadnu\u0165 do sveta, skr\u00fdvaj\u00facom sa za kamerami a\u00a0pretekan\u00edm. Cyklisti ako K. Courtney, N. Schurter alebo H. Avancini hovoria o\u00a0svojich pl\u00e1noch a\u00a0postojoch k\u00a0s\u00fa\u010dasn\u00e9mu v\u00fdvoju sez\u00f3ny. Ktor\u00e1 tra\u0165 sed\u00ed, ktor\u00e9mu pretek\u00e1rovi? \u010co si myslia o\u00a0svojich v\u00fdkonoch a\u00a0ako predv\u00eddaj\u00fa v\u00fdvoj nadch\u00e1dzaj\u00facich pretekov?<\/p>\n<lite-youtube videoid=XOWMQt0FecY params=\"enablejsapi=1\" style=\"background-image: url('https:\/\/i.ytimg.com\/vi_webp\/XOWMQt0FecY\/maxresdefault.webp');\"><\/lite-youtube>\n<h2><strong>Cyklistika je jedna, nez\u00e1le\u017e\u00ed na ni\u010dom<\/strong><\/h2>\n<p>Hodnotn\u00fdm pr\u00edspevkom pre ka\u017ed\u00e9ho cyklistu &#8211; \u010di u\u017e je mal\u00fd alebo ve\u013ek\u00fd, mlad\u0161\u00ed alebo star\u0161\u00ed &#8211; je video z\u00a0produkcie Shimano. In\u0161pirat\u00edvnych trin\u00e1s\u0165 min\u00fat dok\u00e1\u017ee azda ka\u017ed\u00e9mu, kto pochyboval o\u00a0svojich danostiach a\u00a0schopnostiach, \u017ee najpodstatnej\u0161ou \u010das\u0165ou v cyklistike je va\u0161e odhodlanie. Nez\u00e1le\u017e\u00ed na rekordoch alebo kv\u00e1zi ide\u00e1loch \u00faspe\u0161n\u00fdch pretek\u00e1rov. Ka\u017ed\u00fd m\u00e1me svoj obraz cyklistiky, ktor\u00fd je jedine\u010dn\u00fd pr\u00e1ve pre n\u00e1s. \u010co viac doda\u0165? Cyklistika je jednoducho cestou k\u00a0rie\u0161eniu probl\u00e9mov, najm\u00e4 t\u00fdch, ktor\u00e9 n\u00e1s odr\u00e1dzaj\u00fa od vo\u013enosti n\u00e1\u0161ho sebavedomia.<\/p>\n<lite-youtube videoid=JytAXpxmmQY params=\"enablejsapi=1\" style=\"background-image: url('https:\/\/i.ytimg.com\/vi_webp\/JytAXpxmmQY\/maxresdefault.webp');\"><\/lite-youtube>\n<h2><strong>Prv\u00e9 kolo Svetov\u00e9ho poh\u00e1ra v\u00a0EMTB sa odohralo v\u00a0Monaku<\/strong><\/h2>\n<p>Ke\u010f\u017ee v\u00a0tomto roku pribudol do ofici\u00e1lneho kalend\u00e1ra UCI aj Svetov\u00fd poh\u00e1r elektrobicyklov, nie je prekvapen\u00edm, \u017ee prv\u00e9 kolo sa odohralo u\u017e v\u00a0apr\u00edli v\u00a0Monaku. Na \u0161tarte sa objavila po\u010detn\u00e1 skupina pretek\u00e1rov, medzi ktor\u00fdmi figurovali aj zn\u00e1me men\u00e1 z\u00a0Enduro World Series. Na fyzicky n\u00e1ro\u010dnej trati s\u00a0d\u013a\u017ekou okruhu 2,2 km a\u00a0prev\u00fd\u0161en\u00edm 200 m dostali motory na \u0161iestich okruhoch poriadne zabra\u0165. Z\u00a0v\u00ed\u0165azstva sa po tri\u0161tvrte hodine te\u0161il franc\u00fazsky majster, J. Gilloux, zatia\u013e \u010do d\u00e1msku kateg\u00f3riu opanovala S. Wiedenroth.<\/p>\n<p>https:\/\/www.youtube.com\/watch?v=kbkl45p9Msg&#038;ab_channel=BTTLobo<\/p>\n<h2><strong>X Games Real MTB 2021 pozn\u00e1 v\u00ed\u0165aza<\/strong><\/h2>\n<p>S\u00fa\u010dasn\u00e1 forma povestn\u00e9ho exotick\u00e9ho a\u00a0n\u00e1ro\u010dn\u00e9ho s\u00fa\u0165a\u017eenia X Games mala v\u00a0tomto roku trochu in\u00fa podobu. Svetov\u00ed pretek\u00e1ri sa do nej prihl\u00e1sili prostredn\u00edctvom vlastn\u00fdch editov vide\u00ed, ktor\u00fdch obsah a\u00a0formu hodnotili porotcovia. Z\u00a0viacer\u00fdch dychber\u00facich j\u00e1zd nakoniec vybrali nieko\u013ekon\u00e1sobn\u00e9ho v\u00ed\u0165aza Red Bull Rampage, B. Semenuka. Napriek prec\u00edznosti a\u00a0nesmiernej zru\u010dnosti, ktor\u00fa Semenuk vo videu demon\u0161truje, sa laick\u00e1 verejnos\u0165 zhodovala na tom, \u017ee mo\u017eno mal by\u0165 v\u00ed\u0165azom n\u00f3rsky \u00fa\u010dastn\u00edk, B. Vestavik. Nu\u017e, pos\u00fa\u010fte sami.<\/p>\n<lite-youtube videoid=oN5DRtKOvCg params=\"enablejsapi=1\" style=\"background-image: url('https:\/\/i.ytimg.com\/vi_webp\/oN5DRtKOvCg\/maxresdefault.webp');\"><\/lite-youtube>\n<h2><strong>Sagan sa rozbieha do s\u013eubnej sez\u00f3ny<\/strong><\/h2>\n<p>Po tom, ako sa Saganovi podarilo ukoristi\u0165 si \u0161print\u00e9rske v\u00ed\u0165azstvo na Volta Ciclista a\u00a0Catalunya, sa po mesa\u010dnej pauze od etapov\u00fdch pretekov vydal do ne\u010falek\u00e9ho \u0160vaj\u010diarska, aby sk\u00fasil svoje \u0161\u0165astie na Tour de Romandie. Po \u00favodnom prol\u00f3gu nasledovala pr\u00edjemn\u00e1 etapa s\u00a0rovinat\u00fdm dojazdom. Potom s pomocou od t\u00edmov\u00fdch kolegov v\u00a0z\u00e1vere etapy dok\u00e1zal z\u00a0druhej poz\u00edcie pre\u0161printova\u0165 ostatn\u00fdch jazdcov rozdielom kolesa. Nechal za sebou aj S. Colbreliho alebo M. Cattanea. Ve\u013ek\u00e9 o\u010dak\u00e1vania bud\u00fa na Sagana kladen\u00e9 najm\u00e4 o\u00a0nieko\u013eko dn\u00ed na \u0161tarte Gira. Podar\u00ed sa slovensk\u00e9mu r\u00fdchliku roz\u0161\u00edri\u0165 zoznam v\u00ed\u0165azstiev o\u00a0\u010fal\u0161ie etapy alebo dokonca fialov\u00fd dres najlep\u0161ieho \u0161print\u00e9ra?<\/p>\n<lite-youtube videoid=OgdMk6RX6Z4 params=\"enablejsapi=1\" style=\"background-image: url('https:\/\/i.ytimg.com\/vi_webp\/OgdMk6RX6Z4\/maxresdefault.webp');\"><\/lite-youtube>\n","protected":false},"excerpt":{"rendered":"<p>Kone\u010dne sme sa do\u010dkali lep\u0161\u00edch podmienok pre cyklistiku &#8211; v\u00a0na\u0161om prostred\u00ed ide predov\u0161etk\u00fdm o\u00a0teplej\u0161ie po\u010dasie a\u00a0o\u00a0klesaj\u00face po\u010dty nakazen\u00fdch, ktor\u00fdch d\u00f4sledkom [&hellip;]<\/p>\n","protected":false},"author":81,"featured_media":11746,"comment_status":"open","ping_status":"open","sticky":false,"template":"","format":"standard","meta":{"footnotes":""},"categories":[63],"tags":[619,115,546,180,418,532,1040,412,429,46,179,885,886],"global-categories":[1074],"class_list":["post-11737","post","type-post","status-publish","format-standard","has-post-thumbnail","hentry","category-grand-tour","tag-bicyklovanie","tag-cestna-cyklistika","tag-cyklistika","tag-horska-cyklistika","tag-jarne-klasiky","tag-jazdenie","tag-mesacna-desiatka","tag-mtb","tag-okolo-flamska","tag-peter-sagan","tag-preteky","tag-profesional","tag-vitazstvo","global-categories-cycling"],"yoast_head":"<!-- This site is optimized with the Yoast SEO Premium plugin v25.3 (Yoast SEO v25.9) - https:\/\/yoast.com\/wordpress\/plugins\/seo\/ -->\n<title>Mesa\u010dn\u00e1 desiatka - za\u010diatok jari s cyklistikou - \u0160koda We Love Cycling Slovensko<\/title>\n<meta name=\"robots\" content=\"index, follow, max-snippet:-1, max-image-preview:large, max-video-preview:-1\" \/>\n<link rel=\"canonical\" href=\"https:\/\/www.welovecycling.com\/sk\/2021\/04\/30\/mesacna-desiatka-zaciatok-jari-s-cyklistikou\/\" \/>\n<meta property=\"og:locale\" content=\"sk_SK\" \/>\n<meta property=\"og:type\" content=\"article\" \/>\n<meta property=\"og:title\" content=\"Mesa\u010dn\u00e1 desiatka - za\u010diatok jari s cyklistikou\" \/>\n<meta property=\"og:description\" content=\"Kone\u010dne sme sa do\u010dkali lep\u0161\u00edch podmienok pre cyklistiku &#8211; v\u00a0na\u0161om prostred\u00ed ide predov\u0161etk\u00fdm o\u00a0teplej\u0161ie po\u010dasie a\u00a0o\u00a0klesaj\u00face po\u010dty nakazen\u00fdch, ktor\u00fdch d\u00f4sledkom [&hellip;]\" \/>\n<meta property=\"og:url\" content=\"https:\/\/www.welovecycling.com\/sk\/2021\/04\/30\/mesacna-desiatka-zaciatok-jari-s-cyklistikou\/\" \/>\n<meta property=\"og:site_name\" content=\"\u0160koda We Love Cycling Slovensko\" \/>\n<meta property=\"article:published_time\" content=\"2021-04-30T08:00:11+00:00\" \/>\n<meta property=\"og:image\" content=\"https:\/\/d2p6e6u75xmxt8.cloudfront.net\/4\/2021\/04\/WLC_april_00.webp\" \/>\n\t<meta property=\"og:image:width\" content=\"1380\" \/>\n\t<meta property=\"og:image:height\" content=\"600\" \/>\n\t<meta property=\"og:image:type\" content=\"image\/webp\" \/>\n<meta name=\"twitter:card\" content=\"summary_large_image\" \/>\n<meta name=\"twitter:label1\" content=\"Written by\" \/>\n\t<meta name=\"twitter:data1\" content=\"WeLoveCycling\" \/>\n\t<meta name=\"twitter:label2\" content=\"Est. reading time\" \/>\n\t<meta name=\"twitter:data2\" content=\"7\" \/>\n<script type=\"application\/ld+json\" class=\"yoast-schema-graph\">{\"@context\":\"https:\/\/schema.org\",\"@graph\":[{\"@type\":\"WebPage\",\"@id\":\"https:\/\/www.welovecycling.com\/sk\/2021\/04\/30\/mesacna-desiatka-zaciatok-jari-s-cyklistikou\/\",\"url\":\"https:\/\/www.welovecycling.com\/sk\/2021\/04\/30\/mesacna-desiatka-zaciatok-jari-s-cyklistikou\/\",\"name\":\"Mesa\u010dn\u00e1 desiatka - za\u010diatok jari s cyklistikou - \u0160koda We Love Cycling Slovensko\",\"isPartOf\":{\"@id\":\"https:\/\/www.welovecycling.com\/sk\/#website\"},\"primaryImageOfPage\":{\"@id\":\"https:\/\/www.welovecycling.com\/sk\/2021\/04\/30\/mesacna-desiatka-zaciatok-jari-s-cyklistikou\/#primaryimage\"},\"image\":{\"@id\":\"https:\/\/www.welovecycling.com\/sk\/2021\/04\/30\/mesacna-desiatka-zaciatok-jari-s-cyklistikou\/#primaryimage\"},\"thumbnailUrl\":\"https:\/\/d2p6e6u75xmxt8.cloudfront.net\/4\/2021\/04\/WLC_april_00.webp\",\"datePublished\":\"2021-04-30T08:00:11+00:00\",\"author\":{\"@id\":\"\"},\"breadcrumb\":{\"@id\":\"https:\/\/www.welovecycling.com\/sk\/2021\/04\/30\/mesacna-desiatka-zaciatok-jari-s-cyklistikou\/#breadcrumb\"},\"inLanguage\":\"sk-SK\",\"potentialAction\":[{\"@type\":\"ReadAction\",\"target\":[\"https:\/\/www.welovecycling.com\/sk\/2021\/04\/30\/mesacna-desiatka-zaciatok-jari-s-cyklistikou\/\"]}]},{\"@type\":\"ImageObject\",\"inLanguage\":\"sk-SK\",\"@id\":\"https:\/\/www.welovecycling.com\/sk\/2021\/04\/30\/mesacna-desiatka-zaciatok-jari-s-cyklistikou\/#primaryimage\",\"url\":\"https:\/\/d2p6e6u75xmxt8.cloudfront.net\/4\/2021\/04\/WLC_april_00.webp\",\"contentUrl\":\"https:\/\/d2p6e6u75xmxt8.cloudfront.net\/4\/2021\/04\/WLC_april_00.webp\",\"width\":1380,\"height\":600},{\"@type\":\"BreadcrumbList\",\"@id\":\"https:\/\/www.welovecycling.com\/sk\/2021\/04\/30\/mesacna-desiatka-zaciatok-jari-s-cyklistikou\/#breadcrumb\",\"itemListElement\":[{\"@type\":\"ListItem\",\"position\":1,\"name\":\"Home\",\"item\":\"https:\/\/www.welovecycling.com\/sk\/\"},{\"@type\":\"ListItem\",\"position\":2,\"name\":\"Mesa\u010dn\u00e1 desiatka &#8211; za\u010diatok jari s cyklistikou\"}]},{\"@type\":\"WebSite\",\"@id\":\"https:\/\/www.welovecycling.com\/sk\/#website\",\"url\":\"https:\/\/www.welovecycling.com\/sk\/\",\"name\":\"\u0160koda We Love Cycling Slovensko\",\"description\":\"\u0160koda We Love Cycling Slovensko je v\u00e1\u0161 ka\u017edodenn\u00fd zdroj noviniek a in\u0161pir\u00e1cie z sveta cyklistiky\",\"potentialAction\":[{\"@type\":\"SearchAction\",\"target\":{\"@type\":\"EntryPoint\",\"urlTemplate\":\"https:\/\/www.welovecycling.com\/sk\/?s={search_term_string}\"},\"query-input\":{\"@type\":\"PropertyValueSpecification\",\"valueRequired\":true,\"valueName\":\"search_term_string\"}}],\"inLanguage\":\"sk-SK\"},{\"@type\":\"Person\",\"@id\":\"\",\"url\":\"https:\/\/www.welovecycling.com\/sk\/author\/\"}]}<\/script>\n<!-- \/ Yoast SEO Premium plugin. -->","yoast_head_json":{"title":"Mesa\u010dn\u00e1 desiatka - za\u010diatok jari s cyklistikou - \u0160koda We Love Cycling Slovensko","robots":{"index":"index","follow":"follow","max-snippet":"max-snippet:-1","max-image-preview":"max-image-preview:large","max-video-preview":"max-video-preview:-1"},"canonical":"https:\/\/www.welovecycling.com\/sk\/2021\/04\/30\/mesacna-desiatka-zaciatok-jari-s-cyklistikou\/","og_locale":"sk_SK","og_type":"article","og_title":"Mesa\u010dn\u00e1 desiatka - za\u010diatok jari s cyklistikou","og_description":"Kone\u010dne sme sa do\u010dkali lep\u0161\u00edch podmienok pre cyklistiku &#8211; v\u00a0na\u0161om prostred\u00ed ide predov\u0161etk\u00fdm o\u00a0teplej\u0161ie po\u010dasie a\u00a0o\u00a0klesaj\u00face po\u010dty nakazen\u00fdch, ktor\u00fdch d\u00f4sledkom [&hellip;]","og_url":"https:\/\/www.welovecycling.com\/sk\/2021\/04\/30\/mesacna-desiatka-zaciatok-jari-s-cyklistikou\/","og_site_name":"\u0160koda We Love Cycling Slovensko","article_published_time":"2021-04-30T08:00:11+00:00","og_image":[{"width":1380,"height":600,"url":"https:\/\/d2p6e6u75xmxt8.cloudfront.net\/4\/2021\/04\/WLC_april_00.webp","type":"image\/webp"}],"twitter_card":"summary_large_image","twitter_misc":{"Written by":"WeLoveCycling","Est. reading time":"7"},"schema":{"@context":"https:\/\/schema.org","@graph":[{"@type":"WebPage","@id":"https:\/\/www.welovecycling.com\/sk\/2021\/04\/30\/mesacna-desiatka-zaciatok-jari-s-cyklistikou\/","url":"https:\/\/www.welovecycling.com\/sk\/2021\/04\/30\/mesacna-desiatka-zaciatok-jari-s-cyklistikou\/","name":"Mesa\u010dn\u00e1 desiatka - za\u010diatok jari s cyklistikou - \u0160koda We Love Cycling Slovensko","isPartOf":{"@id":"https:\/\/www.welovecycling.com\/sk\/#website"},"primaryImageOfPage":{"@id":"https:\/\/www.welovecycling.com\/sk\/2021\/04\/30\/mesacna-desiatka-zaciatok-jari-s-cyklistikou\/#primaryimage"},"image":{"@id":"https:\/\/www.welovecycling.com\/sk\/2021\/04\/30\/mesacna-desiatka-zaciatok-jari-s-cyklistikou\/#primaryimage"},"thumbnailUrl":"https:\/\/d2p6e6u75xmxt8.cloudfront.net\/4\/2021\/04\/WLC_april_00.webp","datePublished":"2021-04-30T08:00:11+00:00","author":{"@id":""},"breadcrumb":{"@id":"https:\/\/www.welovecycling.com\/sk\/2021\/04\/30\/mesacna-desiatka-zaciatok-jari-s-cyklistikou\/#breadcrumb"},"inLanguage":"sk-SK","potentialAction":[{"@type":"ReadAction","target":["https:\/\/www.welovecycling.com\/sk\/2021\/04\/30\/mesacna-desiatka-zaciatok-jari-s-cyklistikou\/"]}]},{"@type":"ImageObject","inLanguage":"sk-SK","@id":"https:\/\/www.welovecycling.com\/sk\/2021\/04\/30\/mesacna-desiatka-zaciatok-jari-s-cyklistikou\/#primaryimage","url":"https:\/\/d2p6e6u75xmxt8.cloudfront.net\/4\/2021\/04\/WLC_april_00.webp","contentUrl":"https:\/\/d2p6e6u75xmxt8.cloudfront.net\/4\/2021\/04\/WLC_april_00.webp","width":1380,"height":600},{"@type":"BreadcrumbList","@id":"https:\/\/www.welovecycling.com\/sk\/2021\/04\/30\/mesacna-desiatka-zaciatok-jari-s-cyklistikou\/#breadcrumb","itemListElement":[{"@type":"ListItem","position":1,"name":"Home","item":"https:\/\/www.welovecycling.com\/sk\/"},{"@type":"ListItem","position":2,"name":"Mesa\u010dn\u00e1 desiatka &#8211; za\u010diatok jari s cyklistikou"}]},{"@type":"WebSite","@id":"https:\/\/www.welovecycling.com\/sk\/#website","url":"https:\/\/www.welovecycling.com\/sk\/","name":"\u0160koda We Love Cycling Slovensko","description":"\u0160koda We Love Cycling Slovensko je v\u00e1\u0161 ka\u017edodenn\u00fd zdroj noviniek a in\u0161pir\u00e1cie z sveta cyklistiky","potentialAction":[{"@type":"SearchAction","target":{"@type":"EntryPoint","urlTemplate":"https:\/\/www.welovecycling.com\/sk\/?s={search_term_string}"},"query-input":{"@type":"PropertyValueSpecification","valueRequired":true,"valueName":"search_term_string"}}],"inLanguage":"sk-SK"},{"@type":"Person","@id":"","url":"https:\/\/www.welovecycling.com\/sk\/author\/"}]}},"_links":{"self":[{"href":"https:\/\/www.welovecycling.com\/sk\/wp-json\/wp\/v2\/posts\/11737","targetHints":{"allow":["GET"]}}],"collection":[{"href":"https:\/\/www.welovecycling.com\/sk\/wp-json\/wp\/v2\/posts"}],"about":[{"href":"https:\/\/www.welovecycling.com\/sk\/wp-json\/wp\/v2\/types\/post"}],"author":[{"embeddable":true,"href":"https:\/\/www.welovecycling.com\/sk\/wp-json\/wp\/v2\/users\/81"}],"replies":[{"embeddable":true,"href":"https:\/\/www.welovecycling.com\/sk\/wp-json\/wp\/v2\/comments?post=11737"}],"version-history":[{"count":2,"href":"https:\/\/www.welovecycling.com\/sk\/wp-json\/wp\/v2\/posts\/11737\/revisions"}],"predecessor-version":[{"id":11751,"href":"https:\/\/www.welovecycling.com\/sk\/wp-json\/wp\/v2\/posts\/11737\/revisions\/11751"}],"wp:featuredmedia":[{"embeddable":true,"href":"https:\/\/www.welovecycling.com\/sk\/wp-json\/wp\/v2\/media\/11746"}],"wp:attachment":[{"href":"https:\/\/www.welovecycling.com\/sk\/wp-json\/wp\/v2\/media?parent=11737"}],"wp:term":[{"taxonomy":"category","embeddable":true,"href":"https:\/\/www.welovecycling.com\/sk\/wp-json\/wp\/v2\/categories?post=11737"},{"taxonomy":"post_tag","embeddable":true,"href":"https:\/\/www.welovecycling.com\/sk\/wp-json\/wp\/v2\/tags?post=11737"},{"taxonomy":"global-categories","embeddable":true,"href":"https:\/\/www.welovecycling.com\/sk\/wp-json\/wp\/v2\/global-categories?post=11737"}],"curies":[{"name":"wp","href":"https:\/\/api.w.org\/{rel}","templated":true}]}}