{"id":11688,"date":"2021-04-22T10:00:32","date_gmt":"2021-04-22T08:00:32","guid":{"rendered":"https:\/\/www.welovecycling.com\/sk\/?p=11688"},"modified":"2021-04-13T10:11:09","modified_gmt":"2021-04-13T08:11:09","slug":"bicykluje-cela-rodina-par-tipov-pre-vas","status":"publish","type":"post","link":"https:\/\/www.welovecycling.com\/sk\/2021\/04\/22\/bicykluje-cela-rodina-par-tipov-pre-vas\/","title":{"rendered":"Bicykluje cel\u00e1 rodina \u2013 p\u00e1r tipov pre v\u00e1s"},"content":{"rendered":"<p><strong>Cyklistika je \u010doraz viac popul\u00e1rnej\u0161ia, a\u00a0to nielen medzi jednotlivcami, ale cel\u00fdmi rodinami. Je to skvel\u00fd sp\u00f4sob, ako spozn\u00e1va\u0165 svoje okolie, krajinu a\u00a0objavova\u0165 kr\u00e1sy pr\u00edrody. Nez\u00e1le\u017e\u00ed na tom, \u010di tr\u00e9nujete na prest\u00ed\u017ene preteky alebo marat\u00f3n, v\u017edy sa d\u00e1 n\u00e1js\u0165 \u010das, kedy si len tak z\u013eahka vyraz\u00edte na bicykli so svojou polovi\u010dkou a\u00a0s\u00a0de\u0165mi. A\u00a0aj tak\u00e9to chv\u00edle sa daj\u00fa dokonale vychutna\u0165.<\/strong><!--more--><\/p>\n<h2><strong>Prv\u00e9 roky po naroden\u00ed die\u0165a\u0165a<\/strong><\/h2>\n<p>Ak ste cyklistick\u00ed nad\u0161enci, nebude probl\u00e9mom ani pr\u00edchod det\u00ed do rodiny. Prv\u00e9 roky po naroden\u00ed die\u0165a\u0165a s\u00fa s\u00edce z\u00a0cyklistick\u00e9ho h\u013eadiska trochu n\u00e1ro\u010dnej\u0161ie, ale \u010doskoro sa va\u0161e mo\u017enosti roz\u0161\u00edria. Ale netreba sa vzd\u00e1va\u0165 ani v\u00a0za\u010diatkoch. Odborn\u00edci odpor\u00fa\u010daj\u00fa, \u017ee 18 mesiacov je minim\u00e1lny vek die\u0165a\u0165a, kedy je u\u017e bezpe\u010dn\u00e9 pou\u017e\u00edva\u0165 seda\u010dku. Ak nevydr\u017e\u00edte \u010daka\u0165 ani dovtedy, m\u00f4\u017eete pou\u017ei\u0165 cyklovoz\u00edk so \u0161peci\u00e1lnymi vlo\u017ekami, ktor\u00e9 die\u0165a bezpe\u010dne fixuj\u00fa. V\u00a0tak\u00fdchto pr\u00edpadoch ale treba rozumne zvoli\u0165 ter\u00e9n a\u00a0vzdialenos\u0165.<\/p>\n<h2><strong>Bez pomocn\u00fdch koliesok<\/strong><\/h2>\n<p>Ve\u013ek\u00e1 vec v\u00a0rodine a\u00a0hlavne pre die\u0165a nast\u00e1va v\u00a0de\u0148, <strong>ke\u010f sa odvezie na svojom bicykli prv\u00e9 metre bez pomocn\u00fdch koliesok<\/strong>. \u010coskoro u\u017e budete m\u00f4c\u0165 odmontova\u0165 seda\u010dku,\u00a0preda\u0165 cyklovoz\u00edk a\u00a0vyrazi\u0165 na prv\u00fd cyklov\u00fdlet aj s\u00a0mal\u00fdm cyklistom. Treba v\u0161ak bra\u0165 oh\u013ead na die\u0165a a\u00a0nevybra\u0165 sa na nieko\u013eko hodinov\u00fd v\u00fdlet, aby ste mu cyklistiku hne\u010f v\u00a0za\u010diatkoch neznechutili. Ak sa vyberiete na dlh\u00fd v\u00fdlet, napl\u00e1nujte si zast\u00e1vky na zmrzlinu a\u00a0pr\u00edpadne aj jednu dlh\u0161iu, niekde na pizzu. Die\u0165a si svoje prv\u00e9 v\u00fdlety mus\u00ed u\u017ei\u0165 a\u00a0te\u0161i\u0165 sa na \u010fal\u0161ie.<\/p>\n<p><a href=\"https:\/\/d2p6e6u75xmxt8.cloudfront.net\/4\/2021\/04\/Rodina_01.jpg\"><img loading=\"lazy\" decoding=\"async\" src=\"https:\/\/d2p6e6u75xmxt8.cloudfront.net\/4\/2021\/04\/Rodina_01.jpg\" alt=\"\" width=\"1200\" height=\"800\" class=\"alignnone size-full wp-image-11691\" \/><\/a><\/p>\n<h2><strong>Ke\u010f vymenia mal\u00fd bicykel za ve\u013ek\u00fd<\/strong><\/h2>\n<p>Ke\u010f deti trochu viac podrast\u00fa a\u00a0svoj prv\u00fd mal\u00fd bicykel vymenia za u\u017e takmer dospel\u00e1cku ve\u013ekos\u0165, <strong>m\u00f4\u017eete za\u010da\u0165 pl\u00e1nova\u0165 skuto\u010dne poriadne v\u00fdlety a\u00a0v\u00fdjazdy<\/strong>. Nebude u\u017e probl\u00e9m vyrazi\u0165 aj na celodenn\u00fd v\u00fdjazd, napr\u00edklad do pr\u00edrody. Tam m\u00f4\u017eete okrem cyklistiky spozn\u00e1va\u0165 stromy, \u010di kocha\u0165 sa v\u00fdh\u013eadom na \u0161irok\u00e9 okolie na niektorej z\u00a0rozh\u013eadn\u00ed, ktor\u00fdch je na Slovensku dos\u0165.  <\/p>\n<h2><strong>Deti s\u00fa pre\u010d z\u00a0domu<\/strong><\/h2>\n<p>\u010ci chcete alebo nie, jedn\u00e9ho d\u0148a nastane chv\u00ed\u013ea, ke\u010f si deti zalo\u017eia svoju vlastn\u00fa rodinu a\u00a0od\u00eddu z\u00a0domu. Zrazu si uvedom\u00edte, \u017ee na miesta kam ste chodili s\u00a0de\u0165mi u\u017e v\u00e1s chodi\u0165 nebav\u00ed a\u00a0h\u013ead\u00e1te, kam vyrazi\u0165 vo dvojici. Skvel\u00fdm rie\u0161en\u00edm m\u00f4\u017eu by\u0165 viacdenn\u00e9 v\u00fdlety. Presp\u00e1va\u0165 m\u00f4\u017eete pod stanom, alebo si cestu napl\u00e1nujete tak, \u017ee v\u017edy sa ubytujete v\u00a0penzi\u00f3noch alebo hoteloch. Tam si len treba preveri\u0165, \u010di si budete ma\u0165 kam da\u0165 bicykel. <strong>A\u00a0m\u00f4\u017ee sa sta\u0165, \u017ee nanovo objav\u00edte kr\u00e1su cyklistiky tak, ako ste ju nepoznali.<\/strong><\/p>\n<p><a href=\"https:\/\/d2p6e6u75xmxt8.cloudfront.net\/4\/2021\/04\/Rodina_02.jpg\"><img loading=\"lazy\" decoding=\"async\" src=\"https:\/\/d2p6e6u75xmxt8.cloudfront.net\/4\/2021\/04\/Rodina_02.jpg\" alt=\"\" width=\"1200\" height=\"800\" class=\"alignnone size-full wp-image-11692\" \/><\/a><\/p>\n<h2><strong>Vn\u00fa\u010dat\u00e1 a\u00a0bicykel<\/strong><\/h2>\n<p>Na \u017eivote je kr\u00e1sne, ako sa niektor\u00e9 veci po rokoch opakuj\u00fa a\u00a0rovnak\u00e9 je to aj v\u00a0pr\u00edpade pr\u00edchodu vn\u00fa\u010dat do rodiny. Znovu si spomeniete na chv\u00edle str\u00e1ven\u00e9 s\u00a0va\u0161imi de\u0165mi a\u00a0mo\u017eno dokonca niekde n\u00e1jdete star\u00fd cyklovoz\u00edk z\u00a0t\u00fdch \u010dias. <strong>No a\u00a0za\u010dnete akoby odznovu.<\/strong> Ale navy\u0161e sa m\u00f4\u017eete vybra\u0165 nielen so svojimi vn\u00fa\u010datami, ale aj so svojimi odrasten\u00fdmi de\u0165mi. A\u00a0to u\u017e bude poriadny pelot\u00f3n, no nie? <\/p>\n<h2><strong>D\u00f4chodok nie je \u017eiadny probl\u00e9m<\/strong><\/h2>\n<p>D\u00f4chodok nie je d\u00f4vodom na ukon\u010denie cyklistick\u00fdch ch\u00fa\u0165ok. Najm\u00e4 v\u00a0dne\u0161nej dobe elektrobicyklov je to naozaj <strong>dobr\u00fd sp\u00f4sob, ako sa udr\u017eiava\u0165 vo forme<\/strong>. A\u00a0skvelou spr\u00e1vou je, \u017ee ani va\u0161e dospel\u00e9 deti sa nemusia ob\u00e1va\u0165 toho, vyrazi\u0165 s\u00a0vami do n\u00e1ro\u010dn\u00e9ho ter\u00e9nu. V\u010faka elektrickej podpore hravo udr\u017e\u00edte tempo a\u00a0mo\u017eno ich v\u00a0poriadnom st\u00fapan\u00ed dokonca predbehnete. Pre\u010do nie? Doprajte si t\u00fa rados\u0165 a\u00a0u\u017eijete si spolo\u010dn\u00e9 chv\u00edle str\u00e1ven\u00e9 na \u010derstvom vzduchu.<\/p>\n<p>Teraz je u\u017e jasn\u00e9, \u017ee cyklistika je vhodn\u00e1 pre v\u0161etky vekov\u00e9 kateg\u00f3rie. Je to skvel\u00fd sp\u00f4sob ako <strong>\u013eudia m\u00f4\u017eu tr\u00e1vi\u0165 spolo\u010dn\u00fd \u010das a\u00a0navy\u0161e robia nie\u010do pre svoje zdravie<\/strong>. A\u00a0to nielen pre svoje telesn\u00e9 zdravie ale aj du\u0161evn\u00e9. A\u00a0to v\u010faka tomu, \u017ee s\u00fa na \u010derstvom vzduchu, na slnku, v\u00a0pr\u00edrode. Ak e\u0161te st\u00e1le v\u00e1hate, vezmite cel\u00fa rodinu na v\u00fdlet a\u00a0ur\u010dite si to u\u017eijete.<\/p>\n","protected":false},"excerpt":{"rendered":"<p>Cyklistika je \u010doraz viac popul\u00e1rnej\u0161ia, a\u00a0to nielen medzi jednotlivcami, ale cel\u00fdmi rodinami. Je to skvel\u00fd sp\u00f4sob, ako spozn\u00e1va\u0165 svoje okolie, [&hellip;]<\/p>\n","protected":false},"author":81,"featured_media":11690,"comment_status":"open","ping_status":"open","sticky":false,"template":"","format":"standard","meta":{"footnotes":""},"categories":[191],"tags":[619,507,53,180,931,509,183,161],"global-categories":[1074],"class_list":["post-11688","post","type-post","status-publish","format-standard","has-post-thumbnail","hentry","category-odporucame","tag-bicyklovanie","tag-cyklorodinka","tag-deti","tag-horska-cyklistika","tag-odporucame","tag-rodina","tag-zabava","tag-zdravie","global-categories-cycling"],"yoast_head":"<!-- This site is optimized with the Yoast SEO Premium plugin v25.3 (Yoast SEO v25.9) - https:\/\/yoast.com\/wordpress\/plugins\/seo\/ -->\n<title>Bicykluje cel\u00e1 rodina \u2013 p\u00e1r tipov pre v\u00e1s - \u0160koda We Love Cycling Slovensko<\/title>\n<meta name=\"robots\" content=\"index, follow, max-snippet:-1, max-image-preview:large, max-video-preview:-1\" \/>\n<link rel=\"canonical\" href=\"https:\/\/www.welovecycling.com\/sk\/2021\/04\/22\/bicykluje-cela-rodina-par-tipov-pre-vas\/\" \/>\n<meta property=\"og:locale\" content=\"sk_SK\" \/>\n<meta property=\"og:type\" content=\"article\" \/>\n<meta property=\"og:title\" content=\"Bicykluje cel\u00e1 rodina \u2013 p\u00e1r tipov pre v\u00e1s\" \/>\n<meta property=\"og:description\" content=\"Cyklistika je \u010doraz viac popul\u00e1rnej\u0161ia, a\u00a0to nielen medzi jednotlivcami, ale cel\u00fdmi rodinami. Je to skvel\u00fd sp\u00f4sob, ako spozn\u00e1va\u0165 svoje okolie, [&hellip;]\" \/>\n<meta property=\"og:url\" content=\"https:\/\/www.welovecycling.com\/sk\/2021\/04\/22\/bicykluje-cela-rodina-par-tipov-pre-vas\/\" \/>\n<meta property=\"og:site_name\" content=\"\u0160koda We Love Cycling Slovensko\" \/>\n<meta property=\"article:published_time\" content=\"2021-04-22T08:00:32+00:00\" \/>\n<meta property=\"og:image\" content=\"https:\/\/d2p6e6u75xmxt8.cloudfront.net\/4\/2021\/04\/Rodina_00.webp\" \/>\n\t<meta property=\"og:image:width\" content=\"1380\" \/>\n\t<meta property=\"og:image:height\" content=\"600\" \/>\n\t<meta property=\"og:image:type\" content=\"image\/webp\" \/>\n<meta name=\"twitter:card\" content=\"summary_large_image\" \/>\n<meta name=\"twitter:label1\" content=\"Written by\" \/>\n\t<meta name=\"twitter:data1\" content=\"Radovan Vr\u0161ka\" \/>\n\t<meta name=\"twitter:label2\" content=\"Est. reading time\" \/>\n\t<meta name=\"twitter:data2\" content=\"3\" \/>\n<script type=\"application\/ld+json\" class=\"yoast-schema-graph\">{\"@context\":\"https:\/\/schema.org\",\"@graph\":[{\"@type\":\"WebPage\",\"@id\":\"https:\/\/www.welovecycling.com\/sk\/2021\/04\/22\/bicykluje-cela-rodina-par-tipov-pre-vas\/\",\"url\":\"https:\/\/www.welovecycling.com\/sk\/2021\/04\/22\/bicykluje-cela-rodina-par-tipov-pre-vas\/\",\"name\":\"Bicykluje cel\u00e1 rodina \u2013 p\u00e1r tipov pre v\u00e1s - \u0160koda We Love Cycling Slovensko\",\"isPartOf\":{\"@id\":\"https:\/\/www.welovecycling.com\/sk\/#website\"},\"primaryImageOfPage\":{\"@id\":\"https:\/\/www.welovecycling.com\/sk\/2021\/04\/22\/bicykluje-cela-rodina-par-tipov-pre-vas\/#primaryimage\"},\"image\":{\"@id\":\"https:\/\/www.welovecycling.com\/sk\/2021\/04\/22\/bicykluje-cela-rodina-par-tipov-pre-vas\/#primaryimage\"},\"thumbnailUrl\":\"https:\/\/d2p6e6u75xmxt8.cloudfront.net\/4\/2021\/04\/Rodina_00.webp\",\"datePublished\":\"2021-04-22T08:00:32+00:00\",\"author\":{\"@id\":\"\"},\"breadcrumb\":{\"@id\":\"https:\/\/www.welovecycling.com\/sk\/2021\/04\/22\/bicykluje-cela-rodina-par-tipov-pre-vas\/#breadcrumb\"},\"inLanguage\":\"sk-SK\",\"potentialAction\":[{\"@type\":\"ReadAction\",\"target\":[\"https:\/\/www.welovecycling.com\/sk\/2021\/04\/22\/bicykluje-cela-rodina-par-tipov-pre-vas\/\"]}]},{\"@type\":\"ImageObject\",\"inLanguage\":\"sk-SK\",\"@id\":\"https:\/\/www.welovecycling.com\/sk\/2021\/04\/22\/bicykluje-cela-rodina-par-tipov-pre-vas\/#primaryimage\",\"url\":\"https:\/\/d2p6e6u75xmxt8.cloudfront.net\/4\/2021\/04\/Rodina_00.webp\",\"contentUrl\":\"https:\/\/d2p6e6u75xmxt8.cloudfront.net\/4\/2021\/04\/Rodina_00.webp\",\"width\":1380,\"height\":600},{\"@type\":\"BreadcrumbList\",\"@id\":\"https:\/\/www.welovecycling.com\/sk\/2021\/04\/22\/bicykluje-cela-rodina-par-tipov-pre-vas\/#breadcrumb\",\"itemListElement\":[{\"@type\":\"ListItem\",\"position\":1,\"name\":\"Home\",\"item\":\"https:\/\/www.welovecycling.com\/sk\/\"},{\"@type\":\"ListItem\",\"position\":2,\"name\":\"Bicykluje cel\u00e1 rodina \u2013 p\u00e1r tipov pre v\u00e1s\"}]},{\"@type\":\"WebSite\",\"@id\":\"https:\/\/www.welovecycling.com\/sk\/#website\",\"url\":\"https:\/\/www.welovecycling.com\/sk\/\",\"name\":\"\u0160koda We Love Cycling Slovensko\",\"description\":\"\u0160koda We Love Cycling Slovensko je v\u00e1\u0161 ka\u017edodenn\u00fd zdroj noviniek a in\u0161pir\u00e1cie z sveta cyklistiky\",\"potentialAction\":[{\"@type\":\"SearchAction\",\"target\":{\"@type\":\"EntryPoint\",\"urlTemplate\":\"https:\/\/www.welovecycling.com\/sk\/?s={search_term_string}\"},\"query-input\":{\"@type\":\"PropertyValueSpecification\",\"valueRequired\":true,\"valueName\":\"search_term_string\"}}],\"inLanguage\":\"sk-SK\"},{\"@type\":\"Person\",\"@id\":\"\",\"url\":\"https:\/\/www.welovecycling.com\/sk\/author\/\"}]}<\/script>\n<!-- \/ Yoast SEO Premium plugin. -->","yoast_head_json":{"title":"Bicykluje cel\u00e1 rodina \u2013 p\u00e1r tipov pre v\u00e1s - \u0160koda We Love Cycling Slovensko","robots":{"index":"index","follow":"follow","max-snippet":"max-snippet:-1","max-image-preview":"max-image-preview:large","max-video-preview":"max-video-preview:-1"},"canonical":"https:\/\/www.welovecycling.com\/sk\/2021\/04\/22\/bicykluje-cela-rodina-par-tipov-pre-vas\/","og_locale":"sk_SK","og_type":"article","og_title":"Bicykluje cel\u00e1 rodina \u2013 p\u00e1r tipov pre v\u00e1s","og_description":"Cyklistika je \u010doraz viac popul\u00e1rnej\u0161ia, a\u00a0to nielen medzi jednotlivcami, ale cel\u00fdmi rodinami. Je to skvel\u00fd sp\u00f4sob, ako spozn\u00e1va\u0165 svoje okolie, [&hellip;]","og_url":"https:\/\/www.welovecycling.com\/sk\/2021\/04\/22\/bicykluje-cela-rodina-par-tipov-pre-vas\/","og_site_name":"\u0160koda We Love Cycling Slovensko","article_published_time":"2021-04-22T08:00:32+00:00","og_image":[{"width":1380,"height":600,"url":"https:\/\/d2p6e6u75xmxt8.cloudfront.net\/4\/2021\/04\/Rodina_00.webp","type":"image\/webp"}],"twitter_card":"summary_large_image","twitter_misc":{"Written by":"Radovan Vr\u0161ka","Est. reading time":"3"},"schema":{"@context":"https:\/\/schema.org","@graph":[{"@type":"WebPage","@id":"https:\/\/www.welovecycling.com\/sk\/2021\/04\/22\/bicykluje-cela-rodina-par-tipov-pre-vas\/","url":"https:\/\/www.welovecycling.com\/sk\/2021\/04\/22\/bicykluje-cela-rodina-par-tipov-pre-vas\/","name":"Bicykluje cel\u00e1 rodina \u2013 p\u00e1r tipov pre v\u00e1s - \u0160koda We Love Cycling Slovensko","isPartOf":{"@id":"https:\/\/www.welovecycling.com\/sk\/#website"},"primaryImageOfPage":{"@id":"https:\/\/www.welovecycling.com\/sk\/2021\/04\/22\/bicykluje-cela-rodina-par-tipov-pre-vas\/#primaryimage"},"image":{"@id":"https:\/\/www.welovecycling.com\/sk\/2021\/04\/22\/bicykluje-cela-rodina-par-tipov-pre-vas\/#primaryimage"},"thumbnailUrl":"https:\/\/d2p6e6u75xmxt8.cloudfront.net\/4\/2021\/04\/Rodina_00.webp","datePublished":"2021-04-22T08:00:32+00:00","author":{"@id":""},"breadcrumb":{"@id":"https:\/\/www.welovecycling.com\/sk\/2021\/04\/22\/bicykluje-cela-rodina-par-tipov-pre-vas\/#breadcrumb"},"inLanguage":"sk-SK","potentialAction":[{"@type":"ReadAction","target":["https:\/\/www.welovecycling.com\/sk\/2021\/04\/22\/bicykluje-cela-rodina-par-tipov-pre-vas\/"]}]},{"@type":"ImageObject","inLanguage":"sk-SK","@id":"https:\/\/www.welovecycling.com\/sk\/2021\/04\/22\/bicykluje-cela-rodina-par-tipov-pre-vas\/#primaryimage","url":"https:\/\/d2p6e6u75xmxt8.cloudfront.net\/4\/2021\/04\/Rodina_00.webp","contentUrl":"https:\/\/d2p6e6u75xmxt8.cloudfront.net\/4\/2021\/04\/Rodina_00.webp","width":1380,"height":600},{"@type":"BreadcrumbList","@id":"https:\/\/www.welovecycling.com\/sk\/2021\/04\/22\/bicykluje-cela-rodina-par-tipov-pre-vas\/#breadcrumb","itemListElement":[{"@type":"ListItem","position":1,"name":"Home","item":"https:\/\/www.welovecycling.com\/sk\/"},{"@type":"ListItem","position":2,"name":"Bicykluje cel\u00e1 rodina \u2013 p\u00e1r tipov pre v\u00e1s"}]},{"@type":"WebSite","@id":"https:\/\/www.welovecycling.com\/sk\/#website","url":"https:\/\/www.welovecycling.com\/sk\/","name":"\u0160koda We Love Cycling Slovensko","description":"\u0160koda We Love Cycling Slovensko je v\u00e1\u0161 ka\u017edodenn\u00fd zdroj noviniek a in\u0161pir\u00e1cie z sveta cyklistiky","potentialAction":[{"@type":"SearchAction","target":{"@type":"EntryPoint","urlTemplate":"https:\/\/www.welovecycling.com\/sk\/?s={search_term_string}"},"query-input":{"@type":"PropertyValueSpecification","valueRequired":true,"valueName":"search_term_string"}}],"inLanguage":"sk-SK"},{"@type":"Person","@id":"","url":"https:\/\/www.welovecycling.com\/sk\/author\/"}]}},"_links":{"self":[{"href":"https:\/\/www.welovecycling.com\/sk\/wp-json\/wp\/v2\/posts\/11688","targetHints":{"allow":["GET"]}}],"collection":[{"href":"https:\/\/www.welovecycling.com\/sk\/wp-json\/wp\/v2\/posts"}],"about":[{"href":"https:\/\/www.welovecycling.com\/sk\/wp-json\/wp\/v2\/types\/post"}],"author":[{"embeddable":true,"href":"https:\/\/www.welovecycling.com\/sk\/wp-json\/wp\/v2\/users\/81"}],"replies":[{"embeddable":true,"href":"https:\/\/www.welovecycling.com\/sk\/wp-json\/wp\/v2\/comments?post=11688"}],"version-history":[{"count":2,"href":"https:\/\/www.welovecycling.com\/sk\/wp-json\/wp\/v2\/posts\/11688\/revisions"}],"predecessor-version":[{"id":11694,"href":"https:\/\/www.welovecycling.com\/sk\/wp-json\/wp\/v2\/posts\/11688\/revisions\/11694"}],"wp:featuredmedia":[{"embeddable":true,"href":"https:\/\/www.welovecycling.com\/sk\/wp-json\/wp\/v2\/media\/11690"}],"wp:attachment":[{"href":"https:\/\/www.welovecycling.com\/sk\/wp-json\/wp\/v2\/media?parent=11688"}],"wp:term":[{"taxonomy":"category","embeddable":true,"href":"https:\/\/www.welovecycling.com\/sk\/wp-json\/wp\/v2\/categories?post=11688"},{"taxonomy":"post_tag","embeddable":true,"href":"https:\/\/www.welovecycling.com\/sk\/wp-json\/wp\/v2\/tags?post=11688"},{"taxonomy":"global-categories","embeddable":true,"href":"https:\/\/www.welovecycling.com\/sk\/wp-json\/wp\/v2\/global-categories?post=11688"}],"curies":[{"name":"wp","href":"https:\/\/api.w.org\/{rel}","templated":true}]}}