{"id":11670,"date":"2021-04-08T15:28:56","date_gmt":"2021-04-08T13:28:56","guid":{"rendered":"https:\/\/www.welovecycling.com\/sk\/?p=11670"},"modified":"2021-04-09T02:35:30","modified_gmt":"2021-04-09T00:35:30","slug":"znacka-skoda-generalnym-partnerom-pretekov","status":"publish","type":"post","link":"https:\/\/www.welovecycling.com\/sk\/2021\/04\/08\/znacka-skoda-generalnym-partnerom-pretekov\/","title":{"rendered":"Zna\u010dka \u0160koda gener\u00e1lnym partnerom pretekov"},"content":{"rendered":"<p><strong>Slovensko bude tento rok dejiskom jedine\u010dn\u00e9ho podujatia L\u2019Etape Slovakia by Tour de France. Atmosf\u00e9ru profesion\u00e1lnych pretekov si v auguste, aj v\u010faka gener\u00e1lnemu partnerovi \u0160koda, u\u017eij\u00fa slovensk\u00ed fan\u00fa\u0161ikovia aj cyklisti v dom\u00e1com prostred\u00ed Bratislavy a Mal\u00fdch Karp\u00e1t. Servis po\u010das pretekov zabezpe\u010d\u00ed flotila piatich vozidiel \u0160koda na \u010dele s riadite\u013esk\u00fdm vozidlom, plne elektrick\u00fdm SUV \u0160koda ENYAQ iV.<\/strong><\/p>\n<p><!--more--><\/p>\n<p>\u201eL\u2019Etape\u201c sa tento rok predstav\u00ed popri \u010fal\u0161\u00edch 13 krajin\u00e1ch aj na Slovensku. Strhuj\u00facu atmosf\u00e9ru Tour de France, najv\u00e4\u010d\u0161\u00edch cyklistick\u00fdch pretekov na svete, si tak bud\u00fa m\u00f4c\u0165 u\u017ei\u0165 aj slovensk\u00ed fan\u00fa\u0161ikovia a cyklisti. Pretek\u00e1ri si\u00a0zmeraj\u00fa sily s b\u00fdval\u00fdmi \u0161ampi\u00f3nmi Tour de France na trati navrhnutej odborn\u00edkmi s vysokou \u00farov\u0148ou bezpe\u010dnosti a\u00a0pretek\u00e1rskej podpory od cel\u00e9ho t\u00edmu organiz\u00e1torov. Cyklistov bude po\u010das pretekov sprev\u00e1dza\u0165 flotila piatich vozidiel \u0160koda na \u010dele s riadite\u013esk\u00fdm vozidlom, plne elektrick\u00fdm SUV \u0160koda ENYAQ iV. Popri boji o celkov\u00e9 poradie nebud\u00fa ch\u00fdba\u0165 ani kr\u00e1\u013eovsk\u00e9 vrch\u00e1rske a \u0161print\u00e9rske pr\u00e9mie, predstavenie hist\u00f3rie Tour de France, bohat\u00fd cyklistick\u00fd festival s mno\u017estvom workshopov \u010di n\u00e1dych franc\u00fazskej kult\u00fary, kuchyne a hist\u00f3rie.<\/p>\n<p><img loading=\"lazy\" decoding=\"async\" class=\"alignnone size-full wp-image-11672\" src=\"https:\/\/d2p6e6u75xmxt8.cloudfront.net\/4\/2021\/04\/IMG_0856.jpg\" alt=\"\" width=\"1024\" height=\"683\" \/><\/p>\n<p><em>\u201e\u0160koda m\u00e1 v\u00e1\u0161e\u0148 pre cyklistiku jednoducho v DNA. Ke\u010f v roku 1895 zalo\u017eili p\u00e1ni Laurin a Klement v Mladej Boleslavi tov\u00e1re\u0148 na v\u00fdrobu bicyklov, polo\u017eili t\u00fdm z\u00e1rove\u0148 aj z\u00e1kladn\u00fd kame\u0148 dne\u0161nej spolo\u010dnosti \u0160koda AUTO. Preto\u00a0sme u\u017e 18 rokov hrd\u00fdm partnerom legend\u00e1rnej Tour de France a sme nad\u0161en\u00ed, \u017ee k\u00fasok z jej atmosf\u00e9ry, nap\u00e4tia a \u0161portov\u00fdch v\u00fdkonov m\u00f4\u017eeme prinies\u0165 tento rok slovensk\u00fdm priaznivcom aj priamo k\u00a0n\u00e1m domov ako gener\u00e1lny partner podujatia L\u00b4Etape Slovakia by Tour de France. Sme ve\u013emi radi, \u017ee ako jeden z\u00a0najv\u00e4\u010d\u0161\u00edch podporovate\u013eov cyklistiky na Slovensku tak m\u00f4\u017eeme okrem na\u0161ej tradi\u010dnej s\u00e9rie pretekov \u0160koda BIKE OPEN TOUR, ur\u010den\u00fdch pre\u00a0nad\u0161encov horskej cyklistiky, sprostredkova\u0165 aj \u010fal\u0161ie unik\u00e1tne podujatie nabit\u00e9 pozit\u00edvnou \u0161portovou energiou aj\u00a0fan\u00fa\u0161ikom cestnej cyklistiky,\u201c <\/em>povedal Roman Rajt\u00e1r, ved\u00faci marketingu \u0160koda AUTO Slovensko.<\/p>\n<div id='gallery-1' class='gallery galleryid-11670 gallery-columns-2 gallery-size-medium'><figure class='gallery-item'>\n\t\t\t<div class='gallery-icon landscape'>\n\t\t\t\t<a href='https:\/\/d2p6e6u75xmxt8.cloudfront.net\/4\/2021\/04\/IMG_0930.webp'><img loading=\"lazy\" decoding=\"async\" width=\"300\" height=\"200\" src=\"https:\/\/d2p6e6u75xmxt8.cloudfront.net\/4\/2021\/04\/IMG_0930-300x200.webp\" class=\"attachment-medium size-medium\" alt=\"\" aria-describedby=\"gallery-1-11673\" srcset=\"https:\/\/d2p6e6u75xmxt8.cloudfront.net\/4\/2021\/04\/IMG_0930-300x200.webp 300w, https:\/\/d2p6e6u75xmxt8.cloudfront.net\/4\/2021\/04\/IMG_0930-768x512.webp 768w, https:\/\/d2p6e6u75xmxt8.cloudfront.net\/4\/2021\/04\/IMG_0930-272x182.webp 272w, https:\/\/d2p6e6u75xmxt8.cloudfront.net\/4\/2021\/04\/IMG_0930.webp 1024w\" sizes=\"auto, (max-width: 300px) 100vw, 300px\" \/><\/a>\n\t\t\t<\/div>\n\t\t\t\t<figcaption class='wp-caption-text gallery-caption' id='gallery-1-11673'>\n\t\t\t\tRoman Rajt\u00e1r symbolicky odovzd\u00e1va k\u013e\u00fa\u010de od ofici\u00e1lnej flotily pretekov\n\t\t\t\t<\/figcaption><\/figure><figure class='gallery-item'>\n\t\t\t<div class='gallery-icon landscape'>\n\t\t\t\t<a href='https:\/\/d2p6e6u75xmxt8.cloudfront.net\/4\/2021\/04\/IMG_0666_edit.webp'><img loading=\"lazy\" decoding=\"async\" width=\"300\" height=\"200\" src=\"https:\/\/d2p6e6u75xmxt8.cloudfront.net\/4\/2021\/04\/IMG_0666_edit-300x200.webp\" class=\"attachment-medium size-medium\" alt=\"\" aria-describedby=\"gallery-1-11674\" srcset=\"https:\/\/d2p6e6u75xmxt8.cloudfront.net\/4\/2021\/04\/IMG_0666_edit-300x200.webp 300w, https:\/\/d2p6e6u75xmxt8.cloudfront.net\/4\/2021\/04\/IMG_0666_edit-768x512.webp 768w, https:\/\/d2p6e6u75xmxt8.cloudfront.net\/4\/2021\/04\/IMG_0666_edit-272x182.webp 272w, https:\/\/d2p6e6u75xmxt8.cloudfront.net\/4\/2021\/04\/IMG_0666_edit.webp 1024w\" sizes=\"auto, (max-width: 300px) 100vw, 300px\" \/><\/a>\n\t\t\t<\/div>\n\t\t\t\t<figcaption class='wp-caption-text gallery-caption' id='gallery-1-11674'>\n\t\t\t\t\u0160koda OCTAVIA, KAROQ, no napr\u00edklad aj elektrick\u00e9 SUV ENYAQ iV ako riadite\u013esk\u00e9 vozidlo\n\t\t\t\t<\/figcaption><\/figure>\n\t\t<\/div>\n\n<p><strong>Dvojd\u0148ov\u00fd festival cyklistickej radosti<\/strong><\/p>\n<p>L\u2019Etape Slovakia by Tour de France predstav\u00ed bohat\u00fd \u0161portov\u00fd a\u00a0kult\u00farny program rozdelen\u00fd do dvoch dn\u00ed. Sobota 21.08.2021 bude patri\u0165 rodin\u00e1m. Na Family Day nebud\u00fa dopoludnia ch\u00fdba\u0165 detsk\u00e9 preteky Kids Race pre deti vo veku od 3 do 14 rokov v d\u013a\u017eke od 600 metrov do 2,5 kilometra. Popoludn\u00ed sa predstavia cyklisti od 11 rokov na nes\u00fa\u0165a\u017enej hobby jazde Family Ride v d\u013a\u017eke 20 kilometrov. Nede\u013ea 22.8. 2021 s n\u00e1zvom Race Day prinesie dve discipl\u00edny. Pretek\u00e1ri bud\u00fa na trase Race v d\u013a\u017eke 120 kilometrov prekon\u00e1va\u0165 4 st\u00fapania s celkov\u00fdm prev\u00fd\u0161en\u00edm pribli\u017ene 1500 metrov. Na krat\u0161ej trase Ride v d\u013a\u017eke 70 kilometrov sa cyklisti popasuj\u00fa s dvoma st\u00fapaniami a\u00a0bud\u00fa \u010deli\u0165 celkov\u00e9mu prev\u00fd\u0161eniu zhruba 750 metrov.<\/p>\n<p>Centrom cel\u00e9ho podujatia bude \u0160trkoveck\u00e9 jazero a\u00a0jeho okolie, kde bude po\u010das leta vytvoren\u00e1 cyklo z\u00f3na pre v\u0161etk\u00fdch fan\u00fa\u0161ikov cyklistiky, pri\u010dom pretek\u00e1ri si zmeraj\u00fa svoje sily na trati prech\u00e1dzaj\u00facej Kamz\u00edkom, Bielym kr\u00ed\u017eom \u010di Pezinskou Babou. L\u2019Etape prinesie aj bohat\u00fd sprievodn\u00fd program vr\u00e1tane spolo\u010dn\u00fdch pr\u00edpravn\u00fdch tr\u00e9ningov pre verejnos\u0165. Ch\u00fdba\u0165 nebude predstavenie franc\u00fazskej kult\u00fary a\u00a0gastron\u00f3mie ani v\u00fdstava mapuj\u00faca hist\u00f3riu Tour de France.<\/p>\n<p>&nbsp;<\/p>\n<p><strong>\u0160koda m\u00e1 cyklistiku v krvi<\/strong><\/p>\n<p>Cyklistika je doslova zap\u00edsan\u00e1 v\u00a0DNA zna\u010dky \u0160koda, preto je jedn\u00fdm z pilierov sponzoringovej strat\u00e9gie spolo\u010dnosti. U\u017e od roku 2004 je \u0160koda AUTO ofici\u00e1lnym partnerom a dod\u00e1vate\u013eom ofici\u00e1lneho automobilu na legend\u00e1rnej Tour de France. Spolo\u010dnos\u0165 na t\u00fdchto pretekoch rovnak\u00e9 obdobie partnersky zastre\u0161uje aj jeden z dresov pre individu\u00e1lne hodnotenie, pri\u010dom od roku 2015 je to pr\u00e1ve prest\u00ed\u017eny zelen\u00fd dres. Podpora svetovej cyklistiky pokra\u010duje aj \u0161panielskou La Vueltou, kde tak isto \u0160koda AUTO ako ofici\u00e1lny partner poskytuje riadite\u013esk\u00e9 vozidlo.<\/p>\n<div class=\"shortcode-ys-post-pinup\"><article class=\"loop-simple post-11421 post type-post status-publish format-standard has-post-thumbnail hentry category-cestna-cyklisitika tag-bicyklovanie tag-cestna-cyklistika tag-cestny-bicykel tag-cyklista tag-cyklistika tag-mads-pedersen tag-mathieu-van-der-poel tag-skoda tag-skoda-auto tag-skoda-zeleny-dres tag-tour-de-france tag-zeleny-dres\" data-postid=\"11421\" role=\"article\" data-post-id=\"11421\" data-word-count=\"315\" data-headline-length=\"65\" data-category=\"Cestn\u00e1 cyklistika\" data-author=\"Monica Buck\" data-published=\"2021-02-18T10:00:18+01:00\" data-published-day=\"Thursday\">\n    <div class=\"entry-thumbnail article-thumbnail\" content=\"https:\/\/d2p6e6u75xmxt8.cloudfront.net\/4\/2021\/02\/Mads-Pedersen-profimedia-0558152868-CVR-150x150.webp\"><a href=\"https:\/\/www.welovecycling.com\/sk\/2021\/02\/18\/mads-pedersen-chce-ziskat-skoda-zeleny-dres-na-tour-de-france\/\" class=\"image-holder\" target=\"_self\"><img decoding=\"async\" loading=\"lazy\" class=\"\" src=\"https:\/\/d2p6e6u75xmxt8.cloudfront.net\/4\/2021\/02\/Mads-Pedersen-profimedia-0558152868-CVR-1024x450.webp\" srcset=\"https:\/\/d2p6e6u75xmxt8.cloudfront.net\/4\/2021\/02\/Mads-Pedersen-profimedia-0558152868-CVR.webp 1366w, https:\/\/d2p6e6u75xmxt8.cloudfront.net\/4\/2021\/02\/Mads-Pedersen-profimedia-0558152868-CVR-300x132.webp 300w, https:\/\/d2p6e6u75xmxt8.cloudfront.net\/4\/2021\/02\/Mads-Pedersen-profimedia-0558152868-CVR-1024x450.webp 1024w, https:\/\/d2p6e6u75xmxt8.cloudfront.net\/4\/2021\/02\/Mads-Pedersen-profimedia-0558152868-CVR-768x337.webp 768w\" width=\"1024\" height=\"450\" sizes=\"auto, (min-width: 1200px) 456px, (min-width: 768px) 38vw, 100vw\" alt=\"mads-pedersen-chce-ziskat-skoda-zeleny-dres-na-tour-de-france\"\/><\/a><\/div>    <div class=\"entry-meta\">\n        <a class=\"label label-secondary post-category\" href=\"https:\/\/www.welovecycling.com\/sk\/category\/cestna-cyklisitika\/\" title=\"Cestn\u00e1 cyklistika\">Cestn\u00e1 cyklistika<\/a>\n    <\/div>\n    <div class=\"entry-details\">\n        <a href=\"https:\/\/www.welovecycling.com\/sk\/2021\/02\/18\/mads-pedersen-chce-ziskat-skoda-zeleny-dres-na-tour-de-france\/\" class='entry-title-wrapper'>\n            <h3 class=\"entry-title\"><span>Mads Pedersen chce z\u00edska\u0165 \u0160koda Zelen\u00fd dres na Tour de France<\/span><\/h3>\n        <\/a>\n    <\/div>\n    <\/article>\n<\/div>\n<p><img loading=\"lazy\" decoding=\"async\" class=\"alignnone size-full wp-image-10834\" src=\"https:\/\/d2p6e6u75xmxt8.cloudfront.net\/4\/2020\/09\/WLC_Mesacna-desiatka-september_02.jpg\" alt=\"\" width=\"1200\" height=\"800\" \/><\/p>\n<p>Okrem legend\u00e1rnych svetov\u00fdch pretekov \u0160koda AUTO dlhodobo stoj\u00ed aj pri cyklistike na Slovensku. U\u017e \u00f4smy rok organizuje preteky horsk\u00fdch bicyklov <a href=\"https:\/\/www.welovecycling.com\/sk\/series\/skoda-bike-open-tour\/\" target=\"_blank\" rel=\"noopener\">\u0160koda BIKE OPEN TOUR<\/a>, ktor\u00e9 sa v priebehu svojej existencie vypracovali na najv\u00fdznamnej\u0161ie preteky pre MTB bajkerov z radov profesion\u00e1lov, amat\u00e9rov i hobby cyklistov na Slovensku. Rovnako je dlhoro\u010dn\u00fdm partnerom Slovensk\u00e9ho cyklistick\u00e9ho zv\u00e4zu a podporuje viacero prest\u00ed\u017enych cyklistick\u00fdch pretekov u n\u00e1s. \u0160koda na Slovensku nezab\u00fada ani na t\u00fdch najmen\u0161\u00edch a aj tento rok bude hrd\u00fdm partnerom <a href=\"\/sk\/tag\/detska-tour-petra-sagana\/\" target=\"_blank\" rel=\"noopener\">Detskej tour Petra Sagana<\/a>, kde si hne\u010f v nieko\u013ek\u00fdch kateg\u00f3ri\u00e1ch m\u00f4\u017eu zmera\u0165 sily v\u0161etky deti od 3 do 14 rokov.<\/p>\n","protected":false},"excerpt":{"rendered":"<p>Slovensko bude tento rok dejiskom jedine\u010dn\u00e9ho podujatia L\u2019Etape Slovakia by Tour de France. Atmosf\u00e9ru profesion\u00e1lnych pretekov si v auguste, aj [&hellip;]<\/p>\n","protected":false},"author":38,"featured_media":11676,"comment_status":"open","ping_status":"open","sticky":false,"template":"","format":"standard","meta":{"footnotes":""},"categories":[1350],"tags":[521,115,71,1351,37,179,1009],"global-categories":[1074],"class_list":["post-11670","post","type-post","status-publish","format-standard","has-post-thumbnail","hentry","category-letape-slovakia","tag-bratislava","tag-cestna-cyklistika","tag-letape-du-tour","tag-letape-slovakia","tag-podujatia","tag-preteky","tag-skoda-auto","global-categories-cycling"],"yoast_head":"<!-- This site is optimized with the Yoast SEO Premium plugin v25.3 (Yoast SEO v25.9) - https:\/\/yoast.com\/wordpress\/plugins\/seo\/ -->\n<title>Zna\u010dka \u0160koda gener\u00e1lnym partnerom pretekov - \u0160koda We Love Cycling Slovensko<\/title>\n<meta name=\"robots\" content=\"index, follow, max-snippet:-1, max-image-preview:large, max-video-preview:-1\" \/>\n<link rel=\"canonical\" href=\"https:\/\/www.welovecycling.com\/sk\/2021\/04\/08\/znacka-skoda-generalnym-partnerom-pretekov\/\" \/>\n<meta property=\"og:locale\" content=\"sk_SK\" \/>\n<meta property=\"og:type\" content=\"article\" \/>\n<meta property=\"og:title\" content=\"Zna\u010dka \u0160koda gener\u00e1lnym partnerom pretekov\" \/>\n<meta property=\"og:description\" content=\"Slovensko bude tento rok dejiskom jedine\u010dn\u00e9ho podujatia L\u2019Etape Slovakia by Tour de France. Atmosf\u00e9ru profesion\u00e1lnych pretekov si v auguste, aj [&hellip;]\" \/>\n<meta property=\"og:url\" content=\"https:\/\/www.welovecycling.com\/sk\/2021\/04\/08\/znacka-skoda-generalnym-partnerom-pretekov\/\" \/>\n<meta property=\"og:site_name\" content=\"\u0160koda We Love Cycling Slovensko\" \/>\n<meta property=\"article:published_time\" content=\"2021-04-08T13:28:56+00:00\" \/>\n<meta property=\"article:modified_time\" content=\"2021-04-09T00:35:30+00:00\" \/>\n<meta property=\"og:image\" content=\"https:\/\/d2p6e6u75xmxt8.cloudfront.net\/4\/2021\/04\/1375x600_top.webp\" \/>\n\t<meta property=\"og:image:width\" content=\"1375\" \/>\n\t<meta property=\"og:image:height\" content=\"600\" \/>\n\t<meta property=\"og:image:type\" content=\"image\/webp\" \/>\n<meta name=\"author\" content=\"Ondrej Ga\u0161par\" \/>\n<meta name=\"twitter:card\" content=\"summary_large_image\" \/>\n<meta name=\"twitter:label1\" content=\"Written by\" \/>\n\t<meta name=\"twitter:data1\" content=\"Monica Buck\" \/>\n\t<meta name=\"twitter:label2\" content=\"Est. reading time\" \/>\n\t<meta name=\"twitter:data2\" content=\"4\" \/>\n<script type=\"application\/ld+json\" class=\"yoast-schema-graph\">{\"@context\":\"https:\/\/schema.org\",\"@graph\":[{\"@type\":\"WebPage\",\"@id\":\"https:\/\/www.welovecycling.com\/sk\/2021\/04\/08\/znacka-skoda-generalnym-partnerom-pretekov\/\",\"url\":\"https:\/\/www.welovecycling.com\/sk\/2021\/04\/08\/znacka-skoda-generalnym-partnerom-pretekov\/\",\"name\":\"Zna\u010dka \u0160koda gener\u00e1lnym partnerom pretekov - \u0160koda We Love Cycling Slovensko\",\"isPartOf\":{\"@id\":\"https:\/\/www.welovecycling.com\/sk\/#website\"},\"primaryImageOfPage\":{\"@id\":\"https:\/\/www.welovecycling.com\/sk\/2021\/04\/08\/znacka-skoda-generalnym-partnerom-pretekov\/#primaryimage\"},\"image\":{\"@id\":\"https:\/\/www.welovecycling.com\/sk\/2021\/04\/08\/znacka-skoda-generalnym-partnerom-pretekov\/#primaryimage\"},\"thumbnailUrl\":\"https:\/\/d2p6e6u75xmxt8.cloudfront.net\/4\/2021\/04\/1375x600_top.webp\",\"datePublished\":\"2021-04-08T13:28:56+00:00\",\"dateModified\":\"2021-04-09T00:35:30+00:00\",\"author\":{\"@id\":\"https:\/\/www.welovecycling.com\/sk\/#\/schema\/person\/8ee09ba39b7e25b1870160aa5b3a89bc\"},\"breadcrumb\":{\"@id\":\"https:\/\/www.welovecycling.com\/sk\/2021\/04\/08\/znacka-skoda-generalnym-partnerom-pretekov\/#breadcrumb\"},\"inLanguage\":\"sk-SK\",\"potentialAction\":[{\"@type\":\"ReadAction\",\"target\":[\"https:\/\/www.welovecycling.com\/sk\/2021\/04\/08\/znacka-skoda-generalnym-partnerom-pretekov\/\"]}]},{\"@type\":\"ImageObject\",\"inLanguage\":\"sk-SK\",\"@id\":\"https:\/\/www.welovecycling.com\/sk\/2021\/04\/08\/znacka-skoda-generalnym-partnerom-pretekov\/#primaryimage\",\"url\":\"https:\/\/d2p6e6u75xmxt8.cloudfront.net\/4\/2021\/04\/1375x600_top.webp\",\"contentUrl\":\"https:\/\/d2p6e6u75xmxt8.cloudfront.net\/4\/2021\/04\/1375x600_top.webp\",\"width\":1375,\"height\":600},{\"@type\":\"BreadcrumbList\",\"@id\":\"https:\/\/www.welovecycling.com\/sk\/2021\/04\/08\/znacka-skoda-generalnym-partnerom-pretekov\/#breadcrumb\",\"itemListElement\":[{\"@type\":\"ListItem\",\"position\":1,\"name\":\"Home\",\"item\":\"https:\/\/www.welovecycling.com\/sk\/\"},{\"@type\":\"ListItem\",\"position\":2,\"name\":\"Zna\u010dka \u0160koda gener\u00e1lnym partnerom pretekov\"}]},{\"@type\":\"WebSite\",\"@id\":\"https:\/\/www.welovecycling.com\/sk\/#website\",\"url\":\"https:\/\/www.welovecycling.com\/sk\/\",\"name\":\"\u0160koda We Love Cycling Slovensko\",\"description\":\"\u0160koda We Love Cycling Slovensko je v\u00e1\u0161 ka\u017edodenn\u00fd zdroj noviniek a in\u0161pir\u00e1cie z sveta cyklistiky\",\"potentialAction\":[{\"@type\":\"SearchAction\",\"target\":{\"@type\":\"EntryPoint\",\"urlTemplate\":\"https:\/\/www.welovecycling.com\/sk\/?s={search_term_string}\"},\"query-input\":{\"@type\":\"PropertyValueSpecification\",\"valueRequired\":true,\"valueName\":\"search_term_string\"}}],\"inLanguage\":\"sk-SK\"},{\"@type\":\"Person\",\"@id\":\"https:\/\/www.welovecycling.com\/sk\/#\/schema\/person\/8ee09ba39b7e25b1870160aa5b3a89bc\",\"name\":\"Ondrej Ga\u0161par\",\"image\":{\"@type\":\"ImageObject\",\"inLanguage\":\"sk-SK\",\"@id\":\"https:\/\/www.welovecycling.com\/sk\/#\/schema\/person\/image\/\",\"url\":\"https:\/\/secure.gravatar.com\/avatar\/6126c9afb87b70da5abbb083ddbb21933da15f18f8ca7cb822aba0fb096a48f6?s=96&d=mm&r=g\",\"contentUrl\":\"https:\/\/secure.gravatar.com\/avatar\/6126c9afb87b70da5abbb083ddbb21933da15f18f8ca7cb822aba0fb096a48f6?s=96&d=mm&r=g\",\"caption\":\"Ondrej Ga\u0161par\"},\"url\":\"https:\/\/www.welovecycling.com\/sk\/author\/ondrejgaspar\/\"}]}<\/script>\n<!-- \/ Yoast SEO Premium plugin. -->","yoast_head_json":{"title":"Zna\u010dka \u0160koda gener\u00e1lnym partnerom pretekov - \u0160koda We Love Cycling Slovensko","robots":{"index":"index","follow":"follow","max-snippet":"max-snippet:-1","max-image-preview":"max-image-preview:large","max-video-preview":"max-video-preview:-1"},"canonical":"https:\/\/www.welovecycling.com\/sk\/2021\/04\/08\/znacka-skoda-generalnym-partnerom-pretekov\/","og_locale":"sk_SK","og_type":"article","og_title":"Zna\u010dka \u0160koda gener\u00e1lnym partnerom pretekov","og_description":"Slovensko bude tento rok dejiskom jedine\u010dn\u00e9ho podujatia L\u2019Etape Slovakia by Tour de France. Atmosf\u00e9ru profesion\u00e1lnych pretekov si v auguste, aj [&hellip;]","og_url":"https:\/\/www.welovecycling.com\/sk\/2021\/04\/08\/znacka-skoda-generalnym-partnerom-pretekov\/","og_site_name":"\u0160koda We Love Cycling Slovensko","article_published_time":"2021-04-08T13:28:56+00:00","article_modified_time":"2021-04-09T00:35:30+00:00","og_image":[{"width":1375,"height":600,"url":"https:\/\/d2p6e6u75xmxt8.cloudfront.net\/4\/2021\/04\/1375x600_top.webp","type":"image\/webp"}],"author":"Ondrej Ga\u0161par","twitter_card":"summary_large_image","twitter_misc":{"Written by":"Monica Buck","Est. reading time":"4"},"schema":{"@context":"https:\/\/schema.org","@graph":[{"@type":"WebPage","@id":"https:\/\/www.welovecycling.com\/sk\/2021\/04\/08\/znacka-skoda-generalnym-partnerom-pretekov\/","url":"https:\/\/www.welovecycling.com\/sk\/2021\/04\/08\/znacka-skoda-generalnym-partnerom-pretekov\/","name":"Zna\u010dka \u0160koda gener\u00e1lnym partnerom pretekov - \u0160koda We Love Cycling Slovensko","isPartOf":{"@id":"https:\/\/www.welovecycling.com\/sk\/#website"},"primaryImageOfPage":{"@id":"https:\/\/www.welovecycling.com\/sk\/2021\/04\/08\/znacka-skoda-generalnym-partnerom-pretekov\/#primaryimage"},"image":{"@id":"https:\/\/www.welovecycling.com\/sk\/2021\/04\/08\/znacka-skoda-generalnym-partnerom-pretekov\/#primaryimage"},"thumbnailUrl":"https:\/\/d2p6e6u75xmxt8.cloudfront.net\/4\/2021\/04\/1375x600_top.webp","datePublished":"2021-04-08T13:28:56+00:00","dateModified":"2021-04-09T00:35:30+00:00","author":{"@id":"https:\/\/www.welovecycling.com\/sk\/#\/schema\/person\/8ee09ba39b7e25b1870160aa5b3a89bc"},"breadcrumb":{"@id":"https:\/\/www.welovecycling.com\/sk\/2021\/04\/08\/znacka-skoda-generalnym-partnerom-pretekov\/#breadcrumb"},"inLanguage":"sk-SK","potentialAction":[{"@type":"ReadAction","target":["https:\/\/www.welovecycling.com\/sk\/2021\/04\/08\/znacka-skoda-generalnym-partnerom-pretekov\/"]}]},{"@type":"ImageObject","inLanguage":"sk-SK","@id":"https:\/\/www.welovecycling.com\/sk\/2021\/04\/08\/znacka-skoda-generalnym-partnerom-pretekov\/#primaryimage","url":"https:\/\/d2p6e6u75xmxt8.cloudfront.net\/4\/2021\/04\/1375x600_top.webp","contentUrl":"https:\/\/d2p6e6u75xmxt8.cloudfront.net\/4\/2021\/04\/1375x600_top.webp","width":1375,"height":600},{"@type":"BreadcrumbList","@id":"https:\/\/www.welovecycling.com\/sk\/2021\/04\/08\/znacka-skoda-generalnym-partnerom-pretekov\/#breadcrumb","itemListElement":[{"@type":"ListItem","position":1,"name":"Home","item":"https:\/\/www.welovecycling.com\/sk\/"},{"@type":"ListItem","position":2,"name":"Zna\u010dka \u0160koda gener\u00e1lnym partnerom pretekov"}]},{"@type":"WebSite","@id":"https:\/\/www.welovecycling.com\/sk\/#website","url":"https:\/\/www.welovecycling.com\/sk\/","name":"\u0160koda We Love Cycling Slovensko","description":"\u0160koda We Love Cycling Slovensko je v\u00e1\u0161 ka\u017edodenn\u00fd zdroj noviniek a in\u0161pir\u00e1cie z sveta cyklistiky","potentialAction":[{"@type":"SearchAction","target":{"@type":"EntryPoint","urlTemplate":"https:\/\/www.welovecycling.com\/sk\/?s={search_term_string}"},"query-input":{"@type":"PropertyValueSpecification","valueRequired":true,"valueName":"search_term_string"}}],"inLanguage":"sk-SK"},{"@type":"Person","@id":"https:\/\/www.welovecycling.com\/sk\/#\/schema\/person\/8ee09ba39b7e25b1870160aa5b3a89bc","name":"Ondrej Ga\u0161par","image":{"@type":"ImageObject","inLanguage":"sk-SK","@id":"https:\/\/www.welovecycling.com\/sk\/#\/schema\/person\/image\/","url":"https:\/\/secure.gravatar.com\/avatar\/6126c9afb87b70da5abbb083ddbb21933da15f18f8ca7cb822aba0fb096a48f6?s=96&d=mm&r=g","contentUrl":"https:\/\/secure.gravatar.com\/avatar\/6126c9afb87b70da5abbb083ddbb21933da15f18f8ca7cb822aba0fb096a48f6?s=96&d=mm&r=g","caption":"Ondrej Ga\u0161par"},"url":"https:\/\/www.welovecycling.com\/sk\/author\/ondrejgaspar\/"}]}},"_links":{"self":[{"href":"https:\/\/www.welovecycling.com\/sk\/wp-json\/wp\/v2\/posts\/11670","targetHints":{"allow":["GET"]}}],"collection":[{"href":"https:\/\/www.welovecycling.com\/sk\/wp-json\/wp\/v2\/posts"}],"about":[{"href":"https:\/\/www.welovecycling.com\/sk\/wp-json\/wp\/v2\/types\/post"}],"author":[{"embeddable":true,"href":"https:\/\/www.welovecycling.com\/sk\/wp-json\/wp\/v2\/users\/38"}],"replies":[{"embeddable":true,"href":"https:\/\/www.welovecycling.com\/sk\/wp-json\/wp\/v2\/comments?post=11670"}],"version-history":[{"count":2,"href":"https:\/\/www.welovecycling.com\/sk\/wp-json\/wp\/v2\/posts\/11670\/revisions"}],"predecessor-version":[{"id":11682,"href":"https:\/\/www.welovecycling.com\/sk\/wp-json\/wp\/v2\/posts\/11670\/revisions\/11682"}],"wp:featuredmedia":[{"embeddable":true,"href":"https:\/\/www.welovecycling.com\/sk\/wp-json\/wp\/v2\/media\/11676"}],"wp:attachment":[{"href":"https:\/\/www.welovecycling.com\/sk\/wp-json\/wp\/v2\/media?parent=11670"}],"wp:term":[{"taxonomy":"category","embeddable":true,"href":"https:\/\/www.welovecycling.com\/sk\/wp-json\/wp\/v2\/categories?post=11670"},{"taxonomy":"post_tag","embeddable":true,"href":"https:\/\/www.welovecycling.com\/sk\/wp-json\/wp\/v2\/tags?post=11670"},{"taxonomy":"global-categories","embeddable":true,"href":"https:\/\/www.welovecycling.com\/sk\/wp-json\/wp\/v2\/global-categories?post=11670"}],"curies":[{"name":"wp","href":"https:\/\/api.w.org\/{rel}","templated":true}]}}