{"id":11642,"date":"2021-04-11T10:00:48","date_gmt":"2021-04-11T08:00:48","guid":{"rendered":"https:\/\/www.welovecycling.com\/sk\/?p=11642"},"modified":"2021-04-09T08:30:23","modified_gmt":"2021-04-09T06:30:23","slug":"aky-bol-zaciatok-sezony-petra-sagana","status":"publish","type":"post","link":"https:\/\/www.welovecycling.com\/sk\/2021\/04\/11\/aky-bol-zaciatok-sezony-petra-sagana\/","title":{"rendered":"Ak\u00fd bol za\u010diatok sez\u00f3ny Petra Sagana?"},"content":{"rendered":"<p><strong>Po smutn\u00fdch spr\u00e1vach o\u00a0zasiahnut\u00ed Petra Sagana ochoren\u00edm Covid-19, sa vynorilo mnoho pochopite\u013en\u00fdch poh\u013eadov na pred\u010dasn\u00fd koniec Saganov\u00fdch amb\u00edci\u00ed na v\u00ed\u0165azn\u00fa sez\u00f3nu. Napriek tomu sa jeho osud oto\u010dil tro\u0161ku \u201epozit\u00edvnej\u0161\u00edm\u201c smerom a\u00a0priniesol mu viacero radostn\u00fdch momentov. Ak\u00fd bol teda vstup Petra Sagana do sez\u00f3ny 2021?<\/strong><!--more--><\/p>\n<h2><strong>Koronav\u00edrus ako vstupenka do sez\u00f3ny<\/strong><\/h2>\n<p>Nemil\u00e9 spr\u00e1vy sprev\u00e1dzaj\u00fa aj elitn\u00fdch \u0161portovcov. Okrem mnoh\u00fdch \u010fal\u0161\u00edch, s\u00fa\u010dasn\u00e1 pand\u00e9mia postihla aj slovensk\u00e9ho cyklistu, Petra Sagana. Stalo sa to \u201ena\u0161\u0165astie\u201c v\u00a0\u00favode sez\u00f3ny, av\u0161ak aj t\u00e1to skuto\u010dnos\u0165 <strong>predstavuje enormn\u00e9 naru\u0161enie tr\u00e9ningov\u00e9ho pl\u00e1nu<\/strong>, ktor\u00fd je prirodzene \u0161it\u00fd na mieru. Sagan sa nakazil po\u010das tr\u00e9ningov\u00e9ho kempu na Gran Canaria na konci janu\u00e1ra. Spolu s\u00a0n\u00edm sa nakazil aj jeho brat, Juraj a\u00a0\u010fal\u0161\u00ed Slov\u00e1k v\u00a0slu\u017eb\u00e1ch BORA-hansgrohe, E. Ba\u0161ka. <\/p>\n<p>https:\/\/www.instagram.com\/p\/CK8bVqgBjGe\/<\/p>\n<p>Na\u0161\u0165astie pre v\u0161etk\u00fdch troch, <strong>priebeh ochorenia bol mierny a\u00a0nepredstavoval z\u00e1va\u017enej\u0161ie komplik\u00e1cie<\/strong>. D\u00f4kazom toho je aj fakt, \u017ee Sagan sa dok\u00e1zal z\u00fa\u010dastni\u0165 etapov\u00fdch talianskych pretekov, ktor\u00e9 sa konali vy\u0161e mesiac po zisten\u00ed ochorenia. <\/p>\n<h2><strong>Tirreno-Adriatico &#8211; 10. &#8211; 16. marca<\/strong><\/h2>\n<p>Ako u\u017e bolo spomenut\u00e9, pre Sagana Tirreno-Adriatico znamenalo vstup do sez\u00f3ny. V\u00a0e\u0161te zimnom Taliansku je ale aj t\u00e1to sedemd\u0148ov\u00e1 \u201eklasika\u201c poriadnym \u00faderom pod p\u00e1s &#8211; najm\u00e4 vtedy, ak do\u0148 vstupujete s\u00a0ist\u00fdm zdravotn\u00fdm mankom. Nedalo sa preto o\u010dak\u00e1va\u0165, \u017ee Sagana uvid\u00edme na \u010deln\u00fdch prie\u010dkach. Jeho taktikou sk\u00f4r bolo pretrva\u0165 tento t\u00fd\u017ede\u0148 v\u00a0zdrav\u00ed a\u00a0\u010do-to najazdi\u0165 v\u00a0r\u00fdchlej\u0161om tempe.<\/p>\n<p>https:\/\/www.instagram.com\/p\/CMaHxl5Bdrq\/<\/p>\n<p>Neprajnos\u0165 po\u010dasia dokazuj\u00fa aj Saganove spomienky na jednotliv\u00e9 etapy. Aj ke\u010f je pravdou, \u017ee po\u010das Tirrena prevl\u00e1dali slne\u010dn\u00e9 dni, <strong>naskytli sa aj poriadne chladn\u00e9 a\u00a0vy\u010derp\u00e1vaj\u00face chv\u00edle<\/strong>. Napr\u00edklad ako 5. etapa, v\u00a0ktorej zv\u00ed\u0165azil po s\u00f3lovom \u00faniku van der Poel, ktor\u00fd len tak-tak pre\u0165al p\u00e1sku v\u00a0sedle. Ak ide o\u00a0jednotliv\u00e9 v\u00fdsledky, Sagan kon\u010dieval hlboko v\u00a0druhej polovici \u0161tartov\u00e9ho po\u013ea. Teda a\u017e na dve v\u00fdnimky &#8211; v\u00a0prvej a\u00a0\u0161iestej etape, kde skon\u010dil 11., respekt\u00edve 14.<\/p>\n<h2><strong>Mil\u00e1no-Sanremo &#8211; 20. marca<\/strong><\/h2>\n<p>Vstup do klasik\u00e1rskej sez\u00f3ny sn\u00e1\u010f pre Sagana nemohol by\u0165 n\u00e1ro\u010dnej\u0161\u00ed, ne\u017e 300 km jarn\u00e9 pretekanie s\u00a0cie\u013eom v\u00a0Sanreme. Napriek viac-menej rovinat\u00e9mu profilu a\u00a0bezprobl\u00e9mov\u00e9mu tempu po\u010das \u201e\u00favodn\u00fdch\u201c 270 km, pri\u0161li na rad rozhoduj\u00face chv\u00edle. Tie predstavovala dvojica kr\u00e1tkych, ale hektick\u00fdch st\u00fapan\u00ed na Cipressu a\u00a0Poggio di Sanremo. Vysok\u00e9 tempo pri n\u00e1jazde do prv\u00e9ho nazna\u010dovalo, <strong>\u017ee \u00fatokov nebude pr\u00edli\u0161ne ve\u013ea<\/strong>. To sa potvrdilo aj na Poggiu, kedy sme, na rozdiel od uplynul\u00fdch rokov, nevideli pr\u00edli\u0161n\u00e9 snahy o\u00a0osamostatnenie sa na \u010dele. Av\u0161ak predsa len, J. Alaphilippe to sk\u00fasil, \u010d\u00edm vytvoril nieko\u013eko\u010dlenn\u00fa skupiny, za ktorou v\u00a0tesnom z\u00e1vese pre\u0161iel vrcholom st\u00fapania aj Sagan. Ten sa v\u00a0zjazde do Sanrema dok\u00e1zal dotiahnu\u0165.<\/p>\n<lite-youtube videoid=_EJ4BiKEtBM params=\"enablejsapi=1\" style=\"background-image: url('https:\/\/i.ytimg.com\/vi_webp\/_EJ4BiKEtBM\/maxresdefault.webp');\"><\/lite-youtube>\n<p>N\u00e1dejn\u00fa situ\u00e1ciu pre Sagana v\u00a0z\u00e1vere\u010dnom kilometri len tesne zhatil J. Stuyven, ktor\u00fd sa odp\u00fatal v\u00a0samostatnom \u00faniku. \u0160print z\u00a0po\u010detnej skupiny zvl\u00e1dol Sagan na v\u00fdborn\u00fa, a\u00a0to aj napriek tomu, \u017ee sa pred neho dostal W. van Aert a\u00a0C. Ewan. T\u00e1to skuto\u010dnos\u0165 ale potvrdzovala, \u017ee Sagan sa dost\u00e1va do formy a\u00a0<strong>n\u00e1sledky z\u00a0koronav\u00edrusu nie s\u00fa nato\u013eko limituj\u00face<\/strong>. Saganove vyjadrenie je v\u00a0tomto oh\u013eade jednozna\u010dn\u00e9: <em>\u201eNa jednej strane som \u0161\u0165astn\u00fd, preto\u017ee sa c\u00edtim lep\u0161ie a moja forma sa postupne zlep\u0161uje. St\u00e1le je v\u0161ak e\u0161te potrebn\u00e9 pracova\u0165 na dosiahnut\u00ed najvy\u0161\u0161ej \u00farovne. Ke\u010f to vezmeme z druhej strany, som trochu nahnevan\u00fd, preto\u017ee to bolo \u010fal\u0161ie Mil\u00e1no-Sanremo, kde som preme\u0161kal \u0161ancu na v\u00ed\u0165azstvo.\u201c<\/em><\/p>\n<p>https:\/\/www.instagram.com\/p\/CMplZ_QBy8F\/<\/p>\n<h2><strong>Volta Ciclista a\u00a0Catalunya &#8211; 22. &#8211; 28. marca<\/strong><\/h2>\n<p>Druh\u00fdm tohtoro\u010dn\u00fdm etap\u00e1kom a\u00a0prv\u00fdm, ktor\u00fd Peter absolvoval po vylie\u010den\u00ed sa z\u00a0koronav\u00edrusu, bola \u0161panielska legenda v\u00a0Katal\u00e1nsku. Napriek skuto\u010dnosti, \u017ee t\u00e1to tra\u0165 je zn\u00e1ma predov\u0161etk\u00fdm v\u010faka kopcovit\u00fdm ter\u00e9nom a\u00a0vhodnos\u0165ou najm\u00e4 pre vrch\u00e1rov, Saganovu \u00fa\u010das\u0165 to nezmenilo. Jednoducho povedan\u00e9, <strong>Peter potreboval nazbiera\u0165 pretek\u00e1rske dni a\u00a0toto bola mo\u017enos\u0165<\/strong>. Ak ide o\u00a0mo\u017enos\u0165 v\u00ed\u0165azstva, o\u010dak\u00e1van\u00fdmi etapami boli prv\u00e1 a\u00a0\u0161iesta, ktor\u00e9 neboli profilovo nato\u013eko n\u00e1ro\u010dn\u00e9, ako ostatn\u00e9, a\u00a0ich dojazd bol v\u00a0rovinat\u00fdch oblastiach. Nane\u0161\u0165astie, hne\u010f v\u00a0prvej nastolili \u010deln\u00e9 t\u00edmy, predov\u0161etk\u00fdm Movistar, vysok\u00e9 tempo u\u017e v\u00a0\u00favodn\u00fdch kopcoch, \u010domu Sagan nedok\u00e1zal konkurova\u0165. <\/p>\n<lite-youtube videoid=0HNj1cTJHdk params=\"enablejsapi=1\" style=\"background-image: url('https:\/\/i.ytimg.com\/vi_webp\/0HNj1cTJHdk\/maxresdefault.webp');\"><\/lite-youtube>\n<p>\u0160\u0165astie, ale aj premenen\u00e9 \u00fasilie, sa na Petra usmialo v\u00a0spom\u00ednanej 6. etape. Len s\u00a0dvomi st\u00fapaniami kateg\u00f3rie 3 a\u00a0dojazdom do rovinat\u00e9ho Matar\u00f3, bolo skvelou \u0161ancou na \u201enakopnutie sez\u00f3ny\u201c. Predpokladan\u00fd dojazd pelot\u00f3nu favorizoval pr\u00e1ve Sagana, ke\u010f\u017ee Volta nedisponovala mnoh\u00fdmi \u010fal\u0161\u00edmi \u0161print\u00e9rmi. Po technickom predieran\u00ed sa vpred dosiahol Sagan v\u00ed\u0165azstvo jednozna\u010dn\u00fdm sp\u00f4sobom. Ukon\u010dil tak vy\u0161e p\u00e4\u0165mesa\u010dn\u00e9 \u010dakanie na \u010fal\u0161\u00ed triumf.<\/p>\n<h2><strong>Ronde van Vlaanderen &#8211; Okolo Fl\u00e1mska &#8211; 4. apr\u00edla 2021<\/strong><\/h2>\n<p>Okolo Fl\u00e1mska je jednou z\u00a0najv\u00e4\u010d\u0161\u00edch klas\u00edk sez\u00f3ny. Dokonca je jedn\u00fdm z\u00a0piatich \u201emonumentov\u201c, ktor\u00e9 predstavuj\u00fa ak\u00fdsi nemenn\u00fd z\u00e1klad klasik\u00e1rskej jari. Na\u0161\u0165astie sa v\u00a0tomto roku Okolo Fl\u00e1mska term\u00ednovo nezmenilo. Ke\u010f\u017ee Sagan na t\u00fdchto pretekoch u\u017e dok\u00e1zal v\u00a0roku 2018 z\u00edska\u0165 prvenstvo, nebolo poch\u00fdb o\u00a0tom, \u017ee v\u00a0pr\u00edpade dobrej formy sa op\u00e4\u0165 pok\u00fasi o\u00a0zisk povestn\u00e9ho vavr\u00ednu. V\u00a0rozhovore pred pretekmi s\u00e1m uviedol, \u017ee <em>\u201eide o\u00a0skuto\u010dne dynamick\u00e9 podujatie, ktor\u00e9 je ve\u013emi n\u00e1ro\u010dn\u00e9.\u201c<\/em> <\/p>\n<p>https:\/\/www.instagram.com\/p\/CNQAKlRBQUe\/<\/p>\n<p>Najcharakteristickej\u0161\u00edm znakom Ronde je po\u010detnos\u0165 kr\u00e1tkych, \u201ema\u010dac\u00edmi hlavami\u201c vylo\u017een\u00fdch st\u00fapan\u00ed, ktor\u00e9 nadelia pelot\u00f3n pod\u013ea v\u00fdkonnosti u\u017e v\u00a0nieko\u013ek\u00fdch metroch. Ako sme sa pou\u010dili z\u00a0minul\u00fdch rokov, rozhoduj\u00facimi s\u00fa Oude Kwaremont a\u00a0Paterberg, kon\u010diaci len 13 km pred rovinat\u00fdm dojazdom do cie\u013ea. Tentokr\u00e1t to ale nebol rok Petra Sagana. Aj ke\u010f sme ho v\u017edy mohli vidie\u0165 \u201ena \u010dele\u201c, i\u0161lo sk\u00f4r o\u00a0druh\u00fa alebo tretiu skupinku za ved\u00facimi pretek\u00e1rmi. Celkovo to sta\u010dilo na sol\u00eddne 15. miesto. V\u00a0cieli zhodnotil svoj v\u00fdkon nasledovne: <em>\u201eAko som o\u010dak\u00e1val, Ronde bolo skuto\u010dne ve\u013emi \u0165a\u017ek\u00e9 a\u00a0r\u00fdchle. Mali sme siln\u00fd t\u00edm, za \u010do by som im chcel po\u010fakova\u0165, ale, nane\u0161\u0165astie, v\u00a0momentoch, kedy prich\u00e1dzali rozhoduj\u00face \u00fatoky, moja s\u00fa\u010dasn\u00e1 forma nebola dostato\u010dn\u00e1, aby som im mohol konkurova\u0165.\u201c<\/em><\/p>\n<p>Kde poved\u00fa Saganov\u00e9 kroky v\u00a0nasleduj\u00facich d\u0148och? Predpokladom e\u0161te pred nieko\u013ek\u00fdmi d\u0148ami bol apr\u00edlov\u00fd term\u00edn Par\u00ed\u017e-Roubaix. Ten sa ale vzh\u013eadom na pretrv\u00e1vaj\u00face negat\u00edvne podmienky presunul a\u017e na okt\u00f3brov\u00e9 vydanie. Z\u00a0tohto poh\u013eadu je najbli\u017e\u0161\u00edm podujat\u00edm \u201ea\u017e\u201c Okolo Romandie v \u0161vaj\u010diarskych kopcoch, ktor\u00e9 je stanoven\u00e9 na 27. apr\u00edla. N\u00e1sledne druh\u00fd \u0161tart v\u00a0kari\u00e9re na Gire od 8. m\u00e1ja, Tour de France od 25. j\u00fana. Viac inform\u00e1ci\u00ed nie je dostupn\u00fdch a\u00a0z\u00a0pochopite\u013en\u00fdch d\u00f4vodov nem\u00f4\u017eme predpoklada\u0165, \u017ee aj tieto s\u00fa definit\u00edvne. \u010cas uk\u00e1\u017ee. <strong>Jedno je ale ist\u00e9, Saganova forma sa dost\u00e1va do \u201epozit\u00edvnych\u201c hodn\u00f4t.<\/strong><\/p>\n","protected":false},"excerpt":{"rendered":"<p>Po smutn\u00fdch spr\u00e1vach o\u00a0zasiahnut\u00ed Petra Sagana ochoren\u00edm Covid-19, sa vynorilo mnoho pochopite\u013en\u00fdch poh\u013eadov na pred\u010dasn\u00fd koniec Saganov\u00fdch amb\u00edci\u00ed na v\u00ed\u0165azn\u00fa [&hellip;]<\/p>\n","protected":false},"author":81,"featured_media":11646,"comment_status":"open","ping_status":"open","sticky":false,"template":"","format":"standard","meta":{"footnotes":""},"categories":[4],"tags":[115,487,418,941,423,429,46,179,885,1311,424],"global-categories":[1074],"class_list":["post-11642","post","type-post","status-publish","format-standard","has-post-thumbnail","hentry","category-cestna-cyklisitika","tag-cestna-cyklistika","tag-cestny-bicykel","tag-jarne-klasiky","tag-jazda-v-pelotone","tag-milano-san-remo","tag-okolo-flamska","tag-peter-sagan","tag-preteky","tag-profesional","tag-sezona-2021","tag-tirreno-adriatico","global-categories-cycling"],"yoast_head":"<!-- This site is optimized with the Yoast SEO Premium plugin v25.3 (Yoast SEO v25.9) - https:\/\/yoast.com\/wordpress\/plugins\/seo\/ -->\n<title>Ak\u00fd bol za\u010diatok sez\u00f3ny Petra Sagana? - \u0160koda We Love Cycling Slovensko<\/title>\n<meta name=\"robots\" content=\"index, follow, max-snippet:-1, max-image-preview:large, max-video-preview:-1\" \/>\n<link rel=\"canonical\" href=\"https:\/\/www.welovecycling.com\/sk\/2021\/04\/11\/aky-bol-zaciatok-sezony-petra-sagana\/\" \/>\n<meta property=\"og:locale\" content=\"sk_SK\" \/>\n<meta property=\"og:type\" content=\"article\" \/>\n<meta property=\"og:title\" content=\"Ak\u00fd bol za\u010diatok sez\u00f3ny Petra Sagana?\" \/>\n<meta property=\"og:description\" content=\"Po smutn\u00fdch spr\u00e1vach o\u00a0zasiahnut\u00ed Petra Sagana ochoren\u00edm Covid-19, sa vynorilo mnoho pochopite\u013en\u00fdch poh\u013eadov na pred\u010dasn\u00fd koniec Saganov\u00fdch amb\u00edci\u00ed na v\u00ed\u0165azn\u00fa [&hellip;]\" \/>\n<meta property=\"og:url\" content=\"https:\/\/www.welovecycling.com\/sk\/2021\/04\/11\/aky-bol-zaciatok-sezony-petra-sagana\/\" \/>\n<meta property=\"og:site_name\" content=\"\u0160koda We Love Cycling Slovensko\" \/>\n<meta property=\"article:published_time\" content=\"2021-04-11T08:00:48+00:00\" \/>\n<meta property=\"og:image\" content=\"https:\/\/d2p6e6u75xmxt8.cloudfront.net\/4\/2021\/04\/00.webp\" \/>\n\t<meta property=\"og:image:width\" content=\"1380\" \/>\n\t<meta property=\"og:image:height\" content=\"600\" \/>\n\t<meta property=\"og:image:type\" content=\"image\/webp\" \/>\n<meta name=\"twitter:card\" content=\"summary_large_image\" \/>\n<meta name=\"twitter:label1\" content=\"Written by\" \/>\n\t<meta name=\"twitter:data1\" content=\"WeLoveCycling\" \/>\n\t<meta name=\"twitter:label2\" content=\"Est. reading time\" \/>\n\t<meta name=\"twitter:data2\" content=\"5\" \/>\n<script type=\"application\/ld+json\" class=\"yoast-schema-graph\">{\"@context\":\"https:\/\/schema.org\",\"@graph\":[{\"@type\":\"WebPage\",\"@id\":\"https:\/\/www.welovecycling.com\/sk\/2021\/04\/11\/aky-bol-zaciatok-sezony-petra-sagana\/\",\"url\":\"https:\/\/www.welovecycling.com\/sk\/2021\/04\/11\/aky-bol-zaciatok-sezony-petra-sagana\/\",\"name\":\"Ak\u00fd bol za\u010diatok sez\u00f3ny Petra Sagana? - \u0160koda We Love Cycling Slovensko\",\"isPartOf\":{\"@id\":\"https:\/\/www.welovecycling.com\/sk\/#website\"},\"primaryImageOfPage\":{\"@id\":\"https:\/\/www.welovecycling.com\/sk\/2021\/04\/11\/aky-bol-zaciatok-sezony-petra-sagana\/#primaryimage\"},\"image\":{\"@id\":\"https:\/\/www.welovecycling.com\/sk\/2021\/04\/11\/aky-bol-zaciatok-sezony-petra-sagana\/#primaryimage\"},\"thumbnailUrl\":\"https:\/\/d2p6e6u75xmxt8.cloudfront.net\/4\/2021\/04\/00.webp\",\"datePublished\":\"2021-04-11T08:00:48+00:00\",\"author\":{\"@id\":\"\"},\"breadcrumb\":{\"@id\":\"https:\/\/www.welovecycling.com\/sk\/2021\/04\/11\/aky-bol-zaciatok-sezony-petra-sagana\/#breadcrumb\"},\"inLanguage\":\"sk-SK\",\"potentialAction\":[{\"@type\":\"ReadAction\",\"target\":[\"https:\/\/www.welovecycling.com\/sk\/2021\/04\/11\/aky-bol-zaciatok-sezony-petra-sagana\/\"]}]},{\"@type\":\"ImageObject\",\"inLanguage\":\"sk-SK\",\"@id\":\"https:\/\/www.welovecycling.com\/sk\/2021\/04\/11\/aky-bol-zaciatok-sezony-petra-sagana\/#primaryimage\",\"url\":\"https:\/\/d2p6e6u75xmxt8.cloudfront.net\/4\/2021\/04\/00.webp\",\"contentUrl\":\"https:\/\/d2p6e6u75xmxt8.cloudfront.net\/4\/2021\/04\/00.webp\",\"width\":1380,\"height\":600},{\"@type\":\"BreadcrumbList\",\"@id\":\"https:\/\/www.welovecycling.com\/sk\/2021\/04\/11\/aky-bol-zaciatok-sezony-petra-sagana\/#breadcrumb\",\"itemListElement\":[{\"@type\":\"ListItem\",\"position\":1,\"name\":\"Home\",\"item\":\"https:\/\/www.welovecycling.com\/sk\/\"},{\"@type\":\"ListItem\",\"position\":2,\"name\":\"Ak\u00fd bol za\u010diatok sez\u00f3ny Petra Sagana?\"}]},{\"@type\":\"WebSite\",\"@id\":\"https:\/\/www.welovecycling.com\/sk\/#website\",\"url\":\"https:\/\/www.welovecycling.com\/sk\/\",\"name\":\"\u0160koda We Love Cycling Slovensko\",\"description\":\"\u0160koda We Love Cycling Slovensko je v\u00e1\u0161 ka\u017edodenn\u00fd zdroj noviniek a in\u0161pir\u00e1cie z sveta cyklistiky\",\"potentialAction\":[{\"@type\":\"SearchAction\",\"target\":{\"@type\":\"EntryPoint\",\"urlTemplate\":\"https:\/\/www.welovecycling.com\/sk\/?s={search_term_string}\"},\"query-input\":{\"@type\":\"PropertyValueSpecification\",\"valueRequired\":true,\"valueName\":\"search_term_string\"}}],\"inLanguage\":\"sk-SK\"},{\"@type\":\"Person\",\"@id\":\"\",\"url\":\"https:\/\/www.welovecycling.com\/sk\/author\/\"}]}<\/script>\n<!-- \/ Yoast SEO Premium plugin. -->","yoast_head_json":{"title":"Ak\u00fd bol za\u010diatok sez\u00f3ny Petra Sagana? - \u0160koda We Love Cycling Slovensko","robots":{"index":"index","follow":"follow","max-snippet":"max-snippet:-1","max-image-preview":"max-image-preview:large","max-video-preview":"max-video-preview:-1"},"canonical":"https:\/\/www.welovecycling.com\/sk\/2021\/04\/11\/aky-bol-zaciatok-sezony-petra-sagana\/","og_locale":"sk_SK","og_type":"article","og_title":"Ak\u00fd bol za\u010diatok sez\u00f3ny Petra Sagana?","og_description":"Po smutn\u00fdch spr\u00e1vach o\u00a0zasiahnut\u00ed Petra Sagana ochoren\u00edm Covid-19, sa vynorilo mnoho pochopite\u013en\u00fdch poh\u013eadov na pred\u010dasn\u00fd koniec Saganov\u00fdch amb\u00edci\u00ed na v\u00ed\u0165azn\u00fa [&hellip;]","og_url":"https:\/\/www.welovecycling.com\/sk\/2021\/04\/11\/aky-bol-zaciatok-sezony-petra-sagana\/","og_site_name":"\u0160koda We Love Cycling Slovensko","article_published_time":"2021-04-11T08:00:48+00:00","og_image":[{"width":1380,"height":600,"url":"https:\/\/d2p6e6u75xmxt8.cloudfront.net\/4\/2021\/04\/00.webp","type":"image\/webp"}],"twitter_card":"summary_large_image","twitter_misc":{"Written by":"WeLoveCycling","Est. reading time":"5"},"schema":{"@context":"https:\/\/schema.org","@graph":[{"@type":"WebPage","@id":"https:\/\/www.welovecycling.com\/sk\/2021\/04\/11\/aky-bol-zaciatok-sezony-petra-sagana\/","url":"https:\/\/www.welovecycling.com\/sk\/2021\/04\/11\/aky-bol-zaciatok-sezony-petra-sagana\/","name":"Ak\u00fd bol za\u010diatok sez\u00f3ny Petra Sagana? - \u0160koda We Love Cycling Slovensko","isPartOf":{"@id":"https:\/\/www.welovecycling.com\/sk\/#website"},"primaryImageOfPage":{"@id":"https:\/\/www.welovecycling.com\/sk\/2021\/04\/11\/aky-bol-zaciatok-sezony-petra-sagana\/#primaryimage"},"image":{"@id":"https:\/\/www.welovecycling.com\/sk\/2021\/04\/11\/aky-bol-zaciatok-sezony-petra-sagana\/#primaryimage"},"thumbnailUrl":"https:\/\/d2p6e6u75xmxt8.cloudfront.net\/4\/2021\/04\/00.webp","datePublished":"2021-04-11T08:00:48+00:00","author":{"@id":""},"breadcrumb":{"@id":"https:\/\/www.welovecycling.com\/sk\/2021\/04\/11\/aky-bol-zaciatok-sezony-petra-sagana\/#breadcrumb"},"inLanguage":"sk-SK","potentialAction":[{"@type":"ReadAction","target":["https:\/\/www.welovecycling.com\/sk\/2021\/04\/11\/aky-bol-zaciatok-sezony-petra-sagana\/"]}]},{"@type":"ImageObject","inLanguage":"sk-SK","@id":"https:\/\/www.welovecycling.com\/sk\/2021\/04\/11\/aky-bol-zaciatok-sezony-petra-sagana\/#primaryimage","url":"https:\/\/d2p6e6u75xmxt8.cloudfront.net\/4\/2021\/04\/00.webp","contentUrl":"https:\/\/d2p6e6u75xmxt8.cloudfront.net\/4\/2021\/04\/00.webp","width":1380,"height":600},{"@type":"BreadcrumbList","@id":"https:\/\/www.welovecycling.com\/sk\/2021\/04\/11\/aky-bol-zaciatok-sezony-petra-sagana\/#breadcrumb","itemListElement":[{"@type":"ListItem","position":1,"name":"Home","item":"https:\/\/www.welovecycling.com\/sk\/"},{"@type":"ListItem","position":2,"name":"Ak\u00fd bol za\u010diatok sez\u00f3ny Petra Sagana?"}]},{"@type":"WebSite","@id":"https:\/\/www.welovecycling.com\/sk\/#website","url":"https:\/\/www.welovecycling.com\/sk\/","name":"\u0160koda We Love Cycling Slovensko","description":"\u0160koda We Love Cycling Slovensko je v\u00e1\u0161 ka\u017edodenn\u00fd zdroj noviniek a in\u0161pir\u00e1cie z sveta cyklistiky","potentialAction":[{"@type":"SearchAction","target":{"@type":"EntryPoint","urlTemplate":"https:\/\/www.welovecycling.com\/sk\/?s={search_term_string}"},"query-input":{"@type":"PropertyValueSpecification","valueRequired":true,"valueName":"search_term_string"}}],"inLanguage":"sk-SK"},{"@type":"Person","@id":"","url":"https:\/\/www.welovecycling.com\/sk\/author\/"}]}},"_links":{"self":[{"href":"https:\/\/www.welovecycling.com\/sk\/wp-json\/wp\/v2\/posts\/11642","targetHints":{"allow":["GET"]}}],"collection":[{"href":"https:\/\/www.welovecycling.com\/sk\/wp-json\/wp\/v2\/posts"}],"about":[{"href":"https:\/\/www.welovecycling.com\/sk\/wp-json\/wp\/v2\/types\/post"}],"author":[{"embeddable":true,"href":"https:\/\/www.welovecycling.com\/sk\/wp-json\/wp\/v2\/users\/81"}],"replies":[{"embeddable":true,"href":"https:\/\/www.welovecycling.com\/sk\/wp-json\/wp\/v2\/comments?post=11642"}],"version-history":[{"count":2,"href":"https:\/\/www.welovecycling.com\/sk\/wp-json\/wp\/v2\/posts\/11642\/revisions"}],"predecessor-version":[{"id":11654,"href":"https:\/\/www.welovecycling.com\/sk\/wp-json\/wp\/v2\/posts\/11642\/revisions\/11654"}],"wp:featuredmedia":[{"embeddable":true,"href":"https:\/\/www.welovecycling.com\/sk\/wp-json\/wp\/v2\/media\/11646"}],"wp:attachment":[{"href":"https:\/\/www.welovecycling.com\/sk\/wp-json\/wp\/v2\/media?parent=11642"}],"wp:term":[{"taxonomy":"category","embeddable":true,"href":"https:\/\/www.welovecycling.com\/sk\/wp-json\/wp\/v2\/categories?post=11642"},{"taxonomy":"post_tag","embeddable":true,"href":"https:\/\/www.welovecycling.com\/sk\/wp-json\/wp\/v2\/tags?post=11642"},{"taxonomy":"global-categories","embeddable":true,"href":"https:\/\/www.welovecycling.com\/sk\/wp-json\/wp\/v2\/global-categories?post=11642"}],"curies":[{"name":"wp","href":"https:\/\/api.w.org\/{rel}","templated":true}]}}